{"id":59036,"date":"2026-02-23T09:45:00","date_gmt":"2026-02-23T09:45:00","guid":{"rendered":"https:\/\/algarve7.pt\/?p=59036"},"modified":"2026-02-23T09:31:36","modified_gmt":"2026-02-23T09:31:36","slug":"8-o-open-internacional-de-tenis-de-vrsa-gauthier-onclin-conquista-14-o-titulo-da-carreira","status":"publish","type":"post","link":"https:\/\/algarve7.pt\/index.php\/2026\/02\/8-o-open-internacional-de-tenis-de-vrsa-gauthier-onclin-conquista-14-o-titulo-da-carreira\/desporto\/09\/45\/","title":{"rendered":"8.\u00ba Open Internacional de T\u00e9nis de VRSA: Gauthier Onclin conquista\u00a014.\u00ba t\u00edtulo da carreira"},"content":{"rendered":"\n<p>Gauthier Onclin foi o grande vencedor do 8.\u00ba Open Internacional de T\u00e9nis de Vila Real de Santo Ant\u00f3nio. Na final deste torneio da categoria M25, dotado com um \u2018prize-money\u2019 total de 30 mil d\u00f3lares (25 mil euros). e pontu\u00e1vel para o ranking mundial, o tenista belga de 24 anos revelou-se demasiado s\u00f3lido para o brit\u00e2nico Lui Maxted e venceu, por 6-3, 6-2.<\/p>\n\n\n\n<p>Embora tenha cedido um break em cada set, Onclin (317.\u00ba) foi mais consistente e agressivo desde o in\u00edcio, at\u00e9 Maxted (454.\u00ba) ceder ao fim de uma hora e 20 minutos.<\/p>\n\n\n\n<p>\u201cA sensa\u00e7\u00e3o \u00e9 \u00f3ptima. O encontro foi muito duro, em especial no in\u00edcio, em que foi muito equilibrado, mas ganhar o primeiro set deu-me muita confian\u00e7a e o segundo set foi ainda melhor. Estou muito contente pela forma como joguei e com o meu primeiro t\u00edtulo do ano. \u00c9 um t\u00edtulo muito importante porque t\u00eam sido dois, tr\u00eas meses duros. Estou muito contente n\u00e3o s\u00f3 pela vit\u00f3ria, mas tamb\u00e9m pela forma como joguei e espero melhorar a partir daqui\u201d, afirmou Onclin, referindo-se ao final de 2025 e in\u00edcio de 2026, em que o belga somou 10 derrotas consecutivas, s\u00e9rie s\u00f3 interrompida em Vila Real de Santo Ant\u00f3nio, com meias-finais na semana passada e, agora, o t\u00edtulo, num total de oito vit\u00f3rias em nove encontros.&nbsp;<\/p>\n\n\n\n<p>Ao contr\u00e1rio da final, o percurso ao longo da semana esteve longe de ser um passeio, com dois sets cedidos, na segunda ronda, diante de Massimo Giunta, e nos quartos-de-final, frente ao algarvio Tiago Pereira.<\/p>\n\n\n\n<p>\u201cNo ano passado, estive entre os 200 primeiros [foi 192.\u00ba em Maio], mas com o ranking que tenho agora foi melhor jogar alguns futures, o que n\u00e3o \u00e9 f\u00e1cil porque, por exemplo. o quadro esta semana era muito forte, mas estou muito confiante e vou dar o meu melhor para continuar assim\u201d, disse ainda Onclin, depois de receber o trof\u00e9u de campe\u00e3o das m\u00e3os de \u00c1lvaro Ara\u00fajo, presidente da C\u00e2mara Municipal de Vila Real de Santo Ant\u00f3nio.<\/p>\n\n\n\n<p>Este \u00e9 o 14,\u00ba t\u00edtulo da carreira de Onclin, primeiro desde Abril do ano passado e segundo no Algarve, ap\u00f3s&nbsp; o de Vale do Lobo, em 2024.<\/p>\n\n\n\n<p>Por seu lado, Liu Maxted sai de Vila Real de Santo Ant\u00f3nio, com dois trof\u00e9us, de vice-campe\u00e3o de singulares \u2013 entregue por Patr\u00edcia Jer\u00f3nimo, vice-presidente da C\u00e2mara Municipal de Vila Real de Santo Ant\u00f3nio \u2013 e de campe\u00e3o de pares, conquistado ao lado do tamb\u00e9m brit\u00e2nico Finn Murgett,&nbsp;<\/p>\n\n\n\n<p>Antes da entrega de pr\u00e9mios propriamente dita, ficou assinalada oficialmente o in\u00edcio da reestrutura\u00e7\u00e3o do Clube de T\u00e9nis de Vila Real de Santo Ant\u00f3nio, que implica a constru\u00e7\u00e3o de mais dois courts de t\u00e9nis, oito de \u2018pickleball\u2019, dois de \u2018beach tennis\u2019, parque infantil e \u2018dog park\u2019, al\u00e9m da remodela\u00e7\u00e3o do \u2018clubhouse\u2019 e cujas obras dever\u00e3o ter in\u00edcio no pr\u00f3ximo m\u00eas. Tamb\u00e9m em Manta Rota ser\u00e1 criado um novo complexo desportivo, com seis courts de padel cobertos, quatro de \u2018pickle ball\u2019 e zona de lazer.<\/p>\n","protected":false},"excerpt":{"rendered":"<p>Gauthier Onclin foi o grande vencedor do 8.\u00ba Open Internacional de T\u00e9nis de Vila Real de Santo Ant\u00f3nio. Na final<\/p>\n","protected":false},"author":1,"featured_media":59037,"comment_status":"closed","ping_status":"closed","sticky":false,"template":"","format":"standard","meta":{"colormag_page_container_layout":"default_layout","colormag_page_sidebar_layout":"default_layout","_monsterinsights_skip_tracking":false,"_monsterinsights_sitenote_active":false,"_monsterinsights_sitenote_note":"","_monsterinsights_sitenote_category":0,"jetpack_post_was_ever_published":false,"_jetpack_newsletter_access":"","_jetpack_dont_email_post_to_subs":false,"_jetpack_newsletter_tier_id":0,"_jetpack_memberships_contains_paywalled_content":false,"_jetpack_memberships_contains_paid_content":false,"footnotes":"","jetpack_publicize_message":"","jetpack_publicize_feature_enabled":true,"jetpack_social_post_already_shared":true,"jetpack_social_options":{"image_generator_settings":{"template":"highway","default_image_id":0,"font":"","enabled":false},"version":2}},"categories":[15],"tags":[36,40,458,123],"class_list":["post-59036","post","type-post","status-publish","format-standard","has-post-thumbnail","hentry","category-desporto","tag-algarve","tag-desporto","tag-tenis-2","tag-vila-real-de-sto-antonio"],"yoast_head":"<!-- This site is optimized with the Yoast SEO plugin v27.5 - https:\/\/yoast.com\/product\/yoast-seo-wordpress\/ -->\n<title>8.\u00ba Open Internacional de T\u00e9nis de VRSA: Gauthier Onclin conquista\u00a014.\u00ba t\u00edtulo da carreira - Algarve 7<\/title>\n<meta name=\"description\" content=\"8.\u00ba Open Internacional de T\u00e9nis de VRSA: Gauthier Onclin conquista\u00a014.\u00ba t\u00edtulo da carreira Desporto\" \/>\n<meta name=\"robots\" content=\"index, follow, max-snippet:-1, max-image-preview:large, max-video-preview:-1\" \/>\n<link rel=\"canonical\" href=\"https:\/\/algarve7.pt\/index.php\/2026\/02\/8-o-open-internacional-de-tenis-de-vrsa-gauthier-onclin-conquista-14-o-titulo-da-carreira\/desporto\/09\/45\/\" \/>\n<meta property=\"og:locale\" content=\"pt_PT\" \/>\n<meta property=\"og:type\" content=\"article\" \/>\n<meta property=\"og:title\" content=\"8.\u00ba Open Internacional de T\u00e9nis de VRSA: Gauthier Onclin conquista\u00a014.\u00ba t\u00edtulo da carreira - Algarve 7\" \/>\n<meta property=\"og:description\" content=\"8.\u00ba Open Internacional de T\u00e9nis de VRSA: Gauthier Onclin conquista\u00a014.\u00ba t\u00edtulo da carreira Desporto\" \/>\n<meta property=\"og:url\" content=\"https:\/\/algarve7.pt\/index.php\/2026\/02\/8-o-open-internacional-de-tenis-de-vrsa-gauthier-onclin-conquista-14-o-titulo-da-carreira\/desporto\/09\/45\/\" \/>\n<meta property=\"og:site_name\" content=\"Algarve 7\" \/>\n<meta property=\"article:publisher\" content=\"https:\/\/www.facebook.com\/algarve7\" \/>\n<meta property=\"article:author\" content=\"https:\/\/www.facebook.com\/algarve7\" \/>\n<meta property=\"article:published_time\" content=\"2026-02-23T09:45:00+00:00\" \/>\n<meta property=\"og:image\" content=\"https:\/\/algarve7.pt\/wp-content\/uploads\/2026\/02\/Lui-Maxted-Patricia-Jeronimo-Al-varo-Araujo-e-Gauthier-Onclin.jpg\" \/>\n\t<meta property=\"og:image:width\" content=\"800\" \/>\n\t<meta property=\"og:image:height\" content=\"500\" \/>\n\t<meta property=\"og:image:type\" content=\"image\/jpeg\" \/>\n<meta name=\"author\" content=\"Algarve 7\" \/>\n<meta name=\"twitter:card\" content=\"summary_large_image\" \/>\n<meta name=\"twitter:creator\" content=\"@Algarvesete\" \/>\n<meta name=\"twitter:site\" content=\"@Algarvesete\" \/>\n<meta name=\"twitter:label1\" content=\"Escrito por\" \/>\n\t<meta name=\"twitter:data1\" content=\"Algarve 7\" \/>\n\t<meta name=\"twitter:label2\" content=\"Tempo estimado de leitura\" \/>\n\t<meta name=\"twitter:data2\" content=\"3 minutos\" \/>\n<script type=\"application\/ld+json\" class=\"yoast-schema-graph\">{\"@context\":\"https:\\\/\\\/schema.org\",\"@graph\":[{\"@type\":\"Article\",\"@id\":\"https:\\\/\\\/algarve7.pt\\\/index.php\\\/2026\\\/02\\\/8-o-open-internacional-de-tenis-de-vrsa-gauthier-onclin-conquista-14-o-titulo-da-carreira\\\/desporto\\\/09\\\/45\\\/#article\",\"isPartOf\":{\"@id\":\"https:\\\/\\\/algarve7.pt\\\/index.php\\\/2026\\\/02\\\/8-o-open-internacional-de-tenis-de-vrsa-gauthier-onclin-conquista-14-o-titulo-da-carreira\\\/desporto\\\/09\\\/45\\\/\"},\"author\":{\"name\":\"Algarve 7\",\"@id\":\"https:\\\/\\\/algarve7.pt\\\/#\\\/schema\\\/person\\\/23fa70681308e7b319a3204bcea45e0c\"},\"headline\":\"8.\u00ba Open Internacional de T\u00e9nis de VRSA: Gauthier Onclin conquista\u00a014.\u00ba t\u00edtulo da carreira\",\"datePublished\":\"2026-02-23T09:45:00+00:00\",\"mainEntityOfPage\":{\"@id\":\"https:\\\/\\\/algarve7.pt\\\/index.php\\\/2026\\\/02\\\/8-o-open-internacional-de-tenis-de-vrsa-gauthier-onclin-conquista-14-o-titulo-da-carreira\\\/desporto\\\/09\\\/45\\\/\"},\"wordCount\":541,\"publisher\":{\"@id\":\"https:\\\/\\\/algarve7.pt\\\/#organization\"},\"image\":{\"@id\":\"https:\\\/\\\/algarve7.pt\\\/index.php\\\/2026\\\/02\\\/8-o-open-internacional-de-tenis-de-vrsa-gauthier-onclin-conquista-14-o-titulo-da-carreira\\\/desporto\\\/09\\\/45\\\/#primaryimage\"},\"thumbnailUrl\":\"https:\\\/\\\/algarve7.pt\\\/wp-content\\\/uploads\\\/2026\\\/02\\\/Lui-Maxted-Patricia-Jeronimo-Al-varo-Araujo-e-Gauthier-Onclin.jpg\",\"keywords\":[\"Algarve\",\"Desporto\",\"Tenis\",\"Vila Real de St\u00ba Ant\u00f3nio\"],\"articleSection\":[\"Desporto\"],\"inLanguage\":\"pt-PT\"},{\"@type\":\"WebPage\",\"@id\":\"https:\\\/\\\/algarve7.pt\\\/index.php\\\/2026\\\/02\\\/8-o-open-internacional-de-tenis-de-vrsa-gauthier-onclin-conquista-14-o-titulo-da-carreira\\\/desporto\\\/09\\\/45\\\/\",\"url\":\"https:\\\/\\\/algarve7.pt\\\/index.php\\\/2026\\\/02\\\/8-o-open-internacional-de-tenis-de-vrsa-gauthier-onclin-conquista-14-o-titulo-da-carreira\\\/desporto\\\/09\\\/45\\\/\",\"name\":\"8.\u00ba Open Internacional de T\u00e9nis de VRSA: Gauthier Onclin conquista\u00a014.\u00ba t\u00edtulo da carreira - Algarve 7\",\"isPartOf\":{\"@id\":\"https:\\\/\\\/algarve7.pt\\\/#website\"},\"primaryImageOfPage\":{\"@id\":\"https:\\\/\\\/algarve7.pt\\\/index.php\\\/2026\\\/02\\\/8-o-open-internacional-de-tenis-de-vrsa-gauthier-onclin-conquista-14-o-titulo-da-carreira\\\/desporto\\\/09\\\/45\\\/#primaryimage\"},\"image\":{\"@id\":\"https:\\\/\\\/algarve7.pt\\\/index.php\\\/2026\\\/02\\\/8-o-open-internacional-de-tenis-de-vrsa-gauthier-onclin-conquista-14-o-titulo-da-carreira\\\/desporto\\\/09\\\/45\\\/#primaryimage\"},\"thumbnailUrl\":\"https:\\\/\\\/algarve7.pt\\\/wp-content\\\/uploads\\\/2026\\\/02\\\/Lui-Maxted-Patricia-Jeronimo-Al-varo-Araujo-e-Gauthier-Onclin.jpg\",\"datePublished\":\"2026-02-23T09:45:00+00:00\",\"description\":\"8.\u00ba Open Internacional de T\u00e9nis de VRSA: Gauthier Onclin conquista\u00a014.\u00ba t\u00edtulo da carreira Desporto\",\"breadcrumb\":{\"@id\":\"https:\\\/\\\/algarve7.pt\\\/index.php\\\/2026\\\/02\\\/8-o-open-internacional-de-tenis-de-vrsa-gauthier-onclin-conquista-14-o-titulo-da-carreira\\\/desporto\\\/09\\\/45\\\/#breadcrumb\"},\"inLanguage\":\"pt-PT\",\"potentialAction\":[{\"@type\":\"ReadAction\",\"target\":[\"https:\\\/\\\/algarve7.pt\\\/index.php\\\/2026\\\/02\\\/8-o-open-internacional-de-tenis-de-vrsa-gauthier-onclin-conquista-14-o-titulo-da-carreira\\\/desporto\\\/09\\\/45\\\/\"]}]},{\"@type\":\"ImageObject\",\"inLanguage\":\"pt-PT\",\"@id\":\"https:\\\/\\\/algarve7.pt\\\/index.php\\\/2026\\\/02\\\/8-o-open-internacional-de-tenis-de-vrsa-gauthier-onclin-conquista-14-o-titulo-da-carreira\\\/desporto\\\/09\\\/45\\\/#primaryimage\",\"url\":\"https:\\\/\\\/algarve7.pt\\\/wp-content\\\/uploads\\\/2026\\\/02\\\/Lui-Maxted-Patricia-Jeronimo-Al-varo-Araujo-e-Gauthier-Onclin.jpg\",\"contentUrl\":\"https:\\\/\\\/algarve7.pt\\\/wp-content\\\/uploads\\\/2026\\\/02\\\/Lui-Maxted-Patricia-Jeronimo-Al-varo-Araujo-e-Gauthier-Onclin.jpg\",\"width\":800,\"height\":500},{\"@type\":\"BreadcrumbList\",\"@id\":\"https:\\\/\\\/algarve7.pt\\\/index.php\\\/2026\\\/02\\\/8-o-open-internacional-de-tenis-de-vrsa-gauthier-onclin-conquista-14-o-titulo-da-carreira\\\/desporto\\\/09\\\/45\\\/#breadcrumb\",\"itemListElement\":[{\"@type\":\"ListItem\",\"position\":1,\"name\":\"In\u00edcio\",\"item\":\"https:\\\/\\\/algarve7.pt\\\/\"},{\"@type\":\"ListItem\",\"position\":2,\"name\":\"8.\u00ba Open Internacional de T\u00e9nis de VRSA: Gauthier Onclin conquista\u00a014.\u00ba t\u00edtulo da carreira\"}]},{\"@type\":\"WebSite\",\"@id\":\"https:\\\/\\\/algarve7.pt\\\/#website\",\"url\":\"https:\\\/\\\/algarve7.pt\\\/\",\"name\":\"Algarve 7\",\"description\":\"Informa\u00e7\u00e3o sobre o Algarve\",\"publisher\":{\"@id\":\"https:\\\/\\\/algarve7.pt\\\/#organization\"},\"potentialAction\":[{\"@type\":\"SearchAction\",\"target\":{\"@type\":\"EntryPoint\",\"urlTemplate\":\"https:\\\/\\\/algarve7.pt\\\/?s={search_term_string}\"},\"query-input\":{\"@type\":\"PropertyValueSpecification\",\"valueRequired\":true,\"valueName\":\"search_term_string\"}}],\"inLanguage\":\"pt-PT\"},{\"@type\":\"Organization\",\"@id\":\"https:\\\/\\\/algarve7.pt\\\/#organization\",\"name\":\"Algarve 7\",\"url\":\"https:\\\/\\\/algarve7.pt\\\/\",\"logo\":{\"@type\":\"ImageObject\",\"inLanguage\":\"pt-PT\",\"@id\":\"https:\\\/\\\/algarve7.pt\\\/#\\\/schema\\\/logo\\\/image\\\/\",\"url\":\"https:\\\/\\\/algarve7.pt\\\/wp-content\\\/uploads\\\/2020\\\/10\\\/Logo-8.jpg\",\"contentUrl\":\"https:\\\/\\\/algarve7.pt\\\/wp-content\\\/uploads\\\/2020\\\/10\\\/Logo-8.jpg\",\"width\":1680,\"height\":1186,\"caption\":\"Algarve 7\"},\"image\":{\"@id\":\"https:\\\/\\\/algarve7.pt\\\/#\\\/schema\\\/logo\\\/image\\\/\"},\"sameAs\":[\"https:\\\/\\\/www.facebook.com\\\/algarve7\",\"https:\\\/\\\/x.com\\\/Algarvesete\",\"https:\\\/\\\/www.instagram.com\\\/jornalalgarve7\\\/\",\"https:\\\/\\\/www.linkedin.com\\\/company\\\/algarve7\",\"https:\\\/\\\/www.pinterest.pt\\\/geral0939\\\/_created\\\/\"]},{\"@type\":\"Person\",\"@id\":\"https:\\\/\\\/algarve7.pt\\\/#\\\/schema\\\/person\\\/23fa70681308e7b319a3204bcea45e0c\",\"name\":\"Algarve 7\",\"sameAs\":[\"https:\\\/\\\/algarve7.pt\",\"https:\\\/\\\/www.facebook.com\\\/algarve7\"],\"url\":\"https:\\\/\\\/algarve7.pt\\\/index.php\\\/author\\\/geralalgarve7-pt\\\/\"}]}<\/script>\n<!-- \/ Yoast SEO plugin. -->","yoast_head_json":{"title":"8.\u00ba Open Internacional de T\u00e9nis de VRSA: Gauthier Onclin conquista\u00a014.\u00ba t\u00edtulo da carreira - Algarve 7","description":"8.\u00ba Open Internacional de T\u00e9nis de VRSA: Gauthier Onclin conquista\u00a014.\u00ba t\u00edtulo da carreira Desporto","robots":{"index":"index","follow":"follow","max-snippet":"max-snippet:-1","max-image-preview":"max-image-preview:large","max-video-preview":"max-video-preview:-1"},"canonical":"https:\/\/algarve7.pt\/index.php\/2026\/02\/8-o-open-internacional-de-tenis-de-vrsa-gauthier-onclin-conquista-14-o-titulo-da-carreira\/desporto\/09\/45\/","og_locale":"pt_PT","og_type":"article","og_title":"8.\u00ba Open Internacional de T\u00e9nis de VRSA: Gauthier Onclin conquista\u00a014.\u00ba t\u00edtulo da carreira - Algarve 7","og_description":"8.\u00ba Open Internacional de T\u00e9nis de VRSA: Gauthier Onclin conquista\u00a014.\u00ba t\u00edtulo da carreira Desporto","og_url":"https:\/\/algarve7.pt\/index.php\/2026\/02\/8-o-open-internacional-de-tenis-de-vrsa-gauthier-onclin-conquista-14-o-titulo-da-carreira\/desporto\/09\/45\/","og_site_name":"Algarve 7","article_publisher":"https:\/\/www.facebook.com\/algarve7","article_author":"https:\/\/www.facebook.com\/algarve7","article_published_time":"2026-02-23T09:45:00+00:00","og_image":[{"width":800,"height":500,"url":"https:\/\/algarve7.pt\/wp-content\/uploads\/2026\/02\/Lui-Maxted-Patricia-Jeronimo-Al-varo-Araujo-e-Gauthier-Onclin.jpg","type":"image\/jpeg"}],"author":"Algarve 7","twitter_card":"summary_large_image","twitter_creator":"@Algarvesete","twitter_site":"@Algarvesete","twitter_misc":{"Escrito por":"Algarve 7","Tempo estimado de leitura":"3 minutos"},"schema":{"@context":"https:\/\/schema.org","@graph":[{"@type":"Article","@id":"https:\/\/algarve7.pt\/index.php\/2026\/02\/8-o-open-internacional-de-tenis-de-vrsa-gauthier-onclin-conquista-14-o-titulo-da-carreira\/desporto\/09\/45\/#article","isPartOf":{"@id":"https:\/\/algarve7.pt\/index.php\/2026\/02\/8-o-open-internacional-de-tenis-de-vrsa-gauthier-onclin-conquista-14-o-titulo-da-carreira\/desporto\/09\/45\/"},"author":{"name":"Algarve 7","@id":"https:\/\/algarve7.pt\/#\/schema\/person\/23fa70681308e7b319a3204bcea45e0c"},"headline":"8.\u00ba Open Internacional de T\u00e9nis de VRSA: Gauthier Onclin conquista\u00a014.\u00ba t\u00edtulo da carreira","datePublished":"2026-02-23T09:45:00+00:00","mainEntityOfPage":{"@id":"https:\/\/algarve7.pt\/index.php\/2026\/02\/8-o-open-internacional-de-tenis-de-vrsa-gauthier-onclin-conquista-14-o-titulo-da-carreira\/desporto\/09\/45\/"},"wordCount":541,"publisher":{"@id":"https:\/\/algarve7.pt\/#organization"},"image":{"@id":"https:\/\/algarve7.pt\/index.php\/2026\/02\/8-o-open-internacional-de-tenis-de-vrsa-gauthier-onclin-conquista-14-o-titulo-da-carreira\/desporto\/09\/45\/#primaryimage"},"thumbnailUrl":"https:\/\/algarve7.pt\/wp-content\/uploads\/2026\/02\/Lui-Maxted-Patricia-Jeronimo-Al-varo-Araujo-e-Gauthier-Onclin.jpg","keywords":["Algarve","Desporto","Tenis","Vila Real de St\u00ba Ant\u00f3nio"],"articleSection":["Desporto"],"inLanguage":"pt-PT"},{"@type":"WebPage","@id":"https:\/\/algarve7.pt\/index.php\/2026\/02\/8-o-open-internacional-de-tenis-de-vrsa-gauthier-onclin-conquista-14-o-titulo-da-carreira\/desporto\/09\/45\/","url":"https:\/\/algarve7.pt\/index.php\/2026\/02\/8-o-open-internacional-de-tenis-de-vrsa-gauthier-onclin-conquista-14-o-titulo-da-carreira\/desporto\/09\/45\/","name":"8.\u00ba Open Internacional de T\u00e9nis de VRSA: Gauthier Onclin conquista\u00a014.\u00ba t\u00edtulo da carreira - Algarve 7","isPartOf":{"@id":"https:\/\/algarve7.pt\/#website"},"primaryImageOfPage":{"@id":"https:\/\/algarve7.pt\/index.php\/2026\/02\/8-o-open-internacional-de-tenis-de-vrsa-gauthier-onclin-conquista-14-o-titulo-da-carreira\/desporto\/09\/45\/#primaryimage"},"image":{"@id":"https:\/\/algarve7.pt\/index.php\/2026\/02\/8-o-open-internacional-de-tenis-de-vrsa-gauthier-onclin-conquista-14-o-titulo-da-carreira\/desporto\/09\/45\/#primaryimage"},"thumbnailUrl":"https:\/\/algarve7.pt\/wp-content\/uploads\/2026\/02\/Lui-Maxted-Patricia-Jeronimo-Al-varo-Araujo-e-Gauthier-Onclin.jpg","datePublished":"2026-02-23T09:45:00+00:00","description":"8.\u00ba Open Internacional de T\u00e9nis de VRSA: Gauthier Onclin conquista\u00a014.\u00ba t\u00edtulo da carreira Desporto","breadcrumb":{"@id":"https:\/\/algarve7.pt\/index.php\/2026\/02\/8-o-open-internacional-de-tenis-de-vrsa-gauthier-onclin-conquista-14-o-titulo-da-carreira\/desporto\/09\/45\/#breadcrumb"},"inLanguage":"pt-PT","potentialAction":[{"@type":"ReadAction","target":["https:\/\/algarve7.pt\/index.php\/2026\/02\/8-o-open-internacional-de-tenis-de-vrsa-gauthier-onclin-conquista-14-o-titulo-da-carreira\/desporto\/09\/45\/"]}]},{"@type":"ImageObject","inLanguage":"pt-PT","@id":"https:\/\/algarve7.pt\/index.php\/2026\/02\/8-o-open-internacional-de-tenis-de-vrsa-gauthier-onclin-conquista-14-o-titulo-da-carreira\/desporto\/09\/45\/#primaryimage","url":"https:\/\/algarve7.pt\/wp-content\/uploads\/2026\/02\/Lui-Maxted-Patricia-Jeronimo-Al-varo-Araujo-e-Gauthier-Onclin.jpg","contentUrl":"https:\/\/algarve7.pt\/wp-content\/uploads\/2026\/02\/Lui-Maxted-Patricia-Jeronimo-Al-varo-Araujo-e-Gauthier-Onclin.jpg","width":800,"height":500},{"@type":"BreadcrumbList","@id":"https:\/\/algarve7.pt\/index.php\/2026\/02\/8-o-open-internacional-de-tenis-de-vrsa-gauthier-onclin-conquista-14-o-titulo-da-carreira\/desporto\/09\/45\/#breadcrumb","itemListElement":[{"@type":"ListItem","position":1,"name":"In\u00edcio","item":"https:\/\/algarve7.pt\/"},{"@type":"ListItem","position":2,"name":"8.\u00ba Open Internacional de T\u00e9nis de VRSA: Gauthier Onclin conquista\u00a014.\u00ba t\u00edtulo da carreira"}]},{"@type":"WebSite","@id":"https:\/\/algarve7.pt\/#website","url":"https:\/\/algarve7.pt\/","name":"Algarve 7","description":"Informa\u00e7\u00e3o sobre o Algarve","publisher":{"@id":"https:\/\/algarve7.pt\/#organization"},"potentialAction":[{"@type":"SearchAction","target":{"@type":"EntryPoint","urlTemplate":"https:\/\/algarve7.pt\/?s={search_term_string}"},"query-input":{"@type":"PropertyValueSpecification","valueRequired":true,"valueName":"search_term_string"}}],"inLanguage":"pt-PT"},{"@type":"Organization","@id":"https:\/\/algarve7.pt\/#organization","name":"Algarve 7","url":"https:\/\/algarve7.pt\/","logo":{"@type":"ImageObject","inLanguage":"pt-PT","@id":"https:\/\/algarve7.pt\/#\/schema\/logo\/image\/","url":"https:\/\/algarve7.pt\/wp-content\/uploads\/2020\/10\/Logo-8.jpg","contentUrl":"https:\/\/algarve7.pt\/wp-content\/uploads\/2020\/10\/Logo-8.jpg","width":1680,"height":1186,"caption":"Algarve 7"},"image":{"@id":"https:\/\/algarve7.pt\/#\/schema\/logo\/image\/"},"sameAs":["https:\/\/www.facebook.com\/algarve7","https:\/\/x.com\/Algarvesete","https:\/\/www.instagram.com\/jornalalgarve7\/","https:\/\/www.linkedin.com\/company\/algarve7","https:\/\/www.pinterest.pt\/geral0939\/_created\/"]},{"@type":"Person","@id":"https:\/\/algarve7.pt\/#\/schema\/person\/23fa70681308e7b319a3204bcea45e0c","name":"Algarve 7","sameAs":["https:\/\/algarve7.pt","https:\/\/www.facebook.com\/algarve7"],"url":"https:\/\/algarve7.pt\/index.php\/author\/geralalgarve7-pt\/"}]}},"jetpack_publicize_connections":[],"jetpack_featured_media_url":"https:\/\/algarve7.pt\/wp-content\/uploads\/2026\/02\/Lui-Maxted-Patricia-Jeronimo-Al-varo-Araujo-e-Gauthier-Onclin.jpg","jetpack_shortlink":"https:\/\/wp.me\/pcezmW-fmc","jetpack_sharing_enabled":true,"_links":{"self":[{"href":"https:\/\/algarve7.pt\/index.php\/wp-json\/wp\/v2\/posts\/59036","targetHints":{"allow":["GET"]}}],"collection":[{"href":"https:\/\/algarve7.pt\/index.php\/wp-json\/wp\/v2\/posts"}],"about":[{"href":"https:\/\/algarve7.pt\/index.php\/wp-json\/wp\/v2\/types\/post"}],"author":[{"embeddable":true,"href":"https:\/\/algarve7.pt\/index.php\/wp-json\/wp\/v2\/users\/1"}],"replies":[{"embeddable":true,"href":"https:\/\/algarve7.pt\/index.php\/wp-json\/wp\/v2\/comments?post=59036"}],"version-history":[{"count":0,"href":"https:\/\/algarve7.pt\/index.php\/wp-json\/wp\/v2\/posts\/59036\/revisions"}],"wp:featuredmedia":[{"embeddable":true,"href":"https:\/\/algarve7.pt\/index.php\/wp-json\/wp\/v2\/media\/59037"}],"wp:attachment":[{"href":"https:\/\/algarve7.pt\/index.php\/wp-json\/wp\/v2\/media?parent=59036"}],"wp:term":[{"taxonomy":"category","embeddable":true,"href":"https:\/\/algarve7.pt\/index.php\/wp-json\/wp\/v2\/categories?post=59036"},{"taxonomy":"post_tag","embeddable":true,"href":"https:\/\/algarve7.pt\/index.php\/wp-json\/wp\/v2\/tags?post=59036"}],"curies":[{"name":"wp","href":"https:\/\/api.w.org\/{rel}","templated":true}]}}