{"id":58887,"date":"2026-02-19T07:30:00","date_gmt":"2026-02-19T07:30:00","guid":{"rendered":"https:\/\/algarve7.pt\/?p=58887"},"modified":"2026-02-18T20:45:35","modified_gmt":"2026-02-18T20:45:35","slug":"xl-games-abrem-28a-edicao-do-marco-jovem-no-portimao-arena","status":"publish","type":"post","link":"https:\/\/algarve7.pt\/index.php\/2026\/02\/xl-games-abrem-28a-edicao-do-marco-jovem-no-portimao-arena\/atualidade\/07\/30\/","title":{"rendered":"XL Games abrem 28\u00aa edi\u00e7\u00e3o do Mar\u00e7o Jovem no Portim\u00e3o Arena"},"content":{"rendered":"\n<p>\u00c9 com o XL Games, o maior evento dedicado aos videojogos e esports realizado em Portugal, a decorrer no Portim\u00e3o Arena entre 27 de fevereiro e 1 de mar\u00e7o, que o Munic\u00edpio de Portim\u00e3o marca o arranque da 28\u00aa edi\u00e7\u00e3o do Mar\u00e7o Jovem.<\/p>\n\n\n\n<p>A cerim\u00f3nia oficial de abertura do Mar\u00e7o Jovem est\u00e1 marcada para o s\u00e1bado, dia 28, \u00e0s 15h00, no segundo dia do XL Games, \u00e9 marca o ponto de partida para um m\u00eas dedicado inteiramente \u00e0 juventude.<\/p>\n\n\n\n<p>S\u00e3o, ali\u00e1s, os jovens que comp\u00f5em a maioria do p\u00fablico-alvo deste evento que tem vindo a ganhar dimens\u00e3o, mas haver\u00e1 propostas para todas as idades num extenso recinto, onde n\u00e3o faltar\u00e3o muitas atividades, incluindo o servi\u00e7o educativo, mas tamb\u00e9m as \u00e1reas free to play.<\/p>\n\n\n\n<p>\u00c0 semelhan\u00e7a de edi\u00e7\u00f5es anteriores, o XL Games ser\u00e3o tr\u00eas dias, nos quais os visitantes s\u00e3o convidados a embarcar numa viagem imersiva ao universo dos videojogos, desde os prim\u00f3rdios \u00e0s principais inova\u00e7\u00f5es, sem esquecer a antevis\u00e3o sobre o que o futuro reserva para a ind\u00fastria.<\/p>\n\n\n\n<p>Realidade virtual, esports, evolu\u00e7\u00f5es t\u00e9cnicas dos videojogos e experi\u00eancias que demonstram a forma como os videojogos t\u00eam vindo a proporcionar a abertura de fronteiras criativas e do entretenimento a todas as faixas et\u00e1rias s\u00e3o apenas alguns dos atrativos do XL Games 2026.<\/p>\n\n\n\n<p>Ali\u00e1s, para os amantes de esports, o recinto do Portim\u00e3o Arena transforma-se, a partir de dia 27 de fevereiro, no verdadeiro palco das grandes competi\u00e7\u00f5es, proporcionando aos visitantes a oportunidade de competir, entre si, em diferentes torneios tais como Counter Strike, EA FC 24, Fortnite e Call of Dutty Black Ops 7, habilitando-se a v\u00e1rios pr\u00e9mios.<\/p>\n\n\n\n<p>O convite \u00e0 participa\u00e7\u00e3o n\u00e3o passa apenas por jogar pois, o XL Games 2026 conta ainda com uma componente de Servi\u00e7o Educativo, com a forma\u00e7\u00e3o \u201cEducar bit a bit\u201d, na sexta-feira, dia 27 de fevereiro, \u00e0s 11h00.<\/p>\n\n\n\n<p>Artur Filipe, ilustrador de videojogos, professor e tutor da Etic Algarve, vai explicar como s\u00e3o formados os futuros profissionais no processo de constru\u00e7\u00e3o de um jogo de v\u00eddeo, passo a passo.&nbsp;<\/p>\n\n\n\n<p>Esta \u00e9 uma a\u00e7\u00e3o importante que mostra a necessidade que esta ind\u00fastria, uma das mais rent\u00e1veis do mundo, sentiu em formar profissionais especializados, quando, at\u00e9 recentemente, era composto por profissionais de \u00e1reas distintas como o design, a arquitetura, a engenharia inform\u00e1tica, para al\u00e9m de muitos autodidatas. Gratuita e sem necessidade de efetuar inscri\u00e7\u00e3o pr\u00e9via, esta forma\u00e7\u00e3o decorrer\u00e1 no palco principal, e ter\u00e1 uma dura\u00e7\u00e3o de aproximadamente 45 minutos.&nbsp;<\/p>\n\n\n\n<p>No programa destaca-se ainda a presen\u00e7a de influenciadores, no palco principal, no s\u00e1bado, \u00e0s 15h00, com Ric Fazeres, e no domingo, no mesmo hor\u00e1rio, com D4rkFrame, Ana Bastos, Possessivo e Sandro Ramires.<\/p>\n\n\n\n<p>Organizados pela E2Tech em parceria com a C\u00e2mara Municipal de Portim\u00e3o, os XL<\/p>\n\n\n\n<p>Games 2026 t\u00eam entrada livre e funcionar\u00e3o, nos tr\u00eas dias, das 10h00 \u00e0s 19h00.&nbsp;<\/p>\n\n\n\n<p>O programa completo e outras informa\u00e7\u00f5es adicionais est\u00e3o dispon\u00edveis para consulta em&nbsp;<a href=\"https:\/\/xlgames.pt\/\">https:\/\/xlgames.pt\/<\/a><\/p>\n\n\n\n<p><strong>PROGRAMA:<\/strong><\/p>\n\n\n\n<p><strong>27 de fevereiro a 1 de mar\u00e7o<\/strong><\/p>\n\n\n\n<p>Atividades e \u00e1reas free to play nos espa\u00e7os Monster Energy, CS:GO Arena, Fortnite Arena by Insys, Virtual Reality, Asus, Racing Simulators, Moto Trainer (Simuladores Motas), &#8220;Est\u00e1dio&#8221; EA FC, Sal\u00e3o de Jogos (Arcades, Pinball), Nintendo, Espa\u00e7o Fam\u00edlia\/Videojogos (consolas, computadores e lounge) e lojas merchandising.<\/p>\n\n\n\n<p><strong>Sexta-feira, 27 de fevereiro<\/strong><\/p>\n\n\n\n<p><strong>Palco Principal<\/strong><\/p>\n\n\n\n<p>11:00 &#8211; Servi\u00e7o Educativo by ETIC &#8211; &#8220;Aprender bit a bit&#8221;<\/p>\n\n\n\n<p>14:00 &#8211; Just Dance<\/p>\n\n\n\n<p><strong>S\u00e1bado, 28 de fevereiro<\/strong><\/p>\n\n\n\n<p><strong>Palco Principal<\/strong><\/p>\n\n\n\n<p>11:30 &#8211; 1a meia-final ESC Online Master League Portugal by Agon<\/p>\n\n\n\n<p>16:00 &#8211; 2a meia-final ESC Online Master League Portugal by Agon<\/p>\n\n\n\n<p><strong>&#8220;Est\u00e1dio&#8221; EA FC<\/strong><\/p>\n\n\n\n<p>13:45 &#8211; Torneio EAFC 26 (inscri\u00e7\u00e3o gratuita durante o evento)<\/p>\n\n\n\n<p><strong>CS:GO Arena<\/strong><\/p>\n\n\n\n<p>14:00 &#8211; Torneio Counter-Strike 2 (inscri\u00e7\u00e3o gratuita durante o evento)<\/p>\n\n\n\n<p><strong>Fortnite Arena by Insys<\/strong><\/p>\n\n\n\n<p>14:15 &#8211; Torneio Fortnite (inscri\u00e7\u00e3o gratuita durante o evento)<\/p>\n\n\n\n<p><strong>Espa\u00e7o Monster Energy<\/strong><\/p>\n\n\n\n<p>14:30 &#8211; Torneio Call of Dutty: Black Ops (inscri\u00e7\u00e3o gratuita durante o evento)<\/p>\n\n\n\n<p><strong>Influenciadores<\/strong><\/p>\n\n\n\n<p>15:00 &#8211; Presen\u00e7a Ric Fazeres<\/p>\n\n\n\n<p><strong>Domingo, 1 de mar\u00e7o<\/strong><\/p>\n\n\n\n<p><strong>Palco Principal<\/strong><\/p>\n\n\n\n<p>10:30 &#8211; Just Dance<\/p>\n\n\n\n<p>14:00 &#8211; Final ESC Online Master League Portugal by Agon<\/p>\n\n\n\n<p><strong>&#8220;Est\u00e1dio&#8221; EA FC<\/strong><\/p>\n\n\n\n<p>13:45 &#8211; Torneio EAFC 26 (inscri\u00e7\u00e3o gratuita durante o evento)<\/p>\n\n\n\n<p><strong>CS:GO Arena<\/strong><\/p>\n\n\n\n<p>14:00 &#8211; Torneio Counter-Strike 2 (inscri\u00e7\u00e3o gratuita durante o evento)<\/p>\n\n\n\n<p><strong>Fortnite Arena by Insys<\/strong><\/p>\n\n\n\n<p>14:15 &#8211; Torneio Fortnite (inscri\u00e7\u00e3o gratuita durante o evento)<\/p>\n\n\n\n<p><strong>Espa\u00e7o Monster Energy<\/strong><\/p>\n\n\n\n<p>14:30 &#8211; Torneio Call of Dutty: Black Ops (inscri\u00e7\u00e3o gratuita durante o evento)<\/p>\n\n\n\n<p><strong>Influenciadores<\/strong><\/p>\n\n\n\n<p>15:00 &#8211; Presen\u00e7a D4rkFrame, Ana Bastos, Possessivo e Sandro Ramires<\/p>\n","protected":false},"excerpt":{"rendered":"<p>\u00c9 com o XL Games, o maior evento dedicado aos videojogos e esports realizado em Portugal, a decorrer no Portim\u00e3o<\/p>\n","protected":false},"author":1,"featured_media":58888,"comment_status":"closed","ping_status":"closed","sticky":false,"template":"","format":"standard","meta":{"colormag_page_container_layout":"default_layout","colormag_page_sidebar_layout":"default_layout","_monsterinsights_skip_tracking":false,"_monsterinsights_sitenote_active":false,"_monsterinsights_sitenote_note":"","_monsterinsights_sitenote_category":0,"jetpack_post_was_ever_published":false,"_jetpack_newsletter_access":"","_jetpack_dont_email_post_to_subs":false,"_jetpack_newsletter_tier_id":0,"_jetpack_memberships_contains_paywalled_content":false,"_jetpack_memberships_contains_paid_content":false,"footnotes":"","jetpack_publicize_message":"","jetpack_publicize_feature_enabled":true,"jetpack_social_post_already_shared":true,"jetpack_social_options":{"image_generator_settings":{"template":"highway","default_image_id":0,"font":"","enabled":false},"version":2}},"categories":[11],"tags":[36,62,72],"class_list":["post-58887","post","type-post","status-publish","format-standard","has-post-thumbnail","hentry","category-atualidade","tag-algarve","tag-atualidade","tag-portimao"],"yoast_head":"<!-- This site is optimized with the Yoast SEO plugin v27.5 - https:\/\/yoast.com\/product\/yoast-seo-wordpress\/ -->\n<title>XL Games abrem 28\u00aa edi\u00e7\u00e3o do Mar\u00e7o Jovem no Portim\u00e3o Arena - Algarve 7<\/title>\n<meta name=\"description\" content=\"XL Games abrem 28\u00aa edi\u00e7\u00e3o do Mar\u00e7o Jovem no Portim\u00e3o Arena Atualidade\" \/>\n<meta name=\"robots\" content=\"index, follow, max-snippet:-1, max-image-preview:large, max-video-preview:-1\" \/>\n<link rel=\"canonical\" href=\"https:\/\/algarve7.pt\/index.php\/2026\/02\/xl-games-abrem-28a-edicao-do-marco-jovem-no-portimao-arena\/atualidade\/07\/30\/\" \/>\n<meta property=\"og:locale\" content=\"pt_PT\" \/>\n<meta property=\"og:type\" content=\"article\" \/>\n<meta property=\"og:title\" content=\"XL Games abrem 28\u00aa edi\u00e7\u00e3o do Mar\u00e7o Jovem no Portim\u00e3o Arena - Algarve 7\" \/>\n<meta property=\"og:description\" content=\"XL Games abrem 28\u00aa edi\u00e7\u00e3o do Mar\u00e7o Jovem no Portim\u00e3o Arena Atualidade\" \/>\n<meta property=\"og:url\" content=\"https:\/\/algarve7.pt\/index.php\/2026\/02\/xl-games-abrem-28a-edicao-do-marco-jovem-no-portimao-arena\/atualidade\/07\/30\/\" \/>\n<meta property=\"og:site_name\" content=\"Algarve 7\" \/>\n<meta property=\"article:publisher\" content=\"https:\/\/www.facebook.com\/algarve7\" \/>\n<meta property=\"article:author\" content=\"https:\/\/www.facebook.com\/algarve7\" \/>\n<meta property=\"article:published_time\" content=\"2026-02-19T07:30:00+00:00\" \/>\n<meta property=\"og:image\" content=\"https:\/\/algarve7.pt\/wp-content\/uploads\/2026\/02\/IMG_4055.jpg\" \/>\n\t<meta property=\"og:image:width\" content=\"800\" \/>\n\t<meta property=\"og:image:height\" content=\"500\" \/>\n\t<meta property=\"og:image:type\" content=\"image\/jpeg\" \/>\n<meta name=\"author\" content=\"Algarve 7\" \/>\n<meta name=\"twitter:card\" content=\"summary_large_image\" \/>\n<meta name=\"twitter:creator\" content=\"@Algarvesete\" \/>\n<meta name=\"twitter:site\" content=\"@Algarvesete\" \/>\n<meta name=\"twitter:label1\" content=\"Escrito por\" \/>\n\t<meta name=\"twitter:data1\" content=\"Algarve 7\" \/>\n\t<meta name=\"twitter:label2\" content=\"Tempo estimado de leitura\" \/>\n\t<meta name=\"twitter:data2\" content=\"5 minutos\" \/>\n<script type=\"application\/ld+json\" class=\"yoast-schema-graph\">{\"@context\":\"https:\\\/\\\/schema.org\",\"@graph\":[{\"@type\":\"Article\",\"@id\":\"https:\\\/\\\/algarve7.pt\\\/index.php\\\/2026\\\/02\\\/xl-games-abrem-28a-edicao-do-marco-jovem-no-portimao-arena\\\/atualidade\\\/07\\\/30\\\/#article\",\"isPartOf\":{\"@id\":\"https:\\\/\\\/algarve7.pt\\\/index.php\\\/2026\\\/02\\\/xl-games-abrem-28a-edicao-do-marco-jovem-no-portimao-arena\\\/atualidade\\\/07\\\/30\\\/\"},\"author\":{\"name\":\"Algarve 7\",\"@id\":\"https:\\\/\\\/algarve7.pt\\\/#\\\/schema\\\/person\\\/23fa70681308e7b319a3204bcea45e0c\"},\"headline\":\"XL Games abrem 28\u00aa edi\u00e7\u00e3o do Mar\u00e7o Jovem no Portim\u00e3o Arena\",\"datePublished\":\"2026-02-19T07:30:00+00:00\",\"mainEntityOfPage\":{\"@id\":\"https:\\\/\\\/algarve7.pt\\\/index.php\\\/2026\\\/02\\\/xl-games-abrem-28a-edicao-do-marco-jovem-no-portimao-arena\\\/atualidade\\\/07\\\/30\\\/\"},\"wordCount\":791,\"publisher\":{\"@id\":\"https:\\\/\\\/algarve7.pt\\\/#organization\"},\"image\":{\"@id\":\"https:\\\/\\\/algarve7.pt\\\/index.php\\\/2026\\\/02\\\/xl-games-abrem-28a-edicao-do-marco-jovem-no-portimao-arena\\\/atualidade\\\/07\\\/30\\\/#primaryimage\"},\"thumbnailUrl\":\"https:\\\/\\\/algarve7.pt\\\/wp-content\\\/uploads\\\/2026\\\/02\\\/IMG_4055.jpg\",\"keywords\":[\"Algarve\",\"Atualidade\",\"Portim\u00e3o\"],\"articleSection\":[\"Atualidade\"],\"inLanguage\":\"pt-PT\"},{\"@type\":\"WebPage\",\"@id\":\"https:\\\/\\\/algarve7.pt\\\/index.php\\\/2026\\\/02\\\/xl-games-abrem-28a-edicao-do-marco-jovem-no-portimao-arena\\\/atualidade\\\/07\\\/30\\\/\",\"url\":\"https:\\\/\\\/algarve7.pt\\\/index.php\\\/2026\\\/02\\\/xl-games-abrem-28a-edicao-do-marco-jovem-no-portimao-arena\\\/atualidade\\\/07\\\/30\\\/\",\"name\":\"XL Games abrem 28\u00aa edi\u00e7\u00e3o do Mar\u00e7o Jovem no Portim\u00e3o Arena - Algarve 7\",\"isPartOf\":{\"@id\":\"https:\\\/\\\/algarve7.pt\\\/#website\"},\"primaryImageOfPage\":{\"@id\":\"https:\\\/\\\/algarve7.pt\\\/index.php\\\/2026\\\/02\\\/xl-games-abrem-28a-edicao-do-marco-jovem-no-portimao-arena\\\/atualidade\\\/07\\\/30\\\/#primaryimage\"},\"image\":{\"@id\":\"https:\\\/\\\/algarve7.pt\\\/index.php\\\/2026\\\/02\\\/xl-games-abrem-28a-edicao-do-marco-jovem-no-portimao-arena\\\/atualidade\\\/07\\\/30\\\/#primaryimage\"},\"thumbnailUrl\":\"https:\\\/\\\/algarve7.pt\\\/wp-content\\\/uploads\\\/2026\\\/02\\\/IMG_4055.jpg\",\"datePublished\":\"2026-02-19T07:30:00+00:00\",\"description\":\"XL Games abrem 28\u00aa edi\u00e7\u00e3o do Mar\u00e7o Jovem no Portim\u00e3o Arena Atualidade\",\"breadcrumb\":{\"@id\":\"https:\\\/\\\/algarve7.pt\\\/index.php\\\/2026\\\/02\\\/xl-games-abrem-28a-edicao-do-marco-jovem-no-portimao-arena\\\/atualidade\\\/07\\\/30\\\/#breadcrumb\"},\"inLanguage\":\"pt-PT\",\"potentialAction\":[{\"@type\":\"ReadAction\",\"target\":[\"https:\\\/\\\/algarve7.pt\\\/index.php\\\/2026\\\/02\\\/xl-games-abrem-28a-edicao-do-marco-jovem-no-portimao-arena\\\/atualidade\\\/07\\\/30\\\/\"]}]},{\"@type\":\"ImageObject\",\"inLanguage\":\"pt-PT\",\"@id\":\"https:\\\/\\\/algarve7.pt\\\/index.php\\\/2026\\\/02\\\/xl-games-abrem-28a-edicao-do-marco-jovem-no-portimao-arena\\\/atualidade\\\/07\\\/30\\\/#primaryimage\",\"url\":\"https:\\\/\\\/algarve7.pt\\\/wp-content\\\/uploads\\\/2026\\\/02\\\/IMG_4055.jpg\",\"contentUrl\":\"https:\\\/\\\/algarve7.pt\\\/wp-content\\\/uploads\\\/2026\\\/02\\\/IMG_4055.jpg\",\"width\":800,\"height\":500},{\"@type\":\"BreadcrumbList\",\"@id\":\"https:\\\/\\\/algarve7.pt\\\/index.php\\\/2026\\\/02\\\/xl-games-abrem-28a-edicao-do-marco-jovem-no-portimao-arena\\\/atualidade\\\/07\\\/30\\\/#breadcrumb\",\"itemListElement\":[{\"@type\":\"ListItem\",\"position\":1,\"name\":\"In\u00edcio\",\"item\":\"https:\\\/\\\/algarve7.pt\\\/\"},{\"@type\":\"ListItem\",\"position\":2,\"name\":\"XL Games abrem 28\u00aa edi\u00e7\u00e3o do Mar\u00e7o Jovem no Portim\u00e3o Arena\"}]},{\"@type\":\"WebSite\",\"@id\":\"https:\\\/\\\/algarve7.pt\\\/#website\",\"url\":\"https:\\\/\\\/algarve7.pt\\\/\",\"name\":\"Algarve 7\",\"description\":\"Informa\u00e7\u00e3o sobre o Algarve\",\"publisher\":{\"@id\":\"https:\\\/\\\/algarve7.pt\\\/#organization\"},\"potentialAction\":[{\"@type\":\"SearchAction\",\"target\":{\"@type\":\"EntryPoint\",\"urlTemplate\":\"https:\\\/\\\/algarve7.pt\\\/?s={search_term_string}\"},\"query-input\":{\"@type\":\"PropertyValueSpecification\",\"valueRequired\":true,\"valueName\":\"search_term_string\"}}],\"inLanguage\":\"pt-PT\"},{\"@type\":\"Organization\",\"@id\":\"https:\\\/\\\/algarve7.pt\\\/#organization\",\"name\":\"Algarve 7\",\"url\":\"https:\\\/\\\/algarve7.pt\\\/\",\"logo\":{\"@type\":\"ImageObject\",\"inLanguage\":\"pt-PT\",\"@id\":\"https:\\\/\\\/algarve7.pt\\\/#\\\/schema\\\/logo\\\/image\\\/\",\"url\":\"https:\\\/\\\/algarve7.pt\\\/wp-content\\\/uploads\\\/2020\\\/10\\\/Logo-8.jpg\",\"contentUrl\":\"https:\\\/\\\/algarve7.pt\\\/wp-content\\\/uploads\\\/2020\\\/10\\\/Logo-8.jpg\",\"width\":1680,\"height\":1186,\"caption\":\"Algarve 7\"},\"image\":{\"@id\":\"https:\\\/\\\/algarve7.pt\\\/#\\\/schema\\\/logo\\\/image\\\/\"},\"sameAs\":[\"https:\\\/\\\/www.facebook.com\\\/algarve7\",\"https:\\\/\\\/x.com\\\/Algarvesete\",\"https:\\\/\\\/www.instagram.com\\\/jornalalgarve7\\\/\",\"https:\\\/\\\/www.linkedin.com\\\/company\\\/algarve7\",\"https:\\\/\\\/www.pinterest.pt\\\/geral0939\\\/_created\\\/\"]},{\"@type\":\"Person\",\"@id\":\"https:\\\/\\\/algarve7.pt\\\/#\\\/schema\\\/person\\\/23fa70681308e7b319a3204bcea45e0c\",\"name\":\"Algarve 7\",\"sameAs\":[\"https:\\\/\\\/algarve7.pt\",\"https:\\\/\\\/www.facebook.com\\\/algarve7\"],\"url\":\"https:\\\/\\\/algarve7.pt\\\/index.php\\\/author\\\/geralalgarve7-pt\\\/\"}]}<\/script>\n<!-- \/ Yoast SEO plugin. -->","yoast_head_json":{"title":"XL Games abrem 28\u00aa edi\u00e7\u00e3o do Mar\u00e7o Jovem no Portim\u00e3o Arena - Algarve 7","description":"XL Games abrem 28\u00aa edi\u00e7\u00e3o do Mar\u00e7o Jovem no Portim\u00e3o Arena Atualidade","robots":{"index":"index","follow":"follow","max-snippet":"max-snippet:-1","max-image-preview":"max-image-preview:large","max-video-preview":"max-video-preview:-1"},"canonical":"https:\/\/algarve7.pt\/index.php\/2026\/02\/xl-games-abrem-28a-edicao-do-marco-jovem-no-portimao-arena\/atualidade\/07\/30\/","og_locale":"pt_PT","og_type":"article","og_title":"XL Games abrem 28\u00aa edi\u00e7\u00e3o do Mar\u00e7o Jovem no Portim\u00e3o Arena - Algarve 7","og_description":"XL Games abrem 28\u00aa edi\u00e7\u00e3o do Mar\u00e7o Jovem no Portim\u00e3o Arena Atualidade","og_url":"https:\/\/algarve7.pt\/index.php\/2026\/02\/xl-games-abrem-28a-edicao-do-marco-jovem-no-portimao-arena\/atualidade\/07\/30\/","og_site_name":"Algarve 7","article_publisher":"https:\/\/www.facebook.com\/algarve7","article_author":"https:\/\/www.facebook.com\/algarve7","article_published_time":"2026-02-19T07:30:00+00:00","og_image":[{"width":800,"height":500,"url":"https:\/\/algarve7.pt\/wp-content\/uploads\/2026\/02\/IMG_4055.jpg","type":"image\/jpeg"}],"author":"Algarve 7","twitter_card":"summary_large_image","twitter_creator":"@Algarvesete","twitter_site":"@Algarvesete","twitter_misc":{"Escrito por":"Algarve 7","Tempo estimado de leitura":"5 minutos"},"schema":{"@context":"https:\/\/schema.org","@graph":[{"@type":"Article","@id":"https:\/\/algarve7.pt\/index.php\/2026\/02\/xl-games-abrem-28a-edicao-do-marco-jovem-no-portimao-arena\/atualidade\/07\/30\/#article","isPartOf":{"@id":"https:\/\/algarve7.pt\/index.php\/2026\/02\/xl-games-abrem-28a-edicao-do-marco-jovem-no-portimao-arena\/atualidade\/07\/30\/"},"author":{"name":"Algarve 7","@id":"https:\/\/algarve7.pt\/#\/schema\/person\/23fa70681308e7b319a3204bcea45e0c"},"headline":"XL Games abrem 28\u00aa edi\u00e7\u00e3o do Mar\u00e7o Jovem no Portim\u00e3o Arena","datePublished":"2026-02-19T07:30:00+00:00","mainEntityOfPage":{"@id":"https:\/\/algarve7.pt\/index.php\/2026\/02\/xl-games-abrem-28a-edicao-do-marco-jovem-no-portimao-arena\/atualidade\/07\/30\/"},"wordCount":791,"publisher":{"@id":"https:\/\/algarve7.pt\/#organization"},"image":{"@id":"https:\/\/algarve7.pt\/index.php\/2026\/02\/xl-games-abrem-28a-edicao-do-marco-jovem-no-portimao-arena\/atualidade\/07\/30\/#primaryimage"},"thumbnailUrl":"https:\/\/algarve7.pt\/wp-content\/uploads\/2026\/02\/IMG_4055.jpg","keywords":["Algarve","Atualidade","Portim\u00e3o"],"articleSection":["Atualidade"],"inLanguage":"pt-PT"},{"@type":"WebPage","@id":"https:\/\/algarve7.pt\/index.php\/2026\/02\/xl-games-abrem-28a-edicao-do-marco-jovem-no-portimao-arena\/atualidade\/07\/30\/","url":"https:\/\/algarve7.pt\/index.php\/2026\/02\/xl-games-abrem-28a-edicao-do-marco-jovem-no-portimao-arena\/atualidade\/07\/30\/","name":"XL Games abrem 28\u00aa edi\u00e7\u00e3o do Mar\u00e7o Jovem no Portim\u00e3o Arena - Algarve 7","isPartOf":{"@id":"https:\/\/algarve7.pt\/#website"},"primaryImageOfPage":{"@id":"https:\/\/algarve7.pt\/index.php\/2026\/02\/xl-games-abrem-28a-edicao-do-marco-jovem-no-portimao-arena\/atualidade\/07\/30\/#primaryimage"},"image":{"@id":"https:\/\/algarve7.pt\/index.php\/2026\/02\/xl-games-abrem-28a-edicao-do-marco-jovem-no-portimao-arena\/atualidade\/07\/30\/#primaryimage"},"thumbnailUrl":"https:\/\/algarve7.pt\/wp-content\/uploads\/2026\/02\/IMG_4055.jpg","datePublished":"2026-02-19T07:30:00+00:00","description":"XL Games abrem 28\u00aa edi\u00e7\u00e3o do Mar\u00e7o Jovem no Portim\u00e3o Arena Atualidade","breadcrumb":{"@id":"https:\/\/algarve7.pt\/index.php\/2026\/02\/xl-games-abrem-28a-edicao-do-marco-jovem-no-portimao-arena\/atualidade\/07\/30\/#breadcrumb"},"inLanguage":"pt-PT","potentialAction":[{"@type":"ReadAction","target":["https:\/\/algarve7.pt\/index.php\/2026\/02\/xl-games-abrem-28a-edicao-do-marco-jovem-no-portimao-arena\/atualidade\/07\/30\/"]}]},{"@type":"ImageObject","inLanguage":"pt-PT","@id":"https:\/\/algarve7.pt\/index.php\/2026\/02\/xl-games-abrem-28a-edicao-do-marco-jovem-no-portimao-arena\/atualidade\/07\/30\/#primaryimage","url":"https:\/\/algarve7.pt\/wp-content\/uploads\/2026\/02\/IMG_4055.jpg","contentUrl":"https:\/\/algarve7.pt\/wp-content\/uploads\/2026\/02\/IMG_4055.jpg","width":800,"height":500},{"@type":"BreadcrumbList","@id":"https:\/\/algarve7.pt\/index.php\/2026\/02\/xl-games-abrem-28a-edicao-do-marco-jovem-no-portimao-arena\/atualidade\/07\/30\/#breadcrumb","itemListElement":[{"@type":"ListItem","position":1,"name":"In\u00edcio","item":"https:\/\/algarve7.pt\/"},{"@type":"ListItem","position":2,"name":"XL Games abrem 28\u00aa edi\u00e7\u00e3o do Mar\u00e7o Jovem no Portim\u00e3o Arena"}]},{"@type":"WebSite","@id":"https:\/\/algarve7.pt\/#website","url":"https:\/\/algarve7.pt\/","name":"Algarve 7","description":"Informa\u00e7\u00e3o sobre o Algarve","publisher":{"@id":"https:\/\/algarve7.pt\/#organization"},"potentialAction":[{"@type":"SearchAction","target":{"@type":"EntryPoint","urlTemplate":"https:\/\/algarve7.pt\/?s={search_term_string}"},"query-input":{"@type":"PropertyValueSpecification","valueRequired":true,"valueName":"search_term_string"}}],"inLanguage":"pt-PT"},{"@type":"Organization","@id":"https:\/\/algarve7.pt\/#organization","name":"Algarve 7","url":"https:\/\/algarve7.pt\/","logo":{"@type":"ImageObject","inLanguage":"pt-PT","@id":"https:\/\/algarve7.pt\/#\/schema\/logo\/image\/","url":"https:\/\/algarve7.pt\/wp-content\/uploads\/2020\/10\/Logo-8.jpg","contentUrl":"https:\/\/algarve7.pt\/wp-content\/uploads\/2020\/10\/Logo-8.jpg","width":1680,"height":1186,"caption":"Algarve 7"},"image":{"@id":"https:\/\/algarve7.pt\/#\/schema\/logo\/image\/"},"sameAs":["https:\/\/www.facebook.com\/algarve7","https:\/\/x.com\/Algarvesete","https:\/\/www.instagram.com\/jornalalgarve7\/","https:\/\/www.linkedin.com\/company\/algarve7","https:\/\/www.pinterest.pt\/geral0939\/_created\/"]},{"@type":"Person","@id":"https:\/\/algarve7.pt\/#\/schema\/person\/23fa70681308e7b319a3204bcea45e0c","name":"Algarve 7","sameAs":["https:\/\/algarve7.pt","https:\/\/www.facebook.com\/algarve7"],"url":"https:\/\/algarve7.pt\/index.php\/author\/geralalgarve7-pt\/"}]}},"jetpack_publicize_connections":[],"jetpack_featured_media_url":"https:\/\/algarve7.pt\/wp-content\/uploads\/2026\/02\/IMG_4055.jpg","jetpack_shortlink":"https:\/\/wp.me\/pcezmW-fjN","jetpack_sharing_enabled":true,"_links":{"self":[{"href":"https:\/\/algarve7.pt\/index.php\/wp-json\/wp\/v2\/posts\/58887","targetHints":{"allow":["GET"]}}],"collection":[{"href":"https:\/\/algarve7.pt\/index.php\/wp-json\/wp\/v2\/posts"}],"about":[{"href":"https:\/\/algarve7.pt\/index.php\/wp-json\/wp\/v2\/types\/post"}],"author":[{"embeddable":true,"href":"https:\/\/algarve7.pt\/index.php\/wp-json\/wp\/v2\/users\/1"}],"replies":[{"embeddable":true,"href":"https:\/\/algarve7.pt\/index.php\/wp-json\/wp\/v2\/comments?post=58887"}],"version-history":[{"count":0,"href":"https:\/\/algarve7.pt\/index.php\/wp-json\/wp\/v2\/posts\/58887\/revisions"}],"wp:featuredmedia":[{"embeddable":true,"href":"https:\/\/algarve7.pt\/index.php\/wp-json\/wp\/v2\/media\/58888"}],"wp:attachment":[{"href":"https:\/\/algarve7.pt\/index.php\/wp-json\/wp\/v2\/media?parent=58887"}],"wp:term":[{"taxonomy":"category","embeddable":true,"href":"https:\/\/algarve7.pt\/index.php\/wp-json\/wp\/v2\/categories?post=58887"},{"taxonomy":"post_tag","embeddable":true,"href":"https:\/\/algarve7.pt\/index.php\/wp-json\/wp\/v2\/tags?post=58887"}],"curies":[{"name":"wp","href":"https:\/\/api.w.org\/{rel}","templated":true}]}}