{"id":58875,"date":"2026-02-18T09:00:00","date_gmt":"2026-02-18T09:00:00","guid":{"rendered":"https:\/\/algarve7.pt\/?p=58875"},"modified":"2026-02-18T08:17:00","modified_gmt":"2026-02-18T08:17:00","slug":"f4-espanha-desafia-portimao-campeonato-de-inverno-abre-no-autodromo-internacional-do-algarve","status":"publish","type":"post","link":"https:\/\/algarve7.pt\/index.php\/2026\/02\/f4-espanha-desafia-portimao-campeonato-de-inverno-abre-no-autodromo-internacional-do-algarve\/desporto\/09\/00\/","title":{"rendered":"F4 Espanha desafia Portim\u00e3o: Campeonato de Inverno abre no Aut\u00f3dromo Internacional do Algarve\u00a0"},"content":{"rendered":"\n<p>Uma semana depois da Ultimate Winter Series o&nbsp;<strong>Aut\u00f3dromo Internacional do Algarve<\/strong>&nbsp;acolhe mais um campeonato de Inverno com a chegada dos irrequietos monolugares da&nbsp;<strong>F4 Espanha<\/strong>&nbsp;e tamb\u00e9m da&nbsp;<strong>F3 Eurocup<\/strong>.<\/p>\n\n\n\n<p>Duas categorias de &#8216;caminho&#8217; rumo ao sonho da&nbsp;<strong>F\u00f3rmula 1<\/strong>&nbsp;&#8211; que passar\u00e1 pelo&nbsp;<strong>Algarve<\/strong>&nbsp;novamente no pr\u00f3ximo ano &#8211; onde a juventude e a velocidade ir\u00e3o ter pela frente as 15 curvas de uma das mais exigentes pistas do panorama mundial do desporto motorizado no que ser\u00e1 certamente um fim-de-semana de emo\u00e7\u00e3o, velocidade e muito espect\u00e1culo.<\/p>\n\n\n\n<p>Integrados no competitivo pelot\u00e3o da&nbsp;<strong>F4 Espanha<\/strong>&nbsp;estar\u00e3o tr\u00eas pilotos com as cores de&nbsp;<strong>Portugal<\/strong>.&nbsp;<strong>Noah Monteiro<\/strong>&nbsp;repete o campeonato onde se estreou no passado ano e ter\u00e1 a seu lado&nbsp;<strong>Max Radeck<\/strong>, jovem que vem do karting e chega a este campeonato pela primeira vez, o mesmo se passando com&nbsp;<strong>Maria Neto<\/strong>&nbsp;que aos 15 anos de idade ser\u00e1 a primeira piloto portuguesa a competir nesta s\u00e9rie, ela que vem igualmente do karting e tem a particularidade de estar integrada na equipa do guarda-redes do&nbsp;<strong>Real Madrid<\/strong>,&nbsp;<strong>Thibaut Courtois<\/strong>.<\/p>\n\n\n\n<p>Os bilhetes para todo o fim-de-semana t\u00eam um custo de 10 euros com acesso ao paddock e podem ser adquiridos na loja do&nbsp;<strong>Kart\u00f3dromo Internacional do Algarve<\/strong>.<\/p>\n\n\n\n<p><strong>HOR\u00c1RIO<br>S\u00e1bado 21&nbsp;de Fevereiro<\/strong><br>09h00 &#8211; Qualifica\u00e7\u00e3o F4<br>10h00 &#8211; Qualifica\u00e7\u00e3o F3<br>11h00 &#8211; F\u00f3rmula 4 Espanha Winter&nbsp;(Corrida 1)<br>12h15 &#8211; F\u00f3rmula 3 (Corrida 1)<br>13h50 &#8211; Sprint F4<br>14h55 &#8211; Sprint F3<\/p>\n\n\n\n<p><strong>Domingo 22&nbsp;de Fevereiro<\/strong><br>09h00&nbsp;&#8211; Qualifica\u00e7\u00e3o F4<br>09h55 &#8211; Qualifica\u00e7\u00e3o F3<br>10h50 &#8211; F\u00f3rmula 4 Espanha Winter (Corrida 3)<br>12h00 &#8211; F3 Corrida 2<\/p>\n","protected":false},"excerpt":{"rendered":"<p>Uma semana depois da Ultimate Winter Series o&nbsp;Aut\u00f3dromo Internacional do Algarve&nbsp;acolhe mais um campeonato de Inverno com a chegada dos<\/p>\n","protected":false},"author":1,"featured_media":41851,"comment_status":"closed","ping_status":"closed","sticky":false,"template":"","format":"standard","meta":{"colormag_page_container_layout":"default_layout","colormag_page_sidebar_layout":"default_layout","_monsterinsights_skip_tracking":false,"_monsterinsights_sitenote_active":false,"_monsterinsights_sitenote_note":"","_monsterinsights_sitenote_category":0,"jetpack_post_was_ever_published":false,"_jetpack_newsletter_access":"","_jetpack_dont_email_post_to_subs":false,"_jetpack_newsletter_tier_id":0,"_jetpack_memberships_contains_paywalled_content":false,"_jetpack_memberships_contains_paid_content":false,"footnotes":"","jetpack_publicize_message":"","jetpack_publicize_feature_enabled":true,"jetpack_social_post_already_shared":true,"jetpack_social_options":{"image_generator_settings":{"template":"highway","default_image_id":0,"font":"","enabled":false},"version":2}},"categories":[15],"tags":[36,239,40,72],"class_list":["post-58875","post","type-post","status-publish","format-standard","has-post-thumbnail","hentry","category-desporto","tag-algarve","tag-autodromo-internacional-do-algarve","tag-desporto","tag-portimao"],"yoast_head":"<!-- This site is optimized with the Yoast SEO plugin v27.5 - https:\/\/yoast.com\/product\/yoast-seo-wordpress\/ -->\n<title>F4 Espanha desafia Portim\u00e3o: Campeonato de Inverno abre no Aut\u00f3dromo Internacional do Algarve\u00a0 - Algarve 7<\/title>\n<meta name=\"description\" content=\"F4 Espanha desafia Portim\u00e3o: Campeonato de Inverno abre no Aut\u00f3dromo Internacional do Algarve\u00a0 Desporto\" \/>\n<meta name=\"robots\" content=\"index, follow, max-snippet:-1, max-image-preview:large, max-video-preview:-1\" \/>\n<link rel=\"canonical\" href=\"https:\/\/algarve7.pt\/index.php\/2026\/02\/f4-espanha-desafia-portimao-campeonato-de-inverno-abre-no-autodromo-internacional-do-algarve\/desporto\/09\/00\/\" \/>\n<meta property=\"og:locale\" content=\"pt_PT\" \/>\n<meta property=\"og:type\" content=\"article\" \/>\n<meta property=\"og:title\" content=\"F4 Espanha desafia Portim\u00e3o: Campeonato de Inverno abre no Aut\u00f3dromo Internacional do Algarve\u00a0 - Algarve 7\" \/>\n<meta property=\"og:description\" content=\"F4 Espanha desafia Portim\u00e3o: Campeonato de Inverno abre no Aut\u00f3dromo Internacional do Algarve\u00a0 Desporto\" \/>\n<meta property=\"og:url\" content=\"https:\/\/algarve7.pt\/index.php\/2026\/02\/f4-espanha-desafia-portimao-campeonato-de-inverno-abre-no-autodromo-internacional-do-algarve\/desporto\/09\/00\/\" \/>\n<meta property=\"og:site_name\" content=\"Algarve 7\" \/>\n<meta property=\"article:publisher\" content=\"https:\/\/www.facebook.com\/algarve7\" \/>\n<meta property=\"article:author\" content=\"https:\/\/www.facebook.com\/algarve7\" \/>\n<meta property=\"article:published_time\" content=\"2026-02-18T09:00:00+00:00\" \/>\n<meta property=\"og:image\" content=\"https:\/\/algarve7.pt\/wp-content\/uploads\/2024\/09\/49eab48a-22df-d326-d4fe-fa3fde197d7b.jpg\" \/>\n\t<meta property=\"og:image:width\" content=\"800\" \/>\n\t<meta property=\"og:image:height\" content=\"470\" \/>\n\t<meta property=\"og:image:type\" content=\"image\/jpeg\" \/>\n<meta name=\"author\" content=\"Algarve 7\" \/>\n<meta name=\"twitter:card\" content=\"summary_large_image\" \/>\n<meta name=\"twitter:creator\" content=\"@Algarvesete\" \/>\n<meta name=\"twitter:site\" content=\"@Algarvesete\" \/>\n<meta name=\"twitter:label1\" content=\"Escrito por\" \/>\n\t<meta name=\"twitter:data1\" content=\"Algarve 7\" \/>\n\t<meta name=\"twitter:label2\" content=\"Tempo estimado de leitura\" \/>\n\t<meta name=\"twitter:data2\" content=\"2 minutos\" \/>\n<script type=\"application\/ld+json\" class=\"yoast-schema-graph\">{\"@context\":\"https:\\\/\\\/schema.org\",\"@graph\":[{\"@type\":\"Article\",\"@id\":\"https:\\\/\\\/algarve7.pt\\\/index.php\\\/2026\\\/02\\\/f4-espanha-desafia-portimao-campeonato-de-inverno-abre-no-autodromo-internacional-do-algarve\\\/desporto\\\/09\\\/00\\\/#article\",\"isPartOf\":{\"@id\":\"https:\\\/\\\/algarve7.pt\\\/index.php\\\/2026\\\/02\\\/f4-espanha-desafia-portimao-campeonato-de-inverno-abre-no-autodromo-internacional-do-algarve\\\/desporto\\\/09\\\/00\\\/\"},\"author\":{\"name\":\"Algarve 7\",\"@id\":\"https:\\\/\\\/algarve7.pt\\\/#\\\/schema\\\/person\\\/23fa70681308e7b319a3204bcea45e0c\"},\"headline\":\"F4 Espanha desafia Portim\u00e3o: Campeonato de Inverno abre no Aut\u00f3dromo Internacional do Algarve\u00a0\",\"datePublished\":\"2026-02-18T09:00:00+00:00\",\"mainEntityOfPage\":{\"@id\":\"https:\\\/\\\/algarve7.pt\\\/index.php\\\/2026\\\/02\\\/f4-espanha-desafia-portimao-campeonato-de-inverno-abre-no-autodromo-internacional-do-algarve\\\/desporto\\\/09\\\/00\\\/\"},\"wordCount\":313,\"publisher\":{\"@id\":\"https:\\\/\\\/algarve7.pt\\\/#organization\"},\"image\":{\"@id\":\"https:\\\/\\\/algarve7.pt\\\/index.php\\\/2026\\\/02\\\/f4-espanha-desafia-portimao-campeonato-de-inverno-abre-no-autodromo-internacional-do-algarve\\\/desporto\\\/09\\\/00\\\/#primaryimage\"},\"thumbnailUrl\":\"https:\\\/\\\/algarve7.pt\\\/wp-content\\\/uploads\\\/2024\\\/09\\\/49eab48a-22df-d326-d4fe-fa3fde197d7b.jpg\",\"keywords\":[\"Algarve\",\"Aut\u00f3dromo Internacional do Algarve\",\"Desporto\",\"Portim\u00e3o\"],\"articleSection\":[\"Desporto\"],\"inLanguage\":\"pt-PT\"},{\"@type\":\"WebPage\",\"@id\":\"https:\\\/\\\/algarve7.pt\\\/index.php\\\/2026\\\/02\\\/f4-espanha-desafia-portimao-campeonato-de-inverno-abre-no-autodromo-internacional-do-algarve\\\/desporto\\\/09\\\/00\\\/\",\"url\":\"https:\\\/\\\/algarve7.pt\\\/index.php\\\/2026\\\/02\\\/f4-espanha-desafia-portimao-campeonato-de-inverno-abre-no-autodromo-internacional-do-algarve\\\/desporto\\\/09\\\/00\\\/\",\"name\":\"F4 Espanha desafia Portim\u00e3o: Campeonato de Inverno abre no Aut\u00f3dromo Internacional do Algarve\u00a0 - Algarve 7\",\"isPartOf\":{\"@id\":\"https:\\\/\\\/algarve7.pt\\\/#website\"},\"primaryImageOfPage\":{\"@id\":\"https:\\\/\\\/algarve7.pt\\\/index.php\\\/2026\\\/02\\\/f4-espanha-desafia-portimao-campeonato-de-inverno-abre-no-autodromo-internacional-do-algarve\\\/desporto\\\/09\\\/00\\\/#primaryimage\"},\"image\":{\"@id\":\"https:\\\/\\\/algarve7.pt\\\/index.php\\\/2026\\\/02\\\/f4-espanha-desafia-portimao-campeonato-de-inverno-abre-no-autodromo-internacional-do-algarve\\\/desporto\\\/09\\\/00\\\/#primaryimage\"},\"thumbnailUrl\":\"https:\\\/\\\/algarve7.pt\\\/wp-content\\\/uploads\\\/2024\\\/09\\\/49eab48a-22df-d326-d4fe-fa3fde197d7b.jpg\",\"datePublished\":\"2026-02-18T09:00:00+00:00\",\"description\":\"F4 Espanha desafia Portim\u00e3o: Campeonato de Inverno abre no Aut\u00f3dromo Internacional do Algarve\u00a0 Desporto\",\"breadcrumb\":{\"@id\":\"https:\\\/\\\/algarve7.pt\\\/index.php\\\/2026\\\/02\\\/f4-espanha-desafia-portimao-campeonato-de-inverno-abre-no-autodromo-internacional-do-algarve\\\/desporto\\\/09\\\/00\\\/#breadcrumb\"},\"inLanguage\":\"pt-PT\",\"potentialAction\":[{\"@type\":\"ReadAction\",\"target\":[\"https:\\\/\\\/algarve7.pt\\\/index.php\\\/2026\\\/02\\\/f4-espanha-desafia-portimao-campeonato-de-inverno-abre-no-autodromo-internacional-do-algarve\\\/desporto\\\/09\\\/00\\\/\"]}]},{\"@type\":\"ImageObject\",\"inLanguage\":\"pt-PT\",\"@id\":\"https:\\\/\\\/algarve7.pt\\\/index.php\\\/2026\\\/02\\\/f4-espanha-desafia-portimao-campeonato-de-inverno-abre-no-autodromo-internacional-do-algarve\\\/desporto\\\/09\\\/00\\\/#primaryimage\",\"url\":\"https:\\\/\\\/algarve7.pt\\\/wp-content\\\/uploads\\\/2024\\\/09\\\/49eab48a-22df-d326-d4fe-fa3fde197d7b.jpg\",\"contentUrl\":\"https:\\\/\\\/algarve7.pt\\\/wp-content\\\/uploads\\\/2024\\\/09\\\/49eab48a-22df-d326-d4fe-fa3fde197d7b.jpg\",\"width\":800,\"height\":470},{\"@type\":\"BreadcrumbList\",\"@id\":\"https:\\\/\\\/algarve7.pt\\\/index.php\\\/2026\\\/02\\\/f4-espanha-desafia-portimao-campeonato-de-inverno-abre-no-autodromo-internacional-do-algarve\\\/desporto\\\/09\\\/00\\\/#breadcrumb\",\"itemListElement\":[{\"@type\":\"ListItem\",\"position\":1,\"name\":\"In\u00edcio\",\"item\":\"https:\\\/\\\/algarve7.pt\\\/\"},{\"@type\":\"ListItem\",\"position\":2,\"name\":\"F4 Espanha desafia Portim\u00e3o: Campeonato de Inverno abre no Aut\u00f3dromo Internacional do Algarve\u00a0\"}]},{\"@type\":\"WebSite\",\"@id\":\"https:\\\/\\\/algarve7.pt\\\/#website\",\"url\":\"https:\\\/\\\/algarve7.pt\\\/\",\"name\":\"Algarve 7\",\"description\":\"Informa\u00e7\u00e3o sobre o Algarve\",\"publisher\":{\"@id\":\"https:\\\/\\\/algarve7.pt\\\/#organization\"},\"potentialAction\":[{\"@type\":\"SearchAction\",\"target\":{\"@type\":\"EntryPoint\",\"urlTemplate\":\"https:\\\/\\\/algarve7.pt\\\/?s={search_term_string}\"},\"query-input\":{\"@type\":\"PropertyValueSpecification\",\"valueRequired\":true,\"valueName\":\"search_term_string\"}}],\"inLanguage\":\"pt-PT\"},{\"@type\":\"Organization\",\"@id\":\"https:\\\/\\\/algarve7.pt\\\/#organization\",\"name\":\"Algarve 7\",\"url\":\"https:\\\/\\\/algarve7.pt\\\/\",\"logo\":{\"@type\":\"ImageObject\",\"inLanguage\":\"pt-PT\",\"@id\":\"https:\\\/\\\/algarve7.pt\\\/#\\\/schema\\\/logo\\\/image\\\/\",\"url\":\"https:\\\/\\\/algarve7.pt\\\/wp-content\\\/uploads\\\/2020\\\/10\\\/Logo-8.jpg\",\"contentUrl\":\"https:\\\/\\\/algarve7.pt\\\/wp-content\\\/uploads\\\/2020\\\/10\\\/Logo-8.jpg\",\"width\":1680,\"height\":1186,\"caption\":\"Algarve 7\"},\"image\":{\"@id\":\"https:\\\/\\\/algarve7.pt\\\/#\\\/schema\\\/logo\\\/image\\\/\"},\"sameAs\":[\"https:\\\/\\\/www.facebook.com\\\/algarve7\",\"https:\\\/\\\/x.com\\\/Algarvesete\",\"https:\\\/\\\/www.instagram.com\\\/jornalalgarve7\\\/\",\"https:\\\/\\\/www.linkedin.com\\\/company\\\/algarve7\",\"https:\\\/\\\/www.pinterest.pt\\\/geral0939\\\/_created\\\/\"]},{\"@type\":\"Person\",\"@id\":\"https:\\\/\\\/algarve7.pt\\\/#\\\/schema\\\/person\\\/23fa70681308e7b319a3204bcea45e0c\",\"name\":\"Algarve 7\",\"sameAs\":[\"https:\\\/\\\/algarve7.pt\",\"https:\\\/\\\/www.facebook.com\\\/algarve7\"],\"url\":\"https:\\\/\\\/algarve7.pt\\\/index.php\\\/author\\\/geralalgarve7-pt\\\/\"}]}<\/script>\n<!-- \/ Yoast SEO plugin. -->","yoast_head_json":{"title":"F4 Espanha desafia Portim\u00e3o: Campeonato de Inverno abre no Aut\u00f3dromo Internacional do Algarve\u00a0 - Algarve 7","description":"F4 Espanha desafia Portim\u00e3o: Campeonato de Inverno abre no Aut\u00f3dromo Internacional do Algarve\u00a0 Desporto","robots":{"index":"index","follow":"follow","max-snippet":"max-snippet:-1","max-image-preview":"max-image-preview:large","max-video-preview":"max-video-preview:-1"},"canonical":"https:\/\/algarve7.pt\/index.php\/2026\/02\/f4-espanha-desafia-portimao-campeonato-de-inverno-abre-no-autodromo-internacional-do-algarve\/desporto\/09\/00\/","og_locale":"pt_PT","og_type":"article","og_title":"F4 Espanha desafia Portim\u00e3o: Campeonato de Inverno abre no Aut\u00f3dromo Internacional do Algarve\u00a0 - Algarve 7","og_description":"F4 Espanha desafia Portim\u00e3o: Campeonato de Inverno abre no Aut\u00f3dromo Internacional do Algarve\u00a0 Desporto","og_url":"https:\/\/algarve7.pt\/index.php\/2026\/02\/f4-espanha-desafia-portimao-campeonato-de-inverno-abre-no-autodromo-internacional-do-algarve\/desporto\/09\/00\/","og_site_name":"Algarve 7","article_publisher":"https:\/\/www.facebook.com\/algarve7","article_author":"https:\/\/www.facebook.com\/algarve7","article_published_time":"2026-02-18T09:00:00+00:00","og_image":[{"width":800,"height":470,"url":"https:\/\/algarve7.pt\/wp-content\/uploads\/2024\/09\/49eab48a-22df-d326-d4fe-fa3fde197d7b.jpg","type":"image\/jpeg"}],"author":"Algarve 7","twitter_card":"summary_large_image","twitter_creator":"@Algarvesete","twitter_site":"@Algarvesete","twitter_misc":{"Escrito por":"Algarve 7","Tempo estimado de leitura":"2 minutos"},"schema":{"@context":"https:\/\/schema.org","@graph":[{"@type":"Article","@id":"https:\/\/algarve7.pt\/index.php\/2026\/02\/f4-espanha-desafia-portimao-campeonato-de-inverno-abre-no-autodromo-internacional-do-algarve\/desporto\/09\/00\/#article","isPartOf":{"@id":"https:\/\/algarve7.pt\/index.php\/2026\/02\/f4-espanha-desafia-portimao-campeonato-de-inverno-abre-no-autodromo-internacional-do-algarve\/desporto\/09\/00\/"},"author":{"name":"Algarve 7","@id":"https:\/\/algarve7.pt\/#\/schema\/person\/23fa70681308e7b319a3204bcea45e0c"},"headline":"F4 Espanha desafia Portim\u00e3o: Campeonato de Inverno abre no Aut\u00f3dromo Internacional do Algarve\u00a0","datePublished":"2026-02-18T09:00:00+00:00","mainEntityOfPage":{"@id":"https:\/\/algarve7.pt\/index.php\/2026\/02\/f4-espanha-desafia-portimao-campeonato-de-inverno-abre-no-autodromo-internacional-do-algarve\/desporto\/09\/00\/"},"wordCount":313,"publisher":{"@id":"https:\/\/algarve7.pt\/#organization"},"image":{"@id":"https:\/\/algarve7.pt\/index.php\/2026\/02\/f4-espanha-desafia-portimao-campeonato-de-inverno-abre-no-autodromo-internacional-do-algarve\/desporto\/09\/00\/#primaryimage"},"thumbnailUrl":"https:\/\/algarve7.pt\/wp-content\/uploads\/2024\/09\/49eab48a-22df-d326-d4fe-fa3fde197d7b.jpg","keywords":["Algarve","Aut\u00f3dromo Internacional do Algarve","Desporto","Portim\u00e3o"],"articleSection":["Desporto"],"inLanguage":"pt-PT"},{"@type":"WebPage","@id":"https:\/\/algarve7.pt\/index.php\/2026\/02\/f4-espanha-desafia-portimao-campeonato-de-inverno-abre-no-autodromo-internacional-do-algarve\/desporto\/09\/00\/","url":"https:\/\/algarve7.pt\/index.php\/2026\/02\/f4-espanha-desafia-portimao-campeonato-de-inverno-abre-no-autodromo-internacional-do-algarve\/desporto\/09\/00\/","name":"F4 Espanha desafia Portim\u00e3o: Campeonato de Inverno abre no Aut\u00f3dromo Internacional do Algarve\u00a0 - Algarve 7","isPartOf":{"@id":"https:\/\/algarve7.pt\/#website"},"primaryImageOfPage":{"@id":"https:\/\/algarve7.pt\/index.php\/2026\/02\/f4-espanha-desafia-portimao-campeonato-de-inverno-abre-no-autodromo-internacional-do-algarve\/desporto\/09\/00\/#primaryimage"},"image":{"@id":"https:\/\/algarve7.pt\/index.php\/2026\/02\/f4-espanha-desafia-portimao-campeonato-de-inverno-abre-no-autodromo-internacional-do-algarve\/desporto\/09\/00\/#primaryimage"},"thumbnailUrl":"https:\/\/algarve7.pt\/wp-content\/uploads\/2024\/09\/49eab48a-22df-d326-d4fe-fa3fde197d7b.jpg","datePublished":"2026-02-18T09:00:00+00:00","description":"F4 Espanha desafia Portim\u00e3o: Campeonato de Inverno abre no Aut\u00f3dromo Internacional do Algarve\u00a0 Desporto","breadcrumb":{"@id":"https:\/\/algarve7.pt\/index.php\/2026\/02\/f4-espanha-desafia-portimao-campeonato-de-inverno-abre-no-autodromo-internacional-do-algarve\/desporto\/09\/00\/#breadcrumb"},"inLanguage":"pt-PT","potentialAction":[{"@type":"ReadAction","target":["https:\/\/algarve7.pt\/index.php\/2026\/02\/f4-espanha-desafia-portimao-campeonato-de-inverno-abre-no-autodromo-internacional-do-algarve\/desporto\/09\/00\/"]}]},{"@type":"ImageObject","inLanguage":"pt-PT","@id":"https:\/\/algarve7.pt\/index.php\/2026\/02\/f4-espanha-desafia-portimao-campeonato-de-inverno-abre-no-autodromo-internacional-do-algarve\/desporto\/09\/00\/#primaryimage","url":"https:\/\/algarve7.pt\/wp-content\/uploads\/2024\/09\/49eab48a-22df-d326-d4fe-fa3fde197d7b.jpg","contentUrl":"https:\/\/algarve7.pt\/wp-content\/uploads\/2024\/09\/49eab48a-22df-d326-d4fe-fa3fde197d7b.jpg","width":800,"height":470},{"@type":"BreadcrumbList","@id":"https:\/\/algarve7.pt\/index.php\/2026\/02\/f4-espanha-desafia-portimao-campeonato-de-inverno-abre-no-autodromo-internacional-do-algarve\/desporto\/09\/00\/#breadcrumb","itemListElement":[{"@type":"ListItem","position":1,"name":"In\u00edcio","item":"https:\/\/algarve7.pt\/"},{"@type":"ListItem","position":2,"name":"F4 Espanha desafia Portim\u00e3o: Campeonato de Inverno abre no Aut\u00f3dromo Internacional do Algarve\u00a0"}]},{"@type":"WebSite","@id":"https:\/\/algarve7.pt\/#website","url":"https:\/\/algarve7.pt\/","name":"Algarve 7","description":"Informa\u00e7\u00e3o sobre o Algarve","publisher":{"@id":"https:\/\/algarve7.pt\/#organization"},"potentialAction":[{"@type":"SearchAction","target":{"@type":"EntryPoint","urlTemplate":"https:\/\/algarve7.pt\/?s={search_term_string}"},"query-input":{"@type":"PropertyValueSpecification","valueRequired":true,"valueName":"search_term_string"}}],"inLanguage":"pt-PT"},{"@type":"Organization","@id":"https:\/\/algarve7.pt\/#organization","name":"Algarve 7","url":"https:\/\/algarve7.pt\/","logo":{"@type":"ImageObject","inLanguage":"pt-PT","@id":"https:\/\/algarve7.pt\/#\/schema\/logo\/image\/","url":"https:\/\/algarve7.pt\/wp-content\/uploads\/2020\/10\/Logo-8.jpg","contentUrl":"https:\/\/algarve7.pt\/wp-content\/uploads\/2020\/10\/Logo-8.jpg","width":1680,"height":1186,"caption":"Algarve 7"},"image":{"@id":"https:\/\/algarve7.pt\/#\/schema\/logo\/image\/"},"sameAs":["https:\/\/www.facebook.com\/algarve7","https:\/\/x.com\/Algarvesete","https:\/\/www.instagram.com\/jornalalgarve7\/","https:\/\/www.linkedin.com\/company\/algarve7","https:\/\/www.pinterest.pt\/geral0939\/_created\/"]},{"@type":"Person","@id":"https:\/\/algarve7.pt\/#\/schema\/person\/23fa70681308e7b319a3204bcea45e0c","name":"Algarve 7","sameAs":["https:\/\/algarve7.pt","https:\/\/www.facebook.com\/algarve7"],"url":"https:\/\/algarve7.pt\/index.php\/author\/geralalgarve7-pt\/"}]}},"jetpack_publicize_connections":[],"jetpack_featured_media_url":"https:\/\/algarve7.pt\/wp-content\/uploads\/2024\/09\/49eab48a-22df-d326-d4fe-fa3fde197d7b.jpg","jetpack_shortlink":"https:\/\/wp.me\/pcezmW-fjB","jetpack_sharing_enabled":true,"_links":{"self":[{"href":"https:\/\/algarve7.pt\/index.php\/wp-json\/wp\/v2\/posts\/58875","targetHints":{"allow":["GET"]}}],"collection":[{"href":"https:\/\/algarve7.pt\/index.php\/wp-json\/wp\/v2\/posts"}],"about":[{"href":"https:\/\/algarve7.pt\/index.php\/wp-json\/wp\/v2\/types\/post"}],"author":[{"embeddable":true,"href":"https:\/\/algarve7.pt\/index.php\/wp-json\/wp\/v2\/users\/1"}],"replies":[{"embeddable":true,"href":"https:\/\/algarve7.pt\/index.php\/wp-json\/wp\/v2\/comments?post=58875"}],"version-history":[{"count":0,"href":"https:\/\/algarve7.pt\/index.php\/wp-json\/wp\/v2\/posts\/58875\/revisions"}],"wp:featuredmedia":[{"embeddable":true,"href":"https:\/\/algarve7.pt\/index.php\/wp-json\/wp\/v2\/media\/41851"}],"wp:attachment":[{"href":"https:\/\/algarve7.pt\/index.php\/wp-json\/wp\/v2\/media?parent=58875"}],"wp:term":[{"taxonomy":"category","embeddable":true,"href":"https:\/\/algarve7.pt\/index.php\/wp-json\/wp\/v2\/categories?post=58875"},{"taxonomy":"post_tag","embeddable":true,"href":"https:\/\/algarve7.pt\/index.php\/wp-json\/wp\/v2\/tags?post=58875"}],"curies":[{"name":"wp","href":"https:\/\/api.w.org\/{rel}","templated":true}]}}