{"id":5887,"date":"2021-02-05T11:01:19","date_gmt":"2021-02-05T11:01:19","guid":{"rendered":"https:\/\/algarve7.pt\/?p=5887"},"modified":"2021-02-05T11:01:23","modified_gmt":"2021-02-05T11:01:23","slug":"aldeia-do-pereiro-vai-ser-requalificada","status":"publish","type":"post","link":"https:\/\/algarve7.pt\/index.php\/2021\/02\/aldeia-do-pereiro-vai-ser-requalificada\/atualidade\/11\/01\/","title":{"rendered":"Aldeia do Pereiro vai ser requalificada"},"content":{"rendered":"\n<p>A C\u00e2mara Municipal de Alcoutim aprovou, em reuni\u00e3o realizada esta quarta-feira, dia 3 de fevereiro, o projeto de execu\u00e7\u00e3o da Requalifica\u00e7\u00e3o Paisag\u00edstica na Aldeia do Pereiro. O pre\u00e7o base para a execu\u00e7\u00e3o da empreitada \u00e9 de 1.039.843,73 euros + IVA e o prazo estimado para execu\u00e7\u00e3o dos trabalhos \u00e9 de 12 meses.<\/p>\n\n\n\n<p>A interven\u00e7\u00e3o tem como objetivo a requalifica\u00e7\u00e3o de arruamentos na aldeia do Pereiro, criando novos circuito pedonais, ciclovias, estacionamento ordenado e implanta\u00e7\u00e3o de equipamento geri\u00e1trico.&nbsp;<\/p>\n\n\n\n<p>A \u00e1rea sujeita a interven\u00e7\u00e3o \u00e9 constitu\u00edda por tr\u00eas fases que equivalem a tr\u00eas zonas destintas, designadamente a fase um que tem inicio na rotunda e se estende por aproximadamente 500 metros em dire\u00e7\u00e3o a Martinlongo, a fase dois que tem in\u00edcio na rotunda e se estende por aproximadamente 500 metros em dire\u00e7\u00e3o a Alcoutim e pela fase tr\u00eas que compreende a Rua da Escola, Largo do Mercado e Rua das Flores.&nbsp;<\/p>\n\n\n\n<p>Para o tro\u00e7o da fase um est\u00e1 previsto a norte uma faixa pedonal com 1,60m de largura e a sul uma ciclovia de 2,20m de largura; para o tro\u00e7o da fase dois est\u00e1 previsto a sul uma ciclovia de 2,20m de largura e para o tro\u00e7o da fase tr\u00eas prop\u00f5em-se a requalifica\u00e7\u00e3o do estacionamento ao longo da via atrav\u00e9s de pintura do pavimento e a cria\u00e7\u00e3o de faixas pedonais e o seu respetivo revestimento.<\/p>\n\n\n\n<p>A estrutura de pavimento da faixa pedonal e da ciclovia ser\u00e1 em cal\u00e7ada tradicional e bet\u00e3o poroso, respetivamente.<\/p>\n\n\n\n<p>Na fase tr\u00eas existem duas \u00e1reas junto \u00e0 rotunda que ser\u00e3o revestidas com cal\u00e7ada tradicional e ser\u00e3o dotadas, numa delas, de equipamento geri\u00e1trico para uso da popula\u00e7\u00e3o e visitantes, numa perspetiva de valoriza\u00e7\u00e3o do espa\u00e7o p\u00fablico e com o objetivo de promover uma melhor qualidade de vida, bem como a pr\u00e1tica regular de exerc\u00edcio f\u00edsico ao ar livre.<\/p>\n","protected":false},"excerpt":{"rendered":"<p>A C\u00e2mara Municipal de Alcoutim aprovou, em reuni\u00e3o realizada esta quarta-feira, dia 3 de fevereiro, o projeto de execu\u00e7\u00e3o da<\/p>\n","protected":false},"author":1,"featured_media":4445,"comment_status":"closed","ping_status":"open","sticky":false,"template":"","format":"standard","meta":{"colormag_page_container_layout":"default_layout","colormag_page_sidebar_layout":"default_layout","_monsterinsights_skip_tracking":false,"_monsterinsights_sitenote_active":false,"_monsterinsights_sitenote_note":"","_monsterinsights_sitenote_category":0,"jetpack_post_was_ever_published":false,"_jetpack_newsletter_access":"","_jetpack_dont_email_post_to_subs":false,"_jetpack_newsletter_tier_id":0,"_jetpack_memberships_contains_paywalled_content":false,"_jetpack_memberships_contains_paid_content":false,"footnotes":"","jetpack_publicize_message":"","jetpack_publicize_feature_enabled":true,"jetpack_social_post_already_shared":true,"jetpack_social_options":{"image_generator_settings":{"template":"highway","default_image_id":0,"font":"","enabled":false},"version":2}},"categories":[11],"tags":[79,36,62],"class_list":["post-5887","post","type-post","status-publish","format-standard","has-post-thumbnail","hentry","category-atualidade","tag-alcoutim","tag-algarve","tag-atualidade"],"yoast_head":"<!-- This site is optimized with the Yoast SEO plugin v27.4 - https:\/\/yoast.com\/product\/yoast-seo-wordpress\/ -->\n<title>Aldeia do Pereiro vai ser requalificada - Algarve 7<\/title>\n<meta name=\"description\" content=\"Aldeia do Pereiro vai ser requalificada Atualidade\" \/>\n<meta name=\"robots\" content=\"index, follow, max-snippet:-1, max-image-preview:large, max-video-preview:-1\" \/>\n<link rel=\"canonical\" href=\"https:\/\/algarve7.pt\/index.php\/2021\/02\/aldeia-do-pereiro-vai-ser-requalificada\/atualidade\/11\/01\/\" \/>\n<meta property=\"og:locale\" content=\"pt_PT\" \/>\n<meta property=\"og:type\" content=\"article\" \/>\n<meta property=\"og:title\" content=\"Aldeia do Pereiro vai ser requalificada - Algarve 7\" \/>\n<meta property=\"og:description\" content=\"Aldeia do Pereiro vai ser requalificada Atualidade\" \/>\n<meta property=\"og:url\" content=\"https:\/\/algarve7.pt\/index.php\/2021\/02\/aldeia-do-pereiro-vai-ser-requalificada\/atualidade\/11\/01\/\" \/>\n<meta property=\"og:site_name\" content=\"Algarve 7\" \/>\n<meta property=\"article:publisher\" content=\"https:\/\/www.facebook.com\/algarve7\" \/>\n<meta property=\"article:author\" content=\"https:\/\/www.facebook.com\/algarve7\" \/>\n<meta property=\"article:published_time\" content=\"2021-02-05T11:01:19+00:00\" \/>\n<meta property=\"article:modified_time\" content=\"2021-02-05T11:01:23+00:00\" \/>\n<meta property=\"og:image\" content=\"https:\/\/algarve7.pt\/wp-content\/uploads\/2020\/12\/Edificio-CMA.jpg\" \/>\n\t<meta property=\"og:image:width\" content=\"1546\" \/>\n\t<meta property=\"og:image:height\" content=\"1920\" \/>\n\t<meta property=\"og:image:type\" content=\"image\/jpeg\" \/>\n<meta name=\"author\" content=\"Algarve 7\" \/>\n<meta name=\"twitter:card\" content=\"summary_large_image\" \/>\n<meta name=\"twitter:creator\" content=\"@Algarvesete\" \/>\n<meta name=\"twitter:site\" content=\"@Algarvesete\" \/>\n<meta name=\"twitter:label1\" content=\"Escrito por\" \/>\n\t<meta name=\"twitter:data1\" content=\"Algarve 7\" \/>\n\t<meta name=\"twitter:label2\" content=\"Tempo estimado de leitura\" \/>\n\t<meta name=\"twitter:data2\" content=\"2 minutos\" \/>\n<script type=\"application\/ld+json\" class=\"yoast-schema-graph\">{\"@context\":\"https:\\\/\\\/schema.org\",\"@graph\":[{\"@type\":\"Article\",\"@id\":\"https:\\\/\\\/algarve7.pt\\\/index.php\\\/2021\\\/02\\\/aldeia-do-pereiro-vai-ser-requalificada\\\/atualidade\\\/11\\\/01\\\/#article\",\"isPartOf\":{\"@id\":\"https:\\\/\\\/algarve7.pt\\\/index.php\\\/2021\\\/02\\\/aldeia-do-pereiro-vai-ser-requalificada\\\/atualidade\\\/11\\\/01\\\/\"},\"author\":{\"name\":\"Algarve 7\",\"@id\":\"https:\\\/\\\/algarve7.pt\\\/#\\\/schema\\\/person\\\/23fa70681308e7b319a3204bcea45e0c\"},\"headline\":\"Aldeia do Pereiro vai ser requalificada\",\"datePublished\":\"2021-02-05T11:01:19+00:00\",\"dateModified\":\"2021-02-05T11:01:23+00:00\",\"mainEntityOfPage\":{\"@id\":\"https:\\\/\\\/algarve7.pt\\\/index.php\\\/2021\\\/02\\\/aldeia-do-pereiro-vai-ser-requalificada\\\/atualidade\\\/11\\\/01\\\/\"},\"wordCount\":339,\"publisher\":{\"@id\":\"https:\\\/\\\/algarve7.pt\\\/#organization\"},\"image\":{\"@id\":\"https:\\\/\\\/algarve7.pt\\\/index.php\\\/2021\\\/02\\\/aldeia-do-pereiro-vai-ser-requalificada\\\/atualidade\\\/11\\\/01\\\/#primaryimage\"},\"thumbnailUrl\":\"https:\\\/\\\/algarve7.pt\\\/wp-content\\\/uploads\\\/2020\\\/12\\\/Edificio-CMA.jpg\",\"keywords\":[\"Alcoutim\",\"Algarve\",\"Atualidade\"],\"articleSection\":[\"Atualidade\"],\"inLanguage\":\"pt-PT\"},{\"@type\":\"WebPage\",\"@id\":\"https:\\\/\\\/algarve7.pt\\\/index.php\\\/2021\\\/02\\\/aldeia-do-pereiro-vai-ser-requalificada\\\/atualidade\\\/11\\\/01\\\/\",\"url\":\"https:\\\/\\\/algarve7.pt\\\/index.php\\\/2021\\\/02\\\/aldeia-do-pereiro-vai-ser-requalificada\\\/atualidade\\\/11\\\/01\\\/\",\"name\":\"Aldeia do Pereiro vai ser requalificada - Algarve 7\",\"isPartOf\":{\"@id\":\"https:\\\/\\\/algarve7.pt\\\/#website\"},\"primaryImageOfPage\":{\"@id\":\"https:\\\/\\\/algarve7.pt\\\/index.php\\\/2021\\\/02\\\/aldeia-do-pereiro-vai-ser-requalificada\\\/atualidade\\\/11\\\/01\\\/#primaryimage\"},\"image\":{\"@id\":\"https:\\\/\\\/algarve7.pt\\\/index.php\\\/2021\\\/02\\\/aldeia-do-pereiro-vai-ser-requalificada\\\/atualidade\\\/11\\\/01\\\/#primaryimage\"},\"thumbnailUrl\":\"https:\\\/\\\/algarve7.pt\\\/wp-content\\\/uploads\\\/2020\\\/12\\\/Edificio-CMA.jpg\",\"datePublished\":\"2021-02-05T11:01:19+00:00\",\"dateModified\":\"2021-02-05T11:01:23+00:00\",\"description\":\"Aldeia do Pereiro vai ser requalificada Atualidade\",\"breadcrumb\":{\"@id\":\"https:\\\/\\\/algarve7.pt\\\/index.php\\\/2021\\\/02\\\/aldeia-do-pereiro-vai-ser-requalificada\\\/atualidade\\\/11\\\/01\\\/#breadcrumb\"},\"inLanguage\":\"pt-PT\",\"potentialAction\":[{\"@type\":\"ReadAction\",\"target\":[\"https:\\\/\\\/algarve7.pt\\\/index.php\\\/2021\\\/02\\\/aldeia-do-pereiro-vai-ser-requalificada\\\/atualidade\\\/11\\\/01\\\/\"]}]},{\"@type\":\"ImageObject\",\"inLanguage\":\"pt-PT\",\"@id\":\"https:\\\/\\\/algarve7.pt\\\/index.php\\\/2021\\\/02\\\/aldeia-do-pereiro-vai-ser-requalificada\\\/atualidade\\\/11\\\/01\\\/#primaryimage\",\"url\":\"https:\\\/\\\/algarve7.pt\\\/wp-content\\\/uploads\\\/2020\\\/12\\\/Edificio-CMA.jpg\",\"contentUrl\":\"https:\\\/\\\/algarve7.pt\\\/wp-content\\\/uploads\\\/2020\\\/12\\\/Edificio-CMA.jpg\",\"width\":1546,\"height\":1920},{\"@type\":\"BreadcrumbList\",\"@id\":\"https:\\\/\\\/algarve7.pt\\\/index.php\\\/2021\\\/02\\\/aldeia-do-pereiro-vai-ser-requalificada\\\/atualidade\\\/11\\\/01\\\/#breadcrumb\",\"itemListElement\":[{\"@type\":\"ListItem\",\"position\":1,\"name\":\"In\u00edcio\",\"item\":\"https:\\\/\\\/algarve7.pt\\\/\"},{\"@type\":\"ListItem\",\"position\":2,\"name\":\"Aldeia do Pereiro vai ser requalificada\"}]},{\"@type\":\"WebSite\",\"@id\":\"https:\\\/\\\/algarve7.pt\\\/#website\",\"url\":\"https:\\\/\\\/algarve7.pt\\\/\",\"name\":\"Algarve 7\",\"description\":\"Informa\u00e7\u00e3o sobre o Algarve\",\"publisher\":{\"@id\":\"https:\\\/\\\/algarve7.pt\\\/#organization\"},\"potentialAction\":[{\"@type\":\"SearchAction\",\"target\":{\"@type\":\"EntryPoint\",\"urlTemplate\":\"https:\\\/\\\/algarve7.pt\\\/?s={search_term_string}\"},\"query-input\":{\"@type\":\"PropertyValueSpecification\",\"valueRequired\":true,\"valueName\":\"search_term_string\"}}],\"inLanguage\":\"pt-PT\"},{\"@type\":\"Organization\",\"@id\":\"https:\\\/\\\/algarve7.pt\\\/#organization\",\"name\":\"Algarve 7\",\"url\":\"https:\\\/\\\/algarve7.pt\\\/\",\"logo\":{\"@type\":\"ImageObject\",\"inLanguage\":\"pt-PT\",\"@id\":\"https:\\\/\\\/algarve7.pt\\\/#\\\/schema\\\/logo\\\/image\\\/\",\"url\":\"https:\\\/\\\/algarve7.pt\\\/wp-content\\\/uploads\\\/2020\\\/10\\\/Logo-8.jpg\",\"contentUrl\":\"https:\\\/\\\/algarve7.pt\\\/wp-content\\\/uploads\\\/2020\\\/10\\\/Logo-8.jpg\",\"width\":1680,\"height\":1186,\"caption\":\"Algarve 7\"},\"image\":{\"@id\":\"https:\\\/\\\/algarve7.pt\\\/#\\\/schema\\\/logo\\\/image\\\/\"},\"sameAs\":[\"https:\\\/\\\/www.facebook.com\\\/algarve7\",\"https:\\\/\\\/x.com\\\/Algarvesete\",\"https:\\\/\\\/www.instagram.com\\\/jornalalgarve7\\\/\",\"https:\\\/\\\/www.linkedin.com\\\/company\\\/algarve7\",\"https:\\\/\\\/www.pinterest.pt\\\/geral0939\\\/_created\\\/\"]},{\"@type\":\"Person\",\"@id\":\"https:\\\/\\\/algarve7.pt\\\/#\\\/schema\\\/person\\\/23fa70681308e7b319a3204bcea45e0c\",\"name\":\"Algarve 7\",\"sameAs\":[\"https:\\\/\\\/algarve7.pt\",\"https:\\\/\\\/www.facebook.com\\\/algarve7\"],\"url\":\"https:\\\/\\\/algarve7.pt\\\/index.php\\\/author\\\/geralalgarve7-pt\\\/\"}]}<\/script>\n<!-- \/ Yoast SEO plugin. -->","yoast_head_json":{"title":"Aldeia do Pereiro vai ser requalificada - Algarve 7","description":"Aldeia do Pereiro vai ser requalificada Atualidade","robots":{"index":"index","follow":"follow","max-snippet":"max-snippet:-1","max-image-preview":"max-image-preview:large","max-video-preview":"max-video-preview:-1"},"canonical":"https:\/\/algarve7.pt\/index.php\/2021\/02\/aldeia-do-pereiro-vai-ser-requalificada\/atualidade\/11\/01\/","og_locale":"pt_PT","og_type":"article","og_title":"Aldeia do Pereiro vai ser requalificada - Algarve 7","og_description":"Aldeia do Pereiro vai ser requalificada Atualidade","og_url":"https:\/\/algarve7.pt\/index.php\/2021\/02\/aldeia-do-pereiro-vai-ser-requalificada\/atualidade\/11\/01\/","og_site_name":"Algarve 7","article_publisher":"https:\/\/www.facebook.com\/algarve7","article_author":"https:\/\/www.facebook.com\/algarve7","article_published_time":"2021-02-05T11:01:19+00:00","article_modified_time":"2021-02-05T11:01:23+00:00","og_image":[{"width":1546,"height":1920,"url":"https:\/\/algarve7.pt\/wp-content\/uploads\/2020\/12\/Edificio-CMA.jpg","type":"image\/jpeg"}],"author":"Algarve 7","twitter_card":"summary_large_image","twitter_creator":"@Algarvesete","twitter_site":"@Algarvesete","twitter_misc":{"Escrito por":"Algarve 7","Tempo estimado de leitura":"2 minutos"},"schema":{"@context":"https:\/\/schema.org","@graph":[{"@type":"Article","@id":"https:\/\/algarve7.pt\/index.php\/2021\/02\/aldeia-do-pereiro-vai-ser-requalificada\/atualidade\/11\/01\/#article","isPartOf":{"@id":"https:\/\/algarve7.pt\/index.php\/2021\/02\/aldeia-do-pereiro-vai-ser-requalificada\/atualidade\/11\/01\/"},"author":{"name":"Algarve 7","@id":"https:\/\/algarve7.pt\/#\/schema\/person\/23fa70681308e7b319a3204bcea45e0c"},"headline":"Aldeia do Pereiro vai ser requalificada","datePublished":"2021-02-05T11:01:19+00:00","dateModified":"2021-02-05T11:01:23+00:00","mainEntityOfPage":{"@id":"https:\/\/algarve7.pt\/index.php\/2021\/02\/aldeia-do-pereiro-vai-ser-requalificada\/atualidade\/11\/01\/"},"wordCount":339,"publisher":{"@id":"https:\/\/algarve7.pt\/#organization"},"image":{"@id":"https:\/\/algarve7.pt\/index.php\/2021\/02\/aldeia-do-pereiro-vai-ser-requalificada\/atualidade\/11\/01\/#primaryimage"},"thumbnailUrl":"https:\/\/algarve7.pt\/wp-content\/uploads\/2020\/12\/Edificio-CMA.jpg","keywords":["Alcoutim","Algarve","Atualidade"],"articleSection":["Atualidade"],"inLanguage":"pt-PT"},{"@type":"WebPage","@id":"https:\/\/algarve7.pt\/index.php\/2021\/02\/aldeia-do-pereiro-vai-ser-requalificada\/atualidade\/11\/01\/","url":"https:\/\/algarve7.pt\/index.php\/2021\/02\/aldeia-do-pereiro-vai-ser-requalificada\/atualidade\/11\/01\/","name":"Aldeia do Pereiro vai ser requalificada - Algarve 7","isPartOf":{"@id":"https:\/\/algarve7.pt\/#website"},"primaryImageOfPage":{"@id":"https:\/\/algarve7.pt\/index.php\/2021\/02\/aldeia-do-pereiro-vai-ser-requalificada\/atualidade\/11\/01\/#primaryimage"},"image":{"@id":"https:\/\/algarve7.pt\/index.php\/2021\/02\/aldeia-do-pereiro-vai-ser-requalificada\/atualidade\/11\/01\/#primaryimage"},"thumbnailUrl":"https:\/\/algarve7.pt\/wp-content\/uploads\/2020\/12\/Edificio-CMA.jpg","datePublished":"2021-02-05T11:01:19+00:00","dateModified":"2021-02-05T11:01:23+00:00","description":"Aldeia do Pereiro vai ser requalificada Atualidade","breadcrumb":{"@id":"https:\/\/algarve7.pt\/index.php\/2021\/02\/aldeia-do-pereiro-vai-ser-requalificada\/atualidade\/11\/01\/#breadcrumb"},"inLanguage":"pt-PT","potentialAction":[{"@type":"ReadAction","target":["https:\/\/algarve7.pt\/index.php\/2021\/02\/aldeia-do-pereiro-vai-ser-requalificada\/atualidade\/11\/01\/"]}]},{"@type":"ImageObject","inLanguage":"pt-PT","@id":"https:\/\/algarve7.pt\/index.php\/2021\/02\/aldeia-do-pereiro-vai-ser-requalificada\/atualidade\/11\/01\/#primaryimage","url":"https:\/\/algarve7.pt\/wp-content\/uploads\/2020\/12\/Edificio-CMA.jpg","contentUrl":"https:\/\/algarve7.pt\/wp-content\/uploads\/2020\/12\/Edificio-CMA.jpg","width":1546,"height":1920},{"@type":"BreadcrumbList","@id":"https:\/\/algarve7.pt\/index.php\/2021\/02\/aldeia-do-pereiro-vai-ser-requalificada\/atualidade\/11\/01\/#breadcrumb","itemListElement":[{"@type":"ListItem","position":1,"name":"In\u00edcio","item":"https:\/\/algarve7.pt\/"},{"@type":"ListItem","position":2,"name":"Aldeia do Pereiro vai ser requalificada"}]},{"@type":"WebSite","@id":"https:\/\/algarve7.pt\/#website","url":"https:\/\/algarve7.pt\/","name":"Algarve 7","description":"Informa\u00e7\u00e3o sobre o Algarve","publisher":{"@id":"https:\/\/algarve7.pt\/#organization"},"potentialAction":[{"@type":"SearchAction","target":{"@type":"EntryPoint","urlTemplate":"https:\/\/algarve7.pt\/?s={search_term_string}"},"query-input":{"@type":"PropertyValueSpecification","valueRequired":true,"valueName":"search_term_string"}}],"inLanguage":"pt-PT"},{"@type":"Organization","@id":"https:\/\/algarve7.pt\/#organization","name":"Algarve 7","url":"https:\/\/algarve7.pt\/","logo":{"@type":"ImageObject","inLanguage":"pt-PT","@id":"https:\/\/algarve7.pt\/#\/schema\/logo\/image\/","url":"https:\/\/algarve7.pt\/wp-content\/uploads\/2020\/10\/Logo-8.jpg","contentUrl":"https:\/\/algarve7.pt\/wp-content\/uploads\/2020\/10\/Logo-8.jpg","width":1680,"height":1186,"caption":"Algarve 7"},"image":{"@id":"https:\/\/algarve7.pt\/#\/schema\/logo\/image\/"},"sameAs":["https:\/\/www.facebook.com\/algarve7","https:\/\/x.com\/Algarvesete","https:\/\/www.instagram.com\/jornalalgarve7\/","https:\/\/www.linkedin.com\/company\/algarve7","https:\/\/www.pinterest.pt\/geral0939\/_created\/"]},{"@type":"Person","@id":"https:\/\/algarve7.pt\/#\/schema\/person\/23fa70681308e7b319a3204bcea45e0c","name":"Algarve 7","sameAs":["https:\/\/algarve7.pt","https:\/\/www.facebook.com\/algarve7"],"url":"https:\/\/algarve7.pt\/index.php\/author\/geralalgarve7-pt\/"}]}},"jetpack_publicize_connections":[],"jetpack_featured_media_url":"https:\/\/algarve7.pt\/wp-content\/uploads\/2020\/12\/Edificio-CMA.jpg","jetpack_shortlink":"https:\/\/wp.me\/pcezmW-1wX","jetpack_sharing_enabled":true,"_links":{"self":[{"href":"https:\/\/algarve7.pt\/index.php\/wp-json\/wp\/v2\/posts\/5887","targetHints":{"allow":["GET"]}}],"collection":[{"href":"https:\/\/algarve7.pt\/index.php\/wp-json\/wp\/v2\/posts"}],"about":[{"href":"https:\/\/algarve7.pt\/index.php\/wp-json\/wp\/v2\/types\/post"}],"author":[{"embeddable":true,"href":"https:\/\/algarve7.pt\/index.php\/wp-json\/wp\/v2\/users\/1"}],"replies":[{"embeddable":true,"href":"https:\/\/algarve7.pt\/index.php\/wp-json\/wp\/v2\/comments?post=5887"}],"version-history":[{"count":0,"href":"https:\/\/algarve7.pt\/index.php\/wp-json\/wp\/v2\/posts\/5887\/revisions"}],"wp:featuredmedia":[{"embeddable":true,"href":"https:\/\/algarve7.pt\/index.php\/wp-json\/wp\/v2\/media\/4445"}],"wp:attachment":[{"href":"https:\/\/algarve7.pt\/index.php\/wp-json\/wp\/v2\/media?parent=5887"}],"wp:term":[{"taxonomy":"category","embeddable":true,"href":"https:\/\/algarve7.pt\/index.php\/wp-json\/wp\/v2\/categories?post=5887"},{"taxonomy":"post_tag","embeddable":true,"href":"https:\/\/algarve7.pt\/index.php\/wp-json\/wp\/v2\/tags?post=5887"}],"curies":[{"name":"wp","href":"https:\/\/api.w.org\/{rel}","templated":true}]}}