{"id":58854,"date":"2026-02-17T08:38:35","date_gmt":"2026-02-17T08:38:35","guid":{"rendered":"https:\/\/algarve7.pt\/?p=58854"},"modified":"2026-02-17T08:38:40","modified_gmt":"2026-02-17T08:38:40","slug":"8-o-open-internacional-de-tenis-de-vrsa-sete-portugueses-na-ronda-de-acesso-ao-quadro-principal","status":"publish","type":"post","link":"https:\/\/algarve7.pt\/index.php\/2026\/02\/8-o-open-internacional-de-tenis-de-vrsa-sete-portugueses-na-ronda-de-acesso-ao-quadro-principal\/desporto\/08\/38\/","title":{"rendered":"8.\u00ba Open Internacional de T\u00e9nis de VRSA: Sete portugueses na ronda de acesso\u00a0ao quadro principal"},"content":{"rendered":"\n<p>Francisco Rocha, Tiago Ca\u00e7\u00e3o, Tom\u00e1s Lu\u00eds, Diogo Marques, Jo\u00e3o Gra\u00e7a, Hugo Maia e Daniel Batista v\u00e3o, esta ter\u00e7a-feira, discutir o acesso ao quadro principal do 8.\u00ba Open Internacional de T\u00e9nis de Vila Real de Santo Ant\u00f3nio.&nbsp;<\/p>\n\n\n\n<p>Tiago Pereira, Gast\u00e3o Elias, Jo\u00e3o Domingues, Gon\u00e7alo da Rosa Castro e Salvador Monteiro tem j\u00e1 presen\u00e7a assegurada no quadro principal do torneio da categoria M25, com um pr\u00e9mio monet\u00e1rio total de 30 mil d\u00f3lares (25 mil euros). e pontu\u00e1vel para o ranking mundial.<\/p>\n\n\n\n<p>Garantida est\u00e1 a qualifica\u00e7\u00e3o de um tenista portugu\u00eas j\u00e1 que Tomas Lu\u00eds (n.\u00ba6) e Diogo Marques (n.\u00ba11) v\u00e3o defrontar-se na ronda de qualifica\u00e7\u00e3o, ap\u00f3s eliminarem, respectivamente, Guilherme Valdoleiros, por 7-6, (7\/2), 0-6 e 10\/6, e o holand\u00eas Stijn Hofman, por 6-4, 6-3.<\/p>\n\n\n\n<p>Francisco Rocha, isento da ronda inicial, fez jus ao estatuto de cabe\u00e7a de s\u00e9rie n.\u00ba1 da fase de qualifica\u00e7\u00e3o e venceu claramente o japon\u00eas Rin Kojima, por 6-1, 6-1. Na terceira e \u00faltima ronda, Rocha ter\u00e1 pela frente o alem\u00e3o Rafael Giotis (n.\u00ba16), que eliminou o portugu\u00eas Gon\u00e7alo Amorim, por 6-1, 6-3.<\/p>\n\n\n\n<p>Tiago Ca\u00e7\u00e3o (n.\u00ba5) afastou o espanhol Carles Rojas, com um duplo 6-1 e vai defrontar outro espanhol, Alejandro Lopez Escribano, a quem j\u00e1 venceu por duas vezes, no ano passado. Por sua vez, Hugo Maia (n.\u00ba15) afastou o espanhol Mike Martinez 6-4, 6-3, e vai agora defrontar o franc\u00eas Marko Maric.<\/p>\n\n\n\n<p>Daniel Batista obteve a segunda vit\u00f3ria nesta fase de qualifica\u00e7\u00e3o, ao ultrapassar o dinamarqu\u00eas Benjamin Hannestad, por 6-7 (4\/7), 7-5 e 10\/8 e vai agora decidir um lugar no quadro final com o italiano Giorgio Tabacco, quarto cabe\u00e7a de s\u00e9rie do qualifying.<\/p>\n\n\n\n<p>Jo\u00e3o Gra\u00e7a (n.\u00ba12), que ultrapassou o japon\u00eas Ren Nakamura, por 6-2, 6-0, vai protagonizar um duelo entre cabe\u00e7as de s\u00e9rie, com o espanhol Rafael Izquierdo Luque (n.\u00ba3).<\/p>\n\n\n\n<p>Aos oito vencedores da terceira eliminat\u00f3ria do qualifying v\u00e3o juntar-se mais dois lucky losers, devido a desist\u00eancias de \u00faltima hora no quadro final.<\/p>\n\n\n\n<p>Entre os cabe\u00e7as de s\u00e9rie do quadro principal est\u00e3o Tiago Pereira (n.\u00ba3) e Gast\u00e3o Elias (n.\u00ba7) e tamb\u00e9m os compatriotas, contemplados com wild-cards, Jo\u00e3o Domingues, Gon\u00e7alo da Rosa Castro e Salvador Monteiro.&nbsp;<\/p>\n\n\n\n<p>Elias (387.\u00ba) \u00e9 o primeiro a estrear-se, j\u00e1 nesta ter\u00e7a-feira, frente ao brit\u00e2nico Henry Searle, campe\u00e3o j\u00fanior em Wimbledon em 2023 e actual 480.\u00ba no ranking ATP \u2013 que surgiu em Vila Real de Santo Ant\u00f3nio acompanhado pelo bem mais conhecido compatriota Daniel Evans (ex-21.\u00ba mundial), a recuperar fisicamente antes de voltar ao circuito.&nbsp;<\/p>\n\n\n\n<p>Na jornada de hoje 17, estar\u00e3o igualmente em ac\u00e7\u00e3o mais 13 tenistas portugueses a competir na prova de pares.<\/p>\n","protected":false},"excerpt":{"rendered":"<p>Francisco Rocha, Tiago Ca\u00e7\u00e3o, Tom\u00e1s Lu\u00eds, Diogo Marques, Jo\u00e3o Gra\u00e7a, Hugo Maia e Daniel Batista v\u00e3o, esta ter\u00e7a-feira, discutir o<\/p>\n","protected":false},"author":1,"featured_media":58855,"comment_status":"closed","ping_status":"closed","sticky":false,"template":"","format":"standard","meta":{"colormag_page_container_layout":"default_layout","colormag_page_sidebar_layout":"default_layout","_monsterinsights_skip_tracking":false,"_monsterinsights_sitenote_active":false,"_monsterinsights_sitenote_note":"","_monsterinsights_sitenote_category":0,"jetpack_post_was_ever_published":false,"_jetpack_newsletter_access":"","_jetpack_dont_email_post_to_subs":false,"_jetpack_newsletter_tier_id":0,"_jetpack_memberships_contains_paywalled_content":false,"_jetpack_memberships_contains_paid_content":false,"footnotes":"","jetpack_publicize_message":"","jetpack_publicize_feature_enabled":true,"jetpack_social_post_already_shared":true,"jetpack_social_options":{"image_generator_settings":{"template":"highway","default_image_id":0,"font":"","enabled":false},"version":2}},"categories":[15],"tags":[36,40,1227,458,123],"class_list":["post-58854","post","type-post","status-publish","format-standard","has-post-thumbnail","hentry","category-desporto","tag-algarve","tag-desporto","tag-open-internacional-de-tenis-de-vrsa","tag-tenis-2","tag-vila-real-de-sto-antonio"],"yoast_head":"<!-- This site is optimized with the Yoast SEO plugin v27.5 - https:\/\/yoast.com\/product\/yoast-seo-wordpress\/ -->\n<title>8.\u00ba Open Internacional de T\u00e9nis de VRSA: Sete portugueses na ronda de acesso\u00a0ao quadro principal - Algarve 7<\/title>\n<meta name=\"description\" content=\"8.\u00ba Open Internacional de T\u00e9nis de VRSA: Sete portugueses na ronda de acesso\u00a0ao quadro principal Desporto\" \/>\n<meta name=\"robots\" content=\"index, follow, max-snippet:-1, max-image-preview:large, max-video-preview:-1\" \/>\n<link rel=\"canonical\" href=\"https:\/\/algarve7.pt\/index.php\/2026\/02\/8-o-open-internacional-de-tenis-de-vrsa-sete-portugueses-na-ronda-de-acesso-ao-quadro-principal\/desporto\/08\/38\/\" \/>\n<meta property=\"og:locale\" content=\"pt_PT\" \/>\n<meta property=\"og:type\" content=\"article\" \/>\n<meta property=\"og:title\" content=\"8.\u00ba Open Internacional de T\u00e9nis de VRSA: Sete portugueses na ronda de acesso\u00a0ao quadro principal - Algarve 7\" \/>\n<meta property=\"og:description\" content=\"8.\u00ba Open Internacional de T\u00e9nis de VRSA: Sete portugueses na ronda de acesso\u00a0ao quadro principal Desporto\" \/>\n<meta property=\"og:url\" content=\"https:\/\/algarve7.pt\/index.php\/2026\/02\/8-o-open-internacional-de-tenis-de-vrsa-sete-portugueses-na-ronda-de-acesso-ao-quadro-principal\/desporto\/08\/38\/\" \/>\n<meta property=\"og:site_name\" content=\"Algarve 7\" \/>\n<meta property=\"article:publisher\" content=\"https:\/\/www.facebook.com\/algarve7\" \/>\n<meta property=\"article:author\" content=\"https:\/\/www.facebook.com\/algarve7\" \/>\n<meta property=\"article:published_time\" content=\"2026-02-17T08:38:35+00:00\" \/>\n<meta property=\"article:modified_time\" content=\"2026-02-17T08:38:40+00:00\" \/>\n<meta property=\"og:image\" content=\"https:\/\/algarve7.pt\/wp-content\/uploads\/2026\/02\/Captura-de-ecra-2026-02-17-as-08.36.24.png\" \/>\n\t<meta property=\"og:image:width\" content=\"800\" \/>\n\t<meta property=\"og:image:height\" content=\"500\" \/>\n\t<meta property=\"og:image:type\" content=\"image\/png\" \/>\n<meta name=\"author\" content=\"Algarve 7\" \/>\n<meta name=\"twitter:card\" content=\"summary_large_image\" \/>\n<meta name=\"twitter:creator\" content=\"@Algarvesete\" \/>\n<meta name=\"twitter:site\" content=\"@Algarvesete\" \/>\n<meta name=\"twitter:label1\" content=\"Escrito por\" \/>\n\t<meta name=\"twitter:data1\" content=\"Algarve 7\" \/>\n\t<meta name=\"twitter:label2\" content=\"Tempo estimado de leitura\" \/>\n\t<meta name=\"twitter:data2\" content=\"3 minutos\" \/>\n<script type=\"application\/ld+json\" class=\"yoast-schema-graph\">{\"@context\":\"https:\\\/\\\/schema.org\",\"@graph\":[{\"@type\":\"Article\",\"@id\":\"https:\\\/\\\/algarve7.pt\\\/index.php\\\/2026\\\/02\\\/8-o-open-internacional-de-tenis-de-vrsa-sete-portugueses-na-ronda-de-acesso-ao-quadro-principal\\\/desporto\\\/08\\\/38\\\/#article\",\"isPartOf\":{\"@id\":\"https:\\\/\\\/algarve7.pt\\\/index.php\\\/2026\\\/02\\\/8-o-open-internacional-de-tenis-de-vrsa-sete-portugueses-na-ronda-de-acesso-ao-quadro-principal\\\/desporto\\\/08\\\/38\\\/\"},\"author\":{\"name\":\"Algarve 7\",\"@id\":\"https:\\\/\\\/algarve7.pt\\\/#\\\/schema\\\/person\\\/23fa70681308e7b319a3204bcea45e0c\"},\"headline\":\"8.\u00ba Open Internacional de T\u00e9nis de VRSA: Sete portugueses na ronda de acesso\u00a0ao quadro principal\",\"datePublished\":\"2026-02-17T08:38:35+00:00\",\"dateModified\":\"2026-02-17T08:38:40+00:00\",\"mainEntityOfPage\":{\"@id\":\"https:\\\/\\\/algarve7.pt\\\/index.php\\\/2026\\\/02\\\/8-o-open-internacional-de-tenis-de-vrsa-sete-portugueses-na-ronda-de-acesso-ao-quadro-principal\\\/desporto\\\/08\\\/38\\\/\"},\"wordCount\":486,\"publisher\":{\"@id\":\"https:\\\/\\\/algarve7.pt\\\/#organization\"},\"image\":{\"@id\":\"https:\\\/\\\/algarve7.pt\\\/index.php\\\/2026\\\/02\\\/8-o-open-internacional-de-tenis-de-vrsa-sete-portugueses-na-ronda-de-acesso-ao-quadro-principal\\\/desporto\\\/08\\\/38\\\/#primaryimage\"},\"thumbnailUrl\":\"https:\\\/\\\/algarve7.pt\\\/wp-content\\\/uploads\\\/2026\\\/02\\\/Captura-de-ecra-2026-02-17-as-08.36.24.png\",\"keywords\":[\"Algarve\",\"Desporto\",\"Open Internacional de T\u00e9nis de VRSA\",\"Tenis\",\"Vila Real de St\u00ba Ant\u00f3nio\"],\"articleSection\":[\"Desporto\"],\"inLanguage\":\"pt-PT\"},{\"@type\":\"WebPage\",\"@id\":\"https:\\\/\\\/algarve7.pt\\\/index.php\\\/2026\\\/02\\\/8-o-open-internacional-de-tenis-de-vrsa-sete-portugueses-na-ronda-de-acesso-ao-quadro-principal\\\/desporto\\\/08\\\/38\\\/\",\"url\":\"https:\\\/\\\/algarve7.pt\\\/index.php\\\/2026\\\/02\\\/8-o-open-internacional-de-tenis-de-vrsa-sete-portugueses-na-ronda-de-acesso-ao-quadro-principal\\\/desporto\\\/08\\\/38\\\/\",\"name\":\"8.\u00ba Open Internacional de T\u00e9nis de VRSA: Sete portugueses na ronda de acesso\u00a0ao quadro principal - Algarve 7\",\"isPartOf\":{\"@id\":\"https:\\\/\\\/algarve7.pt\\\/#website\"},\"primaryImageOfPage\":{\"@id\":\"https:\\\/\\\/algarve7.pt\\\/index.php\\\/2026\\\/02\\\/8-o-open-internacional-de-tenis-de-vrsa-sete-portugueses-na-ronda-de-acesso-ao-quadro-principal\\\/desporto\\\/08\\\/38\\\/#primaryimage\"},\"image\":{\"@id\":\"https:\\\/\\\/algarve7.pt\\\/index.php\\\/2026\\\/02\\\/8-o-open-internacional-de-tenis-de-vrsa-sete-portugueses-na-ronda-de-acesso-ao-quadro-principal\\\/desporto\\\/08\\\/38\\\/#primaryimage\"},\"thumbnailUrl\":\"https:\\\/\\\/algarve7.pt\\\/wp-content\\\/uploads\\\/2026\\\/02\\\/Captura-de-ecra-2026-02-17-as-08.36.24.png\",\"datePublished\":\"2026-02-17T08:38:35+00:00\",\"dateModified\":\"2026-02-17T08:38:40+00:00\",\"description\":\"8.\u00ba Open Internacional de T\u00e9nis de VRSA: Sete portugueses na ronda de acesso\u00a0ao quadro principal Desporto\",\"breadcrumb\":{\"@id\":\"https:\\\/\\\/algarve7.pt\\\/index.php\\\/2026\\\/02\\\/8-o-open-internacional-de-tenis-de-vrsa-sete-portugueses-na-ronda-de-acesso-ao-quadro-principal\\\/desporto\\\/08\\\/38\\\/#breadcrumb\"},\"inLanguage\":\"pt-PT\",\"potentialAction\":[{\"@type\":\"ReadAction\",\"target\":[\"https:\\\/\\\/algarve7.pt\\\/index.php\\\/2026\\\/02\\\/8-o-open-internacional-de-tenis-de-vrsa-sete-portugueses-na-ronda-de-acesso-ao-quadro-principal\\\/desporto\\\/08\\\/38\\\/\"]}]},{\"@type\":\"ImageObject\",\"inLanguage\":\"pt-PT\",\"@id\":\"https:\\\/\\\/algarve7.pt\\\/index.php\\\/2026\\\/02\\\/8-o-open-internacional-de-tenis-de-vrsa-sete-portugueses-na-ronda-de-acesso-ao-quadro-principal\\\/desporto\\\/08\\\/38\\\/#primaryimage\",\"url\":\"https:\\\/\\\/algarve7.pt\\\/wp-content\\\/uploads\\\/2026\\\/02\\\/Captura-de-ecra-2026-02-17-as-08.36.24.png\",\"contentUrl\":\"https:\\\/\\\/algarve7.pt\\\/wp-content\\\/uploads\\\/2026\\\/02\\\/Captura-de-ecra-2026-02-17-as-08.36.24.png\",\"width\":800,\"height\":500},{\"@type\":\"BreadcrumbList\",\"@id\":\"https:\\\/\\\/algarve7.pt\\\/index.php\\\/2026\\\/02\\\/8-o-open-internacional-de-tenis-de-vrsa-sete-portugueses-na-ronda-de-acesso-ao-quadro-principal\\\/desporto\\\/08\\\/38\\\/#breadcrumb\",\"itemListElement\":[{\"@type\":\"ListItem\",\"position\":1,\"name\":\"In\u00edcio\",\"item\":\"https:\\\/\\\/algarve7.pt\\\/\"},{\"@type\":\"ListItem\",\"position\":2,\"name\":\"8.\u00ba Open Internacional de T\u00e9nis de VRSA: Sete portugueses na ronda de acesso\u00a0ao quadro principal\"}]},{\"@type\":\"WebSite\",\"@id\":\"https:\\\/\\\/algarve7.pt\\\/#website\",\"url\":\"https:\\\/\\\/algarve7.pt\\\/\",\"name\":\"Algarve 7\",\"description\":\"Informa\u00e7\u00e3o sobre o Algarve\",\"publisher\":{\"@id\":\"https:\\\/\\\/algarve7.pt\\\/#organization\"},\"potentialAction\":[{\"@type\":\"SearchAction\",\"target\":{\"@type\":\"EntryPoint\",\"urlTemplate\":\"https:\\\/\\\/algarve7.pt\\\/?s={search_term_string}\"},\"query-input\":{\"@type\":\"PropertyValueSpecification\",\"valueRequired\":true,\"valueName\":\"search_term_string\"}}],\"inLanguage\":\"pt-PT\"},{\"@type\":\"Organization\",\"@id\":\"https:\\\/\\\/algarve7.pt\\\/#organization\",\"name\":\"Algarve 7\",\"url\":\"https:\\\/\\\/algarve7.pt\\\/\",\"logo\":{\"@type\":\"ImageObject\",\"inLanguage\":\"pt-PT\",\"@id\":\"https:\\\/\\\/algarve7.pt\\\/#\\\/schema\\\/logo\\\/image\\\/\",\"url\":\"https:\\\/\\\/algarve7.pt\\\/wp-content\\\/uploads\\\/2020\\\/10\\\/Logo-8.jpg\",\"contentUrl\":\"https:\\\/\\\/algarve7.pt\\\/wp-content\\\/uploads\\\/2020\\\/10\\\/Logo-8.jpg\",\"width\":1680,\"height\":1186,\"caption\":\"Algarve 7\"},\"image\":{\"@id\":\"https:\\\/\\\/algarve7.pt\\\/#\\\/schema\\\/logo\\\/image\\\/\"},\"sameAs\":[\"https:\\\/\\\/www.facebook.com\\\/algarve7\",\"https:\\\/\\\/x.com\\\/Algarvesete\",\"https:\\\/\\\/www.instagram.com\\\/jornalalgarve7\\\/\",\"https:\\\/\\\/www.linkedin.com\\\/company\\\/algarve7\",\"https:\\\/\\\/www.pinterest.pt\\\/geral0939\\\/_created\\\/\"]},{\"@type\":\"Person\",\"@id\":\"https:\\\/\\\/algarve7.pt\\\/#\\\/schema\\\/person\\\/23fa70681308e7b319a3204bcea45e0c\",\"name\":\"Algarve 7\",\"sameAs\":[\"https:\\\/\\\/algarve7.pt\",\"https:\\\/\\\/www.facebook.com\\\/algarve7\"],\"url\":\"https:\\\/\\\/algarve7.pt\\\/index.php\\\/author\\\/geralalgarve7-pt\\\/\"}]}<\/script>\n<!-- \/ Yoast SEO plugin. -->","yoast_head_json":{"title":"8.\u00ba Open Internacional de T\u00e9nis de VRSA: Sete portugueses na ronda de acesso\u00a0ao quadro principal - Algarve 7","description":"8.\u00ba Open Internacional de T\u00e9nis de VRSA: Sete portugueses na ronda de acesso\u00a0ao quadro principal Desporto","robots":{"index":"index","follow":"follow","max-snippet":"max-snippet:-1","max-image-preview":"max-image-preview:large","max-video-preview":"max-video-preview:-1"},"canonical":"https:\/\/algarve7.pt\/index.php\/2026\/02\/8-o-open-internacional-de-tenis-de-vrsa-sete-portugueses-na-ronda-de-acesso-ao-quadro-principal\/desporto\/08\/38\/","og_locale":"pt_PT","og_type":"article","og_title":"8.\u00ba Open Internacional de T\u00e9nis de VRSA: Sete portugueses na ronda de acesso\u00a0ao quadro principal - Algarve 7","og_description":"8.\u00ba Open Internacional de T\u00e9nis de VRSA: Sete portugueses na ronda de acesso\u00a0ao quadro principal Desporto","og_url":"https:\/\/algarve7.pt\/index.php\/2026\/02\/8-o-open-internacional-de-tenis-de-vrsa-sete-portugueses-na-ronda-de-acesso-ao-quadro-principal\/desporto\/08\/38\/","og_site_name":"Algarve 7","article_publisher":"https:\/\/www.facebook.com\/algarve7","article_author":"https:\/\/www.facebook.com\/algarve7","article_published_time":"2026-02-17T08:38:35+00:00","article_modified_time":"2026-02-17T08:38:40+00:00","og_image":[{"width":800,"height":500,"url":"https:\/\/algarve7.pt\/wp-content\/uploads\/2026\/02\/Captura-de-ecra-2026-02-17-as-08.36.24.png","type":"image\/png"}],"author":"Algarve 7","twitter_card":"summary_large_image","twitter_creator":"@Algarvesete","twitter_site":"@Algarvesete","twitter_misc":{"Escrito por":"Algarve 7","Tempo estimado de leitura":"3 minutos"},"schema":{"@context":"https:\/\/schema.org","@graph":[{"@type":"Article","@id":"https:\/\/algarve7.pt\/index.php\/2026\/02\/8-o-open-internacional-de-tenis-de-vrsa-sete-portugueses-na-ronda-de-acesso-ao-quadro-principal\/desporto\/08\/38\/#article","isPartOf":{"@id":"https:\/\/algarve7.pt\/index.php\/2026\/02\/8-o-open-internacional-de-tenis-de-vrsa-sete-portugueses-na-ronda-de-acesso-ao-quadro-principal\/desporto\/08\/38\/"},"author":{"name":"Algarve 7","@id":"https:\/\/algarve7.pt\/#\/schema\/person\/23fa70681308e7b319a3204bcea45e0c"},"headline":"8.\u00ba Open Internacional de T\u00e9nis de VRSA: Sete portugueses na ronda de acesso\u00a0ao quadro principal","datePublished":"2026-02-17T08:38:35+00:00","dateModified":"2026-02-17T08:38:40+00:00","mainEntityOfPage":{"@id":"https:\/\/algarve7.pt\/index.php\/2026\/02\/8-o-open-internacional-de-tenis-de-vrsa-sete-portugueses-na-ronda-de-acesso-ao-quadro-principal\/desporto\/08\/38\/"},"wordCount":486,"publisher":{"@id":"https:\/\/algarve7.pt\/#organization"},"image":{"@id":"https:\/\/algarve7.pt\/index.php\/2026\/02\/8-o-open-internacional-de-tenis-de-vrsa-sete-portugueses-na-ronda-de-acesso-ao-quadro-principal\/desporto\/08\/38\/#primaryimage"},"thumbnailUrl":"https:\/\/algarve7.pt\/wp-content\/uploads\/2026\/02\/Captura-de-ecra-2026-02-17-as-08.36.24.png","keywords":["Algarve","Desporto","Open Internacional de T\u00e9nis de VRSA","Tenis","Vila Real de St\u00ba Ant\u00f3nio"],"articleSection":["Desporto"],"inLanguage":"pt-PT"},{"@type":"WebPage","@id":"https:\/\/algarve7.pt\/index.php\/2026\/02\/8-o-open-internacional-de-tenis-de-vrsa-sete-portugueses-na-ronda-de-acesso-ao-quadro-principal\/desporto\/08\/38\/","url":"https:\/\/algarve7.pt\/index.php\/2026\/02\/8-o-open-internacional-de-tenis-de-vrsa-sete-portugueses-na-ronda-de-acesso-ao-quadro-principal\/desporto\/08\/38\/","name":"8.\u00ba Open Internacional de T\u00e9nis de VRSA: Sete portugueses na ronda de acesso\u00a0ao quadro principal - Algarve 7","isPartOf":{"@id":"https:\/\/algarve7.pt\/#website"},"primaryImageOfPage":{"@id":"https:\/\/algarve7.pt\/index.php\/2026\/02\/8-o-open-internacional-de-tenis-de-vrsa-sete-portugueses-na-ronda-de-acesso-ao-quadro-principal\/desporto\/08\/38\/#primaryimage"},"image":{"@id":"https:\/\/algarve7.pt\/index.php\/2026\/02\/8-o-open-internacional-de-tenis-de-vrsa-sete-portugueses-na-ronda-de-acesso-ao-quadro-principal\/desporto\/08\/38\/#primaryimage"},"thumbnailUrl":"https:\/\/algarve7.pt\/wp-content\/uploads\/2026\/02\/Captura-de-ecra-2026-02-17-as-08.36.24.png","datePublished":"2026-02-17T08:38:35+00:00","dateModified":"2026-02-17T08:38:40+00:00","description":"8.\u00ba Open Internacional de T\u00e9nis de VRSA: Sete portugueses na ronda de acesso\u00a0ao quadro principal Desporto","breadcrumb":{"@id":"https:\/\/algarve7.pt\/index.php\/2026\/02\/8-o-open-internacional-de-tenis-de-vrsa-sete-portugueses-na-ronda-de-acesso-ao-quadro-principal\/desporto\/08\/38\/#breadcrumb"},"inLanguage":"pt-PT","potentialAction":[{"@type":"ReadAction","target":["https:\/\/algarve7.pt\/index.php\/2026\/02\/8-o-open-internacional-de-tenis-de-vrsa-sete-portugueses-na-ronda-de-acesso-ao-quadro-principal\/desporto\/08\/38\/"]}]},{"@type":"ImageObject","inLanguage":"pt-PT","@id":"https:\/\/algarve7.pt\/index.php\/2026\/02\/8-o-open-internacional-de-tenis-de-vrsa-sete-portugueses-na-ronda-de-acesso-ao-quadro-principal\/desporto\/08\/38\/#primaryimage","url":"https:\/\/algarve7.pt\/wp-content\/uploads\/2026\/02\/Captura-de-ecra-2026-02-17-as-08.36.24.png","contentUrl":"https:\/\/algarve7.pt\/wp-content\/uploads\/2026\/02\/Captura-de-ecra-2026-02-17-as-08.36.24.png","width":800,"height":500},{"@type":"BreadcrumbList","@id":"https:\/\/algarve7.pt\/index.php\/2026\/02\/8-o-open-internacional-de-tenis-de-vrsa-sete-portugueses-na-ronda-de-acesso-ao-quadro-principal\/desporto\/08\/38\/#breadcrumb","itemListElement":[{"@type":"ListItem","position":1,"name":"In\u00edcio","item":"https:\/\/algarve7.pt\/"},{"@type":"ListItem","position":2,"name":"8.\u00ba Open Internacional de T\u00e9nis de VRSA: Sete portugueses na ronda de acesso\u00a0ao quadro principal"}]},{"@type":"WebSite","@id":"https:\/\/algarve7.pt\/#website","url":"https:\/\/algarve7.pt\/","name":"Algarve 7","description":"Informa\u00e7\u00e3o sobre o Algarve","publisher":{"@id":"https:\/\/algarve7.pt\/#organization"},"potentialAction":[{"@type":"SearchAction","target":{"@type":"EntryPoint","urlTemplate":"https:\/\/algarve7.pt\/?s={search_term_string}"},"query-input":{"@type":"PropertyValueSpecification","valueRequired":true,"valueName":"search_term_string"}}],"inLanguage":"pt-PT"},{"@type":"Organization","@id":"https:\/\/algarve7.pt\/#organization","name":"Algarve 7","url":"https:\/\/algarve7.pt\/","logo":{"@type":"ImageObject","inLanguage":"pt-PT","@id":"https:\/\/algarve7.pt\/#\/schema\/logo\/image\/","url":"https:\/\/algarve7.pt\/wp-content\/uploads\/2020\/10\/Logo-8.jpg","contentUrl":"https:\/\/algarve7.pt\/wp-content\/uploads\/2020\/10\/Logo-8.jpg","width":1680,"height":1186,"caption":"Algarve 7"},"image":{"@id":"https:\/\/algarve7.pt\/#\/schema\/logo\/image\/"},"sameAs":["https:\/\/www.facebook.com\/algarve7","https:\/\/x.com\/Algarvesete","https:\/\/www.instagram.com\/jornalalgarve7\/","https:\/\/www.linkedin.com\/company\/algarve7","https:\/\/www.pinterest.pt\/geral0939\/_created\/"]},{"@type":"Person","@id":"https:\/\/algarve7.pt\/#\/schema\/person\/23fa70681308e7b319a3204bcea45e0c","name":"Algarve 7","sameAs":["https:\/\/algarve7.pt","https:\/\/www.facebook.com\/algarve7"],"url":"https:\/\/algarve7.pt\/index.php\/author\/geralalgarve7-pt\/"}]}},"jetpack_publicize_connections":[],"jetpack_featured_media_url":"https:\/\/algarve7.pt\/wp-content\/uploads\/2026\/02\/Captura-de-ecra-2026-02-17-as-08.36.24.png","jetpack_shortlink":"https:\/\/wp.me\/pcezmW-fjg","jetpack_sharing_enabled":true,"_links":{"self":[{"href":"https:\/\/algarve7.pt\/index.php\/wp-json\/wp\/v2\/posts\/58854","targetHints":{"allow":["GET"]}}],"collection":[{"href":"https:\/\/algarve7.pt\/index.php\/wp-json\/wp\/v2\/posts"}],"about":[{"href":"https:\/\/algarve7.pt\/index.php\/wp-json\/wp\/v2\/types\/post"}],"author":[{"embeddable":true,"href":"https:\/\/algarve7.pt\/index.php\/wp-json\/wp\/v2\/users\/1"}],"replies":[{"embeddable":true,"href":"https:\/\/algarve7.pt\/index.php\/wp-json\/wp\/v2\/comments?post=58854"}],"version-history":[{"count":0,"href":"https:\/\/algarve7.pt\/index.php\/wp-json\/wp\/v2\/posts\/58854\/revisions"}],"wp:featuredmedia":[{"embeddable":true,"href":"https:\/\/algarve7.pt\/index.php\/wp-json\/wp\/v2\/media\/58855"}],"wp:attachment":[{"href":"https:\/\/algarve7.pt\/index.php\/wp-json\/wp\/v2\/media?parent=58854"}],"wp:term":[{"taxonomy":"category","embeddable":true,"href":"https:\/\/algarve7.pt\/index.php\/wp-json\/wp\/v2\/categories?post=58854"},{"taxonomy":"post_tag","embeddable":true,"href":"https:\/\/algarve7.pt\/index.php\/wp-json\/wp\/v2\/tags?post=58854"}],"curies":[{"name":"wp","href":"https:\/\/api.w.org\/{rel}","templated":true}]}}