{"id":58845,"date":"2026-02-16T18:56:49","date_gmt":"2026-02-16T18:56:49","guid":{"rendered":"https:\/\/algarve7.pt\/?p=58845"},"modified":"2026-02-16T18:56:54","modified_gmt":"2026-02-16T18:56:54","slug":"max-basing-conquistou-7-o-open-internacional-de-tenis-de-vila-real-de-santo-antonio","status":"publish","type":"post","link":"https:\/\/algarve7.pt\/index.php\/2026\/02\/max-basing-conquistou-7-o-open-internacional-de-tenis-de-vila-real-de-santo-antonio\/desporto\/18\/56\/","title":{"rendered":"Max Basing conquistou 7.\u00ba Open Internacional de T\u00e9nis de Vila Real de Santo Ant\u00f3nio"},"content":{"rendered":"\n<p>O ingl\u00eas Max Basing, de apenas 23 anos, \u00e9 uma estrela em ascens\u00e3o no t\u00e9nis brit\u00e2nico e conquistou, no dia 15 de fevereiro, o seu s\u00e9timo t\u00edtulo de singulares em provas do ITF World Tennis Tour e o segundo do ano, no 7.\u00ba Open Internacional de T\u00e9nis de Vila Real de Santo Ant\u00f3nio, um torneio de 30 mil d\u00f3lares em pr\u00e9mios monet\u00e1rios (25 mil euros).&nbsp;<\/p>\n\n\n\n<p>Vencedor, logo em janeiro, de um torneio da categoria de M15 em Manacor, na famosa Academia de Rafa Nadal, onde jogou entre os 14 e os 18 anos, Max Basing somou agora o seu segundo trof\u00e9u do ano, no Algarve, mas este da categoria de M25 e come\u00e7a a forjar um registo impressionante por ter vencido as \u00faltimas sete finais que disputou. O 4.\u00ba cabe\u00e7a de s\u00e9rie do torneio esteve perto de ceder esse recorde, pois perdia por 3-1 no terceiro set, mas, uma vez mais, manifestando um esp\u00edrito de luta not\u00e1vel e uma condi\u00e7\u00e3o f\u00edsica invej\u00e1vel, ganhou seis dos \u00faltimos sete jogos da final para superar o colombiano Adri\u00e0 Soriano Barrera, o 6.\u00ba cabe\u00e7a de s\u00e9rie, por 6-1, 2-6 e 6-4, em 2h19.&nbsp;<\/p>\n\n\n\n<p>Num dia de sol, de bancadas cheias, a final de pares tamb\u00e9m foi a tr\u00eas sets e a equipa dos neerlandeses 3.\u00ba pr\u00e9-designados, Brian Bozemoj e Stijn Pel, conquistou o seu segundo t\u00edtulo em conjunto, no ITF World Tennis Tour. Bozemoj e Pel, que tinham derrotado, nas meias-finais, o portugu\u00eas Francisco Rocha e o espanhol Rafael Izquierdo Luque, superaram na final os brit\u00e2nicos 2.\u00ba cabe\u00e7as de s\u00e9rie, Lui Maxted e Finn Murgett, por 4-6, 6-3 e 10\/7. Em conjunto, foi o 2.\u00ba t\u00edtulo desta equipa, mas, individualmente, foi o nono trof\u00e9u para Bozemoj e o quarto para Pel.&nbsp;<\/p>\n\n\n\n<p>A cerim\u00f3nia de entrega de pr\u00e9mios contou com as presen\u00e7as de \u00c1lvaro Ara\u00fajo, o presidente da C\u00e2mara Municipal de Vila Real de Santo Ant\u00f3nio; Ana Gomes, presidente da Junta de Freguesia de Vila Real de Santo Ant\u00f3nio; M\u00e1rio Rola, o diretor do complexo desportivo da cidade; V\u00edtor Palma, o presidente do Clube de T\u00e9nis de Vila Real de Santo Ant\u00f3nio (a entidade organizadora, em parceria com o Munic\u00edpio e a Federa\u00e7\u00e3o Portuguesa de T\u00e9nis); o diretor de torneio, Ricardo Ribeiro; e o supervisor da Federa\u00e7\u00e3o Internacional de T\u00e9nis, o brit\u00e2nico Sultan Gangii. Entretanto, teve in\u00edcio o qualifying do 8.\u00ba Open, com Guilherme Valdoleiros e Gon\u00e7alo Marques a entrarem novamente bem na prova.&nbsp;<\/p>\n\n\n\n<p>Valdoleiros, que na semana anterior entrou no quadro principal ap\u00f3s passar a fase de qualifica\u00e7\u00e3o, eliminou o espanhol Daniel Lara Salmeron, por claros 6-1, 6-0. J\u00e1 Gon\u00e7alo Marques venceu o duelo luso com Miguel Sim\u00e3o, com os parciais de 7-5, 6-1. Entre os vencedores na primeira ronda do qualifying, a realizar esta segunda-feira, esteve igualmente Daniel Batista que derrotou o holand\u00eas Rein Koenders, com um duplo 6-4. A segunda eliminat\u00f3ria, a realizar esta segunda-feira, vai contar com 10 portugueses. Al\u00e9m dos tr\u00eas vencedores de domingo, entram tamb\u00e9m em a\u00e7\u00e3o os cabe\u00e7as de s\u00e9rie lusos Francisco Rocha (n.\u00ba 1), Tiago Ca\u00e7\u00e3o (n.\u00ba 5), Tomas Lu\u00eds (n.\u00ba 6) \u2013 frente a Valdoleiros \u2013, Diogo Marques (n.\u00ba 11), Jo\u00e3o Gra\u00e7a (n.\u00ba 12), Hugo Maia (n.\u00ba 15) e ainda Gon\u00e7alo Amorim, que teve bye na ronda inicial.<\/p>\n\n\n\n<p>Foto: Nuno Martins<\/p>\n","protected":false},"excerpt":{"rendered":"<p>O ingl\u00eas Max Basing, de apenas 23 anos, \u00e9 uma estrela em ascens\u00e3o no t\u00e9nis brit\u00e2nico e conquistou, no dia<\/p>\n","protected":false},"author":1,"featured_media":58846,"comment_status":"closed","ping_status":"closed","sticky":false,"template":"","format":"standard","meta":{"colormag_page_container_layout":"default_layout","colormag_page_sidebar_layout":"default_layout","_monsterinsights_skip_tracking":false,"_monsterinsights_sitenote_active":false,"_monsterinsights_sitenote_note":"","_monsterinsights_sitenote_category":0,"jetpack_post_was_ever_published":false,"_jetpack_newsletter_access":"","_jetpack_dont_email_post_to_subs":false,"_jetpack_newsletter_tier_id":0,"_jetpack_memberships_contains_paywalled_content":false,"_jetpack_memberships_contains_paid_content":false,"footnotes":"","jetpack_publicize_message":"","jetpack_publicize_feature_enabled":true,"jetpack_social_post_already_shared":true,"jetpack_social_options":{"image_generator_settings":{"template":"highway","default_image_id":0,"font":"","enabled":false},"version":2}},"categories":[15],"tags":[36,40,458,123],"class_list":["post-58845","post","type-post","status-publish","format-standard","has-post-thumbnail","hentry","category-desporto","tag-algarve","tag-desporto","tag-tenis-2","tag-vila-real-de-sto-antonio"],"yoast_head":"<!-- This site is optimized with the Yoast SEO plugin v27.5 - https:\/\/yoast.com\/product\/yoast-seo-wordpress\/ -->\n<title>Max Basing conquistou 7.\u00ba Open Internacional de T\u00e9nis de Vila Real de Santo Ant\u00f3nio - Algarve 7<\/title>\n<meta name=\"description\" content=\"Max Basing conquistou 7.\u00ba Open Internacional de T\u00e9nis de Vila Real de Santo Ant\u00f3nio Desporto\" \/>\n<meta name=\"robots\" content=\"index, follow, max-snippet:-1, max-image-preview:large, max-video-preview:-1\" \/>\n<link rel=\"canonical\" href=\"https:\/\/algarve7.pt\/index.php\/2026\/02\/max-basing-conquistou-7-o-open-internacional-de-tenis-de-vila-real-de-santo-antonio\/desporto\/18\/56\/\" \/>\n<meta property=\"og:locale\" content=\"pt_PT\" \/>\n<meta property=\"og:type\" content=\"article\" \/>\n<meta property=\"og:title\" content=\"Max Basing conquistou 7.\u00ba Open Internacional de T\u00e9nis de Vila Real de Santo Ant\u00f3nio - Algarve 7\" \/>\n<meta property=\"og:description\" content=\"Max Basing conquistou 7.\u00ba Open Internacional de T\u00e9nis de Vila Real de Santo Ant\u00f3nio Desporto\" \/>\n<meta property=\"og:url\" content=\"https:\/\/algarve7.pt\/index.php\/2026\/02\/max-basing-conquistou-7-o-open-internacional-de-tenis-de-vila-real-de-santo-antonio\/desporto\/18\/56\/\" \/>\n<meta property=\"og:site_name\" content=\"Algarve 7\" \/>\n<meta property=\"article:publisher\" content=\"https:\/\/www.facebook.com\/algarve7\" \/>\n<meta property=\"article:author\" content=\"https:\/\/www.facebook.com\/algarve7\" \/>\n<meta property=\"article:published_time\" content=\"2026-02-16T18:56:49+00:00\" \/>\n<meta property=\"article:modified_time\" content=\"2026-02-16T18:56:54+00:00\" \/>\n<meta property=\"og:image\" content=\"https:\/\/algarve7.pt\/wp-content\/uploads\/2026\/02\/Max-Basing-e-Alvaro-Araujo.jpeg\" \/>\n\t<meta property=\"og:image:width\" content=\"800\" \/>\n\t<meta property=\"og:image:height\" content=\"500\" \/>\n\t<meta property=\"og:image:type\" content=\"image\/jpeg\" \/>\n<meta name=\"author\" content=\"Algarve 7\" \/>\n<meta name=\"twitter:card\" content=\"summary_large_image\" \/>\n<meta name=\"twitter:creator\" content=\"@Algarvesete\" \/>\n<meta name=\"twitter:site\" content=\"@Algarvesete\" \/>\n<meta name=\"twitter:label1\" content=\"Escrito por\" \/>\n\t<meta name=\"twitter:data1\" content=\"Algarve 7\" \/>\n\t<meta name=\"twitter:label2\" content=\"Tempo estimado de leitura\" \/>\n\t<meta name=\"twitter:data2\" content=\"4 minutos\" \/>\n<script type=\"application\/ld+json\" class=\"yoast-schema-graph\">{\"@context\":\"https:\\\/\\\/schema.org\",\"@graph\":[{\"@type\":\"Article\",\"@id\":\"https:\\\/\\\/algarve7.pt\\\/index.php\\\/2026\\\/02\\\/max-basing-conquistou-7-o-open-internacional-de-tenis-de-vila-real-de-santo-antonio\\\/desporto\\\/18\\\/56\\\/#article\",\"isPartOf\":{\"@id\":\"https:\\\/\\\/algarve7.pt\\\/index.php\\\/2026\\\/02\\\/max-basing-conquistou-7-o-open-internacional-de-tenis-de-vila-real-de-santo-antonio\\\/desporto\\\/18\\\/56\\\/\"},\"author\":{\"name\":\"Algarve 7\",\"@id\":\"https:\\\/\\\/algarve7.pt\\\/#\\\/schema\\\/person\\\/23fa70681308e7b319a3204bcea45e0c\"},\"headline\":\"Max Basing conquistou 7.\u00ba Open Internacional de T\u00e9nis de Vila Real de Santo Ant\u00f3nio\",\"datePublished\":\"2026-02-16T18:56:49+00:00\",\"dateModified\":\"2026-02-16T18:56:54+00:00\",\"mainEntityOfPage\":{\"@id\":\"https:\\\/\\\/algarve7.pt\\\/index.php\\\/2026\\\/02\\\/max-basing-conquistou-7-o-open-internacional-de-tenis-de-vila-real-de-santo-antonio\\\/desporto\\\/18\\\/56\\\/\"},\"wordCount\":598,\"publisher\":{\"@id\":\"https:\\\/\\\/algarve7.pt\\\/#organization\"},\"image\":{\"@id\":\"https:\\\/\\\/algarve7.pt\\\/index.php\\\/2026\\\/02\\\/max-basing-conquistou-7-o-open-internacional-de-tenis-de-vila-real-de-santo-antonio\\\/desporto\\\/18\\\/56\\\/#primaryimage\"},\"thumbnailUrl\":\"https:\\\/\\\/algarve7.pt\\\/wp-content\\\/uploads\\\/2026\\\/02\\\/Max-Basing-e-Alvaro-Araujo.jpeg\",\"keywords\":[\"Algarve\",\"Desporto\",\"Tenis\",\"Vila Real de St\u00ba Ant\u00f3nio\"],\"articleSection\":[\"Desporto\"],\"inLanguage\":\"pt-PT\"},{\"@type\":\"WebPage\",\"@id\":\"https:\\\/\\\/algarve7.pt\\\/index.php\\\/2026\\\/02\\\/max-basing-conquistou-7-o-open-internacional-de-tenis-de-vila-real-de-santo-antonio\\\/desporto\\\/18\\\/56\\\/\",\"url\":\"https:\\\/\\\/algarve7.pt\\\/index.php\\\/2026\\\/02\\\/max-basing-conquistou-7-o-open-internacional-de-tenis-de-vila-real-de-santo-antonio\\\/desporto\\\/18\\\/56\\\/\",\"name\":\"Max Basing conquistou 7.\u00ba Open Internacional de T\u00e9nis de Vila Real de Santo Ant\u00f3nio - Algarve 7\",\"isPartOf\":{\"@id\":\"https:\\\/\\\/algarve7.pt\\\/#website\"},\"primaryImageOfPage\":{\"@id\":\"https:\\\/\\\/algarve7.pt\\\/index.php\\\/2026\\\/02\\\/max-basing-conquistou-7-o-open-internacional-de-tenis-de-vila-real-de-santo-antonio\\\/desporto\\\/18\\\/56\\\/#primaryimage\"},\"image\":{\"@id\":\"https:\\\/\\\/algarve7.pt\\\/index.php\\\/2026\\\/02\\\/max-basing-conquistou-7-o-open-internacional-de-tenis-de-vila-real-de-santo-antonio\\\/desporto\\\/18\\\/56\\\/#primaryimage\"},\"thumbnailUrl\":\"https:\\\/\\\/algarve7.pt\\\/wp-content\\\/uploads\\\/2026\\\/02\\\/Max-Basing-e-Alvaro-Araujo.jpeg\",\"datePublished\":\"2026-02-16T18:56:49+00:00\",\"dateModified\":\"2026-02-16T18:56:54+00:00\",\"description\":\"Max Basing conquistou 7.\u00ba Open Internacional de T\u00e9nis de Vila Real de Santo Ant\u00f3nio Desporto\",\"breadcrumb\":{\"@id\":\"https:\\\/\\\/algarve7.pt\\\/index.php\\\/2026\\\/02\\\/max-basing-conquistou-7-o-open-internacional-de-tenis-de-vila-real-de-santo-antonio\\\/desporto\\\/18\\\/56\\\/#breadcrumb\"},\"inLanguage\":\"pt-PT\",\"potentialAction\":[{\"@type\":\"ReadAction\",\"target\":[\"https:\\\/\\\/algarve7.pt\\\/index.php\\\/2026\\\/02\\\/max-basing-conquistou-7-o-open-internacional-de-tenis-de-vila-real-de-santo-antonio\\\/desporto\\\/18\\\/56\\\/\"]}]},{\"@type\":\"ImageObject\",\"inLanguage\":\"pt-PT\",\"@id\":\"https:\\\/\\\/algarve7.pt\\\/index.php\\\/2026\\\/02\\\/max-basing-conquistou-7-o-open-internacional-de-tenis-de-vila-real-de-santo-antonio\\\/desporto\\\/18\\\/56\\\/#primaryimage\",\"url\":\"https:\\\/\\\/algarve7.pt\\\/wp-content\\\/uploads\\\/2026\\\/02\\\/Max-Basing-e-Alvaro-Araujo.jpeg\",\"contentUrl\":\"https:\\\/\\\/algarve7.pt\\\/wp-content\\\/uploads\\\/2026\\\/02\\\/Max-Basing-e-Alvaro-Araujo.jpeg\",\"width\":800,\"height\":500},{\"@type\":\"BreadcrumbList\",\"@id\":\"https:\\\/\\\/algarve7.pt\\\/index.php\\\/2026\\\/02\\\/max-basing-conquistou-7-o-open-internacional-de-tenis-de-vila-real-de-santo-antonio\\\/desporto\\\/18\\\/56\\\/#breadcrumb\",\"itemListElement\":[{\"@type\":\"ListItem\",\"position\":1,\"name\":\"In\u00edcio\",\"item\":\"https:\\\/\\\/algarve7.pt\\\/\"},{\"@type\":\"ListItem\",\"position\":2,\"name\":\"Max Basing conquistou 7.\u00ba Open Internacional de T\u00e9nis de Vila Real de Santo Ant\u00f3nio\"}]},{\"@type\":\"WebSite\",\"@id\":\"https:\\\/\\\/algarve7.pt\\\/#website\",\"url\":\"https:\\\/\\\/algarve7.pt\\\/\",\"name\":\"Algarve 7\",\"description\":\"Informa\u00e7\u00e3o sobre o Algarve\",\"publisher\":{\"@id\":\"https:\\\/\\\/algarve7.pt\\\/#organization\"},\"potentialAction\":[{\"@type\":\"SearchAction\",\"target\":{\"@type\":\"EntryPoint\",\"urlTemplate\":\"https:\\\/\\\/algarve7.pt\\\/?s={search_term_string}\"},\"query-input\":{\"@type\":\"PropertyValueSpecification\",\"valueRequired\":true,\"valueName\":\"search_term_string\"}}],\"inLanguage\":\"pt-PT\"},{\"@type\":\"Organization\",\"@id\":\"https:\\\/\\\/algarve7.pt\\\/#organization\",\"name\":\"Algarve 7\",\"url\":\"https:\\\/\\\/algarve7.pt\\\/\",\"logo\":{\"@type\":\"ImageObject\",\"inLanguage\":\"pt-PT\",\"@id\":\"https:\\\/\\\/algarve7.pt\\\/#\\\/schema\\\/logo\\\/image\\\/\",\"url\":\"https:\\\/\\\/algarve7.pt\\\/wp-content\\\/uploads\\\/2020\\\/10\\\/Logo-8.jpg\",\"contentUrl\":\"https:\\\/\\\/algarve7.pt\\\/wp-content\\\/uploads\\\/2020\\\/10\\\/Logo-8.jpg\",\"width\":1680,\"height\":1186,\"caption\":\"Algarve 7\"},\"image\":{\"@id\":\"https:\\\/\\\/algarve7.pt\\\/#\\\/schema\\\/logo\\\/image\\\/\"},\"sameAs\":[\"https:\\\/\\\/www.facebook.com\\\/algarve7\",\"https:\\\/\\\/x.com\\\/Algarvesete\",\"https:\\\/\\\/www.instagram.com\\\/jornalalgarve7\\\/\",\"https:\\\/\\\/www.linkedin.com\\\/company\\\/algarve7\",\"https:\\\/\\\/www.pinterest.pt\\\/geral0939\\\/_created\\\/\"]},{\"@type\":\"Person\",\"@id\":\"https:\\\/\\\/algarve7.pt\\\/#\\\/schema\\\/person\\\/23fa70681308e7b319a3204bcea45e0c\",\"name\":\"Algarve 7\",\"sameAs\":[\"https:\\\/\\\/algarve7.pt\",\"https:\\\/\\\/www.facebook.com\\\/algarve7\"],\"url\":\"https:\\\/\\\/algarve7.pt\\\/index.php\\\/author\\\/geralalgarve7-pt\\\/\"}]}<\/script>\n<!-- \/ Yoast SEO plugin. -->","yoast_head_json":{"title":"Max Basing conquistou 7.\u00ba Open Internacional de T\u00e9nis de Vila Real de Santo Ant\u00f3nio - Algarve 7","description":"Max Basing conquistou 7.\u00ba Open Internacional de T\u00e9nis de Vila Real de Santo Ant\u00f3nio Desporto","robots":{"index":"index","follow":"follow","max-snippet":"max-snippet:-1","max-image-preview":"max-image-preview:large","max-video-preview":"max-video-preview:-1"},"canonical":"https:\/\/algarve7.pt\/index.php\/2026\/02\/max-basing-conquistou-7-o-open-internacional-de-tenis-de-vila-real-de-santo-antonio\/desporto\/18\/56\/","og_locale":"pt_PT","og_type":"article","og_title":"Max Basing conquistou 7.\u00ba Open Internacional de T\u00e9nis de Vila Real de Santo Ant\u00f3nio - Algarve 7","og_description":"Max Basing conquistou 7.\u00ba Open Internacional de T\u00e9nis de Vila Real de Santo Ant\u00f3nio Desporto","og_url":"https:\/\/algarve7.pt\/index.php\/2026\/02\/max-basing-conquistou-7-o-open-internacional-de-tenis-de-vila-real-de-santo-antonio\/desporto\/18\/56\/","og_site_name":"Algarve 7","article_publisher":"https:\/\/www.facebook.com\/algarve7","article_author":"https:\/\/www.facebook.com\/algarve7","article_published_time":"2026-02-16T18:56:49+00:00","article_modified_time":"2026-02-16T18:56:54+00:00","og_image":[{"width":800,"height":500,"url":"https:\/\/algarve7.pt\/wp-content\/uploads\/2026\/02\/Max-Basing-e-Alvaro-Araujo.jpeg","type":"image\/jpeg"}],"author":"Algarve 7","twitter_card":"summary_large_image","twitter_creator":"@Algarvesete","twitter_site":"@Algarvesete","twitter_misc":{"Escrito por":"Algarve 7","Tempo estimado de leitura":"4 minutos"},"schema":{"@context":"https:\/\/schema.org","@graph":[{"@type":"Article","@id":"https:\/\/algarve7.pt\/index.php\/2026\/02\/max-basing-conquistou-7-o-open-internacional-de-tenis-de-vila-real-de-santo-antonio\/desporto\/18\/56\/#article","isPartOf":{"@id":"https:\/\/algarve7.pt\/index.php\/2026\/02\/max-basing-conquistou-7-o-open-internacional-de-tenis-de-vila-real-de-santo-antonio\/desporto\/18\/56\/"},"author":{"name":"Algarve 7","@id":"https:\/\/algarve7.pt\/#\/schema\/person\/23fa70681308e7b319a3204bcea45e0c"},"headline":"Max Basing conquistou 7.\u00ba Open Internacional de T\u00e9nis de Vila Real de Santo Ant\u00f3nio","datePublished":"2026-02-16T18:56:49+00:00","dateModified":"2026-02-16T18:56:54+00:00","mainEntityOfPage":{"@id":"https:\/\/algarve7.pt\/index.php\/2026\/02\/max-basing-conquistou-7-o-open-internacional-de-tenis-de-vila-real-de-santo-antonio\/desporto\/18\/56\/"},"wordCount":598,"publisher":{"@id":"https:\/\/algarve7.pt\/#organization"},"image":{"@id":"https:\/\/algarve7.pt\/index.php\/2026\/02\/max-basing-conquistou-7-o-open-internacional-de-tenis-de-vila-real-de-santo-antonio\/desporto\/18\/56\/#primaryimage"},"thumbnailUrl":"https:\/\/algarve7.pt\/wp-content\/uploads\/2026\/02\/Max-Basing-e-Alvaro-Araujo.jpeg","keywords":["Algarve","Desporto","Tenis","Vila Real de St\u00ba Ant\u00f3nio"],"articleSection":["Desporto"],"inLanguage":"pt-PT"},{"@type":"WebPage","@id":"https:\/\/algarve7.pt\/index.php\/2026\/02\/max-basing-conquistou-7-o-open-internacional-de-tenis-de-vila-real-de-santo-antonio\/desporto\/18\/56\/","url":"https:\/\/algarve7.pt\/index.php\/2026\/02\/max-basing-conquistou-7-o-open-internacional-de-tenis-de-vila-real-de-santo-antonio\/desporto\/18\/56\/","name":"Max Basing conquistou 7.\u00ba Open Internacional de T\u00e9nis de Vila Real de Santo Ant\u00f3nio - Algarve 7","isPartOf":{"@id":"https:\/\/algarve7.pt\/#website"},"primaryImageOfPage":{"@id":"https:\/\/algarve7.pt\/index.php\/2026\/02\/max-basing-conquistou-7-o-open-internacional-de-tenis-de-vila-real-de-santo-antonio\/desporto\/18\/56\/#primaryimage"},"image":{"@id":"https:\/\/algarve7.pt\/index.php\/2026\/02\/max-basing-conquistou-7-o-open-internacional-de-tenis-de-vila-real-de-santo-antonio\/desporto\/18\/56\/#primaryimage"},"thumbnailUrl":"https:\/\/algarve7.pt\/wp-content\/uploads\/2026\/02\/Max-Basing-e-Alvaro-Araujo.jpeg","datePublished":"2026-02-16T18:56:49+00:00","dateModified":"2026-02-16T18:56:54+00:00","description":"Max Basing conquistou 7.\u00ba Open Internacional de T\u00e9nis de Vila Real de Santo Ant\u00f3nio Desporto","breadcrumb":{"@id":"https:\/\/algarve7.pt\/index.php\/2026\/02\/max-basing-conquistou-7-o-open-internacional-de-tenis-de-vila-real-de-santo-antonio\/desporto\/18\/56\/#breadcrumb"},"inLanguage":"pt-PT","potentialAction":[{"@type":"ReadAction","target":["https:\/\/algarve7.pt\/index.php\/2026\/02\/max-basing-conquistou-7-o-open-internacional-de-tenis-de-vila-real-de-santo-antonio\/desporto\/18\/56\/"]}]},{"@type":"ImageObject","inLanguage":"pt-PT","@id":"https:\/\/algarve7.pt\/index.php\/2026\/02\/max-basing-conquistou-7-o-open-internacional-de-tenis-de-vila-real-de-santo-antonio\/desporto\/18\/56\/#primaryimage","url":"https:\/\/algarve7.pt\/wp-content\/uploads\/2026\/02\/Max-Basing-e-Alvaro-Araujo.jpeg","contentUrl":"https:\/\/algarve7.pt\/wp-content\/uploads\/2026\/02\/Max-Basing-e-Alvaro-Araujo.jpeg","width":800,"height":500},{"@type":"BreadcrumbList","@id":"https:\/\/algarve7.pt\/index.php\/2026\/02\/max-basing-conquistou-7-o-open-internacional-de-tenis-de-vila-real-de-santo-antonio\/desporto\/18\/56\/#breadcrumb","itemListElement":[{"@type":"ListItem","position":1,"name":"In\u00edcio","item":"https:\/\/algarve7.pt\/"},{"@type":"ListItem","position":2,"name":"Max Basing conquistou 7.\u00ba Open Internacional de T\u00e9nis de Vila Real de Santo Ant\u00f3nio"}]},{"@type":"WebSite","@id":"https:\/\/algarve7.pt\/#website","url":"https:\/\/algarve7.pt\/","name":"Algarve 7","description":"Informa\u00e7\u00e3o sobre o Algarve","publisher":{"@id":"https:\/\/algarve7.pt\/#organization"},"potentialAction":[{"@type":"SearchAction","target":{"@type":"EntryPoint","urlTemplate":"https:\/\/algarve7.pt\/?s={search_term_string}"},"query-input":{"@type":"PropertyValueSpecification","valueRequired":true,"valueName":"search_term_string"}}],"inLanguage":"pt-PT"},{"@type":"Organization","@id":"https:\/\/algarve7.pt\/#organization","name":"Algarve 7","url":"https:\/\/algarve7.pt\/","logo":{"@type":"ImageObject","inLanguage":"pt-PT","@id":"https:\/\/algarve7.pt\/#\/schema\/logo\/image\/","url":"https:\/\/algarve7.pt\/wp-content\/uploads\/2020\/10\/Logo-8.jpg","contentUrl":"https:\/\/algarve7.pt\/wp-content\/uploads\/2020\/10\/Logo-8.jpg","width":1680,"height":1186,"caption":"Algarve 7"},"image":{"@id":"https:\/\/algarve7.pt\/#\/schema\/logo\/image\/"},"sameAs":["https:\/\/www.facebook.com\/algarve7","https:\/\/x.com\/Algarvesete","https:\/\/www.instagram.com\/jornalalgarve7\/","https:\/\/www.linkedin.com\/company\/algarve7","https:\/\/www.pinterest.pt\/geral0939\/_created\/"]},{"@type":"Person","@id":"https:\/\/algarve7.pt\/#\/schema\/person\/23fa70681308e7b319a3204bcea45e0c","name":"Algarve 7","sameAs":["https:\/\/algarve7.pt","https:\/\/www.facebook.com\/algarve7"],"url":"https:\/\/algarve7.pt\/index.php\/author\/geralalgarve7-pt\/"}]}},"jetpack_publicize_connections":[],"jetpack_featured_media_url":"https:\/\/algarve7.pt\/wp-content\/uploads\/2026\/02\/Max-Basing-e-Alvaro-Araujo.jpeg","jetpack_shortlink":"https:\/\/wp.me\/pcezmW-fj7","jetpack_sharing_enabled":true,"_links":{"self":[{"href":"https:\/\/algarve7.pt\/index.php\/wp-json\/wp\/v2\/posts\/58845","targetHints":{"allow":["GET"]}}],"collection":[{"href":"https:\/\/algarve7.pt\/index.php\/wp-json\/wp\/v2\/posts"}],"about":[{"href":"https:\/\/algarve7.pt\/index.php\/wp-json\/wp\/v2\/types\/post"}],"author":[{"embeddable":true,"href":"https:\/\/algarve7.pt\/index.php\/wp-json\/wp\/v2\/users\/1"}],"replies":[{"embeddable":true,"href":"https:\/\/algarve7.pt\/index.php\/wp-json\/wp\/v2\/comments?post=58845"}],"version-history":[{"count":0,"href":"https:\/\/algarve7.pt\/index.php\/wp-json\/wp\/v2\/posts\/58845\/revisions"}],"wp:featuredmedia":[{"embeddable":true,"href":"https:\/\/algarve7.pt\/index.php\/wp-json\/wp\/v2\/media\/58846"}],"wp:attachment":[{"href":"https:\/\/algarve7.pt\/index.php\/wp-json\/wp\/v2\/media?parent=58845"}],"wp:term":[{"taxonomy":"category","embeddable":true,"href":"https:\/\/algarve7.pt\/index.php\/wp-json\/wp\/v2\/categories?post=58845"},{"taxonomy":"post_tag","embeddable":true,"href":"https:\/\/algarve7.pt\/index.php\/wp-json\/wp\/v2\/tags?post=58845"}],"curies":[{"name":"wp","href":"https:\/\/api.w.org\/{rel}","templated":true}]}}