{"id":58836,"date":"2026-02-16T18:20:37","date_gmt":"2026-02-16T18:20:37","guid":{"rendered":"https:\/\/algarve7.pt\/?p=58836"},"modified":"2026-02-16T18:20:44","modified_gmt":"2026-02-16T18:20:44","slug":"culturas-e-tradicoes-do-mundo-em-mais-uma-grande-edicao-do-popular-carnaval-de-altura","status":"publish","type":"post","link":"https:\/\/algarve7.pt\/index.php\/2026\/02\/culturas-e-tradicoes-do-mundo-em-mais-uma-grande-edicao-do-popular-carnaval-de-altura\/cultura\/18\/20\/","title":{"rendered":"Culturas e Tradi\u00e7\u00f5es do Mundo em mais uma grande edi\u00e7\u00e3o do popular Carnaval de Altura"},"content":{"rendered":"\n<p>Com o tema \u201cCulturas e Tradi\u00e7\u00f5es do Mundo\u201d, as cores, costumes e hist\u00f3ria de v\u00e1rios locais do planeta sa\u00edram \u00e0 rua em mais uma edi\u00e7\u00e3o do desfile do popular Carnaval de Altura, que animou as art\u00e9rias daquela localidade do concelho de Castro Marim com muita anima\u00e7\u00e3o nos dias 14 e 15 de fevereiro.<\/p>\n\n\n\n<p>A 23.\u00aa edi\u00e7\u00e3o do Carnaval de Altura demonstrou mais uma vez que este desfile \u00e9 o mais aut\u00eantico do sotavento algarvio e um sucesso incontest\u00e1vel, com a participa\u00e7\u00e3o de nove carros aleg\u00f3ricos e 10 grupos de anima\u00e7\u00e3o, observados de perto por milhares de pessoas.<\/p>\n\n\n\n<p>Os tradicionais cabe\u00e7udos e temas como Saint Patrick&#8217;s Day (Irlanda), Cora\u00e7\u00f5es de Viana (Minho), Rancho do Texas (Am\u00e9rica), Moulin Rouge (Fran\u00e7a), Egipto, Ant\u00e1rtida, Sevilha (Espanha), \u00cdndios (Amaz\u00f3nia), Festival Holi (\u00cdndia), Vikings (Escandin\u00e1via) foram retratados no desfile pelos foli\u00f5es e os seus carros aleg\u00f3ricos, al\u00e9m dos participantes individuais que representaram outras culturas como o toureiro, a brasileira, as peixeiras e o corvo, o maior s\u00edmbolo da freguesia de Altura.<\/p>\n\n\n\n<p>Este carnaval foi preparado durante v\u00e1rias semanas por dezenas de incans\u00e1veis volunt\u00e1rios, foli\u00f5es, associa\u00e7\u00f5es e outras entidades de todo o concelho, como a Junta de Freguesia de Altura, Associa\u00e7\u00e3o Cegonha Branca, Clube Recreativo Alturense, Associa\u00e7\u00e3o Cultural Amendoeiras em Flor, Junta de Freguesia de Castro Marim, Amigos do Bairro Quente, Centro de Cultura e Desporto da C\u00e2mara Municipal de Castro Marim, Grupo de Amigos de Altura e Casa do Povo do Azinhal, que todos os anos colocam as m\u00e3os \u00e0 obra para a realiza\u00e7\u00e3o dos fatos, dos carros aleg\u00f3ricos e para a execu\u00e7\u00e3o de milhares de flores de papel.<\/p>\n\n\n\n<p>Este evento foi organizado pela Junta de Freguesia de Altura, em parceria com o Munic\u00edpio de Castro Marim, com apoio e colabora\u00e7\u00e3o de diversas entidades, associa\u00e7\u00f5es e empresas do concelho, com especial destaque para os supermercados Corvo e o empreendimento Verdelago.<\/p>\n","protected":false},"excerpt":{"rendered":"<p>Com o tema \u201cCulturas e Tradi\u00e7\u00f5es do Mundo\u201d, as cores, costumes e hist\u00f3ria de v\u00e1rios locais do planeta sa\u00edram \u00e0<\/p>\n","protected":false},"author":1,"featured_media":58837,"comment_status":"closed","ping_status":"closed","sticky":false,"template":"","format":"standard","meta":{"colormag_page_container_layout":"default_layout","colormag_page_sidebar_layout":"default_layout","_monsterinsights_skip_tracking":false,"_monsterinsights_sitenote_active":false,"_monsterinsights_sitenote_note":"","_monsterinsights_sitenote_category":0,"jetpack_post_was_ever_published":false,"_jetpack_newsletter_access":"","_jetpack_dont_email_post_to_subs":false,"_jetpack_newsletter_tier_id":0,"_jetpack_memberships_contains_paywalled_content":false,"_jetpack_memberships_contains_paid_content":false,"footnotes":"","jetpack_publicize_message":"","jetpack_publicize_feature_enabled":true,"jetpack_social_post_already_shared":true,"jetpack_social_options":{"image_generator_settings":{"template":"highway","default_image_id":0,"font":"","enabled":false},"version":2}},"categories":[14],"tags":[36,221,187,136,35],"class_list":["post-58836","post","type-post","status-publish","format-standard","has-post-thumbnail","hentry","category-cultura","tag-algarve","tag-altura","tag-carnaval","tag-castro-marim","tag-cultura"],"yoast_head":"<!-- This site is optimized with the Yoast SEO plugin v27.5 - https:\/\/yoast.com\/product\/yoast-seo-wordpress\/ -->\n<title>Culturas e Tradi\u00e7\u00f5es do Mundo em mais uma grande edi\u00e7\u00e3o do popular Carnaval de Altura - Algarve 7<\/title>\n<meta name=\"description\" content=\"Culturas e Tradi\u00e7\u00f5es do Mundo em mais uma grande edi\u00e7\u00e3o do popular Carnaval de Altura Cultura\" \/>\n<meta name=\"robots\" content=\"index, follow, max-snippet:-1, max-image-preview:large, max-video-preview:-1\" \/>\n<link rel=\"canonical\" href=\"https:\/\/algarve7.pt\/index.php\/2026\/02\/culturas-e-tradicoes-do-mundo-em-mais-uma-grande-edicao-do-popular-carnaval-de-altura\/cultura\/18\/20\/\" \/>\n<meta property=\"og:locale\" content=\"pt_PT\" \/>\n<meta property=\"og:type\" content=\"article\" \/>\n<meta property=\"og:title\" content=\"Culturas e Tradi\u00e7\u00f5es do Mundo em mais uma grande edi\u00e7\u00e3o do popular Carnaval de Altura - Algarve 7\" \/>\n<meta property=\"og:description\" content=\"Culturas e Tradi\u00e7\u00f5es do Mundo em mais uma grande edi\u00e7\u00e3o do popular Carnaval de Altura Cultura\" \/>\n<meta property=\"og:url\" content=\"https:\/\/algarve7.pt\/index.php\/2026\/02\/culturas-e-tradicoes-do-mundo-em-mais-uma-grande-edicao-do-popular-carnaval-de-altura\/cultura\/18\/20\/\" \/>\n<meta property=\"og:site_name\" content=\"Algarve 7\" \/>\n<meta property=\"article:publisher\" content=\"https:\/\/www.facebook.com\/algarve7\" \/>\n<meta property=\"article:author\" content=\"https:\/\/www.facebook.com\/algarve7\" \/>\n<meta property=\"article:published_time\" content=\"2026-02-16T18:20:37+00:00\" \/>\n<meta property=\"article:modified_time\" content=\"2026-02-16T18:20:44+00:00\" \/>\n<meta property=\"og:image\" content=\"https:\/\/algarve7.pt\/wp-content\/uploads\/2026\/02\/Carnaval-Altura-237.jpg\" \/>\n\t<meta property=\"og:image:width\" content=\"800\" \/>\n\t<meta property=\"og:image:height\" content=\"500\" \/>\n\t<meta property=\"og:image:type\" content=\"image\/jpeg\" \/>\n<meta name=\"author\" content=\"Algarve 7\" \/>\n<meta name=\"twitter:card\" content=\"summary_large_image\" \/>\n<meta name=\"twitter:creator\" content=\"@Algarvesete\" \/>\n<meta name=\"twitter:site\" content=\"@Algarvesete\" \/>\n<meta name=\"twitter:label1\" content=\"Escrito por\" \/>\n\t<meta name=\"twitter:data1\" content=\"Algarve 7\" \/>\n\t<meta name=\"twitter:label2\" content=\"Tempo estimado de leitura\" \/>\n\t<meta name=\"twitter:data2\" content=\"2 minutos\" \/>\n<script type=\"application\/ld+json\" class=\"yoast-schema-graph\">{\"@context\":\"https:\\\/\\\/schema.org\",\"@graph\":[{\"@type\":\"Article\",\"@id\":\"https:\\\/\\\/algarve7.pt\\\/index.php\\\/2026\\\/02\\\/culturas-e-tradicoes-do-mundo-em-mais-uma-grande-edicao-do-popular-carnaval-de-altura\\\/cultura\\\/18\\\/20\\\/#article\",\"isPartOf\":{\"@id\":\"https:\\\/\\\/algarve7.pt\\\/index.php\\\/2026\\\/02\\\/culturas-e-tradicoes-do-mundo-em-mais-uma-grande-edicao-do-popular-carnaval-de-altura\\\/cultura\\\/18\\\/20\\\/\"},\"author\":{\"name\":\"Algarve 7\",\"@id\":\"https:\\\/\\\/algarve7.pt\\\/#\\\/schema\\\/person\\\/23fa70681308e7b319a3204bcea45e0c\"},\"headline\":\"Culturas e Tradi\u00e7\u00f5es do Mundo em mais uma grande edi\u00e7\u00e3o do popular Carnaval de Altura\",\"datePublished\":\"2026-02-16T18:20:37+00:00\",\"dateModified\":\"2026-02-16T18:20:44+00:00\",\"mainEntityOfPage\":{\"@id\":\"https:\\\/\\\/algarve7.pt\\\/index.php\\\/2026\\\/02\\\/culturas-e-tradicoes-do-mundo-em-mais-uma-grande-edicao-do-popular-carnaval-de-altura\\\/cultura\\\/18\\\/20\\\/\"},\"wordCount\":354,\"publisher\":{\"@id\":\"https:\\\/\\\/algarve7.pt\\\/#organization\"},\"image\":{\"@id\":\"https:\\\/\\\/algarve7.pt\\\/index.php\\\/2026\\\/02\\\/culturas-e-tradicoes-do-mundo-em-mais-uma-grande-edicao-do-popular-carnaval-de-altura\\\/cultura\\\/18\\\/20\\\/#primaryimage\"},\"thumbnailUrl\":\"https:\\\/\\\/algarve7.pt\\\/wp-content\\\/uploads\\\/2026\\\/02\\\/Carnaval-Altura-237.jpg\",\"keywords\":[\"Algarve\",\"Altura\",\"Carnaval\",\"Castro Marim\",\"Cultura\"],\"articleSection\":[\"Cultura\"],\"inLanguage\":\"pt-PT\"},{\"@type\":\"WebPage\",\"@id\":\"https:\\\/\\\/algarve7.pt\\\/index.php\\\/2026\\\/02\\\/culturas-e-tradicoes-do-mundo-em-mais-uma-grande-edicao-do-popular-carnaval-de-altura\\\/cultura\\\/18\\\/20\\\/\",\"url\":\"https:\\\/\\\/algarve7.pt\\\/index.php\\\/2026\\\/02\\\/culturas-e-tradicoes-do-mundo-em-mais-uma-grande-edicao-do-popular-carnaval-de-altura\\\/cultura\\\/18\\\/20\\\/\",\"name\":\"Culturas e Tradi\u00e7\u00f5es do Mundo em mais uma grande edi\u00e7\u00e3o do popular Carnaval de Altura - Algarve 7\",\"isPartOf\":{\"@id\":\"https:\\\/\\\/algarve7.pt\\\/#website\"},\"primaryImageOfPage\":{\"@id\":\"https:\\\/\\\/algarve7.pt\\\/index.php\\\/2026\\\/02\\\/culturas-e-tradicoes-do-mundo-em-mais-uma-grande-edicao-do-popular-carnaval-de-altura\\\/cultura\\\/18\\\/20\\\/#primaryimage\"},\"image\":{\"@id\":\"https:\\\/\\\/algarve7.pt\\\/index.php\\\/2026\\\/02\\\/culturas-e-tradicoes-do-mundo-em-mais-uma-grande-edicao-do-popular-carnaval-de-altura\\\/cultura\\\/18\\\/20\\\/#primaryimage\"},\"thumbnailUrl\":\"https:\\\/\\\/algarve7.pt\\\/wp-content\\\/uploads\\\/2026\\\/02\\\/Carnaval-Altura-237.jpg\",\"datePublished\":\"2026-02-16T18:20:37+00:00\",\"dateModified\":\"2026-02-16T18:20:44+00:00\",\"description\":\"Culturas e Tradi\u00e7\u00f5es do Mundo em mais uma grande edi\u00e7\u00e3o do popular Carnaval de Altura Cultura\",\"breadcrumb\":{\"@id\":\"https:\\\/\\\/algarve7.pt\\\/index.php\\\/2026\\\/02\\\/culturas-e-tradicoes-do-mundo-em-mais-uma-grande-edicao-do-popular-carnaval-de-altura\\\/cultura\\\/18\\\/20\\\/#breadcrumb\"},\"inLanguage\":\"pt-PT\",\"potentialAction\":[{\"@type\":\"ReadAction\",\"target\":[\"https:\\\/\\\/algarve7.pt\\\/index.php\\\/2026\\\/02\\\/culturas-e-tradicoes-do-mundo-em-mais-uma-grande-edicao-do-popular-carnaval-de-altura\\\/cultura\\\/18\\\/20\\\/\"]}]},{\"@type\":\"ImageObject\",\"inLanguage\":\"pt-PT\",\"@id\":\"https:\\\/\\\/algarve7.pt\\\/index.php\\\/2026\\\/02\\\/culturas-e-tradicoes-do-mundo-em-mais-uma-grande-edicao-do-popular-carnaval-de-altura\\\/cultura\\\/18\\\/20\\\/#primaryimage\",\"url\":\"https:\\\/\\\/algarve7.pt\\\/wp-content\\\/uploads\\\/2026\\\/02\\\/Carnaval-Altura-237.jpg\",\"contentUrl\":\"https:\\\/\\\/algarve7.pt\\\/wp-content\\\/uploads\\\/2026\\\/02\\\/Carnaval-Altura-237.jpg\",\"width\":800,\"height\":500},{\"@type\":\"BreadcrumbList\",\"@id\":\"https:\\\/\\\/algarve7.pt\\\/index.php\\\/2026\\\/02\\\/culturas-e-tradicoes-do-mundo-em-mais-uma-grande-edicao-do-popular-carnaval-de-altura\\\/cultura\\\/18\\\/20\\\/#breadcrumb\",\"itemListElement\":[{\"@type\":\"ListItem\",\"position\":1,\"name\":\"In\u00edcio\",\"item\":\"https:\\\/\\\/algarve7.pt\\\/\"},{\"@type\":\"ListItem\",\"position\":2,\"name\":\"Culturas e Tradi\u00e7\u00f5es do Mundo em mais uma grande edi\u00e7\u00e3o do popular Carnaval de Altura\"}]},{\"@type\":\"WebSite\",\"@id\":\"https:\\\/\\\/algarve7.pt\\\/#website\",\"url\":\"https:\\\/\\\/algarve7.pt\\\/\",\"name\":\"Algarve 7\",\"description\":\"Informa\u00e7\u00e3o sobre o Algarve\",\"publisher\":{\"@id\":\"https:\\\/\\\/algarve7.pt\\\/#organization\"},\"potentialAction\":[{\"@type\":\"SearchAction\",\"target\":{\"@type\":\"EntryPoint\",\"urlTemplate\":\"https:\\\/\\\/algarve7.pt\\\/?s={search_term_string}\"},\"query-input\":{\"@type\":\"PropertyValueSpecification\",\"valueRequired\":true,\"valueName\":\"search_term_string\"}}],\"inLanguage\":\"pt-PT\"},{\"@type\":\"Organization\",\"@id\":\"https:\\\/\\\/algarve7.pt\\\/#organization\",\"name\":\"Algarve 7\",\"url\":\"https:\\\/\\\/algarve7.pt\\\/\",\"logo\":{\"@type\":\"ImageObject\",\"inLanguage\":\"pt-PT\",\"@id\":\"https:\\\/\\\/algarve7.pt\\\/#\\\/schema\\\/logo\\\/image\\\/\",\"url\":\"https:\\\/\\\/algarve7.pt\\\/wp-content\\\/uploads\\\/2020\\\/10\\\/Logo-8.jpg\",\"contentUrl\":\"https:\\\/\\\/algarve7.pt\\\/wp-content\\\/uploads\\\/2020\\\/10\\\/Logo-8.jpg\",\"width\":1680,\"height\":1186,\"caption\":\"Algarve 7\"},\"image\":{\"@id\":\"https:\\\/\\\/algarve7.pt\\\/#\\\/schema\\\/logo\\\/image\\\/\"},\"sameAs\":[\"https:\\\/\\\/www.facebook.com\\\/algarve7\",\"https:\\\/\\\/x.com\\\/Algarvesete\",\"https:\\\/\\\/www.instagram.com\\\/jornalalgarve7\\\/\",\"https:\\\/\\\/www.linkedin.com\\\/company\\\/algarve7\",\"https:\\\/\\\/www.pinterest.pt\\\/geral0939\\\/_created\\\/\"]},{\"@type\":\"Person\",\"@id\":\"https:\\\/\\\/algarve7.pt\\\/#\\\/schema\\\/person\\\/23fa70681308e7b319a3204bcea45e0c\",\"name\":\"Algarve 7\",\"sameAs\":[\"https:\\\/\\\/algarve7.pt\",\"https:\\\/\\\/www.facebook.com\\\/algarve7\"],\"url\":\"https:\\\/\\\/algarve7.pt\\\/index.php\\\/author\\\/geralalgarve7-pt\\\/\"}]}<\/script>\n<!-- \/ Yoast SEO plugin. -->","yoast_head_json":{"title":"Culturas e Tradi\u00e7\u00f5es do Mundo em mais uma grande edi\u00e7\u00e3o do popular Carnaval de Altura - Algarve 7","description":"Culturas e Tradi\u00e7\u00f5es do Mundo em mais uma grande edi\u00e7\u00e3o do popular Carnaval de Altura Cultura","robots":{"index":"index","follow":"follow","max-snippet":"max-snippet:-1","max-image-preview":"max-image-preview:large","max-video-preview":"max-video-preview:-1"},"canonical":"https:\/\/algarve7.pt\/index.php\/2026\/02\/culturas-e-tradicoes-do-mundo-em-mais-uma-grande-edicao-do-popular-carnaval-de-altura\/cultura\/18\/20\/","og_locale":"pt_PT","og_type":"article","og_title":"Culturas e Tradi\u00e7\u00f5es do Mundo em mais uma grande edi\u00e7\u00e3o do popular Carnaval de Altura - Algarve 7","og_description":"Culturas e Tradi\u00e7\u00f5es do Mundo em mais uma grande edi\u00e7\u00e3o do popular Carnaval de Altura Cultura","og_url":"https:\/\/algarve7.pt\/index.php\/2026\/02\/culturas-e-tradicoes-do-mundo-em-mais-uma-grande-edicao-do-popular-carnaval-de-altura\/cultura\/18\/20\/","og_site_name":"Algarve 7","article_publisher":"https:\/\/www.facebook.com\/algarve7","article_author":"https:\/\/www.facebook.com\/algarve7","article_published_time":"2026-02-16T18:20:37+00:00","article_modified_time":"2026-02-16T18:20:44+00:00","og_image":[{"width":800,"height":500,"url":"https:\/\/algarve7.pt\/wp-content\/uploads\/2026\/02\/Carnaval-Altura-237.jpg","type":"image\/jpeg"}],"author":"Algarve 7","twitter_card":"summary_large_image","twitter_creator":"@Algarvesete","twitter_site":"@Algarvesete","twitter_misc":{"Escrito por":"Algarve 7","Tempo estimado de leitura":"2 minutos"},"schema":{"@context":"https:\/\/schema.org","@graph":[{"@type":"Article","@id":"https:\/\/algarve7.pt\/index.php\/2026\/02\/culturas-e-tradicoes-do-mundo-em-mais-uma-grande-edicao-do-popular-carnaval-de-altura\/cultura\/18\/20\/#article","isPartOf":{"@id":"https:\/\/algarve7.pt\/index.php\/2026\/02\/culturas-e-tradicoes-do-mundo-em-mais-uma-grande-edicao-do-popular-carnaval-de-altura\/cultura\/18\/20\/"},"author":{"name":"Algarve 7","@id":"https:\/\/algarve7.pt\/#\/schema\/person\/23fa70681308e7b319a3204bcea45e0c"},"headline":"Culturas e Tradi\u00e7\u00f5es do Mundo em mais uma grande edi\u00e7\u00e3o do popular Carnaval de Altura","datePublished":"2026-02-16T18:20:37+00:00","dateModified":"2026-02-16T18:20:44+00:00","mainEntityOfPage":{"@id":"https:\/\/algarve7.pt\/index.php\/2026\/02\/culturas-e-tradicoes-do-mundo-em-mais-uma-grande-edicao-do-popular-carnaval-de-altura\/cultura\/18\/20\/"},"wordCount":354,"publisher":{"@id":"https:\/\/algarve7.pt\/#organization"},"image":{"@id":"https:\/\/algarve7.pt\/index.php\/2026\/02\/culturas-e-tradicoes-do-mundo-em-mais-uma-grande-edicao-do-popular-carnaval-de-altura\/cultura\/18\/20\/#primaryimage"},"thumbnailUrl":"https:\/\/algarve7.pt\/wp-content\/uploads\/2026\/02\/Carnaval-Altura-237.jpg","keywords":["Algarve","Altura","Carnaval","Castro Marim","Cultura"],"articleSection":["Cultura"],"inLanguage":"pt-PT"},{"@type":"WebPage","@id":"https:\/\/algarve7.pt\/index.php\/2026\/02\/culturas-e-tradicoes-do-mundo-em-mais-uma-grande-edicao-do-popular-carnaval-de-altura\/cultura\/18\/20\/","url":"https:\/\/algarve7.pt\/index.php\/2026\/02\/culturas-e-tradicoes-do-mundo-em-mais-uma-grande-edicao-do-popular-carnaval-de-altura\/cultura\/18\/20\/","name":"Culturas e Tradi\u00e7\u00f5es do Mundo em mais uma grande edi\u00e7\u00e3o do popular Carnaval de Altura - Algarve 7","isPartOf":{"@id":"https:\/\/algarve7.pt\/#website"},"primaryImageOfPage":{"@id":"https:\/\/algarve7.pt\/index.php\/2026\/02\/culturas-e-tradicoes-do-mundo-em-mais-uma-grande-edicao-do-popular-carnaval-de-altura\/cultura\/18\/20\/#primaryimage"},"image":{"@id":"https:\/\/algarve7.pt\/index.php\/2026\/02\/culturas-e-tradicoes-do-mundo-em-mais-uma-grande-edicao-do-popular-carnaval-de-altura\/cultura\/18\/20\/#primaryimage"},"thumbnailUrl":"https:\/\/algarve7.pt\/wp-content\/uploads\/2026\/02\/Carnaval-Altura-237.jpg","datePublished":"2026-02-16T18:20:37+00:00","dateModified":"2026-02-16T18:20:44+00:00","description":"Culturas e Tradi\u00e7\u00f5es do Mundo em mais uma grande edi\u00e7\u00e3o do popular Carnaval de Altura Cultura","breadcrumb":{"@id":"https:\/\/algarve7.pt\/index.php\/2026\/02\/culturas-e-tradicoes-do-mundo-em-mais-uma-grande-edicao-do-popular-carnaval-de-altura\/cultura\/18\/20\/#breadcrumb"},"inLanguage":"pt-PT","potentialAction":[{"@type":"ReadAction","target":["https:\/\/algarve7.pt\/index.php\/2026\/02\/culturas-e-tradicoes-do-mundo-em-mais-uma-grande-edicao-do-popular-carnaval-de-altura\/cultura\/18\/20\/"]}]},{"@type":"ImageObject","inLanguage":"pt-PT","@id":"https:\/\/algarve7.pt\/index.php\/2026\/02\/culturas-e-tradicoes-do-mundo-em-mais-uma-grande-edicao-do-popular-carnaval-de-altura\/cultura\/18\/20\/#primaryimage","url":"https:\/\/algarve7.pt\/wp-content\/uploads\/2026\/02\/Carnaval-Altura-237.jpg","contentUrl":"https:\/\/algarve7.pt\/wp-content\/uploads\/2026\/02\/Carnaval-Altura-237.jpg","width":800,"height":500},{"@type":"BreadcrumbList","@id":"https:\/\/algarve7.pt\/index.php\/2026\/02\/culturas-e-tradicoes-do-mundo-em-mais-uma-grande-edicao-do-popular-carnaval-de-altura\/cultura\/18\/20\/#breadcrumb","itemListElement":[{"@type":"ListItem","position":1,"name":"In\u00edcio","item":"https:\/\/algarve7.pt\/"},{"@type":"ListItem","position":2,"name":"Culturas e Tradi\u00e7\u00f5es do Mundo em mais uma grande edi\u00e7\u00e3o do popular Carnaval de Altura"}]},{"@type":"WebSite","@id":"https:\/\/algarve7.pt\/#website","url":"https:\/\/algarve7.pt\/","name":"Algarve 7","description":"Informa\u00e7\u00e3o sobre o Algarve","publisher":{"@id":"https:\/\/algarve7.pt\/#organization"},"potentialAction":[{"@type":"SearchAction","target":{"@type":"EntryPoint","urlTemplate":"https:\/\/algarve7.pt\/?s={search_term_string}"},"query-input":{"@type":"PropertyValueSpecification","valueRequired":true,"valueName":"search_term_string"}}],"inLanguage":"pt-PT"},{"@type":"Organization","@id":"https:\/\/algarve7.pt\/#organization","name":"Algarve 7","url":"https:\/\/algarve7.pt\/","logo":{"@type":"ImageObject","inLanguage":"pt-PT","@id":"https:\/\/algarve7.pt\/#\/schema\/logo\/image\/","url":"https:\/\/algarve7.pt\/wp-content\/uploads\/2020\/10\/Logo-8.jpg","contentUrl":"https:\/\/algarve7.pt\/wp-content\/uploads\/2020\/10\/Logo-8.jpg","width":1680,"height":1186,"caption":"Algarve 7"},"image":{"@id":"https:\/\/algarve7.pt\/#\/schema\/logo\/image\/"},"sameAs":["https:\/\/www.facebook.com\/algarve7","https:\/\/x.com\/Algarvesete","https:\/\/www.instagram.com\/jornalalgarve7\/","https:\/\/www.linkedin.com\/company\/algarve7","https:\/\/www.pinterest.pt\/geral0939\/_created\/"]},{"@type":"Person","@id":"https:\/\/algarve7.pt\/#\/schema\/person\/23fa70681308e7b319a3204bcea45e0c","name":"Algarve 7","sameAs":["https:\/\/algarve7.pt","https:\/\/www.facebook.com\/algarve7"],"url":"https:\/\/algarve7.pt\/index.php\/author\/geralalgarve7-pt\/"}]}},"jetpack_publicize_connections":[],"jetpack_featured_media_url":"https:\/\/algarve7.pt\/wp-content\/uploads\/2026\/02\/Carnaval-Altura-237.jpg","jetpack_shortlink":"https:\/\/wp.me\/pcezmW-fiY","jetpack_sharing_enabled":true,"_links":{"self":[{"href":"https:\/\/algarve7.pt\/index.php\/wp-json\/wp\/v2\/posts\/58836","targetHints":{"allow":["GET"]}}],"collection":[{"href":"https:\/\/algarve7.pt\/index.php\/wp-json\/wp\/v2\/posts"}],"about":[{"href":"https:\/\/algarve7.pt\/index.php\/wp-json\/wp\/v2\/types\/post"}],"author":[{"embeddable":true,"href":"https:\/\/algarve7.pt\/index.php\/wp-json\/wp\/v2\/users\/1"}],"replies":[{"embeddable":true,"href":"https:\/\/algarve7.pt\/index.php\/wp-json\/wp\/v2\/comments?post=58836"}],"version-history":[{"count":0,"href":"https:\/\/algarve7.pt\/index.php\/wp-json\/wp\/v2\/posts\/58836\/revisions"}],"wp:featuredmedia":[{"embeddable":true,"href":"https:\/\/algarve7.pt\/index.php\/wp-json\/wp\/v2\/media\/58837"}],"wp:attachment":[{"href":"https:\/\/algarve7.pt\/index.php\/wp-json\/wp\/v2\/media?parent=58836"}],"wp:term":[{"taxonomy":"category","embeddable":true,"href":"https:\/\/algarve7.pt\/index.php\/wp-json\/wp\/v2\/categories?post=58836"},{"taxonomy":"post_tag","embeddable":true,"href":"https:\/\/algarve7.pt\/index.php\/wp-json\/wp\/v2\/tags?post=58836"}],"curies":[{"name":"wp","href":"https:\/\/api.w.org\/{rel}","templated":true}]}}