{"id":58812,"date":"2026-02-17T08:30:00","date_gmt":"2026-02-17T08:30:00","guid":{"rendered":"https:\/\/algarve7.pt\/?p=58812"},"modified":"2026-02-16T12:46:57","modified_gmt":"2026-02-16T12:46:57","slug":"catarina-rochinha-lanca-a-comuniqa-a-partir-do-algarve-e-aposta-na-regiao-como-base-para-crescer-no-digital","status":"publish","type":"post","link":"https:\/\/algarve7.pt\/index.php\/2026\/02\/catarina-rochinha-lanca-a-comuniqa-a-partir-do-algarve-e-aposta-na-regiao-como-base-para-crescer-no-digital\/atualidade\/08\/30\/","title":{"rendered":"Catarina Rochinha lan\u00e7a a Comuniqa a partir do Algarve e aposta na regi\u00e3o como base para crescer no digital"},"content":{"rendered":"\n<p>Catarina Rochinha anuncia o lan\u00e7amento da&nbsp;<strong>Comuniqa<\/strong>, ag\u00eancia de marketing e comunica\u00e7\u00e3o sediada no&nbsp;<strong>Algarve<\/strong>, depois de uma transi\u00e7\u00e3o do mundo corporativo para o digital.&nbsp;<\/p>\n\n\n\n<p>A decis\u00e3o de criar a empresa fora de Lisboa reflete uma aposta clara: provar que talento, estrat\u00e9gia e neg\u00f3cios com ambi\u00e7\u00e3o n\u00e3o t\u00eam de estar concentrados nos grandes centros \u2014 e que o Algarve pode ser mais do que turismo, tornando-se tamb\u00e9m um territ\u00f3rio de novas ideias, novas linhas de neg\u00f3cio e empreendedorismo com futuro.<\/p>\n\n\n\n<p>Com&nbsp;<strong>15 anos de experi\u00eancia<\/strong>&nbsp;em marketing e comunica\u00e7\u00e3o \u2014 em \u00e1reas como lideran\u00e7a, eventos e gest\u00e3o de marca \u2014 Catarina junta \u00e0 bagagem corporate um percurso s\u00f3lido no digital, com cerca de&nbsp;<strong>70 mil seguidores<\/strong>&nbsp;(across platforms), onde cria conte\u00fados sobre aceita\u00e7\u00e3o corporal, igualdade de g\u00e9nero, inclus\u00e3o LGBTQIA+ e sa\u00fade mental. Esta \u201ccolis\u00e3o\u201d entre m\u00e9todo e comunidade \u00e9 a base do posicionamento da Comuniqa: transformar estrat\u00e9gia em comunica\u00e7\u00e3o que se entende, se sente e funciona no ritmo das pessoas.<\/p>\n\n\n\n<p><em>\u201cNo corporate aprendi a construir estrat\u00e9gia. No digital aprendi a construir rela\u00e7\u00e3o. A Comuniqa existe para juntar as duas coisas: comunicar com prop\u00f3sito, mas com performance.\u201d<\/em><\/p>\n\n\n\n<p>A fundadora destaca ainda o papel do ecossistema local no arranque do projeto, sublinhando o apoio da&nbsp;<strong>ANJE Algarve<\/strong>&nbsp;como parte importante na concretiza\u00e7\u00e3o da empresa na regi\u00e3o. O seu trabalho foi distinguido a n\u00edvel nacional nos&nbsp;<strong>Pr\u00e9mios Lus\u00f3fonos da Criatividade<\/strong>, com dois Bronze nas categorias&nbsp;<strong>Best Use of Influencers in Social Media<\/strong>&nbsp;e&nbsp;<strong>Social Responsibility in Social Media<\/strong>.<\/p>\n\n\n\n<p>A Comuniqa atua em&nbsp;<strong>estrat\u00e9gia, redes sociais, storytelling e produ\u00e7\u00e3o de conte\u00fado<\/strong>, com foco em marcas que procuram comunica\u00e7\u00e3o mais humana, culturalmente alinhada e orientada a resultados \u2014&nbsp;<strong>a partir de Faro no Algarve, para todo o pa\u00eds<\/strong>.<\/p>\n","protected":false},"excerpt":{"rendered":"<p>Catarina Rochinha anuncia o lan\u00e7amento da&nbsp;Comuniqa, ag\u00eancia de marketing e comunica\u00e7\u00e3o sediada no&nbsp;Algarve, depois de uma transi\u00e7\u00e3o do mundo corporativo<\/p>\n","protected":false},"author":1,"featured_media":58813,"comment_status":"closed","ping_status":"closed","sticky":false,"template":"","format":"standard","meta":{"colormag_page_container_layout":"default_layout","colormag_page_sidebar_layout":"default_layout","_monsterinsights_skip_tracking":false,"_monsterinsights_sitenote_active":false,"_monsterinsights_sitenote_note":"","_monsterinsights_sitenote_category":0,"jetpack_post_was_ever_published":false,"_jetpack_newsletter_access":"","_jetpack_dont_email_post_to_subs":false,"_jetpack_newsletter_tier_id":0,"_jetpack_memberships_contains_paywalled_content":false,"_jetpack_memberships_contains_paid_content":false,"footnotes":"","jetpack_publicize_message":"","jetpack_publicize_feature_enabled":true,"jetpack_social_post_already_shared":true,"jetpack_social_options":{"image_generator_settings":{"template":"highway","default_image_id":0,"font":"","enabled":false},"version":2}},"categories":[11],"tags":[36,62],"class_list":["post-58812","post","type-post","status-publish","format-standard","has-post-thumbnail","hentry","category-atualidade","tag-algarve","tag-atualidade"],"yoast_head":"<!-- This site is optimized with the Yoast SEO plugin v27.5 - https:\/\/yoast.com\/product\/yoast-seo-wordpress\/ -->\n<title>Catarina Rochinha lan\u00e7a a Comuniqa a partir do Algarve e aposta na regi\u00e3o como base para crescer no digital - Algarve 7<\/title>\n<meta name=\"description\" content=\"Catarina Rochinha lan\u00e7a a Comuniqa a partir do Algarve e aposta na regi\u00e3o como base para crescer no digital Atualidade\" \/>\n<meta name=\"robots\" content=\"index, follow, max-snippet:-1, max-image-preview:large, max-video-preview:-1\" \/>\n<link rel=\"canonical\" href=\"https:\/\/algarve7.pt\/index.php\/2026\/02\/catarina-rochinha-lanca-a-comuniqa-a-partir-do-algarve-e-aposta-na-regiao-como-base-para-crescer-no-digital\/atualidade\/08\/30\/\" \/>\n<meta property=\"og:locale\" content=\"pt_PT\" \/>\n<meta property=\"og:type\" content=\"article\" \/>\n<meta property=\"og:title\" content=\"Catarina Rochinha lan\u00e7a a Comuniqa a partir do Algarve e aposta na regi\u00e3o como base para crescer no digital - Algarve 7\" \/>\n<meta property=\"og:description\" content=\"Catarina Rochinha lan\u00e7a a Comuniqa a partir do Algarve e aposta na regi\u00e3o como base para crescer no digital Atualidade\" \/>\n<meta property=\"og:url\" content=\"https:\/\/algarve7.pt\/index.php\/2026\/02\/catarina-rochinha-lanca-a-comuniqa-a-partir-do-algarve-e-aposta-na-regiao-como-base-para-crescer-no-digital\/atualidade\/08\/30\/\" \/>\n<meta property=\"og:site_name\" content=\"Algarve 7\" \/>\n<meta property=\"article:publisher\" content=\"https:\/\/www.facebook.com\/algarve7\" \/>\n<meta property=\"article:author\" content=\"https:\/\/www.facebook.com\/algarve7\" \/>\n<meta property=\"article:published_time\" content=\"2026-02-17T08:30:00+00:00\" \/>\n<meta property=\"og:image\" content=\"https:\/\/algarve7.pt\/wp-content\/uploads\/2026\/02\/Catarina_Rochinha_Comuniqa_Influenciadora_Digital_2.jpg\" \/>\n\t<meta property=\"og:image:width\" content=\"800\" \/>\n\t<meta property=\"og:image:height\" content=\"500\" \/>\n\t<meta property=\"og:image:type\" content=\"image\/jpeg\" \/>\n<meta name=\"author\" content=\"Algarve 7\" \/>\n<meta name=\"twitter:card\" content=\"summary_large_image\" \/>\n<meta name=\"twitter:creator\" content=\"@Algarvesete\" \/>\n<meta name=\"twitter:site\" content=\"@Algarvesete\" \/>\n<meta name=\"twitter:label1\" content=\"Escrito por\" \/>\n\t<meta name=\"twitter:data1\" content=\"Algarve 7\" \/>\n\t<meta name=\"twitter:label2\" content=\"Tempo estimado de leitura\" \/>\n\t<meta name=\"twitter:data2\" content=\"2 minutos\" \/>\n<script type=\"application\/ld+json\" class=\"yoast-schema-graph\">{\"@context\":\"https:\\\/\\\/schema.org\",\"@graph\":[{\"@type\":\"Article\",\"@id\":\"https:\\\/\\\/algarve7.pt\\\/index.php\\\/2026\\\/02\\\/catarina-rochinha-lanca-a-comuniqa-a-partir-do-algarve-e-aposta-na-regiao-como-base-para-crescer-no-digital\\\/atualidade\\\/08\\\/30\\\/#article\",\"isPartOf\":{\"@id\":\"https:\\\/\\\/algarve7.pt\\\/index.php\\\/2026\\\/02\\\/catarina-rochinha-lanca-a-comuniqa-a-partir-do-algarve-e-aposta-na-regiao-como-base-para-crescer-no-digital\\\/atualidade\\\/08\\\/30\\\/\"},\"author\":{\"name\":\"Algarve 7\",\"@id\":\"https:\\\/\\\/algarve7.pt\\\/#\\\/schema\\\/person\\\/23fa70681308e7b319a3204bcea45e0c\"},\"headline\":\"Catarina Rochinha lan\u00e7a a Comuniqa a partir do Algarve e aposta na regi\u00e3o como base para crescer no digital\",\"datePublished\":\"2026-02-17T08:30:00+00:00\",\"mainEntityOfPage\":{\"@id\":\"https:\\\/\\\/algarve7.pt\\\/index.php\\\/2026\\\/02\\\/catarina-rochinha-lanca-a-comuniqa-a-partir-do-algarve-e-aposta-na-regiao-como-base-para-crescer-no-digital\\\/atualidade\\\/08\\\/30\\\/\"},\"wordCount\":351,\"publisher\":{\"@id\":\"https:\\\/\\\/algarve7.pt\\\/#organization\"},\"image\":{\"@id\":\"https:\\\/\\\/algarve7.pt\\\/index.php\\\/2026\\\/02\\\/catarina-rochinha-lanca-a-comuniqa-a-partir-do-algarve-e-aposta-na-regiao-como-base-para-crescer-no-digital\\\/atualidade\\\/08\\\/30\\\/#primaryimage\"},\"thumbnailUrl\":\"https:\\\/\\\/algarve7.pt\\\/wp-content\\\/uploads\\\/2026\\\/02\\\/Catarina_Rochinha_Comuniqa_Influenciadora_Digital_2.jpg\",\"keywords\":[\"Algarve\",\"Atualidade\"],\"articleSection\":[\"Atualidade\"],\"inLanguage\":\"pt-PT\"},{\"@type\":\"WebPage\",\"@id\":\"https:\\\/\\\/algarve7.pt\\\/index.php\\\/2026\\\/02\\\/catarina-rochinha-lanca-a-comuniqa-a-partir-do-algarve-e-aposta-na-regiao-como-base-para-crescer-no-digital\\\/atualidade\\\/08\\\/30\\\/\",\"url\":\"https:\\\/\\\/algarve7.pt\\\/index.php\\\/2026\\\/02\\\/catarina-rochinha-lanca-a-comuniqa-a-partir-do-algarve-e-aposta-na-regiao-como-base-para-crescer-no-digital\\\/atualidade\\\/08\\\/30\\\/\",\"name\":\"Catarina Rochinha lan\u00e7a a Comuniqa a partir do Algarve e aposta na regi\u00e3o como base para crescer no digital - Algarve 7\",\"isPartOf\":{\"@id\":\"https:\\\/\\\/algarve7.pt\\\/#website\"},\"primaryImageOfPage\":{\"@id\":\"https:\\\/\\\/algarve7.pt\\\/index.php\\\/2026\\\/02\\\/catarina-rochinha-lanca-a-comuniqa-a-partir-do-algarve-e-aposta-na-regiao-como-base-para-crescer-no-digital\\\/atualidade\\\/08\\\/30\\\/#primaryimage\"},\"image\":{\"@id\":\"https:\\\/\\\/algarve7.pt\\\/index.php\\\/2026\\\/02\\\/catarina-rochinha-lanca-a-comuniqa-a-partir-do-algarve-e-aposta-na-regiao-como-base-para-crescer-no-digital\\\/atualidade\\\/08\\\/30\\\/#primaryimage\"},\"thumbnailUrl\":\"https:\\\/\\\/algarve7.pt\\\/wp-content\\\/uploads\\\/2026\\\/02\\\/Catarina_Rochinha_Comuniqa_Influenciadora_Digital_2.jpg\",\"datePublished\":\"2026-02-17T08:30:00+00:00\",\"description\":\"Catarina Rochinha lan\u00e7a a Comuniqa a partir do Algarve e aposta na regi\u00e3o como base para crescer no digital Atualidade\",\"breadcrumb\":{\"@id\":\"https:\\\/\\\/algarve7.pt\\\/index.php\\\/2026\\\/02\\\/catarina-rochinha-lanca-a-comuniqa-a-partir-do-algarve-e-aposta-na-regiao-como-base-para-crescer-no-digital\\\/atualidade\\\/08\\\/30\\\/#breadcrumb\"},\"inLanguage\":\"pt-PT\",\"potentialAction\":[{\"@type\":\"ReadAction\",\"target\":[\"https:\\\/\\\/algarve7.pt\\\/index.php\\\/2026\\\/02\\\/catarina-rochinha-lanca-a-comuniqa-a-partir-do-algarve-e-aposta-na-regiao-como-base-para-crescer-no-digital\\\/atualidade\\\/08\\\/30\\\/\"]}]},{\"@type\":\"ImageObject\",\"inLanguage\":\"pt-PT\",\"@id\":\"https:\\\/\\\/algarve7.pt\\\/index.php\\\/2026\\\/02\\\/catarina-rochinha-lanca-a-comuniqa-a-partir-do-algarve-e-aposta-na-regiao-como-base-para-crescer-no-digital\\\/atualidade\\\/08\\\/30\\\/#primaryimage\",\"url\":\"https:\\\/\\\/algarve7.pt\\\/wp-content\\\/uploads\\\/2026\\\/02\\\/Catarina_Rochinha_Comuniqa_Influenciadora_Digital_2.jpg\",\"contentUrl\":\"https:\\\/\\\/algarve7.pt\\\/wp-content\\\/uploads\\\/2026\\\/02\\\/Catarina_Rochinha_Comuniqa_Influenciadora_Digital_2.jpg\",\"width\":800,\"height\":500},{\"@type\":\"BreadcrumbList\",\"@id\":\"https:\\\/\\\/algarve7.pt\\\/index.php\\\/2026\\\/02\\\/catarina-rochinha-lanca-a-comuniqa-a-partir-do-algarve-e-aposta-na-regiao-como-base-para-crescer-no-digital\\\/atualidade\\\/08\\\/30\\\/#breadcrumb\",\"itemListElement\":[{\"@type\":\"ListItem\",\"position\":1,\"name\":\"In\u00edcio\",\"item\":\"https:\\\/\\\/algarve7.pt\\\/\"},{\"@type\":\"ListItem\",\"position\":2,\"name\":\"Catarina Rochinha lan\u00e7a a Comuniqa a partir do Algarve e aposta na regi\u00e3o como base para crescer no digital\"}]},{\"@type\":\"WebSite\",\"@id\":\"https:\\\/\\\/algarve7.pt\\\/#website\",\"url\":\"https:\\\/\\\/algarve7.pt\\\/\",\"name\":\"Algarve 7\",\"description\":\"Informa\u00e7\u00e3o sobre o Algarve\",\"publisher\":{\"@id\":\"https:\\\/\\\/algarve7.pt\\\/#organization\"},\"potentialAction\":[{\"@type\":\"SearchAction\",\"target\":{\"@type\":\"EntryPoint\",\"urlTemplate\":\"https:\\\/\\\/algarve7.pt\\\/?s={search_term_string}\"},\"query-input\":{\"@type\":\"PropertyValueSpecification\",\"valueRequired\":true,\"valueName\":\"search_term_string\"}}],\"inLanguage\":\"pt-PT\"},{\"@type\":\"Organization\",\"@id\":\"https:\\\/\\\/algarve7.pt\\\/#organization\",\"name\":\"Algarve 7\",\"url\":\"https:\\\/\\\/algarve7.pt\\\/\",\"logo\":{\"@type\":\"ImageObject\",\"inLanguage\":\"pt-PT\",\"@id\":\"https:\\\/\\\/algarve7.pt\\\/#\\\/schema\\\/logo\\\/image\\\/\",\"url\":\"https:\\\/\\\/algarve7.pt\\\/wp-content\\\/uploads\\\/2020\\\/10\\\/Logo-8.jpg\",\"contentUrl\":\"https:\\\/\\\/algarve7.pt\\\/wp-content\\\/uploads\\\/2020\\\/10\\\/Logo-8.jpg\",\"width\":1680,\"height\":1186,\"caption\":\"Algarve 7\"},\"image\":{\"@id\":\"https:\\\/\\\/algarve7.pt\\\/#\\\/schema\\\/logo\\\/image\\\/\"},\"sameAs\":[\"https:\\\/\\\/www.facebook.com\\\/algarve7\",\"https:\\\/\\\/x.com\\\/Algarvesete\",\"https:\\\/\\\/www.instagram.com\\\/jornalalgarve7\\\/\",\"https:\\\/\\\/www.linkedin.com\\\/company\\\/algarve7\",\"https:\\\/\\\/www.pinterest.pt\\\/geral0939\\\/_created\\\/\"]},{\"@type\":\"Person\",\"@id\":\"https:\\\/\\\/algarve7.pt\\\/#\\\/schema\\\/person\\\/23fa70681308e7b319a3204bcea45e0c\",\"name\":\"Algarve 7\",\"sameAs\":[\"https:\\\/\\\/algarve7.pt\",\"https:\\\/\\\/www.facebook.com\\\/algarve7\"],\"url\":\"https:\\\/\\\/algarve7.pt\\\/index.php\\\/author\\\/geralalgarve7-pt\\\/\"}]}<\/script>\n<!-- \/ Yoast SEO plugin. -->","yoast_head_json":{"title":"Catarina Rochinha lan\u00e7a a Comuniqa a partir do Algarve e aposta na regi\u00e3o como base para crescer no digital - Algarve 7","description":"Catarina Rochinha lan\u00e7a a Comuniqa a partir do Algarve e aposta na regi\u00e3o como base para crescer no digital Atualidade","robots":{"index":"index","follow":"follow","max-snippet":"max-snippet:-1","max-image-preview":"max-image-preview:large","max-video-preview":"max-video-preview:-1"},"canonical":"https:\/\/algarve7.pt\/index.php\/2026\/02\/catarina-rochinha-lanca-a-comuniqa-a-partir-do-algarve-e-aposta-na-regiao-como-base-para-crescer-no-digital\/atualidade\/08\/30\/","og_locale":"pt_PT","og_type":"article","og_title":"Catarina Rochinha lan\u00e7a a Comuniqa a partir do Algarve e aposta na regi\u00e3o como base para crescer no digital - Algarve 7","og_description":"Catarina Rochinha lan\u00e7a a Comuniqa a partir do Algarve e aposta na regi\u00e3o como base para crescer no digital Atualidade","og_url":"https:\/\/algarve7.pt\/index.php\/2026\/02\/catarina-rochinha-lanca-a-comuniqa-a-partir-do-algarve-e-aposta-na-regiao-como-base-para-crescer-no-digital\/atualidade\/08\/30\/","og_site_name":"Algarve 7","article_publisher":"https:\/\/www.facebook.com\/algarve7","article_author":"https:\/\/www.facebook.com\/algarve7","article_published_time":"2026-02-17T08:30:00+00:00","og_image":[{"width":800,"height":500,"url":"https:\/\/algarve7.pt\/wp-content\/uploads\/2026\/02\/Catarina_Rochinha_Comuniqa_Influenciadora_Digital_2.jpg","type":"image\/jpeg"}],"author":"Algarve 7","twitter_card":"summary_large_image","twitter_creator":"@Algarvesete","twitter_site":"@Algarvesete","twitter_misc":{"Escrito por":"Algarve 7","Tempo estimado de leitura":"2 minutos"},"schema":{"@context":"https:\/\/schema.org","@graph":[{"@type":"Article","@id":"https:\/\/algarve7.pt\/index.php\/2026\/02\/catarina-rochinha-lanca-a-comuniqa-a-partir-do-algarve-e-aposta-na-regiao-como-base-para-crescer-no-digital\/atualidade\/08\/30\/#article","isPartOf":{"@id":"https:\/\/algarve7.pt\/index.php\/2026\/02\/catarina-rochinha-lanca-a-comuniqa-a-partir-do-algarve-e-aposta-na-regiao-como-base-para-crescer-no-digital\/atualidade\/08\/30\/"},"author":{"name":"Algarve 7","@id":"https:\/\/algarve7.pt\/#\/schema\/person\/23fa70681308e7b319a3204bcea45e0c"},"headline":"Catarina Rochinha lan\u00e7a a Comuniqa a partir do Algarve e aposta na regi\u00e3o como base para crescer no digital","datePublished":"2026-02-17T08:30:00+00:00","mainEntityOfPage":{"@id":"https:\/\/algarve7.pt\/index.php\/2026\/02\/catarina-rochinha-lanca-a-comuniqa-a-partir-do-algarve-e-aposta-na-regiao-como-base-para-crescer-no-digital\/atualidade\/08\/30\/"},"wordCount":351,"publisher":{"@id":"https:\/\/algarve7.pt\/#organization"},"image":{"@id":"https:\/\/algarve7.pt\/index.php\/2026\/02\/catarina-rochinha-lanca-a-comuniqa-a-partir-do-algarve-e-aposta-na-regiao-como-base-para-crescer-no-digital\/atualidade\/08\/30\/#primaryimage"},"thumbnailUrl":"https:\/\/algarve7.pt\/wp-content\/uploads\/2026\/02\/Catarina_Rochinha_Comuniqa_Influenciadora_Digital_2.jpg","keywords":["Algarve","Atualidade"],"articleSection":["Atualidade"],"inLanguage":"pt-PT"},{"@type":"WebPage","@id":"https:\/\/algarve7.pt\/index.php\/2026\/02\/catarina-rochinha-lanca-a-comuniqa-a-partir-do-algarve-e-aposta-na-regiao-como-base-para-crescer-no-digital\/atualidade\/08\/30\/","url":"https:\/\/algarve7.pt\/index.php\/2026\/02\/catarina-rochinha-lanca-a-comuniqa-a-partir-do-algarve-e-aposta-na-regiao-como-base-para-crescer-no-digital\/atualidade\/08\/30\/","name":"Catarina Rochinha lan\u00e7a a Comuniqa a partir do Algarve e aposta na regi\u00e3o como base para crescer no digital - Algarve 7","isPartOf":{"@id":"https:\/\/algarve7.pt\/#website"},"primaryImageOfPage":{"@id":"https:\/\/algarve7.pt\/index.php\/2026\/02\/catarina-rochinha-lanca-a-comuniqa-a-partir-do-algarve-e-aposta-na-regiao-como-base-para-crescer-no-digital\/atualidade\/08\/30\/#primaryimage"},"image":{"@id":"https:\/\/algarve7.pt\/index.php\/2026\/02\/catarina-rochinha-lanca-a-comuniqa-a-partir-do-algarve-e-aposta-na-regiao-como-base-para-crescer-no-digital\/atualidade\/08\/30\/#primaryimage"},"thumbnailUrl":"https:\/\/algarve7.pt\/wp-content\/uploads\/2026\/02\/Catarina_Rochinha_Comuniqa_Influenciadora_Digital_2.jpg","datePublished":"2026-02-17T08:30:00+00:00","description":"Catarina Rochinha lan\u00e7a a Comuniqa a partir do Algarve e aposta na regi\u00e3o como base para crescer no digital Atualidade","breadcrumb":{"@id":"https:\/\/algarve7.pt\/index.php\/2026\/02\/catarina-rochinha-lanca-a-comuniqa-a-partir-do-algarve-e-aposta-na-regiao-como-base-para-crescer-no-digital\/atualidade\/08\/30\/#breadcrumb"},"inLanguage":"pt-PT","potentialAction":[{"@type":"ReadAction","target":["https:\/\/algarve7.pt\/index.php\/2026\/02\/catarina-rochinha-lanca-a-comuniqa-a-partir-do-algarve-e-aposta-na-regiao-como-base-para-crescer-no-digital\/atualidade\/08\/30\/"]}]},{"@type":"ImageObject","inLanguage":"pt-PT","@id":"https:\/\/algarve7.pt\/index.php\/2026\/02\/catarina-rochinha-lanca-a-comuniqa-a-partir-do-algarve-e-aposta-na-regiao-como-base-para-crescer-no-digital\/atualidade\/08\/30\/#primaryimage","url":"https:\/\/algarve7.pt\/wp-content\/uploads\/2026\/02\/Catarina_Rochinha_Comuniqa_Influenciadora_Digital_2.jpg","contentUrl":"https:\/\/algarve7.pt\/wp-content\/uploads\/2026\/02\/Catarina_Rochinha_Comuniqa_Influenciadora_Digital_2.jpg","width":800,"height":500},{"@type":"BreadcrumbList","@id":"https:\/\/algarve7.pt\/index.php\/2026\/02\/catarina-rochinha-lanca-a-comuniqa-a-partir-do-algarve-e-aposta-na-regiao-como-base-para-crescer-no-digital\/atualidade\/08\/30\/#breadcrumb","itemListElement":[{"@type":"ListItem","position":1,"name":"In\u00edcio","item":"https:\/\/algarve7.pt\/"},{"@type":"ListItem","position":2,"name":"Catarina Rochinha lan\u00e7a a Comuniqa a partir do Algarve e aposta na regi\u00e3o como base para crescer no digital"}]},{"@type":"WebSite","@id":"https:\/\/algarve7.pt\/#website","url":"https:\/\/algarve7.pt\/","name":"Algarve 7","description":"Informa\u00e7\u00e3o sobre o Algarve","publisher":{"@id":"https:\/\/algarve7.pt\/#organization"},"potentialAction":[{"@type":"SearchAction","target":{"@type":"EntryPoint","urlTemplate":"https:\/\/algarve7.pt\/?s={search_term_string}"},"query-input":{"@type":"PropertyValueSpecification","valueRequired":true,"valueName":"search_term_string"}}],"inLanguage":"pt-PT"},{"@type":"Organization","@id":"https:\/\/algarve7.pt\/#organization","name":"Algarve 7","url":"https:\/\/algarve7.pt\/","logo":{"@type":"ImageObject","inLanguage":"pt-PT","@id":"https:\/\/algarve7.pt\/#\/schema\/logo\/image\/","url":"https:\/\/algarve7.pt\/wp-content\/uploads\/2020\/10\/Logo-8.jpg","contentUrl":"https:\/\/algarve7.pt\/wp-content\/uploads\/2020\/10\/Logo-8.jpg","width":1680,"height":1186,"caption":"Algarve 7"},"image":{"@id":"https:\/\/algarve7.pt\/#\/schema\/logo\/image\/"},"sameAs":["https:\/\/www.facebook.com\/algarve7","https:\/\/x.com\/Algarvesete","https:\/\/www.instagram.com\/jornalalgarve7\/","https:\/\/www.linkedin.com\/company\/algarve7","https:\/\/www.pinterest.pt\/geral0939\/_created\/"]},{"@type":"Person","@id":"https:\/\/algarve7.pt\/#\/schema\/person\/23fa70681308e7b319a3204bcea45e0c","name":"Algarve 7","sameAs":["https:\/\/algarve7.pt","https:\/\/www.facebook.com\/algarve7"],"url":"https:\/\/algarve7.pt\/index.php\/author\/geralalgarve7-pt\/"}]}},"jetpack_publicize_connections":[],"jetpack_featured_media_url":"https:\/\/algarve7.pt\/wp-content\/uploads\/2026\/02\/Catarina_Rochinha_Comuniqa_Influenciadora_Digital_2.jpg","jetpack_shortlink":"https:\/\/wp.me\/pcezmW-fiA","jetpack_sharing_enabled":true,"_links":{"self":[{"href":"https:\/\/algarve7.pt\/index.php\/wp-json\/wp\/v2\/posts\/58812","targetHints":{"allow":["GET"]}}],"collection":[{"href":"https:\/\/algarve7.pt\/index.php\/wp-json\/wp\/v2\/posts"}],"about":[{"href":"https:\/\/algarve7.pt\/index.php\/wp-json\/wp\/v2\/types\/post"}],"author":[{"embeddable":true,"href":"https:\/\/algarve7.pt\/index.php\/wp-json\/wp\/v2\/users\/1"}],"replies":[{"embeddable":true,"href":"https:\/\/algarve7.pt\/index.php\/wp-json\/wp\/v2\/comments?post=58812"}],"version-history":[{"count":0,"href":"https:\/\/algarve7.pt\/index.php\/wp-json\/wp\/v2\/posts\/58812\/revisions"}],"wp:featuredmedia":[{"embeddable":true,"href":"https:\/\/algarve7.pt\/index.php\/wp-json\/wp\/v2\/media\/58813"}],"wp:attachment":[{"href":"https:\/\/algarve7.pt\/index.php\/wp-json\/wp\/v2\/media?parent=58812"}],"wp:term":[{"taxonomy":"category","embeddable":true,"href":"https:\/\/algarve7.pt\/index.php\/wp-json\/wp\/v2\/categories?post=58812"},{"taxonomy":"post_tag","embeddable":true,"href":"https:\/\/algarve7.pt\/index.php\/wp-json\/wp\/v2\/tags?post=58812"}],"curies":[{"name":"wp","href":"https:\/\/api.w.org\/{rel}","templated":true}]}}