{"id":58799,"date":"2026-02-16T12:22:39","date_gmt":"2026-02-16T12:22:39","guid":{"rendered":"https:\/\/algarve7.pt\/?p=58799"},"modified":"2026-02-16T12:22:48","modified_gmt":"2026-02-16T12:22:48","slug":"o-sol-brilhou-em-loule-para-ver-passar-o-mais-antigo-carnaval-do-pais","status":"publish","type":"post","link":"https:\/\/algarve7.pt\/index.php\/2026\/02\/o-sol-brilhou-em-loule-para-ver-passar-o-mais-antigo-carnaval-do-pais\/cultura\/12\/22\/","title":{"rendered":"O sol brilhou em Loul\u00e9 para ver passar o mais antigo carnaval do pa\u00eds"},"content":{"rendered":"\n<p>Depois de v\u00e1rias semanas de chuva de norte a sul do Pa\u00eds, o S. Pedro deu finalmente tr\u00e9guas, bem a tempo para Loul\u00e9 receber da melhor forma aquele que \u00e9 o mais antigo Carnaval de Portugal. No ano em que assinala 120 anos de exist\u00eancia enquanto corso \u201ccivilizado\u201d, o desfile arrancou da melhor forma, com sol, muita alegria e cerca de 25 mil foli\u00f5es a encherem a Avenida Jos\u00e9 da Costa Mealha.<\/p>\n\n\n\n<p>Inspirado nos \u201cSuper-Her\u00f3is\u201d, esta edi\u00e7\u00e3o traz a sempre acutilante s\u00e1tira, numa par\u00f3dia nacional e internacional presente em 13 carros aleg\u00f3ricos, 8 grupos de anima\u00e7\u00e3o em representa\u00e7\u00e3o das coletividades do concelho, duas escolas de samba e as sempre atraentes bailarinas com muito samba no p\u00e9, num total de mais de 600 figurantes a espalharem a boa disposi\u00e7\u00e3o e contagiar o p\u00fablico.<\/p>\n\n\n\n<p>Epis\u00f3dios que marcam a atualidade noticiosa foram apresentados em tom jocoso e brincalh\u00e3o neste primeiro dia do desfile, correspondendo \u00e0 curiosidade e surpresa de quem aqui veio. Portugueses, espanh\u00f3is, brit\u00e2nicos, franceses, todos juntos no \u201csamb\u00f3dromo louletano\u201d para celebrar a alegria e dar umas boas gargalhadas.<\/p>\n\n\n\n<p>Ainda n\u00e3o tomou posse como Presidente da Rep\u00fablica, mas Ant\u00f3nio Jos\u00e9 Seguro j\u00e1 teve a primeira apari\u00e7\u00e3o neste corso, ao lado dos outros candidatos presidenciais, como o Almirante Gouveia e Melo em modo Aquaman ou o Nemo Marques Mendes. Dos super-her\u00f3is aos vil\u00f5es, o palco foi tamb\u00e9m do Joker Jos\u00e9 S\u00f3crates, que, num carro tripulado pelo Motoclube de Loul\u00e9, trouxe uma par\u00f3dia ao moroso processo Marqu\u00eas.<\/p>\n\n\n\n<p>Quem tamb\u00e9m deu nas vistas foi Georgina Rodriguez e o anel de noivado oferecido por Cristiano Ronaldo, uma joia valiosa que encheu as primeiras p\u00e1ginas dos jornais e que em Loul\u00e9, com a criatividade e acutil\u00e2ncia dos criativos deste Carnaval, parece ainda maior.<\/p>\n\n\n\n<p>A pol\u00edtica internacional n\u00e3o passa ao lado desta s\u00e1tira e Donald Trump tem um lugar de destaque. Este ano surge num carro ao lado de Nicol\u00e1s Maduro, rodeado do petr\u00f3leo venezuelano.<\/p>\n\n\n\n<p>Mas Loul\u00e9 \u00e9 tamb\u00e9m um Carnaval inclusivo e o \u00fanico do pa\u00eds a integrar no desfile pessoas com mobilidade reduzida e necessidades especiais. O carro tripulado pela EXISTIR conta com uma plataforma adaptada que permitiu que os utentes desta associa\u00e7\u00e3o, em cadeira de rodas ou dificuldade de locomo\u00e7\u00e3o, pudessem tamb\u00e9m desfilar e fazer parte desta festa. E foi assim durante o dia de hoje. Um dia de festa que ir\u00e1 continuar esta segunda-feira, com o desfile a regressar \u00e0 Avenida, a partir das 15h. \u00c0 noite h\u00e1 Baile de Gala de Carnaval, no Sal\u00e3o de Festas.<\/p>\n\n\n\n<p>A Autarquia de Loul\u00e9 faz um balan\u00e7o positivo deste primeiro dia de desfile. \u201cEstamos muito satisfeitos com a moldura humana que, uma vez mais, encheu a Avenida Jos\u00e9 da Costa Mealha. Felizmente o S. Pedro esteve do nosso lado e pudemos celebrar este Domingo Gordo da melhor forma, com a alegria que t\u00e3o bem caracteriza esta quadra. Este \u00e9 um evento-\u00e2ncora, bastante relevante para dinamiza\u00e7\u00e3o da economia local nesta \u00e9poca baixa do turismo algarvio, mas \u00e9 tamb\u00e9m uma tradi\u00e7\u00e3o muito especial para o concelho e para cidade, bastante enraizada nos louletanos. Acreditamos que amanh\u00e3 e na ter\u00e7a-feira de Entrudo teremos muitos milhares de visitantes a ajudarem a esta festa\u201d, declara Jos\u00e9 Miguel Monteiro, respons\u00e1vel pela organiza\u00e7\u00e3o do evento.<\/p>\n","protected":false},"excerpt":{"rendered":"<p>Depois de v\u00e1rias semanas de chuva de norte a sul do Pa\u00eds, o S. Pedro deu finalmente tr\u00e9guas, bem a<\/p>\n","protected":false},"author":1,"featured_media":58800,"comment_status":"closed","ping_status":"closed","sticky":false,"template":"","format":"standard","meta":{"colormag_page_container_layout":"default_layout","colormag_page_sidebar_layout":"default_layout","_monsterinsights_skip_tracking":false,"_monsterinsights_sitenote_active":false,"_monsterinsights_sitenote_note":"","_monsterinsights_sitenote_category":0,"jetpack_post_was_ever_published":false,"_jetpack_newsletter_access":"","_jetpack_dont_email_post_to_subs":false,"_jetpack_newsletter_tier_id":0,"_jetpack_memberships_contains_paywalled_content":false,"_jetpack_memberships_contains_paid_content":false,"footnotes":"","jetpack_publicize_message":"","jetpack_publicize_feature_enabled":true,"jetpack_social_post_already_shared":true,"jetpack_social_options":{"image_generator_settings":{"template":"highway","default_image_id":0,"font":"","enabled":false},"version":2}},"categories":[14],"tags":[36,187,35,31],"class_list":["post-58799","post","type-post","status-publish","format-standard","has-post-thumbnail","hentry","category-cultura","tag-algarve","tag-carnaval","tag-cultura","tag-loule"],"yoast_head":"<!-- This site is optimized with the Yoast SEO plugin v27.5 - https:\/\/yoast.com\/product\/yoast-seo-wordpress\/ -->\n<title>O sol brilhou em Loul\u00e9 para ver passar o mais antigo carnaval do pa\u00eds - Algarve 7<\/title>\n<meta name=\"description\" content=\"O sol brilhou em Loul\u00e9 para ver passar o mais antigo carnaval do pa\u00eds Cultura\" \/>\n<meta name=\"robots\" content=\"index, follow, max-snippet:-1, max-image-preview:large, max-video-preview:-1\" \/>\n<link rel=\"canonical\" href=\"https:\/\/algarve7.pt\/index.php\/2026\/02\/o-sol-brilhou-em-loule-para-ver-passar-o-mais-antigo-carnaval-do-pais\/cultura\/12\/22\/\" \/>\n<meta property=\"og:locale\" content=\"pt_PT\" \/>\n<meta property=\"og:type\" content=\"article\" \/>\n<meta property=\"og:title\" content=\"O sol brilhou em Loul\u00e9 para ver passar o mais antigo carnaval do pa\u00eds - Algarve 7\" \/>\n<meta property=\"og:description\" content=\"O sol brilhou em Loul\u00e9 para ver passar o mais antigo carnaval do pa\u00eds Cultura\" \/>\n<meta property=\"og:url\" content=\"https:\/\/algarve7.pt\/index.php\/2026\/02\/o-sol-brilhou-em-loule-para-ver-passar-o-mais-antigo-carnaval-do-pais\/cultura\/12\/22\/\" \/>\n<meta property=\"og:site_name\" content=\"Algarve 7\" \/>\n<meta property=\"article:publisher\" content=\"https:\/\/www.facebook.com\/algarve7\" \/>\n<meta property=\"article:author\" content=\"https:\/\/www.facebook.com\/algarve7\" \/>\n<meta property=\"article:published_time\" content=\"2026-02-16T12:22:39+00:00\" \/>\n<meta property=\"article:modified_time\" content=\"2026-02-16T12:22:48+00:00\" \/>\n<meta property=\"og:image\" content=\"https:\/\/algarve7.pt\/wp-content\/uploads\/2026\/02\/Carnaval-de-Loule-15-02-2026-20.jpg\" \/>\n\t<meta property=\"og:image:width\" content=\"800\" \/>\n\t<meta property=\"og:image:height\" content=\"500\" \/>\n\t<meta property=\"og:image:type\" content=\"image\/jpeg\" \/>\n<meta name=\"author\" content=\"Algarve 7\" \/>\n<meta name=\"twitter:card\" content=\"summary_large_image\" \/>\n<meta name=\"twitter:creator\" content=\"@Algarvesete\" \/>\n<meta name=\"twitter:site\" content=\"@Algarvesete\" \/>\n<meta name=\"twitter:label1\" content=\"Escrito por\" \/>\n\t<meta name=\"twitter:data1\" content=\"Algarve 7\" \/>\n\t<meta name=\"twitter:label2\" content=\"Tempo estimado de leitura\" \/>\n\t<meta name=\"twitter:data2\" content=\"4 minutos\" \/>\n<script type=\"application\/ld+json\" class=\"yoast-schema-graph\">{\"@context\":\"https:\\\/\\\/schema.org\",\"@graph\":[{\"@type\":\"Article\",\"@id\":\"https:\\\/\\\/algarve7.pt\\\/index.php\\\/2026\\\/02\\\/o-sol-brilhou-em-loule-para-ver-passar-o-mais-antigo-carnaval-do-pais\\\/cultura\\\/12\\\/22\\\/#article\",\"isPartOf\":{\"@id\":\"https:\\\/\\\/algarve7.pt\\\/index.php\\\/2026\\\/02\\\/o-sol-brilhou-em-loule-para-ver-passar-o-mais-antigo-carnaval-do-pais\\\/cultura\\\/12\\\/22\\\/\"},\"author\":{\"name\":\"Algarve 7\",\"@id\":\"https:\\\/\\\/algarve7.pt\\\/#\\\/schema\\\/person\\\/23fa70681308e7b319a3204bcea45e0c\"},\"headline\":\"O sol brilhou em Loul\u00e9 para ver passar o mais antigo carnaval do pa\u00eds\",\"datePublished\":\"2026-02-16T12:22:39+00:00\",\"dateModified\":\"2026-02-16T12:22:48+00:00\",\"mainEntityOfPage\":{\"@id\":\"https:\\\/\\\/algarve7.pt\\\/index.php\\\/2026\\\/02\\\/o-sol-brilhou-em-loule-para-ver-passar-o-mais-antigo-carnaval-do-pais\\\/cultura\\\/12\\\/22\\\/\"},\"wordCount\":586,\"publisher\":{\"@id\":\"https:\\\/\\\/algarve7.pt\\\/#organization\"},\"image\":{\"@id\":\"https:\\\/\\\/algarve7.pt\\\/index.php\\\/2026\\\/02\\\/o-sol-brilhou-em-loule-para-ver-passar-o-mais-antigo-carnaval-do-pais\\\/cultura\\\/12\\\/22\\\/#primaryimage\"},\"thumbnailUrl\":\"https:\\\/\\\/algarve7.pt\\\/wp-content\\\/uploads\\\/2026\\\/02\\\/Carnaval-de-Loule-15-02-2026-20.jpg\",\"keywords\":[\"Algarve\",\"Carnaval\",\"Cultura\",\"Loul\u00e9\"],\"articleSection\":[\"Cultura\"],\"inLanguage\":\"pt-PT\"},{\"@type\":\"WebPage\",\"@id\":\"https:\\\/\\\/algarve7.pt\\\/index.php\\\/2026\\\/02\\\/o-sol-brilhou-em-loule-para-ver-passar-o-mais-antigo-carnaval-do-pais\\\/cultura\\\/12\\\/22\\\/\",\"url\":\"https:\\\/\\\/algarve7.pt\\\/index.php\\\/2026\\\/02\\\/o-sol-brilhou-em-loule-para-ver-passar-o-mais-antigo-carnaval-do-pais\\\/cultura\\\/12\\\/22\\\/\",\"name\":\"O sol brilhou em Loul\u00e9 para ver passar o mais antigo carnaval do pa\u00eds - Algarve 7\",\"isPartOf\":{\"@id\":\"https:\\\/\\\/algarve7.pt\\\/#website\"},\"primaryImageOfPage\":{\"@id\":\"https:\\\/\\\/algarve7.pt\\\/index.php\\\/2026\\\/02\\\/o-sol-brilhou-em-loule-para-ver-passar-o-mais-antigo-carnaval-do-pais\\\/cultura\\\/12\\\/22\\\/#primaryimage\"},\"image\":{\"@id\":\"https:\\\/\\\/algarve7.pt\\\/index.php\\\/2026\\\/02\\\/o-sol-brilhou-em-loule-para-ver-passar-o-mais-antigo-carnaval-do-pais\\\/cultura\\\/12\\\/22\\\/#primaryimage\"},\"thumbnailUrl\":\"https:\\\/\\\/algarve7.pt\\\/wp-content\\\/uploads\\\/2026\\\/02\\\/Carnaval-de-Loule-15-02-2026-20.jpg\",\"datePublished\":\"2026-02-16T12:22:39+00:00\",\"dateModified\":\"2026-02-16T12:22:48+00:00\",\"description\":\"O sol brilhou em Loul\u00e9 para ver passar o mais antigo carnaval do pa\u00eds Cultura\",\"breadcrumb\":{\"@id\":\"https:\\\/\\\/algarve7.pt\\\/index.php\\\/2026\\\/02\\\/o-sol-brilhou-em-loule-para-ver-passar-o-mais-antigo-carnaval-do-pais\\\/cultura\\\/12\\\/22\\\/#breadcrumb\"},\"inLanguage\":\"pt-PT\",\"potentialAction\":[{\"@type\":\"ReadAction\",\"target\":[\"https:\\\/\\\/algarve7.pt\\\/index.php\\\/2026\\\/02\\\/o-sol-brilhou-em-loule-para-ver-passar-o-mais-antigo-carnaval-do-pais\\\/cultura\\\/12\\\/22\\\/\"]}]},{\"@type\":\"ImageObject\",\"inLanguage\":\"pt-PT\",\"@id\":\"https:\\\/\\\/algarve7.pt\\\/index.php\\\/2026\\\/02\\\/o-sol-brilhou-em-loule-para-ver-passar-o-mais-antigo-carnaval-do-pais\\\/cultura\\\/12\\\/22\\\/#primaryimage\",\"url\":\"https:\\\/\\\/algarve7.pt\\\/wp-content\\\/uploads\\\/2026\\\/02\\\/Carnaval-de-Loule-15-02-2026-20.jpg\",\"contentUrl\":\"https:\\\/\\\/algarve7.pt\\\/wp-content\\\/uploads\\\/2026\\\/02\\\/Carnaval-de-Loule-15-02-2026-20.jpg\",\"width\":800,\"height\":500},{\"@type\":\"BreadcrumbList\",\"@id\":\"https:\\\/\\\/algarve7.pt\\\/index.php\\\/2026\\\/02\\\/o-sol-brilhou-em-loule-para-ver-passar-o-mais-antigo-carnaval-do-pais\\\/cultura\\\/12\\\/22\\\/#breadcrumb\",\"itemListElement\":[{\"@type\":\"ListItem\",\"position\":1,\"name\":\"In\u00edcio\",\"item\":\"https:\\\/\\\/algarve7.pt\\\/\"},{\"@type\":\"ListItem\",\"position\":2,\"name\":\"O sol brilhou em Loul\u00e9 para ver passar o mais antigo carnaval do pa\u00eds\"}]},{\"@type\":\"WebSite\",\"@id\":\"https:\\\/\\\/algarve7.pt\\\/#website\",\"url\":\"https:\\\/\\\/algarve7.pt\\\/\",\"name\":\"Algarve 7\",\"description\":\"Informa\u00e7\u00e3o sobre o Algarve\",\"publisher\":{\"@id\":\"https:\\\/\\\/algarve7.pt\\\/#organization\"},\"potentialAction\":[{\"@type\":\"SearchAction\",\"target\":{\"@type\":\"EntryPoint\",\"urlTemplate\":\"https:\\\/\\\/algarve7.pt\\\/?s={search_term_string}\"},\"query-input\":{\"@type\":\"PropertyValueSpecification\",\"valueRequired\":true,\"valueName\":\"search_term_string\"}}],\"inLanguage\":\"pt-PT\"},{\"@type\":\"Organization\",\"@id\":\"https:\\\/\\\/algarve7.pt\\\/#organization\",\"name\":\"Algarve 7\",\"url\":\"https:\\\/\\\/algarve7.pt\\\/\",\"logo\":{\"@type\":\"ImageObject\",\"inLanguage\":\"pt-PT\",\"@id\":\"https:\\\/\\\/algarve7.pt\\\/#\\\/schema\\\/logo\\\/image\\\/\",\"url\":\"https:\\\/\\\/algarve7.pt\\\/wp-content\\\/uploads\\\/2020\\\/10\\\/Logo-8.jpg\",\"contentUrl\":\"https:\\\/\\\/algarve7.pt\\\/wp-content\\\/uploads\\\/2020\\\/10\\\/Logo-8.jpg\",\"width\":1680,\"height\":1186,\"caption\":\"Algarve 7\"},\"image\":{\"@id\":\"https:\\\/\\\/algarve7.pt\\\/#\\\/schema\\\/logo\\\/image\\\/\"},\"sameAs\":[\"https:\\\/\\\/www.facebook.com\\\/algarve7\",\"https:\\\/\\\/x.com\\\/Algarvesete\",\"https:\\\/\\\/www.instagram.com\\\/jornalalgarve7\\\/\",\"https:\\\/\\\/www.linkedin.com\\\/company\\\/algarve7\",\"https:\\\/\\\/www.pinterest.pt\\\/geral0939\\\/_created\\\/\"]},{\"@type\":\"Person\",\"@id\":\"https:\\\/\\\/algarve7.pt\\\/#\\\/schema\\\/person\\\/23fa70681308e7b319a3204bcea45e0c\",\"name\":\"Algarve 7\",\"sameAs\":[\"https:\\\/\\\/algarve7.pt\",\"https:\\\/\\\/www.facebook.com\\\/algarve7\"],\"url\":\"https:\\\/\\\/algarve7.pt\\\/index.php\\\/author\\\/geralalgarve7-pt\\\/\"}]}<\/script>\n<!-- \/ Yoast SEO plugin. -->","yoast_head_json":{"title":"O sol brilhou em Loul\u00e9 para ver passar o mais antigo carnaval do pa\u00eds - Algarve 7","description":"O sol brilhou em Loul\u00e9 para ver passar o mais antigo carnaval do pa\u00eds Cultura","robots":{"index":"index","follow":"follow","max-snippet":"max-snippet:-1","max-image-preview":"max-image-preview:large","max-video-preview":"max-video-preview:-1"},"canonical":"https:\/\/algarve7.pt\/index.php\/2026\/02\/o-sol-brilhou-em-loule-para-ver-passar-o-mais-antigo-carnaval-do-pais\/cultura\/12\/22\/","og_locale":"pt_PT","og_type":"article","og_title":"O sol brilhou em Loul\u00e9 para ver passar o mais antigo carnaval do pa\u00eds - Algarve 7","og_description":"O sol brilhou em Loul\u00e9 para ver passar o mais antigo carnaval do pa\u00eds Cultura","og_url":"https:\/\/algarve7.pt\/index.php\/2026\/02\/o-sol-brilhou-em-loule-para-ver-passar-o-mais-antigo-carnaval-do-pais\/cultura\/12\/22\/","og_site_name":"Algarve 7","article_publisher":"https:\/\/www.facebook.com\/algarve7","article_author":"https:\/\/www.facebook.com\/algarve7","article_published_time":"2026-02-16T12:22:39+00:00","article_modified_time":"2026-02-16T12:22:48+00:00","og_image":[{"width":800,"height":500,"url":"https:\/\/algarve7.pt\/wp-content\/uploads\/2026\/02\/Carnaval-de-Loule-15-02-2026-20.jpg","type":"image\/jpeg"}],"author":"Algarve 7","twitter_card":"summary_large_image","twitter_creator":"@Algarvesete","twitter_site":"@Algarvesete","twitter_misc":{"Escrito por":"Algarve 7","Tempo estimado de leitura":"4 minutos"},"schema":{"@context":"https:\/\/schema.org","@graph":[{"@type":"Article","@id":"https:\/\/algarve7.pt\/index.php\/2026\/02\/o-sol-brilhou-em-loule-para-ver-passar-o-mais-antigo-carnaval-do-pais\/cultura\/12\/22\/#article","isPartOf":{"@id":"https:\/\/algarve7.pt\/index.php\/2026\/02\/o-sol-brilhou-em-loule-para-ver-passar-o-mais-antigo-carnaval-do-pais\/cultura\/12\/22\/"},"author":{"name":"Algarve 7","@id":"https:\/\/algarve7.pt\/#\/schema\/person\/23fa70681308e7b319a3204bcea45e0c"},"headline":"O sol brilhou em Loul\u00e9 para ver passar o mais antigo carnaval do pa\u00eds","datePublished":"2026-02-16T12:22:39+00:00","dateModified":"2026-02-16T12:22:48+00:00","mainEntityOfPage":{"@id":"https:\/\/algarve7.pt\/index.php\/2026\/02\/o-sol-brilhou-em-loule-para-ver-passar-o-mais-antigo-carnaval-do-pais\/cultura\/12\/22\/"},"wordCount":586,"publisher":{"@id":"https:\/\/algarve7.pt\/#organization"},"image":{"@id":"https:\/\/algarve7.pt\/index.php\/2026\/02\/o-sol-brilhou-em-loule-para-ver-passar-o-mais-antigo-carnaval-do-pais\/cultura\/12\/22\/#primaryimage"},"thumbnailUrl":"https:\/\/algarve7.pt\/wp-content\/uploads\/2026\/02\/Carnaval-de-Loule-15-02-2026-20.jpg","keywords":["Algarve","Carnaval","Cultura","Loul\u00e9"],"articleSection":["Cultura"],"inLanguage":"pt-PT"},{"@type":"WebPage","@id":"https:\/\/algarve7.pt\/index.php\/2026\/02\/o-sol-brilhou-em-loule-para-ver-passar-o-mais-antigo-carnaval-do-pais\/cultura\/12\/22\/","url":"https:\/\/algarve7.pt\/index.php\/2026\/02\/o-sol-brilhou-em-loule-para-ver-passar-o-mais-antigo-carnaval-do-pais\/cultura\/12\/22\/","name":"O sol brilhou em Loul\u00e9 para ver passar o mais antigo carnaval do pa\u00eds - Algarve 7","isPartOf":{"@id":"https:\/\/algarve7.pt\/#website"},"primaryImageOfPage":{"@id":"https:\/\/algarve7.pt\/index.php\/2026\/02\/o-sol-brilhou-em-loule-para-ver-passar-o-mais-antigo-carnaval-do-pais\/cultura\/12\/22\/#primaryimage"},"image":{"@id":"https:\/\/algarve7.pt\/index.php\/2026\/02\/o-sol-brilhou-em-loule-para-ver-passar-o-mais-antigo-carnaval-do-pais\/cultura\/12\/22\/#primaryimage"},"thumbnailUrl":"https:\/\/algarve7.pt\/wp-content\/uploads\/2026\/02\/Carnaval-de-Loule-15-02-2026-20.jpg","datePublished":"2026-02-16T12:22:39+00:00","dateModified":"2026-02-16T12:22:48+00:00","description":"O sol brilhou em Loul\u00e9 para ver passar o mais antigo carnaval do pa\u00eds Cultura","breadcrumb":{"@id":"https:\/\/algarve7.pt\/index.php\/2026\/02\/o-sol-brilhou-em-loule-para-ver-passar-o-mais-antigo-carnaval-do-pais\/cultura\/12\/22\/#breadcrumb"},"inLanguage":"pt-PT","potentialAction":[{"@type":"ReadAction","target":["https:\/\/algarve7.pt\/index.php\/2026\/02\/o-sol-brilhou-em-loule-para-ver-passar-o-mais-antigo-carnaval-do-pais\/cultura\/12\/22\/"]}]},{"@type":"ImageObject","inLanguage":"pt-PT","@id":"https:\/\/algarve7.pt\/index.php\/2026\/02\/o-sol-brilhou-em-loule-para-ver-passar-o-mais-antigo-carnaval-do-pais\/cultura\/12\/22\/#primaryimage","url":"https:\/\/algarve7.pt\/wp-content\/uploads\/2026\/02\/Carnaval-de-Loule-15-02-2026-20.jpg","contentUrl":"https:\/\/algarve7.pt\/wp-content\/uploads\/2026\/02\/Carnaval-de-Loule-15-02-2026-20.jpg","width":800,"height":500},{"@type":"BreadcrumbList","@id":"https:\/\/algarve7.pt\/index.php\/2026\/02\/o-sol-brilhou-em-loule-para-ver-passar-o-mais-antigo-carnaval-do-pais\/cultura\/12\/22\/#breadcrumb","itemListElement":[{"@type":"ListItem","position":1,"name":"In\u00edcio","item":"https:\/\/algarve7.pt\/"},{"@type":"ListItem","position":2,"name":"O sol brilhou em Loul\u00e9 para ver passar o mais antigo carnaval do pa\u00eds"}]},{"@type":"WebSite","@id":"https:\/\/algarve7.pt\/#website","url":"https:\/\/algarve7.pt\/","name":"Algarve 7","description":"Informa\u00e7\u00e3o sobre o Algarve","publisher":{"@id":"https:\/\/algarve7.pt\/#organization"},"potentialAction":[{"@type":"SearchAction","target":{"@type":"EntryPoint","urlTemplate":"https:\/\/algarve7.pt\/?s={search_term_string}"},"query-input":{"@type":"PropertyValueSpecification","valueRequired":true,"valueName":"search_term_string"}}],"inLanguage":"pt-PT"},{"@type":"Organization","@id":"https:\/\/algarve7.pt\/#organization","name":"Algarve 7","url":"https:\/\/algarve7.pt\/","logo":{"@type":"ImageObject","inLanguage":"pt-PT","@id":"https:\/\/algarve7.pt\/#\/schema\/logo\/image\/","url":"https:\/\/algarve7.pt\/wp-content\/uploads\/2020\/10\/Logo-8.jpg","contentUrl":"https:\/\/algarve7.pt\/wp-content\/uploads\/2020\/10\/Logo-8.jpg","width":1680,"height":1186,"caption":"Algarve 7"},"image":{"@id":"https:\/\/algarve7.pt\/#\/schema\/logo\/image\/"},"sameAs":["https:\/\/www.facebook.com\/algarve7","https:\/\/x.com\/Algarvesete","https:\/\/www.instagram.com\/jornalalgarve7\/","https:\/\/www.linkedin.com\/company\/algarve7","https:\/\/www.pinterest.pt\/geral0939\/_created\/"]},{"@type":"Person","@id":"https:\/\/algarve7.pt\/#\/schema\/person\/23fa70681308e7b319a3204bcea45e0c","name":"Algarve 7","sameAs":["https:\/\/algarve7.pt","https:\/\/www.facebook.com\/algarve7"],"url":"https:\/\/algarve7.pt\/index.php\/author\/geralalgarve7-pt\/"}]}},"jetpack_publicize_connections":[],"jetpack_featured_media_url":"https:\/\/algarve7.pt\/wp-content\/uploads\/2026\/02\/Carnaval-de-Loule-15-02-2026-20.jpg","jetpack_shortlink":"https:\/\/wp.me\/pcezmW-fin","jetpack_sharing_enabled":true,"_links":{"self":[{"href":"https:\/\/algarve7.pt\/index.php\/wp-json\/wp\/v2\/posts\/58799","targetHints":{"allow":["GET"]}}],"collection":[{"href":"https:\/\/algarve7.pt\/index.php\/wp-json\/wp\/v2\/posts"}],"about":[{"href":"https:\/\/algarve7.pt\/index.php\/wp-json\/wp\/v2\/types\/post"}],"author":[{"embeddable":true,"href":"https:\/\/algarve7.pt\/index.php\/wp-json\/wp\/v2\/users\/1"}],"replies":[{"embeddable":true,"href":"https:\/\/algarve7.pt\/index.php\/wp-json\/wp\/v2\/comments?post=58799"}],"version-history":[{"count":0,"href":"https:\/\/algarve7.pt\/index.php\/wp-json\/wp\/v2\/posts\/58799\/revisions"}],"wp:featuredmedia":[{"embeddable":true,"href":"https:\/\/algarve7.pt\/index.php\/wp-json\/wp\/v2\/media\/58800"}],"wp:attachment":[{"href":"https:\/\/algarve7.pt\/index.php\/wp-json\/wp\/v2\/media?parent=58799"}],"wp:term":[{"taxonomy":"category","embeddable":true,"href":"https:\/\/algarve7.pt\/index.php\/wp-json\/wp\/v2\/categories?post=58799"},{"taxonomy":"post_tag","embeddable":true,"href":"https:\/\/algarve7.pt\/index.php\/wp-json\/wp\/v2\/tags?post=58799"}],"curies":[{"name":"wp","href":"https:\/\/api.w.org\/{rel}","templated":true}]}}