{"id":58698,"date":"2026-02-12T15:43:32","date_gmt":"2026-02-12T15:43:32","guid":{"rendered":"https:\/\/algarve7.pt\/?p=58698"},"modified":"2026-02-12T15:43:39","modified_gmt":"2026-02-12T15:43:39","slug":"desfile-de-carnaval-infantil-de-olhao-adiado-devido-ao-mau-tempo","status":"publish","type":"post","link":"https:\/\/algarve7.pt\/index.php\/2026\/02\/desfile-de-carnaval-infantil-de-olhao-adiado-devido-ao-mau-tempo\/cultura\/15\/43\/","title":{"rendered":"Desfile de Carnaval Infantil de Olh\u00e3o adiado devido ao mau tempo"},"content":{"rendered":"\n<p>O Munic\u00edpio&nbsp;de Olh\u00e3o&nbsp;informa que, devido \u00e0 previs\u00e3o de condi\u00e7\u00f5es meteorol\u00f3gicas adversas, nomeadamente vento forte, para a manh\u00e3 de 13 de fevereiro, foi decidido adiar o Desfile de Carnaval Infantil para o pr\u00f3ximo dia 20 de fevereiro.<\/p>\n\n\n\n<p>A decis\u00e3o surge no \u00e2mbito do atual quadro de instabilidade meteorol\u00f3gica e ap\u00f3s articula\u00e7\u00e3o com os respetivos Agrupamentos de Escolas, tendo sido cancelado o desfile inicialmente agendado para a Avenida da Rep\u00fablica.<\/p>\n\n\n\n<p>Com o objetivo de salvaguardar e valorizar o trabalho desenvolvido pela comunidade escolar na prepara\u00e7\u00e3o desta iniciativa, e em concord\u00e2ncia com as dire\u00e7\u00f5es dos Agrupamentos, os desfiles foram reagendados para sexta-feira, 20 de fevereiro.<\/p>\n\n\n\n<p>Assim, os desfiles de Carnaval Infantil de Olh\u00e3o (10h00, na Avenida da Rep\u00fablica), Moncarapacho (10h30, na Pra\u00e7a Major Jo\u00e3o Castanheda) e Fuseta (10h30, no Polidesportivo) realizam-se na nova data.<\/p>\n\n\n\n<p>Relativamente ao desfile de Pech\u00e3o (10h00, no Largo da Igreja), mant\u00e9m-se previsto para amanh\u00e3, dia 13 de fevereiro, ficando a sua realiza\u00e7\u00e3o condicionada \u00e0 verifica\u00e7\u00e3o de condi\u00e7\u00f5es meteorol\u00f3gicas favor\u00e1veis no local.<\/p>\n","protected":false},"excerpt":{"rendered":"<p>O Munic\u00edpio&nbsp;de Olh\u00e3o&nbsp;informa que, devido \u00e0 previs\u00e3o de condi\u00e7\u00f5es meteorol\u00f3gicas adversas, nomeadamente vento forte, para a manh\u00e3 de 13 de<\/p>\n","protected":false},"author":1,"featured_media":58699,"comment_status":"closed","ping_status":"closed","sticky":false,"template":"","format":"standard","meta":{"colormag_page_container_layout":"default_layout","colormag_page_sidebar_layout":"default_layout","_monsterinsights_skip_tracking":false,"_monsterinsights_sitenote_active":false,"_monsterinsights_sitenote_note":"","_monsterinsights_sitenote_category":0,"jetpack_post_was_ever_published":false,"_jetpack_newsletter_access":"","_jetpack_dont_email_post_to_subs":false,"_jetpack_newsletter_tier_id":0,"_jetpack_memberships_contains_paywalled_content":false,"_jetpack_memberships_contains_paid_content":false,"footnotes":"","jetpack_publicize_message":"","jetpack_publicize_feature_enabled":true,"jetpack_social_post_already_shared":true,"jetpack_social_options":{"image_generator_settings":{"template":"highway","default_image_id":0,"font":"","enabled":false},"version":2}},"categories":[14],"tags":[36,35,37],"class_list":["post-58698","post","type-post","status-publish","format-standard","has-post-thumbnail","hentry","category-cultura","tag-algarve","tag-cultura","tag-olhao"],"yoast_head":"<!-- This site is optimized with the Yoast SEO plugin v27.4 - https:\/\/yoast.com\/product\/yoast-seo-wordpress\/ -->\n<title>Desfile de Carnaval Infantil de Olh\u00e3o adiado devido ao mau tempo - Algarve 7<\/title>\n<meta name=\"description\" content=\"Desfile de Carnaval Infantil de Olh\u00e3o adiado devido ao mau tempo Cultura\" \/>\n<meta name=\"robots\" content=\"index, follow, max-snippet:-1, max-image-preview:large, max-video-preview:-1\" \/>\n<link rel=\"canonical\" href=\"https:\/\/algarve7.pt\/index.php\/2026\/02\/desfile-de-carnaval-infantil-de-olhao-adiado-devido-ao-mau-tempo\/cultura\/15\/43\/\" \/>\n<meta property=\"og:locale\" content=\"pt_PT\" \/>\n<meta property=\"og:type\" content=\"article\" \/>\n<meta property=\"og:title\" content=\"Desfile de Carnaval Infantil de Olh\u00e3o adiado devido ao mau tempo - Algarve 7\" \/>\n<meta property=\"og:description\" content=\"Desfile de Carnaval Infantil de Olh\u00e3o adiado devido ao mau tempo Cultura\" \/>\n<meta property=\"og:url\" content=\"https:\/\/algarve7.pt\/index.php\/2026\/02\/desfile-de-carnaval-infantil-de-olhao-adiado-devido-ao-mau-tempo\/cultura\/15\/43\/\" \/>\n<meta property=\"og:site_name\" content=\"Algarve 7\" \/>\n<meta property=\"article:publisher\" content=\"https:\/\/www.facebook.com\/algarve7\" \/>\n<meta property=\"article:author\" content=\"https:\/\/www.facebook.com\/algarve7\" \/>\n<meta property=\"article:published_time\" content=\"2026-02-12T15:43:32+00:00\" \/>\n<meta property=\"article:modified_time\" content=\"2026-02-12T15:43:39+00:00\" \/>\n<meta property=\"og:image\" content=\"https:\/\/algarve7.pt\/wp-content\/uploads\/2026\/02\/Captura-de-ecra-2026-02-12-as-15.41.38.png\" \/>\n\t<meta property=\"og:image:width\" content=\"800\" \/>\n\t<meta property=\"og:image:height\" content=\"500\" \/>\n\t<meta property=\"og:image:type\" content=\"image\/png\" \/>\n<meta name=\"author\" content=\"Algarve 7\" \/>\n<meta name=\"twitter:card\" content=\"summary_large_image\" \/>\n<meta name=\"twitter:creator\" content=\"@Algarvesete\" \/>\n<meta name=\"twitter:site\" content=\"@Algarvesete\" \/>\n<meta name=\"twitter:label1\" content=\"Escrito por\" \/>\n\t<meta name=\"twitter:data1\" content=\"Algarve 7\" \/>\n\t<meta name=\"twitter:label2\" content=\"Tempo estimado de leitura\" \/>\n\t<meta name=\"twitter:data2\" content=\"2 minutos\" \/>\n<script type=\"application\/ld+json\" class=\"yoast-schema-graph\">{\"@context\":\"https:\\\/\\\/schema.org\",\"@graph\":[{\"@type\":\"Article\",\"@id\":\"https:\\\/\\\/algarve7.pt\\\/index.php\\\/2026\\\/02\\\/desfile-de-carnaval-infantil-de-olhao-adiado-devido-ao-mau-tempo\\\/cultura\\\/15\\\/43\\\/#article\",\"isPartOf\":{\"@id\":\"https:\\\/\\\/algarve7.pt\\\/index.php\\\/2026\\\/02\\\/desfile-de-carnaval-infantil-de-olhao-adiado-devido-ao-mau-tempo\\\/cultura\\\/15\\\/43\\\/\"},\"author\":{\"name\":\"Algarve 7\",\"@id\":\"https:\\\/\\\/algarve7.pt\\\/#\\\/schema\\\/person\\\/23fa70681308e7b319a3204bcea45e0c\"},\"headline\":\"Desfile de Carnaval Infantil de Olh\u00e3o adiado devido ao mau tempo\",\"datePublished\":\"2026-02-12T15:43:32+00:00\",\"dateModified\":\"2026-02-12T15:43:39+00:00\",\"mainEntityOfPage\":{\"@id\":\"https:\\\/\\\/algarve7.pt\\\/index.php\\\/2026\\\/02\\\/desfile-de-carnaval-infantil-de-olhao-adiado-devido-ao-mau-tempo\\\/cultura\\\/15\\\/43\\\/\"},\"wordCount\":197,\"publisher\":{\"@id\":\"https:\\\/\\\/algarve7.pt\\\/#organization\"},\"image\":{\"@id\":\"https:\\\/\\\/algarve7.pt\\\/index.php\\\/2026\\\/02\\\/desfile-de-carnaval-infantil-de-olhao-adiado-devido-ao-mau-tempo\\\/cultura\\\/15\\\/43\\\/#primaryimage\"},\"thumbnailUrl\":\"https:\\\/\\\/algarve7.pt\\\/wp-content\\\/uploads\\\/2026\\\/02\\\/Captura-de-ecra-2026-02-12-as-15.41.38.png\",\"keywords\":[\"Algarve\",\"Cultura\",\"Olh\u00e3o\"],\"articleSection\":[\"Cultura\"],\"inLanguage\":\"pt-PT\"},{\"@type\":\"WebPage\",\"@id\":\"https:\\\/\\\/algarve7.pt\\\/index.php\\\/2026\\\/02\\\/desfile-de-carnaval-infantil-de-olhao-adiado-devido-ao-mau-tempo\\\/cultura\\\/15\\\/43\\\/\",\"url\":\"https:\\\/\\\/algarve7.pt\\\/index.php\\\/2026\\\/02\\\/desfile-de-carnaval-infantil-de-olhao-adiado-devido-ao-mau-tempo\\\/cultura\\\/15\\\/43\\\/\",\"name\":\"Desfile de Carnaval Infantil de Olh\u00e3o adiado devido ao mau tempo - Algarve 7\",\"isPartOf\":{\"@id\":\"https:\\\/\\\/algarve7.pt\\\/#website\"},\"primaryImageOfPage\":{\"@id\":\"https:\\\/\\\/algarve7.pt\\\/index.php\\\/2026\\\/02\\\/desfile-de-carnaval-infantil-de-olhao-adiado-devido-ao-mau-tempo\\\/cultura\\\/15\\\/43\\\/#primaryimage\"},\"image\":{\"@id\":\"https:\\\/\\\/algarve7.pt\\\/index.php\\\/2026\\\/02\\\/desfile-de-carnaval-infantil-de-olhao-adiado-devido-ao-mau-tempo\\\/cultura\\\/15\\\/43\\\/#primaryimage\"},\"thumbnailUrl\":\"https:\\\/\\\/algarve7.pt\\\/wp-content\\\/uploads\\\/2026\\\/02\\\/Captura-de-ecra-2026-02-12-as-15.41.38.png\",\"datePublished\":\"2026-02-12T15:43:32+00:00\",\"dateModified\":\"2026-02-12T15:43:39+00:00\",\"description\":\"Desfile de Carnaval Infantil de Olh\u00e3o adiado devido ao mau tempo Cultura\",\"breadcrumb\":{\"@id\":\"https:\\\/\\\/algarve7.pt\\\/index.php\\\/2026\\\/02\\\/desfile-de-carnaval-infantil-de-olhao-adiado-devido-ao-mau-tempo\\\/cultura\\\/15\\\/43\\\/#breadcrumb\"},\"inLanguage\":\"pt-PT\",\"potentialAction\":[{\"@type\":\"ReadAction\",\"target\":[\"https:\\\/\\\/algarve7.pt\\\/index.php\\\/2026\\\/02\\\/desfile-de-carnaval-infantil-de-olhao-adiado-devido-ao-mau-tempo\\\/cultura\\\/15\\\/43\\\/\"]}]},{\"@type\":\"ImageObject\",\"inLanguage\":\"pt-PT\",\"@id\":\"https:\\\/\\\/algarve7.pt\\\/index.php\\\/2026\\\/02\\\/desfile-de-carnaval-infantil-de-olhao-adiado-devido-ao-mau-tempo\\\/cultura\\\/15\\\/43\\\/#primaryimage\",\"url\":\"https:\\\/\\\/algarve7.pt\\\/wp-content\\\/uploads\\\/2026\\\/02\\\/Captura-de-ecra-2026-02-12-as-15.41.38.png\",\"contentUrl\":\"https:\\\/\\\/algarve7.pt\\\/wp-content\\\/uploads\\\/2026\\\/02\\\/Captura-de-ecra-2026-02-12-as-15.41.38.png\",\"width\":800,\"height\":500},{\"@type\":\"BreadcrumbList\",\"@id\":\"https:\\\/\\\/algarve7.pt\\\/index.php\\\/2026\\\/02\\\/desfile-de-carnaval-infantil-de-olhao-adiado-devido-ao-mau-tempo\\\/cultura\\\/15\\\/43\\\/#breadcrumb\",\"itemListElement\":[{\"@type\":\"ListItem\",\"position\":1,\"name\":\"In\u00edcio\",\"item\":\"https:\\\/\\\/algarve7.pt\\\/\"},{\"@type\":\"ListItem\",\"position\":2,\"name\":\"Desfile de Carnaval Infantil de Olh\u00e3o adiado devido ao mau tempo\"}]},{\"@type\":\"WebSite\",\"@id\":\"https:\\\/\\\/algarve7.pt\\\/#website\",\"url\":\"https:\\\/\\\/algarve7.pt\\\/\",\"name\":\"Algarve 7\",\"description\":\"Informa\u00e7\u00e3o sobre o Algarve\",\"publisher\":{\"@id\":\"https:\\\/\\\/algarve7.pt\\\/#organization\"},\"potentialAction\":[{\"@type\":\"SearchAction\",\"target\":{\"@type\":\"EntryPoint\",\"urlTemplate\":\"https:\\\/\\\/algarve7.pt\\\/?s={search_term_string}\"},\"query-input\":{\"@type\":\"PropertyValueSpecification\",\"valueRequired\":true,\"valueName\":\"search_term_string\"}}],\"inLanguage\":\"pt-PT\"},{\"@type\":\"Organization\",\"@id\":\"https:\\\/\\\/algarve7.pt\\\/#organization\",\"name\":\"Algarve 7\",\"url\":\"https:\\\/\\\/algarve7.pt\\\/\",\"logo\":{\"@type\":\"ImageObject\",\"inLanguage\":\"pt-PT\",\"@id\":\"https:\\\/\\\/algarve7.pt\\\/#\\\/schema\\\/logo\\\/image\\\/\",\"url\":\"https:\\\/\\\/algarve7.pt\\\/wp-content\\\/uploads\\\/2020\\\/10\\\/Logo-8.jpg\",\"contentUrl\":\"https:\\\/\\\/algarve7.pt\\\/wp-content\\\/uploads\\\/2020\\\/10\\\/Logo-8.jpg\",\"width\":1680,\"height\":1186,\"caption\":\"Algarve 7\"},\"image\":{\"@id\":\"https:\\\/\\\/algarve7.pt\\\/#\\\/schema\\\/logo\\\/image\\\/\"},\"sameAs\":[\"https:\\\/\\\/www.facebook.com\\\/algarve7\",\"https:\\\/\\\/x.com\\\/Algarvesete\",\"https:\\\/\\\/www.instagram.com\\\/jornalalgarve7\\\/\",\"https:\\\/\\\/www.linkedin.com\\\/company\\\/algarve7\",\"https:\\\/\\\/www.pinterest.pt\\\/geral0939\\\/_created\\\/\"]},{\"@type\":\"Person\",\"@id\":\"https:\\\/\\\/algarve7.pt\\\/#\\\/schema\\\/person\\\/23fa70681308e7b319a3204bcea45e0c\",\"name\":\"Algarve 7\",\"sameAs\":[\"https:\\\/\\\/algarve7.pt\",\"https:\\\/\\\/www.facebook.com\\\/algarve7\"],\"url\":\"https:\\\/\\\/algarve7.pt\\\/index.php\\\/author\\\/geralalgarve7-pt\\\/\"}]}<\/script>\n<!-- \/ Yoast SEO plugin. -->","yoast_head_json":{"title":"Desfile de Carnaval Infantil de Olh\u00e3o adiado devido ao mau tempo - Algarve 7","description":"Desfile de Carnaval Infantil de Olh\u00e3o adiado devido ao mau tempo Cultura","robots":{"index":"index","follow":"follow","max-snippet":"max-snippet:-1","max-image-preview":"max-image-preview:large","max-video-preview":"max-video-preview:-1"},"canonical":"https:\/\/algarve7.pt\/index.php\/2026\/02\/desfile-de-carnaval-infantil-de-olhao-adiado-devido-ao-mau-tempo\/cultura\/15\/43\/","og_locale":"pt_PT","og_type":"article","og_title":"Desfile de Carnaval Infantil de Olh\u00e3o adiado devido ao mau tempo - Algarve 7","og_description":"Desfile de Carnaval Infantil de Olh\u00e3o adiado devido ao mau tempo Cultura","og_url":"https:\/\/algarve7.pt\/index.php\/2026\/02\/desfile-de-carnaval-infantil-de-olhao-adiado-devido-ao-mau-tempo\/cultura\/15\/43\/","og_site_name":"Algarve 7","article_publisher":"https:\/\/www.facebook.com\/algarve7","article_author":"https:\/\/www.facebook.com\/algarve7","article_published_time":"2026-02-12T15:43:32+00:00","article_modified_time":"2026-02-12T15:43:39+00:00","og_image":[{"width":800,"height":500,"url":"https:\/\/algarve7.pt\/wp-content\/uploads\/2026\/02\/Captura-de-ecra-2026-02-12-as-15.41.38.png","type":"image\/png"}],"author":"Algarve 7","twitter_card":"summary_large_image","twitter_creator":"@Algarvesete","twitter_site":"@Algarvesete","twitter_misc":{"Escrito por":"Algarve 7","Tempo estimado de leitura":"2 minutos"},"schema":{"@context":"https:\/\/schema.org","@graph":[{"@type":"Article","@id":"https:\/\/algarve7.pt\/index.php\/2026\/02\/desfile-de-carnaval-infantil-de-olhao-adiado-devido-ao-mau-tempo\/cultura\/15\/43\/#article","isPartOf":{"@id":"https:\/\/algarve7.pt\/index.php\/2026\/02\/desfile-de-carnaval-infantil-de-olhao-adiado-devido-ao-mau-tempo\/cultura\/15\/43\/"},"author":{"name":"Algarve 7","@id":"https:\/\/algarve7.pt\/#\/schema\/person\/23fa70681308e7b319a3204bcea45e0c"},"headline":"Desfile de Carnaval Infantil de Olh\u00e3o adiado devido ao mau tempo","datePublished":"2026-02-12T15:43:32+00:00","dateModified":"2026-02-12T15:43:39+00:00","mainEntityOfPage":{"@id":"https:\/\/algarve7.pt\/index.php\/2026\/02\/desfile-de-carnaval-infantil-de-olhao-adiado-devido-ao-mau-tempo\/cultura\/15\/43\/"},"wordCount":197,"publisher":{"@id":"https:\/\/algarve7.pt\/#organization"},"image":{"@id":"https:\/\/algarve7.pt\/index.php\/2026\/02\/desfile-de-carnaval-infantil-de-olhao-adiado-devido-ao-mau-tempo\/cultura\/15\/43\/#primaryimage"},"thumbnailUrl":"https:\/\/algarve7.pt\/wp-content\/uploads\/2026\/02\/Captura-de-ecra-2026-02-12-as-15.41.38.png","keywords":["Algarve","Cultura","Olh\u00e3o"],"articleSection":["Cultura"],"inLanguage":"pt-PT"},{"@type":"WebPage","@id":"https:\/\/algarve7.pt\/index.php\/2026\/02\/desfile-de-carnaval-infantil-de-olhao-adiado-devido-ao-mau-tempo\/cultura\/15\/43\/","url":"https:\/\/algarve7.pt\/index.php\/2026\/02\/desfile-de-carnaval-infantil-de-olhao-adiado-devido-ao-mau-tempo\/cultura\/15\/43\/","name":"Desfile de Carnaval Infantil de Olh\u00e3o adiado devido ao mau tempo - Algarve 7","isPartOf":{"@id":"https:\/\/algarve7.pt\/#website"},"primaryImageOfPage":{"@id":"https:\/\/algarve7.pt\/index.php\/2026\/02\/desfile-de-carnaval-infantil-de-olhao-adiado-devido-ao-mau-tempo\/cultura\/15\/43\/#primaryimage"},"image":{"@id":"https:\/\/algarve7.pt\/index.php\/2026\/02\/desfile-de-carnaval-infantil-de-olhao-adiado-devido-ao-mau-tempo\/cultura\/15\/43\/#primaryimage"},"thumbnailUrl":"https:\/\/algarve7.pt\/wp-content\/uploads\/2026\/02\/Captura-de-ecra-2026-02-12-as-15.41.38.png","datePublished":"2026-02-12T15:43:32+00:00","dateModified":"2026-02-12T15:43:39+00:00","description":"Desfile de Carnaval Infantil de Olh\u00e3o adiado devido ao mau tempo Cultura","breadcrumb":{"@id":"https:\/\/algarve7.pt\/index.php\/2026\/02\/desfile-de-carnaval-infantil-de-olhao-adiado-devido-ao-mau-tempo\/cultura\/15\/43\/#breadcrumb"},"inLanguage":"pt-PT","potentialAction":[{"@type":"ReadAction","target":["https:\/\/algarve7.pt\/index.php\/2026\/02\/desfile-de-carnaval-infantil-de-olhao-adiado-devido-ao-mau-tempo\/cultura\/15\/43\/"]}]},{"@type":"ImageObject","inLanguage":"pt-PT","@id":"https:\/\/algarve7.pt\/index.php\/2026\/02\/desfile-de-carnaval-infantil-de-olhao-adiado-devido-ao-mau-tempo\/cultura\/15\/43\/#primaryimage","url":"https:\/\/algarve7.pt\/wp-content\/uploads\/2026\/02\/Captura-de-ecra-2026-02-12-as-15.41.38.png","contentUrl":"https:\/\/algarve7.pt\/wp-content\/uploads\/2026\/02\/Captura-de-ecra-2026-02-12-as-15.41.38.png","width":800,"height":500},{"@type":"BreadcrumbList","@id":"https:\/\/algarve7.pt\/index.php\/2026\/02\/desfile-de-carnaval-infantil-de-olhao-adiado-devido-ao-mau-tempo\/cultura\/15\/43\/#breadcrumb","itemListElement":[{"@type":"ListItem","position":1,"name":"In\u00edcio","item":"https:\/\/algarve7.pt\/"},{"@type":"ListItem","position":2,"name":"Desfile de Carnaval Infantil de Olh\u00e3o adiado devido ao mau tempo"}]},{"@type":"WebSite","@id":"https:\/\/algarve7.pt\/#website","url":"https:\/\/algarve7.pt\/","name":"Algarve 7","description":"Informa\u00e7\u00e3o sobre o Algarve","publisher":{"@id":"https:\/\/algarve7.pt\/#organization"},"potentialAction":[{"@type":"SearchAction","target":{"@type":"EntryPoint","urlTemplate":"https:\/\/algarve7.pt\/?s={search_term_string}"},"query-input":{"@type":"PropertyValueSpecification","valueRequired":true,"valueName":"search_term_string"}}],"inLanguage":"pt-PT"},{"@type":"Organization","@id":"https:\/\/algarve7.pt\/#organization","name":"Algarve 7","url":"https:\/\/algarve7.pt\/","logo":{"@type":"ImageObject","inLanguage":"pt-PT","@id":"https:\/\/algarve7.pt\/#\/schema\/logo\/image\/","url":"https:\/\/algarve7.pt\/wp-content\/uploads\/2020\/10\/Logo-8.jpg","contentUrl":"https:\/\/algarve7.pt\/wp-content\/uploads\/2020\/10\/Logo-8.jpg","width":1680,"height":1186,"caption":"Algarve 7"},"image":{"@id":"https:\/\/algarve7.pt\/#\/schema\/logo\/image\/"},"sameAs":["https:\/\/www.facebook.com\/algarve7","https:\/\/x.com\/Algarvesete","https:\/\/www.instagram.com\/jornalalgarve7\/","https:\/\/www.linkedin.com\/company\/algarve7","https:\/\/www.pinterest.pt\/geral0939\/_created\/"]},{"@type":"Person","@id":"https:\/\/algarve7.pt\/#\/schema\/person\/23fa70681308e7b319a3204bcea45e0c","name":"Algarve 7","sameAs":["https:\/\/algarve7.pt","https:\/\/www.facebook.com\/algarve7"],"url":"https:\/\/algarve7.pt\/index.php\/author\/geralalgarve7-pt\/"}]}},"jetpack_publicize_connections":[],"jetpack_featured_media_url":"https:\/\/algarve7.pt\/wp-content\/uploads\/2026\/02\/Captura-de-ecra-2026-02-12-as-15.41.38.png","jetpack_shortlink":"https:\/\/wp.me\/pcezmW-fgK","jetpack_sharing_enabled":true,"_links":{"self":[{"href":"https:\/\/algarve7.pt\/index.php\/wp-json\/wp\/v2\/posts\/58698","targetHints":{"allow":["GET"]}}],"collection":[{"href":"https:\/\/algarve7.pt\/index.php\/wp-json\/wp\/v2\/posts"}],"about":[{"href":"https:\/\/algarve7.pt\/index.php\/wp-json\/wp\/v2\/types\/post"}],"author":[{"embeddable":true,"href":"https:\/\/algarve7.pt\/index.php\/wp-json\/wp\/v2\/users\/1"}],"replies":[{"embeddable":true,"href":"https:\/\/algarve7.pt\/index.php\/wp-json\/wp\/v2\/comments?post=58698"}],"version-history":[{"count":0,"href":"https:\/\/algarve7.pt\/index.php\/wp-json\/wp\/v2\/posts\/58698\/revisions"}],"wp:featuredmedia":[{"embeddable":true,"href":"https:\/\/algarve7.pt\/index.php\/wp-json\/wp\/v2\/media\/58699"}],"wp:attachment":[{"href":"https:\/\/algarve7.pt\/index.php\/wp-json\/wp\/v2\/media?parent=58698"}],"wp:term":[{"taxonomy":"category","embeddable":true,"href":"https:\/\/algarve7.pt\/index.php\/wp-json\/wp\/v2\/categories?post=58698"},{"taxonomy":"post_tag","embeddable":true,"href":"https:\/\/algarve7.pt\/index.php\/wp-json\/wp\/v2\/tags?post=58698"}],"curies":[{"name":"wp","href":"https:\/\/api.w.org\/{rel}","templated":true}]}}