{"id":58681,"date":"2026-02-12T09:05:00","date_gmt":"2026-02-12T09:05:00","guid":{"rendered":"https:\/\/algarve7.pt\/?p=58681"},"modified":"2026-02-11T18:29:54","modified_gmt":"2026-02-11T18:29:54","slug":"celebracoes-de-carnaval-em-lagos","status":"publish","type":"post","link":"https:\/\/algarve7.pt\/index.php\/2026\/02\/celebracoes-de-carnaval-em-lagos\/cultura\/09\/05\/","title":{"rendered":"Celebra\u00e7\u00f5es de Carnaval em Lagos"},"content":{"rendered":"\n<p>O concelho de Lagos prepara-se para viver dias de anima\u00e7\u00e3o com as celebra\u00e7\u00f5es do Carnaval, com destaque para o Carnaval de Odi\u00e1xere, que se realiza entre 14 e 18 de fevereiro, e para o reajuste do habitual Carnaval das Escolas, na cidade de Lagos e na vila da Luz, devido \u00e0s condi\u00e7\u00f5es meteorol\u00f3gicas adversas previstas at\u00e9 sexta-feira, 13 de fevereiro.<\/p>\n\n\n\n<p>No dia 13 de fevereiro, o Carnaval das Escolas volta a assinalar a tradi\u00e7\u00e3o com momentos que celebram a imagina\u00e7\u00e3o e o esp\u00edrito carnavalesco. Atendendo a que as previs\u00f5es de chuva e vento se prolongam at\u00e9 sexta-feira, e de forma a preservar a seguran\u00e7a e o bem-estar da comunidade escolar, os agrupamentos de escolas J\u00falio Dantas e Gil Eanes optaram por reajustar o modelo habitual das celebra\u00e7\u00f5es na cidade de Lagos, que decorrer\u00e3o nas respetivas instala\u00e7\u00f5es, com a presen\u00e7a dos animadores que j\u00e1 estariam previstos para o desfile no centro da cidade, numa organiza\u00e7\u00e3o conjunta com a C\u00e2mara Municipal de Lagos. Na vila da Luz, pelos mesmos motivos, a Junta de Freguesia e as respetivas escolas optaram por cancelar o desfile previsto para a Avenida dos Pescadores, realizando as celebra\u00e7\u00f5es em contexto escolar.<\/p>\n\n\n\n<p>Prevendo-se uma melhoria do estado do tempo para os dias em que decorre o evento, mant\u00eam-se as celebra\u00e7\u00f5es do Carnaval de Odi\u00e1xere, entre 14 e 18 de fevereiro, assinalando 30 anos de uma das festas mais emblem\u00e1ticas do concelho. Carros aleg\u00f3ricos, m\u00e1scaras, humor e cr\u00edtica social voltam a marcar presen\u00e7a, a par de um programa diversificado que inclui espet\u00e1culos, bailes, comes e bebes, divers\u00f5es para os mais pequenos e a participa\u00e7\u00e3o de artistas locais e nacionais. A edi\u00e7\u00e3o de 2026 assume um significado especial ao ter como Rei do Carnaval o artista Sa\u00fal Ricardo, prestando ainda homenagem a Lu\u00eds Bandarra, numa organiza\u00e7\u00e3o do Clube Desportivo de Odi\u00e1xere, com o apoio da autarquia e da Junta de Freguesia de Odi\u00e1xere (programa completo\u00a0<a href=\"https:\/\/www.cm-lagos.pt\/municipio\/eventos\/15074-carnaval-de-odiaxere-15074\" target=\"_blank\" rel=\"noreferrer noopener\">aqui<\/a>). Durante o per\u00edodo das festividades, a circula\u00e7\u00e3o autom\u00f3vel no Largo da Alegria estar\u00e1 sujeita a ajustes que podem ser consultados\u00a0<a href=\"https:\/\/www.cm-lagos.pt\/balcao-virtual\/documentos\/editais-avisos-anuncios\/download\/28626\/15163\/104\" target=\"_blank\" rel=\"noreferrer noopener\">aqui<\/a>.<\/p>\n","protected":false},"excerpt":{"rendered":"<p>O concelho de Lagos prepara-se para viver dias de anima\u00e7\u00e3o com as celebra\u00e7\u00f5es do Carnaval, com destaque para o Carnaval<\/p>\n","protected":false},"author":1,"featured_media":58682,"comment_status":"closed","ping_status":"closed","sticky":false,"template":"","format":"standard","meta":{"colormag_page_container_layout":"default_layout","colormag_page_sidebar_layout":"default_layout","_monsterinsights_skip_tracking":false,"_monsterinsights_sitenote_active":false,"_monsterinsights_sitenote_note":"","_monsterinsights_sitenote_category":0,"jetpack_post_was_ever_published":false,"_jetpack_newsletter_access":"","_jetpack_dont_email_post_to_subs":false,"_jetpack_newsletter_tier_id":0,"_jetpack_memberships_contains_paywalled_content":false,"_jetpack_memberships_contains_paid_content":false,"footnotes":"","jetpack_publicize_message":"","jetpack_publicize_feature_enabled":true,"jetpack_social_post_already_shared":true,"jetpack_social_options":{"image_generator_settings":{"template":"highway","default_image_id":0,"font":"","enabled":false},"version":2}},"categories":[14],"tags":[36,35,68],"class_list":["post-58681","post","type-post","status-publish","format-standard","has-post-thumbnail","hentry","category-cultura","tag-algarve","tag-cultura","tag-lagos"],"yoast_head":"<!-- This site is optimized with the Yoast SEO plugin v27.5 - https:\/\/yoast.com\/product\/yoast-seo-wordpress\/ -->\n<title>Celebra\u00e7\u00f5es de Carnaval em Lagos - Algarve 7<\/title>\n<meta name=\"description\" content=\"Celebra\u00e7\u00f5es de Carnaval em Lagos Cultura\" \/>\n<meta name=\"robots\" content=\"index, follow, max-snippet:-1, max-image-preview:large, max-video-preview:-1\" \/>\n<link rel=\"canonical\" href=\"https:\/\/algarve7.pt\/index.php\/2026\/02\/celebracoes-de-carnaval-em-lagos\/cultura\/09\/05\/\" \/>\n<meta property=\"og:locale\" content=\"pt_PT\" \/>\n<meta property=\"og:type\" content=\"article\" \/>\n<meta property=\"og:title\" content=\"Celebra\u00e7\u00f5es de Carnaval em Lagos - Algarve 7\" \/>\n<meta property=\"og:description\" content=\"Celebra\u00e7\u00f5es de Carnaval em Lagos Cultura\" \/>\n<meta property=\"og:url\" content=\"https:\/\/algarve7.pt\/index.php\/2026\/02\/celebracoes-de-carnaval-em-lagos\/cultura\/09\/05\/\" \/>\n<meta property=\"og:site_name\" content=\"Algarve 7\" \/>\n<meta property=\"article:publisher\" content=\"https:\/\/www.facebook.com\/algarve7\" \/>\n<meta property=\"article:author\" content=\"https:\/\/www.facebook.com\/algarve7\" \/>\n<meta property=\"article:published_time\" content=\"2026-02-12T09:05:00+00:00\" \/>\n<meta property=\"og:image\" content=\"https:\/\/algarve7.pt\/wp-content\/uploads\/2026\/02\/Carnaval-de-Odiaxere_OCS-2.jpg\" \/>\n\t<meta property=\"og:image:width\" content=\"800\" \/>\n\t<meta property=\"og:image:height\" content=\"500\" \/>\n\t<meta property=\"og:image:type\" content=\"image\/jpeg\" \/>\n<meta name=\"author\" content=\"Algarve 7\" \/>\n<meta name=\"twitter:card\" content=\"summary_large_image\" \/>\n<meta name=\"twitter:creator\" content=\"@Algarvesete\" \/>\n<meta name=\"twitter:site\" content=\"@Algarvesete\" \/>\n<meta name=\"twitter:label1\" content=\"Escrito por\" \/>\n\t<meta name=\"twitter:data1\" content=\"Algarve 7\" \/>\n\t<meta name=\"twitter:label2\" content=\"Tempo estimado de leitura\" \/>\n\t<meta name=\"twitter:data2\" content=\"3 minutos\" \/>\n<script type=\"application\/ld+json\" class=\"yoast-schema-graph\">{\"@context\":\"https:\\\/\\\/schema.org\",\"@graph\":[{\"@type\":\"Article\",\"@id\":\"https:\\\/\\\/algarve7.pt\\\/index.php\\\/2026\\\/02\\\/celebracoes-de-carnaval-em-lagos\\\/cultura\\\/09\\\/05\\\/#article\",\"isPartOf\":{\"@id\":\"https:\\\/\\\/algarve7.pt\\\/index.php\\\/2026\\\/02\\\/celebracoes-de-carnaval-em-lagos\\\/cultura\\\/09\\\/05\\\/\"},\"author\":{\"name\":\"Algarve 7\",\"@id\":\"https:\\\/\\\/algarve7.pt\\\/#\\\/schema\\\/person\\\/23fa70681308e7b319a3204bcea45e0c\"},\"headline\":\"Celebra\u00e7\u00f5es de Carnaval em Lagos\",\"datePublished\":\"2026-02-12T09:05:00+00:00\",\"mainEntityOfPage\":{\"@id\":\"https:\\\/\\\/algarve7.pt\\\/index.php\\\/2026\\\/02\\\/celebracoes-de-carnaval-em-lagos\\\/cultura\\\/09\\\/05\\\/\"},\"wordCount\":372,\"publisher\":{\"@id\":\"https:\\\/\\\/algarve7.pt\\\/#organization\"},\"image\":{\"@id\":\"https:\\\/\\\/algarve7.pt\\\/index.php\\\/2026\\\/02\\\/celebracoes-de-carnaval-em-lagos\\\/cultura\\\/09\\\/05\\\/#primaryimage\"},\"thumbnailUrl\":\"https:\\\/\\\/algarve7.pt\\\/wp-content\\\/uploads\\\/2026\\\/02\\\/Carnaval-de-Odiaxere_OCS-2.jpg\",\"keywords\":[\"Algarve\",\"Cultura\",\"Lagos\"],\"articleSection\":[\"Cultura\"],\"inLanguage\":\"pt-PT\"},{\"@type\":\"WebPage\",\"@id\":\"https:\\\/\\\/algarve7.pt\\\/index.php\\\/2026\\\/02\\\/celebracoes-de-carnaval-em-lagos\\\/cultura\\\/09\\\/05\\\/\",\"url\":\"https:\\\/\\\/algarve7.pt\\\/index.php\\\/2026\\\/02\\\/celebracoes-de-carnaval-em-lagos\\\/cultura\\\/09\\\/05\\\/\",\"name\":\"Celebra\u00e7\u00f5es de Carnaval em Lagos - Algarve 7\",\"isPartOf\":{\"@id\":\"https:\\\/\\\/algarve7.pt\\\/#website\"},\"primaryImageOfPage\":{\"@id\":\"https:\\\/\\\/algarve7.pt\\\/index.php\\\/2026\\\/02\\\/celebracoes-de-carnaval-em-lagos\\\/cultura\\\/09\\\/05\\\/#primaryimage\"},\"image\":{\"@id\":\"https:\\\/\\\/algarve7.pt\\\/index.php\\\/2026\\\/02\\\/celebracoes-de-carnaval-em-lagos\\\/cultura\\\/09\\\/05\\\/#primaryimage\"},\"thumbnailUrl\":\"https:\\\/\\\/algarve7.pt\\\/wp-content\\\/uploads\\\/2026\\\/02\\\/Carnaval-de-Odiaxere_OCS-2.jpg\",\"datePublished\":\"2026-02-12T09:05:00+00:00\",\"description\":\"Celebra\u00e7\u00f5es de Carnaval em Lagos Cultura\",\"breadcrumb\":{\"@id\":\"https:\\\/\\\/algarve7.pt\\\/index.php\\\/2026\\\/02\\\/celebracoes-de-carnaval-em-lagos\\\/cultura\\\/09\\\/05\\\/#breadcrumb\"},\"inLanguage\":\"pt-PT\",\"potentialAction\":[{\"@type\":\"ReadAction\",\"target\":[\"https:\\\/\\\/algarve7.pt\\\/index.php\\\/2026\\\/02\\\/celebracoes-de-carnaval-em-lagos\\\/cultura\\\/09\\\/05\\\/\"]}]},{\"@type\":\"ImageObject\",\"inLanguage\":\"pt-PT\",\"@id\":\"https:\\\/\\\/algarve7.pt\\\/index.php\\\/2026\\\/02\\\/celebracoes-de-carnaval-em-lagos\\\/cultura\\\/09\\\/05\\\/#primaryimage\",\"url\":\"https:\\\/\\\/algarve7.pt\\\/wp-content\\\/uploads\\\/2026\\\/02\\\/Carnaval-de-Odiaxere_OCS-2.jpg\",\"contentUrl\":\"https:\\\/\\\/algarve7.pt\\\/wp-content\\\/uploads\\\/2026\\\/02\\\/Carnaval-de-Odiaxere_OCS-2.jpg\",\"width\":800,\"height\":500},{\"@type\":\"BreadcrumbList\",\"@id\":\"https:\\\/\\\/algarve7.pt\\\/index.php\\\/2026\\\/02\\\/celebracoes-de-carnaval-em-lagos\\\/cultura\\\/09\\\/05\\\/#breadcrumb\",\"itemListElement\":[{\"@type\":\"ListItem\",\"position\":1,\"name\":\"In\u00edcio\",\"item\":\"https:\\\/\\\/algarve7.pt\\\/\"},{\"@type\":\"ListItem\",\"position\":2,\"name\":\"Celebra\u00e7\u00f5es de Carnaval em Lagos\"}]},{\"@type\":\"WebSite\",\"@id\":\"https:\\\/\\\/algarve7.pt\\\/#website\",\"url\":\"https:\\\/\\\/algarve7.pt\\\/\",\"name\":\"Algarve 7\",\"description\":\"Informa\u00e7\u00e3o sobre o Algarve\",\"publisher\":{\"@id\":\"https:\\\/\\\/algarve7.pt\\\/#organization\"},\"potentialAction\":[{\"@type\":\"SearchAction\",\"target\":{\"@type\":\"EntryPoint\",\"urlTemplate\":\"https:\\\/\\\/algarve7.pt\\\/?s={search_term_string}\"},\"query-input\":{\"@type\":\"PropertyValueSpecification\",\"valueRequired\":true,\"valueName\":\"search_term_string\"}}],\"inLanguage\":\"pt-PT\"},{\"@type\":\"Organization\",\"@id\":\"https:\\\/\\\/algarve7.pt\\\/#organization\",\"name\":\"Algarve 7\",\"url\":\"https:\\\/\\\/algarve7.pt\\\/\",\"logo\":{\"@type\":\"ImageObject\",\"inLanguage\":\"pt-PT\",\"@id\":\"https:\\\/\\\/algarve7.pt\\\/#\\\/schema\\\/logo\\\/image\\\/\",\"url\":\"https:\\\/\\\/algarve7.pt\\\/wp-content\\\/uploads\\\/2020\\\/10\\\/Logo-8.jpg\",\"contentUrl\":\"https:\\\/\\\/algarve7.pt\\\/wp-content\\\/uploads\\\/2020\\\/10\\\/Logo-8.jpg\",\"width\":1680,\"height\":1186,\"caption\":\"Algarve 7\"},\"image\":{\"@id\":\"https:\\\/\\\/algarve7.pt\\\/#\\\/schema\\\/logo\\\/image\\\/\"},\"sameAs\":[\"https:\\\/\\\/www.facebook.com\\\/algarve7\",\"https:\\\/\\\/x.com\\\/Algarvesete\",\"https:\\\/\\\/www.instagram.com\\\/jornalalgarve7\\\/\",\"https:\\\/\\\/www.linkedin.com\\\/company\\\/algarve7\",\"https:\\\/\\\/www.pinterest.pt\\\/geral0939\\\/_created\\\/\"]},{\"@type\":\"Person\",\"@id\":\"https:\\\/\\\/algarve7.pt\\\/#\\\/schema\\\/person\\\/23fa70681308e7b319a3204bcea45e0c\",\"name\":\"Algarve 7\",\"sameAs\":[\"https:\\\/\\\/algarve7.pt\",\"https:\\\/\\\/www.facebook.com\\\/algarve7\"],\"url\":\"https:\\\/\\\/algarve7.pt\\\/index.php\\\/author\\\/geralalgarve7-pt\\\/\"}]}<\/script>\n<!-- \/ Yoast SEO plugin. -->","yoast_head_json":{"title":"Celebra\u00e7\u00f5es de Carnaval em Lagos - Algarve 7","description":"Celebra\u00e7\u00f5es de Carnaval em Lagos Cultura","robots":{"index":"index","follow":"follow","max-snippet":"max-snippet:-1","max-image-preview":"max-image-preview:large","max-video-preview":"max-video-preview:-1"},"canonical":"https:\/\/algarve7.pt\/index.php\/2026\/02\/celebracoes-de-carnaval-em-lagos\/cultura\/09\/05\/","og_locale":"pt_PT","og_type":"article","og_title":"Celebra\u00e7\u00f5es de Carnaval em Lagos - Algarve 7","og_description":"Celebra\u00e7\u00f5es de Carnaval em Lagos Cultura","og_url":"https:\/\/algarve7.pt\/index.php\/2026\/02\/celebracoes-de-carnaval-em-lagos\/cultura\/09\/05\/","og_site_name":"Algarve 7","article_publisher":"https:\/\/www.facebook.com\/algarve7","article_author":"https:\/\/www.facebook.com\/algarve7","article_published_time":"2026-02-12T09:05:00+00:00","og_image":[{"width":800,"height":500,"url":"https:\/\/algarve7.pt\/wp-content\/uploads\/2026\/02\/Carnaval-de-Odiaxere_OCS-2.jpg","type":"image\/jpeg"}],"author":"Algarve 7","twitter_card":"summary_large_image","twitter_creator":"@Algarvesete","twitter_site":"@Algarvesete","twitter_misc":{"Escrito por":"Algarve 7","Tempo estimado de leitura":"3 minutos"},"schema":{"@context":"https:\/\/schema.org","@graph":[{"@type":"Article","@id":"https:\/\/algarve7.pt\/index.php\/2026\/02\/celebracoes-de-carnaval-em-lagos\/cultura\/09\/05\/#article","isPartOf":{"@id":"https:\/\/algarve7.pt\/index.php\/2026\/02\/celebracoes-de-carnaval-em-lagos\/cultura\/09\/05\/"},"author":{"name":"Algarve 7","@id":"https:\/\/algarve7.pt\/#\/schema\/person\/23fa70681308e7b319a3204bcea45e0c"},"headline":"Celebra\u00e7\u00f5es de Carnaval em Lagos","datePublished":"2026-02-12T09:05:00+00:00","mainEntityOfPage":{"@id":"https:\/\/algarve7.pt\/index.php\/2026\/02\/celebracoes-de-carnaval-em-lagos\/cultura\/09\/05\/"},"wordCount":372,"publisher":{"@id":"https:\/\/algarve7.pt\/#organization"},"image":{"@id":"https:\/\/algarve7.pt\/index.php\/2026\/02\/celebracoes-de-carnaval-em-lagos\/cultura\/09\/05\/#primaryimage"},"thumbnailUrl":"https:\/\/algarve7.pt\/wp-content\/uploads\/2026\/02\/Carnaval-de-Odiaxere_OCS-2.jpg","keywords":["Algarve","Cultura","Lagos"],"articleSection":["Cultura"],"inLanguage":"pt-PT"},{"@type":"WebPage","@id":"https:\/\/algarve7.pt\/index.php\/2026\/02\/celebracoes-de-carnaval-em-lagos\/cultura\/09\/05\/","url":"https:\/\/algarve7.pt\/index.php\/2026\/02\/celebracoes-de-carnaval-em-lagos\/cultura\/09\/05\/","name":"Celebra\u00e7\u00f5es de Carnaval em Lagos - Algarve 7","isPartOf":{"@id":"https:\/\/algarve7.pt\/#website"},"primaryImageOfPage":{"@id":"https:\/\/algarve7.pt\/index.php\/2026\/02\/celebracoes-de-carnaval-em-lagos\/cultura\/09\/05\/#primaryimage"},"image":{"@id":"https:\/\/algarve7.pt\/index.php\/2026\/02\/celebracoes-de-carnaval-em-lagos\/cultura\/09\/05\/#primaryimage"},"thumbnailUrl":"https:\/\/algarve7.pt\/wp-content\/uploads\/2026\/02\/Carnaval-de-Odiaxere_OCS-2.jpg","datePublished":"2026-02-12T09:05:00+00:00","description":"Celebra\u00e7\u00f5es de Carnaval em Lagos Cultura","breadcrumb":{"@id":"https:\/\/algarve7.pt\/index.php\/2026\/02\/celebracoes-de-carnaval-em-lagos\/cultura\/09\/05\/#breadcrumb"},"inLanguage":"pt-PT","potentialAction":[{"@type":"ReadAction","target":["https:\/\/algarve7.pt\/index.php\/2026\/02\/celebracoes-de-carnaval-em-lagos\/cultura\/09\/05\/"]}]},{"@type":"ImageObject","inLanguage":"pt-PT","@id":"https:\/\/algarve7.pt\/index.php\/2026\/02\/celebracoes-de-carnaval-em-lagos\/cultura\/09\/05\/#primaryimage","url":"https:\/\/algarve7.pt\/wp-content\/uploads\/2026\/02\/Carnaval-de-Odiaxere_OCS-2.jpg","contentUrl":"https:\/\/algarve7.pt\/wp-content\/uploads\/2026\/02\/Carnaval-de-Odiaxere_OCS-2.jpg","width":800,"height":500},{"@type":"BreadcrumbList","@id":"https:\/\/algarve7.pt\/index.php\/2026\/02\/celebracoes-de-carnaval-em-lagos\/cultura\/09\/05\/#breadcrumb","itemListElement":[{"@type":"ListItem","position":1,"name":"In\u00edcio","item":"https:\/\/algarve7.pt\/"},{"@type":"ListItem","position":2,"name":"Celebra\u00e7\u00f5es de Carnaval em Lagos"}]},{"@type":"WebSite","@id":"https:\/\/algarve7.pt\/#website","url":"https:\/\/algarve7.pt\/","name":"Algarve 7","description":"Informa\u00e7\u00e3o sobre o Algarve","publisher":{"@id":"https:\/\/algarve7.pt\/#organization"},"potentialAction":[{"@type":"SearchAction","target":{"@type":"EntryPoint","urlTemplate":"https:\/\/algarve7.pt\/?s={search_term_string}"},"query-input":{"@type":"PropertyValueSpecification","valueRequired":true,"valueName":"search_term_string"}}],"inLanguage":"pt-PT"},{"@type":"Organization","@id":"https:\/\/algarve7.pt\/#organization","name":"Algarve 7","url":"https:\/\/algarve7.pt\/","logo":{"@type":"ImageObject","inLanguage":"pt-PT","@id":"https:\/\/algarve7.pt\/#\/schema\/logo\/image\/","url":"https:\/\/algarve7.pt\/wp-content\/uploads\/2020\/10\/Logo-8.jpg","contentUrl":"https:\/\/algarve7.pt\/wp-content\/uploads\/2020\/10\/Logo-8.jpg","width":1680,"height":1186,"caption":"Algarve 7"},"image":{"@id":"https:\/\/algarve7.pt\/#\/schema\/logo\/image\/"},"sameAs":["https:\/\/www.facebook.com\/algarve7","https:\/\/x.com\/Algarvesete","https:\/\/www.instagram.com\/jornalalgarve7\/","https:\/\/www.linkedin.com\/company\/algarve7","https:\/\/www.pinterest.pt\/geral0939\/_created\/"]},{"@type":"Person","@id":"https:\/\/algarve7.pt\/#\/schema\/person\/23fa70681308e7b319a3204bcea45e0c","name":"Algarve 7","sameAs":["https:\/\/algarve7.pt","https:\/\/www.facebook.com\/algarve7"],"url":"https:\/\/algarve7.pt\/index.php\/author\/geralalgarve7-pt\/"}]}},"jetpack_publicize_connections":[],"jetpack_featured_media_url":"https:\/\/algarve7.pt\/wp-content\/uploads\/2026\/02\/Carnaval-de-Odiaxere_OCS-2.jpg","jetpack_shortlink":"https:\/\/wp.me\/pcezmW-fgt","jetpack_sharing_enabled":true,"_links":{"self":[{"href":"https:\/\/algarve7.pt\/index.php\/wp-json\/wp\/v2\/posts\/58681","targetHints":{"allow":["GET"]}}],"collection":[{"href":"https:\/\/algarve7.pt\/index.php\/wp-json\/wp\/v2\/posts"}],"about":[{"href":"https:\/\/algarve7.pt\/index.php\/wp-json\/wp\/v2\/types\/post"}],"author":[{"embeddable":true,"href":"https:\/\/algarve7.pt\/index.php\/wp-json\/wp\/v2\/users\/1"}],"replies":[{"embeddable":true,"href":"https:\/\/algarve7.pt\/index.php\/wp-json\/wp\/v2\/comments?post=58681"}],"version-history":[{"count":0,"href":"https:\/\/algarve7.pt\/index.php\/wp-json\/wp\/v2\/posts\/58681\/revisions"}],"wp:featuredmedia":[{"embeddable":true,"href":"https:\/\/algarve7.pt\/index.php\/wp-json\/wp\/v2\/media\/58682"}],"wp:attachment":[{"href":"https:\/\/algarve7.pt\/index.php\/wp-json\/wp\/v2\/media?parent=58681"}],"wp:term":[{"taxonomy":"category","embeddable":true,"href":"https:\/\/algarve7.pt\/index.php\/wp-json\/wp\/v2\/categories?post=58681"},{"taxonomy":"post_tag","embeddable":true,"href":"https:\/\/algarve7.pt\/index.php\/wp-json\/wp\/v2\/tags?post=58681"}],"curies":[{"name":"wp","href":"https:\/\/api.w.org\/{rel}","templated":true}]}}