{"id":58668,"date":"2026-02-12T08:05:00","date_gmt":"2026-02-12T08:05:00","guid":{"rendered":"https:\/\/algarve7.pt\/?p=58668"},"modified":"2026-02-11T14:08:54","modified_gmt":"2026-02-11T14:08:54","slug":"museu-de-portimao-inaugura-exposicao-symposia-pintura-em-dialogo-resultante-de-cinco-anos-de-criacao-artistica-internacional","status":"publish","type":"post","link":"https:\/\/algarve7.pt\/index.php\/2026\/02\/museu-de-portimao-inaugura-exposicao-symposia-pintura-em-dialogo-resultante-de-cinco-anos-de-criacao-artistica-internacional\/cultura\/08\/05\/","title":{"rendered":"Museu de Portim\u00e3o inaugura exposi\u00e7\u00e3o \u201cSymposia \u2013 Pintura em Di\u00e1logo\u201d resultante de cinco anos de cria\u00e7\u00e3o art\u00edstica internacional"},"content":{"rendered":"\n<p>O Museu de Portim\u00e3o inaugura no pr\u00f3ximo dia 21 de fevereiro, \u00e0s 16h00, a exposi\u00e7\u00e3o \u201cSymposia \u2013 Pintura em Di\u00e1logo\u201d, mostra que ficar\u00e1 patente at\u00e9 19 de abril e que resulta de uma curadoria de obras produzidas ao longo dos cinco simp\u00f3sios internacionais de pintura j\u00e1 realizados na cidade.<\/p>\n\n\n\n<p>A exposi\u00e7\u00e3o re\u00fane, desta forma, obras produzidas por 15 artistas provenientes de diversos pa\u00edses como a Maced\u00f3nia do Norte, Eslov\u00e1quia, Rom\u00e9nia, Espanha, Mong\u00f3lia, Azerbaij\u00e3o, Pol\u00f3nia e Portugal, e que foram convidados a participar nos cinco simp\u00f3sios internacionais de pintura que a Cuneo-Sularte Associa\u00e7\u00e3o Cultural promoveu em parceria com o Munic\u00edpio.<\/p>\n\n\n\n<p>Sendo uma iniciativa que se distingue por privilegiar o processo criativo coletivo, quando as obras s\u00e3o observadas no seu conjunto, transcendem a individualidade para se tornarem testemunhos de uma partilha comum. Essa \u00e9 uma caracter\u00edstica que diferencia estes simp\u00f3sios.<\/p>\n\n\n\n<p>Por sua vez, devido \u00e0 diversidade de estilos e abordagens, os trabalhos convivem harmoniosamente com temas transversais como a sustentabilidade, a liberdade e a rela\u00e7\u00e3o da humanidade com o planeta. E mais do que uma uniformidade est\u00e9tica, o que une estes artistas \u00e9 o compromisso com a pintura, enquanto ferramenta de pensamento coletivo e forma consciente de habitar e observar o mundo.<\/p>\n\n\n\n<p>Outra das caracter\u00edsticas que se tornou uma marca destes cinco simp\u00f3sios \u00e9 a abertura do processo criativo \u00e0 comunidade, contrariando o isolamento tradicional do artista no seu atelier. Neste evento, os pintores criaram as suas obras em espa\u00e7os p\u00fablicos, permitindo que o trabalho se desenvolvesse diante de todos e em estreita intera\u00e7\u00e3o com a comunidade e visitantes do Museu.<\/p>\n\n\n\n<p>Neste sentido, tamb\u00e9m a componente pedag\u00f3gica foi explicitamente refor\u00e7ada atrav\u00e9s das visitas de estudantes das escolas do Munic\u00edpio, que tiveram uma oportunidade \u00fanica de observar, ao vivo e a cores, a conce\u00e7\u00e3o de uma obra de arte.&nbsp;<\/p>\n\n\n\n<p>Por esta raz\u00e3o, para os jovens envolvidos neste evento, a pintura deixou de ser um conceito abstrato para se tornar uma pr\u00e1tica viva e transmiss\u00edvel. Aprenderam pelo olhar, pela pergunta e pela experimenta\u00e7\u00e3o direta, vendo os pinc\u00e9is moverem-se e as cores acumularem-se em tempo real. Esta proximidade reafirmou a arte como uma ferramenta de conhecimento e di\u00e1logo entre gera\u00e7\u00f5es.<\/p>\n\n\n\n<p>Com curadoria de Arlindo Arez, a exposi\u00e7\u00e3o \u00e9 produzida pela Cuneo-Sularte Associa\u00e7\u00e3o Cultural em parceria com o Museu de Portim\u00e3o. Assumindo-se como um agente vital na coopera\u00e7\u00e3o cultural, soma no seu curr\u00edculo oito simp\u00f3sios de escultura monumental e cinco encontros internacionais de pintura.&nbsp;<\/p>\n\n\n\n<p>Em simult\u00e2neo, a Cuneo-Sularte, fundada em 2007, realiza um trabalho de interc\u00e2mbio que leva o nome de Portim\u00e3o a outros quadrantes, firmando parcerias em pa\u00edses como Espanha, China e Tail\u00e2ndia. Recentemente foi homenageada em Almeria pelo seu contributo art\u00edstico transfronteiri\u00e7o.<\/p>\n\n\n\n<p>Com obras que representam cinco anos de cria\u00e7\u00e3o art\u00edstica na vertente da pintura, a exposi\u00e7\u00e3o \u201cSymposia \u2013 Pintura em Di\u00e1logo\u201d ser\u00e1 inaugurada no pr\u00f3ximo dia 21 de fevereiro, \u00e0s 16h00, no Piso 0 do Museu de Portim\u00e3o, onde ficar\u00e1 patente at\u00e9 19 de abril de 2026. Visit\u00e1vel \u00e0s ter\u00e7as-feiras, das 14h30 \u00e0s 18h00, e de quarta-feira a domingo, entre as 10h00 e as 18h00, o evento conta com o patroc\u00ednio do Munic\u00edpio de Portim\u00e3o e os apoios institucionais das Freguesias de Portim\u00e3o e da Mexilhoeira Grande.<\/p>\n","protected":false},"excerpt":{"rendered":"<p>O Museu de Portim\u00e3o inaugura no pr\u00f3ximo dia 21 de fevereiro, \u00e0s 16h00, a exposi\u00e7\u00e3o \u201cSymposia \u2013 Pintura em Di\u00e1logo\u201d,<\/p>\n","protected":false},"author":1,"featured_media":58669,"comment_status":"closed","ping_status":"closed","sticky":false,"template":"","format":"standard","meta":{"colormag_page_container_layout":"default_layout","colormag_page_sidebar_layout":"default_layout","_monsterinsights_skip_tracking":false,"_monsterinsights_sitenote_active":false,"_monsterinsights_sitenote_note":"","_monsterinsights_sitenote_category":0,"jetpack_post_was_ever_published":false,"_jetpack_newsletter_access":"","_jetpack_dont_email_post_to_subs":false,"_jetpack_newsletter_tier_id":0,"_jetpack_memberships_contains_paywalled_content":false,"_jetpack_memberships_contains_paid_content":false,"footnotes":"","jetpack_publicize_message":"","jetpack_publicize_feature_enabled":true,"jetpack_social_post_already_shared":true,"jetpack_social_options":{"image_generator_settings":{"template":"highway","default_image_id":0,"font":"","enabled":false},"version":2}},"categories":[14],"tags":[36,35,66,72],"class_list":["post-58668","post","type-post","status-publish","format-standard","has-post-thumbnail","hentry","category-cultura","tag-algarve","tag-cultura","tag-exposicao","tag-portimao"],"yoast_head":"<!-- This site is optimized with the Yoast SEO plugin v27.4 - https:\/\/yoast.com\/product\/yoast-seo-wordpress\/ -->\n<title>Museu de Portim\u00e3o inaugura exposi\u00e7\u00e3o \u201cSymposia \u2013 Pintura em Di\u00e1logo\u201d resultante de cinco anos de cria\u00e7\u00e3o art\u00edstica internacional - Algarve 7<\/title>\n<meta name=\"description\" content=\"Museu de Portim\u00e3o inaugura exposi\u00e7\u00e3o \u201cSymposia \u2013 Pintura em Di\u00e1logo\u201d resultante de cinco anos de cria\u00e7\u00e3o art\u00edstica internacional Cultura\" \/>\n<meta name=\"robots\" content=\"index, follow, max-snippet:-1, max-image-preview:large, max-video-preview:-1\" \/>\n<link rel=\"canonical\" href=\"https:\/\/algarve7.pt\/index.php\/2026\/02\/museu-de-portimao-inaugura-exposicao-symposia-pintura-em-dialogo-resultante-de-cinco-anos-de-criacao-artistica-internacional\/cultura\/08\/05\/\" \/>\n<meta property=\"og:locale\" content=\"pt_PT\" \/>\n<meta property=\"og:type\" content=\"article\" \/>\n<meta property=\"og:title\" content=\"Museu de Portim\u00e3o inaugura exposi\u00e7\u00e3o \u201cSymposia \u2013 Pintura em Di\u00e1logo\u201d resultante de cinco anos de cria\u00e7\u00e3o art\u00edstica internacional - Algarve 7\" \/>\n<meta property=\"og:description\" content=\"Museu de Portim\u00e3o inaugura exposi\u00e7\u00e3o \u201cSymposia \u2013 Pintura em Di\u00e1logo\u201d resultante de cinco anos de cria\u00e7\u00e3o art\u00edstica internacional Cultura\" \/>\n<meta property=\"og:url\" content=\"https:\/\/algarve7.pt\/index.php\/2026\/02\/museu-de-portimao-inaugura-exposicao-symposia-pintura-em-dialogo-resultante-de-cinco-anos-de-criacao-artistica-internacional\/cultura\/08\/05\/\" \/>\n<meta property=\"og:site_name\" content=\"Algarve 7\" \/>\n<meta property=\"article:publisher\" content=\"https:\/\/www.facebook.com\/algarve7\" \/>\n<meta property=\"article:author\" content=\"https:\/\/www.facebook.com\/algarve7\" \/>\n<meta property=\"article:published_time\" content=\"2026-02-12T08:05:00+00:00\" \/>\n<meta property=\"og:image\" content=\"https:\/\/algarve7.pt\/wp-content\/uploads\/2026\/02\/fernando-Barrionuevo.jpeg\" \/>\n\t<meta property=\"og:image:width\" content=\"800\" \/>\n\t<meta property=\"og:image:height\" content=\"500\" \/>\n\t<meta property=\"og:image:type\" content=\"image\/jpeg\" \/>\n<meta name=\"author\" content=\"Algarve 7\" \/>\n<meta name=\"twitter:card\" content=\"summary_large_image\" \/>\n<meta name=\"twitter:creator\" content=\"@Algarvesete\" \/>\n<meta name=\"twitter:site\" content=\"@Algarvesete\" \/>\n<meta name=\"twitter:label1\" content=\"Escrito por\" \/>\n\t<meta name=\"twitter:data1\" content=\"Algarve 7\" \/>\n\t<meta name=\"twitter:label2\" content=\"Tempo estimado de leitura\" \/>\n\t<meta name=\"twitter:data2\" content=\"4 minutos\" \/>\n<script type=\"application\/ld+json\" class=\"yoast-schema-graph\">{\"@context\":\"https:\\\/\\\/schema.org\",\"@graph\":[{\"@type\":\"Article\",\"@id\":\"https:\\\/\\\/algarve7.pt\\\/index.php\\\/2026\\\/02\\\/museu-de-portimao-inaugura-exposicao-symposia-pintura-em-dialogo-resultante-de-cinco-anos-de-criacao-artistica-internacional\\\/cultura\\\/08\\\/05\\\/#article\",\"isPartOf\":{\"@id\":\"https:\\\/\\\/algarve7.pt\\\/index.php\\\/2026\\\/02\\\/museu-de-portimao-inaugura-exposicao-symposia-pintura-em-dialogo-resultante-de-cinco-anos-de-criacao-artistica-internacional\\\/cultura\\\/08\\\/05\\\/\"},\"author\":{\"name\":\"Algarve 7\",\"@id\":\"https:\\\/\\\/algarve7.pt\\\/#\\\/schema\\\/person\\\/23fa70681308e7b319a3204bcea45e0c\"},\"headline\":\"Museu de Portim\u00e3o inaugura exposi\u00e7\u00e3o \u201cSymposia \u2013 Pintura em Di\u00e1logo\u201d resultante de cinco anos de cria\u00e7\u00e3o art\u00edstica internacional\",\"datePublished\":\"2026-02-12T08:05:00+00:00\",\"mainEntityOfPage\":{\"@id\":\"https:\\\/\\\/algarve7.pt\\\/index.php\\\/2026\\\/02\\\/museu-de-portimao-inaugura-exposicao-symposia-pintura-em-dialogo-resultante-de-cinco-anos-de-criacao-artistica-internacional\\\/cultura\\\/08\\\/05\\\/\"},\"wordCount\":597,\"publisher\":{\"@id\":\"https:\\\/\\\/algarve7.pt\\\/#organization\"},\"image\":{\"@id\":\"https:\\\/\\\/algarve7.pt\\\/index.php\\\/2026\\\/02\\\/museu-de-portimao-inaugura-exposicao-symposia-pintura-em-dialogo-resultante-de-cinco-anos-de-criacao-artistica-internacional\\\/cultura\\\/08\\\/05\\\/#primaryimage\"},\"thumbnailUrl\":\"https:\\\/\\\/algarve7.pt\\\/wp-content\\\/uploads\\\/2026\\\/02\\\/fernando-Barrionuevo.jpeg\",\"keywords\":[\"Algarve\",\"Cultura\",\"Exposi\u00e7\u00e3o\",\"Portim\u00e3o\"],\"articleSection\":[\"Cultura\"],\"inLanguage\":\"pt-PT\"},{\"@type\":\"WebPage\",\"@id\":\"https:\\\/\\\/algarve7.pt\\\/index.php\\\/2026\\\/02\\\/museu-de-portimao-inaugura-exposicao-symposia-pintura-em-dialogo-resultante-de-cinco-anos-de-criacao-artistica-internacional\\\/cultura\\\/08\\\/05\\\/\",\"url\":\"https:\\\/\\\/algarve7.pt\\\/index.php\\\/2026\\\/02\\\/museu-de-portimao-inaugura-exposicao-symposia-pintura-em-dialogo-resultante-de-cinco-anos-de-criacao-artistica-internacional\\\/cultura\\\/08\\\/05\\\/\",\"name\":\"Museu de Portim\u00e3o inaugura exposi\u00e7\u00e3o \u201cSymposia \u2013 Pintura em Di\u00e1logo\u201d resultante de cinco anos de cria\u00e7\u00e3o art\u00edstica internacional - Algarve 7\",\"isPartOf\":{\"@id\":\"https:\\\/\\\/algarve7.pt\\\/#website\"},\"primaryImageOfPage\":{\"@id\":\"https:\\\/\\\/algarve7.pt\\\/index.php\\\/2026\\\/02\\\/museu-de-portimao-inaugura-exposicao-symposia-pintura-em-dialogo-resultante-de-cinco-anos-de-criacao-artistica-internacional\\\/cultura\\\/08\\\/05\\\/#primaryimage\"},\"image\":{\"@id\":\"https:\\\/\\\/algarve7.pt\\\/index.php\\\/2026\\\/02\\\/museu-de-portimao-inaugura-exposicao-symposia-pintura-em-dialogo-resultante-de-cinco-anos-de-criacao-artistica-internacional\\\/cultura\\\/08\\\/05\\\/#primaryimage\"},\"thumbnailUrl\":\"https:\\\/\\\/algarve7.pt\\\/wp-content\\\/uploads\\\/2026\\\/02\\\/fernando-Barrionuevo.jpeg\",\"datePublished\":\"2026-02-12T08:05:00+00:00\",\"description\":\"Museu de Portim\u00e3o inaugura exposi\u00e7\u00e3o \u201cSymposia \u2013 Pintura em Di\u00e1logo\u201d resultante de cinco anos de cria\u00e7\u00e3o art\u00edstica internacional Cultura\",\"breadcrumb\":{\"@id\":\"https:\\\/\\\/algarve7.pt\\\/index.php\\\/2026\\\/02\\\/museu-de-portimao-inaugura-exposicao-symposia-pintura-em-dialogo-resultante-de-cinco-anos-de-criacao-artistica-internacional\\\/cultura\\\/08\\\/05\\\/#breadcrumb\"},\"inLanguage\":\"pt-PT\",\"potentialAction\":[{\"@type\":\"ReadAction\",\"target\":[\"https:\\\/\\\/algarve7.pt\\\/index.php\\\/2026\\\/02\\\/museu-de-portimao-inaugura-exposicao-symposia-pintura-em-dialogo-resultante-de-cinco-anos-de-criacao-artistica-internacional\\\/cultura\\\/08\\\/05\\\/\"]}]},{\"@type\":\"ImageObject\",\"inLanguage\":\"pt-PT\",\"@id\":\"https:\\\/\\\/algarve7.pt\\\/index.php\\\/2026\\\/02\\\/museu-de-portimao-inaugura-exposicao-symposia-pintura-em-dialogo-resultante-de-cinco-anos-de-criacao-artistica-internacional\\\/cultura\\\/08\\\/05\\\/#primaryimage\",\"url\":\"https:\\\/\\\/algarve7.pt\\\/wp-content\\\/uploads\\\/2026\\\/02\\\/fernando-Barrionuevo.jpeg\",\"contentUrl\":\"https:\\\/\\\/algarve7.pt\\\/wp-content\\\/uploads\\\/2026\\\/02\\\/fernando-Barrionuevo.jpeg\",\"width\":800,\"height\":500},{\"@type\":\"BreadcrumbList\",\"@id\":\"https:\\\/\\\/algarve7.pt\\\/index.php\\\/2026\\\/02\\\/museu-de-portimao-inaugura-exposicao-symposia-pintura-em-dialogo-resultante-de-cinco-anos-de-criacao-artistica-internacional\\\/cultura\\\/08\\\/05\\\/#breadcrumb\",\"itemListElement\":[{\"@type\":\"ListItem\",\"position\":1,\"name\":\"In\u00edcio\",\"item\":\"https:\\\/\\\/algarve7.pt\\\/\"},{\"@type\":\"ListItem\",\"position\":2,\"name\":\"Museu de Portim\u00e3o inaugura exposi\u00e7\u00e3o \u201cSymposia \u2013 Pintura em Di\u00e1logo\u201d resultante de cinco anos de cria\u00e7\u00e3o art\u00edstica internacional\"}]},{\"@type\":\"WebSite\",\"@id\":\"https:\\\/\\\/algarve7.pt\\\/#website\",\"url\":\"https:\\\/\\\/algarve7.pt\\\/\",\"name\":\"Algarve 7\",\"description\":\"Informa\u00e7\u00e3o sobre o Algarve\",\"publisher\":{\"@id\":\"https:\\\/\\\/algarve7.pt\\\/#organization\"},\"potentialAction\":[{\"@type\":\"SearchAction\",\"target\":{\"@type\":\"EntryPoint\",\"urlTemplate\":\"https:\\\/\\\/algarve7.pt\\\/?s={search_term_string}\"},\"query-input\":{\"@type\":\"PropertyValueSpecification\",\"valueRequired\":true,\"valueName\":\"search_term_string\"}}],\"inLanguage\":\"pt-PT\"},{\"@type\":\"Organization\",\"@id\":\"https:\\\/\\\/algarve7.pt\\\/#organization\",\"name\":\"Algarve 7\",\"url\":\"https:\\\/\\\/algarve7.pt\\\/\",\"logo\":{\"@type\":\"ImageObject\",\"inLanguage\":\"pt-PT\",\"@id\":\"https:\\\/\\\/algarve7.pt\\\/#\\\/schema\\\/logo\\\/image\\\/\",\"url\":\"https:\\\/\\\/algarve7.pt\\\/wp-content\\\/uploads\\\/2020\\\/10\\\/Logo-8.jpg\",\"contentUrl\":\"https:\\\/\\\/algarve7.pt\\\/wp-content\\\/uploads\\\/2020\\\/10\\\/Logo-8.jpg\",\"width\":1680,\"height\":1186,\"caption\":\"Algarve 7\"},\"image\":{\"@id\":\"https:\\\/\\\/algarve7.pt\\\/#\\\/schema\\\/logo\\\/image\\\/\"},\"sameAs\":[\"https:\\\/\\\/www.facebook.com\\\/algarve7\",\"https:\\\/\\\/x.com\\\/Algarvesete\",\"https:\\\/\\\/www.instagram.com\\\/jornalalgarve7\\\/\",\"https:\\\/\\\/www.linkedin.com\\\/company\\\/algarve7\",\"https:\\\/\\\/www.pinterest.pt\\\/geral0939\\\/_created\\\/\"]},{\"@type\":\"Person\",\"@id\":\"https:\\\/\\\/algarve7.pt\\\/#\\\/schema\\\/person\\\/23fa70681308e7b319a3204bcea45e0c\",\"name\":\"Algarve 7\",\"sameAs\":[\"https:\\\/\\\/algarve7.pt\",\"https:\\\/\\\/www.facebook.com\\\/algarve7\"],\"url\":\"https:\\\/\\\/algarve7.pt\\\/index.php\\\/author\\\/geralalgarve7-pt\\\/\"}]}<\/script>\n<!-- \/ Yoast SEO plugin. -->","yoast_head_json":{"title":"Museu de Portim\u00e3o inaugura exposi\u00e7\u00e3o \u201cSymposia \u2013 Pintura em Di\u00e1logo\u201d resultante de cinco anos de cria\u00e7\u00e3o art\u00edstica internacional - Algarve 7","description":"Museu de Portim\u00e3o inaugura exposi\u00e7\u00e3o \u201cSymposia \u2013 Pintura em Di\u00e1logo\u201d resultante de cinco anos de cria\u00e7\u00e3o art\u00edstica internacional Cultura","robots":{"index":"index","follow":"follow","max-snippet":"max-snippet:-1","max-image-preview":"max-image-preview:large","max-video-preview":"max-video-preview:-1"},"canonical":"https:\/\/algarve7.pt\/index.php\/2026\/02\/museu-de-portimao-inaugura-exposicao-symposia-pintura-em-dialogo-resultante-de-cinco-anos-de-criacao-artistica-internacional\/cultura\/08\/05\/","og_locale":"pt_PT","og_type":"article","og_title":"Museu de Portim\u00e3o inaugura exposi\u00e7\u00e3o \u201cSymposia \u2013 Pintura em Di\u00e1logo\u201d resultante de cinco anos de cria\u00e7\u00e3o art\u00edstica internacional - Algarve 7","og_description":"Museu de Portim\u00e3o inaugura exposi\u00e7\u00e3o \u201cSymposia \u2013 Pintura em Di\u00e1logo\u201d resultante de cinco anos de cria\u00e7\u00e3o art\u00edstica internacional Cultura","og_url":"https:\/\/algarve7.pt\/index.php\/2026\/02\/museu-de-portimao-inaugura-exposicao-symposia-pintura-em-dialogo-resultante-de-cinco-anos-de-criacao-artistica-internacional\/cultura\/08\/05\/","og_site_name":"Algarve 7","article_publisher":"https:\/\/www.facebook.com\/algarve7","article_author":"https:\/\/www.facebook.com\/algarve7","article_published_time":"2026-02-12T08:05:00+00:00","og_image":[{"width":800,"height":500,"url":"https:\/\/algarve7.pt\/wp-content\/uploads\/2026\/02\/fernando-Barrionuevo.jpeg","type":"image\/jpeg"}],"author":"Algarve 7","twitter_card":"summary_large_image","twitter_creator":"@Algarvesete","twitter_site":"@Algarvesete","twitter_misc":{"Escrito por":"Algarve 7","Tempo estimado de leitura":"4 minutos"},"schema":{"@context":"https:\/\/schema.org","@graph":[{"@type":"Article","@id":"https:\/\/algarve7.pt\/index.php\/2026\/02\/museu-de-portimao-inaugura-exposicao-symposia-pintura-em-dialogo-resultante-de-cinco-anos-de-criacao-artistica-internacional\/cultura\/08\/05\/#article","isPartOf":{"@id":"https:\/\/algarve7.pt\/index.php\/2026\/02\/museu-de-portimao-inaugura-exposicao-symposia-pintura-em-dialogo-resultante-de-cinco-anos-de-criacao-artistica-internacional\/cultura\/08\/05\/"},"author":{"name":"Algarve 7","@id":"https:\/\/algarve7.pt\/#\/schema\/person\/23fa70681308e7b319a3204bcea45e0c"},"headline":"Museu de Portim\u00e3o inaugura exposi\u00e7\u00e3o \u201cSymposia \u2013 Pintura em Di\u00e1logo\u201d resultante de cinco anos de cria\u00e7\u00e3o art\u00edstica internacional","datePublished":"2026-02-12T08:05:00+00:00","mainEntityOfPage":{"@id":"https:\/\/algarve7.pt\/index.php\/2026\/02\/museu-de-portimao-inaugura-exposicao-symposia-pintura-em-dialogo-resultante-de-cinco-anos-de-criacao-artistica-internacional\/cultura\/08\/05\/"},"wordCount":597,"publisher":{"@id":"https:\/\/algarve7.pt\/#organization"},"image":{"@id":"https:\/\/algarve7.pt\/index.php\/2026\/02\/museu-de-portimao-inaugura-exposicao-symposia-pintura-em-dialogo-resultante-de-cinco-anos-de-criacao-artistica-internacional\/cultura\/08\/05\/#primaryimage"},"thumbnailUrl":"https:\/\/algarve7.pt\/wp-content\/uploads\/2026\/02\/fernando-Barrionuevo.jpeg","keywords":["Algarve","Cultura","Exposi\u00e7\u00e3o","Portim\u00e3o"],"articleSection":["Cultura"],"inLanguage":"pt-PT"},{"@type":"WebPage","@id":"https:\/\/algarve7.pt\/index.php\/2026\/02\/museu-de-portimao-inaugura-exposicao-symposia-pintura-em-dialogo-resultante-de-cinco-anos-de-criacao-artistica-internacional\/cultura\/08\/05\/","url":"https:\/\/algarve7.pt\/index.php\/2026\/02\/museu-de-portimao-inaugura-exposicao-symposia-pintura-em-dialogo-resultante-de-cinco-anos-de-criacao-artistica-internacional\/cultura\/08\/05\/","name":"Museu de Portim\u00e3o inaugura exposi\u00e7\u00e3o \u201cSymposia \u2013 Pintura em Di\u00e1logo\u201d resultante de cinco anos de cria\u00e7\u00e3o art\u00edstica internacional - Algarve 7","isPartOf":{"@id":"https:\/\/algarve7.pt\/#website"},"primaryImageOfPage":{"@id":"https:\/\/algarve7.pt\/index.php\/2026\/02\/museu-de-portimao-inaugura-exposicao-symposia-pintura-em-dialogo-resultante-de-cinco-anos-de-criacao-artistica-internacional\/cultura\/08\/05\/#primaryimage"},"image":{"@id":"https:\/\/algarve7.pt\/index.php\/2026\/02\/museu-de-portimao-inaugura-exposicao-symposia-pintura-em-dialogo-resultante-de-cinco-anos-de-criacao-artistica-internacional\/cultura\/08\/05\/#primaryimage"},"thumbnailUrl":"https:\/\/algarve7.pt\/wp-content\/uploads\/2026\/02\/fernando-Barrionuevo.jpeg","datePublished":"2026-02-12T08:05:00+00:00","description":"Museu de Portim\u00e3o inaugura exposi\u00e7\u00e3o \u201cSymposia \u2013 Pintura em Di\u00e1logo\u201d resultante de cinco anos de cria\u00e7\u00e3o art\u00edstica internacional Cultura","breadcrumb":{"@id":"https:\/\/algarve7.pt\/index.php\/2026\/02\/museu-de-portimao-inaugura-exposicao-symposia-pintura-em-dialogo-resultante-de-cinco-anos-de-criacao-artistica-internacional\/cultura\/08\/05\/#breadcrumb"},"inLanguage":"pt-PT","potentialAction":[{"@type":"ReadAction","target":["https:\/\/algarve7.pt\/index.php\/2026\/02\/museu-de-portimao-inaugura-exposicao-symposia-pintura-em-dialogo-resultante-de-cinco-anos-de-criacao-artistica-internacional\/cultura\/08\/05\/"]}]},{"@type":"ImageObject","inLanguage":"pt-PT","@id":"https:\/\/algarve7.pt\/index.php\/2026\/02\/museu-de-portimao-inaugura-exposicao-symposia-pintura-em-dialogo-resultante-de-cinco-anos-de-criacao-artistica-internacional\/cultura\/08\/05\/#primaryimage","url":"https:\/\/algarve7.pt\/wp-content\/uploads\/2026\/02\/fernando-Barrionuevo.jpeg","contentUrl":"https:\/\/algarve7.pt\/wp-content\/uploads\/2026\/02\/fernando-Barrionuevo.jpeg","width":800,"height":500},{"@type":"BreadcrumbList","@id":"https:\/\/algarve7.pt\/index.php\/2026\/02\/museu-de-portimao-inaugura-exposicao-symposia-pintura-em-dialogo-resultante-de-cinco-anos-de-criacao-artistica-internacional\/cultura\/08\/05\/#breadcrumb","itemListElement":[{"@type":"ListItem","position":1,"name":"In\u00edcio","item":"https:\/\/algarve7.pt\/"},{"@type":"ListItem","position":2,"name":"Museu de Portim\u00e3o inaugura exposi\u00e7\u00e3o \u201cSymposia \u2013 Pintura em Di\u00e1logo\u201d resultante de cinco anos de cria\u00e7\u00e3o art\u00edstica internacional"}]},{"@type":"WebSite","@id":"https:\/\/algarve7.pt\/#website","url":"https:\/\/algarve7.pt\/","name":"Algarve 7","description":"Informa\u00e7\u00e3o sobre o Algarve","publisher":{"@id":"https:\/\/algarve7.pt\/#organization"},"potentialAction":[{"@type":"SearchAction","target":{"@type":"EntryPoint","urlTemplate":"https:\/\/algarve7.pt\/?s={search_term_string}"},"query-input":{"@type":"PropertyValueSpecification","valueRequired":true,"valueName":"search_term_string"}}],"inLanguage":"pt-PT"},{"@type":"Organization","@id":"https:\/\/algarve7.pt\/#organization","name":"Algarve 7","url":"https:\/\/algarve7.pt\/","logo":{"@type":"ImageObject","inLanguage":"pt-PT","@id":"https:\/\/algarve7.pt\/#\/schema\/logo\/image\/","url":"https:\/\/algarve7.pt\/wp-content\/uploads\/2020\/10\/Logo-8.jpg","contentUrl":"https:\/\/algarve7.pt\/wp-content\/uploads\/2020\/10\/Logo-8.jpg","width":1680,"height":1186,"caption":"Algarve 7"},"image":{"@id":"https:\/\/algarve7.pt\/#\/schema\/logo\/image\/"},"sameAs":["https:\/\/www.facebook.com\/algarve7","https:\/\/x.com\/Algarvesete","https:\/\/www.instagram.com\/jornalalgarve7\/","https:\/\/www.linkedin.com\/company\/algarve7","https:\/\/www.pinterest.pt\/geral0939\/_created\/"]},{"@type":"Person","@id":"https:\/\/algarve7.pt\/#\/schema\/person\/23fa70681308e7b319a3204bcea45e0c","name":"Algarve 7","sameAs":["https:\/\/algarve7.pt","https:\/\/www.facebook.com\/algarve7"],"url":"https:\/\/algarve7.pt\/index.php\/author\/geralalgarve7-pt\/"}]}},"jetpack_publicize_connections":[],"jetpack_featured_media_url":"https:\/\/algarve7.pt\/wp-content\/uploads\/2026\/02\/fernando-Barrionuevo.jpeg","jetpack_shortlink":"https:\/\/wp.me\/pcezmW-fgg","jetpack_sharing_enabled":true,"_links":{"self":[{"href":"https:\/\/algarve7.pt\/index.php\/wp-json\/wp\/v2\/posts\/58668","targetHints":{"allow":["GET"]}}],"collection":[{"href":"https:\/\/algarve7.pt\/index.php\/wp-json\/wp\/v2\/posts"}],"about":[{"href":"https:\/\/algarve7.pt\/index.php\/wp-json\/wp\/v2\/types\/post"}],"author":[{"embeddable":true,"href":"https:\/\/algarve7.pt\/index.php\/wp-json\/wp\/v2\/users\/1"}],"replies":[{"embeddable":true,"href":"https:\/\/algarve7.pt\/index.php\/wp-json\/wp\/v2\/comments?post=58668"}],"version-history":[{"count":0,"href":"https:\/\/algarve7.pt\/index.php\/wp-json\/wp\/v2\/posts\/58668\/revisions"}],"wp:featuredmedia":[{"embeddable":true,"href":"https:\/\/algarve7.pt\/index.php\/wp-json\/wp\/v2\/media\/58669"}],"wp:attachment":[{"href":"https:\/\/algarve7.pt\/index.php\/wp-json\/wp\/v2\/media?parent=58668"}],"wp:term":[{"taxonomy":"category","embeddable":true,"href":"https:\/\/algarve7.pt\/index.php\/wp-json\/wp\/v2\/categories?post=58668"},{"taxonomy":"post_tag","embeddable":true,"href":"https:\/\/algarve7.pt\/index.php\/wp-json\/wp\/v2\/tags?post=58668"}],"curies":[{"name":"wp","href":"https:\/\/api.w.org\/{rel}","templated":true}]}}