{"id":58460,"date":"2026-02-07T10:00:00","date_gmt":"2026-02-07T10:00:00","guid":{"rendered":"https:\/\/algarve7.pt\/?p=58460"},"modified":"2026-02-05T19:59:05","modified_gmt":"2026-02-05T19:59:05","slug":"entrelacados-vii-festival-danca-contemporanea","status":"publish","type":"post","link":"https:\/\/algarve7.pt\/index.php\/2026\/02\/entrelacados-vii-festival-danca-contemporanea\/cultura\/10\/00\/","title":{"rendered":"Entrela\u00e7ados: VII Festival dan\u00e7a contempor\u00e2nea"},"content":{"rendered":"\n<p>A Associa\u00e7\u00e3o Cultural Dancenema anuncia com entusiasmo a 7\u00aa edi\u00e7\u00e3o do Festival de Dan\u00e7a Contempor\u00e2nea&nbsp;<strong><em>Entrela\u00e7ados,<\/em><\/strong>&nbsp;no Algarve, reafirmando este evento como um espa\u00e7o de cria\u00e7\u00e3o, encontro e reflex\u00e3o art\u00edstica. A programa\u00e7\u00e3o, rica e diversificada, re\u00fane artistas profissionais e propostas multidisciplinares ao longo dos dias.<\/p>\n\n\n\n<p>O&nbsp;<strong><em>Festival Entrela\u00e7ados<\/em><\/strong>&nbsp;\u00e9 pensado, organizado e produzido pela Dancenema, estrutura sem fins lucrativos com sede em Portim\u00e3o, no Algarve, e com atua\u00e7\u00e3o tamb\u00e9m na capital nacional. Desenvolve o seu trabalho no cruzamento entre dan\u00e7a, arte e pr\u00e1ticas multidisciplinares, promovendo o acesso \u00e0 cultura, a forma\u00e7\u00e3o art\u00edstica e o di\u00e1logo entre os criadores e a comunidade.<\/p>\n\n\n\n<p>A inaugura\u00e7\u00e3o da s\u00e9tima edi\u00e7\u00e3o aponta para o dia 22 de fevereiro, pelas 18h, marcada pelo&nbsp;<strong>espet\u00e1culo<\/strong>&nbsp;de rua \u201cComo Sardinhas Enlatadas\u201d, que ocupar\u00e1 o espa\u00e7o p\u00fablico da Fortaleza de Santa Catarina, na Praia da Rocha. Criado a partir do teatro f\u00edsico e da composi\u00e7\u00e3o coreogr\u00e1fica, o espet\u00e1culo convoca lendas locais, mem\u00f3rias do mar e corpos em movimento para refletir, de forma po\u00e9tica e provocadora, sobre uma sociedade \u201cenlatada\u201d, entre a tradi\u00e7\u00e3o e a modernidade.<\/p>\n\n\n\n<p>Na ter\u00e7a-feira, dia 24, pelas 20h30, o festival apresenta a&nbsp;<strong>Mostra V\u00eddeo-Dan\u00e7a<\/strong>, na Biblioteca de Portim\u00e3o. A v\u00eddeo-dan\u00e7a \u00e9 um formato art\u00edstico que funde a dan\u00e7a com a linguagem do v\u00eddeo, nascendo do trabalho conjunto entre core\u00f3grafo e videografo. A partir de um tema comum, movimento, imagem e edi\u00e7\u00e3o constroem uma obra \u00fanica, pensada para um espa\u00e7o onde o corpo e o olhar cinematogr\u00e1fico se completam.<\/p>\n\n\n\n<p>O dia 25 de fevereiro ser\u00e1 dedicado a diferentes p\u00fablicos, no Centro Cultural de Lagos. \u00c0s 14h30, apresenta-se&nbsp;<strong><em>La Trottola<\/em><\/strong>, um espet\u00e1culo de novo circo dirigido ao p\u00fablico escolar, proporcionando uma experi\u00eancia l\u00fadica e sens\u00edvel na descoberta do corpo e do movimento. O p\u00fablico geral \u00e9 convidado a assistir a&nbsp;<strong><em>Arak\u00ea<\/em><\/strong>, pelas 20h, um solo de circo contempor\u00e2neo e dan\u00e7a a\u00e9rea, onde o corpo feminino se move entre a corda, em constante transforma\u00e7\u00e3o explorando met\u00e1foras para a liberta\u00e7\u00e3o interior e a busca de autenticidade, num universo visual e sonoro envolvente.<\/p>\n\n\n\n<p>No dia seguinte, pelas 10h30, realiza-se a<strong><em>&nbsp;Oficina de A\u00e9reos<\/em><\/strong>, no Teatro Experimental de Lagos, orientada pelos performers Clara e Jos\u00e9, int\u00e9rpretes dos espet\u00e1culos apresentados no dia anterior. Ainda nesse dia, \u00e0s 20h30, acontece uma Tert\u00falia Cultural, com o tema \u201cO papel da arte na sociedade\u201d, na Casa Manuel Teixeira Gomes, contando como oradores as artistas Teresa Manjua e Marta Jardim.<\/p>\n\n\n\n<p>A programa\u00e7\u00e3o continua no dia 27 de fevereiro, \u00e0s 20h30, com um Caf\u00e9-Performance, no Clube Uni\u00e3o Portimonense, um momento art\u00edstico que combina m\u00fasica e dan\u00e7a, oferecendo ao p\u00fablico uma experi\u00eancia intimista e envolvente.<\/p>\n\n\n\n<p>Encerramos a s\u00e9tima edi\u00e7\u00e3o do festival no dia 28 de fevereiro, com dose dupla, iniciando com o&nbsp;<strong><em>Workshop de Teatro<\/em><\/strong>&nbsp;\u201cFerramentas do Ator e o Teatro de Cria\u00e7\u00e3o\u201d, na Casa das Artes, em Portim\u00e3o. O workshop prop\u00f5e uma imers\u00e3o pr\u00e1tica no Teatro de Cria\u00e7\u00e3o, articulando a teoria com a a\u00e7\u00e3o a partir de bases do trabalho do ator em cena. Atrav\u00e9s da escuta do corpo, do gesto e da presen\u00e7a, os participantes exploram os seus recursos naturais como mat\u00e9ria viva de constru\u00e7\u00e3o de personagens. O n\u00edvel \u00e9 aberto, podendo participar tanto quem j\u00e1 tem experi\u00eancia em atua\u00e7\u00e3o como quem se inicia pela primeira vez.<\/p>\n\n\n\n<p>O Audit\u00f3rio do Museu de Portim\u00e3o recebe o \u00faltimo evento, pelas 21h, presenteando os espectadores com um espet\u00e1culo em que s\u00e3o apresentadas curtas pe\u00e7as em formato de solos e duetos, criadas por jovens core\u00f3grafos emergentes que d\u00e3o os primeiros passos na cria\u00e7\u00e3o coreogr\u00e1fica. A&nbsp;<strong><em>Mostra Coreogr\u00e1fica de Solos e Duetos<\/em><\/strong>&nbsp;oferece ao p\u00fablico um olhar fresco e inovador sobre a dan\u00e7a contempor\u00e2nea.&nbsp;<\/p>\n\n\n\n<p>Este Festival \u00e9 uma produ\u00e7\u00e3o da Associa\u00e7\u00e3o Cultural Dancenema, com o apoio do Munic\u00edpio de Portim\u00e3o, Munic\u00edpio de Lagos, Junta de Freguesia de S\u00e3o Gon\u00e7alo de Lagos, Junta de Freguesia de Portim\u00e3o, Centro Cultural de Lagos, Teatro Experimental de Lagos, Agrupamento de Escolas da Bemposta, Sociedade Comercial do Vouga, Alameda Hostel, Escola Profissional Gil Eanes de Portim\u00e3o, Subnauta, Teatro Municipal de Portim\u00e3o, Clube Uni\u00e3o Portimonense e Taverna do Guedes.<\/p>\n","protected":false},"excerpt":{"rendered":"<p>A Associa\u00e7\u00e3o Cultural Dancenema anuncia com entusiasmo a 7\u00aa edi\u00e7\u00e3o do Festival de Dan\u00e7a Contempor\u00e2nea&nbsp;Entrela\u00e7ados,&nbsp;no Algarve, reafirmando este evento como<\/p>\n","protected":false},"author":1,"featured_media":58461,"comment_status":"closed","ping_status":"closed","sticky":false,"template":"","format":"standard","meta":{"colormag_page_container_layout":"default_layout","colormag_page_sidebar_layout":"default_layout","_monsterinsights_skip_tracking":false,"_monsterinsights_sitenote_active":false,"_monsterinsights_sitenote_note":"","_monsterinsights_sitenote_category":0,"jetpack_post_was_ever_published":false,"_jetpack_newsletter_access":"","_jetpack_dont_email_post_to_subs":false,"_jetpack_newsletter_tier_id":0,"_jetpack_memberships_contains_paywalled_content":false,"_jetpack_memberships_contains_paid_content":false,"footnotes":"","jetpack_publicize_message":"","jetpack_publicize_feature_enabled":true,"jetpack_social_post_already_shared":true,"jetpack_social_options":{"image_generator_settings":{"template":"highway","default_image_id":0,"font":"","enabled":false},"version":2}},"categories":[14],"tags":[36,35,68,72],"class_list":["post-58460","post","type-post","status-publish","format-standard","has-post-thumbnail","hentry","category-cultura","tag-algarve","tag-cultura","tag-lagos","tag-portimao"],"yoast_head":"<!-- This site is optimized with the Yoast SEO plugin v27.5 - https:\/\/yoast.com\/product\/yoast-seo-wordpress\/ -->\n<title>Entrela\u00e7ados: VII Festival dan\u00e7a contempor\u00e2nea - Algarve 7<\/title>\n<meta name=\"description\" content=\"Entrela\u00e7ados: VII Festival dan\u00e7a contempor\u00e2nea Cultura\" \/>\n<meta name=\"robots\" content=\"index, follow, max-snippet:-1, max-image-preview:large, max-video-preview:-1\" \/>\n<link rel=\"canonical\" href=\"https:\/\/algarve7.pt\/index.php\/2026\/02\/entrelacados-vii-festival-danca-contemporanea\/cultura\/10\/00\/\" \/>\n<meta property=\"og:locale\" content=\"pt_PT\" \/>\n<meta property=\"og:type\" content=\"article\" \/>\n<meta property=\"og:title\" content=\"Entrela\u00e7ados: VII Festival dan\u00e7a contempor\u00e2nea - Algarve 7\" \/>\n<meta property=\"og:description\" content=\"Entrela\u00e7ados: VII Festival dan\u00e7a contempor\u00e2nea Cultura\" \/>\n<meta property=\"og:url\" content=\"https:\/\/algarve7.pt\/index.php\/2026\/02\/entrelacados-vii-festival-danca-contemporanea\/cultura\/10\/00\/\" \/>\n<meta property=\"og:site_name\" content=\"Algarve 7\" \/>\n<meta property=\"article:publisher\" content=\"https:\/\/www.facebook.com\/algarve7\" \/>\n<meta property=\"article:author\" content=\"https:\/\/www.facebook.com\/algarve7\" \/>\n<meta property=\"article:published_time\" content=\"2026-02-07T10:00:00+00:00\" \/>\n<meta property=\"og:image\" content=\"https:\/\/algarve7.pt\/wp-content\/uploads\/2026\/02\/7.edicao-ENTRELACADOS.jpg\" \/>\n\t<meta property=\"og:image:width\" content=\"800\" \/>\n\t<meta property=\"og:image:height\" content=\"500\" \/>\n\t<meta property=\"og:image:type\" content=\"image\/jpeg\" \/>\n<meta name=\"author\" content=\"Algarve 7\" \/>\n<meta name=\"twitter:card\" content=\"summary_large_image\" \/>\n<meta name=\"twitter:creator\" content=\"@Algarvesete\" \/>\n<meta name=\"twitter:site\" content=\"@Algarvesete\" \/>\n<meta name=\"twitter:label1\" content=\"Escrito por\" \/>\n\t<meta name=\"twitter:data1\" content=\"Algarve 7\" \/>\n\t<meta name=\"twitter:label2\" content=\"Tempo estimado de leitura\" \/>\n\t<meta name=\"twitter:data2\" content=\"4 minutos\" \/>\n<script type=\"application\/ld+json\" class=\"yoast-schema-graph\">{\"@context\":\"https:\\\/\\\/schema.org\",\"@graph\":[{\"@type\":\"Article\",\"@id\":\"https:\\\/\\\/algarve7.pt\\\/index.php\\\/2026\\\/02\\\/entrelacados-vii-festival-danca-contemporanea\\\/cultura\\\/10\\\/00\\\/#article\",\"isPartOf\":{\"@id\":\"https:\\\/\\\/algarve7.pt\\\/index.php\\\/2026\\\/02\\\/entrelacados-vii-festival-danca-contemporanea\\\/cultura\\\/10\\\/00\\\/\"},\"author\":{\"name\":\"Algarve 7\",\"@id\":\"https:\\\/\\\/algarve7.pt\\\/#\\\/schema\\\/person\\\/23fa70681308e7b319a3204bcea45e0c\"},\"headline\":\"Entrela\u00e7ados: VII Festival dan\u00e7a contempor\u00e2nea\",\"datePublished\":\"2026-02-07T10:00:00+00:00\",\"mainEntityOfPage\":{\"@id\":\"https:\\\/\\\/algarve7.pt\\\/index.php\\\/2026\\\/02\\\/entrelacados-vii-festival-danca-contemporanea\\\/cultura\\\/10\\\/00\\\/\"},\"wordCount\":783,\"publisher\":{\"@id\":\"https:\\\/\\\/algarve7.pt\\\/#organization\"},\"image\":{\"@id\":\"https:\\\/\\\/algarve7.pt\\\/index.php\\\/2026\\\/02\\\/entrelacados-vii-festival-danca-contemporanea\\\/cultura\\\/10\\\/00\\\/#primaryimage\"},\"thumbnailUrl\":\"https:\\\/\\\/algarve7.pt\\\/wp-content\\\/uploads\\\/2026\\\/02\\\/7.edicao-ENTRELACADOS.jpg\",\"keywords\":[\"Algarve\",\"Cultura\",\"Lagos\",\"Portim\u00e3o\"],\"articleSection\":[\"Cultura\"],\"inLanguage\":\"pt-PT\"},{\"@type\":\"WebPage\",\"@id\":\"https:\\\/\\\/algarve7.pt\\\/index.php\\\/2026\\\/02\\\/entrelacados-vii-festival-danca-contemporanea\\\/cultura\\\/10\\\/00\\\/\",\"url\":\"https:\\\/\\\/algarve7.pt\\\/index.php\\\/2026\\\/02\\\/entrelacados-vii-festival-danca-contemporanea\\\/cultura\\\/10\\\/00\\\/\",\"name\":\"Entrela\u00e7ados: VII Festival dan\u00e7a contempor\u00e2nea - Algarve 7\",\"isPartOf\":{\"@id\":\"https:\\\/\\\/algarve7.pt\\\/#website\"},\"primaryImageOfPage\":{\"@id\":\"https:\\\/\\\/algarve7.pt\\\/index.php\\\/2026\\\/02\\\/entrelacados-vii-festival-danca-contemporanea\\\/cultura\\\/10\\\/00\\\/#primaryimage\"},\"image\":{\"@id\":\"https:\\\/\\\/algarve7.pt\\\/index.php\\\/2026\\\/02\\\/entrelacados-vii-festival-danca-contemporanea\\\/cultura\\\/10\\\/00\\\/#primaryimage\"},\"thumbnailUrl\":\"https:\\\/\\\/algarve7.pt\\\/wp-content\\\/uploads\\\/2026\\\/02\\\/7.edicao-ENTRELACADOS.jpg\",\"datePublished\":\"2026-02-07T10:00:00+00:00\",\"description\":\"Entrela\u00e7ados: VII Festival dan\u00e7a contempor\u00e2nea Cultura\",\"breadcrumb\":{\"@id\":\"https:\\\/\\\/algarve7.pt\\\/index.php\\\/2026\\\/02\\\/entrelacados-vii-festival-danca-contemporanea\\\/cultura\\\/10\\\/00\\\/#breadcrumb\"},\"inLanguage\":\"pt-PT\",\"potentialAction\":[{\"@type\":\"ReadAction\",\"target\":[\"https:\\\/\\\/algarve7.pt\\\/index.php\\\/2026\\\/02\\\/entrelacados-vii-festival-danca-contemporanea\\\/cultura\\\/10\\\/00\\\/\"]}]},{\"@type\":\"ImageObject\",\"inLanguage\":\"pt-PT\",\"@id\":\"https:\\\/\\\/algarve7.pt\\\/index.php\\\/2026\\\/02\\\/entrelacados-vii-festival-danca-contemporanea\\\/cultura\\\/10\\\/00\\\/#primaryimage\",\"url\":\"https:\\\/\\\/algarve7.pt\\\/wp-content\\\/uploads\\\/2026\\\/02\\\/7.edicao-ENTRELACADOS.jpg\",\"contentUrl\":\"https:\\\/\\\/algarve7.pt\\\/wp-content\\\/uploads\\\/2026\\\/02\\\/7.edicao-ENTRELACADOS.jpg\",\"width\":800,\"height\":500},{\"@type\":\"BreadcrumbList\",\"@id\":\"https:\\\/\\\/algarve7.pt\\\/index.php\\\/2026\\\/02\\\/entrelacados-vii-festival-danca-contemporanea\\\/cultura\\\/10\\\/00\\\/#breadcrumb\",\"itemListElement\":[{\"@type\":\"ListItem\",\"position\":1,\"name\":\"In\u00edcio\",\"item\":\"https:\\\/\\\/algarve7.pt\\\/\"},{\"@type\":\"ListItem\",\"position\":2,\"name\":\"Entrela\u00e7ados: VII Festival dan\u00e7a contempor\u00e2nea\"}]},{\"@type\":\"WebSite\",\"@id\":\"https:\\\/\\\/algarve7.pt\\\/#website\",\"url\":\"https:\\\/\\\/algarve7.pt\\\/\",\"name\":\"Algarve 7\",\"description\":\"Informa\u00e7\u00e3o sobre o Algarve\",\"publisher\":{\"@id\":\"https:\\\/\\\/algarve7.pt\\\/#organization\"},\"potentialAction\":[{\"@type\":\"SearchAction\",\"target\":{\"@type\":\"EntryPoint\",\"urlTemplate\":\"https:\\\/\\\/algarve7.pt\\\/?s={search_term_string}\"},\"query-input\":{\"@type\":\"PropertyValueSpecification\",\"valueRequired\":true,\"valueName\":\"search_term_string\"}}],\"inLanguage\":\"pt-PT\"},{\"@type\":\"Organization\",\"@id\":\"https:\\\/\\\/algarve7.pt\\\/#organization\",\"name\":\"Algarve 7\",\"url\":\"https:\\\/\\\/algarve7.pt\\\/\",\"logo\":{\"@type\":\"ImageObject\",\"inLanguage\":\"pt-PT\",\"@id\":\"https:\\\/\\\/algarve7.pt\\\/#\\\/schema\\\/logo\\\/image\\\/\",\"url\":\"https:\\\/\\\/algarve7.pt\\\/wp-content\\\/uploads\\\/2020\\\/10\\\/Logo-8.jpg\",\"contentUrl\":\"https:\\\/\\\/algarve7.pt\\\/wp-content\\\/uploads\\\/2020\\\/10\\\/Logo-8.jpg\",\"width\":1680,\"height\":1186,\"caption\":\"Algarve 7\"},\"image\":{\"@id\":\"https:\\\/\\\/algarve7.pt\\\/#\\\/schema\\\/logo\\\/image\\\/\"},\"sameAs\":[\"https:\\\/\\\/www.facebook.com\\\/algarve7\",\"https:\\\/\\\/x.com\\\/Algarvesete\",\"https:\\\/\\\/www.instagram.com\\\/jornalalgarve7\\\/\",\"https:\\\/\\\/www.linkedin.com\\\/company\\\/algarve7\",\"https:\\\/\\\/www.pinterest.pt\\\/geral0939\\\/_created\\\/\"]},{\"@type\":\"Person\",\"@id\":\"https:\\\/\\\/algarve7.pt\\\/#\\\/schema\\\/person\\\/23fa70681308e7b319a3204bcea45e0c\",\"name\":\"Algarve 7\",\"sameAs\":[\"https:\\\/\\\/algarve7.pt\",\"https:\\\/\\\/www.facebook.com\\\/algarve7\"],\"url\":\"https:\\\/\\\/algarve7.pt\\\/index.php\\\/author\\\/geralalgarve7-pt\\\/\"}]}<\/script>\n<!-- \/ Yoast SEO plugin. -->","yoast_head_json":{"title":"Entrela\u00e7ados: VII Festival dan\u00e7a contempor\u00e2nea - Algarve 7","description":"Entrela\u00e7ados: VII Festival dan\u00e7a contempor\u00e2nea Cultura","robots":{"index":"index","follow":"follow","max-snippet":"max-snippet:-1","max-image-preview":"max-image-preview:large","max-video-preview":"max-video-preview:-1"},"canonical":"https:\/\/algarve7.pt\/index.php\/2026\/02\/entrelacados-vii-festival-danca-contemporanea\/cultura\/10\/00\/","og_locale":"pt_PT","og_type":"article","og_title":"Entrela\u00e7ados: VII Festival dan\u00e7a contempor\u00e2nea - Algarve 7","og_description":"Entrela\u00e7ados: VII Festival dan\u00e7a contempor\u00e2nea Cultura","og_url":"https:\/\/algarve7.pt\/index.php\/2026\/02\/entrelacados-vii-festival-danca-contemporanea\/cultura\/10\/00\/","og_site_name":"Algarve 7","article_publisher":"https:\/\/www.facebook.com\/algarve7","article_author":"https:\/\/www.facebook.com\/algarve7","article_published_time":"2026-02-07T10:00:00+00:00","og_image":[{"width":800,"height":500,"url":"https:\/\/algarve7.pt\/wp-content\/uploads\/2026\/02\/7.edicao-ENTRELACADOS.jpg","type":"image\/jpeg"}],"author":"Algarve 7","twitter_card":"summary_large_image","twitter_creator":"@Algarvesete","twitter_site":"@Algarvesete","twitter_misc":{"Escrito por":"Algarve 7","Tempo estimado de leitura":"4 minutos"},"schema":{"@context":"https:\/\/schema.org","@graph":[{"@type":"Article","@id":"https:\/\/algarve7.pt\/index.php\/2026\/02\/entrelacados-vii-festival-danca-contemporanea\/cultura\/10\/00\/#article","isPartOf":{"@id":"https:\/\/algarve7.pt\/index.php\/2026\/02\/entrelacados-vii-festival-danca-contemporanea\/cultura\/10\/00\/"},"author":{"name":"Algarve 7","@id":"https:\/\/algarve7.pt\/#\/schema\/person\/23fa70681308e7b319a3204bcea45e0c"},"headline":"Entrela\u00e7ados: VII Festival dan\u00e7a contempor\u00e2nea","datePublished":"2026-02-07T10:00:00+00:00","mainEntityOfPage":{"@id":"https:\/\/algarve7.pt\/index.php\/2026\/02\/entrelacados-vii-festival-danca-contemporanea\/cultura\/10\/00\/"},"wordCount":783,"publisher":{"@id":"https:\/\/algarve7.pt\/#organization"},"image":{"@id":"https:\/\/algarve7.pt\/index.php\/2026\/02\/entrelacados-vii-festival-danca-contemporanea\/cultura\/10\/00\/#primaryimage"},"thumbnailUrl":"https:\/\/algarve7.pt\/wp-content\/uploads\/2026\/02\/7.edicao-ENTRELACADOS.jpg","keywords":["Algarve","Cultura","Lagos","Portim\u00e3o"],"articleSection":["Cultura"],"inLanguage":"pt-PT"},{"@type":"WebPage","@id":"https:\/\/algarve7.pt\/index.php\/2026\/02\/entrelacados-vii-festival-danca-contemporanea\/cultura\/10\/00\/","url":"https:\/\/algarve7.pt\/index.php\/2026\/02\/entrelacados-vii-festival-danca-contemporanea\/cultura\/10\/00\/","name":"Entrela\u00e7ados: VII Festival dan\u00e7a contempor\u00e2nea - Algarve 7","isPartOf":{"@id":"https:\/\/algarve7.pt\/#website"},"primaryImageOfPage":{"@id":"https:\/\/algarve7.pt\/index.php\/2026\/02\/entrelacados-vii-festival-danca-contemporanea\/cultura\/10\/00\/#primaryimage"},"image":{"@id":"https:\/\/algarve7.pt\/index.php\/2026\/02\/entrelacados-vii-festival-danca-contemporanea\/cultura\/10\/00\/#primaryimage"},"thumbnailUrl":"https:\/\/algarve7.pt\/wp-content\/uploads\/2026\/02\/7.edicao-ENTRELACADOS.jpg","datePublished":"2026-02-07T10:00:00+00:00","description":"Entrela\u00e7ados: VII Festival dan\u00e7a contempor\u00e2nea Cultura","breadcrumb":{"@id":"https:\/\/algarve7.pt\/index.php\/2026\/02\/entrelacados-vii-festival-danca-contemporanea\/cultura\/10\/00\/#breadcrumb"},"inLanguage":"pt-PT","potentialAction":[{"@type":"ReadAction","target":["https:\/\/algarve7.pt\/index.php\/2026\/02\/entrelacados-vii-festival-danca-contemporanea\/cultura\/10\/00\/"]}]},{"@type":"ImageObject","inLanguage":"pt-PT","@id":"https:\/\/algarve7.pt\/index.php\/2026\/02\/entrelacados-vii-festival-danca-contemporanea\/cultura\/10\/00\/#primaryimage","url":"https:\/\/algarve7.pt\/wp-content\/uploads\/2026\/02\/7.edicao-ENTRELACADOS.jpg","contentUrl":"https:\/\/algarve7.pt\/wp-content\/uploads\/2026\/02\/7.edicao-ENTRELACADOS.jpg","width":800,"height":500},{"@type":"BreadcrumbList","@id":"https:\/\/algarve7.pt\/index.php\/2026\/02\/entrelacados-vii-festival-danca-contemporanea\/cultura\/10\/00\/#breadcrumb","itemListElement":[{"@type":"ListItem","position":1,"name":"In\u00edcio","item":"https:\/\/algarve7.pt\/"},{"@type":"ListItem","position":2,"name":"Entrela\u00e7ados: VII Festival dan\u00e7a contempor\u00e2nea"}]},{"@type":"WebSite","@id":"https:\/\/algarve7.pt\/#website","url":"https:\/\/algarve7.pt\/","name":"Algarve 7","description":"Informa\u00e7\u00e3o sobre o Algarve","publisher":{"@id":"https:\/\/algarve7.pt\/#organization"},"potentialAction":[{"@type":"SearchAction","target":{"@type":"EntryPoint","urlTemplate":"https:\/\/algarve7.pt\/?s={search_term_string}"},"query-input":{"@type":"PropertyValueSpecification","valueRequired":true,"valueName":"search_term_string"}}],"inLanguage":"pt-PT"},{"@type":"Organization","@id":"https:\/\/algarve7.pt\/#organization","name":"Algarve 7","url":"https:\/\/algarve7.pt\/","logo":{"@type":"ImageObject","inLanguage":"pt-PT","@id":"https:\/\/algarve7.pt\/#\/schema\/logo\/image\/","url":"https:\/\/algarve7.pt\/wp-content\/uploads\/2020\/10\/Logo-8.jpg","contentUrl":"https:\/\/algarve7.pt\/wp-content\/uploads\/2020\/10\/Logo-8.jpg","width":1680,"height":1186,"caption":"Algarve 7"},"image":{"@id":"https:\/\/algarve7.pt\/#\/schema\/logo\/image\/"},"sameAs":["https:\/\/www.facebook.com\/algarve7","https:\/\/x.com\/Algarvesete","https:\/\/www.instagram.com\/jornalalgarve7\/","https:\/\/www.linkedin.com\/company\/algarve7","https:\/\/www.pinterest.pt\/geral0939\/_created\/"]},{"@type":"Person","@id":"https:\/\/algarve7.pt\/#\/schema\/person\/23fa70681308e7b319a3204bcea45e0c","name":"Algarve 7","sameAs":["https:\/\/algarve7.pt","https:\/\/www.facebook.com\/algarve7"],"url":"https:\/\/algarve7.pt\/index.php\/author\/geralalgarve7-pt\/"}]}},"jetpack_publicize_connections":[],"jetpack_featured_media_url":"https:\/\/algarve7.pt\/wp-content\/uploads\/2026\/02\/7.edicao-ENTRELACADOS.jpg","jetpack_shortlink":"https:\/\/wp.me\/pcezmW-fcU","jetpack_sharing_enabled":true,"_links":{"self":[{"href":"https:\/\/algarve7.pt\/index.php\/wp-json\/wp\/v2\/posts\/58460","targetHints":{"allow":["GET"]}}],"collection":[{"href":"https:\/\/algarve7.pt\/index.php\/wp-json\/wp\/v2\/posts"}],"about":[{"href":"https:\/\/algarve7.pt\/index.php\/wp-json\/wp\/v2\/types\/post"}],"author":[{"embeddable":true,"href":"https:\/\/algarve7.pt\/index.php\/wp-json\/wp\/v2\/users\/1"}],"replies":[{"embeddable":true,"href":"https:\/\/algarve7.pt\/index.php\/wp-json\/wp\/v2\/comments?post=58460"}],"version-history":[{"count":0,"href":"https:\/\/algarve7.pt\/index.php\/wp-json\/wp\/v2\/posts\/58460\/revisions"}],"wp:featuredmedia":[{"embeddable":true,"href":"https:\/\/algarve7.pt\/index.php\/wp-json\/wp\/v2\/media\/58461"}],"wp:attachment":[{"href":"https:\/\/algarve7.pt\/index.php\/wp-json\/wp\/v2\/media?parent=58460"}],"wp:term":[{"taxonomy":"category","embeddable":true,"href":"https:\/\/algarve7.pt\/index.php\/wp-json\/wp\/v2\/categories?post=58460"},{"taxonomy":"post_tag","embeddable":true,"href":"https:\/\/algarve7.pt\/index.php\/wp-json\/wp\/v2\/tags?post=58460"}],"curies":[{"name":"wp","href":"https:\/\/api.w.org\/{rel}","templated":true}]}}