{"id":58419,"date":"2026-02-06T07:35:00","date_gmt":"2026-02-06T07:35:00","guid":{"rendered":"https:\/\/algarve7.pt\/?p=58419"},"modified":"2026-02-05T09:09:05","modified_gmt":"2026-02-05T09:09:05","slug":"portimao-entra-no-espirito-carnavalesco-ja-este-sabado","status":"publish","type":"post","link":"https:\/\/algarve7.pt\/index.php\/2026\/02\/portimao-entra-no-espirito-carnavalesco-ja-este-sabado\/cultura\/07\/35\/","title":{"rendered":"Portim\u00e3o entra no esp\u00edrito carnavalesco j\u00e1 este s\u00e1bado"},"content":{"rendered":"\n<p>Portim\u00e3o recupera a tradi\u00e7\u00e3o de &#8216;brincar ao Carnaval&#8217;, celebrando uma festa que se mant\u00e9m como um dos grandes pilares da identidade e do cariz popular do concelho. Atrav\u00e9s de um conjunto de iniciativas que unem gera\u00e7\u00f5es, dos bailes tradicionais \u00e0s matin\u00e9s, e dos desfiles escolares aos grandes cortejos aleg\u00f3ricos, o munic\u00edpio celebra o esp\u00edrito foli\u00e3o, fomentado pela for\u00e7a do associativismo local, o verdadeiro motor desta celebra\u00e7\u00e3o.<\/p>\n\n\n\n<p>Este ano, sob o tema &#8220;Mediterr\u00e2neo&#8221; &#8211; a Odisseia de Homero, Gr\u00e9cia, Mar e Egito, o Carnaval de Portim\u00e3o inspira-se na ado\u00e7\u00e3o de figurinos e cen\u00e1rios \u00e9picos que cruzam a hist\u00f3ria com a modernidade. Esta escolha tem\u00e1tica permite elevar o esp\u00edrito festivo e dar asas \u00e0 criatividade das nossas coletividades, que d\u00e3o cor e alma \u00e0 festa ao longo de onze dias de anima\u00e7\u00e3o.<\/p>\n\n\n\n<p>Destaque para o Grande Desfile de Abertura com as Escolas Munic\u00edpio de Portim\u00e3o, integrado nos \u201cDias da Percuss\u00e3o Portim\u00e3o 26\u201d, agendado para o dia 13 de fevereiro, entre as 10h30 e as 11h30, ao ritmo do Bombo\u00e9mia \u2013 Grupo de Percuss\u00e3o da Universidade do Minho, num percurso que liga a Pra\u00e7a da Rep\u00fablica ao Largo 1\u00ba de Maio.<\/p>\n\n\n\n<p><strong>BAILES E MASCARINHAS<\/strong><\/p>\n\n\n\n<p>A alma do Carnaval popular vive, acima de tudo, nas sedes das coletividades. Entre 7 e 17 de fevereiro, o dinamismo associativo convida os foli\u00f5es para os tradicionais bailes e matin\u00e9s: a Associa\u00e7\u00e3o Cultural e Desportiva Alvorense 1\u00ba de Dezembro promove bailes \u00e0s 21h00 nos dias 14, 16 e 17 de fevereiro e uma matin\u00e9 no dia 15 \u00e0s 15h00; o Boa Esperan\u00e7a Atl\u00e9tico Clube Portimonense organiza o seu concurso de m\u00e1scaras no dia 14 \u00e0s 21h30 e um grande baile no dia 16 \u00e0s 21h30; o Clube de Instru\u00e7\u00e3o e Recreio Mexilhoeirense celebra com uma matin\u00e9 no dia 14 \u00e0s 17h30; no Clube Desportivo e Recreativo da Pedra Mourinha os bailes decorrem a 14 e 16 de fevereiro \u00e0s 21h00; o Clube Uni\u00e3o Portimonense agendou o seu baile para o dia 16 \u00e0s 21h00; o Sporting Gl\u00f3ria ou Morte Portimonense mant\u00e9m viva a tradi\u00e7\u00e3o com bailes nos dias 7, 14, 16 e 17 de fevereiro \u00e0s 21h30; na Sociedade Recreativa Figueirense as matin\u00e9s realizam-se a 15 e 17 de fevereiro \u00e0s 17h30; e a Sociedade Vencedora Portimonense promove os seus bailes a 14 e 16 de fevereiro \u00e0s 21h30, encerrando com uma matin\u00e9 no dia 17 \u00e0s 18h00.<\/p>\n\n\n\n<p><strong>DESFILE DE CARROS ALEG\u00d3RICOS<\/strong><\/p>\n\n\n\n<p>A folia estende-se tamb\u00e9m \u00e0s freguesias: no dia 15 de fevereiro, pelas 15h00, Alvor e a Mexilhoeira Grande mostram o seu orgulho e criatividade com desfiles de carros aleg\u00f3ricos pr\u00f3prios. O culminar desta odisseia popular acontece no dia 17 de fevereiro, \u00e0s 15h00, na Zona Ribeirinha de Portim\u00e3o \u2013 junto ao Clube Naval, com o grande Desfile de Carros Aleg\u00f3ricos. Ser\u00e3o 13 viaturas decoradas com o brio das gentes e a participa\u00e7\u00e3o de dez grupos carnavalescos, numa demonstra\u00e7\u00e3o \u00fanica de uni\u00e3o e folia.<\/p>\n\n\n\n<p>Esta \u00e9 uma organiza\u00e7\u00e3o da C\u00e2mara Municipal de Portim\u00e3o, em colabora\u00e7\u00e3o com as freguesias de Alvor, Mexilhoeira Grande e Portim\u00e3o, contando com o entusi\u00e1stico envolvimento das seguintes coletividades: : Associa\u00e7\u00e3o Cultural e Desportiva Alvorense&nbsp;&nbsp;1\u00ba&nbsp;&nbsp;de&nbsp;&nbsp;Dezembro,&nbsp;&nbsp;Boa&nbsp;&nbsp;Esperan\u00e7a&nbsp;&nbsp;Atl\u00e9tico&nbsp;&nbsp;Clube&nbsp;Portimonense,&nbsp;&nbsp;Clube&nbsp;&nbsp;Desportivo&nbsp;&nbsp;Cultural&nbsp;&nbsp;e Recreativo do Porto de Lagos, Corpo Nacional de Escutas \u2013 Agrupamento 685 Alvor, Clube de Instru\u00e7\u00e3o e Recreio Mexilhoeirense, Clube Desportivo e Recreativo da Pedra Mourinha, Clube Uni\u00e3o Portimonense, Sporting&nbsp;&nbsp;Gl\u00f3ria&nbsp;&nbsp;ou&nbsp;&nbsp;Morte Portimonense,&nbsp;&nbsp;Sociedade&nbsp;&nbsp;Recreativa&nbsp;&nbsp;Figueirense e&nbsp;&nbsp;Sociedade&nbsp;&nbsp;Vencedora Portimonense.<\/p>\n","protected":false},"excerpt":{"rendered":"<p>Portim\u00e3o recupera a tradi\u00e7\u00e3o de &#8216;brincar ao Carnaval&#8217;, celebrando uma festa que se mant\u00e9m como um dos grandes pilares da<\/p>\n","protected":false},"author":1,"featured_media":58420,"comment_status":"closed","ping_status":"closed","sticky":false,"template":"","format":"standard","meta":{"colormag_page_container_layout":"default_layout","colormag_page_sidebar_layout":"default_layout","_monsterinsights_skip_tracking":false,"_monsterinsights_sitenote_active":false,"_monsterinsights_sitenote_note":"","_monsterinsights_sitenote_category":0,"jetpack_post_was_ever_published":false,"_jetpack_newsletter_access":"","_jetpack_dont_email_post_to_subs":false,"_jetpack_newsletter_tier_id":0,"_jetpack_memberships_contains_paywalled_content":false,"_jetpack_memberships_contains_paid_content":false,"footnotes":"","jetpack_publicize_message":"","jetpack_publicize_feature_enabled":true,"jetpack_social_post_already_shared":true,"jetpack_social_options":{"image_generator_settings":{"template":"highway","default_image_id":0,"font":"","enabled":false},"version":2}},"categories":[14],"tags":[36,187,35,72],"class_list":["post-58419","post","type-post","status-publish","format-standard","has-post-thumbnail","hentry","category-cultura","tag-algarve","tag-carnaval","tag-cultura","tag-portimao"],"yoast_head":"<!-- This site is optimized with the Yoast SEO plugin v27.5 - https:\/\/yoast.com\/product\/yoast-seo-wordpress\/ -->\n<title>Portim\u00e3o entra no esp\u00edrito carnavalesco j\u00e1 este s\u00e1bado - Algarve 7<\/title>\n<meta name=\"description\" content=\"Portim\u00e3o entra no esp\u00edrito carnavalesco j\u00e1 este s\u00e1bado Cultura\" \/>\n<meta name=\"robots\" content=\"index, follow, max-snippet:-1, max-image-preview:large, max-video-preview:-1\" \/>\n<link rel=\"canonical\" href=\"https:\/\/algarve7.pt\/index.php\/2026\/02\/portimao-entra-no-espirito-carnavalesco-ja-este-sabado\/cultura\/07\/35\/\" \/>\n<meta property=\"og:locale\" content=\"pt_PT\" \/>\n<meta property=\"og:type\" content=\"article\" \/>\n<meta property=\"og:title\" content=\"Portim\u00e3o entra no esp\u00edrito carnavalesco j\u00e1 este s\u00e1bado - Algarve 7\" \/>\n<meta property=\"og:description\" content=\"Portim\u00e3o entra no esp\u00edrito carnavalesco j\u00e1 este s\u00e1bado Cultura\" \/>\n<meta property=\"og:url\" content=\"https:\/\/algarve7.pt\/index.php\/2026\/02\/portimao-entra-no-espirito-carnavalesco-ja-este-sabado\/cultura\/07\/35\/\" \/>\n<meta property=\"og:site_name\" content=\"Algarve 7\" \/>\n<meta property=\"article:publisher\" content=\"https:\/\/www.facebook.com\/algarve7\" \/>\n<meta property=\"article:author\" content=\"https:\/\/www.facebook.com\/algarve7\" \/>\n<meta property=\"article:published_time\" content=\"2026-02-06T07:35:00+00:00\" \/>\n<meta property=\"og:image\" content=\"https:\/\/algarve7.pt\/wp-content\/uploads\/2026\/02\/Carnaval-em-Portima_desfile-Carros-alegoricosZRPtm.jpg\" \/>\n\t<meta property=\"og:image:width\" content=\"800\" \/>\n\t<meta property=\"og:image:height\" content=\"500\" \/>\n\t<meta property=\"og:image:type\" content=\"image\/jpeg\" \/>\n<meta name=\"author\" content=\"Algarve 7\" \/>\n<meta name=\"twitter:card\" content=\"summary_large_image\" \/>\n<meta name=\"twitter:creator\" content=\"@Algarvesete\" \/>\n<meta name=\"twitter:site\" content=\"@Algarvesete\" \/>\n<meta name=\"twitter:label1\" content=\"Escrito por\" \/>\n\t<meta name=\"twitter:data1\" content=\"Algarve 7\" \/>\n\t<meta name=\"twitter:label2\" content=\"Tempo estimado de leitura\" \/>\n\t<meta name=\"twitter:data2\" content=\"4 minutos\" \/>\n<script type=\"application\/ld+json\" class=\"yoast-schema-graph\">{\"@context\":\"https:\\\/\\\/schema.org\",\"@graph\":[{\"@type\":\"Article\",\"@id\":\"https:\\\/\\\/algarve7.pt\\\/index.php\\\/2026\\\/02\\\/portimao-entra-no-espirito-carnavalesco-ja-este-sabado\\\/cultura\\\/07\\\/35\\\/#article\",\"isPartOf\":{\"@id\":\"https:\\\/\\\/algarve7.pt\\\/index.php\\\/2026\\\/02\\\/portimao-entra-no-espirito-carnavalesco-ja-este-sabado\\\/cultura\\\/07\\\/35\\\/\"},\"author\":{\"name\":\"Algarve 7\",\"@id\":\"https:\\\/\\\/algarve7.pt\\\/#\\\/schema\\\/person\\\/23fa70681308e7b319a3204bcea45e0c\"},\"headline\":\"Portim\u00e3o entra no esp\u00edrito carnavalesco j\u00e1 este s\u00e1bado\",\"datePublished\":\"2026-02-06T07:35:00+00:00\",\"mainEntityOfPage\":{\"@id\":\"https:\\\/\\\/algarve7.pt\\\/index.php\\\/2026\\\/02\\\/portimao-entra-no-espirito-carnavalesco-ja-este-sabado\\\/cultura\\\/07\\\/35\\\/\"},\"wordCount\":641,\"publisher\":{\"@id\":\"https:\\\/\\\/algarve7.pt\\\/#organization\"},\"image\":{\"@id\":\"https:\\\/\\\/algarve7.pt\\\/index.php\\\/2026\\\/02\\\/portimao-entra-no-espirito-carnavalesco-ja-este-sabado\\\/cultura\\\/07\\\/35\\\/#primaryimage\"},\"thumbnailUrl\":\"https:\\\/\\\/algarve7.pt\\\/wp-content\\\/uploads\\\/2026\\\/02\\\/Carnaval-em-Portima_desfile-Carros-alegoricosZRPtm.jpg\",\"keywords\":[\"Algarve\",\"Carnaval\",\"Cultura\",\"Portim\u00e3o\"],\"articleSection\":[\"Cultura\"],\"inLanguage\":\"pt-PT\"},{\"@type\":\"WebPage\",\"@id\":\"https:\\\/\\\/algarve7.pt\\\/index.php\\\/2026\\\/02\\\/portimao-entra-no-espirito-carnavalesco-ja-este-sabado\\\/cultura\\\/07\\\/35\\\/\",\"url\":\"https:\\\/\\\/algarve7.pt\\\/index.php\\\/2026\\\/02\\\/portimao-entra-no-espirito-carnavalesco-ja-este-sabado\\\/cultura\\\/07\\\/35\\\/\",\"name\":\"Portim\u00e3o entra no esp\u00edrito carnavalesco j\u00e1 este s\u00e1bado - Algarve 7\",\"isPartOf\":{\"@id\":\"https:\\\/\\\/algarve7.pt\\\/#website\"},\"primaryImageOfPage\":{\"@id\":\"https:\\\/\\\/algarve7.pt\\\/index.php\\\/2026\\\/02\\\/portimao-entra-no-espirito-carnavalesco-ja-este-sabado\\\/cultura\\\/07\\\/35\\\/#primaryimage\"},\"image\":{\"@id\":\"https:\\\/\\\/algarve7.pt\\\/index.php\\\/2026\\\/02\\\/portimao-entra-no-espirito-carnavalesco-ja-este-sabado\\\/cultura\\\/07\\\/35\\\/#primaryimage\"},\"thumbnailUrl\":\"https:\\\/\\\/algarve7.pt\\\/wp-content\\\/uploads\\\/2026\\\/02\\\/Carnaval-em-Portima_desfile-Carros-alegoricosZRPtm.jpg\",\"datePublished\":\"2026-02-06T07:35:00+00:00\",\"description\":\"Portim\u00e3o entra no esp\u00edrito carnavalesco j\u00e1 este s\u00e1bado Cultura\",\"breadcrumb\":{\"@id\":\"https:\\\/\\\/algarve7.pt\\\/index.php\\\/2026\\\/02\\\/portimao-entra-no-espirito-carnavalesco-ja-este-sabado\\\/cultura\\\/07\\\/35\\\/#breadcrumb\"},\"inLanguage\":\"pt-PT\",\"potentialAction\":[{\"@type\":\"ReadAction\",\"target\":[\"https:\\\/\\\/algarve7.pt\\\/index.php\\\/2026\\\/02\\\/portimao-entra-no-espirito-carnavalesco-ja-este-sabado\\\/cultura\\\/07\\\/35\\\/\"]}]},{\"@type\":\"ImageObject\",\"inLanguage\":\"pt-PT\",\"@id\":\"https:\\\/\\\/algarve7.pt\\\/index.php\\\/2026\\\/02\\\/portimao-entra-no-espirito-carnavalesco-ja-este-sabado\\\/cultura\\\/07\\\/35\\\/#primaryimage\",\"url\":\"https:\\\/\\\/algarve7.pt\\\/wp-content\\\/uploads\\\/2026\\\/02\\\/Carnaval-em-Portima_desfile-Carros-alegoricosZRPtm.jpg\",\"contentUrl\":\"https:\\\/\\\/algarve7.pt\\\/wp-content\\\/uploads\\\/2026\\\/02\\\/Carnaval-em-Portima_desfile-Carros-alegoricosZRPtm.jpg\",\"width\":800,\"height\":500},{\"@type\":\"BreadcrumbList\",\"@id\":\"https:\\\/\\\/algarve7.pt\\\/index.php\\\/2026\\\/02\\\/portimao-entra-no-espirito-carnavalesco-ja-este-sabado\\\/cultura\\\/07\\\/35\\\/#breadcrumb\",\"itemListElement\":[{\"@type\":\"ListItem\",\"position\":1,\"name\":\"In\u00edcio\",\"item\":\"https:\\\/\\\/algarve7.pt\\\/\"},{\"@type\":\"ListItem\",\"position\":2,\"name\":\"Portim\u00e3o entra no esp\u00edrito carnavalesco j\u00e1 este s\u00e1bado\"}]},{\"@type\":\"WebSite\",\"@id\":\"https:\\\/\\\/algarve7.pt\\\/#website\",\"url\":\"https:\\\/\\\/algarve7.pt\\\/\",\"name\":\"Algarve 7\",\"description\":\"Informa\u00e7\u00e3o sobre o Algarve\",\"publisher\":{\"@id\":\"https:\\\/\\\/algarve7.pt\\\/#organization\"},\"potentialAction\":[{\"@type\":\"SearchAction\",\"target\":{\"@type\":\"EntryPoint\",\"urlTemplate\":\"https:\\\/\\\/algarve7.pt\\\/?s={search_term_string}\"},\"query-input\":{\"@type\":\"PropertyValueSpecification\",\"valueRequired\":true,\"valueName\":\"search_term_string\"}}],\"inLanguage\":\"pt-PT\"},{\"@type\":\"Organization\",\"@id\":\"https:\\\/\\\/algarve7.pt\\\/#organization\",\"name\":\"Algarve 7\",\"url\":\"https:\\\/\\\/algarve7.pt\\\/\",\"logo\":{\"@type\":\"ImageObject\",\"inLanguage\":\"pt-PT\",\"@id\":\"https:\\\/\\\/algarve7.pt\\\/#\\\/schema\\\/logo\\\/image\\\/\",\"url\":\"https:\\\/\\\/algarve7.pt\\\/wp-content\\\/uploads\\\/2020\\\/10\\\/Logo-8.jpg\",\"contentUrl\":\"https:\\\/\\\/algarve7.pt\\\/wp-content\\\/uploads\\\/2020\\\/10\\\/Logo-8.jpg\",\"width\":1680,\"height\":1186,\"caption\":\"Algarve 7\"},\"image\":{\"@id\":\"https:\\\/\\\/algarve7.pt\\\/#\\\/schema\\\/logo\\\/image\\\/\"},\"sameAs\":[\"https:\\\/\\\/www.facebook.com\\\/algarve7\",\"https:\\\/\\\/x.com\\\/Algarvesete\",\"https:\\\/\\\/www.instagram.com\\\/jornalalgarve7\\\/\",\"https:\\\/\\\/www.linkedin.com\\\/company\\\/algarve7\",\"https:\\\/\\\/www.pinterest.pt\\\/geral0939\\\/_created\\\/\"]},{\"@type\":\"Person\",\"@id\":\"https:\\\/\\\/algarve7.pt\\\/#\\\/schema\\\/person\\\/23fa70681308e7b319a3204bcea45e0c\",\"name\":\"Algarve 7\",\"sameAs\":[\"https:\\\/\\\/algarve7.pt\",\"https:\\\/\\\/www.facebook.com\\\/algarve7\"],\"url\":\"https:\\\/\\\/algarve7.pt\\\/index.php\\\/author\\\/geralalgarve7-pt\\\/\"}]}<\/script>\n<!-- \/ Yoast SEO plugin. -->","yoast_head_json":{"title":"Portim\u00e3o entra no esp\u00edrito carnavalesco j\u00e1 este s\u00e1bado - Algarve 7","description":"Portim\u00e3o entra no esp\u00edrito carnavalesco j\u00e1 este s\u00e1bado Cultura","robots":{"index":"index","follow":"follow","max-snippet":"max-snippet:-1","max-image-preview":"max-image-preview:large","max-video-preview":"max-video-preview:-1"},"canonical":"https:\/\/algarve7.pt\/index.php\/2026\/02\/portimao-entra-no-espirito-carnavalesco-ja-este-sabado\/cultura\/07\/35\/","og_locale":"pt_PT","og_type":"article","og_title":"Portim\u00e3o entra no esp\u00edrito carnavalesco j\u00e1 este s\u00e1bado - Algarve 7","og_description":"Portim\u00e3o entra no esp\u00edrito carnavalesco j\u00e1 este s\u00e1bado Cultura","og_url":"https:\/\/algarve7.pt\/index.php\/2026\/02\/portimao-entra-no-espirito-carnavalesco-ja-este-sabado\/cultura\/07\/35\/","og_site_name":"Algarve 7","article_publisher":"https:\/\/www.facebook.com\/algarve7","article_author":"https:\/\/www.facebook.com\/algarve7","article_published_time":"2026-02-06T07:35:00+00:00","og_image":[{"width":800,"height":500,"url":"https:\/\/algarve7.pt\/wp-content\/uploads\/2026\/02\/Carnaval-em-Portima_desfile-Carros-alegoricosZRPtm.jpg","type":"image\/jpeg"}],"author":"Algarve 7","twitter_card":"summary_large_image","twitter_creator":"@Algarvesete","twitter_site":"@Algarvesete","twitter_misc":{"Escrito por":"Algarve 7","Tempo estimado de leitura":"4 minutos"},"schema":{"@context":"https:\/\/schema.org","@graph":[{"@type":"Article","@id":"https:\/\/algarve7.pt\/index.php\/2026\/02\/portimao-entra-no-espirito-carnavalesco-ja-este-sabado\/cultura\/07\/35\/#article","isPartOf":{"@id":"https:\/\/algarve7.pt\/index.php\/2026\/02\/portimao-entra-no-espirito-carnavalesco-ja-este-sabado\/cultura\/07\/35\/"},"author":{"name":"Algarve 7","@id":"https:\/\/algarve7.pt\/#\/schema\/person\/23fa70681308e7b319a3204bcea45e0c"},"headline":"Portim\u00e3o entra no esp\u00edrito carnavalesco j\u00e1 este s\u00e1bado","datePublished":"2026-02-06T07:35:00+00:00","mainEntityOfPage":{"@id":"https:\/\/algarve7.pt\/index.php\/2026\/02\/portimao-entra-no-espirito-carnavalesco-ja-este-sabado\/cultura\/07\/35\/"},"wordCount":641,"publisher":{"@id":"https:\/\/algarve7.pt\/#organization"},"image":{"@id":"https:\/\/algarve7.pt\/index.php\/2026\/02\/portimao-entra-no-espirito-carnavalesco-ja-este-sabado\/cultura\/07\/35\/#primaryimage"},"thumbnailUrl":"https:\/\/algarve7.pt\/wp-content\/uploads\/2026\/02\/Carnaval-em-Portima_desfile-Carros-alegoricosZRPtm.jpg","keywords":["Algarve","Carnaval","Cultura","Portim\u00e3o"],"articleSection":["Cultura"],"inLanguage":"pt-PT"},{"@type":"WebPage","@id":"https:\/\/algarve7.pt\/index.php\/2026\/02\/portimao-entra-no-espirito-carnavalesco-ja-este-sabado\/cultura\/07\/35\/","url":"https:\/\/algarve7.pt\/index.php\/2026\/02\/portimao-entra-no-espirito-carnavalesco-ja-este-sabado\/cultura\/07\/35\/","name":"Portim\u00e3o entra no esp\u00edrito carnavalesco j\u00e1 este s\u00e1bado - Algarve 7","isPartOf":{"@id":"https:\/\/algarve7.pt\/#website"},"primaryImageOfPage":{"@id":"https:\/\/algarve7.pt\/index.php\/2026\/02\/portimao-entra-no-espirito-carnavalesco-ja-este-sabado\/cultura\/07\/35\/#primaryimage"},"image":{"@id":"https:\/\/algarve7.pt\/index.php\/2026\/02\/portimao-entra-no-espirito-carnavalesco-ja-este-sabado\/cultura\/07\/35\/#primaryimage"},"thumbnailUrl":"https:\/\/algarve7.pt\/wp-content\/uploads\/2026\/02\/Carnaval-em-Portima_desfile-Carros-alegoricosZRPtm.jpg","datePublished":"2026-02-06T07:35:00+00:00","description":"Portim\u00e3o entra no esp\u00edrito carnavalesco j\u00e1 este s\u00e1bado Cultura","breadcrumb":{"@id":"https:\/\/algarve7.pt\/index.php\/2026\/02\/portimao-entra-no-espirito-carnavalesco-ja-este-sabado\/cultura\/07\/35\/#breadcrumb"},"inLanguage":"pt-PT","potentialAction":[{"@type":"ReadAction","target":["https:\/\/algarve7.pt\/index.php\/2026\/02\/portimao-entra-no-espirito-carnavalesco-ja-este-sabado\/cultura\/07\/35\/"]}]},{"@type":"ImageObject","inLanguage":"pt-PT","@id":"https:\/\/algarve7.pt\/index.php\/2026\/02\/portimao-entra-no-espirito-carnavalesco-ja-este-sabado\/cultura\/07\/35\/#primaryimage","url":"https:\/\/algarve7.pt\/wp-content\/uploads\/2026\/02\/Carnaval-em-Portima_desfile-Carros-alegoricosZRPtm.jpg","contentUrl":"https:\/\/algarve7.pt\/wp-content\/uploads\/2026\/02\/Carnaval-em-Portima_desfile-Carros-alegoricosZRPtm.jpg","width":800,"height":500},{"@type":"BreadcrumbList","@id":"https:\/\/algarve7.pt\/index.php\/2026\/02\/portimao-entra-no-espirito-carnavalesco-ja-este-sabado\/cultura\/07\/35\/#breadcrumb","itemListElement":[{"@type":"ListItem","position":1,"name":"In\u00edcio","item":"https:\/\/algarve7.pt\/"},{"@type":"ListItem","position":2,"name":"Portim\u00e3o entra no esp\u00edrito carnavalesco j\u00e1 este s\u00e1bado"}]},{"@type":"WebSite","@id":"https:\/\/algarve7.pt\/#website","url":"https:\/\/algarve7.pt\/","name":"Algarve 7","description":"Informa\u00e7\u00e3o sobre o Algarve","publisher":{"@id":"https:\/\/algarve7.pt\/#organization"},"potentialAction":[{"@type":"SearchAction","target":{"@type":"EntryPoint","urlTemplate":"https:\/\/algarve7.pt\/?s={search_term_string}"},"query-input":{"@type":"PropertyValueSpecification","valueRequired":true,"valueName":"search_term_string"}}],"inLanguage":"pt-PT"},{"@type":"Organization","@id":"https:\/\/algarve7.pt\/#organization","name":"Algarve 7","url":"https:\/\/algarve7.pt\/","logo":{"@type":"ImageObject","inLanguage":"pt-PT","@id":"https:\/\/algarve7.pt\/#\/schema\/logo\/image\/","url":"https:\/\/algarve7.pt\/wp-content\/uploads\/2020\/10\/Logo-8.jpg","contentUrl":"https:\/\/algarve7.pt\/wp-content\/uploads\/2020\/10\/Logo-8.jpg","width":1680,"height":1186,"caption":"Algarve 7"},"image":{"@id":"https:\/\/algarve7.pt\/#\/schema\/logo\/image\/"},"sameAs":["https:\/\/www.facebook.com\/algarve7","https:\/\/x.com\/Algarvesete","https:\/\/www.instagram.com\/jornalalgarve7\/","https:\/\/www.linkedin.com\/company\/algarve7","https:\/\/www.pinterest.pt\/geral0939\/_created\/"]},{"@type":"Person","@id":"https:\/\/algarve7.pt\/#\/schema\/person\/23fa70681308e7b319a3204bcea45e0c","name":"Algarve 7","sameAs":["https:\/\/algarve7.pt","https:\/\/www.facebook.com\/algarve7"],"url":"https:\/\/algarve7.pt\/index.php\/author\/geralalgarve7-pt\/"}]}},"jetpack_publicize_connections":[],"jetpack_featured_media_url":"https:\/\/algarve7.pt\/wp-content\/uploads\/2026\/02\/Carnaval-em-Portima_desfile-Carros-alegoricosZRPtm.jpg","jetpack_shortlink":"https:\/\/wp.me\/pcezmW-fcf","jetpack_sharing_enabled":true,"_links":{"self":[{"href":"https:\/\/algarve7.pt\/index.php\/wp-json\/wp\/v2\/posts\/58419","targetHints":{"allow":["GET"]}}],"collection":[{"href":"https:\/\/algarve7.pt\/index.php\/wp-json\/wp\/v2\/posts"}],"about":[{"href":"https:\/\/algarve7.pt\/index.php\/wp-json\/wp\/v2\/types\/post"}],"author":[{"embeddable":true,"href":"https:\/\/algarve7.pt\/index.php\/wp-json\/wp\/v2\/users\/1"}],"replies":[{"embeddable":true,"href":"https:\/\/algarve7.pt\/index.php\/wp-json\/wp\/v2\/comments?post=58419"}],"version-history":[{"count":0,"href":"https:\/\/algarve7.pt\/index.php\/wp-json\/wp\/v2\/posts\/58419\/revisions"}],"wp:featuredmedia":[{"embeddable":true,"href":"https:\/\/algarve7.pt\/index.php\/wp-json\/wp\/v2\/media\/58420"}],"wp:attachment":[{"href":"https:\/\/algarve7.pt\/index.php\/wp-json\/wp\/v2\/media?parent=58419"}],"wp:term":[{"taxonomy":"category","embeddable":true,"href":"https:\/\/algarve7.pt\/index.php\/wp-json\/wp\/v2\/categories?post=58419"},{"taxonomy":"post_tag","embeddable":true,"href":"https:\/\/algarve7.pt\/index.php\/wp-json\/wp\/v2\/tags?post=58419"}],"curies":[{"name":"wp","href":"https:\/\/api.w.org\/{rel}","templated":true}]}}