{"id":5829,"date":"2021-02-04T12:19:57","date_gmt":"2021-02-04T12:19:57","guid":{"rendered":"https:\/\/algarve7.pt\/?p=5829"},"modified":"2021-02-04T12:20:03","modified_gmt":"2021-02-04T12:20:03","slug":"inframoura-acelera-rumo-a-neutralidade-carbonica","status":"publish","type":"post","link":"https:\/\/algarve7.pt\/index.php\/2021\/02\/inframoura-acelera-rumo-a-neutralidade-carbonica\/ambiente\/12\/19\/","title":{"rendered":"Inframoura acelera rumo \u00e0 neutralidade carb\u00f3nica"},"content":{"rendered":"\n<p>A\u00a0Inframoura, empresa do concelho de Loul\u00e9 respons\u00e1vel pela gest\u00e3o das infraestruturas e espa\u00e7o p\u00fablico de Vilamoura e n\u00facleos urbanos cont\u00edguos, antecipa em 10 anos a meta europeia de descarboniza\u00e7\u00e3o, evitando a emiss\u00e3o de cerca de\u00a0<strong>3.300ton CO<sub>2<\/sub><\/strong>.<\/p>\n\n\n\n<p>Encontra-se aberto o concurso p\u00fablico internacional de aquisi\u00e7\u00e3o de energia a todos os edif\u00edcios e instala\u00e7\u00f5es sob a gest\u00e3o da empresa municipal do concelho de Loul\u00e9, que estabelece como obrigat\u00f3rio o fornecimento de energia 100% de origem em fontes renov\u00e1veis. Ser\u00e3o mais de\u00a0<strong>460 Mwh<\/strong>\u00a0para um per\u00edodo total de 3 anos. Esta op\u00e7\u00e3o surge numa \u00f3tica de reinvestimento dos benef\u00edcios gerados pelas poupan\u00e7as obtidas atrav\u00e9s da produ\u00e7\u00e3o de energia pr\u00f3pria pelos sistemas fotovoltaicos que t\u00eam vindo a ser implementados (com 80kwp j\u00e1 em funcionamento), bem como dos ganhos em efici\u00eancia que t\u00eam vindo a ser gerados, fruto de uma an\u00e1lise e atua\u00e7\u00e3o sistem\u00e1tica aos v\u00e1rios sistemas respons\u00e1veis pelos consumos de energia, assim como pela sensibiliza\u00e7\u00e3o e capacita\u00e7\u00e3o dos colaboradores.\u00a0\u00a0\u00a0\u00a0<\/p>\n\n\n\n<p>Atendendo ao percurso que tem vindo a ser desenvolvido pela Inframoura, com a certifica\u00e7\u00e3o em 2020 pela norma ISO 50\u00a0001 \u2013 Sistemas de Gest\u00e3o de Energia, que se junta \u00e0s certifica\u00e7\u00f5es pelos referenciais internacionais da Qualidade (ISO 9001) e Ambiente (ISO14001), \u00e9 refor\u00e7ado o compromisso de desenvolvimento sustent\u00e1vel da ONU aliado \u00e0\u00a0<a href=\"http:\/\/www.louleadapta.pt\/\" target=\"_blank\" rel=\"noreferrer noopener\">Estrat\u00e9gia Municipal de Adapta\u00e7\u00e3o \u00e0s Altera\u00e7\u00f5es Clim\u00e1ticas de Loul\u00e9<\/a>, permitindo assim a redu\u00e7\u00e3o em mais de 55% das suas emiss\u00f5es totais (tendo por refer\u00eancia o ano de 2018 que serviu de base para o desenvolvimento do plano de descarboniza\u00e7\u00e3o).\u00a0<\/p>\n\n\n\n<p>Com esta medida, a Inframoura antecipa o objetivo tra\u00e7ado em dezembro de 2020 pelo Conselho Europeu de redu\u00e7\u00e3o de 55% as emiss\u00f5es de CO<sub>2<\/sub>\u00a0para 2030, o que ter\u00e1 como consequ\u00eancia, que todo o processo de armazenamento e distribui\u00e7\u00e3o de \u00e1gua e drenagem de \u00e1guas residuais passem a ser\u00a0<strong>carbono neutros.<\/strong><\/p>\n\n\n\n<p>Assista ao\u00a0<a href=\"https:\/\/www.youtube.com\/watch?v=axnzpyXpN08&amp;t=25s\">v\u00eddeo<\/a>\u00a0referente \u00e0 Certifica\u00e7\u00e3o da Inframoura pela norma ISO 50001 \u2013 Sistemas de Gest\u00e3o de Energia.<\/p>\n\n\n\n<figure class=\"wp-block-embed aligncenter is-type-video is-provider-youtube wp-block-embed-youtube wp-embed-aspect-16-9 wp-has-aspect-ratio\"><div class=\"wp-block-embed__wrapper\">\n<iframe loading=\"lazy\" title=\"Certifica\u00e7\u00e3o de Energia :: ISO 50 001\" width=\"800\" height=\"450\" src=\"https:\/\/www.youtube.com\/embed\/axnzpyXpN08?feature=oembed\" frameborder=\"0\" allow=\"accelerometer; autoplay; clipboard-write; encrypted-media; gyroscope; picture-in-picture\" allowfullscreen><\/iframe>\n<\/div><\/figure>\n","protected":false},"excerpt":{"rendered":"<p>A\u00a0Inframoura, empresa do concelho de Loul\u00e9 respons\u00e1vel pela gest\u00e3o das infraestruturas e espa\u00e7o p\u00fablico de Vilamoura e n\u00facleos urbanos cont\u00edguos,<\/p>\n","protected":false},"author":1,"featured_media":5830,"comment_status":"closed","ping_status":"open","sticky":false,"template":"","format":"standard","meta":{"colormag_page_container_layout":"default_layout","colormag_page_sidebar_layout":"default_layout","_monsterinsights_skip_tracking":false,"_monsterinsights_sitenote_active":false,"_monsterinsights_sitenote_note":"","_monsterinsights_sitenote_category":0,"jetpack_post_was_ever_published":false,"_jetpack_newsletter_access":"","_jetpack_dont_email_post_to_subs":false,"_jetpack_newsletter_tier_id":0,"_jetpack_memberships_contains_paywalled_content":false,"_jetpack_memberships_contains_paid_content":false,"footnotes":"","jetpack_publicize_message":"","jetpack_publicize_feature_enabled":true,"jetpack_social_post_already_shared":true,"jetpack_social_options":{"image_generator_settings":{"template":"highway","default_image_id":0,"font":"","enabled":false},"version":2}},"categories":[5],"tags":[32,159,31],"class_list":["post-5829","post","type-post","status-publish","format-standard","has-post-thumbnail","hentry","category-ambiente","tag-ambiente","tag-inframoura","tag-loule"],"yoast_head":"<!-- This site is optimized with the Yoast SEO plugin v27.5 - https:\/\/yoast.com\/product\/yoast-seo-wordpress\/ -->\n<title>Inframoura acelera rumo \u00e0 neutralidade carb\u00f3nica - Algarve 7<\/title>\n<meta name=\"description\" content=\"Inframoura acelera rumo \u00e0 neutralidade carb\u00f3nica Ambiente\" \/>\n<meta name=\"robots\" content=\"index, follow, max-snippet:-1, max-image-preview:large, max-video-preview:-1\" \/>\n<link rel=\"canonical\" href=\"https:\/\/algarve7.pt\/index.php\/2021\/02\/inframoura-acelera-rumo-a-neutralidade-carbonica\/ambiente\/12\/19\/\" \/>\n<meta property=\"og:locale\" content=\"pt_PT\" \/>\n<meta property=\"og:type\" content=\"article\" \/>\n<meta property=\"og:title\" content=\"Inframoura acelera rumo \u00e0 neutralidade carb\u00f3nica - Algarve 7\" \/>\n<meta property=\"og:description\" content=\"Inframoura acelera rumo \u00e0 neutralidade carb\u00f3nica Ambiente\" \/>\n<meta property=\"og:url\" content=\"https:\/\/algarve7.pt\/index.php\/2021\/02\/inframoura-acelera-rumo-a-neutralidade-carbonica\/ambiente\/12\/19\/\" \/>\n<meta property=\"og:site_name\" content=\"Algarve 7\" \/>\n<meta property=\"article:publisher\" content=\"https:\/\/www.facebook.com\/algarve7\" \/>\n<meta property=\"article:author\" content=\"https:\/\/www.facebook.com\/algarve7\" \/>\n<meta property=\"article:published_time\" content=\"2021-02-04T12:19:57+00:00\" \/>\n<meta property=\"article:modified_time\" content=\"2021-02-04T12:20:03+00:00\" \/>\n<meta property=\"og:image\" content=\"https:\/\/algarve7.pt\/wp-content\/uploads\/2021\/02\/Inframoura-45257-e1612441075576.jpg\" \/>\n\t<meta property=\"og:image:width\" content=\"1124\" \/>\n\t<meta property=\"og:image:height\" content=\"902\" \/>\n\t<meta property=\"og:image:type\" content=\"image\/jpeg\" \/>\n<meta name=\"author\" content=\"Algarve 7\" \/>\n<meta name=\"twitter:card\" content=\"summary_large_image\" \/>\n<meta name=\"twitter:creator\" content=\"@Algarvesete\" \/>\n<meta name=\"twitter:site\" content=\"@Algarvesete\" \/>\n<meta name=\"twitter:label1\" content=\"Escrito por\" \/>\n\t<meta name=\"twitter:data1\" content=\"Algarve 7\" \/>\n\t<meta name=\"twitter:label2\" content=\"Tempo estimado de leitura\" \/>\n\t<meta name=\"twitter:data2\" content=\"2 minutos\" \/>\n<script type=\"application\/ld+json\" class=\"yoast-schema-graph\">{\"@context\":\"https:\\\/\\\/schema.org\",\"@graph\":[{\"@type\":\"Article\",\"@id\":\"https:\\\/\\\/algarve7.pt\\\/index.php\\\/2021\\\/02\\\/inframoura-acelera-rumo-a-neutralidade-carbonica\\\/ambiente\\\/12\\\/19\\\/#article\",\"isPartOf\":{\"@id\":\"https:\\\/\\\/algarve7.pt\\\/index.php\\\/2021\\\/02\\\/inframoura-acelera-rumo-a-neutralidade-carbonica\\\/ambiente\\\/12\\\/19\\\/\"},\"author\":{\"name\":\"Algarve 7\",\"@id\":\"https:\\\/\\\/algarve7.pt\\\/#\\\/schema\\\/person\\\/23fa70681308e7b319a3204bcea45e0c\"},\"headline\":\"Inframoura acelera rumo \u00e0 neutralidade carb\u00f3nica\",\"datePublished\":\"2021-02-04T12:19:57+00:00\",\"dateModified\":\"2021-02-04T12:20:03+00:00\",\"mainEntityOfPage\":{\"@id\":\"https:\\\/\\\/algarve7.pt\\\/index.php\\\/2021\\\/02\\\/inframoura-acelera-rumo-a-neutralidade-carbonica\\\/ambiente\\\/12\\\/19\\\/\"},\"wordCount\":367,\"publisher\":{\"@id\":\"https:\\\/\\\/algarve7.pt\\\/#organization\"},\"image\":{\"@id\":\"https:\\\/\\\/algarve7.pt\\\/index.php\\\/2021\\\/02\\\/inframoura-acelera-rumo-a-neutralidade-carbonica\\\/ambiente\\\/12\\\/19\\\/#primaryimage\"},\"thumbnailUrl\":\"https:\\\/\\\/algarve7.pt\\\/wp-content\\\/uploads\\\/2021\\\/02\\\/Inframoura-45257-e1612441075576.jpg\",\"keywords\":[\"Ambiente\",\"Inframoura\",\"Loul\u00e9\"],\"articleSection\":[\"Ambiente\"],\"inLanguage\":\"pt-PT\"},{\"@type\":\"WebPage\",\"@id\":\"https:\\\/\\\/algarve7.pt\\\/index.php\\\/2021\\\/02\\\/inframoura-acelera-rumo-a-neutralidade-carbonica\\\/ambiente\\\/12\\\/19\\\/\",\"url\":\"https:\\\/\\\/algarve7.pt\\\/index.php\\\/2021\\\/02\\\/inframoura-acelera-rumo-a-neutralidade-carbonica\\\/ambiente\\\/12\\\/19\\\/\",\"name\":\"Inframoura acelera rumo \u00e0 neutralidade carb\u00f3nica - Algarve 7\",\"isPartOf\":{\"@id\":\"https:\\\/\\\/algarve7.pt\\\/#website\"},\"primaryImageOfPage\":{\"@id\":\"https:\\\/\\\/algarve7.pt\\\/index.php\\\/2021\\\/02\\\/inframoura-acelera-rumo-a-neutralidade-carbonica\\\/ambiente\\\/12\\\/19\\\/#primaryimage\"},\"image\":{\"@id\":\"https:\\\/\\\/algarve7.pt\\\/index.php\\\/2021\\\/02\\\/inframoura-acelera-rumo-a-neutralidade-carbonica\\\/ambiente\\\/12\\\/19\\\/#primaryimage\"},\"thumbnailUrl\":\"https:\\\/\\\/algarve7.pt\\\/wp-content\\\/uploads\\\/2021\\\/02\\\/Inframoura-45257-e1612441075576.jpg\",\"datePublished\":\"2021-02-04T12:19:57+00:00\",\"dateModified\":\"2021-02-04T12:20:03+00:00\",\"description\":\"Inframoura acelera rumo \u00e0 neutralidade carb\u00f3nica Ambiente\",\"breadcrumb\":{\"@id\":\"https:\\\/\\\/algarve7.pt\\\/index.php\\\/2021\\\/02\\\/inframoura-acelera-rumo-a-neutralidade-carbonica\\\/ambiente\\\/12\\\/19\\\/#breadcrumb\"},\"inLanguage\":\"pt-PT\",\"potentialAction\":[{\"@type\":\"ReadAction\",\"target\":[\"https:\\\/\\\/algarve7.pt\\\/index.php\\\/2021\\\/02\\\/inframoura-acelera-rumo-a-neutralidade-carbonica\\\/ambiente\\\/12\\\/19\\\/\"]}]},{\"@type\":\"ImageObject\",\"inLanguage\":\"pt-PT\",\"@id\":\"https:\\\/\\\/algarve7.pt\\\/index.php\\\/2021\\\/02\\\/inframoura-acelera-rumo-a-neutralidade-carbonica\\\/ambiente\\\/12\\\/19\\\/#primaryimage\",\"url\":\"https:\\\/\\\/algarve7.pt\\\/wp-content\\\/uploads\\\/2021\\\/02\\\/Inframoura-45257-e1612441075576.jpg\",\"contentUrl\":\"https:\\\/\\\/algarve7.pt\\\/wp-content\\\/uploads\\\/2021\\\/02\\\/Inframoura-45257-e1612441075576.jpg\",\"width\":1124,\"height\":902},{\"@type\":\"BreadcrumbList\",\"@id\":\"https:\\\/\\\/algarve7.pt\\\/index.php\\\/2021\\\/02\\\/inframoura-acelera-rumo-a-neutralidade-carbonica\\\/ambiente\\\/12\\\/19\\\/#breadcrumb\",\"itemListElement\":[{\"@type\":\"ListItem\",\"position\":1,\"name\":\"In\u00edcio\",\"item\":\"https:\\\/\\\/algarve7.pt\\\/\"},{\"@type\":\"ListItem\",\"position\":2,\"name\":\"Inframoura acelera rumo \u00e0 neutralidade carb\u00f3nica\"}]},{\"@type\":\"WebSite\",\"@id\":\"https:\\\/\\\/algarve7.pt\\\/#website\",\"url\":\"https:\\\/\\\/algarve7.pt\\\/\",\"name\":\"Algarve 7\",\"description\":\"Informa\u00e7\u00e3o sobre o Algarve\",\"publisher\":{\"@id\":\"https:\\\/\\\/algarve7.pt\\\/#organization\"},\"potentialAction\":[{\"@type\":\"SearchAction\",\"target\":{\"@type\":\"EntryPoint\",\"urlTemplate\":\"https:\\\/\\\/algarve7.pt\\\/?s={search_term_string}\"},\"query-input\":{\"@type\":\"PropertyValueSpecification\",\"valueRequired\":true,\"valueName\":\"search_term_string\"}}],\"inLanguage\":\"pt-PT\"},{\"@type\":\"Organization\",\"@id\":\"https:\\\/\\\/algarve7.pt\\\/#organization\",\"name\":\"Algarve 7\",\"url\":\"https:\\\/\\\/algarve7.pt\\\/\",\"logo\":{\"@type\":\"ImageObject\",\"inLanguage\":\"pt-PT\",\"@id\":\"https:\\\/\\\/algarve7.pt\\\/#\\\/schema\\\/logo\\\/image\\\/\",\"url\":\"https:\\\/\\\/algarve7.pt\\\/wp-content\\\/uploads\\\/2020\\\/10\\\/Logo-8.jpg\",\"contentUrl\":\"https:\\\/\\\/algarve7.pt\\\/wp-content\\\/uploads\\\/2020\\\/10\\\/Logo-8.jpg\",\"width\":1680,\"height\":1186,\"caption\":\"Algarve 7\"},\"image\":{\"@id\":\"https:\\\/\\\/algarve7.pt\\\/#\\\/schema\\\/logo\\\/image\\\/\"},\"sameAs\":[\"https:\\\/\\\/www.facebook.com\\\/algarve7\",\"https:\\\/\\\/x.com\\\/Algarvesete\",\"https:\\\/\\\/www.instagram.com\\\/jornalalgarve7\\\/\",\"https:\\\/\\\/www.linkedin.com\\\/company\\\/algarve7\",\"https:\\\/\\\/www.pinterest.pt\\\/geral0939\\\/_created\\\/\"]},{\"@type\":\"Person\",\"@id\":\"https:\\\/\\\/algarve7.pt\\\/#\\\/schema\\\/person\\\/23fa70681308e7b319a3204bcea45e0c\",\"name\":\"Algarve 7\",\"sameAs\":[\"https:\\\/\\\/algarve7.pt\",\"https:\\\/\\\/www.facebook.com\\\/algarve7\"],\"url\":\"https:\\\/\\\/algarve7.pt\\\/index.php\\\/author\\\/geralalgarve7-pt\\\/\"}]}<\/script>\n<!-- \/ Yoast SEO plugin. -->","yoast_head_json":{"title":"Inframoura acelera rumo \u00e0 neutralidade carb\u00f3nica - Algarve 7","description":"Inframoura acelera rumo \u00e0 neutralidade carb\u00f3nica Ambiente","robots":{"index":"index","follow":"follow","max-snippet":"max-snippet:-1","max-image-preview":"max-image-preview:large","max-video-preview":"max-video-preview:-1"},"canonical":"https:\/\/algarve7.pt\/index.php\/2021\/02\/inframoura-acelera-rumo-a-neutralidade-carbonica\/ambiente\/12\/19\/","og_locale":"pt_PT","og_type":"article","og_title":"Inframoura acelera rumo \u00e0 neutralidade carb\u00f3nica - Algarve 7","og_description":"Inframoura acelera rumo \u00e0 neutralidade carb\u00f3nica Ambiente","og_url":"https:\/\/algarve7.pt\/index.php\/2021\/02\/inframoura-acelera-rumo-a-neutralidade-carbonica\/ambiente\/12\/19\/","og_site_name":"Algarve 7","article_publisher":"https:\/\/www.facebook.com\/algarve7","article_author":"https:\/\/www.facebook.com\/algarve7","article_published_time":"2021-02-04T12:19:57+00:00","article_modified_time":"2021-02-04T12:20:03+00:00","og_image":[{"width":1124,"height":902,"url":"https:\/\/algarve7.pt\/wp-content\/uploads\/2021\/02\/Inframoura-45257-e1612441075576.jpg","type":"image\/jpeg"}],"author":"Algarve 7","twitter_card":"summary_large_image","twitter_creator":"@Algarvesete","twitter_site":"@Algarvesete","twitter_misc":{"Escrito por":"Algarve 7","Tempo estimado de leitura":"2 minutos"},"schema":{"@context":"https:\/\/schema.org","@graph":[{"@type":"Article","@id":"https:\/\/algarve7.pt\/index.php\/2021\/02\/inframoura-acelera-rumo-a-neutralidade-carbonica\/ambiente\/12\/19\/#article","isPartOf":{"@id":"https:\/\/algarve7.pt\/index.php\/2021\/02\/inframoura-acelera-rumo-a-neutralidade-carbonica\/ambiente\/12\/19\/"},"author":{"name":"Algarve 7","@id":"https:\/\/algarve7.pt\/#\/schema\/person\/23fa70681308e7b319a3204bcea45e0c"},"headline":"Inframoura acelera rumo \u00e0 neutralidade carb\u00f3nica","datePublished":"2021-02-04T12:19:57+00:00","dateModified":"2021-02-04T12:20:03+00:00","mainEntityOfPage":{"@id":"https:\/\/algarve7.pt\/index.php\/2021\/02\/inframoura-acelera-rumo-a-neutralidade-carbonica\/ambiente\/12\/19\/"},"wordCount":367,"publisher":{"@id":"https:\/\/algarve7.pt\/#organization"},"image":{"@id":"https:\/\/algarve7.pt\/index.php\/2021\/02\/inframoura-acelera-rumo-a-neutralidade-carbonica\/ambiente\/12\/19\/#primaryimage"},"thumbnailUrl":"https:\/\/algarve7.pt\/wp-content\/uploads\/2021\/02\/Inframoura-45257-e1612441075576.jpg","keywords":["Ambiente","Inframoura","Loul\u00e9"],"articleSection":["Ambiente"],"inLanguage":"pt-PT"},{"@type":"WebPage","@id":"https:\/\/algarve7.pt\/index.php\/2021\/02\/inframoura-acelera-rumo-a-neutralidade-carbonica\/ambiente\/12\/19\/","url":"https:\/\/algarve7.pt\/index.php\/2021\/02\/inframoura-acelera-rumo-a-neutralidade-carbonica\/ambiente\/12\/19\/","name":"Inframoura acelera rumo \u00e0 neutralidade carb\u00f3nica - Algarve 7","isPartOf":{"@id":"https:\/\/algarve7.pt\/#website"},"primaryImageOfPage":{"@id":"https:\/\/algarve7.pt\/index.php\/2021\/02\/inframoura-acelera-rumo-a-neutralidade-carbonica\/ambiente\/12\/19\/#primaryimage"},"image":{"@id":"https:\/\/algarve7.pt\/index.php\/2021\/02\/inframoura-acelera-rumo-a-neutralidade-carbonica\/ambiente\/12\/19\/#primaryimage"},"thumbnailUrl":"https:\/\/algarve7.pt\/wp-content\/uploads\/2021\/02\/Inframoura-45257-e1612441075576.jpg","datePublished":"2021-02-04T12:19:57+00:00","dateModified":"2021-02-04T12:20:03+00:00","description":"Inframoura acelera rumo \u00e0 neutralidade carb\u00f3nica Ambiente","breadcrumb":{"@id":"https:\/\/algarve7.pt\/index.php\/2021\/02\/inframoura-acelera-rumo-a-neutralidade-carbonica\/ambiente\/12\/19\/#breadcrumb"},"inLanguage":"pt-PT","potentialAction":[{"@type":"ReadAction","target":["https:\/\/algarve7.pt\/index.php\/2021\/02\/inframoura-acelera-rumo-a-neutralidade-carbonica\/ambiente\/12\/19\/"]}]},{"@type":"ImageObject","inLanguage":"pt-PT","@id":"https:\/\/algarve7.pt\/index.php\/2021\/02\/inframoura-acelera-rumo-a-neutralidade-carbonica\/ambiente\/12\/19\/#primaryimage","url":"https:\/\/algarve7.pt\/wp-content\/uploads\/2021\/02\/Inframoura-45257-e1612441075576.jpg","contentUrl":"https:\/\/algarve7.pt\/wp-content\/uploads\/2021\/02\/Inframoura-45257-e1612441075576.jpg","width":1124,"height":902},{"@type":"BreadcrumbList","@id":"https:\/\/algarve7.pt\/index.php\/2021\/02\/inframoura-acelera-rumo-a-neutralidade-carbonica\/ambiente\/12\/19\/#breadcrumb","itemListElement":[{"@type":"ListItem","position":1,"name":"In\u00edcio","item":"https:\/\/algarve7.pt\/"},{"@type":"ListItem","position":2,"name":"Inframoura acelera rumo \u00e0 neutralidade carb\u00f3nica"}]},{"@type":"WebSite","@id":"https:\/\/algarve7.pt\/#website","url":"https:\/\/algarve7.pt\/","name":"Algarve 7","description":"Informa\u00e7\u00e3o sobre o Algarve","publisher":{"@id":"https:\/\/algarve7.pt\/#organization"},"potentialAction":[{"@type":"SearchAction","target":{"@type":"EntryPoint","urlTemplate":"https:\/\/algarve7.pt\/?s={search_term_string}"},"query-input":{"@type":"PropertyValueSpecification","valueRequired":true,"valueName":"search_term_string"}}],"inLanguage":"pt-PT"},{"@type":"Organization","@id":"https:\/\/algarve7.pt\/#organization","name":"Algarve 7","url":"https:\/\/algarve7.pt\/","logo":{"@type":"ImageObject","inLanguage":"pt-PT","@id":"https:\/\/algarve7.pt\/#\/schema\/logo\/image\/","url":"https:\/\/algarve7.pt\/wp-content\/uploads\/2020\/10\/Logo-8.jpg","contentUrl":"https:\/\/algarve7.pt\/wp-content\/uploads\/2020\/10\/Logo-8.jpg","width":1680,"height":1186,"caption":"Algarve 7"},"image":{"@id":"https:\/\/algarve7.pt\/#\/schema\/logo\/image\/"},"sameAs":["https:\/\/www.facebook.com\/algarve7","https:\/\/x.com\/Algarvesete","https:\/\/www.instagram.com\/jornalalgarve7\/","https:\/\/www.linkedin.com\/company\/algarve7","https:\/\/www.pinterest.pt\/geral0939\/_created\/"]},{"@type":"Person","@id":"https:\/\/algarve7.pt\/#\/schema\/person\/23fa70681308e7b319a3204bcea45e0c","name":"Algarve 7","sameAs":["https:\/\/algarve7.pt","https:\/\/www.facebook.com\/algarve7"],"url":"https:\/\/algarve7.pt\/index.php\/author\/geralalgarve7-pt\/"}]}},"jetpack_publicize_connections":[],"jetpack_featured_media_url":"https:\/\/algarve7.pt\/wp-content\/uploads\/2021\/02\/Inframoura-45257-e1612441075576.jpg","jetpack_shortlink":"https:\/\/wp.me\/pcezmW-1w1","jetpack_sharing_enabled":true,"_links":{"self":[{"href":"https:\/\/algarve7.pt\/index.php\/wp-json\/wp\/v2\/posts\/5829","targetHints":{"allow":["GET"]}}],"collection":[{"href":"https:\/\/algarve7.pt\/index.php\/wp-json\/wp\/v2\/posts"}],"about":[{"href":"https:\/\/algarve7.pt\/index.php\/wp-json\/wp\/v2\/types\/post"}],"author":[{"embeddable":true,"href":"https:\/\/algarve7.pt\/index.php\/wp-json\/wp\/v2\/users\/1"}],"replies":[{"embeddable":true,"href":"https:\/\/algarve7.pt\/index.php\/wp-json\/wp\/v2\/comments?post=5829"}],"version-history":[{"count":0,"href":"https:\/\/algarve7.pt\/index.php\/wp-json\/wp\/v2\/posts\/5829\/revisions"}],"wp:featuredmedia":[{"embeddable":true,"href":"https:\/\/algarve7.pt\/index.php\/wp-json\/wp\/v2\/media\/5830"}],"wp:attachment":[{"href":"https:\/\/algarve7.pt\/index.php\/wp-json\/wp\/v2\/media?parent=5829"}],"wp:term":[{"taxonomy":"category","embeddable":true,"href":"https:\/\/algarve7.pt\/index.php\/wp-json\/wp\/v2\/categories?post=5829"},{"taxonomy":"post_tag","embeddable":true,"href":"https:\/\/algarve7.pt\/index.php\/wp-json\/wp\/v2\/tags?post=5829"}],"curies":[{"name":"wp","href":"https:\/\/api.w.org\/{rel}","templated":true}]}}