{"id":58266,"date":"2026-01-31T12:30:00","date_gmt":"2026-01-31T12:30:00","guid":{"rendered":"https:\/\/algarve7.pt\/?p=58266"},"modified":"2026-01-31T11:11:15","modified_gmt":"2026-01-31T11:11:15","slug":"tres-propostas-musicais-em-destaque-no-auditorio-municipal-de-albufeira","status":"publish","type":"post","link":"https:\/\/algarve7.pt\/index.php\/2026\/01\/tres-propostas-musicais-em-destaque-no-auditorio-municipal-de-albufeira\/cultura\/12\/30\/","title":{"rendered":"Tr\u00eas propostas musicais em destaque no audit\u00f3rio municipal de Albufeira\u00a0"},"content":{"rendered":"\n<p>O Audit\u00f3rio Municipal de Albufeira acolhe ao longo dos pr\u00f3ximos dias, uma programa\u00e7\u00e3o musical diversificada que coloca em destaque a m\u00fasica tradicional portuguesa, os sons do mundo \u00e1rabe e oriental e a m\u00fasica cl\u00e1ssica e erudita.<\/p>\n\n\n\n<p>No \u00faltimo dia do m\u00eas, a 31 de janeiro, \u00e0s 21h00, sobe ao palco do Audit\u00f3rio o grupo Entretenga. O coletivo cultural albufeirense de canto e m\u00fasica popular comemora 30 anos de carreira, com um concerto especial de lan\u00e7amento do seu terceiro trabalho discogr\u00e1fico. \u201cTradi\u00e7\u00f5es\u201d \u00e9 o nome do \u00e1lbum que celebra a mem\u00f3ria, a identidade e o patrim\u00f3nio musical popular.<\/p>\n\n\n\n<p>A iniciar o m\u00eas de fevereiro, os sons da m\u00fasica oriental fazem-se ouvir, naquela que \u00e9 a 26.\u00aa edi\u00e7\u00e3o do Festival de M\u00fasica Al-Mutamid. Nesta homenagem ao rei-poeta, o festival de m\u00fasica itinerante mais antigo de Portugal, vai estar em destaque, a 7 de fevereiro, \u00e0s 21h00, com a promessa de encantar os espetadores com a magia da m\u00fasica e dan\u00e7a orientais. \u201c1001 Nights Ensemble\u201d traz \u00e0 mais conhecida sala de espet\u00e1culos do concelho, um grupo de m\u00fasicos do Ir\u00e3o e de Marrocos e a bailarina iraniana Khatoon Fallah, numa fus\u00e3o das sonoridades persas e \u00e1rabes orientais, inspirada no universo liter\u00e1rio das \u201cMil e Uma Noites\u201d.<\/p>\n\n\n\n<p>J\u00e1 a 27 de fevereiro, \u00e0s 21h00, atua a Orquestra do Algarve. Sob a batuta do maestro Martim Sousa Tavares, \u201cEcos de Paris\u201d promete marcar pela leveza e contraste, apresentando pela primeira vez no pa\u00eds uma obra de Francis Poulenc, interpretada pela flautista Madalena Lopes, jovem premiada no Concurso Internacional de M\u00fasica J\u00falio Cardona. O programa inclui ainda a Sinfonia n.\u00ba 31 de Mozart e, termina com uma obra vibrante da compositora norte-americana Ruth Crawford-Seeger, inspirada nas dan\u00e7as tradicionais das regi\u00f5es fronteiri\u00e7as dos Estados Unidos da Am\u00e9rica.&nbsp;<\/p>\n\n\n\n<p>Os ingressos para os dois espet\u00e1culos do m\u00eas de fevereiro t\u00eam um custo de 7,00\u20ac cada, e j\u00e1 podem ser adquiridos atrav\u00e9s da&nbsp;<a href=\"https:\/\/www.bol.pt\/\">plataforma BOL<\/a>. Os bilhetes podem tamb\u00e9m ser comprados presencialmente na Galeria Municipal Jo\u00e3o Bailote (dias \u00fateis, das 09h30 \u00e0s 12h30 e das 13h30 \u00e0s 17h00), ou na bilheteira do Audit\u00f3rio Municipal de Albufeira, no dia e local do espet\u00e1culo, entre as 19h30 e as 20h45.<\/p>\n","protected":false},"excerpt":{"rendered":"<p>O Audit\u00f3rio Municipal de Albufeira acolhe ao longo dos pr\u00f3ximos dias, uma programa\u00e7\u00e3o musical diversificada que coloca em destaque a<\/p>\n","protected":false},"author":1,"featured_media":58267,"comment_status":"closed","ping_status":"closed","sticky":false,"template":"","format":"standard","meta":{"colormag_page_container_layout":"default_layout","colormag_page_sidebar_layout":"default_layout","_monsterinsights_skip_tracking":false,"_monsterinsights_sitenote_active":false,"_monsterinsights_sitenote_note":"","_monsterinsights_sitenote_category":0,"jetpack_post_was_ever_published":false,"_jetpack_newsletter_access":"","_jetpack_dont_email_post_to_subs":false,"_jetpack_newsletter_tier_id":0,"_jetpack_memberships_contains_paywalled_content":false,"_jetpack_memberships_contains_paid_content":false,"footnotes":"","jetpack_publicize_message":"","jetpack_publicize_feature_enabled":true,"jetpack_social_post_already_shared":true,"jetpack_social_options":{"image_generator_settings":{"template":"highway","default_image_id":0,"font":"","enabled":false},"version":2}},"categories":[14],"tags":[155,36,35],"class_list":["post-58266","post","type-post","status-publish","format-standard","has-post-thumbnail","hentry","category-cultura","tag-albufeira","tag-algarve","tag-cultura"],"yoast_head":"<!-- This site is optimized with the Yoast SEO plugin v27.5 - https:\/\/yoast.com\/product\/yoast-seo-wordpress\/ -->\n<title>Tr\u00eas propostas musicais em destaque no audit\u00f3rio municipal de Albufeira\u00a0 - Algarve 7<\/title>\n<meta name=\"description\" content=\"Tr\u00eas propostas musicais em destaque no audit\u00f3rio municipal de Albufeira\u00a0 Cultura\" \/>\n<meta name=\"robots\" content=\"index, follow, max-snippet:-1, max-image-preview:large, max-video-preview:-1\" \/>\n<link rel=\"canonical\" href=\"https:\/\/algarve7.pt\/index.php\/2026\/01\/tres-propostas-musicais-em-destaque-no-auditorio-municipal-de-albufeira\/cultura\/12\/30\/\" \/>\n<meta property=\"og:locale\" content=\"pt_PT\" \/>\n<meta property=\"og:type\" content=\"article\" \/>\n<meta property=\"og:title\" content=\"Tr\u00eas propostas musicais em destaque no audit\u00f3rio municipal de Albufeira\u00a0 - Algarve 7\" \/>\n<meta property=\"og:description\" content=\"Tr\u00eas propostas musicais em destaque no audit\u00f3rio municipal de Albufeira\u00a0 Cultura\" \/>\n<meta property=\"og:url\" content=\"https:\/\/algarve7.pt\/index.php\/2026\/01\/tres-propostas-musicais-em-destaque-no-auditorio-municipal-de-albufeira\/cultura\/12\/30\/\" \/>\n<meta property=\"og:site_name\" content=\"Algarve 7\" \/>\n<meta property=\"article:publisher\" content=\"https:\/\/www.facebook.com\/algarve7\" \/>\n<meta property=\"article:author\" content=\"https:\/\/www.facebook.com\/algarve7\" \/>\n<meta property=\"article:published_time\" content=\"2026-01-31T12:30:00+00:00\" \/>\n<meta property=\"og:image\" content=\"https:\/\/algarve7.pt\/wp-content\/uploads\/2026\/01\/Entretega.jpg\" \/>\n\t<meta property=\"og:image:width\" content=\"800\" \/>\n\t<meta property=\"og:image:height\" content=\"500\" \/>\n\t<meta property=\"og:image:type\" content=\"image\/jpeg\" \/>\n<meta name=\"author\" content=\"Algarve 7\" \/>\n<meta name=\"twitter:card\" content=\"summary_large_image\" \/>\n<meta name=\"twitter:creator\" content=\"@Algarvesete\" \/>\n<meta name=\"twitter:site\" content=\"@Algarvesete\" \/>\n<meta name=\"twitter:label1\" content=\"Escrito por\" \/>\n\t<meta name=\"twitter:data1\" content=\"Algarve 7\" \/>\n\t<meta name=\"twitter:label2\" content=\"Tempo estimado de leitura\" \/>\n\t<meta name=\"twitter:data2\" content=\"3 minutos\" \/>\n<script type=\"application\/ld+json\" class=\"yoast-schema-graph\">{\"@context\":\"https:\\\/\\\/schema.org\",\"@graph\":[{\"@type\":\"Article\",\"@id\":\"https:\\\/\\\/algarve7.pt\\\/index.php\\\/2026\\\/01\\\/tres-propostas-musicais-em-destaque-no-auditorio-municipal-de-albufeira\\\/cultura\\\/12\\\/30\\\/#article\",\"isPartOf\":{\"@id\":\"https:\\\/\\\/algarve7.pt\\\/index.php\\\/2026\\\/01\\\/tres-propostas-musicais-em-destaque-no-auditorio-municipal-de-albufeira\\\/cultura\\\/12\\\/30\\\/\"},\"author\":{\"name\":\"Algarve 7\",\"@id\":\"https:\\\/\\\/algarve7.pt\\\/#\\\/schema\\\/person\\\/23fa70681308e7b319a3204bcea45e0c\"},\"headline\":\"Tr\u00eas propostas musicais em destaque no audit\u00f3rio municipal de Albufeira\u00a0\",\"datePublished\":\"2026-01-31T12:30:00+00:00\",\"mainEntityOfPage\":{\"@id\":\"https:\\\/\\\/algarve7.pt\\\/index.php\\\/2026\\\/01\\\/tres-propostas-musicais-em-destaque-no-auditorio-municipal-de-albufeira\\\/cultura\\\/12\\\/30\\\/\"},\"wordCount\":402,\"publisher\":{\"@id\":\"https:\\\/\\\/algarve7.pt\\\/#organization\"},\"image\":{\"@id\":\"https:\\\/\\\/algarve7.pt\\\/index.php\\\/2026\\\/01\\\/tres-propostas-musicais-em-destaque-no-auditorio-municipal-de-albufeira\\\/cultura\\\/12\\\/30\\\/#primaryimage\"},\"thumbnailUrl\":\"https:\\\/\\\/algarve7.pt\\\/wp-content\\\/uploads\\\/2026\\\/01\\\/Entretega.jpg\",\"keywords\":[\"Albufeira\",\"Algarve\",\"Cultura\"],\"articleSection\":[\"Cultura\"],\"inLanguage\":\"pt-PT\"},{\"@type\":\"WebPage\",\"@id\":\"https:\\\/\\\/algarve7.pt\\\/index.php\\\/2026\\\/01\\\/tres-propostas-musicais-em-destaque-no-auditorio-municipal-de-albufeira\\\/cultura\\\/12\\\/30\\\/\",\"url\":\"https:\\\/\\\/algarve7.pt\\\/index.php\\\/2026\\\/01\\\/tres-propostas-musicais-em-destaque-no-auditorio-municipal-de-albufeira\\\/cultura\\\/12\\\/30\\\/\",\"name\":\"Tr\u00eas propostas musicais em destaque no audit\u00f3rio municipal de Albufeira\u00a0 - Algarve 7\",\"isPartOf\":{\"@id\":\"https:\\\/\\\/algarve7.pt\\\/#website\"},\"primaryImageOfPage\":{\"@id\":\"https:\\\/\\\/algarve7.pt\\\/index.php\\\/2026\\\/01\\\/tres-propostas-musicais-em-destaque-no-auditorio-municipal-de-albufeira\\\/cultura\\\/12\\\/30\\\/#primaryimage\"},\"image\":{\"@id\":\"https:\\\/\\\/algarve7.pt\\\/index.php\\\/2026\\\/01\\\/tres-propostas-musicais-em-destaque-no-auditorio-municipal-de-albufeira\\\/cultura\\\/12\\\/30\\\/#primaryimage\"},\"thumbnailUrl\":\"https:\\\/\\\/algarve7.pt\\\/wp-content\\\/uploads\\\/2026\\\/01\\\/Entretega.jpg\",\"datePublished\":\"2026-01-31T12:30:00+00:00\",\"description\":\"Tr\u00eas propostas musicais em destaque no audit\u00f3rio municipal de Albufeira\u00a0 Cultura\",\"breadcrumb\":{\"@id\":\"https:\\\/\\\/algarve7.pt\\\/index.php\\\/2026\\\/01\\\/tres-propostas-musicais-em-destaque-no-auditorio-municipal-de-albufeira\\\/cultura\\\/12\\\/30\\\/#breadcrumb\"},\"inLanguage\":\"pt-PT\",\"potentialAction\":[{\"@type\":\"ReadAction\",\"target\":[\"https:\\\/\\\/algarve7.pt\\\/index.php\\\/2026\\\/01\\\/tres-propostas-musicais-em-destaque-no-auditorio-municipal-de-albufeira\\\/cultura\\\/12\\\/30\\\/\"]}]},{\"@type\":\"ImageObject\",\"inLanguage\":\"pt-PT\",\"@id\":\"https:\\\/\\\/algarve7.pt\\\/index.php\\\/2026\\\/01\\\/tres-propostas-musicais-em-destaque-no-auditorio-municipal-de-albufeira\\\/cultura\\\/12\\\/30\\\/#primaryimage\",\"url\":\"https:\\\/\\\/algarve7.pt\\\/wp-content\\\/uploads\\\/2026\\\/01\\\/Entretega.jpg\",\"contentUrl\":\"https:\\\/\\\/algarve7.pt\\\/wp-content\\\/uploads\\\/2026\\\/01\\\/Entretega.jpg\",\"width\":800,\"height\":500},{\"@type\":\"BreadcrumbList\",\"@id\":\"https:\\\/\\\/algarve7.pt\\\/index.php\\\/2026\\\/01\\\/tres-propostas-musicais-em-destaque-no-auditorio-municipal-de-albufeira\\\/cultura\\\/12\\\/30\\\/#breadcrumb\",\"itemListElement\":[{\"@type\":\"ListItem\",\"position\":1,\"name\":\"In\u00edcio\",\"item\":\"https:\\\/\\\/algarve7.pt\\\/\"},{\"@type\":\"ListItem\",\"position\":2,\"name\":\"Tr\u00eas propostas musicais em destaque no audit\u00f3rio municipal de Albufeira\u00a0\"}]},{\"@type\":\"WebSite\",\"@id\":\"https:\\\/\\\/algarve7.pt\\\/#website\",\"url\":\"https:\\\/\\\/algarve7.pt\\\/\",\"name\":\"Algarve 7\",\"description\":\"Informa\u00e7\u00e3o sobre o Algarve\",\"publisher\":{\"@id\":\"https:\\\/\\\/algarve7.pt\\\/#organization\"},\"potentialAction\":[{\"@type\":\"SearchAction\",\"target\":{\"@type\":\"EntryPoint\",\"urlTemplate\":\"https:\\\/\\\/algarve7.pt\\\/?s={search_term_string}\"},\"query-input\":{\"@type\":\"PropertyValueSpecification\",\"valueRequired\":true,\"valueName\":\"search_term_string\"}}],\"inLanguage\":\"pt-PT\"},{\"@type\":\"Organization\",\"@id\":\"https:\\\/\\\/algarve7.pt\\\/#organization\",\"name\":\"Algarve 7\",\"url\":\"https:\\\/\\\/algarve7.pt\\\/\",\"logo\":{\"@type\":\"ImageObject\",\"inLanguage\":\"pt-PT\",\"@id\":\"https:\\\/\\\/algarve7.pt\\\/#\\\/schema\\\/logo\\\/image\\\/\",\"url\":\"https:\\\/\\\/algarve7.pt\\\/wp-content\\\/uploads\\\/2020\\\/10\\\/Logo-8.jpg\",\"contentUrl\":\"https:\\\/\\\/algarve7.pt\\\/wp-content\\\/uploads\\\/2020\\\/10\\\/Logo-8.jpg\",\"width\":1680,\"height\":1186,\"caption\":\"Algarve 7\"},\"image\":{\"@id\":\"https:\\\/\\\/algarve7.pt\\\/#\\\/schema\\\/logo\\\/image\\\/\"},\"sameAs\":[\"https:\\\/\\\/www.facebook.com\\\/algarve7\",\"https:\\\/\\\/x.com\\\/Algarvesete\",\"https:\\\/\\\/www.instagram.com\\\/jornalalgarve7\\\/\",\"https:\\\/\\\/www.linkedin.com\\\/company\\\/algarve7\",\"https:\\\/\\\/www.pinterest.pt\\\/geral0939\\\/_created\\\/\"]},{\"@type\":\"Person\",\"@id\":\"https:\\\/\\\/algarve7.pt\\\/#\\\/schema\\\/person\\\/23fa70681308e7b319a3204bcea45e0c\",\"name\":\"Algarve 7\",\"sameAs\":[\"https:\\\/\\\/algarve7.pt\",\"https:\\\/\\\/www.facebook.com\\\/algarve7\"],\"url\":\"https:\\\/\\\/algarve7.pt\\\/index.php\\\/author\\\/geralalgarve7-pt\\\/\"}]}<\/script>\n<!-- \/ Yoast SEO plugin. -->","yoast_head_json":{"title":"Tr\u00eas propostas musicais em destaque no audit\u00f3rio municipal de Albufeira\u00a0 - Algarve 7","description":"Tr\u00eas propostas musicais em destaque no audit\u00f3rio municipal de Albufeira\u00a0 Cultura","robots":{"index":"index","follow":"follow","max-snippet":"max-snippet:-1","max-image-preview":"max-image-preview:large","max-video-preview":"max-video-preview:-1"},"canonical":"https:\/\/algarve7.pt\/index.php\/2026\/01\/tres-propostas-musicais-em-destaque-no-auditorio-municipal-de-albufeira\/cultura\/12\/30\/","og_locale":"pt_PT","og_type":"article","og_title":"Tr\u00eas propostas musicais em destaque no audit\u00f3rio municipal de Albufeira\u00a0 - Algarve 7","og_description":"Tr\u00eas propostas musicais em destaque no audit\u00f3rio municipal de Albufeira\u00a0 Cultura","og_url":"https:\/\/algarve7.pt\/index.php\/2026\/01\/tres-propostas-musicais-em-destaque-no-auditorio-municipal-de-albufeira\/cultura\/12\/30\/","og_site_name":"Algarve 7","article_publisher":"https:\/\/www.facebook.com\/algarve7","article_author":"https:\/\/www.facebook.com\/algarve7","article_published_time":"2026-01-31T12:30:00+00:00","og_image":[{"width":800,"height":500,"url":"https:\/\/algarve7.pt\/wp-content\/uploads\/2026\/01\/Entretega.jpg","type":"image\/jpeg"}],"author":"Algarve 7","twitter_card":"summary_large_image","twitter_creator":"@Algarvesete","twitter_site":"@Algarvesete","twitter_misc":{"Escrito por":"Algarve 7","Tempo estimado de leitura":"3 minutos"},"schema":{"@context":"https:\/\/schema.org","@graph":[{"@type":"Article","@id":"https:\/\/algarve7.pt\/index.php\/2026\/01\/tres-propostas-musicais-em-destaque-no-auditorio-municipal-de-albufeira\/cultura\/12\/30\/#article","isPartOf":{"@id":"https:\/\/algarve7.pt\/index.php\/2026\/01\/tres-propostas-musicais-em-destaque-no-auditorio-municipal-de-albufeira\/cultura\/12\/30\/"},"author":{"name":"Algarve 7","@id":"https:\/\/algarve7.pt\/#\/schema\/person\/23fa70681308e7b319a3204bcea45e0c"},"headline":"Tr\u00eas propostas musicais em destaque no audit\u00f3rio municipal de Albufeira\u00a0","datePublished":"2026-01-31T12:30:00+00:00","mainEntityOfPage":{"@id":"https:\/\/algarve7.pt\/index.php\/2026\/01\/tres-propostas-musicais-em-destaque-no-auditorio-municipal-de-albufeira\/cultura\/12\/30\/"},"wordCount":402,"publisher":{"@id":"https:\/\/algarve7.pt\/#organization"},"image":{"@id":"https:\/\/algarve7.pt\/index.php\/2026\/01\/tres-propostas-musicais-em-destaque-no-auditorio-municipal-de-albufeira\/cultura\/12\/30\/#primaryimage"},"thumbnailUrl":"https:\/\/algarve7.pt\/wp-content\/uploads\/2026\/01\/Entretega.jpg","keywords":["Albufeira","Algarve","Cultura"],"articleSection":["Cultura"],"inLanguage":"pt-PT"},{"@type":"WebPage","@id":"https:\/\/algarve7.pt\/index.php\/2026\/01\/tres-propostas-musicais-em-destaque-no-auditorio-municipal-de-albufeira\/cultura\/12\/30\/","url":"https:\/\/algarve7.pt\/index.php\/2026\/01\/tres-propostas-musicais-em-destaque-no-auditorio-municipal-de-albufeira\/cultura\/12\/30\/","name":"Tr\u00eas propostas musicais em destaque no audit\u00f3rio municipal de Albufeira\u00a0 - Algarve 7","isPartOf":{"@id":"https:\/\/algarve7.pt\/#website"},"primaryImageOfPage":{"@id":"https:\/\/algarve7.pt\/index.php\/2026\/01\/tres-propostas-musicais-em-destaque-no-auditorio-municipal-de-albufeira\/cultura\/12\/30\/#primaryimage"},"image":{"@id":"https:\/\/algarve7.pt\/index.php\/2026\/01\/tres-propostas-musicais-em-destaque-no-auditorio-municipal-de-albufeira\/cultura\/12\/30\/#primaryimage"},"thumbnailUrl":"https:\/\/algarve7.pt\/wp-content\/uploads\/2026\/01\/Entretega.jpg","datePublished":"2026-01-31T12:30:00+00:00","description":"Tr\u00eas propostas musicais em destaque no audit\u00f3rio municipal de Albufeira\u00a0 Cultura","breadcrumb":{"@id":"https:\/\/algarve7.pt\/index.php\/2026\/01\/tres-propostas-musicais-em-destaque-no-auditorio-municipal-de-albufeira\/cultura\/12\/30\/#breadcrumb"},"inLanguage":"pt-PT","potentialAction":[{"@type":"ReadAction","target":["https:\/\/algarve7.pt\/index.php\/2026\/01\/tres-propostas-musicais-em-destaque-no-auditorio-municipal-de-albufeira\/cultura\/12\/30\/"]}]},{"@type":"ImageObject","inLanguage":"pt-PT","@id":"https:\/\/algarve7.pt\/index.php\/2026\/01\/tres-propostas-musicais-em-destaque-no-auditorio-municipal-de-albufeira\/cultura\/12\/30\/#primaryimage","url":"https:\/\/algarve7.pt\/wp-content\/uploads\/2026\/01\/Entretega.jpg","contentUrl":"https:\/\/algarve7.pt\/wp-content\/uploads\/2026\/01\/Entretega.jpg","width":800,"height":500},{"@type":"BreadcrumbList","@id":"https:\/\/algarve7.pt\/index.php\/2026\/01\/tres-propostas-musicais-em-destaque-no-auditorio-municipal-de-albufeira\/cultura\/12\/30\/#breadcrumb","itemListElement":[{"@type":"ListItem","position":1,"name":"In\u00edcio","item":"https:\/\/algarve7.pt\/"},{"@type":"ListItem","position":2,"name":"Tr\u00eas propostas musicais em destaque no audit\u00f3rio municipal de Albufeira\u00a0"}]},{"@type":"WebSite","@id":"https:\/\/algarve7.pt\/#website","url":"https:\/\/algarve7.pt\/","name":"Algarve 7","description":"Informa\u00e7\u00e3o sobre o Algarve","publisher":{"@id":"https:\/\/algarve7.pt\/#organization"},"potentialAction":[{"@type":"SearchAction","target":{"@type":"EntryPoint","urlTemplate":"https:\/\/algarve7.pt\/?s={search_term_string}"},"query-input":{"@type":"PropertyValueSpecification","valueRequired":true,"valueName":"search_term_string"}}],"inLanguage":"pt-PT"},{"@type":"Organization","@id":"https:\/\/algarve7.pt\/#organization","name":"Algarve 7","url":"https:\/\/algarve7.pt\/","logo":{"@type":"ImageObject","inLanguage":"pt-PT","@id":"https:\/\/algarve7.pt\/#\/schema\/logo\/image\/","url":"https:\/\/algarve7.pt\/wp-content\/uploads\/2020\/10\/Logo-8.jpg","contentUrl":"https:\/\/algarve7.pt\/wp-content\/uploads\/2020\/10\/Logo-8.jpg","width":1680,"height":1186,"caption":"Algarve 7"},"image":{"@id":"https:\/\/algarve7.pt\/#\/schema\/logo\/image\/"},"sameAs":["https:\/\/www.facebook.com\/algarve7","https:\/\/x.com\/Algarvesete","https:\/\/www.instagram.com\/jornalalgarve7\/","https:\/\/www.linkedin.com\/company\/algarve7","https:\/\/www.pinterest.pt\/geral0939\/_created\/"]},{"@type":"Person","@id":"https:\/\/algarve7.pt\/#\/schema\/person\/23fa70681308e7b319a3204bcea45e0c","name":"Algarve 7","sameAs":["https:\/\/algarve7.pt","https:\/\/www.facebook.com\/algarve7"],"url":"https:\/\/algarve7.pt\/index.php\/author\/geralalgarve7-pt\/"}]}},"jetpack_publicize_connections":[],"jetpack_featured_media_url":"https:\/\/algarve7.pt\/wp-content\/uploads\/2026\/01\/Entretega.jpg","jetpack_shortlink":"https:\/\/wp.me\/pcezmW-f9M","jetpack_sharing_enabled":true,"_links":{"self":[{"href":"https:\/\/algarve7.pt\/index.php\/wp-json\/wp\/v2\/posts\/58266","targetHints":{"allow":["GET"]}}],"collection":[{"href":"https:\/\/algarve7.pt\/index.php\/wp-json\/wp\/v2\/posts"}],"about":[{"href":"https:\/\/algarve7.pt\/index.php\/wp-json\/wp\/v2\/types\/post"}],"author":[{"embeddable":true,"href":"https:\/\/algarve7.pt\/index.php\/wp-json\/wp\/v2\/users\/1"}],"replies":[{"embeddable":true,"href":"https:\/\/algarve7.pt\/index.php\/wp-json\/wp\/v2\/comments?post=58266"}],"version-history":[{"count":0,"href":"https:\/\/algarve7.pt\/index.php\/wp-json\/wp\/v2\/posts\/58266\/revisions"}],"wp:featuredmedia":[{"embeddable":true,"href":"https:\/\/algarve7.pt\/index.php\/wp-json\/wp\/v2\/media\/58267"}],"wp:attachment":[{"href":"https:\/\/algarve7.pt\/index.php\/wp-json\/wp\/v2\/media?parent=58266"}],"wp:term":[{"taxonomy":"category","embeddable":true,"href":"https:\/\/algarve7.pt\/index.php\/wp-json\/wp\/v2\/categories?post=58266"},{"taxonomy":"post_tag","embeddable":true,"href":"https:\/\/algarve7.pt\/index.php\/wp-json\/wp\/v2\/tags?post=58266"}],"curies":[{"name":"wp","href":"https:\/\/api.w.org\/{rel}","templated":true}]}}