{"id":58236,"date":"2026-02-01T10:30:00","date_gmt":"2026-02-01T10:30:00","guid":{"rendered":"https:\/\/algarve7.pt\/?p=58236"},"modified":"2026-01-30T14:51:47","modified_gmt":"2026-01-30T14:51:47","slug":"direcao-da-afa-realiza-tour-por-todos-os-clubes-do-municipio-de-portimao","status":"publish","type":"post","link":"https:\/\/algarve7.pt\/index.php\/2026\/02\/direcao-da-afa-realiza-tour-por-todos-os-clubes-do-municipio-de-portimao\/desporto\/10\/30\/","title":{"rendered":"Dire\u00e7\u00e3o da AFA realiza &#8217;tour&#8217; por todos os clubes do munic\u00edpio de Portim\u00e3o"},"content":{"rendered":"\n<p>A Associa\u00e7\u00e3o de Futebol do Algarve (AFA) visitou, durante esta semana, todos os clubes filiados do munic\u00edpio de Portim\u00e3o, Portimonense SAD, CDR Pedra Mourinha, Portimonense SC, GDR Alvorense, GEJUPCE, Mexilhoeira Grande FC e CF Boavista.<\/p>\n\n\n\n<p>O p\u00e9riplo, que visa fortalecer a coopera\u00e7\u00e3o entre clubes, autarquias e Associa\u00e7\u00e3o, promovendo uma atua\u00e7\u00e3o mais pr\u00f3xima, coordenada e eficaz em benef\u00edcio do futebol algarvio e da forma\u00e7\u00e3o desportiva na regi\u00e3o, iniciou-se com um encontro entre a dire\u00e7\u00e3o da AFA e o Presidente do Conselho de Administra\u00e7\u00e3o do Portimonense SAD, Rodiney Sampaio, nos Est\u00e1dios Municipais de Portim\u00e3o e Dois Irm\u00e3os.<\/p>\n\n\n\n<p>Seguiram-se reuni\u00f5es nas sedes do CDR Pedra Mourinha, com o Presidente Fl\u00e1vio Diogo e o Vice-Presidente Carlos Varela, e do Portimonense SC, com a presen\u00e7a do Presidente-Adjunto Ant\u00f3nio Silveira e do Coordenador T\u00e9cnico Andr\u00e9 Gomes.<\/p>\n\n\n\n<p>No dia seguinte, pela manh\u00e3, foram visitados o GDR Alvorense, por meio da Presidente Cristina Pestana, do Vice-Presidente Bruno Silva e do agente desportivo Valdemar Mendes, e o GEJUPCE, representado pelo Presidente Rui Oliveira.<\/p>\n\n\n\n<p>A fechar, os encontros com dirigentes do Mexilhoeira Grande FC, com o Presidente Jorge Francisco e o Diretor Jo\u00e3o Justo, e do CF Boavista, com o Presidente Ot\u00edlio Coelho e o Diretor Desportivo R\u00faben Murteiro.<\/p>\n\n\n\n<p>A comitiva da AFA foi dirigida pelo Presidente Jo\u00e3o Pedro Gomes e contou com as presen\u00e7as do Vice-Presidente Miguel Boto, do Assessor de Dire\u00e7\u00e3o Pedro Guerreiro e da Chefe da Divis\u00e3o de Desporto da C\u00e2mara Municipal de Portim\u00e3o, Susana Pires, que esteve presente em todas as reuni\u00f5es.<\/p>\n","protected":false},"excerpt":{"rendered":"<p>A Associa\u00e7\u00e3o de Futebol do Algarve (AFA) visitou, durante esta semana, todos os clubes filiados do munic\u00edpio de Portim\u00e3o, Portimonense<\/p>\n","protected":false},"author":1,"featured_media":58237,"comment_status":"closed","ping_status":"closed","sticky":false,"template":"","format":"standard","meta":{"colormag_page_container_layout":"default_layout","colormag_page_sidebar_layout":"default_layout","_monsterinsights_skip_tracking":false,"_monsterinsights_sitenote_active":false,"_monsterinsights_sitenote_note":"","_monsterinsights_sitenote_category":0,"jetpack_post_was_ever_published":false,"_jetpack_newsletter_access":"","_jetpack_dont_email_post_to_subs":false,"_jetpack_newsletter_tier_id":0,"_jetpack_memberships_contains_paywalled_content":false,"_jetpack_memberships_contains_paid_content":false,"footnotes":"","jetpack_publicize_message":"","jetpack_publicize_feature_enabled":true,"jetpack_social_post_already_shared":true,"jetpack_social_options":{"image_generator_settings":{"template":"highway","default_image_id":0,"font":"","enabled":false},"version":2}},"categories":[15],"tags":[36,543,40,72],"class_list":["post-58236","post","type-post","status-publish","format-standard","has-post-thumbnail","hentry","category-desporto","tag-algarve","tag-associacao-de-futebol-do-algarve","tag-desporto","tag-portimao"],"yoast_head":"<!-- This site is optimized with the Yoast SEO plugin v27.5 - https:\/\/yoast.com\/product\/yoast-seo-wordpress\/ -->\n<title>Dire\u00e7\u00e3o da AFA realiza &#039;tour&#039; por todos os clubes do munic\u00edpio de Portim\u00e3o - Algarve 7<\/title>\n<meta name=\"description\" content=\"Dire\u00e7\u00e3o da AFA realiza &#039;tour&#039; por todos os clubes do munic\u00edpio de Portim\u00e3o Desporto\" \/>\n<meta name=\"robots\" content=\"index, follow, max-snippet:-1, max-image-preview:large, max-video-preview:-1\" \/>\n<link rel=\"canonical\" href=\"https:\/\/algarve7.pt\/index.php\/2026\/02\/direcao-da-afa-realiza-tour-por-todos-os-clubes-do-municipio-de-portimao\/desporto\/10\/30\/\" \/>\n<meta property=\"og:locale\" content=\"pt_PT\" \/>\n<meta property=\"og:type\" content=\"article\" \/>\n<meta property=\"og:title\" content=\"Dire\u00e7\u00e3o da AFA realiza &#039;tour&#039; por todos os clubes do munic\u00edpio de Portim\u00e3o - Algarve 7\" \/>\n<meta property=\"og:description\" content=\"Dire\u00e7\u00e3o da AFA realiza &#039;tour&#039; por todos os clubes do munic\u00edpio de Portim\u00e3o Desporto\" \/>\n<meta property=\"og:url\" content=\"https:\/\/algarve7.pt\/index.php\/2026\/02\/direcao-da-afa-realiza-tour-por-todos-os-clubes-do-municipio-de-portimao\/desporto\/10\/30\/\" \/>\n<meta property=\"og:site_name\" content=\"Algarve 7\" \/>\n<meta property=\"article:publisher\" content=\"https:\/\/www.facebook.com\/algarve7\" \/>\n<meta property=\"article:author\" content=\"https:\/\/www.facebook.com\/algarve7\" \/>\n<meta property=\"article:published_time\" content=\"2026-02-01T10:30:00+00:00\" \/>\n<meta property=\"og:image\" content=\"https:\/\/algarve7.pt\/wp-content\/uploads\/2026\/01\/623689110_1468740528592523_4061100673183927275_n.jpg\" \/>\n\t<meta property=\"og:image:width\" content=\"800\" \/>\n\t<meta property=\"og:image:height\" content=\"500\" \/>\n\t<meta property=\"og:image:type\" content=\"image\/jpeg\" \/>\n<meta name=\"author\" content=\"Algarve 7\" \/>\n<meta name=\"twitter:card\" content=\"summary_large_image\" \/>\n<meta name=\"twitter:creator\" content=\"@Algarvesete\" \/>\n<meta name=\"twitter:site\" content=\"@Algarvesete\" \/>\n<meta name=\"twitter:label1\" content=\"Escrito por\" \/>\n\t<meta name=\"twitter:data1\" content=\"Algarve 7\" \/>\n\t<meta name=\"twitter:label2\" content=\"Tempo estimado de leitura\" \/>\n\t<meta name=\"twitter:data2\" content=\"2 minutos\" \/>\n<script type=\"application\/ld+json\" class=\"yoast-schema-graph\">{\"@context\":\"https:\\\/\\\/schema.org\",\"@graph\":[{\"@type\":\"Article\",\"@id\":\"https:\\\/\\\/algarve7.pt\\\/index.php\\\/2026\\\/02\\\/direcao-da-afa-realiza-tour-por-todos-os-clubes-do-municipio-de-portimao\\\/desporto\\\/10\\\/30\\\/#article\",\"isPartOf\":{\"@id\":\"https:\\\/\\\/algarve7.pt\\\/index.php\\\/2026\\\/02\\\/direcao-da-afa-realiza-tour-por-todos-os-clubes-do-municipio-de-portimao\\\/desporto\\\/10\\\/30\\\/\"},\"author\":{\"name\":\"Algarve 7\",\"@id\":\"https:\\\/\\\/algarve7.pt\\\/#\\\/schema\\\/person\\\/23fa70681308e7b319a3204bcea45e0c\"},\"headline\":\"Dire\u00e7\u00e3o da AFA realiza &#8217;tour&#8217; por todos os clubes do munic\u00edpio de Portim\u00e3o\",\"datePublished\":\"2026-02-01T10:30:00+00:00\",\"mainEntityOfPage\":{\"@id\":\"https:\\\/\\\/algarve7.pt\\\/index.php\\\/2026\\\/02\\\/direcao-da-afa-realiza-tour-por-todos-os-clubes-do-municipio-de-portimao\\\/desporto\\\/10\\\/30\\\/\"},\"wordCount\":293,\"publisher\":{\"@id\":\"https:\\\/\\\/algarve7.pt\\\/#organization\"},\"image\":{\"@id\":\"https:\\\/\\\/algarve7.pt\\\/index.php\\\/2026\\\/02\\\/direcao-da-afa-realiza-tour-por-todos-os-clubes-do-municipio-de-portimao\\\/desporto\\\/10\\\/30\\\/#primaryimage\"},\"thumbnailUrl\":\"https:\\\/\\\/algarve7.pt\\\/wp-content\\\/uploads\\\/2026\\\/01\\\/623689110_1468740528592523_4061100673183927275_n.jpg\",\"keywords\":[\"Algarve\",\"Associa\u00e7\u00e3o de futebol do Algarve\",\"Desporto\",\"Portim\u00e3o\"],\"articleSection\":[\"Desporto\"],\"inLanguage\":\"pt-PT\"},{\"@type\":\"WebPage\",\"@id\":\"https:\\\/\\\/algarve7.pt\\\/index.php\\\/2026\\\/02\\\/direcao-da-afa-realiza-tour-por-todos-os-clubes-do-municipio-de-portimao\\\/desporto\\\/10\\\/30\\\/\",\"url\":\"https:\\\/\\\/algarve7.pt\\\/index.php\\\/2026\\\/02\\\/direcao-da-afa-realiza-tour-por-todos-os-clubes-do-municipio-de-portimao\\\/desporto\\\/10\\\/30\\\/\",\"name\":\"Dire\u00e7\u00e3o da AFA realiza 'tour' por todos os clubes do munic\u00edpio de Portim\u00e3o - Algarve 7\",\"isPartOf\":{\"@id\":\"https:\\\/\\\/algarve7.pt\\\/#website\"},\"primaryImageOfPage\":{\"@id\":\"https:\\\/\\\/algarve7.pt\\\/index.php\\\/2026\\\/02\\\/direcao-da-afa-realiza-tour-por-todos-os-clubes-do-municipio-de-portimao\\\/desporto\\\/10\\\/30\\\/#primaryimage\"},\"image\":{\"@id\":\"https:\\\/\\\/algarve7.pt\\\/index.php\\\/2026\\\/02\\\/direcao-da-afa-realiza-tour-por-todos-os-clubes-do-municipio-de-portimao\\\/desporto\\\/10\\\/30\\\/#primaryimage\"},\"thumbnailUrl\":\"https:\\\/\\\/algarve7.pt\\\/wp-content\\\/uploads\\\/2026\\\/01\\\/623689110_1468740528592523_4061100673183927275_n.jpg\",\"datePublished\":\"2026-02-01T10:30:00+00:00\",\"description\":\"Dire\u00e7\u00e3o da AFA realiza 'tour' por todos os clubes do munic\u00edpio de Portim\u00e3o Desporto\",\"breadcrumb\":{\"@id\":\"https:\\\/\\\/algarve7.pt\\\/index.php\\\/2026\\\/02\\\/direcao-da-afa-realiza-tour-por-todos-os-clubes-do-municipio-de-portimao\\\/desporto\\\/10\\\/30\\\/#breadcrumb\"},\"inLanguage\":\"pt-PT\",\"potentialAction\":[{\"@type\":\"ReadAction\",\"target\":[\"https:\\\/\\\/algarve7.pt\\\/index.php\\\/2026\\\/02\\\/direcao-da-afa-realiza-tour-por-todos-os-clubes-do-municipio-de-portimao\\\/desporto\\\/10\\\/30\\\/\"]}]},{\"@type\":\"ImageObject\",\"inLanguage\":\"pt-PT\",\"@id\":\"https:\\\/\\\/algarve7.pt\\\/index.php\\\/2026\\\/02\\\/direcao-da-afa-realiza-tour-por-todos-os-clubes-do-municipio-de-portimao\\\/desporto\\\/10\\\/30\\\/#primaryimage\",\"url\":\"https:\\\/\\\/algarve7.pt\\\/wp-content\\\/uploads\\\/2026\\\/01\\\/623689110_1468740528592523_4061100673183927275_n.jpg\",\"contentUrl\":\"https:\\\/\\\/algarve7.pt\\\/wp-content\\\/uploads\\\/2026\\\/01\\\/623689110_1468740528592523_4061100673183927275_n.jpg\",\"width\":800,\"height\":500},{\"@type\":\"BreadcrumbList\",\"@id\":\"https:\\\/\\\/algarve7.pt\\\/index.php\\\/2026\\\/02\\\/direcao-da-afa-realiza-tour-por-todos-os-clubes-do-municipio-de-portimao\\\/desporto\\\/10\\\/30\\\/#breadcrumb\",\"itemListElement\":[{\"@type\":\"ListItem\",\"position\":1,\"name\":\"In\u00edcio\",\"item\":\"https:\\\/\\\/algarve7.pt\\\/\"},{\"@type\":\"ListItem\",\"position\":2,\"name\":\"Dire\u00e7\u00e3o da AFA realiza &#8217;tour&#8217; por todos os clubes do munic\u00edpio de Portim\u00e3o\"}]},{\"@type\":\"WebSite\",\"@id\":\"https:\\\/\\\/algarve7.pt\\\/#website\",\"url\":\"https:\\\/\\\/algarve7.pt\\\/\",\"name\":\"Algarve 7\",\"description\":\"Informa\u00e7\u00e3o sobre o Algarve\",\"publisher\":{\"@id\":\"https:\\\/\\\/algarve7.pt\\\/#organization\"},\"potentialAction\":[{\"@type\":\"SearchAction\",\"target\":{\"@type\":\"EntryPoint\",\"urlTemplate\":\"https:\\\/\\\/algarve7.pt\\\/?s={search_term_string}\"},\"query-input\":{\"@type\":\"PropertyValueSpecification\",\"valueRequired\":true,\"valueName\":\"search_term_string\"}}],\"inLanguage\":\"pt-PT\"},{\"@type\":\"Organization\",\"@id\":\"https:\\\/\\\/algarve7.pt\\\/#organization\",\"name\":\"Algarve 7\",\"url\":\"https:\\\/\\\/algarve7.pt\\\/\",\"logo\":{\"@type\":\"ImageObject\",\"inLanguage\":\"pt-PT\",\"@id\":\"https:\\\/\\\/algarve7.pt\\\/#\\\/schema\\\/logo\\\/image\\\/\",\"url\":\"https:\\\/\\\/algarve7.pt\\\/wp-content\\\/uploads\\\/2020\\\/10\\\/Logo-8.jpg\",\"contentUrl\":\"https:\\\/\\\/algarve7.pt\\\/wp-content\\\/uploads\\\/2020\\\/10\\\/Logo-8.jpg\",\"width\":1680,\"height\":1186,\"caption\":\"Algarve 7\"},\"image\":{\"@id\":\"https:\\\/\\\/algarve7.pt\\\/#\\\/schema\\\/logo\\\/image\\\/\"},\"sameAs\":[\"https:\\\/\\\/www.facebook.com\\\/algarve7\",\"https:\\\/\\\/x.com\\\/Algarvesete\",\"https:\\\/\\\/www.instagram.com\\\/jornalalgarve7\\\/\",\"https:\\\/\\\/www.linkedin.com\\\/company\\\/algarve7\",\"https:\\\/\\\/www.pinterest.pt\\\/geral0939\\\/_created\\\/\"]},{\"@type\":\"Person\",\"@id\":\"https:\\\/\\\/algarve7.pt\\\/#\\\/schema\\\/person\\\/23fa70681308e7b319a3204bcea45e0c\",\"name\":\"Algarve 7\",\"sameAs\":[\"https:\\\/\\\/algarve7.pt\",\"https:\\\/\\\/www.facebook.com\\\/algarve7\"],\"url\":\"https:\\\/\\\/algarve7.pt\\\/index.php\\\/author\\\/geralalgarve7-pt\\\/\"}]}<\/script>\n<!-- \/ Yoast SEO plugin. -->","yoast_head_json":{"title":"Dire\u00e7\u00e3o da AFA realiza 'tour' por todos os clubes do munic\u00edpio de Portim\u00e3o - Algarve 7","description":"Dire\u00e7\u00e3o da AFA realiza 'tour' por todos os clubes do munic\u00edpio de Portim\u00e3o Desporto","robots":{"index":"index","follow":"follow","max-snippet":"max-snippet:-1","max-image-preview":"max-image-preview:large","max-video-preview":"max-video-preview:-1"},"canonical":"https:\/\/algarve7.pt\/index.php\/2026\/02\/direcao-da-afa-realiza-tour-por-todos-os-clubes-do-municipio-de-portimao\/desporto\/10\/30\/","og_locale":"pt_PT","og_type":"article","og_title":"Dire\u00e7\u00e3o da AFA realiza 'tour' por todos os clubes do munic\u00edpio de Portim\u00e3o - Algarve 7","og_description":"Dire\u00e7\u00e3o da AFA realiza 'tour' por todos os clubes do munic\u00edpio de Portim\u00e3o Desporto","og_url":"https:\/\/algarve7.pt\/index.php\/2026\/02\/direcao-da-afa-realiza-tour-por-todos-os-clubes-do-municipio-de-portimao\/desporto\/10\/30\/","og_site_name":"Algarve 7","article_publisher":"https:\/\/www.facebook.com\/algarve7","article_author":"https:\/\/www.facebook.com\/algarve7","article_published_time":"2026-02-01T10:30:00+00:00","og_image":[{"width":800,"height":500,"url":"https:\/\/algarve7.pt\/wp-content\/uploads\/2026\/01\/623689110_1468740528592523_4061100673183927275_n.jpg","type":"image\/jpeg"}],"author":"Algarve 7","twitter_card":"summary_large_image","twitter_creator":"@Algarvesete","twitter_site":"@Algarvesete","twitter_misc":{"Escrito por":"Algarve 7","Tempo estimado de leitura":"2 minutos"},"schema":{"@context":"https:\/\/schema.org","@graph":[{"@type":"Article","@id":"https:\/\/algarve7.pt\/index.php\/2026\/02\/direcao-da-afa-realiza-tour-por-todos-os-clubes-do-municipio-de-portimao\/desporto\/10\/30\/#article","isPartOf":{"@id":"https:\/\/algarve7.pt\/index.php\/2026\/02\/direcao-da-afa-realiza-tour-por-todos-os-clubes-do-municipio-de-portimao\/desporto\/10\/30\/"},"author":{"name":"Algarve 7","@id":"https:\/\/algarve7.pt\/#\/schema\/person\/23fa70681308e7b319a3204bcea45e0c"},"headline":"Dire\u00e7\u00e3o da AFA realiza &#8217;tour&#8217; por todos os clubes do munic\u00edpio de Portim\u00e3o","datePublished":"2026-02-01T10:30:00+00:00","mainEntityOfPage":{"@id":"https:\/\/algarve7.pt\/index.php\/2026\/02\/direcao-da-afa-realiza-tour-por-todos-os-clubes-do-municipio-de-portimao\/desporto\/10\/30\/"},"wordCount":293,"publisher":{"@id":"https:\/\/algarve7.pt\/#organization"},"image":{"@id":"https:\/\/algarve7.pt\/index.php\/2026\/02\/direcao-da-afa-realiza-tour-por-todos-os-clubes-do-municipio-de-portimao\/desporto\/10\/30\/#primaryimage"},"thumbnailUrl":"https:\/\/algarve7.pt\/wp-content\/uploads\/2026\/01\/623689110_1468740528592523_4061100673183927275_n.jpg","keywords":["Algarve","Associa\u00e7\u00e3o de futebol do Algarve","Desporto","Portim\u00e3o"],"articleSection":["Desporto"],"inLanguage":"pt-PT"},{"@type":"WebPage","@id":"https:\/\/algarve7.pt\/index.php\/2026\/02\/direcao-da-afa-realiza-tour-por-todos-os-clubes-do-municipio-de-portimao\/desporto\/10\/30\/","url":"https:\/\/algarve7.pt\/index.php\/2026\/02\/direcao-da-afa-realiza-tour-por-todos-os-clubes-do-municipio-de-portimao\/desporto\/10\/30\/","name":"Dire\u00e7\u00e3o da AFA realiza 'tour' por todos os clubes do munic\u00edpio de Portim\u00e3o - Algarve 7","isPartOf":{"@id":"https:\/\/algarve7.pt\/#website"},"primaryImageOfPage":{"@id":"https:\/\/algarve7.pt\/index.php\/2026\/02\/direcao-da-afa-realiza-tour-por-todos-os-clubes-do-municipio-de-portimao\/desporto\/10\/30\/#primaryimage"},"image":{"@id":"https:\/\/algarve7.pt\/index.php\/2026\/02\/direcao-da-afa-realiza-tour-por-todos-os-clubes-do-municipio-de-portimao\/desporto\/10\/30\/#primaryimage"},"thumbnailUrl":"https:\/\/algarve7.pt\/wp-content\/uploads\/2026\/01\/623689110_1468740528592523_4061100673183927275_n.jpg","datePublished":"2026-02-01T10:30:00+00:00","description":"Dire\u00e7\u00e3o da AFA realiza 'tour' por todos os clubes do munic\u00edpio de Portim\u00e3o Desporto","breadcrumb":{"@id":"https:\/\/algarve7.pt\/index.php\/2026\/02\/direcao-da-afa-realiza-tour-por-todos-os-clubes-do-municipio-de-portimao\/desporto\/10\/30\/#breadcrumb"},"inLanguage":"pt-PT","potentialAction":[{"@type":"ReadAction","target":["https:\/\/algarve7.pt\/index.php\/2026\/02\/direcao-da-afa-realiza-tour-por-todos-os-clubes-do-municipio-de-portimao\/desporto\/10\/30\/"]}]},{"@type":"ImageObject","inLanguage":"pt-PT","@id":"https:\/\/algarve7.pt\/index.php\/2026\/02\/direcao-da-afa-realiza-tour-por-todos-os-clubes-do-municipio-de-portimao\/desporto\/10\/30\/#primaryimage","url":"https:\/\/algarve7.pt\/wp-content\/uploads\/2026\/01\/623689110_1468740528592523_4061100673183927275_n.jpg","contentUrl":"https:\/\/algarve7.pt\/wp-content\/uploads\/2026\/01\/623689110_1468740528592523_4061100673183927275_n.jpg","width":800,"height":500},{"@type":"BreadcrumbList","@id":"https:\/\/algarve7.pt\/index.php\/2026\/02\/direcao-da-afa-realiza-tour-por-todos-os-clubes-do-municipio-de-portimao\/desporto\/10\/30\/#breadcrumb","itemListElement":[{"@type":"ListItem","position":1,"name":"In\u00edcio","item":"https:\/\/algarve7.pt\/"},{"@type":"ListItem","position":2,"name":"Dire\u00e7\u00e3o da AFA realiza &#8217;tour&#8217; por todos os clubes do munic\u00edpio de Portim\u00e3o"}]},{"@type":"WebSite","@id":"https:\/\/algarve7.pt\/#website","url":"https:\/\/algarve7.pt\/","name":"Algarve 7","description":"Informa\u00e7\u00e3o sobre o Algarve","publisher":{"@id":"https:\/\/algarve7.pt\/#organization"},"potentialAction":[{"@type":"SearchAction","target":{"@type":"EntryPoint","urlTemplate":"https:\/\/algarve7.pt\/?s={search_term_string}"},"query-input":{"@type":"PropertyValueSpecification","valueRequired":true,"valueName":"search_term_string"}}],"inLanguage":"pt-PT"},{"@type":"Organization","@id":"https:\/\/algarve7.pt\/#organization","name":"Algarve 7","url":"https:\/\/algarve7.pt\/","logo":{"@type":"ImageObject","inLanguage":"pt-PT","@id":"https:\/\/algarve7.pt\/#\/schema\/logo\/image\/","url":"https:\/\/algarve7.pt\/wp-content\/uploads\/2020\/10\/Logo-8.jpg","contentUrl":"https:\/\/algarve7.pt\/wp-content\/uploads\/2020\/10\/Logo-8.jpg","width":1680,"height":1186,"caption":"Algarve 7"},"image":{"@id":"https:\/\/algarve7.pt\/#\/schema\/logo\/image\/"},"sameAs":["https:\/\/www.facebook.com\/algarve7","https:\/\/x.com\/Algarvesete","https:\/\/www.instagram.com\/jornalalgarve7\/","https:\/\/www.linkedin.com\/company\/algarve7","https:\/\/www.pinterest.pt\/geral0939\/_created\/"]},{"@type":"Person","@id":"https:\/\/algarve7.pt\/#\/schema\/person\/23fa70681308e7b319a3204bcea45e0c","name":"Algarve 7","sameAs":["https:\/\/algarve7.pt","https:\/\/www.facebook.com\/algarve7"],"url":"https:\/\/algarve7.pt\/index.php\/author\/geralalgarve7-pt\/"}]}},"jetpack_publicize_connections":[],"jetpack_featured_media_url":"https:\/\/algarve7.pt\/wp-content\/uploads\/2026\/01\/623689110_1468740528592523_4061100673183927275_n.jpg","jetpack_shortlink":"https:\/\/wp.me\/pcezmW-f9i","jetpack_sharing_enabled":true,"_links":{"self":[{"href":"https:\/\/algarve7.pt\/index.php\/wp-json\/wp\/v2\/posts\/58236","targetHints":{"allow":["GET"]}}],"collection":[{"href":"https:\/\/algarve7.pt\/index.php\/wp-json\/wp\/v2\/posts"}],"about":[{"href":"https:\/\/algarve7.pt\/index.php\/wp-json\/wp\/v2\/types\/post"}],"author":[{"embeddable":true,"href":"https:\/\/algarve7.pt\/index.php\/wp-json\/wp\/v2\/users\/1"}],"replies":[{"embeddable":true,"href":"https:\/\/algarve7.pt\/index.php\/wp-json\/wp\/v2\/comments?post=58236"}],"version-history":[{"count":0,"href":"https:\/\/algarve7.pt\/index.php\/wp-json\/wp\/v2\/posts\/58236\/revisions"}],"wp:featuredmedia":[{"embeddable":true,"href":"https:\/\/algarve7.pt\/index.php\/wp-json\/wp\/v2\/media\/58237"}],"wp:attachment":[{"href":"https:\/\/algarve7.pt\/index.php\/wp-json\/wp\/v2\/media?parent=58236"}],"wp:term":[{"taxonomy":"category","embeddable":true,"href":"https:\/\/algarve7.pt\/index.php\/wp-json\/wp\/v2\/categories?post=58236"},{"taxonomy":"post_tag","embeddable":true,"href":"https:\/\/algarve7.pt\/index.php\/wp-json\/wp\/v2\/tags?post=58236"}],"curies":[{"name":"wp","href":"https:\/\/api.w.org\/{rel}","templated":true}]}}