{"id":58218,"date":"2026-02-02T10:00:00","date_gmt":"2026-02-02T10:00:00","guid":{"rendered":"https:\/\/algarve7.pt\/?p=58218"},"modified":"2026-02-01T21:20:14","modified_gmt":"2026-02-01T21:20:14","slug":"workshop-dei-um-telemovel-ao-meu-filho-e-agora-10-de-fevereiro-no-centro-cultural-convento-de-s-jose-em-lagoa","status":"publish","type":"post","link":"https:\/\/algarve7.pt\/index.php\/2026\/02\/workshop-dei-um-telemovel-ao-meu-filho-e-agora-10-de-fevereiro-no-centro-cultural-convento-de-s-jose-em-lagoa\/atualidade\/10\/00\/","title":{"rendered":"Workshop \u201cDei um telem\u00f3vel ao meu filho, e agora?\u201d 10 de fevereiro no Centro Cultural Convento de S. Jos\u00e9 em Lagoa"},"content":{"rendered":"\n<p>No dia\u00a0<strong>10 de fevereiro<\/strong>, pelas 18h00, no \u00e2mbito do Dia da Internet Mais Segura, realiza-se no Centro Cultural Convento de S, Jos\u00e9, em Lagoa, o workshop <strong>Dei um telem\u00f3vel ao meu filho, e agora?<\/strong>\u00a0com a Dra. T\u00e2nia Paias e a Dra. Rute Sobreira e a\u00a0<strong>entrada \u00e9 livre<\/strong>!<\/p>\n\n\n\n<p>Numa era de hiperconectividade, cada vez mais digital, a entrega do primeiro smartphone a uma crian\u00e7a\/jovem \u00e9 um marco que levanta desafios complexos. Este workshop prop\u00f5e uma abordagem hol\u00edstica, cruzando a maturidade psicol\u00f3gica das crian\u00e7as\/jovens com a responsabilidade legal dos pais, fornecendo ferramentas pr\u00e1ticas para uma conviv\u00eancia digital harmoniosa e segura.<\/p>\n\n\n\n<p><br>A sess\u00e3o fundamenta-se em dois pilares essenciais, uma vis\u00e3o psicol\u00f3gica, que pretende analisar o impacto dos ecr\u00e3s no desenvolvimento cognitivo, emocional e social, abordando temas como a depend\u00eancia digital, a gest\u00e3o de expectativas e o isolamento, e uma vis\u00e3o legal, procurando esclarecer sobre a responsabilidade parental no mundo digital, direitos de imagem, prote\u00e7\u00e3o de dados e as implica\u00e7\u00f5es jur\u00eddicas de comportamentos como o cyberbullying.<\/p>\n\n\n\n<p>Este workshop destina-se a pais e m\u00e3es, encarregados e encarregadas de educa\u00e7\u00e3o, pessoal docente e n\u00e3o docente e comunidade em geral.<\/p>\n","protected":false},"excerpt":{"rendered":"<p>No dia\u00a010 de fevereiro, pelas 18h00, no \u00e2mbito do Dia da Internet Mais Segura, realiza-se no Centro Cultural Convento de<\/p>\n","protected":false},"author":1,"featured_media":58219,"comment_status":"closed","ping_status":"closed","sticky":false,"template":"","format":"standard","meta":{"colormag_page_container_layout":"default_layout","colormag_page_sidebar_layout":"default_layout","_monsterinsights_skip_tracking":false,"_monsterinsights_sitenote_active":false,"_monsterinsights_sitenote_note":"","_monsterinsights_sitenote_category":0,"jetpack_post_was_ever_published":false,"_jetpack_newsletter_access":"","_jetpack_dont_email_post_to_subs":false,"_jetpack_newsletter_tier_id":0,"_jetpack_memberships_contains_paywalled_content":false,"_jetpack_memberships_contains_paid_content":false,"footnotes":"","jetpack_publicize_message":"","jetpack_publicize_feature_enabled":true,"jetpack_social_post_already_shared":true,"jetpack_social_options":{"image_generator_settings":{"template":"highway","default_image_id":0,"font":"","enabled":false},"version":2}},"categories":[11],"tags":[36,62,48],"class_list":["post-58218","post","type-post","status-publish","format-standard","has-post-thumbnail","hentry","category-atualidade","tag-algarve","tag-atualidade","tag-lagoa"],"yoast_head":"<!-- This site is optimized with the Yoast SEO plugin v27.5 - https:\/\/yoast.com\/product\/yoast-seo-wordpress\/ -->\n<title>Workshop \u201cDei um telem\u00f3vel ao meu filho, e agora?\u201d 10 de fevereiro no Centro Cultural Convento de S. Jos\u00e9 em Lagoa - Algarve 7<\/title>\n<meta name=\"description\" content=\"Workshop \u201cDei um telem\u00f3vel ao meu filho, e agora?\u201d 10 de fevereiro no Centro Cultural Convento de S. Jos\u00e9 em Lagoa Atualidade\" \/>\n<meta name=\"robots\" content=\"index, follow, max-snippet:-1, max-image-preview:large, max-video-preview:-1\" \/>\n<link rel=\"canonical\" href=\"https:\/\/algarve7.pt\/index.php\/2026\/02\/workshop-dei-um-telemovel-ao-meu-filho-e-agora-10-de-fevereiro-no-centro-cultural-convento-de-s-jose-em-lagoa\/atualidade\/10\/00\/\" \/>\n<meta property=\"og:locale\" content=\"pt_PT\" \/>\n<meta property=\"og:type\" content=\"article\" \/>\n<meta property=\"og:title\" content=\"Workshop \u201cDei um telem\u00f3vel ao meu filho, e agora?\u201d 10 de fevereiro no Centro Cultural Convento de S. Jos\u00e9 em Lagoa - Algarve 7\" \/>\n<meta property=\"og:description\" content=\"Workshop \u201cDei um telem\u00f3vel ao meu filho, e agora?\u201d 10 de fevereiro no Centro Cultural Convento de S. Jos\u00e9 em Lagoa Atualidade\" \/>\n<meta property=\"og:url\" content=\"https:\/\/algarve7.pt\/index.php\/2026\/02\/workshop-dei-um-telemovel-ao-meu-filho-e-agora-10-de-fevereiro-no-centro-cultural-convento-de-s-jose-em-lagoa\/atualidade\/10\/00\/\" \/>\n<meta property=\"og:site_name\" content=\"Algarve 7\" \/>\n<meta property=\"article:publisher\" content=\"https:\/\/www.facebook.com\/algarve7\" \/>\n<meta property=\"article:author\" content=\"https:\/\/www.facebook.com\/algarve7\" \/>\n<meta property=\"article:published_time\" content=\"2026-02-02T10:00:00+00:00\" \/>\n<meta property=\"og:image\" content=\"https:\/\/algarve7.pt\/wp-content\/uploads\/2026\/01\/Captura-de-ecra-2026-01-30-as-09.25.04.png\" \/>\n\t<meta property=\"og:image:width\" content=\"800\" \/>\n\t<meta property=\"og:image:height\" content=\"500\" \/>\n\t<meta property=\"og:image:type\" content=\"image\/png\" \/>\n<meta name=\"author\" content=\"Algarve 7\" \/>\n<meta name=\"twitter:card\" content=\"summary_large_image\" \/>\n<meta name=\"twitter:creator\" content=\"@Algarvesete\" \/>\n<meta name=\"twitter:site\" content=\"@Algarvesete\" \/>\n<meta name=\"twitter:label1\" content=\"Escrito por\" \/>\n\t<meta name=\"twitter:data1\" content=\"Algarve 7\" \/>\n\t<meta name=\"twitter:label2\" content=\"Tempo estimado de leitura\" \/>\n\t<meta name=\"twitter:data2\" content=\"2 minutos\" \/>\n<script type=\"application\/ld+json\" class=\"yoast-schema-graph\">{\"@context\":\"https:\\\/\\\/schema.org\",\"@graph\":[{\"@type\":\"Article\",\"@id\":\"https:\\\/\\\/algarve7.pt\\\/index.php\\\/2026\\\/02\\\/workshop-dei-um-telemovel-ao-meu-filho-e-agora-10-de-fevereiro-no-centro-cultural-convento-de-s-jose-em-lagoa\\\/atualidade\\\/10\\\/00\\\/#article\",\"isPartOf\":{\"@id\":\"https:\\\/\\\/algarve7.pt\\\/index.php\\\/2026\\\/02\\\/workshop-dei-um-telemovel-ao-meu-filho-e-agora-10-de-fevereiro-no-centro-cultural-convento-de-s-jose-em-lagoa\\\/atualidade\\\/10\\\/00\\\/\"},\"author\":{\"name\":\"Algarve 7\",\"@id\":\"https:\\\/\\\/algarve7.pt\\\/#\\\/schema\\\/person\\\/23fa70681308e7b319a3204bcea45e0c\"},\"headline\":\"Workshop \u201cDei um telem\u00f3vel ao meu filho, e agora?\u201d 10 de fevereiro no Centro Cultural Convento de S. Jos\u00e9 em Lagoa\",\"datePublished\":\"2026-02-02T10:00:00+00:00\",\"mainEntityOfPage\":{\"@id\":\"https:\\\/\\\/algarve7.pt\\\/index.php\\\/2026\\\/02\\\/workshop-dei-um-telemovel-ao-meu-filho-e-agora-10-de-fevereiro-no-centro-cultural-convento-de-s-jose-em-lagoa\\\/atualidade\\\/10\\\/00\\\/\"},\"wordCount\":228,\"publisher\":{\"@id\":\"https:\\\/\\\/algarve7.pt\\\/#organization\"},\"image\":{\"@id\":\"https:\\\/\\\/algarve7.pt\\\/index.php\\\/2026\\\/02\\\/workshop-dei-um-telemovel-ao-meu-filho-e-agora-10-de-fevereiro-no-centro-cultural-convento-de-s-jose-em-lagoa\\\/atualidade\\\/10\\\/00\\\/#primaryimage\"},\"thumbnailUrl\":\"https:\\\/\\\/algarve7.pt\\\/wp-content\\\/uploads\\\/2026\\\/01\\\/Captura-de-ecra-2026-01-30-as-09.25.04.png\",\"keywords\":[\"Algarve\",\"Atualidade\",\"Lagoa\"],\"articleSection\":[\"Atualidade\"],\"inLanguage\":\"pt-PT\"},{\"@type\":\"WebPage\",\"@id\":\"https:\\\/\\\/algarve7.pt\\\/index.php\\\/2026\\\/02\\\/workshop-dei-um-telemovel-ao-meu-filho-e-agora-10-de-fevereiro-no-centro-cultural-convento-de-s-jose-em-lagoa\\\/atualidade\\\/10\\\/00\\\/\",\"url\":\"https:\\\/\\\/algarve7.pt\\\/index.php\\\/2026\\\/02\\\/workshop-dei-um-telemovel-ao-meu-filho-e-agora-10-de-fevereiro-no-centro-cultural-convento-de-s-jose-em-lagoa\\\/atualidade\\\/10\\\/00\\\/\",\"name\":\"Workshop \u201cDei um telem\u00f3vel ao meu filho, e agora?\u201d 10 de fevereiro no Centro Cultural Convento de S. Jos\u00e9 em Lagoa - Algarve 7\",\"isPartOf\":{\"@id\":\"https:\\\/\\\/algarve7.pt\\\/#website\"},\"primaryImageOfPage\":{\"@id\":\"https:\\\/\\\/algarve7.pt\\\/index.php\\\/2026\\\/02\\\/workshop-dei-um-telemovel-ao-meu-filho-e-agora-10-de-fevereiro-no-centro-cultural-convento-de-s-jose-em-lagoa\\\/atualidade\\\/10\\\/00\\\/#primaryimage\"},\"image\":{\"@id\":\"https:\\\/\\\/algarve7.pt\\\/index.php\\\/2026\\\/02\\\/workshop-dei-um-telemovel-ao-meu-filho-e-agora-10-de-fevereiro-no-centro-cultural-convento-de-s-jose-em-lagoa\\\/atualidade\\\/10\\\/00\\\/#primaryimage\"},\"thumbnailUrl\":\"https:\\\/\\\/algarve7.pt\\\/wp-content\\\/uploads\\\/2026\\\/01\\\/Captura-de-ecra-2026-01-30-as-09.25.04.png\",\"datePublished\":\"2026-02-02T10:00:00+00:00\",\"description\":\"Workshop \u201cDei um telem\u00f3vel ao meu filho, e agora?\u201d 10 de fevereiro no Centro Cultural Convento de S. Jos\u00e9 em Lagoa Atualidade\",\"breadcrumb\":{\"@id\":\"https:\\\/\\\/algarve7.pt\\\/index.php\\\/2026\\\/02\\\/workshop-dei-um-telemovel-ao-meu-filho-e-agora-10-de-fevereiro-no-centro-cultural-convento-de-s-jose-em-lagoa\\\/atualidade\\\/10\\\/00\\\/#breadcrumb\"},\"inLanguage\":\"pt-PT\",\"potentialAction\":[{\"@type\":\"ReadAction\",\"target\":[\"https:\\\/\\\/algarve7.pt\\\/index.php\\\/2026\\\/02\\\/workshop-dei-um-telemovel-ao-meu-filho-e-agora-10-de-fevereiro-no-centro-cultural-convento-de-s-jose-em-lagoa\\\/atualidade\\\/10\\\/00\\\/\"]}]},{\"@type\":\"ImageObject\",\"inLanguage\":\"pt-PT\",\"@id\":\"https:\\\/\\\/algarve7.pt\\\/index.php\\\/2026\\\/02\\\/workshop-dei-um-telemovel-ao-meu-filho-e-agora-10-de-fevereiro-no-centro-cultural-convento-de-s-jose-em-lagoa\\\/atualidade\\\/10\\\/00\\\/#primaryimage\",\"url\":\"https:\\\/\\\/algarve7.pt\\\/wp-content\\\/uploads\\\/2026\\\/01\\\/Captura-de-ecra-2026-01-30-as-09.25.04.png\",\"contentUrl\":\"https:\\\/\\\/algarve7.pt\\\/wp-content\\\/uploads\\\/2026\\\/01\\\/Captura-de-ecra-2026-01-30-as-09.25.04.png\",\"width\":800,\"height\":500},{\"@type\":\"BreadcrumbList\",\"@id\":\"https:\\\/\\\/algarve7.pt\\\/index.php\\\/2026\\\/02\\\/workshop-dei-um-telemovel-ao-meu-filho-e-agora-10-de-fevereiro-no-centro-cultural-convento-de-s-jose-em-lagoa\\\/atualidade\\\/10\\\/00\\\/#breadcrumb\",\"itemListElement\":[{\"@type\":\"ListItem\",\"position\":1,\"name\":\"In\u00edcio\",\"item\":\"https:\\\/\\\/algarve7.pt\\\/\"},{\"@type\":\"ListItem\",\"position\":2,\"name\":\"Workshop \u201cDei um telem\u00f3vel ao meu filho, e agora?\u201d 10 de fevereiro no Centro Cultural Convento de S. Jos\u00e9 em Lagoa\"}]},{\"@type\":\"WebSite\",\"@id\":\"https:\\\/\\\/algarve7.pt\\\/#website\",\"url\":\"https:\\\/\\\/algarve7.pt\\\/\",\"name\":\"Algarve 7\",\"description\":\"Informa\u00e7\u00e3o sobre o Algarve\",\"publisher\":{\"@id\":\"https:\\\/\\\/algarve7.pt\\\/#organization\"},\"potentialAction\":[{\"@type\":\"SearchAction\",\"target\":{\"@type\":\"EntryPoint\",\"urlTemplate\":\"https:\\\/\\\/algarve7.pt\\\/?s={search_term_string}\"},\"query-input\":{\"@type\":\"PropertyValueSpecification\",\"valueRequired\":true,\"valueName\":\"search_term_string\"}}],\"inLanguage\":\"pt-PT\"},{\"@type\":\"Organization\",\"@id\":\"https:\\\/\\\/algarve7.pt\\\/#organization\",\"name\":\"Algarve 7\",\"url\":\"https:\\\/\\\/algarve7.pt\\\/\",\"logo\":{\"@type\":\"ImageObject\",\"inLanguage\":\"pt-PT\",\"@id\":\"https:\\\/\\\/algarve7.pt\\\/#\\\/schema\\\/logo\\\/image\\\/\",\"url\":\"https:\\\/\\\/algarve7.pt\\\/wp-content\\\/uploads\\\/2020\\\/10\\\/Logo-8.jpg\",\"contentUrl\":\"https:\\\/\\\/algarve7.pt\\\/wp-content\\\/uploads\\\/2020\\\/10\\\/Logo-8.jpg\",\"width\":1680,\"height\":1186,\"caption\":\"Algarve 7\"},\"image\":{\"@id\":\"https:\\\/\\\/algarve7.pt\\\/#\\\/schema\\\/logo\\\/image\\\/\"},\"sameAs\":[\"https:\\\/\\\/www.facebook.com\\\/algarve7\",\"https:\\\/\\\/x.com\\\/Algarvesete\",\"https:\\\/\\\/www.instagram.com\\\/jornalalgarve7\\\/\",\"https:\\\/\\\/www.linkedin.com\\\/company\\\/algarve7\",\"https:\\\/\\\/www.pinterest.pt\\\/geral0939\\\/_created\\\/\"]},{\"@type\":\"Person\",\"@id\":\"https:\\\/\\\/algarve7.pt\\\/#\\\/schema\\\/person\\\/23fa70681308e7b319a3204bcea45e0c\",\"name\":\"Algarve 7\",\"sameAs\":[\"https:\\\/\\\/algarve7.pt\",\"https:\\\/\\\/www.facebook.com\\\/algarve7\"],\"url\":\"https:\\\/\\\/algarve7.pt\\\/index.php\\\/author\\\/geralalgarve7-pt\\\/\"}]}<\/script>\n<!-- \/ Yoast SEO plugin. -->","yoast_head_json":{"title":"Workshop \u201cDei um telem\u00f3vel ao meu filho, e agora?\u201d 10 de fevereiro no Centro Cultural Convento de S. Jos\u00e9 em Lagoa - Algarve 7","description":"Workshop \u201cDei um telem\u00f3vel ao meu filho, e agora?\u201d 10 de fevereiro no Centro Cultural Convento de S. Jos\u00e9 em Lagoa Atualidade","robots":{"index":"index","follow":"follow","max-snippet":"max-snippet:-1","max-image-preview":"max-image-preview:large","max-video-preview":"max-video-preview:-1"},"canonical":"https:\/\/algarve7.pt\/index.php\/2026\/02\/workshop-dei-um-telemovel-ao-meu-filho-e-agora-10-de-fevereiro-no-centro-cultural-convento-de-s-jose-em-lagoa\/atualidade\/10\/00\/","og_locale":"pt_PT","og_type":"article","og_title":"Workshop \u201cDei um telem\u00f3vel ao meu filho, e agora?\u201d 10 de fevereiro no Centro Cultural Convento de S. Jos\u00e9 em Lagoa - Algarve 7","og_description":"Workshop \u201cDei um telem\u00f3vel ao meu filho, e agora?\u201d 10 de fevereiro no Centro Cultural Convento de S. Jos\u00e9 em Lagoa Atualidade","og_url":"https:\/\/algarve7.pt\/index.php\/2026\/02\/workshop-dei-um-telemovel-ao-meu-filho-e-agora-10-de-fevereiro-no-centro-cultural-convento-de-s-jose-em-lagoa\/atualidade\/10\/00\/","og_site_name":"Algarve 7","article_publisher":"https:\/\/www.facebook.com\/algarve7","article_author":"https:\/\/www.facebook.com\/algarve7","article_published_time":"2026-02-02T10:00:00+00:00","og_image":[{"width":800,"height":500,"url":"https:\/\/algarve7.pt\/wp-content\/uploads\/2026\/01\/Captura-de-ecra-2026-01-30-as-09.25.04.png","type":"image\/png"}],"author":"Algarve 7","twitter_card":"summary_large_image","twitter_creator":"@Algarvesete","twitter_site":"@Algarvesete","twitter_misc":{"Escrito por":"Algarve 7","Tempo estimado de leitura":"2 minutos"},"schema":{"@context":"https:\/\/schema.org","@graph":[{"@type":"Article","@id":"https:\/\/algarve7.pt\/index.php\/2026\/02\/workshop-dei-um-telemovel-ao-meu-filho-e-agora-10-de-fevereiro-no-centro-cultural-convento-de-s-jose-em-lagoa\/atualidade\/10\/00\/#article","isPartOf":{"@id":"https:\/\/algarve7.pt\/index.php\/2026\/02\/workshop-dei-um-telemovel-ao-meu-filho-e-agora-10-de-fevereiro-no-centro-cultural-convento-de-s-jose-em-lagoa\/atualidade\/10\/00\/"},"author":{"name":"Algarve 7","@id":"https:\/\/algarve7.pt\/#\/schema\/person\/23fa70681308e7b319a3204bcea45e0c"},"headline":"Workshop \u201cDei um telem\u00f3vel ao meu filho, e agora?\u201d 10 de fevereiro no Centro Cultural Convento de S. Jos\u00e9 em Lagoa","datePublished":"2026-02-02T10:00:00+00:00","mainEntityOfPage":{"@id":"https:\/\/algarve7.pt\/index.php\/2026\/02\/workshop-dei-um-telemovel-ao-meu-filho-e-agora-10-de-fevereiro-no-centro-cultural-convento-de-s-jose-em-lagoa\/atualidade\/10\/00\/"},"wordCount":228,"publisher":{"@id":"https:\/\/algarve7.pt\/#organization"},"image":{"@id":"https:\/\/algarve7.pt\/index.php\/2026\/02\/workshop-dei-um-telemovel-ao-meu-filho-e-agora-10-de-fevereiro-no-centro-cultural-convento-de-s-jose-em-lagoa\/atualidade\/10\/00\/#primaryimage"},"thumbnailUrl":"https:\/\/algarve7.pt\/wp-content\/uploads\/2026\/01\/Captura-de-ecra-2026-01-30-as-09.25.04.png","keywords":["Algarve","Atualidade","Lagoa"],"articleSection":["Atualidade"],"inLanguage":"pt-PT"},{"@type":"WebPage","@id":"https:\/\/algarve7.pt\/index.php\/2026\/02\/workshop-dei-um-telemovel-ao-meu-filho-e-agora-10-de-fevereiro-no-centro-cultural-convento-de-s-jose-em-lagoa\/atualidade\/10\/00\/","url":"https:\/\/algarve7.pt\/index.php\/2026\/02\/workshop-dei-um-telemovel-ao-meu-filho-e-agora-10-de-fevereiro-no-centro-cultural-convento-de-s-jose-em-lagoa\/atualidade\/10\/00\/","name":"Workshop \u201cDei um telem\u00f3vel ao meu filho, e agora?\u201d 10 de fevereiro no Centro Cultural Convento de S. Jos\u00e9 em Lagoa - Algarve 7","isPartOf":{"@id":"https:\/\/algarve7.pt\/#website"},"primaryImageOfPage":{"@id":"https:\/\/algarve7.pt\/index.php\/2026\/02\/workshop-dei-um-telemovel-ao-meu-filho-e-agora-10-de-fevereiro-no-centro-cultural-convento-de-s-jose-em-lagoa\/atualidade\/10\/00\/#primaryimage"},"image":{"@id":"https:\/\/algarve7.pt\/index.php\/2026\/02\/workshop-dei-um-telemovel-ao-meu-filho-e-agora-10-de-fevereiro-no-centro-cultural-convento-de-s-jose-em-lagoa\/atualidade\/10\/00\/#primaryimage"},"thumbnailUrl":"https:\/\/algarve7.pt\/wp-content\/uploads\/2026\/01\/Captura-de-ecra-2026-01-30-as-09.25.04.png","datePublished":"2026-02-02T10:00:00+00:00","description":"Workshop \u201cDei um telem\u00f3vel ao meu filho, e agora?\u201d 10 de fevereiro no Centro Cultural Convento de S. Jos\u00e9 em Lagoa Atualidade","breadcrumb":{"@id":"https:\/\/algarve7.pt\/index.php\/2026\/02\/workshop-dei-um-telemovel-ao-meu-filho-e-agora-10-de-fevereiro-no-centro-cultural-convento-de-s-jose-em-lagoa\/atualidade\/10\/00\/#breadcrumb"},"inLanguage":"pt-PT","potentialAction":[{"@type":"ReadAction","target":["https:\/\/algarve7.pt\/index.php\/2026\/02\/workshop-dei-um-telemovel-ao-meu-filho-e-agora-10-de-fevereiro-no-centro-cultural-convento-de-s-jose-em-lagoa\/atualidade\/10\/00\/"]}]},{"@type":"ImageObject","inLanguage":"pt-PT","@id":"https:\/\/algarve7.pt\/index.php\/2026\/02\/workshop-dei-um-telemovel-ao-meu-filho-e-agora-10-de-fevereiro-no-centro-cultural-convento-de-s-jose-em-lagoa\/atualidade\/10\/00\/#primaryimage","url":"https:\/\/algarve7.pt\/wp-content\/uploads\/2026\/01\/Captura-de-ecra-2026-01-30-as-09.25.04.png","contentUrl":"https:\/\/algarve7.pt\/wp-content\/uploads\/2026\/01\/Captura-de-ecra-2026-01-30-as-09.25.04.png","width":800,"height":500},{"@type":"BreadcrumbList","@id":"https:\/\/algarve7.pt\/index.php\/2026\/02\/workshop-dei-um-telemovel-ao-meu-filho-e-agora-10-de-fevereiro-no-centro-cultural-convento-de-s-jose-em-lagoa\/atualidade\/10\/00\/#breadcrumb","itemListElement":[{"@type":"ListItem","position":1,"name":"In\u00edcio","item":"https:\/\/algarve7.pt\/"},{"@type":"ListItem","position":2,"name":"Workshop \u201cDei um telem\u00f3vel ao meu filho, e agora?\u201d 10 de fevereiro no Centro Cultural Convento de S. Jos\u00e9 em Lagoa"}]},{"@type":"WebSite","@id":"https:\/\/algarve7.pt\/#website","url":"https:\/\/algarve7.pt\/","name":"Algarve 7","description":"Informa\u00e7\u00e3o sobre o Algarve","publisher":{"@id":"https:\/\/algarve7.pt\/#organization"},"potentialAction":[{"@type":"SearchAction","target":{"@type":"EntryPoint","urlTemplate":"https:\/\/algarve7.pt\/?s={search_term_string}"},"query-input":{"@type":"PropertyValueSpecification","valueRequired":true,"valueName":"search_term_string"}}],"inLanguage":"pt-PT"},{"@type":"Organization","@id":"https:\/\/algarve7.pt\/#organization","name":"Algarve 7","url":"https:\/\/algarve7.pt\/","logo":{"@type":"ImageObject","inLanguage":"pt-PT","@id":"https:\/\/algarve7.pt\/#\/schema\/logo\/image\/","url":"https:\/\/algarve7.pt\/wp-content\/uploads\/2020\/10\/Logo-8.jpg","contentUrl":"https:\/\/algarve7.pt\/wp-content\/uploads\/2020\/10\/Logo-8.jpg","width":1680,"height":1186,"caption":"Algarve 7"},"image":{"@id":"https:\/\/algarve7.pt\/#\/schema\/logo\/image\/"},"sameAs":["https:\/\/www.facebook.com\/algarve7","https:\/\/x.com\/Algarvesete","https:\/\/www.instagram.com\/jornalalgarve7\/","https:\/\/www.linkedin.com\/company\/algarve7","https:\/\/www.pinterest.pt\/geral0939\/_created\/"]},{"@type":"Person","@id":"https:\/\/algarve7.pt\/#\/schema\/person\/23fa70681308e7b319a3204bcea45e0c","name":"Algarve 7","sameAs":["https:\/\/algarve7.pt","https:\/\/www.facebook.com\/algarve7"],"url":"https:\/\/algarve7.pt\/index.php\/author\/geralalgarve7-pt\/"}]}},"jetpack_publicize_connections":[],"jetpack_featured_media_url":"https:\/\/algarve7.pt\/wp-content\/uploads\/2026\/01\/Captura-de-ecra-2026-01-30-as-09.25.04.png","jetpack_shortlink":"https:\/\/wp.me\/pcezmW-f90","jetpack_sharing_enabled":true,"_links":{"self":[{"href":"https:\/\/algarve7.pt\/index.php\/wp-json\/wp\/v2\/posts\/58218","targetHints":{"allow":["GET"]}}],"collection":[{"href":"https:\/\/algarve7.pt\/index.php\/wp-json\/wp\/v2\/posts"}],"about":[{"href":"https:\/\/algarve7.pt\/index.php\/wp-json\/wp\/v2\/types\/post"}],"author":[{"embeddable":true,"href":"https:\/\/algarve7.pt\/index.php\/wp-json\/wp\/v2\/users\/1"}],"replies":[{"embeddable":true,"href":"https:\/\/algarve7.pt\/index.php\/wp-json\/wp\/v2\/comments?post=58218"}],"version-history":[{"count":0,"href":"https:\/\/algarve7.pt\/index.php\/wp-json\/wp\/v2\/posts\/58218\/revisions"}],"wp:featuredmedia":[{"embeddable":true,"href":"https:\/\/algarve7.pt\/index.php\/wp-json\/wp\/v2\/media\/58219"}],"wp:attachment":[{"href":"https:\/\/algarve7.pt\/index.php\/wp-json\/wp\/v2\/media?parent=58218"}],"wp:term":[{"taxonomy":"category","embeddable":true,"href":"https:\/\/algarve7.pt\/index.php\/wp-json\/wp\/v2\/categories?post=58218"},{"taxonomy":"post_tag","embeddable":true,"href":"https:\/\/algarve7.pt\/index.php\/wp-json\/wp\/v2\/tags?post=58218"}],"curies":[{"name":"wp","href":"https:\/\/api.w.org\/{rel}","templated":true}]}}