{"id":58206,"date":"2026-02-01T09:30:00","date_gmt":"2026-02-01T09:30:00","guid":{"rendered":"https:\/\/algarve7.pt\/?p=58206"},"modified":"2026-01-29T20:02:41","modified_gmt":"2026-01-29T20:02:41","slug":"viceroy-at-ombria-algarve-organiza-open-day-orientado-para-carreiras-na-hotelaria-de-luxo","status":"publish","type":"post","link":"https:\/\/algarve7.pt\/index.php\/2026\/02\/viceroy-at-ombria-algarve-organiza-open-day-orientado-para-carreiras-na-hotelaria-de-luxo\/atualidade\/09\/30\/","title":{"rendered":"Viceroy at Ombria Algarve organiza Open Day orientado para carreiras na hotelaria de luxo\u00a0"},"content":{"rendered":"\n<p>No \u00e2mbito da campanha \u201cWorld Made by Many\u201d, o&nbsp;<strong>Viceroy at Ombria Algarve<\/strong>&nbsp;promove, no pr\u00f3ximo dia&nbsp;<strong>5 de fevereiro<\/strong>, a partir das 10h00, um&nbsp;<strong>Open Day<\/strong>&nbsp;dirigido a profissionais que pretendem desenvolver a sua carreira na \u00e1rea da hotelaria de luxo, integrando um projeto distintivo no Algarve.&nbsp;<\/p>\n\n\n\n<p>Este Open Day assinala o in\u00edcio da campanha de recrutamento do Viceroy at Ombria Algarve e foi concebido para proporcionar uma aproxima\u00e7\u00e3o real ao projeto, permitindo aos participantes conhecerem os espa\u00e7os, a filosofia e o ambiente de trabalho de um empreendimento que valoriza o talento, a diversidade e a cria\u00e7\u00e3o de experi\u00eancias memor\u00e1veis.&nbsp;<\/p>\n\n\n\n<p>Durante o evento, os participantes ter\u00e3o a oportunidade de contactar diretamente com as equipas que d\u00e3o vida ao projeto, num contexto que reflete a cultura organizacional, os valores da marca e o compromisso com a excel\u00eancia no servi\u00e7o e o trabalho colaborativo.&nbsp;<\/p>\n\n\n\n<p><strong>\u201cO Open Day no Viceroy at Ombria Algarve ser\u00e1 uma oportunidade imperd\u00edvel para descobrir um projeto verdadeiramente apaixonante, atrav\u00e9s da equipa que lhe d\u00e1 vida todos os dias, num ambiente de colabora\u00e7\u00e3o, excel\u00eancia e orgulho em criar algo \u00fanico no Algarve\u201d<\/strong>, refere C\u00e9lia Crato, Diretora de Pessoas e Cultura do hotel.&nbsp;&nbsp;<\/p>\n\n\n\n<p>As oportunidades profissionais atualmente em aberto abrangem v\u00e1rias \u00e1reas operacionais, incluindo Rece\u00e7\u00e3o, Housekeeping, Cozinha, Food &amp; Beverage e Spa, e destinam-se a profissionais motivados, com paix\u00e3o pela hospitalidade de luxo.&nbsp;<\/p>\n\n\n\n<p>Mais do que um evento de recrutamento, o Open Day do Viceroy at Ombria Algarve constitui um convite para conhecer um projeto que integra a identidade do barrocal algarvio em cada detalhe, valorizando a autenticidade local e a cria\u00e7\u00e3o de experi\u00eancias e mem\u00f3rias duradouras.&nbsp;<\/p>\n\n\n\n<p>A participa\u00e7\u00e3o no evento \u00e9 gratuita, mediante inscri\u00e7\u00e3o pr\u00e9via, estando o n\u00famero de vagas dispon\u00edvel sujeito a limita\u00e7\u00e3o. Os interessados dever\u00e3o garantir a sua presen\u00e7a atrav\u00e9s do preenchimento do formul\u00e1rio dispon\u00edvel no\u00a0<a href=\"https:\/\/docs.google.com\/forms\/d\/e\/1FAIpQLSfBXdYp7GGdFDaXBhtNVnjPbEpADGzj-jbcx6DKV34BK1TBww\/viewform?usp=header\" target=\"_blank\" rel=\"noreferrer noopener\">link de inscri\u00e7\u00e3o<\/a><a href=\"https:\/\/docs.google.com\/forms\/d\/e\/1FAIpQLSfBXdYp7GGdFDaXBhtNVnjPbEpADGzj-jbcx6DKV34BK1TBww\/viewform?usp=header\">.<\/a>\u00a0\u00a0<\/p>\n","protected":false},"excerpt":{"rendered":"<p>No \u00e2mbito da campanha \u201cWorld Made by Many\u201d, o&nbsp;Viceroy at Ombria Algarve&nbsp;promove, no pr\u00f3ximo dia&nbsp;5 de fevereiro, a partir das<\/p>\n","protected":false},"author":1,"featured_media":58207,"comment_status":"closed","ping_status":"closed","sticky":false,"template":"","format":"standard","meta":{"colormag_page_container_layout":"default_layout","colormag_page_sidebar_layout":"default_layout","_monsterinsights_skip_tracking":false,"_monsterinsights_sitenote_active":false,"_monsterinsights_sitenote_note":"","_monsterinsights_sitenote_category":0,"jetpack_post_was_ever_published":false,"_jetpack_newsletter_access":"","_jetpack_dont_email_post_to_subs":false,"_jetpack_newsletter_tier_id":0,"_jetpack_memberships_contains_paywalled_content":false,"_jetpack_memberships_contains_paid_content":false,"footnotes":"","jetpack_publicize_message":"","jetpack_publicize_feature_enabled":true,"jetpack_social_post_already_shared":true,"jetpack_social_options":{"image_generator_settings":{"template":"highway","default_image_id":0,"font":"","enabled":false},"version":2}},"categories":[11],"tags":[],"class_list":["post-58206","post","type-post","status-publish","format-standard","has-post-thumbnail","hentry","category-atualidade"],"yoast_head":"<!-- This site is optimized with the Yoast SEO plugin v27.5 - https:\/\/yoast.com\/product\/yoast-seo-wordpress\/ -->\n<title>Viceroy at Ombria Algarve organiza Open Day orientado para carreiras na hotelaria de luxo\u00a0 - Algarve 7<\/title>\n<meta name=\"description\" content=\"Viceroy at Ombria Algarve organiza Open Day orientado para carreiras na hotelaria de luxo\u00a0 Atualidade\" \/>\n<meta name=\"robots\" content=\"index, follow, max-snippet:-1, max-image-preview:large, max-video-preview:-1\" \/>\n<link rel=\"canonical\" href=\"https:\/\/algarve7.pt\/index.php\/2026\/02\/viceroy-at-ombria-algarve-organiza-open-day-orientado-para-carreiras-na-hotelaria-de-luxo\/atualidade\/09\/30\/\" \/>\n<meta property=\"og:locale\" content=\"pt_PT\" \/>\n<meta property=\"og:type\" content=\"article\" \/>\n<meta property=\"og:title\" content=\"Viceroy at Ombria Algarve organiza Open Day orientado para carreiras na hotelaria de luxo\u00a0 - Algarve 7\" \/>\n<meta property=\"og:description\" content=\"Viceroy at Ombria Algarve organiza Open Day orientado para carreiras na hotelaria de luxo\u00a0 Atualidade\" \/>\n<meta property=\"og:url\" content=\"https:\/\/algarve7.pt\/index.php\/2026\/02\/viceroy-at-ombria-algarve-organiza-open-day-orientado-para-carreiras-na-hotelaria-de-luxo\/atualidade\/09\/30\/\" \/>\n<meta property=\"og:site_name\" content=\"Algarve 7\" \/>\n<meta property=\"article:publisher\" content=\"https:\/\/www.facebook.com\/algarve7\" \/>\n<meta property=\"article:author\" content=\"https:\/\/www.facebook.com\/algarve7\" \/>\n<meta property=\"article:published_time\" content=\"2026-02-01T09:30:00+00:00\" \/>\n<meta property=\"og:image\" content=\"https:\/\/algarve7.pt\/wp-content\/uploads\/2026\/01\/Imagem1.jpg\" \/>\n\t<meta property=\"og:image:width\" content=\"800\" \/>\n\t<meta property=\"og:image:height\" content=\"500\" \/>\n\t<meta property=\"og:image:type\" content=\"image\/jpeg\" \/>\n<meta name=\"author\" content=\"Algarve 7\" \/>\n<meta name=\"twitter:card\" content=\"summary_large_image\" \/>\n<meta name=\"twitter:creator\" content=\"@Algarvesete\" \/>\n<meta name=\"twitter:site\" content=\"@Algarvesete\" \/>\n<meta name=\"twitter:label1\" content=\"Escrito por\" \/>\n\t<meta name=\"twitter:data1\" content=\"Algarve 7\" \/>\n\t<meta name=\"twitter:label2\" content=\"Tempo estimado de leitura\" \/>\n\t<meta name=\"twitter:data2\" content=\"2 minutos\" \/>\n<script type=\"application\/ld+json\" class=\"yoast-schema-graph\">{\"@context\":\"https:\\\/\\\/schema.org\",\"@graph\":[{\"@type\":\"Article\",\"@id\":\"https:\\\/\\\/algarve7.pt\\\/index.php\\\/2026\\\/02\\\/viceroy-at-ombria-algarve-organiza-open-day-orientado-para-carreiras-na-hotelaria-de-luxo\\\/atualidade\\\/09\\\/30\\\/#article\",\"isPartOf\":{\"@id\":\"https:\\\/\\\/algarve7.pt\\\/index.php\\\/2026\\\/02\\\/viceroy-at-ombria-algarve-organiza-open-day-orientado-para-carreiras-na-hotelaria-de-luxo\\\/atualidade\\\/09\\\/30\\\/\"},\"author\":{\"name\":\"Algarve 7\",\"@id\":\"https:\\\/\\\/algarve7.pt\\\/#\\\/schema\\\/person\\\/23fa70681308e7b319a3204bcea45e0c\"},\"headline\":\"Viceroy at Ombria Algarve organiza Open Day orientado para carreiras na hotelaria de luxo\u00a0\",\"datePublished\":\"2026-02-01T09:30:00+00:00\",\"mainEntityOfPage\":{\"@id\":\"https:\\\/\\\/algarve7.pt\\\/index.php\\\/2026\\\/02\\\/viceroy-at-ombria-algarve-organiza-open-day-orientado-para-carreiras-na-hotelaria-de-luxo\\\/atualidade\\\/09\\\/30\\\/\"},\"wordCount\":361,\"publisher\":{\"@id\":\"https:\\\/\\\/algarve7.pt\\\/#organization\"},\"image\":{\"@id\":\"https:\\\/\\\/algarve7.pt\\\/index.php\\\/2026\\\/02\\\/viceroy-at-ombria-algarve-organiza-open-day-orientado-para-carreiras-na-hotelaria-de-luxo\\\/atualidade\\\/09\\\/30\\\/#primaryimage\"},\"thumbnailUrl\":\"https:\\\/\\\/algarve7.pt\\\/wp-content\\\/uploads\\\/2026\\\/01\\\/Imagem1.jpg\",\"articleSection\":[\"Atualidade\"],\"inLanguage\":\"pt-PT\"},{\"@type\":\"WebPage\",\"@id\":\"https:\\\/\\\/algarve7.pt\\\/index.php\\\/2026\\\/02\\\/viceroy-at-ombria-algarve-organiza-open-day-orientado-para-carreiras-na-hotelaria-de-luxo\\\/atualidade\\\/09\\\/30\\\/\",\"url\":\"https:\\\/\\\/algarve7.pt\\\/index.php\\\/2026\\\/02\\\/viceroy-at-ombria-algarve-organiza-open-day-orientado-para-carreiras-na-hotelaria-de-luxo\\\/atualidade\\\/09\\\/30\\\/\",\"name\":\"Viceroy at Ombria Algarve organiza Open Day orientado para carreiras na hotelaria de luxo\u00a0 - Algarve 7\",\"isPartOf\":{\"@id\":\"https:\\\/\\\/algarve7.pt\\\/#website\"},\"primaryImageOfPage\":{\"@id\":\"https:\\\/\\\/algarve7.pt\\\/index.php\\\/2026\\\/02\\\/viceroy-at-ombria-algarve-organiza-open-day-orientado-para-carreiras-na-hotelaria-de-luxo\\\/atualidade\\\/09\\\/30\\\/#primaryimage\"},\"image\":{\"@id\":\"https:\\\/\\\/algarve7.pt\\\/index.php\\\/2026\\\/02\\\/viceroy-at-ombria-algarve-organiza-open-day-orientado-para-carreiras-na-hotelaria-de-luxo\\\/atualidade\\\/09\\\/30\\\/#primaryimage\"},\"thumbnailUrl\":\"https:\\\/\\\/algarve7.pt\\\/wp-content\\\/uploads\\\/2026\\\/01\\\/Imagem1.jpg\",\"datePublished\":\"2026-02-01T09:30:00+00:00\",\"description\":\"Viceroy at Ombria Algarve organiza Open Day orientado para carreiras na hotelaria de luxo\u00a0 Atualidade\",\"breadcrumb\":{\"@id\":\"https:\\\/\\\/algarve7.pt\\\/index.php\\\/2026\\\/02\\\/viceroy-at-ombria-algarve-organiza-open-day-orientado-para-carreiras-na-hotelaria-de-luxo\\\/atualidade\\\/09\\\/30\\\/#breadcrumb\"},\"inLanguage\":\"pt-PT\",\"potentialAction\":[{\"@type\":\"ReadAction\",\"target\":[\"https:\\\/\\\/algarve7.pt\\\/index.php\\\/2026\\\/02\\\/viceroy-at-ombria-algarve-organiza-open-day-orientado-para-carreiras-na-hotelaria-de-luxo\\\/atualidade\\\/09\\\/30\\\/\"]}]},{\"@type\":\"ImageObject\",\"inLanguage\":\"pt-PT\",\"@id\":\"https:\\\/\\\/algarve7.pt\\\/index.php\\\/2026\\\/02\\\/viceroy-at-ombria-algarve-organiza-open-day-orientado-para-carreiras-na-hotelaria-de-luxo\\\/atualidade\\\/09\\\/30\\\/#primaryimage\",\"url\":\"https:\\\/\\\/algarve7.pt\\\/wp-content\\\/uploads\\\/2026\\\/01\\\/Imagem1.jpg\",\"contentUrl\":\"https:\\\/\\\/algarve7.pt\\\/wp-content\\\/uploads\\\/2026\\\/01\\\/Imagem1.jpg\",\"width\":800,\"height\":500},{\"@type\":\"BreadcrumbList\",\"@id\":\"https:\\\/\\\/algarve7.pt\\\/index.php\\\/2026\\\/02\\\/viceroy-at-ombria-algarve-organiza-open-day-orientado-para-carreiras-na-hotelaria-de-luxo\\\/atualidade\\\/09\\\/30\\\/#breadcrumb\",\"itemListElement\":[{\"@type\":\"ListItem\",\"position\":1,\"name\":\"In\u00edcio\",\"item\":\"https:\\\/\\\/algarve7.pt\\\/\"},{\"@type\":\"ListItem\",\"position\":2,\"name\":\"Viceroy at Ombria Algarve organiza Open Day orientado para carreiras na hotelaria de luxo\u00a0\"}]},{\"@type\":\"WebSite\",\"@id\":\"https:\\\/\\\/algarve7.pt\\\/#website\",\"url\":\"https:\\\/\\\/algarve7.pt\\\/\",\"name\":\"Algarve 7\",\"description\":\"Informa\u00e7\u00e3o sobre o Algarve\",\"publisher\":{\"@id\":\"https:\\\/\\\/algarve7.pt\\\/#organization\"},\"potentialAction\":[{\"@type\":\"SearchAction\",\"target\":{\"@type\":\"EntryPoint\",\"urlTemplate\":\"https:\\\/\\\/algarve7.pt\\\/?s={search_term_string}\"},\"query-input\":{\"@type\":\"PropertyValueSpecification\",\"valueRequired\":true,\"valueName\":\"search_term_string\"}}],\"inLanguage\":\"pt-PT\"},{\"@type\":\"Organization\",\"@id\":\"https:\\\/\\\/algarve7.pt\\\/#organization\",\"name\":\"Algarve 7\",\"url\":\"https:\\\/\\\/algarve7.pt\\\/\",\"logo\":{\"@type\":\"ImageObject\",\"inLanguage\":\"pt-PT\",\"@id\":\"https:\\\/\\\/algarve7.pt\\\/#\\\/schema\\\/logo\\\/image\\\/\",\"url\":\"https:\\\/\\\/algarve7.pt\\\/wp-content\\\/uploads\\\/2020\\\/10\\\/Logo-8.jpg\",\"contentUrl\":\"https:\\\/\\\/algarve7.pt\\\/wp-content\\\/uploads\\\/2020\\\/10\\\/Logo-8.jpg\",\"width\":1680,\"height\":1186,\"caption\":\"Algarve 7\"},\"image\":{\"@id\":\"https:\\\/\\\/algarve7.pt\\\/#\\\/schema\\\/logo\\\/image\\\/\"},\"sameAs\":[\"https:\\\/\\\/www.facebook.com\\\/algarve7\",\"https:\\\/\\\/x.com\\\/Algarvesete\",\"https:\\\/\\\/www.instagram.com\\\/jornalalgarve7\\\/\",\"https:\\\/\\\/www.linkedin.com\\\/company\\\/algarve7\",\"https:\\\/\\\/www.pinterest.pt\\\/geral0939\\\/_created\\\/\"]},{\"@type\":\"Person\",\"@id\":\"https:\\\/\\\/algarve7.pt\\\/#\\\/schema\\\/person\\\/23fa70681308e7b319a3204bcea45e0c\",\"name\":\"Algarve 7\",\"sameAs\":[\"https:\\\/\\\/algarve7.pt\",\"https:\\\/\\\/www.facebook.com\\\/algarve7\"],\"url\":\"https:\\\/\\\/algarve7.pt\\\/index.php\\\/author\\\/geralalgarve7-pt\\\/\"}]}<\/script>\n<!-- \/ Yoast SEO plugin. -->","yoast_head_json":{"title":"Viceroy at Ombria Algarve organiza Open Day orientado para carreiras na hotelaria de luxo\u00a0 - Algarve 7","description":"Viceroy at Ombria Algarve organiza Open Day orientado para carreiras na hotelaria de luxo\u00a0 Atualidade","robots":{"index":"index","follow":"follow","max-snippet":"max-snippet:-1","max-image-preview":"max-image-preview:large","max-video-preview":"max-video-preview:-1"},"canonical":"https:\/\/algarve7.pt\/index.php\/2026\/02\/viceroy-at-ombria-algarve-organiza-open-day-orientado-para-carreiras-na-hotelaria-de-luxo\/atualidade\/09\/30\/","og_locale":"pt_PT","og_type":"article","og_title":"Viceroy at Ombria Algarve organiza Open Day orientado para carreiras na hotelaria de luxo\u00a0 - Algarve 7","og_description":"Viceroy at Ombria Algarve organiza Open Day orientado para carreiras na hotelaria de luxo\u00a0 Atualidade","og_url":"https:\/\/algarve7.pt\/index.php\/2026\/02\/viceroy-at-ombria-algarve-organiza-open-day-orientado-para-carreiras-na-hotelaria-de-luxo\/atualidade\/09\/30\/","og_site_name":"Algarve 7","article_publisher":"https:\/\/www.facebook.com\/algarve7","article_author":"https:\/\/www.facebook.com\/algarve7","article_published_time":"2026-02-01T09:30:00+00:00","og_image":[{"width":800,"height":500,"url":"https:\/\/algarve7.pt\/wp-content\/uploads\/2026\/01\/Imagem1.jpg","type":"image\/jpeg"}],"author":"Algarve 7","twitter_card":"summary_large_image","twitter_creator":"@Algarvesete","twitter_site":"@Algarvesete","twitter_misc":{"Escrito por":"Algarve 7","Tempo estimado de leitura":"2 minutos"},"schema":{"@context":"https:\/\/schema.org","@graph":[{"@type":"Article","@id":"https:\/\/algarve7.pt\/index.php\/2026\/02\/viceroy-at-ombria-algarve-organiza-open-day-orientado-para-carreiras-na-hotelaria-de-luxo\/atualidade\/09\/30\/#article","isPartOf":{"@id":"https:\/\/algarve7.pt\/index.php\/2026\/02\/viceroy-at-ombria-algarve-organiza-open-day-orientado-para-carreiras-na-hotelaria-de-luxo\/atualidade\/09\/30\/"},"author":{"name":"Algarve 7","@id":"https:\/\/algarve7.pt\/#\/schema\/person\/23fa70681308e7b319a3204bcea45e0c"},"headline":"Viceroy at Ombria Algarve organiza Open Day orientado para carreiras na hotelaria de luxo\u00a0","datePublished":"2026-02-01T09:30:00+00:00","mainEntityOfPage":{"@id":"https:\/\/algarve7.pt\/index.php\/2026\/02\/viceroy-at-ombria-algarve-organiza-open-day-orientado-para-carreiras-na-hotelaria-de-luxo\/atualidade\/09\/30\/"},"wordCount":361,"publisher":{"@id":"https:\/\/algarve7.pt\/#organization"},"image":{"@id":"https:\/\/algarve7.pt\/index.php\/2026\/02\/viceroy-at-ombria-algarve-organiza-open-day-orientado-para-carreiras-na-hotelaria-de-luxo\/atualidade\/09\/30\/#primaryimage"},"thumbnailUrl":"https:\/\/algarve7.pt\/wp-content\/uploads\/2026\/01\/Imagem1.jpg","articleSection":["Atualidade"],"inLanguage":"pt-PT"},{"@type":"WebPage","@id":"https:\/\/algarve7.pt\/index.php\/2026\/02\/viceroy-at-ombria-algarve-organiza-open-day-orientado-para-carreiras-na-hotelaria-de-luxo\/atualidade\/09\/30\/","url":"https:\/\/algarve7.pt\/index.php\/2026\/02\/viceroy-at-ombria-algarve-organiza-open-day-orientado-para-carreiras-na-hotelaria-de-luxo\/atualidade\/09\/30\/","name":"Viceroy at Ombria Algarve organiza Open Day orientado para carreiras na hotelaria de luxo\u00a0 - Algarve 7","isPartOf":{"@id":"https:\/\/algarve7.pt\/#website"},"primaryImageOfPage":{"@id":"https:\/\/algarve7.pt\/index.php\/2026\/02\/viceroy-at-ombria-algarve-organiza-open-day-orientado-para-carreiras-na-hotelaria-de-luxo\/atualidade\/09\/30\/#primaryimage"},"image":{"@id":"https:\/\/algarve7.pt\/index.php\/2026\/02\/viceroy-at-ombria-algarve-organiza-open-day-orientado-para-carreiras-na-hotelaria-de-luxo\/atualidade\/09\/30\/#primaryimage"},"thumbnailUrl":"https:\/\/algarve7.pt\/wp-content\/uploads\/2026\/01\/Imagem1.jpg","datePublished":"2026-02-01T09:30:00+00:00","description":"Viceroy at Ombria Algarve organiza Open Day orientado para carreiras na hotelaria de luxo\u00a0 Atualidade","breadcrumb":{"@id":"https:\/\/algarve7.pt\/index.php\/2026\/02\/viceroy-at-ombria-algarve-organiza-open-day-orientado-para-carreiras-na-hotelaria-de-luxo\/atualidade\/09\/30\/#breadcrumb"},"inLanguage":"pt-PT","potentialAction":[{"@type":"ReadAction","target":["https:\/\/algarve7.pt\/index.php\/2026\/02\/viceroy-at-ombria-algarve-organiza-open-day-orientado-para-carreiras-na-hotelaria-de-luxo\/atualidade\/09\/30\/"]}]},{"@type":"ImageObject","inLanguage":"pt-PT","@id":"https:\/\/algarve7.pt\/index.php\/2026\/02\/viceroy-at-ombria-algarve-organiza-open-day-orientado-para-carreiras-na-hotelaria-de-luxo\/atualidade\/09\/30\/#primaryimage","url":"https:\/\/algarve7.pt\/wp-content\/uploads\/2026\/01\/Imagem1.jpg","contentUrl":"https:\/\/algarve7.pt\/wp-content\/uploads\/2026\/01\/Imagem1.jpg","width":800,"height":500},{"@type":"BreadcrumbList","@id":"https:\/\/algarve7.pt\/index.php\/2026\/02\/viceroy-at-ombria-algarve-organiza-open-day-orientado-para-carreiras-na-hotelaria-de-luxo\/atualidade\/09\/30\/#breadcrumb","itemListElement":[{"@type":"ListItem","position":1,"name":"In\u00edcio","item":"https:\/\/algarve7.pt\/"},{"@type":"ListItem","position":2,"name":"Viceroy at Ombria Algarve organiza Open Day orientado para carreiras na hotelaria de luxo\u00a0"}]},{"@type":"WebSite","@id":"https:\/\/algarve7.pt\/#website","url":"https:\/\/algarve7.pt\/","name":"Algarve 7","description":"Informa\u00e7\u00e3o sobre o Algarve","publisher":{"@id":"https:\/\/algarve7.pt\/#organization"},"potentialAction":[{"@type":"SearchAction","target":{"@type":"EntryPoint","urlTemplate":"https:\/\/algarve7.pt\/?s={search_term_string}"},"query-input":{"@type":"PropertyValueSpecification","valueRequired":true,"valueName":"search_term_string"}}],"inLanguage":"pt-PT"},{"@type":"Organization","@id":"https:\/\/algarve7.pt\/#organization","name":"Algarve 7","url":"https:\/\/algarve7.pt\/","logo":{"@type":"ImageObject","inLanguage":"pt-PT","@id":"https:\/\/algarve7.pt\/#\/schema\/logo\/image\/","url":"https:\/\/algarve7.pt\/wp-content\/uploads\/2020\/10\/Logo-8.jpg","contentUrl":"https:\/\/algarve7.pt\/wp-content\/uploads\/2020\/10\/Logo-8.jpg","width":1680,"height":1186,"caption":"Algarve 7"},"image":{"@id":"https:\/\/algarve7.pt\/#\/schema\/logo\/image\/"},"sameAs":["https:\/\/www.facebook.com\/algarve7","https:\/\/x.com\/Algarvesete","https:\/\/www.instagram.com\/jornalalgarve7\/","https:\/\/www.linkedin.com\/company\/algarve7","https:\/\/www.pinterest.pt\/geral0939\/_created\/"]},{"@type":"Person","@id":"https:\/\/algarve7.pt\/#\/schema\/person\/23fa70681308e7b319a3204bcea45e0c","name":"Algarve 7","sameAs":["https:\/\/algarve7.pt","https:\/\/www.facebook.com\/algarve7"],"url":"https:\/\/algarve7.pt\/index.php\/author\/geralalgarve7-pt\/"}]}},"jetpack_publicize_connections":[],"jetpack_featured_media_url":"https:\/\/algarve7.pt\/wp-content\/uploads\/2026\/01\/Imagem1.jpg","jetpack_shortlink":"https:\/\/wp.me\/pcezmW-f8O","jetpack_sharing_enabled":true,"_links":{"self":[{"href":"https:\/\/algarve7.pt\/index.php\/wp-json\/wp\/v2\/posts\/58206","targetHints":{"allow":["GET"]}}],"collection":[{"href":"https:\/\/algarve7.pt\/index.php\/wp-json\/wp\/v2\/posts"}],"about":[{"href":"https:\/\/algarve7.pt\/index.php\/wp-json\/wp\/v2\/types\/post"}],"author":[{"embeddable":true,"href":"https:\/\/algarve7.pt\/index.php\/wp-json\/wp\/v2\/users\/1"}],"replies":[{"embeddable":true,"href":"https:\/\/algarve7.pt\/index.php\/wp-json\/wp\/v2\/comments?post=58206"}],"version-history":[{"count":0,"href":"https:\/\/algarve7.pt\/index.php\/wp-json\/wp\/v2\/posts\/58206\/revisions"}],"wp:featuredmedia":[{"embeddable":true,"href":"https:\/\/algarve7.pt\/index.php\/wp-json\/wp\/v2\/media\/58207"}],"wp:attachment":[{"href":"https:\/\/algarve7.pt\/index.php\/wp-json\/wp\/v2\/media?parent=58206"}],"wp:term":[{"taxonomy":"category","embeddable":true,"href":"https:\/\/algarve7.pt\/index.php\/wp-json\/wp\/v2\/categories?post=58206"},{"taxonomy":"post_tag","embeddable":true,"href":"https:\/\/algarve7.pt\/index.php\/wp-json\/wp\/v2\/tags?post=58206"}],"curies":[{"name":"wp","href":"https:\/\/api.w.org\/{rel}","templated":true}]}}