{"id":58164,"date":"2026-01-28T21:09:15","date_gmt":"2026-01-28T21:09:15","guid":{"rendered":"https:\/\/algarve7.pt\/?p=58164"},"modified":"2026-01-28T21:09:19","modified_gmt":"2026-01-28T21:09:19","slug":"testes-superbike-chuva-limita-primeiro-dia-em-portimao","status":"publish","type":"post","link":"https:\/\/algarve7.pt\/index.php\/2026\/01\/testes-superbike-chuva-limita-primeiro-dia-em-portimao\/desporto\/21\/09\/","title":{"rendered":"Testes Superbike\u00a0chuva limita primeiro dia em Portim\u00e3o"},"content":{"rendered":"\n<p>Condicionado pela chuva o primeiro dia de testes dos pilotos e equipas do mundial&nbsp;<strong>Superbike<\/strong>&nbsp;no&nbsp;<strong>Aut\u00f3dromo Internacional do Algarve<\/strong>&nbsp;ficou marcado pela aus\u00eancia de Miguel Oliveira e da BMW e pela melhor volta de&nbsp;<strong>Garret Gerloff<\/strong>.<\/p>\n\n\n\n<p>Ap\u00f3s uma noite de tempestade que deixou marcas em todo o pa\u00eds foi com natural apreens\u00e3o que as equipas abriram as suas boxes para dar in\u00edcio a dois dias de trabalho. A chuva que surgiu de forma intermitente nas primeiras horas da manh\u00e3 acabou por dar lugar a um c\u00e9u encoberto que permitiu mesmo que o tra\u00e7ado secasse com a ajuda do vento e mesmo n\u00e3o atingindo temperaturas ideais permitiu que alguns pilotos fizessem ouvir os motores das suas motos.<\/p>\n\n\n\n<p>Os principais protagonistas do campeonato n\u00e3o chegaram no entanto&nbsp;a sair para a pista ao longo de todo o dia e com aus\u00eancia das&nbsp;<strong>BMW<\/strong>&nbsp;de&nbsp;<strong>Miguel Oliveira<\/strong>&nbsp;e&nbsp;<strong>Danilo Petrucci<\/strong>, a equipa abandonou o circuito no final da tarde de ontem, apenas&nbsp;<strong>19<\/strong>&nbsp;motos marcaram voltas com destaque para o texano&nbsp;<strong>Garret Gerloff<\/strong>&nbsp;que fechou o dia com o melhor tempo ao registar uma passagem em&nbsp;<strong>1m46.262s<\/strong>, uma volta muito distante do recorde do circuito (<strong>1m39.441s<\/strong>).<\/p>\n\n\n\n<p>Na segunda posi\u00e7\u00e3o terminou o &#8216;rookie&#8217;&nbsp;<strong>Alberto Surra<\/strong>, seguido pelo melhor dos pilotos&nbsp;<strong>Supersport<\/strong>,&nbsp;<strong>Phillip Oetll<\/strong>. Nota ainda para a presen\u00e7a em&nbsp;<strong>Portim\u00e3o<\/strong>&nbsp;de pilotos do campeonato norte-americano ou brit\u00e2nico que se juntaram aos mundialistas para um teste em conjunto e tamb\u00e9m de &#8216;conhecimento&#8217; das&nbsp;<strong>Ducati<\/strong>&nbsp;com que v\u00e3o alinhar nos respectivos campeonatos.<\/p>\n\n\n\n<p>Esta quinta-feira a pista estar\u00e1 novamente entregue aos pilotos das&nbsp;<strong>Superbike<\/strong>&nbsp;que esperam poder ter mais tempo de pista utiliz\u00e1vel para fechar o programa de testes em solo europeu pois de seguida rumam para a Austr\u00e1lia com vista ao arranque do campeonato.<\/p>\n\n\n\n<p><strong>Resultados Dia 1<\/strong><br>1\u00ba Garrett Gerloff \u2013 Kawasaki com 1m46.262s<br>2\u00ba Alberto Surra \u2013 Ducati a 0.984s<br>3\u00ba Philipp Oettl \u2013 Ducati a 2.473s<br>4\u00ba Lorenzo Baldassarri \u2013 Ducati a 4.055s<br>5\u00ba Luke Stapleford \u2013 Ducati a 7.303s<\/p>\n","protected":false},"excerpt":{"rendered":"<p>Condicionado pela chuva o primeiro dia de testes dos pilotos e equipas do mundial&nbsp;Superbike&nbsp;no&nbsp;Aut\u00f3dromo Internacional do Algarve&nbsp;ficou marcado pela aus\u00eancia<\/p>\n","protected":false},"author":1,"featured_media":58129,"comment_status":"closed","ping_status":"closed","sticky":false,"template":"","format":"standard","meta":{"colormag_page_container_layout":"default_layout","colormag_page_sidebar_layout":"default_layout","_monsterinsights_skip_tracking":false,"_monsterinsights_sitenote_active":false,"_monsterinsights_sitenote_note":"","_monsterinsights_sitenote_category":0,"jetpack_post_was_ever_published":false,"_jetpack_newsletter_access":"","_jetpack_dont_email_post_to_subs":false,"_jetpack_newsletter_tier_id":0,"_jetpack_memberships_contains_paywalled_content":false,"_jetpack_memberships_contains_paid_content":false,"footnotes":"","jetpack_publicize_message":"","jetpack_publicize_feature_enabled":true,"jetpack_social_post_already_shared":true,"jetpack_social_options":{"image_generator_settings":{"template":"highway","default_image_id":0,"font":"","enabled":false},"version":2}},"categories":[15],"tags":[36,40,72,453],"class_list":["post-58164","post","type-post","status-publish","format-standard","has-post-thumbnail","hentry","category-desporto","tag-algarve","tag-desporto","tag-portimao","tag-superbike"],"yoast_head":"<!-- This site is optimized with the Yoast SEO plugin v27.5 - https:\/\/yoast.com\/product\/yoast-seo-wordpress\/ -->\n<title>Testes Superbike\u00a0chuva limita primeiro dia em Portim\u00e3o - Algarve 7<\/title>\n<meta name=\"description\" content=\"Testes Superbike\u00a0chuva limita primeiro dia em Portim\u00e3o Desporto\" \/>\n<meta name=\"robots\" content=\"index, follow, max-snippet:-1, max-image-preview:large, max-video-preview:-1\" \/>\n<link rel=\"canonical\" href=\"https:\/\/algarve7.pt\/index.php\/2026\/01\/testes-superbike-chuva-limita-primeiro-dia-em-portimao\/desporto\/21\/09\/\" \/>\n<meta property=\"og:locale\" content=\"pt_PT\" \/>\n<meta property=\"og:type\" content=\"article\" \/>\n<meta property=\"og:title\" content=\"Testes Superbike\u00a0chuva limita primeiro dia em Portim\u00e3o - Algarve 7\" \/>\n<meta property=\"og:description\" content=\"Testes Superbike\u00a0chuva limita primeiro dia em Portim\u00e3o Desporto\" \/>\n<meta property=\"og:url\" content=\"https:\/\/algarve7.pt\/index.php\/2026\/01\/testes-superbike-chuva-limita-primeiro-dia-em-portimao\/desporto\/21\/09\/\" \/>\n<meta property=\"og:site_name\" content=\"Algarve 7\" \/>\n<meta property=\"article:publisher\" content=\"https:\/\/www.facebook.com\/algarve7\" \/>\n<meta property=\"article:author\" content=\"https:\/\/www.facebook.com\/algarve7\" \/>\n<meta property=\"article:published_time\" content=\"2026-01-28T21:09:15+00:00\" \/>\n<meta property=\"article:modified_time\" content=\"2026-01-28T21:09:19+00:00\" \/>\n<meta property=\"og:image\" content=\"https:\/\/algarve7.pt\/wp-content\/uploads\/2026\/01\/3caf9b52-a8e3-cfcc-73d5-6cef63ade675.jpg\" \/>\n\t<meta property=\"og:image:width\" content=\"800\" \/>\n\t<meta property=\"og:image:height\" content=\"500\" \/>\n\t<meta property=\"og:image:type\" content=\"image\/jpeg\" \/>\n<meta name=\"author\" content=\"Algarve 7\" \/>\n<meta name=\"twitter:card\" content=\"summary_large_image\" \/>\n<meta name=\"twitter:creator\" content=\"@Algarvesete\" \/>\n<meta name=\"twitter:site\" content=\"@Algarvesete\" \/>\n<meta name=\"twitter:label1\" content=\"Escrito por\" \/>\n\t<meta name=\"twitter:data1\" content=\"Algarve 7\" \/>\n\t<meta name=\"twitter:label2\" content=\"Tempo estimado de leitura\" \/>\n\t<meta name=\"twitter:data2\" content=\"2 minutos\" \/>\n<script type=\"application\/ld+json\" class=\"yoast-schema-graph\">{\"@context\":\"https:\\\/\\\/schema.org\",\"@graph\":[{\"@type\":\"Article\",\"@id\":\"https:\\\/\\\/algarve7.pt\\\/index.php\\\/2026\\\/01\\\/testes-superbike-chuva-limita-primeiro-dia-em-portimao\\\/desporto\\\/21\\\/09\\\/#article\",\"isPartOf\":{\"@id\":\"https:\\\/\\\/algarve7.pt\\\/index.php\\\/2026\\\/01\\\/testes-superbike-chuva-limita-primeiro-dia-em-portimao\\\/desporto\\\/21\\\/09\\\/\"},\"author\":{\"name\":\"Algarve 7\",\"@id\":\"https:\\\/\\\/algarve7.pt\\\/#\\\/schema\\\/person\\\/23fa70681308e7b319a3204bcea45e0c\"},\"headline\":\"Testes Superbike\u00a0chuva limita primeiro dia em Portim\u00e3o\",\"datePublished\":\"2026-01-28T21:09:15+00:00\",\"dateModified\":\"2026-01-28T21:09:19+00:00\",\"mainEntityOfPage\":{\"@id\":\"https:\\\/\\\/algarve7.pt\\\/index.php\\\/2026\\\/01\\\/testes-superbike-chuva-limita-primeiro-dia-em-portimao\\\/desporto\\\/21\\\/09\\\/\"},\"wordCount\":371,\"publisher\":{\"@id\":\"https:\\\/\\\/algarve7.pt\\\/#organization\"},\"image\":{\"@id\":\"https:\\\/\\\/algarve7.pt\\\/index.php\\\/2026\\\/01\\\/testes-superbike-chuva-limita-primeiro-dia-em-portimao\\\/desporto\\\/21\\\/09\\\/#primaryimage\"},\"thumbnailUrl\":\"https:\\\/\\\/algarve7.pt\\\/wp-content\\\/uploads\\\/2026\\\/01\\\/3caf9b52-a8e3-cfcc-73d5-6cef63ade675.jpg\",\"keywords\":[\"Algarve\",\"Desporto\",\"Portim\u00e3o\",\"Superbike\"],\"articleSection\":[\"Desporto\"],\"inLanguage\":\"pt-PT\"},{\"@type\":\"WebPage\",\"@id\":\"https:\\\/\\\/algarve7.pt\\\/index.php\\\/2026\\\/01\\\/testes-superbike-chuva-limita-primeiro-dia-em-portimao\\\/desporto\\\/21\\\/09\\\/\",\"url\":\"https:\\\/\\\/algarve7.pt\\\/index.php\\\/2026\\\/01\\\/testes-superbike-chuva-limita-primeiro-dia-em-portimao\\\/desporto\\\/21\\\/09\\\/\",\"name\":\"Testes Superbike\u00a0chuva limita primeiro dia em Portim\u00e3o - Algarve 7\",\"isPartOf\":{\"@id\":\"https:\\\/\\\/algarve7.pt\\\/#website\"},\"primaryImageOfPage\":{\"@id\":\"https:\\\/\\\/algarve7.pt\\\/index.php\\\/2026\\\/01\\\/testes-superbike-chuva-limita-primeiro-dia-em-portimao\\\/desporto\\\/21\\\/09\\\/#primaryimage\"},\"image\":{\"@id\":\"https:\\\/\\\/algarve7.pt\\\/index.php\\\/2026\\\/01\\\/testes-superbike-chuva-limita-primeiro-dia-em-portimao\\\/desporto\\\/21\\\/09\\\/#primaryimage\"},\"thumbnailUrl\":\"https:\\\/\\\/algarve7.pt\\\/wp-content\\\/uploads\\\/2026\\\/01\\\/3caf9b52-a8e3-cfcc-73d5-6cef63ade675.jpg\",\"datePublished\":\"2026-01-28T21:09:15+00:00\",\"dateModified\":\"2026-01-28T21:09:19+00:00\",\"description\":\"Testes Superbike\u00a0chuva limita primeiro dia em Portim\u00e3o Desporto\",\"breadcrumb\":{\"@id\":\"https:\\\/\\\/algarve7.pt\\\/index.php\\\/2026\\\/01\\\/testes-superbike-chuva-limita-primeiro-dia-em-portimao\\\/desporto\\\/21\\\/09\\\/#breadcrumb\"},\"inLanguage\":\"pt-PT\",\"potentialAction\":[{\"@type\":\"ReadAction\",\"target\":[\"https:\\\/\\\/algarve7.pt\\\/index.php\\\/2026\\\/01\\\/testes-superbike-chuva-limita-primeiro-dia-em-portimao\\\/desporto\\\/21\\\/09\\\/\"]}]},{\"@type\":\"ImageObject\",\"inLanguage\":\"pt-PT\",\"@id\":\"https:\\\/\\\/algarve7.pt\\\/index.php\\\/2026\\\/01\\\/testes-superbike-chuva-limita-primeiro-dia-em-portimao\\\/desporto\\\/21\\\/09\\\/#primaryimage\",\"url\":\"https:\\\/\\\/algarve7.pt\\\/wp-content\\\/uploads\\\/2026\\\/01\\\/3caf9b52-a8e3-cfcc-73d5-6cef63ade675.jpg\",\"contentUrl\":\"https:\\\/\\\/algarve7.pt\\\/wp-content\\\/uploads\\\/2026\\\/01\\\/3caf9b52-a8e3-cfcc-73d5-6cef63ade675.jpg\",\"width\":800,\"height\":500},{\"@type\":\"BreadcrumbList\",\"@id\":\"https:\\\/\\\/algarve7.pt\\\/index.php\\\/2026\\\/01\\\/testes-superbike-chuva-limita-primeiro-dia-em-portimao\\\/desporto\\\/21\\\/09\\\/#breadcrumb\",\"itemListElement\":[{\"@type\":\"ListItem\",\"position\":1,\"name\":\"In\u00edcio\",\"item\":\"https:\\\/\\\/algarve7.pt\\\/\"},{\"@type\":\"ListItem\",\"position\":2,\"name\":\"Testes Superbike\u00a0chuva limita primeiro dia em Portim\u00e3o\"}]},{\"@type\":\"WebSite\",\"@id\":\"https:\\\/\\\/algarve7.pt\\\/#website\",\"url\":\"https:\\\/\\\/algarve7.pt\\\/\",\"name\":\"Algarve 7\",\"description\":\"Informa\u00e7\u00e3o sobre o Algarve\",\"publisher\":{\"@id\":\"https:\\\/\\\/algarve7.pt\\\/#organization\"},\"potentialAction\":[{\"@type\":\"SearchAction\",\"target\":{\"@type\":\"EntryPoint\",\"urlTemplate\":\"https:\\\/\\\/algarve7.pt\\\/?s={search_term_string}\"},\"query-input\":{\"@type\":\"PropertyValueSpecification\",\"valueRequired\":true,\"valueName\":\"search_term_string\"}}],\"inLanguage\":\"pt-PT\"},{\"@type\":\"Organization\",\"@id\":\"https:\\\/\\\/algarve7.pt\\\/#organization\",\"name\":\"Algarve 7\",\"url\":\"https:\\\/\\\/algarve7.pt\\\/\",\"logo\":{\"@type\":\"ImageObject\",\"inLanguage\":\"pt-PT\",\"@id\":\"https:\\\/\\\/algarve7.pt\\\/#\\\/schema\\\/logo\\\/image\\\/\",\"url\":\"https:\\\/\\\/algarve7.pt\\\/wp-content\\\/uploads\\\/2020\\\/10\\\/Logo-8.jpg\",\"contentUrl\":\"https:\\\/\\\/algarve7.pt\\\/wp-content\\\/uploads\\\/2020\\\/10\\\/Logo-8.jpg\",\"width\":1680,\"height\":1186,\"caption\":\"Algarve 7\"},\"image\":{\"@id\":\"https:\\\/\\\/algarve7.pt\\\/#\\\/schema\\\/logo\\\/image\\\/\"},\"sameAs\":[\"https:\\\/\\\/www.facebook.com\\\/algarve7\",\"https:\\\/\\\/x.com\\\/Algarvesete\",\"https:\\\/\\\/www.instagram.com\\\/jornalalgarve7\\\/\",\"https:\\\/\\\/www.linkedin.com\\\/company\\\/algarve7\",\"https:\\\/\\\/www.pinterest.pt\\\/geral0939\\\/_created\\\/\"]},{\"@type\":\"Person\",\"@id\":\"https:\\\/\\\/algarve7.pt\\\/#\\\/schema\\\/person\\\/23fa70681308e7b319a3204bcea45e0c\",\"name\":\"Algarve 7\",\"sameAs\":[\"https:\\\/\\\/algarve7.pt\",\"https:\\\/\\\/www.facebook.com\\\/algarve7\"],\"url\":\"https:\\\/\\\/algarve7.pt\\\/index.php\\\/author\\\/geralalgarve7-pt\\\/\"}]}<\/script>\n<!-- \/ Yoast SEO plugin. -->","yoast_head_json":{"title":"Testes Superbike\u00a0chuva limita primeiro dia em Portim\u00e3o - Algarve 7","description":"Testes Superbike\u00a0chuva limita primeiro dia em Portim\u00e3o Desporto","robots":{"index":"index","follow":"follow","max-snippet":"max-snippet:-1","max-image-preview":"max-image-preview:large","max-video-preview":"max-video-preview:-1"},"canonical":"https:\/\/algarve7.pt\/index.php\/2026\/01\/testes-superbike-chuva-limita-primeiro-dia-em-portimao\/desporto\/21\/09\/","og_locale":"pt_PT","og_type":"article","og_title":"Testes Superbike\u00a0chuva limita primeiro dia em Portim\u00e3o - Algarve 7","og_description":"Testes Superbike\u00a0chuva limita primeiro dia em Portim\u00e3o Desporto","og_url":"https:\/\/algarve7.pt\/index.php\/2026\/01\/testes-superbike-chuva-limita-primeiro-dia-em-portimao\/desporto\/21\/09\/","og_site_name":"Algarve 7","article_publisher":"https:\/\/www.facebook.com\/algarve7","article_author":"https:\/\/www.facebook.com\/algarve7","article_published_time":"2026-01-28T21:09:15+00:00","article_modified_time":"2026-01-28T21:09:19+00:00","og_image":[{"width":800,"height":500,"url":"https:\/\/algarve7.pt\/wp-content\/uploads\/2026\/01\/3caf9b52-a8e3-cfcc-73d5-6cef63ade675.jpg","type":"image\/jpeg"}],"author":"Algarve 7","twitter_card":"summary_large_image","twitter_creator":"@Algarvesete","twitter_site":"@Algarvesete","twitter_misc":{"Escrito por":"Algarve 7","Tempo estimado de leitura":"2 minutos"},"schema":{"@context":"https:\/\/schema.org","@graph":[{"@type":"Article","@id":"https:\/\/algarve7.pt\/index.php\/2026\/01\/testes-superbike-chuva-limita-primeiro-dia-em-portimao\/desporto\/21\/09\/#article","isPartOf":{"@id":"https:\/\/algarve7.pt\/index.php\/2026\/01\/testes-superbike-chuva-limita-primeiro-dia-em-portimao\/desporto\/21\/09\/"},"author":{"name":"Algarve 7","@id":"https:\/\/algarve7.pt\/#\/schema\/person\/23fa70681308e7b319a3204bcea45e0c"},"headline":"Testes Superbike\u00a0chuva limita primeiro dia em Portim\u00e3o","datePublished":"2026-01-28T21:09:15+00:00","dateModified":"2026-01-28T21:09:19+00:00","mainEntityOfPage":{"@id":"https:\/\/algarve7.pt\/index.php\/2026\/01\/testes-superbike-chuva-limita-primeiro-dia-em-portimao\/desporto\/21\/09\/"},"wordCount":371,"publisher":{"@id":"https:\/\/algarve7.pt\/#organization"},"image":{"@id":"https:\/\/algarve7.pt\/index.php\/2026\/01\/testes-superbike-chuva-limita-primeiro-dia-em-portimao\/desporto\/21\/09\/#primaryimage"},"thumbnailUrl":"https:\/\/algarve7.pt\/wp-content\/uploads\/2026\/01\/3caf9b52-a8e3-cfcc-73d5-6cef63ade675.jpg","keywords":["Algarve","Desporto","Portim\u00e3o","Superbike"],"articleSection":["Desporto"],"inLanguage":"pt-PT"},{"@type":"WebPage","@id":"https:\/\/algarve7.pt\/index.php\/2026\/01\/testes-superbike-chuva-limita-primeiro-dia-em-portimao\/desporto\/21\/09\/","url":"https:\/\/algarve7.pt\/index.php\/2026\/01\/testes-superbike-chuva-limita-primeiro-dia-em-portimao\/desporto\/21\/09\/","name":"Testes Superbike\u00a0chuva limita primeiro dia em Portim\u00e3o - Algarve 7","isPartOf":{"@id":"https:\/\/algarve7.pt\/#website"},"primaryImageOfPage":{"@id":"https:\/\/algarve7.pt\/index.php\/2026\/01\/testes-superbike-chuva-limita-primeiro-dia-em-portimao\/desporto\/21\/09\/#primaryimage"},"image":{"@id":"https:\/\/algarve7.pt\/index.php\/2026\/01\/testes-superbike-chuva-limita-primeiro-dia-em-portimao\/desporto\/21\/09\/#primaryimage"},"thumbnailUrl":"https:\/\/algarve7.pt\/wp-content\/uploads\/2026\/01\/3caf9b52-a8e3-cfcc-73d5-6cef63ade675.jpg","datePublished":"2026-01-28T21:09:15+00:00","dateModified":"2026-01-28T21:09:19+00:00","description":"Testes Superbike\u00a0chuva limita primeiro dia em Portim\u00e3o Desporto","breadcrumb":{"@id":"https:\/\/algarve7.pt\/index.php\/2026\/01\/testes-superbike-chuva-limita-primeiro-dia-em-portimao\/desporto\/21\/09\/#breadcrumb"},"inLanguage":"pt-PT","potentialAction":[{"@type":"ReadAction","target":["https:\/\/algarve7.pt\/index.php\/2026\/01\/testes-superbike-chuva-limita-primeiro-dia-em-portimao\/desporto\/21\/09\/"]}]},{"@type":"ImageObject","inLanguage":"pt-PT","@id":"https:\/\/algarve7.pt\/index.php\/2026\/01\/testes-superbike-chuva-limita-primeiro-dia-em-portimao\/desporto\/21\/09\/#primaryimage","url":"https:\/\/algarve7.pt\/wp-content\/uploads\/2026\/01\/3caf9b52-a8e3-cfcc-73d5-6cef63ade675.jpg","contentUrl":"https:\/\/algarve7.pt\/wp-content\/uploads\/2026\/01\/3caf9b52-a8e3-cfcc-73d5-6cef63ade675.jpg","width":800,"height":500},{"@type":"BreadcrumbList","@id":"https:\/\/algarve7.pt\/index.php\/2026\/01\/testes-superbike-chuva-limita-primeiro-dia-em-portimao\/desporto\/21\/09\/#breadcrumb","itemListElement":[{"@type":"ListItem","position":1,"name":"In\u00edcio","item":"https:\/\/algarve7.pt\/"},{"@type":"ListItem","position":2,"name":"Testes Superbike\u00a0chuva limita primeiro dia em Portim\u00e3o"}]},{"@type":"WebSite","@id":"https:\/\/algarve7.pt\/#website","url":"https:\/\/algarve7.pt\/","name":"Algarve 7","description":"Informa\u00e7\u00e3o sobre o Algarve","publisher":{"@id":"https:\/\/algarve7.pt\/#organization"},"potentialAction":[{"@type":"SearchAction","target":{"@type":"EntryPoint","urlTemplate":"https:\/\/algarve7.pt\/?s={search_term_string}"},"query-input":{"@type":"PropertyValueSpecification","valueRequired":true,"valueName":"search_term_string"}}],"inLanguage":"pt-PT"},{"@type":"Organization","@id":"https:\/\/algarve7.pt\/#organization","name":"Algarve 7","url":"https:\/\/algarve7.pt\/","logo":{"@type":"ImageObject","inLanguage":"pt-PT","@id":"https:\/\/algarve7.pt\/#\/schema\/logo\/image\/","url":"https:\/\/algarve7.pt\/wp-content\/uploads\/2020\/10\/Logo-8.jpg","contentUrl":"https:\/\/algarve7.pt\/wp-content\/uploads\/2020\/10\/Logo-8.jpg","width":1680,"height":1186,"caption":"Algarve 7"},"image":{"@id":"https:\/\/algarve7.pt\/#\/schema\/logo\/image\/"},"sameAs":["https:\/\/www.facebook.com\/algarve7","https:\/\/x.com\/Algarvesete","https:\/\/www.instagram.com\/jornalalgarve7\/","https:\/\/www.linkedin.com\/company\/algarve7","https:\/\/www.pinterest.pt\/geral0939\/_created\/"]},{"@type":"Person","@id":"https:\/\/algarve7.pt\/#\/schema\/person\/23fa70681308e7b319a3204bcea45e0c","name":"Algarve 7","sameAs":["https:\/\/algarve7.pt","https:\/\/www.facebook.com\/algarve7"],"url":"https:\/\/algarve7.pt\/index.php\/author\/geralalgarve7-pt\/"}]}},"jetpack_publicize_connections":[],"jetpack_featured_media_url":"https:\/\/algarve7.pt\/wp-content\/uploads\/2026\/01\/3caf9b52-a8e3-cfcc-73d5-6cef63ade675.jpg","jetpack_shortlink":"https:\/\/wp.me\/pcezmW-f88","jetpack_sharing_enabled":true,"_links":{"self":[{"href":"https:\/\/algarve7.pt\/index.php\/wp-json\/wp\/v2\/posts\/58164","targetHints":{"allow":["GET"]}}],"collection":[{"href":"https:\/\/algarve7.pt\/index.php\/wp-json\/wp\/v2\/posts"}],"about":[{"href":"https:\/\/algarve7.pt\/index.php\/wp-json\/wp\/v2\/types\/post"}],"author":[{"embeddable":true,"href":"https:\/\/algarve7.pt\/index.php\/wp-json\/wp\/v2\/users\/1"}],"replies":[{"embeddable":true,"href":"https:\/\/algarve7.pt\/index.php\/wp-json\/wp\/v2\/comments?post=58164"}],"version-history":[{"count":0,"href":"https:\/\/algarve7.pt\/index.php\/wp-json\/wp\/v2\/posts\/58164\/revisions"}],"wp:featuredmedia":[{"embeddable":true,"href":"https:\/\/algarve7.pt\/index.php\/wp-json\/wp\/v2\/media\/58129"}],"wp:attachment":[{"href":"https:\/\/algarve7.pt\/index.php\/wp-json\/wp\/v2\/media?parent=58164"}],"wp:term":[{"taxonomy":"category","embeddable":true,"href":"https:\/\/algarve7.pt\/index.php\/wp-json\/wp\/v2\/categories?post=58164"},{"taxonomy":"post_tag","embeddable":true,"href":"https:\/\/algarve7.pt\/index.php\/wp-json\/wp\/v2\/tags?post=58164"}],"curies":[{"name":"wp","href":"https:\/\/api.w.org\/{rel}","templated":true}]}}