{"id":57985,"date":"2026-01-23T09:15:00","date_gmt":"2026-01-23T09:15:00","guid":{"rendered":"https:\/\/algarve7.pt\/?p=57985"},"modified":"2026-01-22T18:18:23","modified_gmt":"2026-01-22T18:18:23","slug":"camara-municipal-de-sao-bras-de-alportel-reforca-fundo-social-de-emergencia","status":"publish","type":"post","link":"https:\/\/algarve7.pt\/index.php\/2026\/01\/camara-municipal-de-sao-bras-de-alportel-reforca-fundo-social-de-emergencia\/atualidade\/09\/15\/","title":{"rendered":"C\u00e2mara Municipal de S\u00e3o Br\u00e1s de Alportel refor\u00e7a Fundo Social de Emerg\u00eancia"},"content":{"rendered":"\n<p>O executivo municipal de S\u00e3o Br\u00e1s de Alportel aprovou no final do ano o refor\u00e7o do Fundo Social de Emerg\u00eancia, atrav\u00e9s da atribui\u00e7\u00e3o de um apoio ao Centro de Cultura e Desporto dos Trabalhadores da C\u00e2mara Municipal e da Junta de Freguesia de S\u00e3o Br\u00e1s de Alportel, entidade parceria na operacionaliza\u00e7\u00e3o desta reposta social.&nbsp;<\/p>\n\n\n\n<p>Criado em 2014, o Fundo Social de Emerg\u00eancia tem como miss\u00e3o apoiar situa\u00e7\u00f5es de emerg\u00eancia social, designadamente atrav\u00e9s da aquisi\u00e7\u00e3o de bens de primeira necessidade, do pagamento de despesas de sa\u00fade, da compra de artigos para beb\u00e9s, entre outras despesas, sempre devidamente justificadas e fundamentadas no \u00e2mbito da interven\u00e7\u00e3o social.<\/p>\n\n\n\n<p>O Fundo \u00e9 gerido em parceria pelo Servi\u00e7o de A\u00e7\u00e3o Social do Munic\u00edpio, respons\u00e1vel pela avalia\u00e7\u00e3o das situa\u00e7\u00f5es de car\u00eancia e pelo encaminhamento dos pedidos de apoio, no contexto das interven\u00e7\u00f5es sociais em curso, e pela IPSS local CCD \u2013 Centro de Cultura e Desporto dos Trabalhadores da C\u00e2mara Municipal e da Junta de Freguesia de S\u00e3o Br\u00e1s de Alportel, a quem compete a aquisi\u00e7\u00e3o dos bens e o pagamento das despesas necess\u00e1rias.<\/p>\n\n\n\n<p>Ao longo do ano de 2025, foram atribu\u00eddos diversos apoios que permitiram responder a necessidades emergentes de agregados familiares em situa\u00e7\u00e3o de car\u00eancia social e econ\u00f3mica.<\/p>\n\n\n\n<p>Reconhecendo a import\u00e2ncia deste instrumento na interven\u00e7\u00e3o social desenvolvida no concelho, a C\u00e2mara Municipal aprovou o refor\u00e7o do Fundo Social de Emerg\u00eancia para 2026.<\/p>\n","protected":false},"excerpt":{"rendered":"<p>O executivo municipal de S\u00e3o Br\u00e1s de Alportel aprovou no final do ano o refor\u00e7o do Fundo Social de Emerg\u00eancia,<\/p>\n","protected":false},"author":1,"featured_media":57986,"comment_status":"closed","ping_status":"closed","sticky":false,"template":"","format":"standard","meta":{"colormag_page_container_layout":"default_layout","colormag_page_sidebar_layout":"default_layout","_monsterinsights_skip_tracking":false,"_monsterinsights_sitenote_active":false,"_monsterinsights_sitenote_note":"","_monsterinsights_sitenote_category":0,"jetpack_post_was_ever_published":false,"_jetpack_newsletter_access":"","_jetpack_dont_email_post_to_subs":false,"_jetpack_newsletter_tier_id":0,"_jetpack_memberships_contains_paywalled_content":false,"_jetpack_memberships_contains_paid_content":false,"footnotes":"","jetpack_publicize_message":"","jetpack_publicize_feature_enabled":true,"jetpack_social_post_already_shared":true,"jetpack_social_options":{"image_generator_settings":{"template":"highway","default_image_id":0,"font":"","enabled":false},"version":2}},"categories":[11],"tags":[36,62,63],"class_list":["post-57985","post","type-post","status-publish","format-standard","has-post-thumbnail","hentry","category-atualidade","tag-algarve","tag-atualidade","tag-sao-bras-de-alportel"],"yoast_head":"<!-- This site is optimized with the Yoast SEO plugin v27.4 - https:\/\/yoast.com\/product\/yoast-seo-wordpress\/ -->\n<title>C\u00e2mara Municipal de S\u00e3o Br\u00e1s de Alportel refor\u00e7a Fundo Social de Emerg\u00eancia - Algarve 7<\/title>\n<meta name=\"description\" content=\"C\u00e2mara Municipal de S\u00e3o Br\u00e1s de Alportel refor\u00e7a Fundo Social de Emerg\u00eancia Atualidade\" \/>\n<meta name=\"robots\" content=\"index, follow, max-snippet:-1, max-image-preview:large, max-video-preview:-1\" \/>\n<link rel=\"canonical\" href=\"https:\/\/algarve7.pt\/index.php\/2026\/01\/camara-municipal-de-sao-bras-de-alportel-reforca-fundo-social-de-emergencia\/atualidade\/09\/15\/\" \/>\n<meta property=\"og:locale\" content=\"pt_PT\" \/>\n<meta property=\"og:type\" content=\"article\" \/>\n<meta property=\"og:title\" content=\"C\u00e2mara Municipal de S\u00e3o Br\u00e1s de Alportel refor\u00e7a Fundo Social de Emerg\u00eancia - Algarve 7\" \/>\n<meta property=\"og:description\" content=\"C\u00e2mara Municipal de S\u00e3o Br\u00e1s de Alportel refor\u00e7a Fundo Social de Emerg\u00eancia Atualidade\" \/>\n<meta property=\"og:url\" content=\"https:\/\/algarve7.pt\/index.php\/2026\/01\/camara-municipal-de-sao-bras-de-alportel-reforca-fundo-social-de-emergencia\/atualidade\/09\/15\/\" \/>\n<meta property=\"og:site_name\" content=\"Algarve 7\" \/>\n<meta property=\"article:publisher\" content=\"https:\/\/www.facebook.com\/algarve7\" \/>\n<meta property=\"article:author\" content=\"https:\/\/www.facebook.com\/algarve7\" \/>\n<meta property=\"article:published_time\" content=\"2026-01-23T09:15:00+00:00\" \/>\n<meta property=\"og:image\" content=\"https:\/\/algarve7.pt\/wp-content\/uploads\/2026\/01\/Captura-de-ecra-2026-01-22-as-18.15.25.png\" \/>\n\t<meta property=\"og:image:width\" content=\"800\" \/>\n\t<meta property=\"og:image:height\" content=\"500\" \/>\n\t<meta property=\"og:image:type\" content=\"image\/png\" \/>\n<meta name=\"author\" content=\"Algarve 7\" \/>\n<meta name=\"twitter:card\" content=\"summary_large_image\" \/>\n<meta name=\"twitter:creator\" content=\"@Algarvesete\" \/>\n<meta name=\"twitter:site\" content=\"@Algarvesete\" \/>\n<meta name=\"twitter:label1\" content=\"Escrito por\" \/>\n\t<meta name=\"twitter:data1\" content=\"Algarve 7\" \/>\n\t<meta name=\"twitter:label2\" content=\"Tempo estimado de leitura\" \/>\n\t<meta name=\"twitter:data2\" content=\"2 minutos\" \/>\n<script type=\"application\/ld+json\" class=\"yoast-schema-graph\">{\"@context\":\"https:\\\/\\\/schema.org\",\"@graph\":[{\"@type\":\"Article\",\"@id\":\"https:\\\/\\\/algarve7.pt\\\/index.php\\\/2026\\\/01\\\/camara-municipal-de-sao-bras-de-alportel-reforca-fundo-social-de-emergencia\\\/atualidade\\\/09\\\/15\\\/#article\",\"isPartOf\":{\"@id\":\"https:\\\/\\\/algarve7.pt\\\/index.php\\\/2026\\\/01\\\/camara-municipal-de-sao-bras-de-alportel-reforca-fundo-social-de-emergencia\\\/atualidade\\\/09\\\/15\\\/\"},\"author\":{\"name\":\"Algarve 7\",\"@id\":\"https:\\\/\\\/algarve7.pt\\\/#\\\/schema\\\/person\\\/23fa70681308e7b319a3204bcea45e0c\"},\"headline\":\"C\u00e2mara Municipal de S\u00e3o Br\u00e1s de Alportel refor\u00e7a Fundo Social de Emerg\u00eancia\",\"datePublished\":\"2026-01-23T09:15:00+00:00\",\"mainEntityOfPage\":{\"@id\":\"https:\\\/\\\/algarve7.pt\\\/index.php\\\/2026\\\/01\\\/camara-municipal-de-sao-bras-de-alportel-reforca-fundo-social-de-emergencia\\\/atualidade\\\/09\\\/15\\\/\"},\"wordCount\":281,\"publisher\":{\"@id\":\"https:\\\/\\\/algarve7.pt\\\/#organization\"},\"image\":{\"@id\":\"https:\\\/\\\/algarve7.pt\\\/index.php\\\/2026\\\/01\\\/camara-municipal-de-sao-bras-de-alportel-reforca-fundo-social-de-emergencia\\\/atualidade\\\/09\\\/15\\\/#primaryimage\"},\"thumbnailUrl\":\"https:\\\/\\\/algarve7.pt\\\/wp-content\\\/uploads\\\/2026\\\/01\\\/Captura-de-ecra-2026-01-22-as-18.15.25.png\",\"keywords\":[\"Algarve\",\"Atualidade\",\"S\u00e3o Br\u00e1s de Alportel\"],\"articleSection\":[\"Atualidade\"],\"inLanguage\":\"pt-PT\"},{\"@type\":\"WebPage\",\"@id\":\"https:\\\/\\\/algarve7.pt\\\/index.php\\\/2026\\\/01\\\/camara-municipal-de-sao-bras-de-alportel-reforca-fundo-social-de-emergencia\\\/atualidade\\\/09\\\/15\\\/\",\"url\":\"https:\\\/\\\/algarve7.pt\\\/index.php\\\/2026\\\/01\\\/camara-municipal-de-sao-bras-de-alportel-reforca-fundo-social-de-emergencia\\\/atualidade\\\/09\\\/15\\\/\",\"name\":\"C\u00e2mara Municipal de S\u00e3o Br\u00e1s de Alportel refor\u00e7a Fundo Social de Emerg\u00eancia - Algarve 7\",\"isPartOf\":{\"@id\":\"https:\\\/\\\/algarve7.pt\\\/#website\"},\"primaryImageOfPage\":{\"@id\":\"https:\\\/\\\/algarve7.pt\\\/index.php\\\/2026\\\/01\\\/camara-municipal-de-sao-bras-de-alportel-reforca-fundo-social-de-emergencia\\\/atualidade\\\/09\\\/15\\\/#primaryimage\"},\"image\":{\"@id\":\"https:\\\/\\\/algarve7.pt\\\/index.php\\\/2026\\\/01\\\/camara-municipal-de-sao-bras-de-alportel-reforca-fundo-social-de-emergencia\\\/atualidade\\\/09\\\/15\\\/#primaryimage\"},\"thumbnailUrl\":\"https:\\\/\\\/algarve7.pt\\\/wp-content\\\/uploads\\\/2026\\\/01\\\/Captura-de-ecra-2026-01-22-as-18.15.25.png\",\"datePublished\":\"2026-01-23T09:15:00+00:00\",\"description\":\"C\u00e2mara Municipal de S\u00e3o Br\u00e1s de Alportel refor\u00e7a Fundo Social de Emerg\u00eancia Atualidade\",\"breadcrumb\":{\"@id\":\"https:\\\/\\\/algarve7.pt\\\/index.php\\\/2026\\\/01\\\/camara-municipal-de-sao-bras-de-alportel-reforca-fundo-social-de-emergencia\\\/atualidade\\\/09\\\/15\\\/#breadcrumb\"},\"inLanguage\":\"pt-PT\",\"potentialAction\":[{\"@type\":\"ReadAction\",\"target\":[\"https:\\\/\\\/algarve7.pt\\\/index.php\\\/2026\\\/01\\\/camara-municipal-de-sao-bras-de-alportel-reforca-fundo-social-de-emergencia\\\/atualidade\\\/09\\\/15\\\/\"]}]},{\"@type\":\"ImageObject\",\"inLanguage\":\"pt-PT\",\"@id\":\"https:\\\/\\\/algarve7.pt\\\/index.php\\\/2026\\\/01\\\/camara-municipal-de-sao-bras-de-alportel-reforca-fundo-social-de-emergencia\\\/atualidade\\\/09\\\/15\\\/#primaryimage\",\"url\":\"https:\\\/\\\/algarve7.pt\\\/wp-content\\\/uploads\\\/2026\\\/01\\\/Captura-de-ecra-2026-01-22-as-18.15.25.png\",\"contentUrl\":\"https:\\\/\\\/algarve7.pt\\\/wp-content\\\/uploads\\\/2026\\\/01\\\/Captura-de-ecra-2026-01-22-as-18.15.25.png\",\"width\":800,\"height\":500},{\"@type\":\"BreadcrumbList\",\"@id\":\"https:\\\/\\\/algarve7.pt\\\/index.php\\\/2026\\\/01\\\/camara-municipal-de-sao-bras-de-alportel-reforca-fundo-social-de-emergencia\\\/atualidade\\\/09\\\/15\\\/#breadcrumb\",\"itemListElement\":[{\"@type\":\"ListItem\",\"position\":1,\"name\":\"In\u00edcio\",\"item\":\"https:\\\/\\\/algarve7.pt\\\/\"},{\"@type\":\"ListItem\",\"position\":2,\"name\":\"C\u00e2mara Municipal de S\u00e3o Br\u00e1s de Alportel refor\u00e7a Fundo Social de Emerg\u00eancia\"}]},{\"@type\":\"WebSite\",\"@id\":\"https:\\\/\\\/algarve7.pt\\\/#website\",\"url\":\"https:\\\/\\\/algarve7.pt\\\/\",\"name\":\"Algarve 7\",\"description\":\"Informa\u00e7\u00e3o sobre o Algarve\",\"publisher\":{\"@id\":\"https:\\\/\\\/algarve7.pt\\\/#organization\"},\"potentialAction\":[{\"@type\":\"SearchAction\",\"target\":{\"@type\":\"EntryPoint\",\"urlTemplate\":\"https:\\\/\\\/algarve7.pt\\\/?s={search_term_string}\"},\"query-input\":{\"@type\":\"PropertyValueSpecification\",\"valueRequired\":true,\"valueName\":\"search_term_string\"}}],\"inLanguage\":\"pt-PT\"},{\"@type\":\"Organization\",\"@id\":\"https:\\\/\\\/algarve7.pt\\\/#organization\",\"name\":\"Algarve 7\",\"url\":\"https:\\\/\\\/algarve7.pt\\\/\",\"logo\":{\"@type\":\"ImageObject\",\"inLanguage\":\"pt-PT\",\"@id\":\"https:\\\/\\\/algarve7.pt\\\/#\\\/schema\\\/logo\\\/image\\\/\",\"url\":\"https:\\\/\\\/algarve7.pt\\\/wp-content\\\/uploads\\\/2020\\\/10\\\/Logo-8.jpg\",\"contentUrl\":\"https:\\\/\\\/algarve7.pt\\\/wp-content\\\/uploads\\\/2020\\\/10\\\/Logo-8.jpg\",\"width\":1680,\"height\":1186,\"caption\":\"Algarve 7\"},\"image\":{\"@id\":\"https:\\\/\\\/algarve7.pt\\\/#\\\/schema\\\/logo\\\/image\\\/\"},\"sameAs\":[\"https:\\\/\\\/www.facebook.com\\\/algarve7\",\"https:\\\/\\\/x.com\\\/Algarvesete\",\"https:\\\/\\\/www.instagram.com\\\/jornalalgarve7\\\/\",\"https:\\\/\\\/www.linkedin.com\\\/company\\\/algarve7\",\"https:\\\/\\\/www.pinterest.pt\\\/geral0939\\\/_created\\\/\"]},{\"@type\":\"Person\",\"@id\":\"https:\\\/\\\/algarve7.pt\\\/#\\\/schema\\\/person\\\/23fa70681308e7b319a3204bcea45e0c\",\"name\":\"Algarve 7\",\"sameAs\":[\"https:\\\/\\\/algarve7.pt\",\"https:\\\/\\\/www.facebook.com\\\/algarve7\"],\"url\":\"https:\\\/\\\/algarve7.pt\\\/index.php\\\/author\\\/geralalgarve7-pt\\\/\"}]}<\/script>\n<!-- \/ Yoast SEO plugin. -->","yoast_head_json":{"title":"C\u00e2mara Municipal de S\u00e3o Br\u00e1s de Alportel refor\u00e7a Fundo Social de Emerg\u00eancia - Algarve 7","description":"C\u00e2mara Municipal de S\u00e3o Br\u00e1s de Alportel refor\u00e7a Fundo Social de Emerg\u00eancia Atualidade","robots":{"index":"index","follow":"follow","max-snippet":"max-snippet:-1","max-image-preview":"max-image-preview:large","max-video-preview":"max-video-preview:-1"},"canonical":"https:\/\/algarve7.pt\/index.php\/2026\/01\/camara-municipal-de-sao-bras-de-alportel-reforca-fundo-social-de-emergencia\/atualidade\/09\/15\/","og_locale":"pt_PT","og_type":"article","og_title":"C\u00e2mara Municipal de S\u00e3o Br\u00e1s de Alportel refor\u00e7a Fundo Social de Emerg\u00eancia - Algarve 7","og_description":"C\u00e2mara Municipal de S\u00e3o Br\u00e1s de Alportel refor\u00e7a Fundo Social de Emerg\u00eancia Atualidade","og_url":"https:\/\/algarve7.pt\/index.php\/2026\/01\/camara-municipal-de-sao-bras-de-alportel-reforca-fundo-social-de-emergencia\/atualidade\/09\/15\/","og_site_name":"Algarve 7","article_publisher":"https:\/\/www.facebook.com\/algarve7","article_author":"https:\/\/www.facebook.com\/algarve7","article_published_time":"2026-01-23T09:15:00+00:00","og_image":[{"width":800,"height":500,"url":"https:\/\/algarve7.pt\/wp-content\/uploads\/2026\/01\/Captura-de-ecra-2026-01-22-as-18.15.25.png","type":"image\/png"}],"author":"Algarve 7","twitter_card":"summary_large_image","twitter_creator":"@Algarvesete","twitter_site":"@Algarvesete","twitter_misc":{"Escrito por":"Algarve 7","Tempo estimado de leitura":"2 minutos"},"schema":{"@context":"https:\/\/schema.org","@graph":[{"@type":"Article","@id":"https:\/\/algarve7.pt\/index.php\/2026\/01\/camara-municipal-de-sao-bras-de-alportel-reforca-fundo-social-de-emergencia\/atualidade\/09\/15\/#article","isPartOf":{"@id":"https:\/\/algarve7.pt\/index.php\/2026\/01\/camara-municipal-de-sao-bras-de-alportel-reforca-fundo-social-de-emergencia\/atualidade\/09\/15\/"},"author":{"name":"Algarve 7","@id":"https:\/\/algarve7.pt\/#\/schema\/person\/23fa70681308e7b319a3204bcea45e0c"},"headline":"C\u00e2mara Municipal de S\u00e3o Br\u00e1s de Alportel refor\u00e7a Fundo Social de Emerg\u00eancia","datePublished":"2026-01-23T09:15:00+00:00","mainEntityOfPage":{"@id":"https:\/\/algarve7.pt\/index.php\/2026\/01\/camara-municipal-de-sao-bras-de-alportel-reforca-fundo-social-de-emergencia\/atualidade\/09\/15\/"},"wordCount":281,"publisher":{"@id":"https:\/\/algarve7.pt\/#organization"},"image":{"@id":"https:\/\/algarve7.pt\/index.php\/2026\/01\/camara-municipal-de-sao-bras-de-alportel-reforca-fundo-social-de-emergencia\/atualidade\/09\/15\/#primaryimage"},"thumbnailUrl":"https:\/\/algarve7.pt\/wp-content\/uploads\/2026\/01\/Captura-de-ecra-2026-01-22-as-18.15.25.png","keywords":["Algarve","Atualidade","S\u00e3o Br\u00e1s de Alportel"],"articleSection":["Atualidade"],"inLanguage":"pt-PT"},{"@type":"WebPage","@id":"https:\/\/algarve7.pt\/index.php\/2026\/01\/camara-municipal-de-sao-bras-de-alportel-reforca-fundo-social-de-emergencia\/atualidade\/09\/15\/","url":"https:\/\/algarve7.pt\/index.php\/2026\/01\/camara-municipal-de-sao-bras-de-alportel-reforca-fundo-social-de-emergencia\/atualidade\/09\/15\/","name":"C\u00e2mara Municipal de S\u00e3o Br\u00e1s de Alportel refor\u00e7a Fundo Social de Emerg\u00eancia - Algarve 7","isPartOf":{"@id":"https:\/\/algarve7.pt\/#website"},"primaryImageOfPage":{"@id":"https:\/\/algarve7.pt\/index.php\/2026\/01\/camara-municipal-de-sao-bras-de-alportel-reforca-fundo-social-de-emergencia\/atualidade\/09\/15\/#primaryimage"},"image":{"@id":"https:\/\/algarve7.pt\/index.php\/2026\/01\/camara-municipal-de-sao-bras-de-alportel-reforca-fundo-social-de-emergencia\/atualidade\/09\/15\/#primaryimage"},"thumbnailUrl":"https:\/\/algarve7.pt\/wp-content\/uploads\/2026\/01\/Captura-de-ecra-2026-01-22-as-18.15.25.png","datePublished":"2026-01-23T09:15:00+00:00","description":"C\u00e2mara Municipal de S\u00e3o Br\u00e1s de Alportel refor\u00e7a Fundo Social de Emerg\u00eancia Atualidade","breadcrumb":{"@id":"https:\/\/algarve7.pt\/index.php\/2026\/01\/camara-municipal-de-sao-bras-de-alportel-reforca-fundo-social-de-emergencia\/atualidade\/09\/15\/#breadcrumb"},"inLanguage":"pt-PT","potentialAction":[{"@type":"ReadAction","target":["https:\/\/algarve7.pt\/index.php\/2026\/01\/camara-municipal-de-sao-bras-de-alportel-reforca-fundo-social-de-emergencia\/atualidade\/09\/15\/"]}]},{"@type":"ImageObject","inLanguage":"pt-PT","@id":"https:\/\/algarve7.pt\/index.php\/2026\/01\/camara-municipal-de-sao-bras-de-alportel-reforca-fundo-social-de-emergencia\/atualidade\/09\/15\/#primaryimage","url":"https:\/\/algarve7.pt\/wp-content\/uploads\/2026\/01\/Captura-de-ecra-2026-01-22-as-18.15.25.png","contentUrl":"https:\/\/algarve7.pt\/wp-content\/uploads\/2026\/01\/Captura-de-ecra-2026-01-22-as-18.15.25.png","width":800,"height":500},{"@type":"BreadcrumbList","@id":"https:\/\/algarve7.pt\/index.php\/2026\/01\/camara-municipal-de-sao-bras-de-alportel-reforca-fundo-social-de-emergencia\/atualidade\/09\/15\/#breadcrumb","itemListElement":[{"@type":"ListItem","position":1,"name":"In\u00edcio","item":"https:\/\/algarve7.pt\/"},{"@type":"ListItem","position":2,"name":"C\u00e2mara Municipal de S\u00e3o Br\u00e1s de Alportel refor\u00e7a Fundo Social de Emerg\u00eancia"}]},{"@type":"WebSite","@id":"https:\/\/algarve7.pt\/#website","url":"https:\/\/algarve7.pt\/","name":"Algarve 7","description":"Informa\u00e7\u00e3o sobre o Algarve","publisher":{"@id":"https:\/\/algarve7.pt\/#organization"},"potentialAction":[{"@type":"SearchAction","target":{"@type":"EntryPoint","urlTemplate":"https:\/\/algarve7.pt\/?s={search_term_string}"},"query-input":{"@type":"PropertyValueSpecification","valueRequired":true,"valueName":"search_term_string"}}],"inLanguage":"pt-PT"},{"@type":"Organization","@id":"https:\/\/algarve7.pt\/#organization","name":"Algarve 7","url":"https:\/\/algarve7.pt\/","logo":{"@type":"ImageObject","inLanguage":"pt-PT","@id":"https:\/\/algarve7.pt\/#\/schema\/logo\/image\/","url":"https:\/\/algarve7.pt\/wp-content\/uploads\/2020\/10\/Logo-8.jpg","contentUrl":"https:\/\/algarve7.pt\/wp-content\/uploads\/2020\/10\/Logo-8.jpg","width":1680,"height":1186,"caption":"Algarve 7"},"image":{"@id":"https:\/\/algarve7.pt\/#\/schema\/logo\/image\/"},"sameAs":["https:\/\/www.facebook.com\/algarve7","https:\/\/x.com\/Algarvesete","https:\/\/www.instagram.com\/jornalalgarve7\/","https:\/\/www.linkedin.com\/company\/algarve7","https:\/\/www.pinterest.pt\/geral0939\/_created\/"]},{"@type":"Person","@id":"https:\/\/algarve7.pt\/#\/schema\/person\/23fa70681308e7b319a3204bcea45e0c","name":"Algarve 7","sameAs":["https:\/\/algarve7.pt","https:\/\/www.facebook.com\/algarve7"],"url":"https:\/\/algarve7.pt\/index.php\/author\/geralalgarve7-pt\/"}]}},"jetpack_publicize_connections":[],"jetpack_featured_media_url":"https:\/\/algarve7.pt\/wp-content\/uploads\/2026\/01\/Captura-de-ecra-2026-01-22-as-18.15.25.png","jetpack_shortlink":"https:\/\/wp.me\/pcezmW-f5f","jetpack_sharing_enabled":true,"_links":{"self":[{"href":"https:\/\/algarve7.pt\/index.php\/wp-json\/wp\/v2\/posts\/57985","targetHints":{"allow":["GET"]}}],"collection":[{"href":"https:\/\/algarve7.pt\/index.php\/wp-json\/wp\/v2\/posts"}],"about":[{"href":"https:\/\/algarve7.pt\/index.php\/wp-json\/wp\/v2\/types\/post"}],"author":[{"embeddable":true,"href":"https:\/\/algarve7.pt\/index.php\/wp-json\/wp\/v2\/users\/1"}],"replies":[{"embeddable":true,"href":"https:\/\/algarve7.pt\/index.php\/wp-json\/wp\/v2\/comments?post=57985"}],"version-history":[{"count":0,"href":"https:\/\/algarve7.pt\/index.php\/wp-json\/wp\/v2\/posts\/57985\/revisions"}],"wp:featuredmedia":[{"embeddable":true,"href":"https:\/\/algarve7.pt\/index.php\/wp-json\/wp\/v2\/media\/57986"}],"wp:attachment":[{"href":"https:\/\/algarve7.pt\/index.php\/wp-json\/wp\/v2\/media?parent=57985"}],"wp:term":[{"taxonomy":"category","embeddable":true,"href":"https:\/\/algarve7.pt\/index.php\/wp-json\/wp\/v2\/categories?post=57985"},{"taxonomy":"post_tag","embeddable":true,"href":"https:\/\/algarve7.pt\/index.php\/wp-json\/wp\/v2\/tags?post=57985"}],"curies":[{"name":"wp","href":"https:\/\/api.w.org\/{rel}","templated":true}]}}