{"id":57848,"date":"2026-01-19T12:54:04","date_gmt":"2026-01-19T12:54:04","guid":{"rendered":"https:\/\/algarve7.pt\/?p=57848"},"modified":"2026-01-19T12:54:08","modified_gmt":"2026-01-19T12:54:08","slug":"junta-de-freguesia-de-boliqueime-lanca-projeto-academia-senior-jovens-ha-tempo","status":"publish","type":"post","link":"https:\/\/algarve7.pt\/index.php\/2026\/01\/junta-de-freguesia-de-boliqueime-lanca-projeto-academia-senior-jovens-ha-tempo\/atualidade\/12\/54\/","title":{"rendered":"Junta de Freguesia de Boliqueime lan\u00e7a projeto Academia S\u00e9nior Jovens H\u00e1 + Tempo"},"content":{"rendered":"\n<p>A Junta de Freguesia de Boliqueime lan\u00e7ou o projeto Academia S\u00e9nior Jovens H\u00e1 + Tempo, uma iniciativa que visa dar resposta \u00e0s necessidades da popula\u00e7\u00e3o s\u00e9nior da freguesia, promovendo o envelhecimento ativo, a inclus\u00e3o social e a aprendizagem ao longo da vida.<\/p>\n\n\n\n<p>A sess\u00e3o de apresenta\u00e7\u00e3o do projeto decorreu na quinta-feira, dia 15 de janeiro, na antiga Escola Prim\u00e1ria de Boliqueime, e marcou o arranque desta iniciativa.<\/p>\n\n\n\n<p>Segundo o presidente da Junta de Freguesia de Boliqueime, Nelson Braz\u00e3o, a Academia surge como uma resposta estruturada \u00e0s necessidades sentidas na freguesia, permitindo criar din\u00e2micas regulares de ocupa\u00e7\u00e3o, conv\u00edvio e aprendizagem, com o objetivo de contribuir para a melhoria da qualidade de vida da popula\u00e7\u00e3o s\u00e9nior.<\/p>\n\n\n\n<p>A sess\u00e3o contou com a presen\u00e7a de Vasco Gary, do Gabinete de Apoio da Vereadora Maria Esteves,respons\u00e1vel pelas \u00e1reas da Sa\u00fade e Bem-Estar e Coes\u00e3o Social na C\u00e2mara Municipal de Loul\u00e9.<\/p>\n\n\n\n<p>A Academia S\u00e9nior Jovens H\u00e1 + Tempo iniciar\u00e1 as suas atividades hoje, dia 19 de janeiro, funcionando, numa fase inicial, durante um semestre, at\u00e9 ao m\u00eas de junho. Est\u00e1 j\u00e1 prevista a continuidade do projeto em regime anual, com dois semestres, a partir da pr\u00f3xima edi\u00e7\u00e3o.<\/p>\n\n\n\n<p>As inscri\u00e7\u00f5es encontram-se abertas e podem ser efetuadas nas instala\u00e7\u00f5es da Junta de Freguesia de Boliqueime. A oferta formativa inclui aulas de Artes, dinamizadas por Artemisa Santa-Rita; Movimento S\u00e9nior (Gin\u00e1stica), com Carina Soares; Educa\u00e7\u00e3o Emocional, programa da C\u00e2mara Municipal de Loul\u00e9, com Herm\u00ednia Martins; Inform\u00e1tica, com C\u00e1tia Gon\u00e7alves; Ingl\u00eas \u2013 n\u00edvel I, com Ang\u00e9lique Alho; Ervas e Mezinhas, com Patr\u00edcia Jacinto; Direitos e Deveres, com Joana Gago; e Poesia, com Domit\u00edlia Gon\u00e7alves.<\/p>\n\n\n\n<p>Estas atividades est\u00e3o dispon\u00edveis para interessados com mais de 50 anos.<\/p>\n","protected":false},"excerpt":{"rendered":"<p>A Junta de Freguesia de Boliqueime lan\u00e7ou o projeto Academia S\u00e9nior Jovens H\u00e1 + Tempo, uma iniciativa que visa dar<\/p>\n","protected":false},"author":1,"featured_media":57849,"comment_status":"closed","ping_status":"closed","sticky":false,"template":"","format":"standard","meta":{"colormag_page_container_layout":"default_layout","colormag_page_sidebar_layout":"default_layout","_monsterinsights_skip_tracking":false,"_monsterinsights_sitenote_active":false,"_monsterinsights_sitenote_note":"","_monsterinsights_sitenote_category":0,"jetpack_post_was_ever_published":false,"_jetpack_newsletter_access":"","_jetpack_dont_email_post_to_subs":false,"_jetpack_newsletter_tier_id":0,"_jetpack_memberships_contains_paywalled_content":false,"_jetpack_memberships_contains_paid_content":false,"footnotes":"","jetpack_publicize_message":"","jetpack_publicize_feature_enabled":true,"jetpack_social_post_already_shared":true,"jetpack_social_options":{"image_generator_settings":{"template":"highway","default_image_id":0,"font":"","enabled":false},"version":2}},"categories":[11],"tags":[36,62,133],"class_list":["post-57848","post","type-post","status-publish","format-standard","has-post-thumbnail","hentry","category-atualidade","tag-algarve","tag-atualidade","tag-boliqueime"],"yoast_head":"<!-- This site is optimized with the Yoast SEO plugin v27.4 - https:\/\/yoast.com\/product\/yoast-seo-wordpress\/ -->\n<title>Junta de Freguesia de Boliqueime lan\u00e7a projeto Academia S\u00e9nior Jovens H\u00e1 + Tempo - Algarve 7<\/title>\n<meta name=\"description\" content=\"Junta de Freguesia de Boliqueime lan\u00e7a projeto Academia S\u00e9nior Jovens H\u00e1 + Tempo Atualidade\" \/>\n<meta name=\"robots\" content=\"index, follow, max-snippet:-1, max-image-preview:large, max-video-preview:-1\" \/>\n<link rel=\"canonical\" href=\"https:\/\/algarve7.pt\/index.php\/2026\/01\/junta-de-freguesia-de-boliqueime-lanca-projeto-academia-senior-jovens-ha-tempo\/atualidade\/12\/54\/\" \/>\n<meta property=\"og:locale\" content=\"pt_PT\" \/>\n<meta property=\"og:type\" content=\"article\" \/>\n<meta property=\"og:title\" content=\"Junta de Freguesia de Boliqueime lan\u00e7a projeto Academia S\u00e9nior Jovens H\u00e1 + Tempo - Algarve 7\" \/>\n<meta property=\"og:description\" content=\"Junta de Freguesia de Boliqueime lan\u00e7a projeto Academia S\u00e9nior Jovens H\u00e1 + Tempo Atualidade\" \/>\n<meta property=\"og:url\" content=\"https:\/\/algarve7.pt\/index.php\/2026\/01\/junta-de-freguesia-de-boliqueime-lanca-projeto-academia-senior-jovens-ha-tempo\/atualidade\/12\/54\/\" \/>\n<meta property=\"og:site_name\" content=\"Algarve 7\" \/>\n<meta property=\"article:publisher\" content=\"https:\/\/www.facebook.com\/algarve7\" \/>\n<meta property=\"article:author\" content=\"https:\/\/www.facebook.com\/algarve7\" \/>\n<meta property=\"article:published_time\" content=\"2026-01-19T12:54:04+00:00\" \/>\n<meta property=\"article:modified_time\" content=\"2026-01-19T12:54:08+00:00\" \/>\n<meta property=\"og:image\" content=\"https:\/\/algarve7.pt\/wp-content\/uploads\/2026\/01\/Lancamento-Academia-Senior-de-Boliqueime-15-01-2026-1.jpg\" \/>\n\t<meta property=\"og:image:width\" content=\"800\" \/>\n\t<meta property=\"og:image:height\" content=\"500\" \/>\n\t<meta property=\"og:image:type\" content=\"image\/jpeg\" \/>\n<meta name=\"author\" content=\"Algarve 7\" \/>\n<meta name=\"twitter:card\" content=\"summary_large_image\" \/>\n<meta name=\"twitter:creator\" content=\"@Algarvesete\" \/>\n<meta name=\"twitter:site\" content=\"@Algarvesete\" \/>\n<meta name=\"twitter:label1\" content=\"Escrito por\" \/>\n\t<meta name=\"twitter:data1\" content=\"Algarve 7\" \/>\n\t<meta name=\"twitter:label2\" content=\"Tempo estimado de leitura\" \/>\n\t<meta name=\"twitter:data2\" content=\"2 minutos\" \/>\n<script type=\"application\/ld+json\" class=\"yoast-schema-graph\">{\"@context\":\"https:\\\/\\\/schema.org\",\"@graph\":[{\"@type\":\"Article\",\"@id\":\"https:\\\/\\\/algarve7.pt\\\/index.php\\\/2026\\\/01\\\/junta-de-freguesia-de-boliqueime-lanca-projeto-academia-senior-jovens-ha-tempo\\\/atualidade\\\/12\\\/54\\\/#article\",\"isPartOf\":{\"@id\":\"https:\\\/\\\/algarve7.pt\\\/index.php\\\/2026\\\/01\\\/junta-de-freguesia-de-boliqueime-lanca-projeto-academia-senior-jovens-ha-tempo\\\/atualidade\\\/12\\\/54\\\/\"},\"author\":{\"name\":\"Algarve 7\",\"@id\":\"https:\\\/\\\/algarve7.pt\\\/#\\\/schema\\\/person\\\/23fa70681308e7b319a3204bcea45e0c\"},\"headline\":\"Junta de Freguesia de Boliqueime lan\u00e7a projeto Academia S\u00e9nior Jovens H\u00e1 + Tempo\",\"datePublished\":\"2026-01-19T12:54:04+00:00\",\"dateModified\":\"2026-01-19T12:54:08+00:00\",\"mainEntityOfPage\":{\"@id\":\"https:\\\/\\\/algarve7.pt\\\/index.php\\\/2026\\\/01\\\/junta-de-freguesia-de-boliqueime-lanca-projeto-academia-senior-jovens-ha-tempo\\\/atualidade\\\/12\\\/54\\\/\"},\"wordCount\":325,\"publisher\":{\"@id\":\"https:\\\/\\\/algarve7.pt\\\/#organization\"},\"image\":{\"@id\":\"https:\\\/\\\/algarve7.pt\\\/index.php\\\/2026\\\/01\\\/junta-de-freguesia-de-boliqueime-lanca-projeto-academia-senior-jovens-ha-tempo\\\/atualidade\\\/12\\\/54\\\/#primaryimage\"},\"thumbnailUrl\":\"https:\\\/\\\/algarve7.pt\\\/wp-content\\\/uploads\\\/2026\\\/01\\\/Lancamento-Academia-Senior-de-Boliqueime-15-01-2026-1.jpg\",\"keywords\":[\"Algarve\",\"Atualidade\",\"Boliqueime\"],\"articleSection\":[\"Atualidade\"],\"inLanguage\":\"pt-PT\"},{\"@type\":\"WebPage\",\"@id\":\"https:\\\/\\\/algarve7.pt\\\/index.php\\\/2026\\\/01\\\/junta-de-freguesia-de-boliqueime-lanca-projeto-academia-senior-jovens-ha-tempo\\\/atualidade\\\/12\\\/54\\\/\",\"url\":\"https:\\\/\\\/algarve7.pt\\\/index.php\\\/2026\\\/01\\\/junta-de-freguesia-de-boliqueime-lanca-projeto-academia-senior-jovens-ha-tempo\\\/atualidade\\\/12\\\/54\\\/\",\"name\":\"Junta de Freguesia de Boliqueime lan\u00e7a projeto Academia S\u00e9nior Jovens H\u00e1 + Tempo - Algarve 7\",\"isPartOf\":{\"@id\":\"https:\\\/\\\/algarve7.pt\\\/#website\"},\"primaryImageOfPage\":{\"@id\":\"https:\\\/\\\/algarve7.pt\\\/index.php\\\/2026\\\/01\\\/junta-de-freguesia-de-boliqueime-lanca-projeto-academia-senior-jovens-ha-tempo\\\/atualidade\\\/12\\\/54\\\/#primaryimage\"},\"image\":{\"@id\":\"https:\\\/\\\/algarve7.pt\\\/index.php\\\/2026\\\/01\\\/junta-de-freguesia-de-boliqueime-lanca-projeto-academia-senior-jovens-ha-tempo\\\/atualidade\\\/12\\\/54\\\/#primaryimage\"},\"thumbnailUrl\":\"https:\\\/\\\/algarve7.pt\\\/wp-content\\\/uploads\\\/2026\\\/01\\\/Lancamento-Academia-Senior-de-Boliqueime-15-01-2026-1.jpg\",\"datePublished\":\"2026-01-19T12:54:04+00:00\",\"dateModified\":\"2026-01-19T12:54:08+00:00\",\"description\":\"Junta de Freguesia de Boliqueime lan\u00e7a projeto Academia S\u00e9nior Jovens H\u00e1 + Tempo Atualidade\",\"breadcrumb\":{\"@id\":\"https:\\\/\\\/algarve7.pt\\\/index.php\\\/2026\\\/01\\\/junta-de-freguesia-de-boliqueime-lanca-projeto-academia-senior-jovens-ha-tempo\\\/atualidade\\\/12\\\/54\\\/#breadcrumb\"},\"inLanguage\":\"pt-PT\",\"potentialAction\":[{\"@type\":\"ReadAction\",\"target\":[\"https:\\\/\\\/algarve7.pt\\\/index.php\\\/2026\\\/01\\\/junta-de-freguesia-de-boliqueime-lanca-projeto-academia-senior-jovens-ha-tempo\\\/atualidade\\\/12\\\/54\\\/\"]}]},{\"@type\":\"ImageObject\",\"inLanguage\":\"pt-PT\",\"@id\":\"https:\\\/\\\/algarve7.pt\\\/index.php\\\/2026\\\/01\\\/junta-de-freguesia-de-boliqueime-lanca-projeto-academia-senior-jovens-ha-tempo\\\/atualidade\\\/12\\\/54\\\/#primaryimage\",\"url\":\"https:\\\/\\\/algarve7.pt\\\/wp-content\\\/uploads\\\/2026\\\/01\\\/Lancamento-Academia-Senior-de-Boliqueime-15-01-2026-1.jpg\",\"contentUrl\":\"https:\\\/\\\/algarve7.pt\\\/wp-content\\\/uploads\\\/2026\\\/01\\\/Lancamento-Academia-Senior-de-Boliqueime-15-01-2026-1.jpg\",\"width\":800,\"height\":500},{\"@type\":\"BreadcrumbList\",\"@id\":\"https:\\\/\\\/algarve7.pt\\\/index.php\\\/2026\\\/01\\\/junta-de-freguesia-de-boliqueime-lanca-projeto-academia-senior-jovens-ha-tempo\\\/atualidade\\\/12\\\/54\\\/#breadcrumb\",\"itemListElement\":[{\"@type\":\"ListItem\",\"position\":1,\"name\":\"In\u00edcio\",\"item\":\"https:\\\/\\\/algarve7.pt\\\/\"},{\"@type\":\"ListItem\",\"position\":2,\"name\":\"Junta de Freguesia de Boliqueime lan\u00e7a projeto Academia S\u00e9nior Jovens H\u00e1 + Tempo\"}]},{\"@type\":\"WebSite\",\"@id\":\"https:\\\/\\\/algarve7.pt\\\/#website\",\"url\":\"https:\\\/\\\/algarve7.pt\\\/\",\"name\":\"Algarve 7\",\"description\":\"Informa\u00e7\u00e3o sobre o Algarve\",\"publisher\":{\"@id\":\"https:\\\/\\\/algarve7.pt\\\/#organization\"},\"potentialAction\":[{\"@type\":\"SearchAction\",\"target\":{\"@type\":\"EntryPoint\",\"urlTemplate\":\"https:\\\/\\\/algarve7.pt\\\/?s={search_term_string}\"},\"query-input\":{\"@type\":\"PropertyValueSpecification\",\"valueRequired\":true,\"valueName\":\"search_term_string\"}}],\"inLanguage\":\"pt-PT\"},{\"@type\":\"Organization\",\"@id\":\"https:\\\/\\\/algarve7.pt\\\/#organization\",\"name\":\"Algarve 7\",\"url\":\"https:\\\/\\\/algarve7.pt\\\/\",\"logo\":{\"@type\":\"ImageObject\",\"inLanguage\":\"pt-PT\",\"@id\":\"https:\\\/\\\/algarve7.pt\\\/#\\\/schema\\\/logo\\\/image\\\/\",\"url\":\"https:\\\/\\\/algarve7.pt\\\/wp-content\\\/uploads\\\/2020\\\/10\\\/Logo-8.jpg\",\"contentUrl\":\"https:\\\/\\\/algarve7.pt\\\/wp-content\\\/uploads\\\/2020\\\/10\\\/Logo-8.jpg\",\"width\":1680,\"height\":1186,\"caption\":\"Algarve 7\"},\"image\":{\"@id\":\"https:\\\/\\\/algarve7.pt\\\/#\\\/schema\\\/logo\\\/image\\\/\"},\"sameAs\":[\"https:\\\/\\\/www.facebook.com\\\/algarve7\",\"https:\\\/\\\/x.com\\\/Algarvesete\",\"https:\\\/\\\/www.instagram.com\\\/jornalalgarve7\\\/\",\"https:\\\/\\\/www.linkedin.com\\\/company\\\/algarve7\",\"https:\\\/\\\/www.pinterest.pt\\\/geral0939\\\/_created\\\/\"]},{\"@type\":\"Person\",\"@id\":\"https:\\\/\\\/algarve7.pt\\\/#\\\/schema\\\/person\\\/23fa70681308e7b319a3204bcea45e0c\",\"name\":\"Algarve 7\",\"sameAs\":[\"https:\\\/\\\/algarve7.pt\",\"https:\\\/\\\/www.facebook.com\\\/algarve7\"],\"url\":\"https:\\\/\\\/algarve7.pt\\\/index.php\\\/author\\\/geralalgarve7-pt\\\/\"}]}<\/script>\n<!-- \/ Yoast SEO plugin. -->","yoast_head_json":{"title":"Junta de Freguesia de Boliqueime lan\u00e7a projeto Academia S\u00e9nior Jovens H\u00e1 + Tempo - Algarve 7","description":"Junta de Freguesia de Boliqueime lan\u00e7a projeto Academia S\u00e9nior Jovens H\u00e1 + Tempo Atualidade","robots":{"index":"index","follow":"follow","max-snippet":"max-snippet:-1","max-image-preview":"max-image-preview:large","max-video-preview":"max-video-preview:-1"},"canonical":"https:\/\/algarve7.pt\/index.php\/2026\/01\/junta-de-freguesia-de-boliqueime-lanca-projeto-academia-senior-jovens-ha-tempo\/atualidade\/12\/54\/","og_locale":"pt_PT","og_type":"article","og_title":"Junta de Freguesia de Boliqueime lan\u00e7a projeto Academia S\u00e9nior Jovens H\u00e1 + Tempo - Algarve 7","og_description":"Junta de Freguesia de Boliqueime lan\u00e7a projeto Academia S\u00e9nior Jovens H\u00e1 + Tempo Atualidade","og_url":"https:\/\/algarve7.pt\/index.php\/2026\/01\/junta-de-freguesia-de-boliqueime-lanca-projeto-academia-senior-jovens-ha-tempo\/atualidade\/12\/54\/","og_site_name":"Algarve 7","article_publisher":"https:\/\/www.facebook.com\/algarve7","article_author":"https:\/\/www.facebook.com\/algarve7","article_published_time":"2026-01-19T12:54:04+00:00","article_modified_time":"2026-01-19T12:54:08+00:00","og_image":[{"width":800,"height":500,"url":"https:\/\/algarve7.pt\/wp-content\/uploads\/2026\/01\/Lancamento-Academia-Senior-de-Boliqueime-15-01-2026-1.jpg","type":"image\/jpeg"}],"author":"Algarve 7","twitter_card":"summary_large_image","twitter_creator":"@Algarvesete","twitter_site":"@Algarvesete","twitter_misc":{"Escrito por":"Algarve 7","Tempo estimado de leitura":"2 minutos"},"schema":{"@context":"https:\/\/schema.org","@graph":[{"@type":"Article","@id":"https:\/\/algarve7.pt\/index.php\/2026\/01\/junta-de-freguesia-de-boliqueime-lanca-projeto-academia-senior-jovens-ha-tempo\/atualidade\/12\/54\/#article","isPartOf":{"@id":"https:\/\/algarve7.pt\/index.php\/2026\/01\/junta-de-freguesia-de-boliqueime-lanca-projeto-academia-senior-jovens-ha-tempo\/atualidade\/12\/54\/"},"author":{"name":"Algarve 7","@id":"https:\/\/algarve7.pt\/#\/schema\/person\/23fa70681308e7b319a3204bcea45e0c"},"headline":"Junta de Freguesia de Boliqueime lan\u00e7a projeto Academia S\u00e9nior Jovens H\u00e1 + Tempo","datePublished":"2026-01-19T12:54:04+00:00","dateModified":"2026-01-19T12:54:08+00:00","mainEntityOfPage":{"@id":"https:\/\/algarve7.pt\/index.php\/2026\/01\/junta-de-freguesia-de-boliqueime-lanca-projeto-academia-senior-jovens-ha-tempo\/atualidade\/12\/54\/"},"wordCount":325,"publisher":{"@id":"https:\/\/algarve7.pt\/#organization"},"image":{"@id":"https:\/\/algarve7.pt\/index.php\/2026\/01\/junta-de-freguesia-de-boliqueime-lanca-projeto-academia-senior-jovens-ha-tempo\/atualidade\/12\/54\/#primaryimage"},"thumbnailUrl":"https:\/\/algarve7.pt\/wp-content\/uploads\/2026\/01\/Lancamento-Academia-Senior-de-Boliqueime-15-01-2026-1.jpg","keywords":["Algarve","Atualidade","Boliqueime"],"articleSection":["Atualidade"],"inLanguage":"pt-PT"},{"@type":"WebPage","@id":"https:\/\/algarve7.pt\/index.php\/2026\/01\/junta-de-freguesia-de-boliqueime-lanca-projeto-academia-senior-jovens-ha-tempo\/atualidade\/12\/54\/","url":"https:\/\/algarve7.pt\/index.php\/2026\/01\/junta-de-freguesia-de-boliqueime-lanca-projeto-academia-senior-jovens-ha-tempo\/atualidade\/12\/54\/","name":"Junta de Freguesia de Boliqueime lan\u00e7a projeto Academia S\u00e9nior Jovens H\u00e1 + Tempo - Algarve 7","isPartOf":{"@id":"https:\/\/algarve7.pt\/#website"},"primaryImageOfPage":{"@id":"https:\/\/algarve7.pt\/index.php\/2026\/01\/junta-de-freguesia-de-boliqueime-lanca-projeto-academia-senior-jovens-ha-tempo\/atualidade\/12\/54\/#primaryimage"},"image":{"@id":"https:\/\/algarve7.pt\/index.php\/2026\/01\/junta-de-freguesia-de-boliqueime-lanca-projeto-academia-senior-jovens-ha-tempo\/atualidade\/12\/54\/#primaryimage"},"thumbnailUrl":"https:\/\/algarve7.pt\/wp-content\/uploads\/2026\/01\/Lancamento-Academia-Senior-de-Boliqueime-15-01-2026-1.jpg","datePublished":"2026-01-19T12:54:04+00:00","dateModified":"2026-01-19T12:54:08+00:00","description":"Junta de Freguesia de Boliqueime lan\u00e7a projeto Academia S\u00e9nior Jovens H\u00e1 + Tempo Atualidade","breadcrumb":{"@id":"https:\/\/algarve7.pt\/index.php\/2026\/01\/junta-de-freguesia-de-boliqueime-lanca-projeto-academia-senior-jovens-ha-tempo\/atualidade\/12\/54\/#breadcrumb"},"inLanguage":"pt-PT","potentialAction":[{"@type":"ReadAction","target":["https:\/\/algarve7.pt\/index.php\/2026\/01\/junta-de-freguesia-de-boliqueime-lanca-projeto-academia-senior-jovens-ha-tempo\/atualidade\/12\/54\/"]}]},{"@type":"ImageObject","inLanguage":"pt-PT","@id":"https:\/\/algarve7.pt\/index.php\/2026\/01\/junta-de-freguesia-de-boliqueime-lanca-projeto-academia-senior-jovens-ha-tempo\/atualidade\/12\/54\/#primaryimage","url":"https:\/\/algarve7.pt\/wp-content\/uploads\/2026\/01\/Lancamento-Academia-Senior-de-Boliqueime-15-01-2026-1.jpg","contentUrl":"https:\/\/algarve7.pt\/wp-content\/uploads\/2026\/01\/Lancamento-Academia-Senior-de-Boliqueime-15-01-2026-1.jpg","width":800,"height":500},{"@type":"BreadcrumbList","@id":"https:\/\/algarve7.pt\/index.php\/2026\/01\/junta-de-freguesia-de-boliqueime-lanca-projeto-academia-senior-jovens-ha-tempo\/atualidade\/12\/54\/#breadcrumb","itemListElement":[{"@type":"ListItem","position":1,"name":"In\u00edcio","item":"https:\/\/algarve7.pt\/"},{"@type":"ListItem","position":2,"name":"Junta de Freguesia de Boliqueime lan\u00e7a projeto Academia S\u00e9nior Jovens H\u00e1 + Tempo"}]},{"@type":"WebSite","@id":"https:\/\/algarve7.pt\/#website","url":"https:\/\/algarve7.pt\/","name":"Algarve 7","description":"Informa\u00e7\u00e3o sobre o Algarve","publisher":{"@id":"https:\/\/algarve7.pt\/#organization"},"potentialAction":[{"@type":"SearchAction","target":{"@type":"EntryPoint","urlTemplate":"https:\/\/algarve7.pt\/?s={search_term_string}"},"query-input":{"@type":"PropertyValueSpecification","valueRequired":true,"valueName":"search_term_string"}}],"inLanguage":"pt-PT"},{"@type":"Organization","@id":"https:\/\/algarve7.pt\/#organization","name":"Algarve 7","url":"https:\/\/algarve7.pt\/","logo":{"@type":"ImageObject","inLanguage":"pt-PT","@id":"https:\/\/algarve7.pt\/#\/schema\/logo\/image\/","url":"https:\/\/algarve7.pt\/wp-content\/uploads\/2020\/10\/Logo-8.jpg","contentUrl":"https:\/\/algarve7.pt\/wp-content\/uploads\/2020\/10\/Logo-8.jpg","width":1680,"height":1186,"caption":"Algarve 7"},"image":{"@id":"https:\/\/algarve7.pt\/#\/schema\/logo\/image\/"},"sameAs":["https:\/\/www.facebook.com\/algarve7","https:\/\/x.com\/Algarvesete","https:\/\/www.instagram.com\/jornalalgarve7\/","https:\/\/www.linkedin.com\/company\/algarve7","https:\/\/www.pinterest.pt\/geral0939\/_created\/"]},{"@type":"Person","@id":"https:\/\/algarve7.pt\/#\/schema\/person\/23fa70681308e7b319a3204bcea45e0c","name":"Algarve 7","sameAs":["https:\/\/algarve7.pt","https:\/\/www.facebook.com\/algarve7"],"url":"https:\/\/algarve7.pt\/index.php\/author\/geralalgarve7-pt\/"}]}},"jetpack_publicize_connections":[],"jetpack_featured_media_url":"https:\/\/algarve7.pt\/wp-content\/uploads\/2026\/01\/Lancamento-Academia-Senior-de-Boliqueime-15-01-2026-1.jpg","jetpack_shortlink":"https:\/\/wp.me\/pcezmW-f32","jetpack_sharing_enabled":true,"_links":{"self":[{"href":"https:\/\/algarve7.pt\/index.php\/wp-json\/wp\/v2\/posts\/57848","targetHints":{"allow":["GET"]}}],"collection":[{"href":"https:\/\/algarve7.pt\/index.php\/wp-json\/wp\/v2\/posts"}],"about":[{"href":"https:\/\/algarve7.pt\/index.php\/wp-json\/wp\/v2\/types\/post"}],"author":[{"embeddable":true,"href":"https:\/\/algarve7.pt\/index.php\/wp-json\/wp\/v2\/users\/1"}],"replies":[{"embeddable":true,"href":"https:\/\/algarve7.pt\/index.php\/wp-json\/wp\/v2\/comments?post=57848"}],"version-history":[{"count":0,"href":"https:\/\/algarve7.pt\/index.php\/wp-json\/wp\/v2\/posts\/57848\/revisions"}],"wp:featuredmedia":[{"embeddable":true,"href":"https:\/\/algarve7.pt\/index.php\/wp-json\/wp\/v2\/media\/57849"}],"wp:attachment":[{"href":"https:\/\/algarve7.pt\/index.php\/wp-json\/wp\/v2\/media?parent=57848"}],"wp:term":[{"taxonomy":"category","embeddable":true,"href":"https:\/\/algarve7.pt\/index.php\/wp-json\/wp\/v2\/categories?post=57848"},{"taxonomy":"post_tag","embeddable":true,"href":"https:\/\/algarve7.pt\/index.php\/wp-json\/wp\/v2\/tags?post=57848"}],"curies":[{"name":"wp","href":"https:\/\/api.w.org\/{rel}","templated":true}]}}