{"id":57834,"date":"2026-01-19T12:25:40","date_gmt":"2026-01-19T12:25:40","guid":{"rendered":"https:\/\/algarve7.pt\/?p=57834"},"modified":"2026-01-19T12:25:48","modified_gmt":"2026-01-19T12:25:48","slug":"municipio-de-alcoutim-lanca-novo-website-institucional-que-promove-a-acessibilidade-digital","status":"publish","type":"post","link":"https:\/\/algarve7.pt\/index.php\/2026\/01\/municipio-de-alcoutim-lanca-novo-website-institucional-que-promove-a-acessibilidade-digital\/atualidade\/12\/25\/","title":{"rendered":"Munic\u00edpio de Alcoutim lan\u00e7a novo website institucional que promove a acessibilidade digital"},"content":{"rendered":"\n<p>O Munic\u00edpio de Alcoutim lan\u00e7ou oficialmente, no passado m\u00eas de novembro, o seu novo website institucional, dispon\u00edvel em www.cm-alcoutim.pt. A nova plataforma representa um passo significativo na moderniza\u00e7\u00e3o digital da autarquia, oferecendo aos mun\u00edcipes, visitantes e investidores um acesso mais simples, intuitivo e transparente \u00e0 informa\u00e7\u00e3o e aos servi\u00e7os municipais.<\/p>\n\n\n\n<p>Desenvolvido com o objetivo de melhorar a comunica\u00e7\u00e3o e a efici\u00eancia dos servi\u00e7os p\u00fablicos, o novo site apresenta um design renovado, responsivo e acess\u00edvel, garantindo uma navega\u00e7\u00e3o fluida em qualquer dispositivo &#8211; computador, tablet ou smartphone.<\/p>\n\n\n\n<p>Com uma melhoria na usabilidade e acessibilidade, o novo portal alinhando-se com as diretrizes nacionais e europeias para a moderniza\u00e7\u00e3o dos servi\u00e7os p\u00fablicos. Os conte\u00fados do novo website est\u00e3o acess\u00edveis a todos os cidad\u00e3os, incluindo pessoas com defici\u00eancia visual, auditiva, cognitiva ou motora, assegurando que possam aceder de forma independente \u00e0s informa\u00e7\u00f5es disponibilizadas pela autarquia.<\/p>\n\n\n\n<p>O portal foi otimizado de acordo com as normas internacionais de acessibilidade web (WCAG 2.1), promovendo a inclus\u00e3o digital. Foi inclu\u00edda a utiliza\u00e7\u00e3o correta de tags HTML sem\u00e2nticas, a cria\u00e7\u00e3o de textos alternativos para imagens, a corre\u00e7\u00e3o de contrastes e a elimina\u00e7\u00e3o de erros de HTML. Foram tamb\u00e9m aplicadas melhorias nos ficheiros PDF, garantindo que o texto seja extra\u00edvel e acess\u00edvel. Al\u00e9m disso, o portal foi reorganizado para otimizar a navega\u00e7\u00e3o e facilitar a leitura, com ajustes no tamanho da letra, espa\u00e7amento de linhas e estrutura dos conte\u00fados. A implementa\u00e7\u00e3o de medidas de acessibilidade permite que grupos historicamente desfavorecidos, como pessoas com defici\u00eancia e cidad\u00e3os seniores, possam aceder aos servi\u00e7os p\u00fablicos sem barreiras.<\/p>\n\n\n\n<p>Tratou-se de um investimento de 10 mil euros, mais IVA, alvo de uma candidatura ao PRR. O projeto candidato integra um conjunto de a\u00e7\u00f5es que visa o compromisso de tornar o conte\u00fado dos s\u00edtios web acess\u00edveis para todos os utilizadores, atrav\u00e9s da inclus\u00e3o de pessoas com defici\u00eancia (f\u00edsica, visual, auditiva ou cognitiva), permitindo-lhes aceder ao conte\u00fado de forma independente, indo assim, ao encontro do exposto no Objetivo Estrat\u00e9gico 11.2 do Despacho Normativo n.\u00ba 55\/2020, de 31 de julho, no que respeita a \u201cTornar mais inclusivos os espa\u00e7os (f\u00edsicos e virtuais) de atendimento, criando condi\u00e7\u00f5es de atendimento personalizado para cidad\u00e3os seniores, alargando o servi\u00e7o de tradu\u00e7\u00e3o telef\u00f3nico e disponibilizando servi\u00e7os que garantam o acesso a pessoas com defici\u00eancia ou incapacidade\u201d. As a\u00e7\u00f5es visadas no projeto pretendem tamb\u00e9m a melhoria da experi\u00eancia de todos os utilizadores dos s\u00edtios web e a obten\u00e7\u00e3o do Selo de Usabilidade e Acessibilidade Digital.<\/p>\n\n\n\n<p>Segundo o presidente da C\u00e2mara Municipal de Alcoutim, Paulo Paulino, \u201ceste novo website \u00e9 mais do que uma simples atualiza\u00e7\u00e3o tecnol\u00f3gica. \u00c9 um investimento na moderniza\u00e7\u00e3o dos servi\u00e7os municipais e na aproxima\u00e7\u00e3o entre a autarquia e a popula\u00e7\u00e3o. Queremos que cada cidad\u00e3o sinta que tem a C\u00e2mara sempre acess\u00edvel, em qualquer lugar e a qualquer hora.\u201d<\/p>\n\n\n\n<p>O lan\u00e7amento desta nova plataforma digital insere-se na estrat\u00e9gia de transforma\u00e7\u00e3o digital do Munic\u00edpio de Alcoutim, que pretende tornar os servi\u00e7os p\u00fablicos mais \u00e1geis, transparentes e orientados para as necessidades da comunidade. O projeto reflete o compromisso do Munic\u00edpio em valorizar o territ\u00f3rio e promover a inclus\u00e3o digital, garantindo que todos os cidad\u00e3os beneficiem das oportunidades proporcionadas pela tecnologia.<\/p>\n","protected":false},"excerpt":{"rendered":"<p>O Munic\u00edpio de Alcoutim lan\u00e7ou oficialmente, no passado m\u00eas de novembro, o seu novo website institucional, dispon\u00edvel em www.cm-alcoutim.pt. A<\/p>\n","protected":false},"author":1,"featured_media":57835,"comment_status":"closed","ping_status":"closed","sticky":false,"template":"","format":"standard","meta":{"colormag_page_container_layout":"default_layout","colormag_page_sidebar_layout":"default_layout","_monsterinsights_skip_tracking":false,"_monsterinsights_sitenote_active":false,"_monsterinsights_sitenote_note":"","_monsterinsights_sitenote_category":0,"jetpack_post_was_ever_published":false,"_jetpack_newsletter_access":"","_jetpack_dont_email_post_to_subs":false,"_jetpack_newsletter_tier_id":0,"_jetpack_memberships_contains_paywalled_content":false,"_jetpack_memberships_contains_paid_content":false,"footnotes":"","jetpack_publicize_message":"","jetpack_publicize_feature_enabled":true,"jetpack_social_post_already_shared":true,"jetpack_social_options":{"image_generator_settings":{"template":"highway","default_image_id":0,"font":"","enabled":false},"version":2}},"categories":[11],"tags":[79,36,62],"class_list":["post-57834","post","type-post","status-publish","format-standard","has-post-thumbnail","hentry","category-atualidade","tag-alcoutim","tag-algarve","tag-atualidade"],"yoast_head":"<!-- This site is optimized with the Yoast SEO plugin v27.4 - https:\/\/yoast.com\/product\/yoast-seo-wordpress\/ -->\n<title>Munic\u00edpio de Alcoutim lan\u00e7a novo website institucional que promove a acessibilidade digital - Algarve 7<\/title>\n<meta name=\"description\" content=\"Munic\u00edpio de Alcoutim lan\u00e7a novo website institucional que promove a acessibilidade digital Atualidade\" \/>\n<meta name=\"robots\" content=\"index, follow, max-snippet:-1, max-image-preview:large, max-video-preview:-1\" \/>\n<link rel=\"canonical\" href=\"https:\/\/algarve7.pt\/index.php\/2026\/01\/municipio-de-alcoutim-lanca-novo-website-institucional-que-promove-a-acessibilidade-digital\/atualidade\/12\/25\/\" \/>\n<meta property=\"og:locale\" content=\"pt_PT\" \/>\n<meta property=\"og:type\" content=\"article\" \/>\n<meta property=\"og:title\" content=\"Munic\u00edpio de Alcoutim lan\u00e7a novo website institucional que promove a acessibilidade digital - Algarve 7\" \/>\n<meta property=\"og:description\" content=\"Munic\u00edpio de Alcoutim lan\u00e7a novo website institucional que promove a acessibilidade digital Atualidade\" \/>\n<meta property=\"og:url\" content=\"https:\/\/algarve7.pt\/index.php\/2026\/01\/municipio-de-alcoutim-lanca-novo-website-institucional-que-promove-a-acessibilidade-digital\/atualidade\/12\/25\/\" \/>\n<meta property=\"og:site_name\" content=\"Algarve 7\" \/>\n<meta property=\"article:publisher\" content=\"https:\/\/www.facebook.com\/algarve7\" \/>\n<meta property=\"article:author\" content=\"https:\/\/www.facebook.com\/algarve7\" \/>\n<meta property=\"article:published_time\" content=\"2026-01-19T12:25:40+00:00\" \/>\n<meta property=\"article:modified_time\" content=\"2026-01-19T12:25:48+00:00\" \/>\n<meta property=\"og:image\" content=\"https:\/\/algarve7.pt\/wp-content\/uploads\/2026\/01\/Site-Autarquico-Alcoutim.png\" \/>\n\t<meta property=\"og:image:width\" content=\"800\" \/>\n\t<meta property=\"og:image:height\" content=\"500\" \/>\n\t<meta property=\"og:image:type\" content=\"image\/png\" \/>\n<meta name=\"author\" content=\"Algarve 7\" \/>\n<meta name=\"twitter:card\" content=\"summary_large_image\" \/>\n<meta name=\"twitter:creator\" content=\"@Algarvesete\" \/>\n<meta name=\"twitter:site\" content=\"@Algarvesete\" \/>\n<meta name=\"twitter:label1\" content=\"Escrito por\" \/>\n\t<meta name=\"twitter:data1\" content=\"Algarve 7\" \/>\n\t<meta name=\"twitter:label2\" content=\"Tempo estimado de leitura\" \/>\n\t<meta name=\"twitter:data2\" content=\"4 minutos\" \/>\n<script type=\"application\/ld+json\" class=\"yoast-schema-graph\">{\"@context\":\"https:\\\/\\\/schema.org\",\"@graph\":[{\"@type\":\"Article\",\"@id\":\"https:\\\/\\\/algarve7.pt\\\/index.php\\\/2026\\\/01\\\/municipio-de-alcoutim-lanca-novo-website-institucional-que-promove-a-acessibilidade-digital\\\/atualidade\\\/12\\\/25\\\/#article\",\"isPartOf\":{\"@id\":\"https:\\\/\\\/algarve7.pt\\\/index.php\\\/2026\\\/01\\\/municipio-de-alcoutim-lanca-novo-website-institucional-que-promove-a-acessibilidade-digital\\\/atualidade\\\/12\\\/25\\\/\"},\"author\":{\"name\":\"Algarve 7\",\"@id\":\"https:\\\/\\\/algarve7.pt\\\/#\\\/schema\\\/person\\\/23fa70681308e7b319a3204bcea45e0c\"},\"headline\":\"Munic\u00edpio de Alcoutim lan\u00e7a novo website institucional que promove a acessibilidade digital\",\"datePublished\":\"2026-01-19T12:25:40+00:00\",\"dateModified\":\"2026-01-19T12:25:48+00:00\",\"mainEntityOfPage\":{\"@id\":\"https:\\\/\\\/algarve7.pt\\\/index.php\\\/2026\\\/01\\\/municipio-de-alcoutim-lanca-novo-website-institucional-que-promove-a-acessibilidade-digital\\\/atualidade\\\/12\\\/25\\\/\"},\"wordCount\":610,\"publisher\":{\"@id\":\"https:\\\/\\\/algarve7.pt\\\/#organization\"},\"image\":{\"@id\":\"https:\\\/\\\/algarve7.pt\\\/index.php\\\/2026\\\/01\\\/municipio-de-alcoutim-lanca-novo-website-institucional-que-promove-a-acessibilidade-digital\\\/atualidade\\\/12\\\/25\\\/#primaryimage\"},\"thumbnailUrl\":\"https:\\\/\\\/algarve7.pt\\\/wp-content\\\/uploads\\\/2026\\\/01\\\/Site-Autarquico-Alcoutim.png\",\"keywords\":[\"Alcoutim\",\"Algarve\",\"Atualidade\"],\"articleSection\":[\"Atualidade\"],\"inLanguage\":\"pt-PT\"},{\"@type\":\"WebPage\",\"@id\":\"https:\\\/\\\/algarve7.pt\\\/index.php\\\/2026\\\/01\\\/municipio-de-alcoutim-lanca-novo-website-institucional-que-promove-a-acessibilidade-digital\\\/atualidade\\\/12\\\/25\\\/\",\"url\":\"https:\\\/\\\/algarve7.pt\\\/index.php\\\/2026\\\/01\\\/municipio-de-alcoutim-lanca-novo-website-institucional-que-promove-a-acessibilidade-digital\\\/atualidade\\\/12\\\/25\\\/\",\"name\":\"Munic\u00edpio de Alcoutim lan\u00e7a novo website institucional que promove a acessibilidade digital - Algarve 7\",\"isPartOf\":{\"@id\":\"https:\\\/\\\/algarve7.pt\\\/#website\"},\"primaryImageOfPage\":{\"@id\":\"https:\\\/\\\/algarve7.pt\\\/index.php\\\/2026\\\/01\\\/municipio-de-alcoutim-lanca-novo-website-institucional-que-promove-a-acessibilidade-digital\\\/atualidade\\\/12\\\/25\\\/#primaryimage\"},\"image\":{\"@id\":\"https:\\\/\\\/algarve7.pt\\\/index.php\\\/2026\\\/01\\\/municipio-de-alcoutim-lanca-novo-website-institucional-que-promove-a-acessibilidade-digital\\\/atualidade\\\/12\\\/25\\\/#primaryimage\"},\"thumbnailUrl\":\"https:\\\/\\\/algarve7.pt\\\/wp-content\\\/uploads\\\/2026\\\/01\\\/Site-Autarquico-Alcoutim.png\",\"datePublished\":\"2026-01-19T12:25:40+00:00\",\"dateModified\":\"2026-01-19T12:25:48+00:00\",\"description\":\"Munic\u00edpio de Alcoutim lan\u00e7a novo website institucional que promove a acessibilidade digital Atualidade\",\"breadcrumb\":{\"@id\":\"https:\\\/\\\/algarve7.pt\\\/index.php\\\/2026\\\/01\\\/municipio-de-alcoutim-lanca-novo-website-institucional-que-promove-a-acessibilidade-digital\\\/atualidade\\\/12\\\/25\\\/#breadcrumb\"},\"inLanguage\":\"pt-PT\",\"potentialAction\":[{\"@type\":\"ReadAction\",\"target\":[\"https:\\\/\\\/algarve7.pt\\\/index.php\\\/2026\\\/01\\\/municipio-de-alcoutim-lanca-novo-website-institucional-que-promove-a-acessibilidade-digital\\\/atualidade\\\/12\\\/25\\\/\"]}]},{\"@type\":\"ImageObject\",\"inLanguage\":\"pt-PT\",\"@id\":\"https:\\\/\\\/algarve7.pt\\\/index.php\\\/2026\\\/01\\\/municipio-de-alcoutim-lanca-novo-website-institucional-que-promove-a-acessibilidade-digital\\\/atualidade\\\/12\\\/25\\\/#primaryimage\",\"url\":\"https:\\\/\\\/algarve7.pt\\\/wp-content\\\/uploads\\\/2026\\\/01\\\/Site-Autarquico-Alcoutim.png\",\"contentUrl\":\"https:\\\/\\\/algarve7.pt\\\/wp-content\\\/uploads\\\/2026\\\/01\\\/Site-Autarquico-Alcoutim.png\",\"width\":800,\"height\":500},{\"@type\":\"BreadcrumbList\",\"@id\":\"https:\\\/\\\/algarve7.pt\\\/index.php\\\/2026\\\/01\\\/municipio-de-alcoutim-lanca-novo-website-institucional-que-promove-a-acessibilidade-digital\\\/atualidade\\\/12\\\/25\\\/#breadcrumb\",\"itemListElement\":[{\"@type\":\"ListItem\",\"position\":1,\"name\":\"In\u00edcio\",\"item\":\"https:\\\/\\\/algarve7.pt\\\/\"},{\"@type\":\"ListItem\",\"position\":2,\"name\":\"Munic\u00edpio de Alcoutim lan\u00e7a novo website institucional que promove a acessibilidade digital\"}]},{\"@type\":\"WebSite\",\"@id\":\"https:\\\/\\\/algarve7.pt\\\/#website\",\"url\":\"https:\\\/\\\/algarve7.pt\\\/\",\"name\":\"Algarve 7\",\"description\":\"Informa\u00e7\u00e3o sobre o Algarve\",\"publisher\":{\"@id\":\"https:\\\/\\\/algarve7.pt\\\/#organization\"},\"potentialAction\":[{\"@type\":\"SearchAction\",\"target\":{\"@type\":\"EntryPoint\",\"urlTemplate\":\"https:\\\/\\\/algarve7.pt\\\/?s={search_term_string}\"},\"query-input\":{\"@type\":\"PropertyValueSpecification\",\"valueRequired\":true,\"valueName\":\"search_term_string\"}}],\"inLanguage\":\"pt-PT\"},{\"@type\":\"Organization\",\"@id\":\"https:\\\/\\\/algarve7.pt\\\/#organization\",\"name\":\"Algarve 7\",\"url\":\"https:\\\/\\\/algarve7.pt\\\/\",\"logo\":{\"@type\":\"ImageObject\",\"inLanguage\":\"pt-PT\",\"@id\":\"https:\\\/\\\/algarve7.pt\\\/#\\\/schema\\\/logo\\\/image\\\/\",\"url\":\"https:\\\/\\\/algarve7.pt\\\/wp-content\\\/uploads\\\/2020\\\/10\\\/Logo-8.jpg\",\"contentUrl\":\"https:\\\/\\\/algarve7.pt\\\/wp-content\\\/uploads\\\/2020\\\/10\\\/Logo-8.jpg\",\"width\":1680,\"height\":1186,\"caption\":\"Algarve 7\"},\"image\":{\"@id\":\"https:\\\/\\\/algarve7.pt\\\/#\\\/schema\\\/logo\\\/image\\\/\"},\"sameAs\":[\"https:\\\/\\\/www.facebook.com\\\/algarve7\",\"https:\\\/\\\/x.com\\\/Algarvesete\",\"https:\\\/\\\/www.instagram.com\\\/jornalalgarve7\\\/\",\"https:\\\/\\\/www.linkedin.com\\\/company\\\/algarve7\",\"https:\\\/\\\/www.pinterest.pt\\\/geral0939\\\/_created\\\/\"]},{\"@type\":\"Person\",\"@id\":\"https:\\\/\\\/algarve7.pt\\\/#\\\/schema\\\/person\\\/23fa70681308e7b319a3204bcea45e0c\",\"name\":\"Algarve 7\",\"sameAs\":[\"https:\\\/\\\/algarve7.pt\",\"https:\\\/\\\/www.facebook.com\\\/algarve7\"],\"url\":\"https:\\\/\\\/algarve7.pt\\\/index.php\\\/author\\\/geralalgarve7-pt\\\/\"}]}<\/script>\n<!-- \/ Yoast SEO plugin. -->","yoast_head_json":{"title":"Munic\u00edpio de Alcoutim lan\u00e7a novo website institucional que promove a acessibilidade digital - Algarve 7","description":"Munic\u00edpio de Alcoutim lan\u00e7a novo website institucional que promove a acessibilidade digital Atualidade","robots":{"index":"index","follow":"follow","max-snippet":"max-snippet:-1","max-image-preview":"max-image-preview:large","max-video-preview":"max-video-preview:-1"},"canonical":"https:\/\/algarve7.pt\/index.php\/2026\/01\/municipio-de-alcoutim-lanca-novo-website-institucional-que-promove-a-acessibilidade-digital\/atualidade\/12\/25\/","og_locale":"pt_PT","og_type":"article","og_title":"Munic\u00edpio de Alcoutim lan\u00e7a novo website institucional que promove a acessibilidade digital - Algarve 7","og_description":"Munic\u00edpio de Alcoutim lan\u00e7a novo website institucional que promove a acessibilidade digital Atualidade","og_url":"https:\/\/algarve7.pt\/index.php\/2026\/01\/municipio-de-alcoutim-lanca-novo-website-institucional-que-promove-a-acessibilidade-digital\/atualidade\/12\/25\/","og_site_name":"Algarve 7","article_publisher":"https:\/\/www.facebook.com\/algarve7","article_author":"https:\/\/www.facebook.com\/algarve7","article_published_time":"2026-01-19T12:25:40+00:00","article_modified_time":"2026-01-19T12:25:48+00:00","og_image":[{"width":800,"height":500,"url":"https:\/\/algarve7.pt\/wp-content\/uploads\/2026\/01\/Site-Autarquico-Alcoutim.png","type":"image\/png"}],"author":"Algarve 7","twitter_card":"summary_large_image","twitter_creator":"@Algarvesete","twitter_site":"@Algarvesete","twitter_misc":{"Escrito por":"Algarve 7","Tempo estimado de leitura":"4 minutos"},"schema":{"@context":"https:\/\/schema.org","@graph":[{"@type":"Article","@id":"https:\/\/algarve7.pt\/index.php\/2026\/01\/municipio-de-alcoutim-lanca-novo-website-institucional-que-promove-a-acessibilidade-digital\/atualidade\/12\/25\/#article","isPartOf":{"@id":"https:\/\/algarve7.pt\/index.php\/2026\/01\/municipio-de-alcoutim-lanca-novo-website-institucional-que-promove-a-acessibilidade-digital\/atualidade\/12\/25\/"},"author":{"name":"Algarve 7","@id":"https:\/\/algarve7.pt\/#\/schema\/person\/23fa70681308e7b319a3204bcea45e0c"},"headline":"Munic\u00edpio de Alcoutim lan\u00e7a novo website institucional que promove a acessibilidade digital","datePublished":"2026-01-19T12:25:40+00:00","dateModified":"2026-01-19T12:25:48+00:00","mainEntityOfPage":{"@id":"https:\/\/algarve7.pt\/index.php\/2026\/01\/municipio-de-alcoutim-lanca-novo-website-institucional-que-promove-a-acessibilidade-digital\/atualidade\/12\/25\/"},"wordCount":610,"publisher":{"@id":"https:\/\/algarve7.pt\/#organization"},"image":{"@id":"https:\/\/algarve7.pt\/index.php\/2026\/01\/municipio-de-alcoutim-lanca-novo-website-institucional-que-promove-a-acessibilidade-digital\/atualidade\/12\/25\/#primaryimage"},"thumbnailUrl":"https:\/\/algarve7.pt\/wp-content\/uploads\/2026\/01\/Site-Autarquico-Alcoutim.png","keywords":["Alcoutim","Algarve","Atualidade"],"articleSection":["Atualidade"],"inLanguage":"pt-PT"},{"@type":"WebPage","@id":"https:\/\/algarve7.pt\/index.php\/2026\/01\/municipio-de-alcoutim-lanca-novo-website-institucional-que-promove-a-acessibilidade-digital\/atualidade\/12\/25\/","url":"https:\/\/algarve7.pt\/index.php\/2026\/01\/municipio-de-alcoutim-lanca-novo-website-institucional-que-promove-a-acessibilidade-digital\/atualidade\/12\/25\/","name":"Munic\u00edpio de Alcoutim lan\u00e7a novo website institucional que promove a acessibilidade digital - Algarve 7","isPartOf":{"@id":"https:\/\/algarve7.pt\/#website"},"primaryImageOfPage":{"@id":"https:\/\/algarve7.pt\/index.php\/2026\/01\/municipio-de-alcoutim-lanca-novo-website-institucional-que-promove-a-acessibilidade-digital\/atualidade\/12\/25\/#primaryimage"},"image":{"@id":"https:\/\/algarve7.pt\/index.php\/2026\/01\/municipio-de-alcoutim-lanca-novo-website-institucional-que-promove-a-acessibilidade-digital\/atualidade\/12\/25\/#primaryimage"},"thumbnailUrl":"https:\/\/algarve7.pt\/wp-content\/uploads\/2026\/01\/Site-Autarquico-Alcoutim.png","datePublished":"2026-01-19T12:25:40+00:00","dateModified":"2026-01-19T12:25:48+00:00","description":"Munic\u00edpio de Alcoutim lan\u00e7a novo website institucional que promove a acessibilidade digital Atualidade","breadcrumb":{"@id":"https:\/\/algarve7.pt\/index.php\/2026\/01\/municipio-de-alcoutim-lanca-novo-website-institucional-que-promove-a-acessibilidade-digital\/atualidade\/12\/25\/#breadcrumb"},"inLanguage":"pt-PT","potentialAction":[{"@type":"ReadAction","target":["https:\/\/algarve7.pt\/index.php\/2026\/01\/municipio-de-alcoutim-lanca-novo-website-institucional-que-promove-a-acessibilidade-digital\/atualidade\/12\/25\/"]}]},{"@type":"ImageObject","inLanguage":"pt-PT","@id":"https:\/\/algarve7.pt\/index.php\/2026\/01\/municipio-de-alcoutim-lanca-novo-website-institucional-que-promove-a-acessibilidade-digital\/atualidade\/12\/25\/#primaryimage","url":"https:\/\/algarve7.pt\/wp-content\/uploads\/2026\/01\/Site-Autarquico-Alcoutim.png","contentUrl":"https:\/\/algarve7.pt\/wp-content\/uploads\/2026\/01\/Site-Autarquico-Alcoutim.png","width":800,"height":500},{"@type":"BreadcrumbList","@id":"https:\/\/algarve7.pt\/index.php\/2026\/01\/municipio-de-alcoutim-lanca-novo-website-institucional-que-promove-a-acessibilidade-digital\/atualidade\/12\/25\/#breadcrumb","itemListElement":[{"@type":"ListItem","position":1,"name":"In\u00edcio","item":"https:\/\/algarve7.pt\/"},{"@type":"ListItem","position":2,"name":"Munic\u00edpio de Alcoutim lan\u00e7a novo website institucional que promove a acessibilidade digital"}]},{"@type":"WebSite","@id":"https:\/\/algarve7.pt\/#website","url":"https:\/\/algarve7.pt\/","name":"Algarve 7","description":"Informa\u00e7\u00e3o sobre o Algarve","publisher":{"@id":"https:\/\/algarve7.pt\/#organization"},"potentialAction":[{"@type":"SearchAction","target":{"@type":"EntryPoint","urlTemplate":"https:\/\/algarve7.pt\/?s={search_term_string}"},"query-input":{"@type":"PropertyValueSpecification","valueRequired":true,"valueName":"search_term_string"}}],"inLanguage":"pt-PT"},{"@type":"Organization","@id":"https:\/\/algarve7.pt\/#organization","name":"Algarve 7","url":"https:\/\/algarve7.pt\/","logo":{"@type":"ImageObject","inLanguage":"pt-PT","@id":"https:\/\/algarve7.pt\/#\/schema\/logo\/image\/","url":"https:\/\/algarve7.pt\/wp-content\/uploads\/2020\/10\/Logo-8.jpg","contentUrl":"https:\/\/algarve7.pt\/wp-content\/uploads\/2020\/10\/Logo-8.jpg","width":1680,"height":1186,"caption":"Algarve 7"},"image":{"@id":"https:\/\/algarve7.pt\/#\/schema\/logo\/image\/"},"sameAs":["https:\/\/www.facebook.com\/algarve7","https:\/\/x.com\/Algarvesete","https:\/\/www.instagram.com\/jornalalgarve7\/","https:\/\/www.linkedin.com\/company\/algarve7","https:\/\/www.pinterest.pt\/geral0939\/_created\/"]},{"@type":"Person","@id":"https:\/\/algarve7.pt\/#\/schema\/person\/23fa70681308e7b319a3204bcea45e0c","name":"Algarve 7","sameAs":["https:\/\/algarve7.pt","https:\/\/www.facebook.com\/algarve7"],"url":"https:\/\/algarve7.pt\/index.php\/author\/geralalgarve7-pt\/"}]}},"jetpack_publicize_connections":[],"jetpack_featured_media_url":"https:\/\/algarve7.pt\/wp-content\/uploads\/2026\/01\/Site-Autarquico-Alcoutim.png","jetpack_shortlink":"https:\/\/wp.me\/pcezmW-f2O","jetpack_sharing_enabled":true,"_links":{"self":[{"href":"https:\/\/algarve7.pt\/index.php\/wp-json\/wp\/v2\/posts\/57834","targetHints":{"allow":["GET"]}}],"collection":[{"href":"https:\/\/algarve7.pt\/index.php\/wp-json\/wp\/v2\/posts"}],"about":[{"href":"https:\/\/algarve7.pt\/index.php\/wp-json\/wp\/v2\/types\/post"}],"author":[{"embeddable":true,"href":"https:\/\/algarve7.pt\/index.php\/wp-json\/wp\/v2\/users\/1"}],"replies":[{"embeddable":true,"href":"https:\/\/algarve7.pt\/index.php\/wp-json\/wp\/v2\/comments?post=57834"}],"version-history":[{"count":0,"href":"https:\/\/algarve7.pt\/index.php\/wp-json\/wp\/v2\/posts\/57834\/revisions"}],"wp:featuredmedia":[{"embeddable":true,"href":"https:\/\/algarve7.pt\/index.php\/wp-json\/wp\/v2\/media\/57835"}],"wp:attachment":[{"href":"https:\/\/algarve7.pt\/index.php\/wp-json\/wp\/v2\/media?parent=57834"}],"wp:term":[{"taxonomy":"category","embeddable":true,"href":"https:\/\/algarve7.pt\/index.php\/wp-json\/wp\/v2\/categories?post=57834"},{"taxonomy":"post_tag","embeddable":true,"href":"https:\/\/algarve7.pt\/index.php\/wp-json\/wp\/v2\/tags?post=57834"}],"curies":[{"name":"wp","href":"https:\/\/api.w.org\/{rel}","templated":true}]}}