{"id":5763,"date":"2021-02-02T13:15:00","date_gmt":"2021-02-02T13:15:00","guid":{"rendered":"https:\/\/algarve7.pt\/?p=5763"},"modified":"2021-02-02T12:43:43","modified_gmt":"2021-02-02T12:43:43","slug":"semana-da-laranja-esta-de-volta-ao-mercado-municipal-de-portimao","status":"publish","type":"post","link":"https:\/\/algarve7.pt\/index.php\/2021\/02\/semana-da-laranja-esta-de-volta-ao-mercado-municipal-de-portimao\/atualidade\/13\/15\/","title":{"rendered":"Semana da Laranja est\u00e1 de volta ao Mercado Municipal de Portim\u00e3o"},"content":{"rendered":"\n<p class=\"wp-block-paragraph\">Popular citrino vai ser vendido a um pre\u00e7o especial entre 9 e 13 de fevereiro.<\/p>\n\n\n\n<p class=\"wp-block-paragraph\">O Mercado Municipal da&nbsp;Av.\u00aa&nbsp;S. Jo\u00e3o de Deus, em Portim\u00e3o, vai promover entre 9 e 13 de fevereiro a Semana da Laranja, disponibilizando aos clientes a compra deste saboroso e saud\u00e1vel citrino&nbsp;a&nbsp;um pre\u00e7o&nbsp;especial, no rigoroso cumprimento das atuais normas de seguran\u00e7a sanit\u00e1ria.&nbsp;<\/p>\n\n\n\n<p class=\"wp-block-paragraph\">Sob o lema \u201cLaranja algarvia &#8211; n\u00e3o h\u00e1 fruta mais sadia\u201d, a iniciativa tem lugar numa&nbsp;altura&nbsp;em que o pa\u00eds atravessa uma crise pand\u00e9mica sem precedentes e ganham maior relev\u00e2ncia as propriedades&nbsp;ben\u00e9ficas&nbsp;proporcionadas pelo consumo deste produto t\u00e3o t\u00edpico do Algarve.&nbsp;<\/p>\n\n\n\n<p class=\"wp-block-paragraph\">Para al\u00e9m da venda de laranjas nas bancas aderentes, a celebra\u00e7\u00e3o da fruta mais vitaminada da regi\u00e3o incluir\u00e1 propostas culin\u00e1rias&nbsp;online, atrav\u00e9s de&nbsp;\u201cshowcookings\u201d&nbsp;fotogr\u00e1ficos produzidos pela Escola de Hotelaria e Turismo de Portim\u00e3o,&nbsp;bem como&nbsp;sugest\u00f5es&nbsp;de ementas em torno das laranjas,&nbsp;pela nutricionista Patr\u00edcia Cabral.&nbsp;<\/p>\n\n\n\n<p class=\"wp-block-paragraph\">Durante os dias em que decorre o evento, os interessados poder\u00e3o acompanhar online estes e outros momentos, atrav\u00e9s do Facebook do Mercado Municipal de Portim\u00e3o:&nbsp;&nbsp;<a href=\"https:\/\/www.facebook.com\/mercadosportimao\" target=\"_blank\" rel=\"noreferrer noopener\">https:\/\/www.facebook.com\/mercadosportimao<\/a>&nbsp;<\/p>\n","protected":false},"excerpt":{"rendered":"<p>Popular citrino vai ser vendido a um pre\u00e7o especial entre 9 e 13 de fevereiro. O Mercado Municipal da&nbsp;Av.\u00aa&nbsp;S. Jo\u00e3o<\/p>\n","protected":false},"author":1,"featured_media":5764,"comment_status":"closed","ping_status":"open","sticky":false,"template":"","format":"standard","meta":{"colormag_page_container_layout":"default_layout","colormag_page_sidebar_layout":"default_layout","_monsterinsights_skip_tracking":false,"_jetpack_newsletter_access":"","_jetpack_dont_email_post_to_subs":false,"_jetpack_newsletter_tier_id":0,"_jetpack_memberships_contains_paywalled_content":false,"_jetpack_feature_clip_id":0,"_jetpack_memberships_contains_paid_content":false,"footnotes":"","jetpack_publicize_message":"","jetpack_publicize_feature_enabled":true,"jetpack_social_post_already_shared":true,"jetpack_social_options":{"image_generator_settings":{"template":"highway","default_image_id":0,"font":"","enabled":false},"version":2},"jetpack_post_was_ever_published":false},"categories":[11],"tags":[36,62,273,72],"class_list":["post-5763","post","type-post","status-publish","format-standard","has-post-thumbnail","hentry","category-atualidade","tag-algarve","tag-atualidade","tag-mercado","tag-portimao"],"yoast_head":"<!-- This site is optimized with the Yoast SEO plugin v28.3 - https:\/\/yoast.com\/product\/yoast-seo-wordpress\/ -->\n<title>Semana da Laranja est\u00e1 de volta ao Mercado Municipal de Portim\u00e3o - Algarve 7<\/title>\n<meta name=\"description\" content=\"Popular citrino vai ser vendido a um pre\u00e7o especial entre 9 e 13 de fevereiro.\" \/>\n<meta name=\"robots\" content=\"index, follow, max-snippet:-1, max-image-preview:large, max-video-preview:-1\" \/>\n<link rel=\"canonical\" href=\"https:\/\/algarve7.pt\/index.php\/2021\/02\/semana-da-laranja-esta-de-volta-ao-mercado-municipal-de-portimao\/atualidade\/13\/15\/\" \/>\n<meta property=\"og:locale\" content=\"pt_PT\" \/>\n<meta property=\"og:type\" content=\"article\" \/>\n<meta property=\"og:title\" content=\"Semana da Laranja est\u00e1 de volta ao Mercado Municipal de Portim\u00e3o - Algarve 7\" \/>\n<meta property=\"og:description\" content=\"Popular citrino vai ser vendido a um pre\u00e7o especial entre 9 e 13 de fevereiro.\" \/>\n<meta property=\"og:url\" content=\"https:\/\/algarve7.pt\/index.php\/2021\/02\/semana-da-laranja-esta-de-volta-ao-mercado-municipal-de-portimao\/atualidade\/13\/15\/\" \/>\n<meta property=\"og:site_name\" content=\"Algarve 7\" \/>\n<meta property=\"article:publisher\" content=\"https:\/\/www.facebook.com\/algarve7\" \/>\n<meta property=\"article:author\" content=\"https:\/\/www.facebook.com\/algarve7\" \/>\n<meta property=\"article:published_time\" content=\"2021-02-02T13:15:00+00:00\" \/>\n<meta property=\"og:image\" content=\"https:\/\/algarve7.pt\/wp-content\/uploads\/2021\/02\/Banner-Semana-da-Laranja.jpg\" \/>\n\t<meta property=\"og:image:width\" content=\"900\" \/>\n\t<meta property=\"og:image:height\" content=\"417\" \/>\n\t<meta property=\"og:image:type\" content=\"image\/jpeg\" \/>\n<meta name=\"author\" content=\"Algarve 7\" \/>\n<meta name=\"twitter:card\" content=\"summary_large_image\" \/>\n<meta name=\"twitter:creator\" content=\"@Algarvesete\" \/>\n<meta name=\"twitter:site\" content=\"@Algarvesete\" \/>\n<meta name=\"twitter:label1\" content=\"Escrito por\" \/>\n\t<meta name=\"twitter:data1\" content=\"Algarve 7\" \/>\n\t<meta name=\"twitter:label2\" content=\"Tempo estimado de leitura\" \/>\n\t<meta name=\"twitter:data2\" content=\"1 minuto\" \/>\n<script type=\"application\/ld+json\" class=\"yoast-schema-graph\">{\"@context\":\"https:\\\/\\\/schema.org\",\"@graph\":[{\"@type\":\"Article\",\"@id\":\"https:\\\/\\\/algarve7.pt\\\/index.php\\\/2021\\\/02\\\/semana-da-laranja-esta-de-volta-ao-mercado-municipal-de-portimao\\\/atualidade\\\/13\\\/15\\\/#article\",\"isPartOf\":{\"@id\":\"https:\\\/\\\/algarve7.pt\\\/index.php\\\/2021\\\/02\\\/semana-da-laranja-esta-de-volta-ao-mercado-municipal-de-portimao\\\/atualidade\\\/13\\\/15\\\/\"},\"author\":{\"name\":\"Algarve 7\",\"@id\":\"https:\\\/\\\/algarve7.pt\\\/#\\\/schema\\\/person\\\/23fa70681308e7b319a3204bcea45e0c\"},\"headline\":\"Semana da Laranja est\u00e1 de volta ao Mercado Municipal de Portim\u00e3o\",\"datePublished\":\"2021-02-02T13:15:00+00:00\",\"mainEntityOfPage\":{\"@id\":\"https:\\\/\\\/algarve7.pt\\\/index.php\\\/2021\\\/02\\\/semana-da-laranja-esta-de-volta-ao-mercado-municipal-de-portimao\\\/atualidade\\\/13\\\/15\\\/\"},\"wordCount\":237,\"publisher\":{\"@id\":\"https:\\\/\\\/algarve7.pt\\\/#organization\"},\"image\":{\"@id\":\"https:\\\/\\\/algarve7.pt\\\/index.php\\\/2021\\\/02\\\/semana-da-laranja-esta-de-volta-ao-mercado-municipal-de-portimao\\\/atualidade\\\/13\\\/15\\\/#primaryimage\"},\"thumbnailUrl\":\"https:\\\/\\\/algarve7.pt\\\/wp-content\\\/uploads\\\/2021\\\/02\\\/Banner-Semana-da-Laranja.jpg\",\"keywords\":[\"Algarve\",\"Atualidade\",\"Mercado\",\"Portim\u00e3o\"],\"articleSection\":[\"Atualidade\"],\"inLanguage\":\"pt-PT\"},{\"@type\":\"WebPage\",\"@id\":\"https:\\\/\\\/algarve7.pt\\\/index.php\\\/2021\\\/02\\\/semana-da-laranja-esta-de-volta-ao-mercado-municipal-de-portimao\\\/atualidade\\\/13\\\/15\\\/\",\"url\":\"https:\\\/\\\/algarve7.pt\\\/index.php\\\/2021\\\/02\\\/semana-da-laranja-esta-de-volta-ao-mercado-municipal-de-portimao\\\/atualidade\\\/13\\\/15\\\/\",\"name\":\"Semana da Laranja est\u00e1 de volta ao Mercado Municipal de Portim\u00e3o - Algarve 7\",\"isPartOf\":{\"@id\":\"https:\\\/\\\/algarve7.pt\\\/#website\"},\"primaryImageOfPage\":{\"@id\":\"https:\\\/\\\/algarve7.pt\\\/index.php\\\/2021\\\/02\\\/semana-da-laranja-esta-de-volta-ao-mercado-municipal-de-portimao\\\/atualidade\\\/13\\\/15\\\/#primaryimage\"},\"image\":{\"@id\":\"https:\\\/\\\/algarve7.pt\\\/index.php\\\/2021\\\/02\\\/semana-da-laranja-esta-de-volta-ao-mercado-municipal-de-portimao\\\/atualidade\\\/13\\\/15\\\/#primaryimage\"},\"thumbnailUrl\":\"https:\\\/\\\/algarve7.pt\\\/wp-content\\\/uploads\\\/2021\\\/02\\\/Banner-Semana-da-Laranja.jpg\",\"datePublished\":\"2021-02-02T13:15:00+00:00\",\"description\":\"Popular citrino vai ser vendido a um pre\u00e7o especial entre 9 e 13 de fevereiro.\",\"breadcrumb\":{\"@id\":\"https:\\\/\\\/algarve7.pt\\\/index.php\\\/2021\\\/02\\\/semana-da-laranja-esta-de-volta-ao-mercado-municipal-de-portimao\\\/atualidade\\\/13\\\/15\\\/#breadcrumb\"},\"inLanguage\":\"pt-PT\",\"potentialAction\":[{\"@type\":\"ReadAction\",\"target\":[\"https:\\\/\\\/algarve7.pt\\\/index.php\\\/2021\\\/02\\\/semana-da-laranja-esta-de-volta-ao-mercado-municipal-de-portimao\\\/atualidade\\\/13\\\/15\\\/\"]}]},{\"@type\":\"ImageObject\",\"inLanguage\":\"pt-PT\",\"@id\":\"https:\\\/\\\/algarve7.pt\\\/index.php\\\/2021\\\/02\\\/semana-da-laranja-esta-de-volta-ao-mercado-municipal-de-portimao\\\/atualidade\\\/13\\\/15\\\/#primaryimage\",\"url\":\"https:\\\/\\\/algarve7.pt\\\/wp-content\\\/uploads\\\/2021\\\/02\\\/Banner-Semana-da-Laranja.jpg\",\"contentUrl\":\"https:\\\/\\\/algarve7.pt\\\/wp-content\\\/uploads\\\/2021\\\/02\\\/Banner-Semana-da-Laranja.jpg\",\"width\":900,\"height\":417},{\"@type\":\"BreadcrumbList\",\"@id\":\"https:\\\/\\\/algarve7.pt\\\/index.php\\\/2021\\\/02\\\/semana-da-laranja-esta-de-volta-ao-mercado-municipal-de-portimao\\\/atualidade\\\/13\\\/15\\\/#breadcrumb\",\"itemListElement\":[{\"@type\":\"ListItem\",\"position\":1,\"name\":\"In\u00edcio\",\"item\":\"https:\\\/\\\/algarve7.pt\\\/\"},{\"@type\":\"ListItem\",\"position\":2,\"name\":\"Semana da Laranja est\u00e1 de volta ao Mercado Municipal de Portim\u00e3o\"}]},{\"@type\":\"WebSite\",\"@id\":\"https:\\\/\\\/algarve7.pt\\\/#website\",\"url\":\"https:\\\/\\\/algarve7.pt\\\/\",\"name\":\"Algarve 7\",\"description\":\"Informa\u00e7\u00e3o sobre o Algarve\",\"publisher\":{\"@id\":\"https:\\\/\\\/algarve7.pt\\\/#organization\"},\"potentialAction\":[{\"@type\":\"SearchAction\",\"target\":{\"@type\":\"EntryPoint\",\"urlTemplate\":\"https:\\\/\\\/algarve7.pt\\\/?s={search_term_string}\"},\"query-input\":{\"@type\":\"PropertyValueSpecification\",\"valueRequired\":true,\"valueName\":\"search_term_string\"}}],\"inLanguage\":\"pt-PT\"},{\"@type\":\"Organization\",\"@id\":\"https:\\\/\\\/algarve7.pt\\\/#organization\",\"name\":\"Algarve 7\",\"url\":\"https:\\\/\\\/algarve7.pt\\\/\",\"logo\":{\"@type\":\"ImageObject\",\"inLanguage\":\"pt-PT\",\"@id\":\"https:\\\/\\\/algarve7.pt\\\/#\\\/schema\\\/logo\\\/image\\\/\",\"url\":\"https:\\\/\\\/algarve7.pt\\\/wp-content\\\/uploads\\\/2020\\\/10\\\/Logo-8.jpg\",\"contentUrl\":\"https:\\\/\\\/algarve7.pt\\\/wp-content\\\/uploads\\\/2020\\\/10\\\/Logo-8.jpg\",\"width\":1680,\"height\":1186,\"caption\":\"Algarve 7\"},\"image\":{\"@id\":\"https:\\\/\\\/algarve7.pt\\\/#\\\/schema\\\/logo\\\/image\\\/\"},\"sameAs\":[\"https:\\\/\\\/www.facebook.com\\\/algarve7\",\"https:\\\/\\\/x.com\\\/Algarvesete\",\"https:\\\/\\\/www.instagram.com\\\/jornalalgarve7\\\/\",\"https:\\\/\\\/www.linkedin.com\\\/company\\\/algarve7\",\"https:\\\/\\\/www.pinterest.pt\\\/geral0939\\\/_created\\\/\"]},{\"@type\":\"Person\",\"@id\":\"https:\\\/\\\/algarve7.pt\\\/#\\\/schema\\\/person\\\/23fa70681308e7b319a3204bcea45e0c\",\"name\":\"Algarve 7\",\"sameAs\":[\"https:\\\/\\\/algarve7.pt\",\"https:\\\/\\\/www.facebook.com\\\/algarve7\"],\"url\":\"https:\\\/\\\/algarve7.pt\\\/index.php\\\/author\\\/geralalgarve7-pt\\\/\"}]}<\/script>\n<!-- \/ Yoast SEO plugin. -->","yoast_head_json":{"title":"Semana da Laranja est\u00e1 de volta ao Mercado Municipal de Portim\u00e3o - Algarve 7","description":"Popular citrino vai ser vendido a um pre\u00e7o especial entre 9 e 13 de fevereiro.","robots":{"index":"index","follow":"follow","max-snippet":"max-snippet:-1","max-image-preview":"max-image-preview:large","max-video-preview":"max-video-preview:-1"},"canonical":"https:\/\/algarve7.pt\/index.php\/2021\/02\/semana-da-laranja-esta-de-volta-ao-mercado-municipal-de-portimao\/atualidade\/13\/15\/","og_locale":"pt_PT","og_type":"article","og_title":"Semana da Laranja est\u00e1 de volta ao Mercado Municipal de Portim\u00e3o - Algarve 7","og_description":"Popular citrino vai ser vendido a um pre\u00e7o especial entre 9 e 13 de fevereiro.","og_url":"https:\/\/algarve7.pt\/index.php\/2021\/02\/semana-da-laranja-esta-de-volta-ao-mercado-municipal-de-portimao\/atualidade\/13\/15\/","og_site_name":"Algarve 7","article_publisher":"https:\/\/www.facebook.com\/algarve7","article_author":"https:\/\/www.facebook.com\/algarve7","article_published_time":"2021-02-02T13:15:00+00:00","og_image":[{"width":900,"height":417,"url":"https:\/\/algarve7.pt\/wp-content\/uploads\/2021\/02\/Banner-Semana-da-Laranja.jpg","type":"image\/jpeg"}],"author":"Algarve 7","twitter_card":"summary_large_image","twitter_creator":"@Algarvesete","twitter_site":"@Algarvesete","twitter_misc":{"Escrito por":"Algarve 7","Tempo estimado de leitura":"1 minuto"},"schema":{"@context":"https:\/\/schema.org","@graph":[{"@type":"Article","@id":"https:\/\/algarve7.pt\/index.php\/2021\/02\/semana-da-laranja-esta-de-volta-ao-mercado-municipal-de-portimao\/atualidade\/13\/15\/#article","isPartOf":{"@id":"https:\/\/algarve7.pt\/index.php\/2021\/02\/semana-da-laranja-esta-de-volta-ao-mercado-municipal-de-portimao\/atualidade\/13\/15\/"},"author":{"name":"Algarve 7","@id":"https:\/\/algarve7.pt\/#\/schema\/person\/23fa70681308e7b319a3204bcea45e0c"},"headline":"Semana da Laranja est\u00e1 de volta ao Mercado Municipal de Portim\u00e3o","datePublished":"2021-02-02T13:15:00+00:00","mainEntityOfPage":{"@id":"https:\/\/algarve7.pt\/index.php\/2021\/02\/semana-da-laranja-esta-de-volta-ao-mercado-municipal-de-portimao\/atualidade\/13\/15\/"},"wordCount":237,"publisher":{"@id":"https:\/\/algarve7.pt\/#organization"},"image":{"@id":"https:\/\/algarve7.pt\/index.php\/2021\/02\/semana-da-laranja-esta-de-volta-ao-mercado-municipal-de-portimao\/atualidade\/13\/15\/#primaryimage"},"thumbnailUrl":"https:\/\/algarve7.pt\/wp-content\/uploads\/2021\/02\/Banner-Semana-da-Laranja.jpg","keywords":["Algarve","Atualidade","Mercado","Portim\u00e3o"],"articleSection":["Atualidade"],"inLanguage":"pt-PT"},{"@type":"WebPage","@id":"https:\/\/algarve7.pt\/index.php\/2021\/02\/semana-da-laranja-esta-de-volta-ao-mercado-municipal-de-portimao\/atualidade\/13\/15\/","url":"https:\/\/algarve7.pt\/index.php\/2021\/02\/semana-da-laranja-esta-de-volta-ao-mercado-municipal-de-portimao\/atualidade\/13\/15\/","name":"Semana da Laranja est\u00e1 de volta ao Mercado Municipal de Portim\u00e3o - Algarve 7","isPartOf":{"@id":"https:\/\/algarve7.pt\/#website"},"primaryImageOfPage":{"@id":"https:\/\/algarve7.pt\/index.php\/2021\/02\/semana-da-laranja-esta-de-volta-ao-mercado-municipal-de-portimao\/atualidade\/13\/15\/#primaryimage"},"image":{"@id":"https:\/\/algarve7.pt\/index.php\/2021\/02\/semana-da-laranja-esta-de-volta-ao-mercado-municipal-de-portimao\/atualidade\/13\/15\/#primaryimage"},"thumbnailUrl":"https:\/\/algarve7.pt\/wp-content\/uploads\/2021\/02\/Banner-Semana-da-Laranja.jpg","datePublished":"2021-02-02T13:15:00+00:00","description":"Popular citrino vai ser vendido a um pre\u00e7o especial entre 9 e 13 de fevereiro.","breadcrumb":{"@id":"https:\/\/algarve7.pt\/index.php\/2021\/02\/semana-da-laranja-esta-de-volta-ao-mercado-municipal-de-portimao\/atualidade\/13\/15\/#breadcrumb"},"inLanguage":"pt-PT","potentialAction":[{"@type":"ReadAction","target":["https:\/\/algarve7.pt\/index.php\/2021\/02\/semana-da-laranja-esta-de-volta-ao-mercado-municipal-de-portimao\/atualidade\/13\/15\/"]}]},{"@type":"ImageObject","inLanguage":"pt-PT","@id":"https:\/\/algarve7.pt\/index.php\/2021\/02\/semana-da-laranja-esta-de-volta-ao-mercado-municipal-de-portimao\/atualidade\/13\/15\/#primaryimage","url":"https:\/\/algarve7.pt\/wp-content\/uploads\/2021\/02\/Banner-Semana-da-Laranja.jpg","contentUrl":"https:\/\/algarve7.pt\/wp-content\/uploads\/2021\/02\/Banner-Semana-da-Laranja.jpg","width":900,"height":417},{"@type":"BreadcrumbList","@id":"https:\/\/algarve7.pt\/index.php\/2021\/02\/semana-da-laranja-esta-de-volta-ao-mercado-municipal-de-portimao\/atualidade\/13\/15\/#breadcrumb","itemListElement":[{"@type":"ListItem","position":1,"name":"In\u00edcio","item":"https:\/\/algarve7.pt\/"},{"@type":"ListItem","position":2,"name":"Semana da Laranja est\u00e1 de volta ao Mercado Municipal de Portim\u00e3o"}]},{"@type":"WebSite","@id":"https:\/\/algarve7.pt\/#website","url":"https:\/\/algarve7.pt\/","name":"Algarve 7","description":"Informa\u00e7\u00e3o sobre o Algarve","publisher":{"@id":"https:\/\/algarve7.pt\/#organization"},"potentialAction":[{"@type":"SearchAction","target":{"@type":"EntryPoint","urlTemplate":"https:\/\/algarve7.pt\/?s={search_term_string}"},"query-input":{"@type":"PropertyValueSpecification","valueRequired":true,"valueName":"search_term_string"}}],"inLanguage":"pt-PT"},{"@type":"Organization","@id":"https:\/\/algarve7.pt\/#organization","name":"Algarve 7","url":"https:\/\/algarve7.pt\/","logo":{"@type":"ImageObject","inLanguage":"pt-PT","@id":"https:\/\/algarve7.pt\/#\/schema\/logo\/image\/","url":"https:\/\/algarve7.pt\/wp-content\/uploads\/2020\/10\/Logo-8.jpg","contentUrl":"https:\/\/algarve7.pt\/wp-content\/uploads\/2020\/10\/Logo-8.jpg","width":1680,"height":1186,"caption":"Algarve 7"},"image":{"@id":"https:\/\/algarve7.pt\/#\/schema\/logo\/image\/"},"sameAs":["https:\/\/www.facebook.com\/algarve7","https:\/\/x.com\/Algarvesete","https:\/\/www.instagram.com\/jornalalgarve7\/","https:\/\/www.linkedin.com\/company\/algarve7","https:\/\/www.pinterest.pt\/geral0939\/_created\/"]},{"@type":"Person","@id":"https:\/\/algarve7.pt\/#\/schema\/person\/23fa70681308e7b319a3204bcea45e0c","name":"Algarve 7","sameAs":["https:\/\/algarve7.pt","https:\/\/www.facebook.com\/algarve7"],"url":"https:\/\/algarve7.pt\/index.php\/author\/geralalgarve7-pt\/"}]}},"jetpack_publicize_connections":[],"jetpack_shortlink":"https:\/\/wp.me\/pcezmW-1uX","jetpack_sharing_enabled":true,"jetpack_featured_media_url":"https:\/\/algarve7.pt\/wp-content\/uploads\/2021\/02\/Banner-Semana-da-Laranja.jpg","_links":{"self":[{"href":"https:\/\/algarve7.pt\/index.php\/wp-json\/wp\/v2\/posts\/5763","targetHints":{"allow":["GET"]}}],"collection":[{"href":"https:\/\/algarve7.pt\/index.php\/wp-json\/wp\/v2\/posts"}],"about":[{"href":"https:\/\/algarve7.pt\/index.php\/wp-json\/wp\/v2\/types\/post"}],"author":[{"embeddable":true,"href":"https:\/\/algarve7.pt\/index.php\/wp-json\/wp\/v2\/users\/1"}],"replies":[{"embeddable":true,"href":"https:\/\/algarve7.pt\/index.php\/wp-json\/wp\/v2\/comments?post=5763"}],"version-history":[{"count":0,"href":"https:\/\/algarve7.pt\/index.php\/wp-json\/wp\/v2\/posts\/5763\/revisions"}],"wp:featuredmedia":[{"embeddable":true,"href":"https:\/\/algarve7.pt\/index.php\/wp-json\/wp\/v2\/media\/5764"}],"wp:attachment":[{"href":"https:\/\/algarve7.pt\/index.php\/wp-json\/wp\/v2\/media?parent=5763"}],"wp:term":[{"taxonomy":"category","embeddable":true,"href":"https:\/\/algarve7.pt\/index.php\/wp-json\/wp\/v2\/categories?post=5763"},{"taxonomy":"post_tag","embeddable":true,"href":"https:\/\/algarve7.pt\/index.php\/wp-json\/wp\/v2\/tags?post=5763"}],"curies":[{"name":"wp","href":"https:\/\/api.w.org\/{rel}","templated":true}]}}