{"id":57611,"date":"2026-01-13T07:20:00","date_gmt":"2026-01-13T07:20:00","guid":{"rendered":"https:\/\/algarve7.pt\/?p=57611"},"modified":"2026-01-12T11:35:37","modified_gmt":"2026-01-12T11:35:37","slug":"winter-series-abre-ano-no-algarve-32-maquinas-de-eleicao-alinham-no-autodromo-internacional-do-algarve","status":"publish","type":"post","link":"https:\/\/algarve7.pt\/index.php\/2026\/01\/winter-series-abre-ano-no-algarve-32-maquinas-de-eleicao-alinham-no-autodromo-internacional-do-algarve\/desporto\/07\/20\/","title":{"rendered":"Winter Series abre ano no Algarve\u00a032 m\u00e1quinas de elei\u00e7\u00e3o alinham no Aut\u00f3dromo Internacional do Algarve"},"content":{"rendered":"\n<p>O primeiro fim de semana de corridas da&nbsp;<strong>Winter Series de 2026<\/strong>realiza-se j\u00e1 nos dias&nbsp;<strong>17 e 18<\/strong>&nbsp;e vai colocar os holofotes no GT &amp; GT4 Winter Series no&nbsp;<strong>Aut\u00f3dromo Internacional do Algarve<\/strong>.&nbsp;<\/p>\n\n\n\n<p>A abertura da temporada de 2026 promete batalhas intensas nas grelhas das duas categorias&nbsp;<strong>GT da Winter Series<\/strong>, com inscri\u00e7\u00f5es de toda a Europa, pilotos talentosos de todo o mundo e uma grande variedade de fabricantes.<\/p>\n\n\n\n<p>Uma luxuosa lista de&nbsp;<strong>32<\/strong>&nbsp;carros na&nbsp;<strong>GT Winter Series<\/strong>&nbsp;dar\u00e1 in\u00edcio \u00e0 temporada de&nbsp;<strong>2026<\/strong>, apresentando uma das maiores grelhas da classe&nbsp;<strong>GT3<\/strong>&nbsp;na hist\u00f3ria da s\u00e9rie. Os atuais campe\u00f5es&nbsp;<strong>GT3<\/strong>,&nbsp;<strong>SR Motorsport by Schnitzelalm Racing<\/strong>, v\u00e3o alinhar dois&nbsp;<strong>Mercedes-AMG GT3 Evo<\/strong>.&nbsp;<strong>Kenneth Heyer<\/strong>&nbsp;procurar\u00e1 mais uma vez o t\u00edtulo numa disputa completa pela temporada, acompanhado pelo veloz&nbsp;<strong>Jay Mo H\u00e4rtling<\/strong>&nbsp;no carro #11. O segundo carro \u2013 o #111 \u2013 ser\u00e1 pilotado por dois nomes j\u00e1 conhecidos do paddock da GEDLICH: o campe\u00e3o da GT Winter Series de 2021\/2022,&nbsp;<strong>Michael Sander<\/strong>, e&nbsp;<strong>Moritz Wiskirchen<\/strong>.<\/p>\n\n\n\n<p>Entre os outros carros da Mercedes GT3, a&nbsp;<strong>PTT Racing<\/strong>&nbsp;tamb\u00e9m estar\u00e1 presente para a temporada completa. Przemyslaw Bienkowski espera lutar pelo t\u00edtulo da GT Winter Series de 2026, depois de ter conquistado o campeonato nacional polaco de GT em 2025. A participa\u00e7\u00e3o da&nbsp;<strong>Mercedes<\/strong>&nbsp;em&nbsp;<strong>Portim\u00e3o<\/strong>&nbsp;inclui ainda a&nbsp;<strong>CBRX by SPS<\/strong>&nbsp;(Dexter Muller), a&nbsp;<strong>Grupo Prom Racing Team<\/strong>&nbsp;(Alfredo Hernandez) e o carro de especifica\u00e7\u00e3o&nbsp;<strong>GT2<\/strong>&nbsp;da&nbsp;<strong>NM Racing Team<\/strong>(Alberto De Martin, Branden Oxley). Outra equipa que procura lutar pelo campeonato geral \u00e9 a&nbsp;<strong>Orange Racing by JMH<\/strong>, ap\u00f3s uma participa\u00e7\u00e3o especial com vit\u00f3ria na temporada de 2025.<\/p>\n\n\n\n<p>O&nbsp;<strong>McLaren 720S GT3 Evo<\/strong>&nbsp;da equipa brit\u00e2nica ser\u00e1 pilotado por&nbsp;<strong>Simon Orange<\/strong>&nbsp;e&nbsp;<strong>Marcus Clutton<\/strong>. Embora esta seja a \u00fanica participa\u00e7\u00e3o da marca brit\u00e2nica na categoria, a&nbsp;<strong>Ferrari<\/strong>&nbsp;ter\u00e1 quatro carros:&nbsp;<strong>AF Corse<\/strong>&nbsp;e&nbsp;<strong>Olimp Racing<\/strong>, cada um com dois&nbsp;<strong>296 GT3<\/strong>. Outras equipas nos GT3 ser\u00e3o a&nbsp;<strong>Haupt Racing Team<\/strong>&nbsp;(com dois Ford Mustang), a&nbsp;<strong>AF Motorsport<\/strong>&nbsp;(com um Porsche 991.2) e a&nbsp;<strong>Juta Racing<\/strong>&nbsp;(com um Audi R8). Entretanto, a LIQUI MOLY Team Engstler tamb\u00e9m marcar\u00e1 presen\u00e7a regularmente na GT Winter Series de 2026 na categoria GT3, competindo com um&nbsp;<strong>Lamborghini Huracan GT3 Evo2<\/strong>&nbsp;para v\u00e1rias duplas de pilotos.<\/p>\n\n\n\n<p>Na primeira etapa,&nbsp;<strong>Jonas Karklys<\/strong>&nbsp;e&nbsp;<strong>Tim H\u00fctter<\/strong>&nbsp;estar\u00e3o ao volante. A equipa&nbsp;<strong>Engstler<\/strong>&nbsp;tamb\u00e9m estar\u00e1 presente na classe Cup 1 para autom\u00f3veis&nbsp;<strong>Ferrari 296 Challenge<\/strong>, com Friedrich M\u00fcller ao volante. A competi\u00e7\u00e3o na classe contar\u00e1 com duas inscri\u00e7\u00f5es da&nbsp;<strong>AF Corse<\/strong>, bem como carros individuais de&nbsp;<strong>\u00c1lvaro Ramos<\/strong>, da&nbsp;<strong>Ara\u00fajo Competi\u00e7\u00e3o<\/strong>, e de Lukas Azzato e Alberto Cola, da&nbsp;<strong>Kessel Racing<\/strong>.<\/p>\n\n\n\n<p>A&nbsp;<strong>Cup 2<\/strong>&nbsp;est\u00e1 reservada aos carros&nbsp;<strong>Porsche 992 Cup<\/strong>&nbsp;e contar\u00e1 com uma forte disputa entre seis carros, com inscri\u00e7\u00f5es da&nbsp;<strong>PTT Racing<\/strong>,&nbsp;<strong>MS Racing<\/strong>,&nbsp;<strong>Nacente Racing<\/strong>,&nbsp;<strong>Team Steiner Racing<\/strong>,&nbsp;<strong>LMR Racing<\/strong>&nbsp;e&nbsp;<strong>Up2Race<\/strong>.<\/p>\n\n\n\n<p>Entretanto, a classe&nbsp;<strong>Cup 4<\/strong>&nbsp;para carros&nbsp;<strong>Lamborghini Super Trofeo<\/strong>ser\u00e1 disputada entre Alessio Ruffini e Milo\u0161 Pavlovi\u0107, da&nbsp;<strong>Auto Sport Racing<\/strong>, e o carro irm\u00e3o de Petar Mati\u0107. Finalmente, na classe&nbsp;<strong>GTX<\/strong>&nbsp;para autom\u00f3veis fora da estrutura regular de classes, um&nbsp;<strong>BMW Z4 GT3<\/strong>&nbsp;ser\u00e1 inscrito pela&nbsp;<strong>Classic &amp; Speed<\/strong>&nbsp;\u200b\u200bpara Marcus Oeyenhausen.<\/p>\n\n\n\n<p>Os bilhetes para esta primeira prova da Winter Series podem ser adquiridos no site do\u00a0<strong>Aut\u00f3dromo Internacional do Algarve<\/strong>\u00a0em\u00a0<a href=\"http:\/\/www.autodromodoalgarve.com\/\" target=\"_blank\" rel=\"noreferrer noopener\">www.autodromodoalgarve.com<\/a>\u00a0e t\u00eam um custo de\u00a0<strong>10 euros<\/strong>\u00a0com acesso ao paddock.<\/p>\n","protected":false},"excerpt":{"rendered":"<p>O primeiro fim de semana de corridas da&nbsp;Winter Series de 2026realiza-se j\u00e1 nos dias&nbsp;17 e 18&nbsp;e vai colocar os holofotes<\/p>\n","protected":false},"author":1,"featured_media":40455,"comment_status":"closed","ping_status":"closed","sticky":false,"template":"","format":"standard","meta":{"colormag_page_container_layout":"default_layout","colormag_page_sidebar_layout":"default_layout","_monsterinsights_skip_tracking":false,"_monsterinsights_sitenote_active":false,"_monsterinsights_sitenote_note":"","_monsterinsights_sitenote_category":0,"jetpack_post_was_ever_published":false,"_jetpack_newsletter_access":"","_jetpack_dont_email_post_to_subs":false,"_jetpack_newsletter_tier_id":0,"_jetpack_memberships_contains_paywalled_content":false,"_jetpack_memberships_contains_paid_content":false,"footnotes":"","jetpack_publicize_message":"","jetpack_publicize_feature_enabled":true,"jetpack_social_post_already_shared":true,"jetpack_social_options":{"image_generator_settings":{"template":"highway","default_image_id":0,"font":"","enabled":false},"version":2}},"categories":[15],"tags":[36,239,40,72],"class_list":["post-57611","post","type-post","status-publish","format-standard","has-post-thumbnail","hentry","category-desporto","tag-algarve","tag-autodromo-internacional-do-algarve","tag-desporto","tag-portimao"],"yoast_head":"<!-- This site is optimized with the Yoast SEO plugin v27.5 - https:\/\/yoast.com\/product\/yoast-seo-wordpress\/ -->\n<title>Winter Series abre ano no Algarve\u00a032 m\u00e1quinas de elei\u00e7\u00e3o alinham no Aut\u00f3dromo Internacional do Algarve - Algarve 7<\/title>\n<meta name=\"description\" content=\"Winter Series abre ano no Algarve\u00a032 m\u00e1quinas de elei\u00e7\u00e3o alinham no Aut\u00f3dromo Internacional do Algarve Desporto\" \/>\n<meta name=\"robots\" content=\"index, follow, max-snippet:-1, max-image-preview:large, max-video-preview:-1\" \/>\n<link rel=\"canonical\" href=\"https:\/\/algarve7.pt\/index.php\/2026\/01\/winter-series-abre-ano-no-algarve-32-maquinas-de-eleicao-alinham-no-autodromo-internacional-do-algarve\/desporto\/07\/20\/\" \/>\n<meta property=\"og:locale\" content=\"pt_PT\" \/>\n<meta property=\"og:type\" content=\"article\" \/>\n<meta property=\"og:title\" content=\"Winter Series abre ano no Algarve\u00a032 m\u00e1quinas de elei\u00e7\u00e3o alinham no Aut\u00f3dromo Internacional do Algarve - Algarve 7\" \/>\n<meta property=\"og:description\" content=\"Winter Series abre ano no Algarve\u00a032 m\u00e1quinas de elei\u00e7\u00e3o alinham no Aut\u00f3dromo Internacional do Algarve Desporto\" \/>\n<meta property=\"og:url\" content=\"https:\/\/algarve7.pt\/index.php\/2026\/01\/winter-series-abre-ano-no-algarve-32-maquinas-de-eleicao-alinham-no-autodromo-internacional-do-algarve\/desporto\/07\/20\/\" \/>\n<meta property=\"og:site_name\" content=\"Algarve 7\" \/>\n<meta property=\"article:publisher\" content=\"https:\/\/www.facebook.com\/algarve7\" \/>\n<meta property=\"article:author\" content=\"https:\/\/www.facebook.com\/algarve7\" \/>\n<meta property=\"article:published_time\" content=\"2026-01-13T07:20:00+00:00\" \/>\n<meta property=\"og:image\" content=\"https:\/\/algarve7.pt\/wp-content\/uploads\/2024\/07\/5cadcc9a-a892-c251-ad3e-5f91865e2429.jpg\" \/>\n\t<meta property=\"og:image:width\" content=\"800\" \/>\n\t<meta property=\"og:image:height\" content=\"470\" \/>\n\t<meta property=\"og:image:type\" content=\"image\/jpeg\" \/>\n<meta name=\"author\" content=\"Algarve 7\" \/>\n<meta name=\"twitter:card\" content=\"summary_large_image\" \/>\n<meta name=\"twitter:creator\" content=\"@Algarvesete\" \/>\n<meta name=\"twitter:site\" content=\"@Algarvesete\" \/>\n<meta name=\"twitter:label1\" content=\"Escrito por\" \/>\n\t<meta name=\"twitter:data1\" content=\"Algarve 7\" \/>\n\t<meta name=\"twitter:label2\" content=\"Tempo estimado de leitura\" \/>\n\t<meta name=\"twitter:data2\" content=\"4 minutos\" \/>\n<script type=\"application\/ld+json\" class=\"yoast-schema-graph\">{\"@context\":\"https:\\\/\\\/schema.org\",\"@graph\":[{\"@type\":\"Article\",\"@id\":\"https:\\\/\\\/algarve7.pt\\\/index.php\\\/2026\\\/01\\\/winter-series-abre-ano-no-algarve-32-maquinas-de-eleicao-alinham-no-autodromo-internacional-do-algarve\\\/desporto\\\/07\\\/20\\\/#article\",\"isPartOf\":{\"@id\":\"https:\\\/\\\/algarve7.pt\\\/index.php\\\/2026\\\/01\\\/winter-series-abre-ano-no-algarve-32-maquinas-de-eleicao-alinham-no-autodromo-internacional-do-algarve\\\/desporto\\\/07\\\/20\\\/\"},\"author\":{\"name\":\"Algarve 7\",\"@id\":\"https:\\\/\\\/algarve7.pt\\\/#\\\/schema\\\/person\\\/23fa70681308e7b319a3204bcea45e0c\"},\"headline\":\"Winter Series abre ano no Algarve\u00a032 m\u00e1quinas de elei\u00e7\u00e3o alinham no Aut\u00f3dromo Internacional do Algarve\",\"datePublished\":\"2026-01-13T07:20:00+00:00\",\"mainEntityOfPage\":{\"@id\":\"https:\\\/\\\/algarve7.pt\\\/index.php\\\/2026\\\/01\\\/winter-series-abre-ano-no-algarve-32-maquinas-de-eleicao-alinham-no-autodromo-internacional-do-algarve\\\/desporto\\\/07\\\/20\\\/\"},\"wordCount\":674,\"publisher\":{\"@id\":\"https:\\\/\\\/algarve7.pt\\\/#organization\"},\"image\":{\"@id\":\"https:\\\/\\\/algarve7.pt\\\/index.php\\\/2026\\\/01\\\/winter-series-abre-ano-no-algarve-32-maquinas-de-eleicao-alinham-no-autodromo-internacional-do-algarve\\\/desporto\\\/07\\\/20\\\/#primaryimage\"},\"thumbnailUrl\":\"https:\\\/\\\/algarve7.pt\\\/wp-content\\\/uploads\\\/2024\\\/07\\\/5cadcc9a-a892-c251-ad3e-5f91865e2429.jpg\",\"keywords\":[\"Algarve\",\"Aut\u00f3dromo Internacional do Algarve\",\"Desporto\",\"Portim\u00e3o\"],\"articleSection\":[\"Desporto\"],\"inLanguage\":\"pt-PT\"},{\"@type\":\"WebPage\",\"@id\":\"https:\\\/\\\/algarve7.pt\\\/index.php\\\/2026\\\/01\\\/winter-series-abre-ano-no-algarve-32-maquinas-de-eleicao-alinham-no-autodromo-internacional-do-algarve\\\/desporto\\\/07\\\/20\\\/\",\"url\":\"https:\\\/\\\/algarve7.pt\\\/index.php\\\/2026\\\/01\\\/winter-series-abre-ano-no-algarve-32-maquinas-de-eleicao-alinham-no-autodromo-internacional-do-algarve\\\/desporto\\\/07\\\/20\\\/\",\"name\":\"Winter Series abre ano no Algarve\u00a032 m\u00e1quinas de elei\u00e7\u00e3o alinham no Aut\u00f3dromo Internacional do Algarve - Algarve 7\",\"isPartOf\":{\"@id\":\"https:\\\/\\\/algarve7.pt\\\/#website\"},\"primaryImageOfPage\":{\"@id\":\"https:\\\/\\\/algarve7.pt\\\/index.php\\\/2026\\\/01\\\/winter-series-abre-ano-no-algarve-32-maquinas-de-eleicao-alinham-no-autodromo-internacional-do-algarve\\\/desporto\\\/07\\\/20\\\/#primaryimage\"},\"image\":{\"@id\":\"https:\\\/\\\/algarve7.pt\\\/index.php\\\/2026\\\/01\\\/winter-series-abre-ano-no-algarve-32-maquinas-de-eleicao-alinham-no-autodromo-internacional-do-algarve\\\/desporto\\\/07\\\/20\\\/#primaryimage\"},\"thumbnailUrl\":\"https:\\\/\\\/algarve7.pt\\\/wp-content\\\/uploads\\\/2024\\\/07\\\/5cadcc9a-a892-c251-ad3e-5f91865e2429.jpg\",\"datePublished\":\"2026-01-13T07:20:00+00:00\",\"description\":\"Winter Series abre ano no Algarve\u00a032 m\u00e1quinas de elei\u00e7\u00e3o alinham no Aut\u00f3dromo Internacional do Algarve Desporto\",\"breadcrumb\":{\"@id\":\"https:\\\/\\\/algarve7.pt\\\/index.php\\\/2026\\\/01\\\/winter-series-abre-ano-no-algarve-32-maquinas-de-eleicao-alinham-no-autodromo-internacional-do-algarve\\\/desporto\\\/07\\\/20\\\/#breadcrumb\"},\"inLanguage\":\"pt-PT\",\"potentialAction\":[{\"@type\":\"ReadAction\",\"target\":[\"https:\\\/\\\/algarve7.pt\\\/index.php\\\/2026\\\/01\\\/winter-series-abre-ano-no-algarve-32-maquinas-de-eleicao-alinham-no-autodromo-internacional-do-algarve\\\/desporto\\\/07\\\/20\\\/\"]}]},{\"@type\":\"ImageObject\",\"inLanguage\":\"pt-PT\",\"@id\":\"https:\\\/\\\/algarve7.pt\\\/index.php\\\/2026\\\/01\\\/winter-series-abre-ano-no-algarve-32-maquinas-de-eleicao-alinham-no-autodromo-internacional-do-algarve\\\/desporto\\\/07\\\/20\\\/#primaryimage\",\"url\":\"https:\\\/\\\/algarve7.pt\\\/wp-content\\\/uploads\\\/2024\\\/07\\\/5cadcc9a-a892-c251-ad3e-5f91865e2429.jpg\",\"contentUrl\":\"https:\\\/\\\/algarve7.pt\\\/wp-content\\\/uploads\\\/2024\\\/07\\\/5cadcc9a-a892-c251-ad3e-5f91865e2429.jpg\",\"width\":800,\"height\":470},{\"@type\":\"BreadcrumbList\",\"@id\":\"https:\\\/\\\/algarve7.pt\\\/index.php\\\/2026\\\/01\\\/winter-series-abre-ano-no-algarve-32-maquinas-de-eleicao-alinham-no-autodromo-internacional-do-algarve\\\/desporto\\\/07\\\/20\\\/#breadcrumb\",\"itemListElement\":[{\"@type\":\"ListItem\",\"position\":1,\"name\":\"In\u00edcio\",\"item\":\"https:\\\/\\\/algarve7.pt\\\/\"},{\"@type\":\"ListItem\",\"position\":2,\"name\":\"Winter Series abre ano no Algarve\u00a032 m\u00e1quinas de elei\u00e7\u00e3o alinham no Aut\u00f3dromo Internacional do Algarve\"}]},{\"@type\":\"WebSite\",\"@id\":\"https:\\\/\\\/algarve7.pt\\\/#website\",\"url\":\"https:\\\/\\\/algarve7.pt\\\/\",\"name\":\"Algarve 7\",\"description\":\"Informa\u00e7\u00e3o sobre o Algarve\",\"publisher\":{\"@id\":\"https:\\\/\\\/algarve7.pt\\\/#organization\"},\"potentialAction\":[{\"@type\":\"SearchAction\",\"target\":{\"@type\":\"EntryPoint\",\"urlTemplate\":\"https:\\\/\\\/algarve7.pt\\\/?s={search_term_string}\"},\"query-input\":{\"@type\":\"PropertyValueSpecification\",\"valueRequired\":true,\"valueName\":\"search_term_string\"}}],\"inLanguage\":\"pt-PT\"},{\"@type\":\"Organization\",\"@id\":\"https:\\\/\\\/algarve7.pt\\\/#organization\",\"name\":\"Algarve 7\",\"url\":\"https:\\\/\\\/algarve7.pt\\\/\",\"logo\":{\"@type\":\"ImageObject\",\"inLanguage\":\"pt-PT\",\"@id\":\"https:\\\/\\\/algarve7.pt\\\/#\\\/schema\\\/logo\\\/image\\\/\",\"url\":\"https:\\\/\\\/algarve7.pt\\\/wp-content\\\/uploads\\\/2020\\\/10\\\/Logo-8.jpg\",\"contentUrl\":\"https:\\\/\\\/algarve7.pt\\\/wp-content\\\/uploads\\\/2020\\\/10\\\/Logo-8.jpg\",\"width\":1680,\"height\":1186,\"caption\":\"Algarve 7\"},\"image\":{\"@id\":\"https:\\\/\\\/algarve7.pt\\\/#\\\/schema\\\/logo\\\/image\\\/\"},\"sameAs\":[\"https:\\\/\\\/www.facebook.com\\\/algarve7\",\"https:\\\/\\\/x.com\\\/Algarvesete\",\"https:\\\/\\\/www.instagram.com\\\/jornalalgarve7\\\/\",\"https:\\\/\\\/www.linkedin.com\\\/company\\\/algarve7\",\"https:\\\/\\\/www.pinterest.pt\\\/geral0939\\\/_created\\\/\"]},{\"@type\":\"Person\",\"@id\":\"https:\\\/\\\/algarve7.pt\\\/#\\\/schema\\\/person\\\/23fa70681308e7b319a3204bcea45e0c\",\"name\":\"Algarve 7\",\"sameAs\":[\"https:\\\/\\\/algarve7.pt\",\"https:\\\/\\\/www.facebook.com\\\/algarve7\"],\"url\":\"https:\\\/\\\/algarve7.pt\\\/index.php\\\/author\\\/geralalgarve7-pt\\\/\"}]}<\/script>\n<!-- \/ Yoast SEO plugin. -->","yoast_head_json":{"title":"Winter Series abre ano no Algarve\u00a032 m\u00e1quinas de elei\u00e7\u00e3o alinham no Aut\u00f3dromo Internacional do Algarve - Algarve 7","description":"Winter Series abre ano no Algarve\u00a032 m\u00e1quinas de elei\u00e7\u00e3o alinham no Aut\u00f3dromo Internacional do Algarve Desporto","robots":{"index":"index","follow":"follow","max-snippet":"max-snippet:-1","max-image-preview":"max-image-preview:large","max-video-preview":"max-video-preview:-1"},"canonical":"https:\/\/algarve7.pt\/index.php\/2026\/01\/winter-series-abre-ano-no-algarve-32-maquinas-de-eleicao-alinham-no-autodromo-internacional-do-algarve\/desporto\/07\/20\/","og_locale":"pt_PT","og_type":"article","og_title":"Winter Series abre ano no Algarve\u00a032 m\u00e1quinas de elei\u00e7\u00e3o alinham no Aut\u00f3dromo Internacional do Algarve - Algarve 7","og_description":"Winter Series abre ano no Algarve\u00a032 m\u00e1quinas de elei\u00e7\u00e3o alinham no Aut\u00f3dromo Internacional do Algarve Desporto","og_url":"https:\/\/algarve7.pt\/index.php\/2026\/01\/winter-series-abre-ano-no-algarve-32-maquinas-de-eleicao-alinham-no-autodromo-internacional-do-algarve\/desporto\/07\/20\/","og_site_name":"Algarve 7","article_publisher":"https:\/\/www.facebook.com\/algarve7","article_author":"https:\/\/www.facebook.com\/algarve7","article_published_time":"2026-01-13T07:20:00+00:00","og_image":[{"width":800,"height":470,"url":"https:\/\/algarve7.pt\/wp-content\/uploads\/2024\/07\/5cadcc9a-a892-c251-ad3e-5f91865e2429.jpg","type":"image\/jpeg"}],"author":"Algarve 7","twitter_card":"summary_large_image","twitter_creator":"@Algarvesete","twitter_site":"@Algarvesete","twitter_misc":{"Escrito por":"Algarve 7","Tempo estimado de leitura":"4 minutos"},"schema":{"@context":"https:\/\/schema.org","@graph":[{"@type":"Article","@id":"https:\/\/algarve7.pt\/index.php\/2026\/01\/winter-series-abre-ano-no-algarve-32-maquinas-de-eleicao-alinham-no-autodromo-internacional-do-algarve\/desporto\/07\/20\/#article","isPartOf":{"@id":"https:\/\/algarve7.pt\/index.php\/2026\/01\/winter-series-abre-ano-no-algarve-32-maquinas-de-eleicao-alinham-no-autodromo-internacional-do-algarve\/desporto\/07\/20\/"},"author":{"name":"Algarve 7","@id":"https:\/\/algarve7.pt\/#\/schema\/person\/23fa70681308e7b319a3204bcea45e0c"},"headline":"Winter Series abre ano no Algarve\u00a032 m\u00e1quinas de elei\u00e7\u00e3o alinham no Aut\u00f3dromo Internacional do Algarve","datePublished":"2026-01-13T07:20:00+00:00","mainEntityOfPage":{"@id":"https:\/\/algarve7.pt\/index.php\/2026\/01\/winter-series-abre-ano-no-algarve-32-maquinas-de-eleicao-alinham-no-autodromo-internacional-do-algarve\/desporto\/07\/20\/"},"wordCount":674,"publisher":{"@id":"https:\/\/algarve7.pt\/#organization"},"image":{"@id":"https:\/\/algarve7.pt\/index.php\/2026\/01\/winter-series-abre-ano-no-algarve-32-maquinas-de-eleicao-alinham-no-autodromo-internacional-do-algarve\/desporto\/07\/20\/#primaryimage"},"thumbnailUrl":"https:\/\/algarve7.pt\/wp-content\/uploads\/2024\/07\/5cadcc9a-a892-c251-ad3e-5f91865e2429.jpg","keywords":["Algarve","Aut\u00f3dromo Internacional do Algarve","Desporto","Portim\u00e3o"],"articleSection":["Desporto"],"inLanguage":"pt-PT"},{"@type":"WebPage","@id":"https:\/\/algarve7.pt\/index.php\/2026\/01\/winter-series-abre-ano-no-algarve-32-maquinas-de-eleicao-alinham-no-autodromo-internacional-do-algarve\/desporto\/07\/20\/","url":"https:\/\/algarve7.pt\/index.php\/2026\/01\/winter-series-abre-ano-no-algarve-32-maquinas-de-eleicao-alinham-no-autodromo-internacional-do-algarve\/desporto\/07\/20\/","name":"Winter Series abre ano no Algarve\u00a032 m\u00e1quinas de elei\u00e7\u00e3o alinham no Aut\u00f3dromo Internacional do Algarve - Algarve 7","isPartOf":{"@id":"https:\/\/algarve7.pt\/#website"},"primaryImageOfPage":{"@id":"https:\/\/algarve7.pt\/index.php\/2026\/01\/winter-series-abre-ano-no-algarve-32-maquinas-de-eleicao-alinham-no-autodromo-internacional-do-algarve\/desporto\/07\/20\/#primaryimage"},"image":{"@id":"https:\/\/algarve7.pt\/index.php\/2026\/01\/winter-series-abre-ano-no-algarve-32-maquinas-de-eleicao-alinham-no-autodromo-internacional-do-algarve\/desporto\/07\/20\/#primaryimage"},"thumbnailUrl":"https:\/\/algarve7.pt\/wp-content\/uploads\/2024\/07\/5cadcc9a-a892-c251-ad3e-5f91865e2429.jpg","datePublished":"2026-01-13T07:20:00+00:00","description":"Winter Series abre ano no Algarve\u00a032 m\u00e1quinas de elei\u00e7\u00e3o alinham no Aut\u00f3dromo Internacional do Algarve Desporto","breadcrumb":{"@id":"https:\/\/algarve7.pt\/index.php\/2026\/01\/winter-series-abre-ano-no-algarve-32-maquinas-de-eleicao-alinham-no-autodromo-internacional-do-algarve\/desporto\/07\/20\/#breadcrumb"},"inLanguage":"pt-PT","potentialAction":[{"@type":"ReadAction","target":["https:\/\/algarve7.pt\/index.php\/2026\/01\/winter-series-abre-ano-no-algarve-32-maquinas-de-eleicao-alinham-no-autodromo-internacional-do-algarve\/desporto\/07\/20\/"]}]},{"@type":"ImageObject","inLanguage":"pt-PT","@id":"https:\/\/algarve7.pt\/index.php\/2026\/01\/winter-series-abre-ano-no-algarve-32-maquinas-de-eleicao-alinham-no-autodromo-internacional-do-algarve\/desporto\/07\/20\/#primaryimage","url":"https:\/\/algarve7.pt\/wp-content\/uploads\/2024\/07\/5cadcc9a-a892-c251-ad3e-5f91865e2429.jpg","contentUrl":"https:\/\/algarve7.pt\/wp-content\/uploads\/2024\/07\/5cadcc9a-a892-c251-ad3e-5f91865e2429.jpg","width":800,"height":470},{"@type":"BreadcrumbList","@id":"https:\/\/algarve7.pt\/index.php\/2026\/01\/winter-series-abre-ano-no-algarve-32-maquinas-de-eleicao-alinham-no-autodromo-internacional-do-algarve\/desporto\/07\/20\/#breadcrumb","itemListElement":[{"@type":"ListItem","position":1,"name":"In\u00edcio","item":"https:\/\/algarve7.pt\/"},{"@type":"ListItem","position":2,"name":"Winter Series abre ano no Algarve\u00a032 m\u00e1quinas de elei\u00e7\u00e3o alinham no Aut\u00f3dromo Internacional do Algarve"}]},{"@type":"WebSite","@id":"https:\/\/algarve7.pt\/#website","url":"https:\/\/algarve7.pt\/","name":"Algarve 7","description":"Informa\u00e7\u00e3o sobre o Algarve","publisher":{"@id":"https:\/\/algarve7.pt\/#organization"},"potentialAction":[{"@type":"SearchAction","target":{"@type":"EntryPoint","urlTemplate":"https:\/\/algarve7.pt\/?s={search_term_string}"},"query-input":{"@type":"PropertyValueSpecification","valueRequired":true,"valueName":"search_term_string"}}],"inLanguage":"pt-PT"},{"@type":"Organization","@id":"https:\/\/algarve7.pt\/#organization","name":"Algarve 7","url":"https:\/\/algarve7.pt\/","logo":{"@type":"ImageObject","inLanguage":"pt-PT","@id":"https:\/\/algarve7.pt\/#\/schema\/logo\/image\/","url":"https:\/\/algarve7.pt\/wp-content\/uploads\/2020\/10\/Logo-8.jpg","contentUrl":"https:\/\/algarve7.pt\/wp-content\/uploads\/2020\/10\/Logo-8.jpg","width":1680,"height":1186,"caption":"Algarve 7"},"image":{"@id":"https:\/\/algarve7.pt\/#\/schema\/logo\/image\/"},"sameAs":["https:\/\/www.facebook.com\/algarve7","https:\/\/x.com\/Algarvesete","https:\/\/www.instagram.com\/jornalalgarve7\/","https:\/\/www.linkedin.com\/company\/algarve7","https:\/\/www.pinterest.pt\/geral0939\/_created\/"]},{"@type":"Person","@id":"https:\/\/algarve7.pt\/#\/schema\/person\/23fa70681308e7b319a3204bcea45e0c","name":"Algarve 7","sameAs":["https:\/\/algarve7.pt","https:\/\/www.facebook.com\/algarve7"],"url":"https:\/\/algarve7.pt\/index.php\/author\/geralalgarve7-pt\/"}]}},"jetpack_publicize_connections":[],"jetpack_featured_media_url":"https:\/\/algarve7.pt\/wp-content\/uploads\/2024\/07\/5cadcc9a-a892-c251-ad3e-5f91865e2429.jpg","jetpack_shortlink":"https:\/\/wp.me\/pcezmW-eZd","jetpack_sharing_enabled":true,"_links":{"self":[{"href":"https:\/\/algarve7.pt\/index.php\/wp-json\/wp\/v2\/posts\/57611","targetHints":{"allow":["GET"]}}],"collection":[{"href":"https:\/\/algarve7.pt\/index.php\/wp-json\/wp\/v2\/posts"}],"about":[{"href":"https:\/\/algarve7.pt\/index.php\/wp-json\/wp\/v2\/types\/post"}],"author":[{"embeddable":true,"href":"https:\/\/algarve7.pt\/index.php\/wp-json\/wp\/v2\/users\/1"}],"replies":[{"embeddable":true,"href":"https:\/\/algarve7.pt\/index.php\/wp-json\/wp\/v2\/comments?post=57611"}],"version-history":[{"count":0,"href":"https:\/\/algarve7.pt\/index.php\/wp-json\/wp\/v2\/posts\/57611\/revisions"}],"wp:featuredmedia":[{"embeddable":true,"href":"https:\/\/algarve7.pt\/index.php\/wp-json\/wp\/v2\/media\/40455"}],"wp:attachment":[{"href":"https:\/\/algarve7.pt\/index.php\/wp-json\/wp\/v2\/media?parent=57611"}],"wp:term":[{"taxonomy":"category","embeddable":true,"href":"https:\/\/algarve7.pt\/index.php\/wp-json\/wp\/v2\/categories?post=57611"},{"taxonomy":"post_tag","embeddable":true,"href":"https:\/\/algarve7.pt\/index.php\/wp-json\/wp\/v2\/tags?post=57611"}],"curies":[{"name":"wp","href":"https:\/\/api.w.org\/{rel}","templated":true}]}}