{"id":5740,"date":"2021-02-01T13:40:51","date_gmt":"2021-02-01T13:40:51","guid":{"rendered":"https:\/\/algarve7.pt\/?p=5740"},"modified":"2021-02-01T13:40:55","modified_gmt":"2021-02-01T13:40:55","slug":"portugal-vai-produzir-o-primeiro-ventilador-certificado-desenvolvido-pela-sysadvance-e-ordem-dos-medicos","status":"publish","type":"post","link":"https:\/\/algarve7.pt\/index.php\/2021\/02\/portugal-vai-produzir-o-primeiro-ventilador-certificado-desenvolvido-pela-sysadvance-e-ordem-dos-medicos\/saude\/13\/40\/","title":{"rendered":"Portugal vai produzir o primeiro ventilador certificado, desenvolvido pela SYSADVANCE e Ordem dos M\u00e9dicos"},"content":{"rendered":"\n<p>A Ordem dos M\u00e9dicos e a SYSADVANCE aliaram-se durante a pandemia para desenvolver um ventilador com requisitos para ser utilizado em cuidados intensivos. O equipamento, batizado como SYSVENT OM1, j\u00e1 est\u00e1 certificado e \u00e9 o primeiro desenvolvido no nosso pa\u00eds a conseguir a marca CE.<\/p>\n\n\n\n<p>A certifica\u00e7\u00e3o do ventilador aconteceu atrav\u00e9s do Organismo Notificado, SGS B\u00e9lgica. O desenvolvimento e certifica\u00e7\u00e3o ocorreu em tempo recorde, para este tipo de dispositivo, num grande esfor\u00e7o envolvendo a equipa de desenvolvimento da SYSADVANCE, um grupo de m\u00e9dicos especialistas em Cuidados Intensivos indicados pela Ordem dos M\u00e9dicos, bem como laborat\u00f3rios acreditados em 3 pa\u00edses.<\/p>\n\n\n\n<p>A SYSADVANCE vai iniciar de imediato a produ\u00e7\u00e3o do ventilador, sendo as primeiras unidades destinadas a Portugal e Rep\u00fablica Checa. O SYSVENT OM1 tem chamado a aten\u00e7\u00e3o em v\u00e1rios pa\u00edses, desde que foi anunciado o in\u00edcio do seu desenvolvimento em mar\u00e7o do ano passado, com manifesta\u00e7\u00f5es de interesse emitidas por v\u00e1rios pa\u00edses.<\/p>\n\n\n\n<p>O SYSVENT OM1 faz agora parte do portf\u00f3lio M\u00e9dico da SYSADVANCE, juntamente com os seus conhecidos sistemas de gera\u00e7\u00e3o de Oxig\u00e9nio Medical. O SYSVENT OM1 \u00e9 absolutamente <\/p>\n\n\n\n<p>complementar aos sistemas de Gera\u00e7\u00e3o de Oxig\u00e9nio, permitindo uma solu\u00e7\u00e3o completa para a sa\u00fade, desde a fonte de Oxig\u00e9nio at\u00e9 \u00e0 administra\u00e7\u00e3o de oxig\u00e9nio ao doente. A SYSADVANCE \u00e9 hoje a \u00fanica empresa mundial a fornecer estas solu\u00e7\u00f5es combinadas.<\/p>\n\n\n\n<p>\u201cA Ordem dos M\u00e9dicos sempre acreditou que os grandes desafios do mundo, e da sa\u00fade em&nbsp;particular, encontram resposta na ci\u00eancia e na medicina. Esta alian\u00e7a frutuosa entre m\u00e9dicos e engenheiros demonstrou que devemos investir na investiga\u00e7\u00e3o cl\u00ednica para chegarmos \u00e0s&nbsp;solu\u00e7\u00f5es que os hospitais precisam, com mais rapidez, qualidade e inova\u00e7\u00e3o\u201d, explica o baston\u00e1rio da Ordem dos M\u00e9dicos. \u201cEste ventilador \u00e9 para n\u00f3s um motivo de grande satisfa\u00e7\u00e3o. As m\u00e1quinas n\u00e3o funcionam sem capital humano altamente diferenciado, mas um equipamento fi\u00e1vel \u00e9 tamb\u00e9m determinante para o sucesso do tratamento dos doentes, pelo que termos o primeiro ventilador certificado em Portugal \u00e9 para n\u00f3s uma grande alegria em tempo de not\u00edcias&nbsp;nem sempre boas\u201d, acrescenta Miguel Guimar\u00e3es.<\/p>\n\n\n\n<p>\u201cNeste momento t\u00e3o complexo da pandemia, a certifica\u00e7\u00e3o do SYSVENT OM1 enche-nos de orgulho e corrobora todo o esfor\u00e7o, empenho e profissionalismo dedicado a este projeto, permitindo que Portugal possa dispor de um equipamento de alta precis\u00e3o e fiabilidade para ventila\u00e7\u00e3o de doentes em cuidados intensivos\u201d, destaca o engenheiro Jos\u00e9 Vale Machado,presidente do Conselho de Administra\u00e7\u00e3o da Sysadvance. \u201cEsperamos que o SYSVENT OM1 contribua para salvar vidas em Portugal e noutros pa\u00edses, da mesma forma que a SYSADVANCE se tem empenhado em contribuir e priorizar o fornecimento de centrais de Oxig\u00e9nio Medicinal para v\u00e1rias partes do mundo\u201d refor\u00e7a.<\/p>\n","protected":false},"excerpt":{"rendered":"<p>A Ordem dos M\u00e9dicos e a SYSADVANCE aliaram-se durante a pandemia para desenvolver um ventilador com requisitos para ser utilizado<\/p>\n","protected":false},"author":1,"featured_media":5741,"comment_status":"closed","ping_status":"open","sticky":false,"template":"","format":"standard","meta":{"colormag_page_container_layout":"default_layout","colormag_page_sidebar_layout":"default_layout","_monsterinsights_skip_tracking":false,"_monsterinsights_sitenote_active":false,"_monsterinsights_sitenote_note":"","_monsterinsights_sitenote_category":0,"jetpack_post_was_ever_published":false,"_jetpack_newsletter_access":"","_jetpack_dont_email_post_to_subs":false,"_jetpack_newsletter_tier_id":0,"_jetpack_memberships_contains_paywalled_content":false,"_jetpack_memberships_contains_paid_content":false,"footnotes":"","jetpack_publicize_message":"","jetpack_publicize_feature_enabled":true,"jetpack_social_post_already_shared":true,"jetpack_social_options":{"image_generator_settings":{"template":"highway","default_image_id":0,"font":"","enabled":false},"version":2}},"categories":[59],"tags":[46,58],"class_list":["post-5740","post","type-post","status-publish","format-standard","has-post-thumbnail","hentry","category-saude","tag-portugal","tag-saude"],"yoast_head":"<!-- This site is optimized with the Yoast SEO plugin v27.5 - https:\/\/yoast.com\/product\/yoast-seo-wordpress\/ -->\n<title>Portugal vai produzir o primeiro ventilador certificado, desenvolvido pela SYSADVANCE e Ordem dos M\u00e9dicos - Algarve 7<\/title>\n<meta name=\"description\" content=\"Portugal vai produzir o primeiro ventilador certificado, desenvolvido pela SYSADVANCE e Ordem dos M\u00e9dicos Sa\u00fade\" \/>\n<meta name=\"robots\" content=\"index, follow, max-snippet:-1, max-image-preview:large, max-video-preview:-1\" \/>\n<link rel=\"canonical\" href=\"https:\/\/algarve7.pt\/index.php\/2021\/02\/portugal-vai-produzir-o-primeiro-ventilador-certificado-desenvolvido-pela-sysadvance-e-ordem-dos-medicos\/saude\/13\/40\/\" \/>\n<meta property=\"og:locale\" content=\"pt_PT\" \/>\n<meta property=\"og:type\" content=\"article\" \/>\n<meta property=\"og:title\" content=\"Portugal vai produzir o primeiro ventilador certificado, desenvolvido pela SYSADVANCE e Ordem dos M\u00e9dicos - Algarve 7\" \/>\n<meta property=\"og:description\" content=\"Portugal vai produzir o primeiro ventilador certificado, desenvolvido pela SYSADVANCE e Ordem dos M\u00e9dicos Sa\u00fade\" \/>\n<meta property=\"og:url\" content=\"https:\/\/algarve7.pt\/index.php\/2021\/02\/portugal-vai-produzir-o-primeiro-ventilador-certificado-desenvolvido-pela-sysadvance-e-ordem-dos-medicos\/saude\/13\/40\/\" \/>\n<meta property=\"og:site_name\" content=\"Algarve 7\" \/>\n<meta property=\"article:publisher\" content=\"https:\/\/www.facebook.com\/algarve7\" \/>\n<meta property=\"article:author\" content=\"https:\/\/www.facebook.com\/algarve7\" \/>\n<meta property=\"article:published_time\" content=\"2021-02-01T13:40:51+00:00\" \/>\n<meta property=\"article:modified_time\" content=\"2021-02-01T13:40:55+00:00\" \/>\n<meta property=\"og:image\" content=\"https:\/\/algarve7.pt\/wp-content\/uploads\/2021\/02\/SYSVENT_CERTIFIED_news.jpg\" \/>\n\t<meta property=\"og:image:width\" content=\"1920\" \/>\n\t<meta property=\"og:image:height\" content=\"1352\" \/>\n\t<meta property=\"og:image:type\" content=\"image\/jpeg\" \/>\n<meta name=\"author\" content=\"Algarve 7\" \/>\n<meta name=\"twitter:card\" content=\"summary_large_image\" \/>\n<meta name=\"twitter:creator\" content=\"@Algarvesete\" \/>\n<meta name=\"twitter:site\" content=\"@Algarvesete\" \/>\n<meta name=\"twitter:label1\" content=\"Escrito por\" \/>\n\t<meta name=\"twitter:data1\" content=\"Algarve 7\" \/>\n\t<meta name=\"twitter:label2\" content=\"Tempo estimado de leitura\" \/>\n\t<meta name=\"twitter:data2\" content=\"2 minutos\" \/>\n<script type=\"application\/ld+json\" class=\"yoast-schema-graph\">{\"@context\":\"https:\\\/\\\/schema.org\",\"@graph\":[{\"@type\":\"Article\",\"@id\":\"https:\\\/\\\/algarve7.pt\\\/index.php\\\/2021\\\/02\\\/portugal-vai-produzir-o-primeiro-ventilador-certificado-desenvolvido-pela-sysadvance-e-ordem-dos-medicos\\\/saude\\\/13\\\/40\\\/#article\",\"isPartOf\":{\"@id\":\"https:\\\/\\\/algarve7.pt\\\/index.php\\\/2021\\\/02\\\/portugal-vai-produzir-o-primeiro-ventilador-certificado-desenvolvido-pela-sysadvance-e-ordem-dos-medicos\\\/saude\\\/13\\\/40\\\/\"},\"author\":{\"name\":\"Algarve 7\",\"@id\":\"https:\\\/\\\/algarve7.pt\\\/#\\\/schema\\\/person\\\/23fa70681308e7b319a3204bcea45e0c\"},\"headline\":\"Portugal vai produzir o primeiro ventilador certificado, desenvolvido pela SYSADVANCE e Ordem dos M\u00e9dicos\",\"datePublished\":\"2021-02-01T13:40:51+00:00\",\"dateModified\":\"2021-02-01T13:40:55+00:00\",\"mainEntityOfPage\":{\"@id\":\"https:\\\/\\\/algarve7.pt\\\/index.php\\\/2021\\\/02\\\/portugal-vai-produzir-o-primeiro-ventilador-certificado-desenvolvido-pela-sysadvance-e-ordem-dos-medicos\\\/saude\\\/13\\\/40\\\/\"},\"wordCount\":506,\"publisher\":{\"@id\":\"https:\\\/\\\/algarve7.pt\\\/#organization\"},\"image\":{\"@id\":\"https:\\\/\\\/algarve7.pt\\\/index.php\\\/2021\\\/02\\\/portugal-vai-produzir-o-primeiro-ventilador-certificado-desenvolvido-pela-sysadvance-e-ordem-dos-medicos\\\/saude\\\/13\\\/40\\\/#primaryimage\"},\"thumbnailUrl\":\"https:\\\/\\\/algarve7.pt\\\/wp-content\\\/uploads\\\/2021\\\/02\\\/SYSVENT_CERTIFIED_news.jpg\",\"keywords\":[\"Portugal\",\"Sa\u00fade\"],\"articleSection\":[\"Sa\u00fade\"],\"inLanguage\":\"pt-PT\"},{\"@type\":\"WebPage\",\"@id\":\"https:\\\/\\\/algarve7.pt\\\/index.php\\\/2021\\\/02\\\/portugal-vai-produzir-o-primeiro-ventilador-certificado-desenvolvido-pela-sysadvance-e-ordem-dos-medicos\\\/saude\\\/13\\\/40\\\/\",\"url\":\"https:\\\/\\\/algarve7.pt\\\/index.php\\\/2021\\\/02\\\/portugal-vai-produzir-o-primeiro-ventilador-certificado-desenvolvido-pela-sysadvance-e-ordem-dos-medicos\\\/saude\\\/13\\\/40\\\/\",\"name\":\"Portugal vai produzir o primeiro ventilador certificado, desenvolvido pela SYSADVANCE e Ordem dos M\u00e9dicos - Algarve 7\",\"isPartOf\":{\"@id\":\"https:\\\/\\\/algarve7.pt\\\/#website\"},\"primaryImageOfPage\":{\"@id\":\"https:\\\/\\\/algarve7.pt\\\/index.php\\\/2021\\\/02\\\/portugal-vai-produzir-o-primeiro-ventilador-certificado-desenvolvido-pela-sysadvance-e-ordem-dos-medicos\\\/saude\\\/13\\\/40\\\/#primaryimage\"},\"image\":{\"@id\":\"https:\\\/\\\/algarve7.pt\\\/index.php\\\/2021\\\/02\\\/portugal-vai-produzir-o-primeiro-ventilador-certificado-desenvolvido-pela-sysadvance-e-ordem-dos-medicos\\\/saude\\\/13\\\/40\\\/#primaryimage\"},\"thumbnailUrl\":\"https:\\\/\\\/algarve7.pt\\\/wp-content\\\/uploads\\\/2021\\\/02\\\/SYSVENT_CERTIFIED_news.jpg\",\"datePublished\":\"2021-02-01T13:40:51+00:00\",\"dateModified\":\"2021-02-01T13:40:55+00:00\",\"description\":\"Portugal vai produzir o primeiro ventilador certificado, desenvolvido pela SYSADVANCE e Ordem dos M\u00e9dicos Sa\u00fade\",\"breadcrumb\":{\"@id\":\"https:\\\/\\\/algarve7.pt\\\/index.php\\\/2021\\\/02\\\/portugal-vai-produzir-o-primeiro-ventilador-certificado-desenvolvido-pela-sysadvance-e-ordem-dos-medicos\\\/saude\\\/13\\\/40\\\/#breadcrumb\"},\"inLanguage\":\"pt-PT\",\"potentialAction\":[{\"@type\":\"ReadAction\",\"target\":[\"https:\\\/\\\/algarve7.pt\\\/index.php\\\/2021\\\/02\\\/portugal-vai-produzir-o-primeiro-ventilador-certificado-desenvolvido-pela-sysadvance-e-ordem-dos-medicos\\\/saude\\\/13\\\/40\\\/\"]}]},{\"@type\":\"ImageObject\",\"inLanguage\":\"pt-PT\",\"@id\":\"https:\\\/\\\/algarve7.pt\\\/index.php\\\/2021\\\/02\\\/portugal-vai-produzir-o-primeiro-ventilador-certificado-desenvolvido-pela-sysadvance-e-ordem-dos-medicos\\\/saude\\\/13\\\/40\\\/#primaryimage\",\"url\":\"https:\\\/\\\/algarve7.pt\\\/wp-content\\\/uploads\\\/2021\\\/02\\\/SYSVENT_CERTIFIED_news.jpg\",\"contentUrl\":\"https:\\\/\\\/algarve7.pt\\\/wp-content\\\/uploads\\\/2021\\\/02\\\/SYSVENT_CERTIFIED_news.jpg\",\"width\":1920,\"height\":1352},{\"@type\":\"BreadcrumbList\",\"@id\":\"https:\\\/\\\/algarve7.pt\\\/index.php\\\/2021\\\/02\\\/portugal-vai-produzir-o-primeiro-ventilador-certificado-desenvolvido-pela-sysadvance-e-ordem-dos-medicos\\\/saude\\\/13\\\/40\\\/#breadcrumb\",\"itemListElement\":[{\"@type\":\"ListItem\",\"position\":1,\"name\":\"In\u00edcio\",\"item\":\"https:\\\/\\\/algarve7.pt\\\/\"},{\"@type\":\"ListItem\",\"position\":2,\"name\":\"Portugal vai produzir o primeiro ventilador certificado, desenvolvido pela SYSADVANCE e Ordem dos M\u00e9dicos\"}]},{\"@type\":\"WebSite\",\"@id\":\"https:\\\/\\\/algarve7.pt\\\/#website\",\"url\":\"https:\\\/\\\/algarve7.pt\\\/\",\"name\":\"Algarve 7\",\"description\":\"Informa\u00e7\u00e3o sobre o Algarve\",\"publisher\":{\"@id\":\"https:\\\/\\\/algarve7.pt\\\/#organization\"},\"potentialAction\":[{\"@type\":\"SearchAction\",\"target\":{\"@type\":\"EntryPoint\",\"urlTemplate\":\"https:\\\/\\\/algarve7.pt\\\/?s={search_term_string}\"},\"query-input\":{\"@type\":\"PropertyValueSpecification\",\"valueRequired\":true,\"valueName\":\"search_term_string\"}}],\"inLanguage\":\"pt-PT\"},{\"@type\":\"Organization\",\"@id\":\"https:\\\/\\\/algarve7.pt\\\/#organization\",\"name\":\"Algarve 7\",\"url\":\"https:\\\/\\\/algarve7.pt\\\/\",\"logo\":{\"@type\":\"ImageObject\",\"inLanguage\":\"pt-PT\",\"@id\":\"https:\\\/\\\/algarve7.pt\\\/#\\\/schema\\\/logo\\\/image\\\/\",\"url\":\"https:\\\/\\\/algarve7.pt\\\/wp-content\\\/uploads\\\/2020\\\/10\\\/Logo-8.jpg\",\"contentUrl\":\"https:\\\/\\\/algarve7.pt\\\/wp-content\\\/uploads\\\/2020\\\/10\\\/Logo-8.jpg\",\"width\":1680,\"height\":1186,\"caption\":\"Algarve 7\"},\"image\":{\"@id\":\"https:\\\/\\\/algarve7.pt\\\/#\\\/schema\\\/logo\\\/image\\\/\"},\"sameAs\":[\"https:\\\/\\\/www.facebook.com\\\/algarve7\",\"https:\\\/\\\/x.com\\\/Algarvesete\",\"https:\\\/\\\/www.instagram.com\\\/jornalalgarve7\\\/\",\"https:\\\/\\\/www.linkedin.com\\\/company\\\/algarve7\",\"https:\\\/\\\/www.pinterest.pt\\\/geral0939\\\/_created\\\/\"]},{\"@type\":\"Person\",\"@id\":\"https:\\\/\\\/algarve7.pt\\\/#\\\/schema\\\/person\\\/23fa70681308e7b319a3204bcea45e0c\",\"name\":\"Algarve 7\",\"sameAs\":[\"https:\\\/\\\/algarve7.pt\",\"https:\\\/\\\/www.facebook.com\\\/algarve7\"],\"url\":\"https:\\\/\\\/algarve7.pt\\\/index.php\\\/author\\\/geralalgarve7-pt\\\/\"}]}<\/script>\n<!-- \/ Yoast SEO plugin. -->","yoast_head_json":{"title":"Portugal vai produzir o primeiro ventilador certificado, desenvolvido pela SYSADVANCE e Ordem dos M\u00e9dicos - Algarve 7","description":"Portugal vai produzir o primeiro ventilador certificado, desenvolvido pela SYSADVANCE e Ordem dos M\u00e9dicos Sa\u00fade","robots":{"index":"index","follow":"follow","max-snippet":"max-snippet:-1","max-image-preview":"max-image-preview:large","max-video-preview":"max-video-preview:-1"},"canonical":"https:\/\/algarve7.pt\/index.php\/2021\/02\/portugal-vai-produzir-o-primeiro-ventilador-certificado-desenvolvido-pela-sysadvance-e-ordem-dos-medicos\/saude\/13\/40\/","og_locale":"pt_PT","og_type":"article","og_title":"Portugal vai produzir o primeiro ventilador certificado, desenvolvido pela SYSADVANCE e Ordem dos M\u00e9dicos - Algarve 7","og_description":"Portugal vai produzir o primeiro ventilador certificado, desenvolvido pela SYSADVANCE e Ordem dos M\u00e9dicos Sa\u00fade","og_url":"https:\/\/algarve7.pt\/index.php\/2021\/02\/portugal-vai-produzir-o-primeiro-ventilador-certificado-desenvolvido-pela-sysadvance-e-ordem-dos-medicos\/saude\/13\/40\/","og_site_name":"Algarve 7","article_publisher":"https:\/\/www.facebook.com\/algarve7","article_author":"https:\/\/www.facebook.com\/algarve7","article_published_time":"2021-02-01T13:40:51+00:00","article_modified_time":"2021-02-01T13:40:55+00:00","og_image":[{"width":1920,"height":1352,"url":"https:\/\/algarve7.pt\/wp-content\/uploads\/2021\/02\/SYSVENT_CERTIFIED_news.jpg","type":"image\/jpeg"}],"author":"Algarve 7","twitter_card":"summary_large_image","twitter_creator":"@Algarvesete","twitter_site":"@Algarvesete","twitter_misc":{"Escrito por":"Algarve 7","Tempo estimado de leitura":"2 minutos"},"schema":{"@context":"https:\/\/schema.org","@graph":[{"@type":"Article","@id":"https:\/\/algarve7.pt\/index.php\/2021\/02\/portugal-vai-produzir-o-primeiro-ventilador-certificado-desenvolvido-pela-sysadvance-e-ordem-dos-medicos\/saude\/13\/40\/#article","isPartOf":{"@id":"https:\/\/algarve7.pt\/index.php\/2021\/02\/portugal-vai-produzir-o-primeiro-ventilador-certificado-desenvolvido-pela-sysadvance-e-ordem-dos-medicos\/saude\/13\/40\/"},"author":{"name":"Algarve 7","@id":"https:\/\/algarve7.pt\/#\/schema\/person\/23fa70681308e7b319a3204bcea45e0c"},"headline":"Portugal vai produzir o primeiro ventilador certificado, desenvolvido pela SYSADVANCE e Ordem dos M\u00e9dicos","datePublished":"2021-02-01T13:40:51+00:00","dateModified":"2021-02-01T13:40:55+00:00","mainEntityOfPage":{"@id":"https:\/\/algarve7.pt\/index.php\/2021\/02\/portugal-vai-produzir-o-primeiro-ventilador-certificado-desenvolvido-pela-sysadvance-e-ordem-dos-medicos\/saude\/13\/40\/"},"wordCount":506,"publisher":{"@id":"https:\/\/algarve7.pt\/#organization"},"image":{"@id":"https:\/\/algarve7.pt\/index.php\/2021\/02\/portugal-vai-produzir-o-primeiro-ventilador-certificado-desenvolvido-pela-sysadvance-e-ordem-dos-medicos\/saude\/13\/40\/#primaryimage"},"thumbnailUrl":"https:\/\/algarve7.pt\/wp-content\/uploads\/2021\/02\/SYSVENT_CERTIFIED_news.jpg","keywords":["Portugal","Sa\u00fade"],"articleSection":["Sa\u00fade"],"inLanguage":"pt-PT"},{"@type":"WebPage","@id":"https:\/\/algarve7.pt\/index.php\/2021\/02\/portugal-vai-produzir-o-primeiro-ventilador-certificado-desenvolvido-pela-sysadvance-e-ordem-dos-medicos\/saude\/13\/40\/","url":"https:\/\/algarve7.pt\/index.php\/2021\/02\/portugal-vai-produzir-o-primeiro-ventilador-certificado-desenvolvido-pela-sysadvance-e-ordem-dos-medicos\/saude\/13\/40\/","name":"Portugal vai produzir o primeiro ventilador certificado, desenvolvido pela SYSADVANCE e Ordem dos M\u00e9dicos - Algarve 7","isPartOf":{"@id":"https:\/\/algarve7.pt\/#website"},"primaryImageOfPage":{"@id":"https:\/\/algarve7.pt\/index.php\/2021\/02\/portugal-vai-produzir-o-primeiro-ventilador-certificado-desenvolvido-pela-sysadvance-e-ordem-dos-medicos\/saude\/13\/40\/#primaryimage"},"image":{"@id":"https:\/\/algarve7.pt\/index.php\/2021\/02\/portugal-vai-produzir-o-primeiro-ventilador-certificado-desenvolvido-pela-sysadvance-e-ordem-dos-medicos\/saude\/13\/40\/#primaryimage"},"thumbnailUrl":"https:\/\/algarve7.pt\/wp-content\/uploads\/2021\/02\/SYSVENT_CERTIFIED_news.jpg","datePublished":"2021-02-01T13:40:51+00:00","dateModified":"2021-02-01T13:40:55+00:00","description":"Portugal vai produzir o primeiro ventilador certificado, desenvolvido pela SYSADVANCE e Ordem dos M\u00e9dicos Sa\u00fade","breadcrumb":{"@id":"https:\/\/algarve7.pt\/index.php\/2021\/02\/portugal-vai-produzir-o-primeiro-ventilador-certificado-desenvolvido-pela-sysadvance-e-ordem-dos-medicos\/saude\/13\/40\/#breadcrumb"},"inLanguage":"pt-PT","potentialAction":[{"@type":"ReadAction","target":["https:\/\/algarve7.pt\/index.php\/2021\/02\/portugal-vai-produzir-o-primeiro-ventilador-certificado-desenvolvido-pela-sysadvance-e-ordem-dos-medicos\/saude\/13\/40\/"]}]},{"@type":"ImageObject","inLanguage":"pt-PT","@id":"https:\/\/algarve7.pt\/index.php\/2021\/02\/portugal-vai-produzir-o-primeiro-ventilador-certificado-desenvolvido-pela-sysadvance-e-ordem-dos-medicos\/saude\/13\/40\/#primaryimage","url":"https:\/\/algarve7.pt\/wp-content\/uploads\/2021\/02\/SYSVENT_CERTIFIED_news.jpg","contentUrl":"https:\/\/algarve7.pt\/wp-content\/uploads\/2021\/02\/SYSVENT_CERTIFIED_news.jpg","width":1920,"height":1352},{"@type":"BreadcrumbList","@id":"https:\/\/algarve7.pt\/index.php\/2021\/02\/portugal-vai-produzir-o-primeiro-ventilador-certificado-desenvolvido-pela-sysadvance-e-ordem-dos-medicos\/saude\/13\/40\/#breadcrumb","itemListElement":[{"@type":"ListItem","position":1,"name":"In\u00edcio","item":"https:\/\/algarve7.pt\/"},{"@type":"ListItem","position":2,"name":"Portugal vai produzir o primeiro ventilador certificado, desenvolvido pela SYSADVANCE e Ordem dos M\u00e9dicos"}]},{"@type":"WebSite","@id":"https:\/\/algarve7.pt\/#website","url":"https:\/\/algarve7.pt\/","name":"Algarve 7","description":"Informa\u00e7\u00e3o sobre o Algarve","publisher":{"@id":"https:\/\/algarve7.pt\/#organization"},"potentialAction":[{"@type":"SearchAction","target":{"@type":"EntryPoint","urlTemplate":"https:\/\/algarve7.pt\/?s={search_term_string}"},"query-input":{"@type":"PropertyValueSpecification","valueRequired":true,"valueName":"search_term_string"}}],"inLanguage":"pt-PT"},{"@type":"Organization","@id":"https:\/\/algarve7.pt\/#organization","name":"Algarve 7","url":"https:\/\/algarve7.pt\/","logo":{"@type":"ImageObject","inLanguage":"pt-PT","@id":"https:\/\/algarve7.pt\/#\/schema\/logo\/image\/","url":"https:\/\/algarve7.pt\/wp-content\/uploads\/2020\/10\/Logo-8.jpg","contentUrl":"https:\/\/algarve7.pt\/wp-content\/uploads\/2020\/10\/Logo-8.jpg","width":1680,"height":1186,"caption":"Algarve 7"},"image":{"@id":"https:\/\/algarve7.pt\/#\/schema\/logo\/image\/"},"sameAs":["https:\/\/www.facebook.com\/algarve7","https:\/\/x.com\/Algarvesete","https:\/\/www.instagram.com\/jornalalgarve7\/","https:\/\/www.linkedin.com\/company\/algarve7","https:\/\/www.pinterest.pt\/geral0939\/_created\/"]},{"@type":"Person","@id":"https:\/\/algarve7.pt\/#\/schema\/person\/23fa70681308e7b319a3204bcea45e0c","name":"Algarve 7","sameAs":["https:\/\/algarve7.pt","https:\/\/www.facebook.com\/algarve7"],"url":"https:\/\/algarve7.pt\/index.php\/author\/geralalgarve7-pt\/"}]}},"jetpack_publicize_connections":[],"jetpack_featured_media_url":"https:\/\/algarve7.pt\/wp-content\/uploads\/2021\/02\/SYSVENT_CERTIFIED_news.jpg","jetpack_shortlink":"https:\/\/wp.me\/pcezmW-1uA","jetpack_sharing_enabled":true,"_links":{"self":[{"href":"https:\/\/algarve7.pt\/index.php\/wp-json\/wp\/v2\/posts\/5740","targetHints":{"allow":["GET"]}}],"collection":[{"href":"https:\/\/algarve7.pt\/index.php\/wp-json\/wp\/v2\/posts"}],"about":[{"href":"https:\/\/algarve7.pt\/index.php\/wp-json\/wp\/v2\/types\/post"}],"author":[{"embeddable":true,"href":"https:\/\/algarve7.pt\/index.php\/wp-json\/wp\/v2\/users\/1"}],"replies":[{"embeddable":true,"href":"https:\/\/algarve7.pt\/index.php\/wp-json\/wp\/v2\/comments?post=5740"}],"version-history":[{"count":0,"href":"https:\/\/algarve7.pt\/index.php\/wp-json\/wp\/v2\/posts\/5740\/revisions"}],"wp:featuredmedia":[{"embeddable":true,"href":"https:\/\/algarve7.pt\/index.php\/wp-json\/wp\/v2\/media\/5741"}],"wp:attachment":[{"href":"https:\/\/algarve7.pt\/index.php\/wp-json\/wp\/v2\/media?parent=5740"}],"wp:term":[{"taxonomy":"category","embeddable":true,"href":"https:\/\/algarve7.pt\/index.php\/wp-json\/wp\/v2\/categories?post=5740"},{"taxonomy":"post_tag","embeddable":true,"href":"https:\/\/algarve7.pt\/index.php\/wp-json\/wp\/v2\/tags?post=5740"}],"curies":[{"name":"wp","href":"https:\/\/api.w.org\/{rel}","templated":true}]}}