{"id":57396,"date":"2026-01-06T09:31:09","date_gmt":"2026-01-06T09:31:09","guid":{"rendered":"https:\/\/algarve7.pt\/?p=57396"},"modified":"2026-01-06T09:31:42","modified_gmt":"2026-01-06T09:31:42","slug":"abertura-da-open-call-6-a-edicao-do-premio-nova-dramaturgia-de-autoria-feminina","status":"publish","type":"post","link":"https:\/\/algarve7.pt\/index.php\/2026\/01\/abertura-da-open-call-6-a-edicao-do-premio-nova-dramaturgia-de-autoria-feminina\/cultura\/09\/31\/","title":{"rendered":"Abertura da Open Call \u2014 6.\u00aa edi\u00e7\u00e3o do Pr\u00e9mio Nova Dramaturgia de Autoria Feminina"},"content":{"rendered":"\n<p>A Companhia Cepa Torta anuncia a abertura da Open Call a 1 de janeiro, para a 6.\u00aa edi\u00e7\u00e3o do Pr\u00e9mio Nova Dramaturgia de Autoria Feminina, uma iniciativa que afirma e projeta novas vozes da escrita teatral em l\u00edngua portuguesa.<\/p>\n\n\n\n<p>Entre 1 de janeiro e 31 de mar\u00e7o de 2026, estar\u00e3o abertas as candidaturas dirigidas a pessoas maiores de idade que se identifiquem com o g\u00e9nero feminino, cisg\u00e9nero ou transg\u00e9nero, e que apresentem textos teatrais originais escritos em portugu\u00eas. O regulamento completo poder\u00e1 ser consultado no site da Companhia Cepa Torta, a partir de 1 de janeiro.<\/p>\n\n\n\n<p>Criado com o objetivo de promover, reconhecer e divulgar a dramaturgia de autoria feminina, o Pr\u00e9mio tem vindo a afirmar-se como uma refer\u00eancia no panorama teatral contempor\u00e2neo, reunindo, ao longo das suas cinco edi\u00e7\u00f5es anteriores, cerca de 560 candidaturas provenientes de diversos pa\u00edses de l\u00edngua portuguesa.<\/p>\n\n\n\n<p>As obras submetidas ser\u00e3o avaliadas por um j\u00fari composto por tr\u00eas personalidades de reconhecido percurso na \u00e1rea do teatro e da dramaturgia, cujos nomes ser\u00e3o anunciados em janeiro de 2026. Em junho, ser\u00e3o revelados os tr\u00eas textos finalistas, que ter\u00e3o acesso a um per\u00edodo opcional de mentoria e aperfei\u00e7oamento, em di\u00e1logo com os elementos do j\u00fari. Ap\u00f3s esta fase, ser\u00e1 selecionada a obra vencedora.<\/p>\n\n\n\n<p>O texto distinguido ser\u00e1 premiado com um valor pecuni\u00e1rio de 1.000\u20ac, ter\u00e1 edi\u00e7\u00e3o em livro e integrar\u00e1 a programa\u00e7\u00e3o do Festim de Leituras de Textos de Teatro \u2013 Esta noite grita-se, em 2026, numa leitura p\u00fablica que assinalar\u00e1 tamb\u00e9m o lan\u00e7amento da obra em livro.<\/p>\n\n\n\n<p>A edi\u00e7\u00e3o anterior ficou marcada pela atribui\u00e7\u00e3o do Pr\u00e9mio a Sabrina Marthendal, pela obra Pedral, com cerim\u00f3nia de entrega, lan\u00e7amento do livro e leitura p\u00fablica realizados na Funda\u00e7\u00e3o Calouste Gulbenkian, em dezembro de 2025. Ao longo dos \u00faltimos anos, o Pr\u00e9mio distinguiu ainda autoras como Luz Ribeiro (Lacuna, 2024), Sofia Perp\u00e9tua (Tanque, 2023), Maria Giulia Pinheiro (Isso n\u00e3o \u00e9 relevante, 2022) e Lara Mesquita (Sempre que acordo, 2021). Mais informa\u00e7\u00f5es sobre a Open Call e a 6.\u00aa edi\u00e7\u00e3o do Pr\u00e9mio Nova Dramaturgia de Autoria feminina estar\u00e3o dispon\u00edveis em www.cepatorta.org a partir de 1 de janeiro.<\/p>\n","protected":false},"excerpt":{"rendered":"<p>A Companhia Cepa Torta anuncia a abertura da Open Call a 1 de janeiro, para a 6.\u00aa edi\u00e7\u00e3o do Pr\u00e9mio<\/p>\n","protected":false},"author":1,"featured_media":57397,"comment_status":"closed","ping_status":"closed","sticky":false,"template":"","format":"standard","meta":{"colormag_page_container_layout":"default_layout","colormag_page_sidebar_layout":"default_layout","_monsterinsights_skip_tracking":false,"_monsterinsights_sitenote_active":false,"_monsterinsights_sitenote_note":"","_monsterinsights_sitenote_category":0,"jetpack_post_was_ever_published":false,"_jetpack_newsletter_access":"","_jetpack_dont_email_post_to_subs":false,"_jetpack_newsletter_tier_id":0,"_jetpack_memberships_contains_paywalled_content":false,"_jetpack_memberships_contains_paid_content":false,"footnotes":"","jetpack_publicize_message":"","jetpack_publicize_feature_enabled":true,"jetpack_social_post_already_shared":true,"jetpack_social_options":{"image_generator_settings":{"template":"highway","default_image_id":0,"font":"","enabled":false},"version":2}},"categories":[14,189],"tags":[35],"class_list":["post-57396","post","type-post","status-publish","format-standard","has-post-thumbnail","hentry","category-cultura","category-nacional","tag-cultura"],"yoast_head":"<!-- This site is optimized with the Yoast SEO plugin v27.5 - https:\/\/yoast.com\/product\/yoast-seo-wordpress\/ -->\n<title>Abertura da Open Call \u2014 6.\u00aa edi\u00e7\u00e3o do Pr\u00e9mio Nova Dramaturgia de Autoria Feminina - Algarve 7<\/title>\n<meta name=\"description\" content=\"Abertura da Open Call \u2014 6.\u00aa edi\u00e7\u00e3o do Pr\u00e9mio Nova Dramaturgia de Autoria Feminina Cultura\" \/>\n<meta name=\"robots\" content=\"index, follow, max-snippet:-1, max-image-preview:large, max-video-preview:-1\" \/>\n<link rel=\"canonical\" href=\"https:\/\/algarve7.pt\/index.php\/2026\/01\/abertura-da-open-call-6-a-edicao-do-premio-nova-dramaturgia-de-autoria-feminina\/cultura\/09\/31\/\" \/>\n<meta property=\"og:locale\" content=\"pt_PT\" \/>\n<meta property=\"og:type\" content=\"article\" \/>\n<meta property=\"og:title\" content=\"Abertura da Open Call \u2014 6.\u00aa edi\u00e7\u00e3o do Pr\u00e9mio Nova Dramaturgia de Autoria Feminina - Algarve 7\" \/>\n<meta property=\"og:description\" content=\"Abertura da Open Call \u2014 6.\u00aa edi\u00e7\u00e3o do Pr\u00e9mio Nova Dramaturgia de Autoria Feminina Cultura\" \/>\n<meta property=\"og:url\" content=\"https:\/\/algarve7.pt\/index.php\/2026\/01\/abertura-da-open-call-6-a-edicao-do-premio-nova-dramaturgia-de-autoria-feminina\/cultura\/09\/31\/\" \/>\n<meta property=\"og:site_name\" content=\"Algarve 7\" \/>\n<meta property=\"article:publisher\" content=\"https:\/\/www.facebook.com\/algarve7\" \/>\n<meta property=\"article:author\" content=\"https:\/\/www.facebook.com\/algarve7\" \/>\n<meta property=\"article:published_time\" content=\"2026-01-06T09:31:09+00:00\" \/>\n<meta property=\"article:modified_time\" content=\"2026-01-06T09:31:42+00:00\" \/>\n<meta property=\"og:image\" content=\"https:\/\/algarve7.pt\/wp-content\/uploads\/2026\/01\/6aEdicao-PNDAF_1640x924px.png\" \/>\n\t<meta property=\"og:image:width\" content=\"800\" \/>\n\t<meta property=\"og:image:height\" content=\"500\" \/>\n\t<meta property=\"og:image:type\" content=\"image\/png\" \/>\n<meta name=\"author\" content=\"Algarve 7\" \/>\n<meta name=\"twitter:card\" content=\"summary_large_image\" \/>\n<meta name=\"twitter:creator\" content=\"@Algarvesete\" \/>\n<meta name=\"twitter:site\" content=\"@Algarvesete\" \/>\n<meta name=\"twitter:label1\" content=\"Escrito por\" \/>\n\t<meta name=\"twitter:data1\" content=\"Algarve 7\" \/>\n\t<meta name=\"twitter:label2\" content=\"Tempo estimado de leitura\" \/>\n\t<meta name=\"twitter:data2\" content=\"3 minutos\" \/>\n<script type=\"application\/ld+json\" class=\"yoast-schema-graph\">{\"@context\":\"https:\\\/\\\/schema.org\",\"@graph\":[{\"@type\":\"Article\",\"@id\":\"https:\\\/\\\/algarve7.pt\\\/index.php\\\/2026\\\/01\\\/abertura-da-open-call-6-a-edicao-do-premio-nova-dramaturgia-de-autoria-feminina\\\/cultura\\\/09\\\/31\\\/#article\",\"isPartOf\":{\"@id\":\"https:\\\/\\\/algarve7.pt\\\/index.php\\\/2026\\\/01\\\/abertura-da-open-call-6-a-edicao-do-premio-nova-dramaturgia-de-autoria-feminina\\\/cultura\\\/09\\\/31\\\/\"},\"author\":{\"name\":\"Algarve 7\",\"@id\":\"https:\\\/\\\/algarve7.pt\\\/#\\\/schema\\\/person\\\/23fa70681308e7b319a3204bcea45e0c\"},\"headline\":\"Abertura da Open Call \u2014 6.\u00aa edi\u00e7\u00e3o do Pr\u00e9mio Nova Dramaturgia de Autoria Feminina\",\"datePublished\":\"2026-01-06T09:31:09+00:00\",\"dateModified\":\"2026-01-06T09:31:42+00:00\",\"mainEntityOfPage\":{\"@id\":\"https:\\\/\\\/algarve7.pt\\\/index.php\\\/2026\\\/01\\\/abertura-da-open-call-6-a-edicao-do-premio-nova-dramaturgia-de-autoria-feminina\\\/cultura\\\/09\\\/31\\\/\"},\"wordCount\":391,\"publisher\":{\"@id\":\"https:\\\/\\\/algarve7.pt\\\/#organization\"},\"image\":{\"@id\":\"https:\\\/\\\/algarve7.pt\\\/index.php\\\/2026\\\/01\\\/abertura-da-open-call-6-a-edicao-do-premio-nova-dramaturgia-de-autoria-feminina\\\/cultura\\\/09\\\/31\\\/#primaryimage\"},\"thumbnailUrl\":\"https:\\\/\\\/algarve7.pt\\\/wp-content\\\/uploads\\\/2026\\\/01\\\/6aEdicao-PNDAF_1640x924px.png\",\"keywords\":[\"Cultura\"],\"articleSection\":[\"Cultura\",\"Nacional\"],\"inLanguage\":\"pt-PT\"},{\"@type\":\"WebPage\",\"@id\":\"https:\\\/\\\/algarve7.pt\\\/index.php\\\/2026\\\/01\\\/abertura-da-open-call-6-a-edicao-do-premio-nova-dramaturgia-de-autoria-feminina\\\/cultura\\\/09\\\/31\\\/\",\"url\":\"https:\\\/\\\/algarve7.pt\\\/index.php\\\/2026\\\/01\\\/abertura-da-open-call-6-a-edicao-do-premio-nova-dramaturgia-de-autoria-feminina\\\/cultura\\\/09\\\/31\\\/\",\"name\":\"Abertura da Open Call \u2014 6.\u00aa edi\u00e7\u00e3o do Pr\u00e9mio Nova Dramaturgia de Autoria Feminina - Algarve 7\",\"isPartOf\":{\"@id\":\"https:\\\/\\\/algarve7.pt\\\/#website\"},\"primaryImageOfPage\":{\"@id\":\"https:\\\/\\\/algarve7.pt\\\/index.php\\\/2026\\\/01\\\/abertura-da-open-call-6-a-edicao-do-premio-nova-dramaturgia-de-autoria-feminina\\\/cultura\\\/09\\\/31\\\/#primaryimage\"},\"image\":{\"@id\":\"https:\\\/\\\/algarve7.pt\\\/index.php\\\/2026\\\/01\\\/abertura-da-open-call-6-a-edicao-do-premio-nova-dramaturgia-de-autoria-feminina\\\/cultura\\\/09\\\/31\\\/#primaryimage\"},\"thumbnailUrl\":\"https:\\\/\\\/algarve7.pt\\\/wp-content\\\/uploads\\\/2026\\\/01\\\/6aEdicao-PNDAF_1640x924px.png\",\"datePublished\":\"2026-01-06T09:31:09+00:00\",\"dateModified\":\"2026-01-06T09:31:42+00:00\",\"description\":\"Abertura da Open Call \u2014 6.\u00aa edi\u00e7\u00e3o do Pr\u00e9mio Nova Dramaturgia de Autoria Feminina Cultura\",\"breadcrumb\":{\"@id\":\"https:\\\/\\\/algarve7.pt\\\/index.php\\\/2026\\\/01\\\/abertura-da-open-call-6-a-edicao-do-premio-nova-dramaturgia-de-autoria-feminina\\\/cultura\\\/09\\\/31\\\/#breadcrumb\"},\"inLanguage\":\"pt-PT\",\"potentialAction\":[{\"@type\":\"ReadAction\",\"target\":[\"https:\\\/\\\/algarve7.pt\\\/index.php\\\/2026\\\/01\\\/abertura-da-open-call-6-a-edicao-do-premio-nova-dramaturgia-de-autoria-feminina\\\/cultura\\\/09\\\/31\\\/\"]}]},{\"@type\":\"ImageObject\",\"inLanguage\":\"pt-PT\",\"@id\":\"https:\\\/\\\/algarve7.pt\\\/index.php\\\/2026\\\/01\\\/abertura-da-open-call-6-a-edicao-do-premio-nova-dramaturgia-de-autoria-feminina\\\/cultura\\\/09\\\/31\\\/#primaryimage\",\"url\":\"https:\\\/\\\/algarve7.pt\\\/wp-content\\\/uploads\\\/2026\\\/01\\\/6aEdicao-PNDAF_1640x924px.png\",\"contentUrl\":\"https:\\\/\\\/algarve7.pt\\\/wp-content\\\/uploads\\\/2026\\\/01\\\/6aEdicao-PNDAF_1640x924px.png\",\"width\":800,\"height\":500},{\"@type\":\"BreadcrumbList\",\"@id\":\"https:\\\/\\\/algarve7.pt\\\/index.php\\\/2026\\\/01\\\/abertura-da-open-call-6-a-edicao-do-premio-nova-dramaturgia-de-autoria-feminina\\\/cultura\\\/09\\\/31\\\/#breadcrumb\",\"itemListElement\":[{\"@type\":\"ListItem\",\"position\":1,\"name\":\"In\u00edcio\",\"item\":\"https:\\\/\\\/algarve7.pt\\\/\"},{\"@type\":\"ListItem\",\"position\":2,\"name\":\"Abertura da Open Call \u2014 6.\u00aa edi\u00e7\u00e3o do Pr\u00e9mio Nova Dramaturgia de Autoria Feminina\"}]},{\"@type\":\"WebSite\",\"@id\":\"https:\\\/\\\/algarve7.pt\\\/#website\",\"url\":\"https:\\\/\\\/algarve7.pt\\\/\",\"name\":\"Algarve 7\",\"description\":\"Informa\u00e7\u00e3o sobre o Algarve\",\"publisher\":{\"@id\":\"https:\\\/\\\/algarve7.pt\\\/#organization\"},\"potentialAction\":[{\"@type\":\"SearchAction\",\"target\":{\"@type\":\"EntryPoint\",\"urlTemplate\":\"https:\\\/\\\/algarve7.pt\\\/?s={search_term_string}\"},\"query-input\":{\"@type\":\"PropertyValueSpecification\",\"valueRequired\":true,\"valueName\":\"search_term_string\"}}],\"inLanguage\":\"pt-PT\"},{\"@type\":\"Organization\",\"@id\":\"https:\\\/\\\/algarve7.pt\\\/#organization\",\"name\":\"Algarve 7\",\"url\":\"https:\\\/\\\/algarve7.pt\\\/\",\"logo\":{\"@type\":\"ImageObject\",\"inLanguage\":\"pt-PT\",\"@id\":\"https:\\\/\\\/algarve7.pt\\\/#\\\/schema\\\/logo\\\/image\\\/\",\"url\":\"https:\\\/\\\/algarve7.pt\\\/wp-content\\\/uploads\\\/2020\\\/10\\\/Logo-8.jpg\",\"contentUrl\":\"https:\\\/\\\/algarve7.pt\\\/wp-content\\\/uploads\\\/2020\\\/10\\\/Logo-8.jpg\",\"width\":1680,\"height\":1186,\"caption\":\"Algarve 7\"},\"image\":{\"@id\":\"https:\\\/\\\/algarve7.pt\\\/#\\\/schema\\\/logo\\\/image\\\/\"},\"sameAs\":[\"https:\\\/\\\/www.facebook.com\\\/algarve7\",\"https:\\\/\\\/x.com\\\/Algarvesete\",\"https:\\\/\\\/www.instagram.com\\\/jornalalgarve7\\\/\",\"https:\\\/\\\/www.linkedin.com\\\/company\\\/algarve7\",\"https:\\\/\\\/www.pinterest.pt\\\/geral0939\\\/_created\\\/\"]},{\"@type\":\"Person\",\"@id\":\"https:\\\/\\\/algarve7.pt\\\/#\\\/schema\\\/person\\\/23fa70681308e7b319a3204bcea45e0c\",\"name\":\"Algarve 7\",\"sameAs\":[\"https:\\\/\\\/algarve7.pt\",\"https:\\\/\\\/www.facebook.com\\\/algarve7\"],\"url\":\"https:\\\/\\\/algarve7.pt\\\/index.php\\\/author\\\/geralalgarve7-pt\\\/\"}]}<\/script>\n<!-- \/ Yoast SEO plugin. -->","yoast_head_json":{"title":"Abertura da Open Call \u2014 6.\u00aa edi\u00e7\u00e3o do Pr\u00e9mio Nova Dramaturgia de Autoria Feminina - Algarve 7","description":"Abertura da Open Call \u2014 6.\u00aa edi\u00e7\u00e3o do Pr\u00e9mio Nova Dramaturgia de Autoria Feminina Cultura","robots":{"index":"index","follow":"follow","max-snippet":"max-snippet:-1","max-image-preview":"max-image-preview:large","max-video-preview":"max-video-preview:-1"},"canonical":"https:\/\/algarve7.pt\/index.php\/2026\/01\/abertura-da-open-call-6-a-edicao-do-premio-nova-dramaturgia-de-autoria-feminina\/cultura\/09\/31\/","og_locale":"pt_PT","og_type":"article","og_title":"Abertura da Open Call \u2014 6.\u00aa edi\u00e7\u00e3o do Pr\u00e9mio Nova Dramaturgia de Autoria Feminina - Algarve 7","og_description":"Abertura da Open Call \u2014 6.\u00aa edi\u00e7\u00e3o do Pr\u00e9mio Nova Dramaturgia de Autoria Feminina Cultura","og_url":"https:\/\/algarve7.pt\/index.php\/2026\/01\/abertura-da-open-call-6-a-edicao-do-premio-nova-dramaturgia-de-autoria-feminina\/cultura\/09\/31\/","og_site_name":"Algarve 7","article_publisher":"https:\/\/www.facebook.com\/algarve7","article_author":"https:\/\/www.facebook.com\/algarve7","article_published_time":"2026-01-06T09:31:09+00:00","article_modified_time":"2026-01-06T09:31:42+00:00","og_image":[{"width":800,"height":500,"url":"https:\/\/algarve7.pt\/wp-content\/uploads\/2026\/01\/6aEdicao-PNDAF_1640x924px.png","type":"image\/png"}],"author":"Algarve 7","twitter_card":"summary_large_image","twitter_creator":"@Algarvesete","twitter_site":"@Algarvesete","twitter_misc":{"Escrito por":"Algarve 7","Tempo estimado de leitura":"3 minutos"},"schema":{"@context":"https:\/\/schema.org","@graph":[{"@type":"Article","@id":"https:\/\/algarve7.pt\/index.php\/2026\/01\/abertura-da-open-call-6-a-edicao-do-premio-nova-dramaturgia-de-autoria-feminina\/cultura\/09\/31\/#article","isPartOf":{"@id":"https:\/\/algarve7.pt\/index.php\/2026\/01\/abertura-da-open-call-6-a-edicao-do-premio-nova-dramaturgia-de-autoria-feminina\/cultura\/09\/31\/"},"author":{"name":"Algarve 7","@id":"https:\/\/algarve7.pt\/#\/schema\/person\/23fa70681308e7b319a3204bcea45e0c"},"headline":"Abertura da Open Call \u2014 6.\u00aa edi\u00e7\u00e3o do Pr\u00e9mio Nova Dramaturgia de Autoria Feminina","datePublished":"2026-01-06T09:31:09+00:00","dateModified":"2026-01-06T09:31:42+00:00","mainEntityOfPage":{"@id":"https:\/\/algarve7.pt\/index.php\/2026\/01\/abertura-da-open-call-6-a-edicao-do-premio-nova-dramaturgia-de-autoria-feminina\/cultura\/09\/31\/"},"wordCount":391,"publisher":{"@id":"https:\/\/algarve7.pt\/#organization"},"image":{"@id":"https:\/\/algarve7.pt\/index.php\/2026\/01\/abertura-da-open-call-6-a-edicao-do-premio-nova-dramaturgia-de-autoria-feminina\/cultura\/09\/31\/#primaryimage"},"thumbnailUrl":"https:\/\/algarve7.pt\/wp-content\/uploads\/2026\/01\/6aEdicao-PNDAF_1640x924px.png","keywords":["Cultura"],"articleSection":["Cultura","Nacional"],"inLanguage":"pt-PT"},{"@type":"WebPage","@id":"https:\/\/algarve7.pt\/index.php\/2026\/01\/abertura-da-open-call-6-a-edicao-do-premio-nova-dramaturgia-de-autoria-feminina\/cultura\/09\/31\/","url":"https:\/\/algarve7.pt\/index.php\/2026\/01\/abertura-da-open-call-6-a-edicao-do-premio-nova-dramaturgia-de-autoria-feminina\/cultura\/09\/31\/","name":"Abertura da Open Call \u2014 6.\u00aa edi\u00e7\u00e3o do Pr\u00e9mio Nova Dramaturgia de Autoria Feminina - Algarve 7","isPartOf":{"@id":"https:\/\/algarve7.pt\/#website"},"primaryImageOfPage":{"@id":"https:\/\/algarve7.pt\/index.php\/2026\/01\/abertura-da-open-call-6-a-edicao-do-premio-nova-dramaturgia-de-autoria-feminina\/cultura\/09\/31\/#primaryimage"},"image":{"@id":"https:\/\/algarve7.pt\/index.php\/2026\/01\/abertura-da-open-call-6-a-edicao-do-premio-nova-dramaturgia-de-autoria-feminina\/cultura\/09\/31\/#primaryimage"},"thumbnailUrl":"https:\/\/algarve7.pt\/wp-content\/uploads\/2026\/01\/6aEdicao-PNDAF_1640x924px.png","datePublished":"2026-01-06T09:31:09+00:00","dateModified":"2026-01-06T09:31:42+00:00","description":"Abertura da Open Call \u2014 6.\u00aa edi\u00e7\u00e3o do Pr\u00e9mio Nova Dramaturgia de Autoria Feminina Cultura","breadcrumb":{"@id":"https:\/\/algarve7.pt\/index.php\/2026\/01\/abertura-da-open-call-6-a-edicao-do-premio-nova-dramaturgia-de-autoria-feminina\/cultura\/09\/31\/#breadcrumb"},"inLanguage":"pt-PT","potentialAction":[{"@type":"ReadAction","target":["https:\/\/algarve7.pt\/index.php\/2026\/01\/abertura-da-open-call-6-a-edicao-do-premio-nova-dramaturgia-de-autoria-feminina\/cultura\/09\/31\/"]}]},{"@type":"ImageObject","inLanguage":"pt-PT","@id":"https:\/\/algarve7.pt\/index.php\/2026\/01\/abertura-da-open-call-6-a-edicao-do-premio-nova-dramaturgia-de-autoria-feminina\/cultura\/09\/31\/#primaryimage","url":"https:\/\/algarve7.pt\/wp-content\/uploads\/2026\/01\/6aEdicao-PNDAF_1640x924px.png","contentUrl":"https:\/\/algarve7.pt\/wp-content\/uploads\/2026\/01\/6aEdicao-PNDAF_1640x924px.png","width":800,"height":500},{"@type":"BreadcrumbList","@id":"https:\/\/algarve7.pt\/index.php\/2026\/01\/abertura-da-open-call-6-a-edicao-do-premio-nova-dramaturgia-de-autoria-feminina\/cultura\/09\/31\/#breadcrumb","itemListElement":[{"@type":"ListItem","position":1,"name":"In\u00edcio","item":"https:\/\/algarve7.pt\/"},{"@type":"ListItem","position":2,"name":"Abertura da Open Call \u2014 6.\u00aa edi\u00e7\u00e3o do Pr\u00e9mio Nova Dramaturgia de Autoria Feminina"}]},{"@type":"WebSite","@id":"https:\/\/algarve7.pt\/#website","url":"https:\/\/algarve7.pt\/","name":"Algarve 7","description":"Informa\u00e7\u00e3o sobre o Algarve","publisher":{"@id":"https:\/\/algarve7.pt\/#organization"},"potentialAction":[{"@type":"SearchAction","target":{"@type":"EntryPoint","urlTemplate":"https:\/\/algarve7.pt\/?s={search_term_string}"},"query-input":{"@type":"PropertyValueSpecification","valueRequired":true,"valueName":"search_term_string"}}],"inLanguage":"pt-PT"},{"@type":"Organization","@id":"https:\/\/algarve7.pt\/#organization","name":"Algarve 7","url":"https:\/\/algarve7.pt\/","logo":{"@type":"ImageObject","inLanguage":"pt-PT","@id":"https:\/\/algarve7.pt\/#\/schema\/logo\/image\/","url":"https:\/\/algarve7.pt\/wp-content\/uploads\/2020\/10\/Logo-8.jpg","contentUrl":"https:\/\/algarve7.pt\/wp-content\/uploads\/2020\/10\/Logo-8.jpg","width":1680,"height":1186,"caption":"Algarve 7"},"image":{"@id":"https:\/\/algarve7.pt\/#\/schema\/logo\/image\/"},"sameAs":["https:\/\/www.facebook.com\/algarve7","https:\/\/x.com\/Algarvesete","https:\/\/www.instagram.com\/jornalalgarve7\/","https:\/\/www.linkedin.com\/company\/algarve7","https:\/\/www.pinterest.pt\/geral0939\/_created\/"]},{"@type":"Person","@id":"https:\/\/algarve7.pt\/#\/schema\/person\/23fa70681308e7b319a3204bcea45e0c","name":"Algarve 7","sameAs":["https:\/\/algarve7.pt","https:\/\/www.facebook.com\/algarve7"],"url":"https:\/\/algarve7.pt\/index.php\/author\/geralalgarve7-pt\/"}]}},"jetpack_publicize_connections":[],"jetpack_featured_media_url":"https:\/\/algarve7.pt\/wp-content\/uploads\/2026\/01\/6aEdicao-PNDAF_1640x924px.png","jetpack_shortlink":"https:\/\/wp.me\/pcezmW-eVK","jetpack_sharing_enabled":true,"_links":{"self":[{"href":"https:\/\/algarve7.pt\/index.php\/wp-json\/wp\/v2\/posts\/57396","targetHints":{"allow":["GET"]}}],"collection":[{"href":"https:\/\/algarve7.pt\/index.php\/wp-json\/wp\/v2\/posts"}],"about":[{"href":"https:\/\/algarve7.pt\/index.php\/wp-json\/wp\/v2\/types\/post"}],"author":[{"embeddable":true,"href":"https:\/\/algarve7.pt\/index.php\/wp-json\/wp\/v2\/users\/1"}],"replies":[{"embeddable":true,"href":"https:\/\/algarve7.pt\/index.php\/wp-json\/wp\/v2\/comments?post=57396"}],"version-history":[{"count":0,"href":"https:\/\/algarve7.pt\/index.php\/wp-json\/wp\/v2\/posts\/57396\/revisions"}],"wp:featuredmedia":[{"embeddable":true,"href":"https:\/\/algarve7.pt\/index.php\/wp-json\/wp\/v2\/media\/57397"}],"wp:attachment":[{"href":"https:\/\/algarve7.pt\/index.php\/wp-json\/wp\/v2\/media?parent=57396"}],"wp:term":[{"taxonomy":"category","embeddable":true,"href":"https:\/\/algarve7.pt\/index.php\/wp-json\/wp\/v2\/categories?post=57396"},{"taxonomy":"post_tag","embeddable":true,"href":"https:\/\/algarve7.pt\/index.php\/wp-json\/wp\/v2\/tags?post=57396"}],"curies":[{"name":"wp","href":"https:\/\/api.w.org\/{rel}","templated":true}]}}