{"id":57393,"date":"2026-01-06T08:51:49","date_gmt":"2026-01-06T08:51:49","guid":{"rendered":"https:\/\/algarve7.pt\/?p=57393"},"modified":"2026-01-06T08:51:55","modified_gmt":"2026-01-06T08:51:55","slug":"8o-concurso-de-piano-sebastiao-leiria-esta-de-volta-a-tavira","status":"publish","type":"post","link":"https:\/\/algarve7.pt\/index.php\/2026\/01\/8o-concurso-de-piano-sebastiao-leiria-esta-de-volta-a-tavira\/cultura\/08\/51\/","title":{"rendered":"8\u00ba Concurso de Piano \u201cSebasti\u00e3o Leiria\u201d est\u00e1 de volta a Tavira"},"content":{"rendered":"\n<p>A Academia de M\u00fasica de Tavira (AMT) est\u00e1 a organizar a 8\u00ba edi\u00e7\u00e3o do Concurso de Piano \u201cSebasti\u00e3o Leiria\u201d. Esta iniciativa ter\u00e1 lugar repartido nas instala\u00e7\u00f5es da AMT e na Ermida de S. Sebasti\u00e3o no dia 28 de Mar\u00e7o de 2026.&nbsp;&nbsp;As provas ir\u00e3o ser realizadas das 10h \u00e0s 16h em ambos os espa\u00e7os, utilizando uma estrutura de dois J\u00faris atuando em simult\u00e2neo. O concerto de laureados ir\u00e1 ter lugar na Ermida de S. Sebasti\u00e3o \u00e0s 19h. Como tem sido h\u00e1bito os participantes estar\u00e3o divididos em quatro escal\u00f5es: D) at\u00e9 aos 9 anos, C) dos 10 aos 12 anos, B) dos 13 aos 15 anos, A) dos 16 aos 18 anos. Cada participante ter\u00e1 de interpretar duas pe\u00e7as contrastantes perante um J\u00fari de professores formados e reconhecidos na \u00e1rea da M\u00fasica.<\/p>\n\n\n\n<p>Sebasti\u00e3o Leiria nasceu em Tavira em 20 de Janeiro de 1918 e faleceu nesta mesma cidade em 22 de Novembro de 1972. Oriundo de uma fam\u00edlia de music\u00f3logos, a M\u00fasica sempre foi a sua grande paix\u00e3o, tendo, no entanto, enveredado por outras \u00e1reas criativas como a Poesia, Teatro, Encena\u00e7\u00e3o, entre outras.<\/p>\n\n\n\n<p>A sua obra est\u00e1 a ser reavivada desde h\u00e1 v\u00e1rios anos a esta parte, especialmente pela atividade constante da sua filha Helena Leiria, que \u00e9 uma das respons\u00e1veis por esta competi\u00e7\u00e3o ter sido criada pela primeira vez em 2012, mantendo-se na organiza\u00e7\u00e3o ativa do evento desde essa data.&nbsp;<\/p>\n\n\n\n<p>A Academia de M\u00fasica de Tavira, bem como a C\u00e2mara Municipal de Tavira prestam assim a sua homenagem a este nome maior da cidade de Tavira atrav\u00e9s de mais uma edi\u00e7\u00e3o deste concurso, contribuindo assim para que se conhe\u00e7a mais da produ\u00e7\u00e3o art\u00edstica algarvia.&nbsp;<\/p>\n\n\n\n<p>A C\u00e2mara Municipal de Tavira apoia mais uma vez esta iniciativa de uma forma ativa, possibilitando n\u00e3o s\u00f3 a sua divulga\u00e7\u00e3o nacional e al\u00e9m-fronteiras, mas tamb\u00e9m a sua consist\u00eancia art\u00edstica, acompanhada de pr\u00e9mios monet\u00e1rios aliciantes para todos os escal\u00f5es envolvidos.<\/p>\n","protected":false},"excerpt":{"rendered":"<p>A Academia de M\u00fasica de Tavira (AMT) est\u00e1 a organizar a 8\u00ba edi\u00e7\u00e3o do Concurso de Piano \u201cSebasti\u00e3o Leiria\u201d. Esta<\/p>\n","protected":false},"author":1,"featured_media":57394,"comment_status":"closed","ping_status":"closed","sticky":false,"template":"","format":"standard","meta":{"colormag_page_container_layout":"default_layout","colormag_page_sidebar_layout":"default_layout","_monsterinsights_skip_tracking":false,"_monsterinsights_sitenote_active":false,"_monsterinsights_sitenote_note":"","_monsterinsights_sitenote_category":0,"jetpack_post_was_ever_published":false,"_jetpack_newsletter_access":"","_jetpack_dont_email_post_to_subs":false,"_jetpack_newsletter_tier_id":0,"_jetpack_memberships_contains_paywalled_content":false,"_jetpack_memberships_contains_paid_content":false,"footnotes":"","jetpack_publicize_message":"","jetpack_publicize_feature_enabled":true,"jetpack_social_post_already_shared":true,"jetpack_social_options":{"image_generator_settings":{"template":"highway","default_image_id":0,"font":"","enabled":false},"version":2}},"categories":[14],"tags":[1217,36,35,54],"class_list":["post-57393","post","type-post","status-publish","format-standard","has-post-thumbnail","hentry","category-cultura","tag-academia-de-musica-de-tavira","tag-algarve","tag-cultura","tag-tavira"],"yoast_head":"<!-- This site is optimized with the Yoast SEO plugin v27.5 - https:\/\/yoast.com\/product\/yoast-seo-wordpress\/ -->\n<title>8\u00ba Concurso de Piano \u201cSebasti\u00e3o Leiria\u201d est\u00e1 de volta a Tavira - Algarve 7<\/title>\n<meta name=\"description\" content=\"8\u00ba Concurso de Piano \u201cSebasti\u00e3o Leiria\u201d est\u00e1 de volta a Tavira Cultura\" \/>\n<meta name=\"robots\" content=\"index, follow, max-snippet:-1, max-image-preview:large, max-video-preview:-1\" \/>\n<link rel=\"canonical\" href=\"https:\/\/algarve7.pt\/index.php\/2026\/01\/8o-concurso-de-piano-sebastiao-leiria-esta-de-volta-a-tavira\/cultura\/08\/51\/\" \/>\n<meta property=\"og:locale\" content=\"pt_PT\" \/>\n<meta property=\"og:type\" content=\"article\" \/>\n<meta property=\"og:title\" content=\"8\u00ba Concurso de Piano \u201cSebasti\u00e3o Leiria\u201d est\u00e1 de volta a Tavira - Algarve 7\" \/>\n<meta property=\"og:description\" content=\"8\u00ba Concurso de Piano \u201cSebasti\u00e3o Leiria\u201d est\u00e1 de volta a Tavira Cultura\" \/>\n<meta property=\"og:url\" content=\"https:\/\/algarve7.pt\/index.php\/2026\/01\/8o-concurso-de-piano-sebastiao-leiria-esta-de-volta-a-tavira\/cultura\/08\/51\/\" \/>\n<meta property=\"og:site_name\" content=\"Algarve 7\" \/>\n<meta property=\"article:publisher\" content=\"https:\/\/www.facebook.com\/algarve7\" \/>\n<meta property=\"article:author\" content=\"https:\/\/www.facebook.com\/algarve7\" \/>\n<meta property=\"article:published_time\" content=\"2026-01-06T08:51:49+00:00\" \/>\n<meta property=\"article:modified_time\" content=\"2026-01-06T08:51:55+00:00\" \/>\n<meta property=\"og:image\" content=\"https:\/\/algarve7.pt\/wp-content\/uploads\/2026\/01\/16_Audicao-de-natal.png\" \/>\n\t<meta property=\"og:image:width\" content=\"800\" \/>\n\t<meta property=\"og:image:height\" content=\"500\" \/>\n\t<meta property=\"og:image:type\" content=\"image\/png\" \/>\n<meta name=\"author\" content=\"Algarve 7\" \/>\n<meta name=\"twitter:card\" content=\"summary_large_image\" \/>\n<meta name=\"twitter:creator\" content=\"@Algarvesete\" \/>\n<meta name=\"twitter:site\" content=\"@Algarvesete\" \/>\n<meta name=\"twitter:label1\" content=\"Escrito por\" \/>\n\t<meta name=\"twitter:data1\" content=\"Algarve 7\" \/>\n\t<meta name=\"twitter:label2\" content=\"Tempo estimado de leitura\" \/>\n\t<meta name=\"twitter:data2\" content=\"2 minutos\" \/>\n<script type=\"application\/ld+json\" class=\"yoast-schema-graph\">{\"@context\":\"https:\\\/\\\/schema.org\",\"@graph\":[{\"@type\":\"Article\",\"@id\":\"https:\\\/\\\/algarve7.pt\\\/index.php\\\/2026\\\/01\\\/8o-concurso-de-piano-sebastiao-leiria-esta-de-volta-a-tavira\\\/cultura\\\/08\\\/51\\\/#article\",\"isPartOf\":{\"@id\":\"https:\\\/\\\/algarve7.pt\\\/index.php\\\/2026\\\/01\\\/8o-concurso-de-piano-sebastiao-leiria-esta-de-volta-a-tavira\\\/cultura\\\/08\\\/51\\\/\"},\"author\":{\"name\":\"Algarve 7\",\"@id\":\"https:\\\/\\\/algarve7.pt\\\/#\\\/schema\\\/person\\\/23fa70681308e7b319a3204bcea45e0c\"},\"headline\":\"8\u00ba Concurso de Piano \u201cSebasti\u00e3o Leiria\u201d est\u00e1 de volta a Tavira\",\"datePublished\":\"2026-01-06T08:51:49+00:00\",\"dateModified\":\"2026-01-06T08:51:55+00:00\",\"mainEntityOfPage\":{\"@id\":\"https:\\\/\\\/algarve7.pt\\\/index.php\\\/2026\\\/01\\\/8o-concurso-de-piano-sebastiao-leiria-esta-de-volta-a-tavira\\\/cultura\\\/08\\\/51\\\/\"},\"wordCount\":357,\"publisher\":{\"@id\":\"https:\\\/\\\/algarve7.pt\\\/#organization\"},\"image\":{\"@id\":\"https:\\\/\\\/algarve7.pt\\\/index.php\\\/2026\\\/01\\\/8o-concurso-de-piano-sebastiao-leiria-esta-de-volta-a-tavira\\\/cultura\\\/08\\\/51\\\/#primaryimage\"},\"thumbnailUrl\":\"https:\\\/\\\/algarve7.pt\\\/wp-content\\\/uploads\\\/2026\\\/01\\\/16_Audicao-de-natal.png\",\"keywords\":[\"Academia de M\u00fasica de Tavira\",\"Algarve\",\"Cultura\",\"Tavira\"],\"articleSection\":[\"Cultura\"],\"inLanguage\":\"pt-PT\"},{\"@type\":\"WebPage\",\"@id\":\"https:\\\/\\\/algarve7.pt\\\/index.php\\\/2026\\\/01\\\/8o-concurso-de-piano-sebastiao-leiria-esta-de-volta-a-tavira\\\/cultura\\\/08\\\/51\\\/\",\"url\":\"https:\\\/\\\/algarve7.pt\\\/index.php\\\/2026\\\/01\\\/8o-concurso-de-piano-sebastiao-leiria-esta-de-volta-a-tavira\\\/cultura\\\/08\\\/51\\\/\",\"name\":\"8\u00ba Concurso de Piano \u201cSebasti\u00e3o Leiria\u201d est\u00e1 de volta a Tavira - Algarve 7\",\"isPartOf\":{\"@id\":\"https:\\\/\\\/algarve7.pt\\\/#website\"},\"primaryImageOfPage\":{\"@id\":\"https:\\\/\\\/algarve7.pt\\\/index.php\\\/2026\\\/01\\\/8o-concurso-de-piano-sebastiao-leiria-esta-de-volta-a-tavira\\\/cultura\\\/08\\\/51\\\/#primaryimage\"},\"image\":{\"@id\":\"https:\\\/\\\/algarve7.pt\\\/index.php\\\/2026\\\/01\\\/8o-concurso-de-piano-sebastiao-leiria-esta-de-volta-a-tavira\\\/cultura\\\/08\\\/51\\\/#primaryimage\"},\"thumbnailUrl\":\"https:\\\/\\\/algarve7.pt\\\/wp-content\\\/uploads\\\/2026\\\/01\\\/16_Audicao-de-natal.png\",\"datePublished\":\"2026-01-06T08:51:49+00:00\",\"dateModified\":\"2026-01-06T08:51:55+00:00\",\"description\":\"8\u00ba Concurso de Piano \u201cSebasti\u00e3o Leiria\u201d est\u00e1 de volta a Tavira Cultura\",\"breadcrumb\":{\"@id\":\"https:\\\/\\\/algarve7.pt\\\/index.php\\\/2026\\\/01\\\/8o-concurso-de-piano-sebastiao-leiria-esta-de-volta-a-tavira\\\/cultura\\\/08\\\/51\\\/#breadcrumb\"},\"inLanguage\":\"pt-PT\",\"potentialAction\":[{\"@type\":\"ReadAction\",\"target\":[\"https:\\\/\\\/algarve7.pt\\\/index.php\\\/2026\\\/01\\\/8o-concurso-de-piano-sebastiao-leiria-esta-de-volta-a-tavira\\\/cultura\\\/08\\\/51\\\/\"]}]},{\"@type\":\"ImageObject\",\"inLanguage\":\"pt-PT\",\"@id\":\"https:\\\/\\\/algarve7.pt\\\/index.php\\\/2026\\\/01\\\/8o-concurso-de-piano-sebastiao-leiria-esta-de-volta-a-tavira\\\/cultura\\\/08\\\/51\\\/#primaryimage\",\"url\":\"https:\\\/\\\/algarve7.pt\\\/wp-content\\\/uploads\\\/2026\\\/01\\\/16_Audicao-de-natal.png\",\"contentUrl\":\"https:\\\/\\\/algarve7.pt\\\/wp-content\\\/uploads\\\/2026\\\/01\\\/16_Audicao-de-natal.png\",\"width\":800,\"height\":500},{\"@type\":\"BreadcrumbList\",\"@id\":\"https:\\\/\\\/algarve7.pt\\\/index.php\\\/2026\\\/01\\\/8o-concurso-de-piano-sebastiao-leiria-esta-de-volta-a-tavira\\\/cultura\\\/08\\\/51\\\/#breadcrumb\",\"itemListElement\":[{\"@type\":\"ListItem\",\"position\":1,\"name\":\"In\u00edcio\",\"item\":\"https:\\\/\\\/algarve7.pt\\\/\"},{\"@type\":\"ListItem\",\"position\":2,\"name\":\"8\u00ba Concurso de Piano \u201cSebasti\u00e3o Leiria\u201d est\u00e1 de volta a Tavira\"}]},{\"@type\":\"WebSite\",\"@id\":\"https:\\\/\\\/algarve7.pt\\\/#website\",\"url\":\"https:\\\/\\\/algarve7.pt\\\/\",\"name\":\"Algarve 7\",\"description\":\"Informa\u00e7\u00e3o sobre o Algarve\",\"publisher\":{\"@id\":\"https:\\\/\\\/algarve7.pt\\\/#organization\"},\"potentialAction\":[{\"@type\":\"SearchAction\",\"target\":{\"@type\":\"EntryPoint\",\"urlTemplate\":\"https:\\\/\\\/algarve7.pt\\\/?s={search_term_string}\"},\"query-input\":{\"@type\":\"PropertyValueSpecification\",\"valueRequired\":true,\"valueName\":\"search_term_string\"}}],\"inLanguage\":\"pt-PT\"},{\"@type\":\"Organization\",\"@id\":\"https:\\\/\\\/algarve7.pt\\\/#organization\",\"name\":\"Algarve 7\",\"url\":\"https:\\\/\\\/algarve7.pt\\\/\",\"logo\":{\"@type\":\"ImageObject\",\"inLanguage\":\"pt-PT\",\"@id\":\"https:\\\/\\\/algarve7.pt\\\/#\\\/schema\\\/logo\\\/image\\\/\",\"url\":\"https:\\\/\\\/algarve7.pt\\\/wp-content\\\/uploads\\\/2020\\\/10\\\/Logo-8.jpg\",\"contentUrl\":\"https:\\\/\\\/algarve7.pt\\\/wp-content\\\/uploads\\\/2020\\\/10\\\/Logo-8.jpg\",\"width\":1680,\"height\":1186,\"caption\":\"Algarve 7\"},\"image\":{\"@id\":\"https:\\\/\\\/algarve7.pt\\\/#\\\/schema\\\/logo\\\/image\\\/\"},\"sameAs\":[\"https:\\\/\\\/www.facebook.com\\\/algarve7\",\"https:\\\/\\\/x.com\\\/Algarvesete\",\"https:\\\/\\\/www.instagram.com\\\/jornalalgarve7\\\/\",\"https:\\\/\\\/www.linkedin.com\\\/company\\\/algarve7\",\"https:\\\/\\\/www.pinterest.pt\\\/geral0939\\\/_created\\\/\"]},{\"@type\":\"Person\",\"@id\":\"https:\\\/\\\/algarve7.pt\\\/#\\\/schema\\\/person\\\/23fa70681308e7b319a3204bcea45e0c\",\"name\":\"Algarve 7\",\"sameAs\":[\"https:\\\/\\\/algarve7.pt\",\"https:\\\/\\\/www.facebook.com\\\/algarve7\"],\"url\":\"https:\\\/\\\/algarve7.pt\\\/index.php\\\/author\\\/geralalgarve7-pt\\\/\"}]}<\/script>\n<!-- \/ Yoast SEO plugin. -->","yoast_head_json":{"title":"8\u00ba Concurso de Piano \u201cSebasti\u00e3o Leiria\u201d est\u00e1 de volta a Tavira - Algarve 7","description":"8\u00ba Concurso de Piano \u201cSebasti\u00e3o Leiria\u201d est\u00e1 de volta a Tavira Cultura","robots":{"index":"index","follow":"follow","max-snippet":"max-snippet:-1","max-image-preview":"max-image-preview:large","max-video-preview":"max-video-preview:-1"},"canonical":"https:\/\/algarve7.pt\/index.php\/2026\/01\/8o-concurso-de-piano-sebastiao-leiria-esta-de-volta-a-tavira\/cultura\/08\/51\/","og_locale":"pt_PT","og_type":"article","og_title":"8\u00ba Concurso de Piano \u201cSebasti\u00e3o Leiria\u201d est\u00e1 de volta a Tavira - Algarve 7","og_description":"8\u00ba Concurso de Piano \u201cSebasti\u00e3o Leiria\u201d est\u00e1 de volta a Tavira Cultura","og_url":"https:\/\/algarve7.pt\/index.php\/2026\/01\/8o-concurso-de-piano-sebastiao-leiria-esta-de-volta-a-tavira\/cultura\/08\/51\/","og_site_name":"Algarve 7","article_publisher":"https:\/\/www.facebook.com\/algarve7","article_author":"https:\/\/www.facebook.com\/algarve7","article_published_time":"2026-01-06T08:51:49+00:00","article_modified_time":"2026-01-06T08:51:55+00:00","og_image":[{"width":800,"height":500,"url":"https:\/\/algarve7.pt\/wp-content\/uploads\/2026\/01\/16_Audicao-de-natal.png","type":"image\/png"}],"author":"Algarve 7","twitter_card":"summary_large_image","twitter_creator":"@Algarvesete","twitter_site":"@Algarvesete","twitter_misc":{"Escrito por":"Algarve 7","Tempo estimado de leitura":"2 minutos"},"schema":{"@context":"https:\/\/schema.org","@graph":[{"@type":"Article","@id":"https:\/\/algarve7.pt\/index.php\/2026\/01\/8o-concurso-de-piano-sebastiao-leiria-esta-de-volta-a-tavira\/cultura\/08\/51\/#article","isPartOf":{"@id":"https:\/\/algarve7.pt\/index.php\/2026\/01\/8o-concurso-de-piano-sebastiao-leiria-esta-de-volta-a-tavira\/cultura\/08\/51\/"},"author":{"name":"Algarve 7","@id":"https:\/\/algarve7.pt\/#\/schema\/person\/23fa70681308e7b319a3204bcea45e0c"},"headline":"8\u00ba Concurso de Piano \u201cSebasti\u00e3o Leiria\u201d est\u00e1 de volta a Tavira","datePublished":"2026-01-06T08:51:49+00:00","dateModified":"2026-01-06T08:51:55+00:00","mainEntityOfPage":{"@id":"https:\/\/algarve7.pt\/index.php\/2026\/01\/8o-concurso-de-piano-sebastiao-leiria-esta-de-volta-a-tavira\/cultura\/08\/51\/"},"wordCount":357,"publisher":{"@id":"https:\/\/algarve7.pt\/#organization"},"image":{"@id":"https:\/\/algarve7.pt\/index.php\/2026\/01\/8o-concurso-de-piano-sebastiao-leiria-esta-de-volta-a-tavira\/cultura\/08\/51\/#primaryimage"},"thumbnailUrl":"https:\/\/algarve7.pt\/wp-content\/uploads\/2026\/01\/16_Audicao-de-natal.png","keywords":["Academia de M\u00fasica de Tavira","Algarve","Cultura","Tavira"],"articleSection":["Cultura"],"inLanguage":"pt-PT"},{"@type":"WebPage","@id":"https:\/\/algarve7.pt\/index.php\/2026\/01\/8o-concurso-de-piano-sebastiao-leiria-esta-de-volta-a-tavira\/cultura\/08\/51\/","url":"https:\/\/algarve7.pt\/index.php\/2026\/01\/8o-concurso-de-piano-sebastiao-leiria-esta-de-volta-a-tavira\/cultura\/08\/51\/","name":"8\u00ba Concurso de Piano \u201cSebasti\u00e3o Leiria\u201d est\u00e1 de volta a Tavira - Algarve 7","isPartOf":{"@id":"https:\/\/algarve7.pt\/#website"},"primaryImageOfPage":{"@id":"https:\/\/algarve7.pt\/index.php\/2026\/01\/8o-concurso-de-piano-sebastiao-leiria-esta-de-volta-a-tavira\/cultura\/08\/51\/#primaryimage"},"image":{"@id":"https:\/\/algarve7.pt\/index.php\/2026\/01\/8o-concurso-de-piano-sebastiao-leiria-esta-de-volta-a-tavira\/cultura\/08\/51\/#primaryimage"},"thumbnailUrl":"https:\/\/algarve7.pt\/wp-content\/uploads\/2026\/01\/16_Audicao-de-natal.png","datePublished":"2026-01-06T08:51:49+00:00","dateModified":"2026-01-06T08:51:55+00:00","description":"8\u00ba Concurso de Piano \u201cSebasti\u00e3o Leiria\u201d est\u00e1 de volta a Tavira Cultura","breadcrumb":{"@id":"https:\/\/algarve7.pt\/index.php\/2026\/01\/8o-concurso-de-piano-sebastiao-leiria-esta-de-volta-a-tavira\/cultura\/08\/51\/#breadcrumb"},"inLanguage":"pt-PT","potentialAction":[{"@type":"ReadAction","target":["https:\/\/algarve7.pt\/index.php\/2026\/01\/8o-concurso-de-piano-sebastiao-leiria-esta-de-volta-a-tavira\/cultura\/08\/51\/"]}]},{"@type":"ImageObject","inLanguage":"pt-PT","@id":"https:\/\/algarve7.pt\/index.php\/2026\/01\/8o-concurso-de-piano-sebastiao-leiria-esta-de-volta-a-tavira\/cultura\/08\/51\/#primaryimage","url":"https:\/\/algarve7.pt\/wp-content\/uploads\/2026\/01\/16_Audicao-de-natal.png","contentUrl":"https:\/\/algarve7.pt\/wp-content\/uploads\/2026\/01\/16_Audicao-de-natal.png","width":800,"height":500},{"@type":"BreadcrumbList","@id":"https:\/\/algarve7.pt\/index.php\/2026\/01\/8o-concurso-de-piano-sebastiao-leiria-esta-de-volta-a-tavira\/cultura\/08\/51\/#breadcrumb","itemListElement":[{"@type":"ListItem","position":1,"name":"In\u00edcio","item":"https:\/\/algarve7.pt\/"},{"@type":"ListItem","position":2,"name":"8\u00ba Concurso de Piano \u201cSebasti\u00e3o Leiria\u201d est\u00e1 de volta a Tavira"}]},{"@type":"WebSite","@id":"https:\/\/algarve7.pt\/#website","url":"https:\/\/algarve7.pt\/","name":"Algarve 7","description":"Informa\u00e7\u00e3o sobre o Algarve","publisher":{"@id":"https:\/\/algarve7.pt\/#organization"},"potentialAction":[{"@type":"SearchAction","target":{"@type":"EntryPoint","urlTemplate":"https:\/\/algarve7.pt\/?s={search_term_string}"},"query-input":{"@type":"PropertyValueSpecification","valueRequired":true,"valueName":"search_term_string"}}],"inLanguage":"pt-PT"},{"@type":"Organization","@id":"https:\/\/algarve7.pt\/#organization","name":"Algarve 7","url":"https:\/\/algarve7.pt\/","logo":{"@type":"ImageObject","inLanguage":"pt-PT","@id":"https:\/\/algarve7.pt\/#\/schema\/logo\/image\/","url":"https:\/\/algarve7.pt\/wp-content\/uploads\/2020\/10\/Logo-8.jpg","contentUrl":"https:\/\/algarve7.pt\/wp-content\/uploads\/2020\/10\/Logo-8.jpg","width":1680,"height":1186,"caption":"Algarve 7"},"image":{"@id":"https:\/\/algarve7.pt\/#\/schema\/logo\/image\/"},"sameAs":["https:\/\/www.facebook.com\/algarve7","https:\/\/x.com\/Algarvesete","https:\/\/www.instagram.com\/jornalalgarve7\/","https:\/\/www.linkedin.com\/company\/algarve7","https:\/\/www.pinterest.pt\/geral0939\/_created\/"]},{"@type":"Person","@id":"https:\/\/algarve7.pt\/#\/schema\/person\/23fa70681308e7b319a3204bcea45e0c","name":"Algarve 7","sameAs":["https:\/\/algarve7.pt","https:\/\/www.facebook.com\/algarve7"],"url":"https:\/\/algarve7.pt\/index.php\/author\/geralalgarve7-pt\/"}]}},"jetpack_publicize_connections":[],"jetpack_featured_media_url":"https:\/\/algarve7.pt\/wp-content\/uploads\/2026\/01\/16_Audicao-de-natal.png","jetpack_shortlink":"https:\/\/wp.me\/pcezmW-eVH","jetpack_sharing_enabled":true,"_links":{"self":[{"href":"https:\/\/algarve7.pt\/index.php\/wp-json\/wp\/v2\/posts\/57393","targetHints":{"allow":["GET"]}}],"collection":[{"href":"https:\/\/algarve7.pt\/index.php\/wp-json\/wp\/v2\/posts"}],"about":[{"href":"https:\/\/algarve7.pt\/index.php\/wp-json\/wp\/v2\/types\/post"}],"author":[{"embeddable":true,"href":"https:\/\/algarve7.pt\/index.php\/wp-json\/wp\/v2\/users\/1"}],"replies":[{"embeddable":true,"href":"https:\/\/algarve7.pt\/index.php\/wp-json\/wp\/v2\/comments?post=57393"}],"version-history":[{"count":0,"href":"https:\/\/algarve7.pt\/index.php\/wp-json\/wp\/v2\/posts\/57393\/revisions"}],"wp:featuredmedia":[{"embeddable":true,"href":"https:\/\/algarve7.pt\/index.php\/wp-json\/wp\/v2\/media\/57394"}],"wp:attachment":[{"href":"https:\/\/algarve7.pt\/index.php\/wp-json\/wp\/v2\/media?parent=57393"}],"wp:term":[{"taxonomy":"category","embeddable":true,"href":"https:\/\/algarve7.pt\/index.php\/wp-json\/wp\/v2\/categories?post=57393"},{"taxonomy":"post_tag","embeddable":true,"href":"https:\/\/algarve7.pt\/index.php\/wp-json\/wp\/v2\/tags?post=57393"}],"curies":[{"name":"wp","href":"https:\/\/api.w.org\/{rel}","templated":true}]}}