{"id":57328,"date":"2026-01-01T10:14:00","date_gmt":"2026-01-01T10:14:00","guid":{"rendered":"https:\/\/algarve7.pt\/?p=57328"},"modified":"2025-12-30T12:16:16","modified_gmt":"2025-12-30T12:16:16","slug":"um-janeiro-repleto-de-novos-comecos-no-dominguinhos-do-mar-shopping-algarve","status":"publish","type":"post","link":"https:\/\/algarve7.pt\/index.php\/2026\/01\/um-janeiro-repleto-de-novos-comecos-no-dominguinhos-do-mar-shopping-algarve\/atualidade\/10\/14\/","title":{"rendered":"Um janeiro repleto de novos come\u00e7os no \u2018dominguinhos\u2019 do Mar Shopping Algarve"},"content":{"rendered":"\n<p>Como parte da empresa global Ingka Centres, o&nbsp;<strong>MAR Shopping Algarve<\/strong>&nbsp;promove o brincar como ferramenta essencial para a aprendizagem. O \u2018Dominguinhos\u2019 \u00e9 um projeto educativo que oferece um conjunto de atividades gratuitas,&nbsp;<strong>todos os domingos, \u00e0s 11h00, na \u00e1rea infantil do Piso 0, junto \u00e0 loja Centroxogo\/IKEA<\/strong>. A programa\u00e7\u00e3o cultural inclui experi\u00eancias l\u00fadicas e pedag\u00f3gicas para crian\u00e7as e fam\u00edlias da comunidade, promovendo o desenvolvimento e o conv\u00edvio, enquanto refor\u00e7a o conceito de&nbsp;<em>Meeting Place<\/em>.<\/p>\n\n\n\n<p>Em janeiro, o programa regressa com um m\u00eas inteiro dedicado a novos come\u00e7os e \u00e0 imagina\u00e7\u00e3o. Cada domingo traz uma forma diferente de celebrar o arranque do ano: primeiro com m\u00fasica e uma coreografia en\u00e9rgica, depois com criatividade manual, e, por fim, com desafios pensados para fortalecer a liga\u00e7\u00e3o entre pais e filhos.<\/p>\n\n\n\n<p>No primeiro domingo do m\u00eas,&nbsp;<strong>dia 04 de janeiro<\/strong>, a proposta \u00e9<strong>&nbsp;<em>Dan\u00e7ar o Novo Ano<\/em><\/strong>, uma sess\u00e3o onde as crian\u00e7as desenvolvem a express\u00e3o corporal atrav\u00e9s de can\u00e7\u00f5es alegres e movimentos que desenvolvem o ritmo e a confian\u00e7a. Est\u00e1s pronto para te mexer e come\u00e7ar o ano cheio de energia?<\/p>\n\n\n\n<p><a><strong>\u2018Fitinhas\u2019 |&nbsp;<\/strong><\/a><strong><em>Os Mauz\u00f5es<\/em><\/strong><strong>&nbsp;2 (0<\/strong><strong>3 de janeiro)<\/strong><\/p>\n\n\n\n<p>A quadrilha de animais mais ca\u00f3tica da anima\u00e7\u00e3o volta ao ativo no primeiro s\u00e1bado do m\u00eas. Estes fora-da-lei de quatro patas s\u00e3o agora empurrados para um novo golpe, a convite de um trio de criminosas que n\u00e3o brinca em servi\u00e7o. &nbsp;<strong><\/strong><\/p>\n\n\n\n<p>Esta iniciativa destina-se a crian\u00e7as dos 3 aos 12 anos e acompanhantes (m\u00e1ximo de dois adultos e de cinco pessoas por grupo) e t\u00eam in\u00edcio \u00e0s 10h30. Para cada sess\u00e3o s\u00e3o disponibilizados 450 bilhetes, que podem ser levantados no balc\u00e3o de informa\u00e7\u00f5es, de 2.\u00aa a 6.\u00aa feira, no hor\u00e1rio de funcionamento do MAR Shopping Algarve, sempre na semana em que decorre a sess\u00e3o. O regulamento de acesso estar\u00e1 dispon\u00edvel em&nbsp;<a href=\"https:\/\/www.marshopping.com\/pt\/\">marshopping.com<\/a>.&nbsp;<\/p>\n\n\n\n<p><strong>PROGRAMA\u00c7\u00c3O \u2018DOMINGUINHOS\u2019 JANEIRO<\/strong><\/p>\n\n\n\n<p><strong>04 de janeiro | Can\u00e7\u00f5es &amp; Dan\u00e7a \u2013<em>&nbsp;Dan\u00e7ar o Novo Ano<\/em><\/strong><\/p>\n\n\n\n<p>A manh\u00e3 abre com m\u00fasica e movimento para celebrar o arranque de 2026. Entre m\u00fasica animada e coreografias, as crian\u00e7as desenvolvem a express\u00e3o corporal, refor\u00e7ando ritmo, express\u00e3o e confian\u00e7a. Uma forma leve e cheia de energia de come\u00e7ar o ano. &nbsp;<\/p>\n\n\n\n<p><strong>11 de janeiro |&nbsp;<em>Atelier<\/em>&nbsp;Criativo \u2013&nbsp;<em>O Meu Calend\u00e1rio dos Sonhos<\/em><\/strong><\/p>\n\n\n\n<p>Nesta sess\u00e3o, cada crian\u00e7a cria um calend\u00e1rio personalizado para 2026, recorrendo a colagens, recortes e desenhos que representam desejos, planos e objetivos para o novo ano. \u00c9 uma atividade que estimula motricidade fina, planeamento e criatividade, enquanto convida os mais pequenos a imaginar o futuro \u00e0 sua maneira.<\/p>\n\n\n\n<p><strong>18 de janeiro | Teatro Infantil \u2013&nbsp;<em>A Lagarta que Sonhava Voar<\/em><\/strong><em><\/em><\/p>\n\n\n\n<p>A hist\u00f3ria acompanha uma lagarta que acredita que pode transformar-se e ir mais longe. Atrav\u00e9s desta met\u00e1fora simples e bonita, a pe\u00e7a aborda temas como persist\u00eancia, coragem e crescimento.&nbsp;<\/p>\n\n\n\n<p><strong>25 de janeiro | Jogos em Fam\u00edlia \u2013 Desafio dos 12 Meses<\/strong><\/p>\n\n\n\n<p>O m\u00eas termina com um circuito de pequenos desafios que juntam pais e filhos numa s\u00e9rie de provas divertidas. Cada jogo pede colabora\u00e7\u00e3o, comunica\u00e7\u00e3o e racioc\u00ednio, criando momentos de competitividade saud\u00e1vel para fechar janeiro em fam\u00edlia.<\/p>\n","protected":false},"excerpt":{"rendered":"<p>Como parte da empresa global Ingka Centres, o&nbsp;MAR Shopping Algarve&nbsp;promove o brincar como ferramenta essencial para a aprendizagem. O \u2018Dominguinhos\u2019<\/p>\n","protected":false},"author":1,"featured_media":57329,"comment_status":"closed","ping_status":"closed","sticky":false,"template":"","format":"standard","meta":{"colormag_page_container_layout":"default_layout","colormag_page_sidebar_layout":"default_layout","_monsterinsights_skip_tracking":false,"_monsterinsights_sitenote_active":false,"_monsterinsights_sitenote_note":"","_monsterinsights_sitenote_category":0,"jetpack_post_was_ever_published":false,"_jetpack_newsletter_access":"","_jetpack_dont_email_post_to_subs":false,"_jetpack_newsletter_tier_id":0,"_jetpack_memberships_contains_paywalled_content":false,"_jetpack_memberships_contains_paid_content":false,"footnotes":"","jetpack_publicize_message":"","jetpack_publicize_feature_enabled":true,"jetpack_social_post_already_shared":true,"jetpack_social_options":{"image_generator_settings":{"template":"highway","default_image_id":0,"font":"","enabled":false},"version":2}},"categories":[11],"tags":[36,62,526],"class_list":["post-57328","post","type-post","status-publish","format-standard","has-post-thumbnail","hentry","category-atualidade","tag-algarve","tag-atualidade","tag-mar-shopping"],"yoast_head":"<!-- This site is optimized with the Yoast SEO plugin v27.5 - https:\/\/yoast.com\/product\/yoast-seo-wordpress\/ -->\n<title>Um janeiro repleto de novos come\u00e7os no \u2018dominguinhos\u2019 do Mar Shopping Algarve - Algarve 7<\/title>\n<meta name=\"description\" content=\"Um janeiro repleto de novos come\u00e7os no \u2018dominguinhos\u2019 do Mar Shopping Algarve Atualidade\" \/>\n<meta name=\"robots\" content=\"index, follow, max-snippet:-1, max-image-preview:large, max-video-preview:-1\" \/>\n<link rel=\"canonical\" href=\"https:\/\/algarve7.pt\/index.php\/2026\/01\/um-janeiro-repleto-de-novos-comecos-no-dominguinhos-do-mar-shopping-algarve\/atualidade\/10\/14\/\" \/>\n<meta property=\"og:locale\" content=\"pt_PT\" \/>\n<meta property=\"og:type\" content=\"article\" \/>\n<meta property=\"og:title\" content=\"Um janeiro repleto de novos come\u00e7os no \u2018dominguinhos\u2019 do Mar Shopping Algarve - Algarve 7\" \/>\n<meta property=\"og:description\" content=\"Um janeiro repleto de novos come\u00e7os no \u2018dominguinhos\u2019 do Mar Shopping Algarve Atualidade\" \/>\n<meta property=\"og:url\" content=\"https:\/\/algarve7.pt\/index.php\/2026\/01\/um-janeiro-repleto-de-novos-comecos-no-dominguinhos-do-mar-shopping-algarve\/atualidade\/10\/14\/\" \/>\n<meta property=\"og:site_name\" content=\"Algarve 7\" \/>\n<meta property=\"article:publisher\" content=\"https:\/\/www.facebook.com\/algarve7\" \/>\n<meta property=\"article:author\" content=\"https:\/\/www.facebook.com\/algarve7\" \/>\n<meta property=\"article:published_time\" content=\"2026-01-01T10:14:00+00:00\" \/>\n<meta property=\"og:image\" content=\"https:\/\/algarve7.pt\/wp-content\/uploads\/2025\/12\/Dominguinhos-2025-MSA.jpg\" \/>\n\t<meta property=\"og:image:width\" content=\"800\" \/>\n\t<meta property=\"og:image:height\" content=\"500\" \/>\n\t<meta property=\"og:image:type\" content=\"image\/jpeg\" \/>\n<meta name=\"author\" content=\"Algarve 7\" \/>\n<meta name=\"twitter:card\" content=\"summary_large_image\" \/>\n<meta name=\"twitter:creator\" content=\"@Algarvesete\" \/>\n<meta name=\"twitter:site\" content=\"@Algarvesete\" \/>\n<meta name=\"twitter:label1\" content=\"Escrito por\" \/>\n\t<meta name=\"twitter:data1\" content=\"Algarve 7\" \/>\n\t<meta name=\"twitter:label2\" content=\"Tempo estimado de leitura\" \/>\n\t<meta name=\"twitter:data2\" content=\"3 minutos\" \/>\n<script type=\"application\/ld+json\" class=\"yoast-schema-graph\">{\"@context\":\"https:\\\/\\\/schema.org\",\"@graph\":[{\"@type\":\"Article\",\"@id\":\"https:\\\/\\\/algarve7.pt\\\/index.php\\\/2026\\\/01\\\/um-janeiro-repleto-de-novos-comecos-no-dominguinhos-do-mar-shopping-algarve\\\/atualidade\\\/10\\\/14\\\/#article\",\"isPartOf\":{\"@id\":\"https:\\\/\\\/algarve7.pt\\\/index.php\\\/2026\\\/01\\\/um-janeiro-repleto-de-novos-comecos-no-dominguinhos-do-mar-shopping-algarve\\\/atualidade\\\/10\\\/14\\\/\"},\"author\":{\"name\":\"Algarve 7\",\"@id\":\"https:\\\/\\\/algarve7.pt\\\/#\\\/schema\\\/person\\\/23fa70681308e7b319a3204bcea45e0c\"},\"headline\":\"Um janeiro repleto de novos come\u00e7os no \u2018dominguinhos\u2019 do Mar Shopping Algarve\",\"datePublished\":\"2026-01-01T10:14:00+00:00\",\"mainEntityOfPage\":{\"@id\":\"https:\\\/\\\/algarve7.pt\\\/index.php\\\/2026\\\/01\\\/um-janeiro-repleto-de-novos-comecos-no-dominguinhos-do-mar-shopping-algarve\\\/atualidade\\\/10\\\/14\\\/\"},\"wordCount\":575,\"publisher\":{\"@id\":\"https:\\\/\\\/algarve7.pt\\\/#organization\"},\"image\":{\"@id\":\"https:\\\/\\\/algarve7.pt\\\/index.php\\\/2026\\\/01\\\/um-janeiro-repleto-de-novos-comecos-no-dominguinhos-do-mar-shopping-algarve\\\/atualidade\\\/10\\\/14\\\/#primaryimage\"},\"thumbnailUrl\":\"https:\\\/\\\/algarve7.pt\\\/wp-content\\\/uploads\\\/2025\\\/12\\\/Dominguinhos-2025-MSA.jpg\",\"keywords\":[\"Algarve\",\"Atualidade\",\"Mar Shopping\"],\"articleSection\":[\"Atualidade\"],\"inLanguage\":\"pt-PT\"},{\"@type\":\"WebPage\",\"@id\":\"https:\\\/\\\/algarve7.pt\\\/index.php\\\/2026\\\/01\\\/um-janeiro-repleto-de-novos-comecos-no-dominguinhos-do-mar-shopping-algarve\\\/atualidade\\\/10\\\/14\\\/\",\"url\":\"https:\\\/\\\/algarve7.pt\\\/index.php\\\/2026\\\/01\\\/um-janeiro-repleto-de-novos-comecos-no-dominguinhos-do-mar-shopping-algarve\\\/atualidade\\\/10\\\/14\\\/\",\"name\":\"Um janeiro repleto de novos come\u00e7os no \u2018dominguinhos\u2019 do Mar Shopping Algarve - Algarve 7\",\"isPartOf\":{\"@id\":\"https:\\\/\\\/algarve7.pt\\\/#website\"},\"primaryImageOfPage\":{\"@id\":\"https:\\\/\\\/algarve7.pt\\\/index.php\\\/2026\\\/01\\\/um-janeiro-repleto-de-novos-comecos-no-dominguinhos-do-mar-shopping-algarve\\\/atualidade\\\/10\\\/14\\\/#primaryimage\"},\"image\":{\"@id\":\"https:\\\/\\\/algarve7.pt\\\/index.php\\\/2026\\\/01\\\/um-janeiro-repleto-de-novos-comecos-no-dominguinhos-do-mar-shopping-algarve\\\/atualidade\\\/10\\\/14\\\/#primaryimage\"},\"thumbnailUrl\":\"https:\\\/\\\/algarve7.pt\\\/wp-content\\\/uploads\\\/2025\\\/12\\\/Dominguinhos-2025-MSA.jpg\",\"datePublished\":\"2026-01-01T10:14:00+00:00\",\"description\":\"Um janeiro repleto de novos come\u00e7os no \u2018dominguinhos\u2019 do Mar Shopping Algarve Atualidade\",\"breadcrumb\":{\"@id\":\"https:\\\/\\\/algarve7.pt\\\/index.php\\\/2026\\\/01\\\/um-janeiro-repleto-de-novos-comecos-no-dominguinhos-do-mar-shopping-algarve\\\/atualidade\\\/10\\\/14\\\/#breadcrumb\"},\"inLanguage\":\"pt-PT\",\"potentialAction\":[{\"@type\":\"ReadAction\",\"target\":[\"https:\\\/\\\/algarve7.pt\\\/index.php\\\/2026\\\/01\\\/um-janeiro-repleto-de-novos-comecos-no-dominguinhos-do-mar-shopping-algarve\\\/atualidade\\\/10\\\/14\\\/\"]}]},{\"@type\":\"ImageObject\",\"inLanguage\":\"pt-PT\",\"@id\":\"https:\\\/\\\/algarve7.pt\\\/index.php\\\/2026\\\/01\\\/um-janeiro-repleto-de-novos-comecos-no-dominguinhos-do-mar-shopping-algarve\\\/atualidade\\\/10\\\/14\\\/#primaryimage\",\"url\":\"https:\\\/\\\/algarve7.pt\\\/wp-content\\\/uploads\\\/2025\\\/12\\\/Dominguinhos-2025-MSA.jpg\",\"contentUrl\":\"https:\\\/\\\/algarve7.pt\\\/wp-content\\\/uploads\\\/2025\\\/12\\\/Dominguinhos-2025-MSA.jpg\",\"width\":800,\"height\":500},{\"@type\":\"BreadcrumbList\",\"@id\":\"https:\\\/\\\/algarve7.pt\\\/index.php\\\/2026\\\/01\\\/um-janeiro-repleto-de-novos-comecos-no-dominguinhos-do-mar-shopping-algarve\\\/atualidade\\\/10\\\/14\\\/#breadcrumb\",\"itemListElement\":[{\"@type\":\"ListItem\",\"position\":1,\"name\":\"In\u00edcio\",\"item\":\"https:\\\/\\\/algarve7.pt\\\/\"},{\"@type\":\"ListItem\",\"position\":2,\"name\":\"Um janeiro repleto de novos come\u00e7os no \u2018dominguinhos\u2019 do Mar Shopping Algarve\"}]},{\"@type\":\"WebSite\",\"@id\":\"https:\\\/\\\/algarve7.pt\\\/#website\",\"url\":\"https:\\\/\\\/algarve7.pt\\\/\",\"name\":\"Algarve 7\",\"description\":\"Informa\u00e7\u00e3o sobre o Algarve\",\"publisher\":{\"@id\":\"https:\\\/\\\/algarve7.pt\\\/#organization\"},\"potentialAction\":[{\"@type\":\"SearchAction\",\"target\":{\"@type\":\"EntryPoint\",\"urlTemplate\":\"https:\\\/\\\/algarve7.pt\\\/?s={search_term_string}\"},\"query-input\":{\"@type\":\"PropertyValueSpecification\",\"valueRequired\":true,\"valueName\":\"search_term_string\"}}],\"inLanguage\":\"pt-PT\"},{\"@type\":\"Organization\",\"@id\":\"https:\\\/\\\/algarve7.pt\\\/#organization\",\"name\":\"Algarve 7\",\"url\":\"https:\\\/\\\/algarve7.pt\\\/\",\"logo\":{\"@type\":\"ImageObject\",\"inLanguage\":\"pt-PT\",\"@id\":\"https:\\\/\\\/algarve7.pt\\\/#\\\/schema\\\/logo\\\/image\\\/\",\"url\":\"https:\\\/\\\/algarve7.pt\\\/wp-content\\\/uploads\\\/2020\\\/10\\\/Logo-8.jpg\",\"contentUrl\":\"https:\\\/\\\/algarve7.pt\\\/wp-content\\\/uploads\\\/2020\\\/10\\\/Logo-8.jpg\",\"width\":1680,\"height\":1186,\"caption\":\"Algarve 7\"},\"image\":{\"@id\":\"https:\\\/\\\/algarve7.pt\\\/#\\\/schema\\\/logo\\\/image\\\/\"},\"sameAs\":[\"https:\\\/\\\/www.facebook.com\\\/algarve7\",\"https:\\\/\\\/x.com\\\/Algarvesete\",\"https:\\\/\\\/www.instagram.com\\\/jornalalgarve7\\\/\",\"https:\\\/\\\/www.linkedin.com\\\/company\\\/algarve7\",\"https:\\\/\\\/www.pinterest.pt\\\/geral0939\\\/_created\\\/\"]},{\"@type\":\"Person\",\"@id\":\"https:\\\/\\\/algarve7.pt\\\/#\\\/schema\\\/person\\\/23fa70681308e7b319a3204bcea45e0c\",\"name\":\"Algarve 7\",\"sameAs\":[\"https:\\\/\\\/algarve7.pt\",\"https:\\\/\\\/www.facebook.com\\\/algarve7\"],\"url\":\"https:\\\/\\\/algarve7.pt\\\/index.php\\\/author\\\/geralalgarve7-pt\\\/\"}]}<\/script>\n<!-- \/ Yoast SEO plugin. -->","yoast_head_json":{"title":"Um janeiro repleto de novos come\u00e7os no \u2018dominguinhos\u2019 do Mar Shopping Algarve - Algarve 7","description":"Um janeiro repleto de novos come\u00e7os no \u2018dominguinhos\u2019 do Mar Shopping Algarve Atualidade","robots":{"index":"index","follow":"follow","max-snippet":"max-snippet:-1","max-image-preview":"max-image-preview:large","max-video-preview":"max-video-preview:-1"},"canonical":"https:\/\/algarve7.pt\/index.php\/2026\/01\/um-janeiro-repleto-de-novos-comecos-no-dominguinhos-do-mar-shopping-algarve\/atualidade\/10\/14\/","og_locale":"pt_PT","og_type":"article","og_title":"Um janeiro repleto de novos come\u00e7os no \u2018dominguinhos\u2019 do Mar Shopping Algarve - Algarve 7","og_description":"Um janeiro repleto de novos come\u00e7os no \u2018dominguinhos\u2019 do Mar Shopping Algarve Atualidade","og_url":"https:\/\/algarve7.pt\/index.php\/2026\/01\/um-janeiro-repleto-de-novos-comecos-no-dominguinhos-do-mar-shopping-algarve\/atualidade\/10\/14\/","og_site_name":"Algarve 7","article_publisher":"https:\/\/www.facebook.com\/algarve7","article_author":"https:\/\/www.facebook.com\/algarve7","article_published_time":"2026-01-01T10:14:00+00:00","og_image":[{"width":800,"height":500,"url":"https:\/\/algarve7.pt\/wp-content\/uploads\/2025\/12\/Dominguinhos-2025-MSA.jpg","type":"image\/jpeg"}],"author":"Algarve 7","twitter_card":"summary_large_image","twitter_creator":"@Algarvesete","twitter_site":"@Algarvesete","twitter_misc":{"Escrito por":"Algarve 7","Tempo estimado de leitura":"3 minutos"},"schema":{"@context":"https:\/\/schema.org","@graph":[{"@type":"Article","@id":"https:\/\/algarve7.pt\/index.php\/2026\/01\/um-janeiro-repleto-de-novos-comecos-no-dominguinhos-do-mar-shopping-algarve\/atualidade\/10\/14\/#article","isPartOf":{"@id":"https:\/\/algarve7.pt\/index.php\/2026\/01\/um-janeiro-repleto-de-novos-comecos-no-dominguinhos-do-mar-shopping-algarve\/atualidade\/10\/14\/"},"author":{"name":"Algarve 7","@id":"https:\/\/algarve7.pt\/#\/schema\/person\/23fa70681308e7b319a3204bcea45e0c"},"headline":"Um janeiro repleto de novos come\u00e7os no \u2018dominguinhos\u2019 do Mar Shopping Algarve","datePublished":"2026-01-01T10:14:00+00:00","mainEntityOfPage":{"@id":"https:\/\/algarve7.pt\/index.php\/2026\/01\/um-janeiro-repleto-de-novos-comecos-no-dominguinhos-do-mar-shopping-algarve\/atualidade\/10\/14\/"},"wordCount":575,"publisher":{"@id":"https:\/\/algarve7.pt\/#organization"},"image":{"@id":"https:\/\/algarve7.pt\/index.php\/2026\/01\/um-janeiro-repleto-de-novos-comecos-no-dominguinhos-do-mar-shopping-algarve\/atualidade\/10\/14\/#primaryimage"},"thumbnailUrl":"https:\/\/algarve7.pt\/wp-content\/uploads\/2025\/12\/Dominguinhos-2025-MSA.jpg","keywords":["Algarve","Atualidade","Mar Shopping"],"articleSection":["Atualidade"],"inLanguage":"pt-PT"},{"@type":"WebPage","@id":"https:\/\/algarve7.pt\/index.php\/2026\/01\/um-janeiro-repleto-de-novos-comecos-no-dominguinhos-do-mar-shopping-algarve\/atualidade\/10\/14\/","url":"https:\/\/algarve7.pt\/index.php\/2026\/01\/um-janeiro-repleto-de-novos-comecos-no-dominguinhos-do-mar-shopping-algarve\/atualidade\/10\/14\/","name":"Um janeiro repleto de novos come\u00e7os no \u2018dominguinhos\u2019 do Mar Shopping Algarve - Algarve 7","isPartOf":{"@id":"https:\/\/algarve7.pt\/#website"},"primaryImageOfPage":{"@id":"https:\/\/algarve7.pt\/index.php\/2026\/01\/um-janeiro-repleto-de-novos-comecos-no-dominguinhos-do-mar-shopping-algarve\/atualidade\/10\/14\/#primaryimage"},"image":{"@id":"https:\/\/algarve7.pt\/index.php\/2026\/01\/um-janeiro-repleto-de-novos-comecos-no-dominguinhos-do-mar-shopping-algarve\/atualidade\/10\/14\/#primaryimage"},"thumbnailUrl":"https:\/\/algarve7.pt\/wp-content\/uploads\/2025\/12\/Dominguinhos-2025-MSA.jpg","datePublished":"2026-01-01T10:14:00+00:00","description":"Um janeiro repleto de novos come\u00e7os no \u2018dominguinhos\u2019 do Mar Shopping Algarve Atualidade","breadcrumb":{"@id":"https:\/\/algarve7.pt\/index.php\/2026\/01\/um-janeiro-repleto-de-novos-comecos-no-dominguinhos-do-mar-shopping-algarve\/atualidade\/10\/14\/#breadcrumb"},"inLanguage":"pt-PT","potentialAction":[{"@type":"ReadAction","target":["https:\/\/algarve7.pt\/index.php\/2026\/01\/um-janeiro-repleto-de-novos-comecos-no-dominguinhos-do-mar-shopping-algarve\/atualidade\/10\/14\/"]}]},{"@type":"ImageObject","inLanguage":"pt-PT","@id":"https:\/\/algarve7.pt\/index.php\/2026\/01\/um-janeiro-repleto-de-novos-comecos-no-dominguinhos-do-mar-shopping-algarve\/atualidade\/10\/14\/#primaryimage","url":"https:\/\/algarve7.pt\/wp-content\/uploads\/2025\/12\/Dominguinhos-2025-MSA.jpg","contentUrl":"https:\/\/algarve7.pt\/wp-content\/uploads\/2025\/12\/Dominguinhos-2025-MSA.jpg","width":800,"height":500},{"@type":"BreadcrumbList","@id":"https:\/\/algarve7.pt\/index.php\/2026\/01\/um-janeiro-repleto-de-novos-comecos-no-dominguinhos-do-mar-shopping-algarve\/atualidade\/10\/14\/#breadcrumb","itemListElement":[{"@type":"ListItem","position":1,"name":"In\u00edcio","item":"https:\/\/algarve7.pt\/"},{"@type":"ListItem","position":2,"name":"Um janeiro repleto de novos come\u00e7os no \u2018dominguinhos\u2019 do Mar Shopping Algarve"}]},{"@type":"WebSite","@id":"https:\/\/algarve7.pt\/#website","url":"https:\/\/algarve7.pt\/","name":"Algarve 7","description":"Informa\u00e7\u00e3o sobre o Algarve","publisher":{"@id":"https:\/\/algarve7.pt\/#organization"},"potentialAction":[{"@type":"SearchAction","target":{"@type":"EntryPoint","urlTemplate":"https:\/\/algarve7.pt\/?s={search_term_string}"},"query-input":{"@type":"PropertyValueSpecification","valueRequired":true,"valueName":"search_term_string"}}],"inLanguage":"pt-PT"},{"@type":"Organization","@id":"https:\/\/algarve7.pt\/#organization","name":"Algarve 7","url":"https:\/\/algarve7.pt\/","logo":{"@type":"ImageObject","inLanguage":"pt-PT","@id":"https:\/\/algarve7.pt\/#\/schema\/logo\/image\/","url":"https:\/\/algarve7.pt\/wp-content\/uploads\/2020\/10\/Logo-8.jpg","contentUrl":"https:\/\/algarve7.pt\/wp-content\/uploads\/2020\/10\/Logo-8.jpg","width":1680,"height":1186,"caption":"Algarve 7"},"image":{"@id":"https:\/\/algarve7.pt\/#\/schema\/logo\/image\/"},"sameAs":["https:\/\/www.facebook.com\/algarve7","https:\/\/x.com\/Algarvesete","https:\/\/www.instagram.com\/jornalalgarve7\/","https:\/\/www.linkedin.com\/company\/algarve7","https:\/\/www.pinterest.pt\/geral0939\/_created\/"]},{"@type":"Person","@id":"https:\/\/algarve7.pt\/#\/schema\/person\/23fa70681308e7b319a3204bcea45e0c","name":"Algarve 7","sameAs":["https:\/\/algarve7.pt","https:\/\/www.facebook.com\/algarve7"],"url":"https:\/\/algarve7.pt\/index.php\/author\/geralalgarve7-pt\/"}]}},"jetpack_publicize_connections":[],"jetpack_featured_media_url":"https:\/\/algarve7.pt\/wp-content\/uploads\/2025\/12\/Dominguinhos-2025-MSA.jpg","jetpack_shortlink":"https:\/\/wp.me\/pcezmW-eUE","jetpack_sharing_enabled":true,"_links":{"self":[{"href":"https:\/\/algarve7.pt\/index.php\/wp-json\/wp\/v2\/posts\/57328","targetHints":{"allow":["GET"]}}],"collection":[{"href":"https:\/\/algarve7.pt\/index.php\/wp-json\/wp\/v2\/posts"}],"about":[{"href":"https:\/\/algarve7.pt\/index.php\/wp-json\/wp\/v2\/types\/post"}],"author":[{"embeddable":true,"href":"https:\/\/algarve7.pt\/index.php\/wp-json\/wp\/v2\/users\/1"}],"replies":[{"embeddable":true,"href":"https:\/\/algarve7.pt\/index.php\/wp-json\/wp\/v2\/comments?post=57328"}],"version-history":[{"count":0,"href":"https:\/\/algarve7.pt\/index.php\/wp-json\/wp\/v2\/posts\/57328\/revisions"}],"wp:featuredmedia":[{"embeddable":true,"href":"https:\/\/algarve7.pt\/index.php\/wp-json\/wp\/v2\/media\/57329"}],"wp:attachment":[{"href":"https:\/\/algarve7.pt\/index.php\/wp-json\/wp\/v2\/media?parent=57328"}],"wp:term":[{"taxonomy":"category","embeddable":true,"href":"https:\/\/algarve7.pt\/index.php\/wp-json\/wp\/v2\/categories?post=57328"},{"taxonomy":"post_tag","embeddable":true,"href":"https:\/\/algarve7.pt\/index.php\/wp-json\/wp\/v2\/tags?post=57328"}],"curies":[{"name":"wp","href":"https:\/\/api.w.org\/{rel}","templated":true}]}}