{"id":57321,"date":"2025-12-31T09:30:00","date_gmt":"2025-12-31T09:30:00","guid":{"rendered":"https:\/\/algarve7.pt\/?p=57321"},"modified":"2025-12-30T11:29:53","modified_gmt":"2025-12-30T11:29:53","slug":"contas-regionais-2024-economia-do-algarve-cresceu-acima-do-pais","status":"publish","type":"post","link":"https:\/\/algarve7.pt\/index.php\/2025\/12\/contas-regionais-2024-economia-do-algarve-cresceu-acima-do-pais\/economia\/09\/30\/","title":{"rendered":"Contas regionais 2024: economia do Algarve cresceu acima do Pa\u00eds"},"content":{"rendered":"\n<p>O Instituto Nacional de Estat\u00edstica publicou as contas regionais de 2024 e 2023, confirmando o crescimento da economia algarvia acima da m\u00e9dia nacional.<\/p>\n\n\n\n<p>Segundo o INE, em 2024, o PIB per capita foi de 29.302 mil euros, correspondendo a 108% da m\u00e9dia nacional (107% em 2023). O mesmo indicador, em paridades do poder de comprar, evoluiu de 87% para 89% da m\u00e9dia europeia.<\/p>\n\n\n\n<p>A produtividade aparente do trabalho alcan\u00e7ou 46,4 mil euros em 2024; apesar de inferior \u00e0 m\u00e9dia nacional (47,7 mil euros), a regi\u00e3o apresenta o 4\u00ba melhor desempenho das 9 NUTS II;<\/p>\n\n\n\n<p>No Algarve, em 2023, contabilizaram-se 268.000 indiv\u00edduos em termos de Emprego total, +4.000 do que no ano anterior; o Emprego remunerado integrava 205.000 indiv\u00edduos, +8.000 do que em 2022;&nbsp;<\/p>\n\n\n\n<p>Relativamente ao VAB (perspetiva das Contas Regionais), a informa\u00e7\u00e3o dispon\u00edvel at\u00e9 2023 para 21 ramos de atividade, diz-nos que o Alojamento e Restaura\u00e7\u00e3o (2.850M\u20ac), as atividades imobili\u00e1rias (1.579M\u20ac) e o Com\u00e9rcio por grosso e a retalho; repara\u00e7\u00e3o de ve\u00edculos autom\u00f3veis e motociclos (1.359M\u20ac) originaram 50,3% do VAB regional em 2023; no caso do Alojamento e restaura\u00e7\u00e3o e do Com\u00e9rcio observou-se um crescimento face a 2022, de 13% e 11,5%, respetivamente, e uma contra\u00e7\u00e3o de 2,2% nas Atividades imobili\u00e1rias.&nbsp;<\/p>\n\n\n\n<p>Embora sem surpresas, assinale-se que o Alojamento e Restaura\u00e7\u00e3o foi o ramo que mais contribuiu para o crescimento do VAB entre 2022 e 2023, representando 29% do acr\u00e9scimo registado no per\u00edodo.<\/p>\n\n\n\n<p>A Constru\u00e7\u00e3o posicionou-se como o 4\u00ba ramo de atividade com maior peso no VAB do Algarve, embora com um contributo bastante mais modesto (6,1%). Seguem-se a Sa\u00fade humana e A\u00e7\u00e3o Social, a Administra\u00e7\u00e3o p\u00fablica e defesa; seguran\u00e7a social obrigat\u00f3ria e as Atividades administrativas e dos servi\u00e7os de apoio, com contributos entre os 5,5% e os 5%.<\/p>\n\n\n\n<p>Em 2024, os dados dispon\u00edveis para 10 ramos de atividade, indicam que o \u201cCom\u00e9rcio por grosso e a retalho; repara\u00e7\u00e3o de ve\u00edculos autom\u00f3veis e motociclos; transportes e armazenagem; atividades de alojamento e restaura\u00e7\u00e3o\u201d representaram 40,4% do VAB gerado na regi\u00e3o, \u00e0 semelhan\u00e7a do que ocorreu em 2023; o VAB das \u201cAtividades imobili\u00e1rias\u201d correspondeu a 13,9% do total, aumentando 0,2 pontos percentuais em rela\u00e7\u00e3o a per\u00edodo hom\u00f3logo. Estes 2 grandes ramos de atividade representaram 54,3% do VAB regional.<\/p>\n\n\n\n<p>Cerca de 40% do acr\u00e9scimo do VAB observado entre 2023 e 2024, derivou do ramo que integra o Com\u00e9rcio, transportes e armazenagem e alojamento e restaura\u00e7\u00e3o.<\/p>\n\n\n\n<p>O VAB do setor prim\u00e1rio aumentou para 3,8%.<\/p>\n","protected":false},"excerpt":{"rendered":"<p>O Instituto Nacional de Estat\u00edstica publicou as contas regionais de 2024 e 2023, confirmando o crescimento da economia algarvia acima<\/p>\n","protected":false},"author":1,"featured_media":57322,"comment_status":"closed","ping_status":"closed","sticky":false,"template":"","format":"standard","meta":{"colormag_page_container_layout":"default_layout","colormag_page_sidebar_layout":"default_layout","_monsterinsights_skip_tracking":false,"_monsterinsights_sitenote_active":false,"_monsterinsights_sitenote_note":"","_monsterinsights_sitenote_category":0,"jetpack_post_was_ever_published":false,"_jetpack_newsletter_access":"","_jetpack_dont_email_post_to_subs":false,"_jetpack_newsletter_tier_id":0,"_jetpack_memberships_contains_paywalled_content":false,"_jetpack_memberships_contains_paid_content":false,"footnotes":"","jetpack_publicize_message":"","jetpack_publicize_feature_enabled":true,"jetpack_social_post_already_shared":true,"jetpack_social_options":{"image_generator_settings":{"template":"highway","default_image_id":0,"font":"","enabled":false},"version":2}},"categories":[151],"tags":[36,143,153],"class_list":["post-57321","post","type-post","status-publish","format-standard","has-post-thumbnail","hentry","category-economia","tag-algarve","tag-ccdr-algarve","tag-economia"],"yoast_head":"<!-- This site is optimized with the Yoast SEO plugin v27.5 - https:\/\/yoast.com\/product\/yoast-seo-wordpress\/ -->\n<title>Contas regionais 2024: economia do Algarve cresceu acima do Pa\u00eds - Algarve 7<\/title>\n<meta name=\"description\" content=\"Contas regionais 2024: economia do Algarve cresceu acima do Pa\u00eds Economia\" \/>\n<meta name=\"robots\" content=\"index, follow, max-snippet:-1, max-image-preview:large, max-video-preview:-1\" \/>\n<link rel=\"canonical\" href=\"https:\/\/algarve7.pt\/index.php\/2025\/12\/contas-regionais-2024-economia-do-algarve-cresceu-acima-do-pais\/economia\/09\/30\/\" \/>\n<meta property=\"og:locale\" content=\"pt_PT\" \/>\n<meta property=\"og:type\" content=\"article\" \/>\n<meta property=\"og:title\" content=\"Contas regionais 2024: economia do Algarve cresceu acima do Pa\u00eds - Algarve 7\" \/>\n<meta property=\"og:description\" content=\"Contas regionais 2024: economia do Algarve cresceu acima do Pa\u00eds Economia\" \/>\n<meta property=\"og:url\" content=\"https:\/\/algarve7.pt\/index.php\/2025\/12\/contas-regionais-2024-economia-do-algarve-cresceu-acima-do-pais\/economia\/09\/30\/\" \/>\n<meta property=\"og:site_name\" content=\"Algarve 7\" \/>\n<meta property=\"article:publisher\" content=\"https:\/\/www.facebook.com\/algarve7\" \/>\n<meta property=\"article:author\" content=\"https:\/\/www.facebook.com\/algarve7\" \/>\n<meta property=\"article:published_time\" content=\"2025-12-31T09:30:00+00:00\" \/>\n<meta property=\"og:image\" content=\"https:\/\/algarve7.pt\/wp-content\/uploads\/2025\/12\/base-imagens.png\" \/>\n\t<meta property=\"og:image:width\" content=\"800\" \/>\n\t<meta property=\"og:image:height\" content=\"500\" \/>\n\t<meta property=\"og:image:type\" content=\"image\/png\" \/>\n<meta name=\"author\" content=\"Algarve 7\" \/>\n<meta name=\"twitter:card\" content=\"summary_large_image\" \/>\n<meta name=\"twitter:creator\" content=\"@Algarvesete\" \/>\n<meta name=\"twitter:site\" content=\"@Algarvesete\" \/>\n<meta name=\"twitter:label1\" content=\"Escrito por\" \/>\n\t<meta name=\"twitter:data1\" content=\"Algarve 7\" \/>\n\t<meta name=\"twitter:label2\" content=\"Tempo estimado de leitura\" \/>\n\t<meta name=\"twitter:data2\" content=\"3 minutos\" \/>\n<script type=\"application\/ld+json\" class=\"yoast-schema-graph\">{\"@context\":\"https:\\\/\\\/schema.org\",\"@graph\":[{\"@type\":\"Article\",\"@id\":\"https:\\\/\\\/algarve7.pt\\\/index.php\\\/2025\\\/12\\\/contas-regionais-2024-economia-do-algarve-cresceu-acima-do-pais\\\/economia\\\/09\\\/30\\\/#article\",\"isPartOf\":{\"@id\":\"https:\\\/\\\/algarve7.pt\\\/index.php\\\/2025\\\/12\\\/contas-regionais-2024-economia-do-algarve-cresceu-acima-do-pais\\\/economia\\\/09\\\/30\\\/\"},\"author\":{\"name\":\"Algarve 7\",\"@id\":\"https:\\\/\\\/algarve7.pt\\\/#\\\/schema\\\/person\\\/23fa70681308e7b319a3204bcea45e0c\"},\"headline\":\"Contas regionais 2024: economia do Algarve cresceu acima do Pa\u00eds\",\"datePublished\":\"2025-12-31T09:30:00+00:00\",\"mainEntityOfPage\":{\"@id\":\"https:\\\/\\\/algarve7.pt\\\/index.php\\\/2025\\\/12\\\/contas-regionais-2024-economia-do-algarve-cresceu-acima-do-pais\\\/economia\\\/09\\\/30\\\/\"},\"wordCount\":410,\"publisher\":{\"@id\":\"https:\\\/\\\/algarve7.pt\\\/#organization\"},\"image\":{\"@id\":\"https:\\\/\\\/algarve7.pt\\\/index.php\\\/2025\\\/12\\\/contas-regionais-2024-economia-do-algarve-cresceu-acima-do-pais\\\/economia\\\/09\\\/30\\\/#primaryimage\"},\"thumbnailUrl\":\"https:\\\/\\\/algarve7.pt\\\/wp-content\\\/uploads\\\/2025\\\/12\\\/base-imagens.png\",\"keywords\":[\"Algarve\",\"CCDR Algarve\",\"Economia\"],\"articleSection\":[\"Economia\"],\"inLanguage\":\"pt-PT\"},{\"@type\":\"WebPage\",\"@id\":\"https:\\\/\\\/algarve7.pt\\\/index.php\\\/2025\\\/12\\\/contas-regionais-2024-economia-do-algarve-cresceu-acima-do-pais\\\/economia\\\/09\\\/30\\\/\",\"url\":\"https:\\\/\\\/algarve7.pt\\\/index.php\\\/2025\\\/12\\\/contas-regionais-2024-economia-do-algarve-cresceu-acima-do-pais\\\/economia\\\/09\\\/30\\\/\",\"name\":\"Contas regionais 2024: economia do Algarve cresceu acima do Pa\u00eds - Algarve 7\",\"isPartOf\":{\"@id\":\"https:\\\/\\\/algarve7.pt\\\/#website\"},\"primaryImageOfPage\":{\"@id\":\"https:\\\/\\\/algarve7.pt\\\/index.php\\\/2025\\\/12\\\/contas-regionais-2024-economia-do-algarve-cresceu-acima-do-pais\\\/economia\\\/09\\\/30\\\/#primaryimage\"},\"image\":{\"@id\":\"https:\\\/\\\/algarve7.pt\\\/index.php\\\/2025\\\/12\\\/contas-regionais-2024-economia-do-algarve-cresceu-acima-do-pais\\\/economia\\\/09\\\/30\\\/#primaryimage\"},\"thumbnailUrl\":\"https:\\\/\\\/algarve7.pt\\\/wp-content\\\/uploads\\\/2025\\\/12\\\/base-imagens.png\",\"datePublished\":\"2025-12-31T09:30:00+00:00\",\"description\":\"Contas regionais 2024: economia do Algarve cresceu acima do Pa\u00eds Economia\",\"breadcrumb\":{\"@id\":\"https:\\\/\\\/algarve7.pt\\\/index.php\\\/2025\\\/12\\\/contas-regionais-2024-economia-do-algarve-cresceu-acima-do-pais\\\/economia\\\/09\\\/30\\\/#breadcrumb\"},\"inLanguage\":\"pt-PT\",\"potentialAction\":[{\"@type\":\"ReadAction\",\"target\":[\"https:\\\/\\\/algarve7.pt\\\/index.php\\\/2025\\\/12\\\/contas-regionais-2024-economia-do-algarve-cresceu-acima-do-pais\\\/economia\\\/09\\\/30\\\/\"]}]},{\"@type\":\"ImageObject\",\"inLanguage\":\"pt-PT\",\"@id\":\"https:\\\/\\\/algarve7.pt\\\/index.php\\\/2025\\\/12\\\/contas-regionais-2024-economia-do-algarve-cresceu-acima-do-pais\\\/economia\\\/09\\\/30\\\/#primaryimage\",\"url\":\"https:\\\/\\\/algarve7.pt\\\/wp-content\\\/uploads\\\/2025\\\/12\\\/base-imagens.png\",\"contentUrl\":\"https:\\\/\\\/algarve7.pt\\\/wp-content\\\/uploads\\\/2025\\\/12\\\/base-imagens.png\",\"width\":800,\"height\":500},{\"@type\":\"BreadcrumbList\",\"@id\":\"https:\\\/\\\/algarve7.pt\\\/index.php\\\/2025\\\/12\\\/contas-regionais-2024-economia-do-algarve-cresceu-acima-do-pais\\\/economia\\\/09\\\/30\\\/#breadcrumb\",\"itemListElement\":[{\"@type\":\"ListItem\",\"position\":1,\"name\":\"In\u00edcio\",\"item\":\"https:\\\/\\\/algarve7.pt\\\/\"},{\"@type\":\"ListItem\",\"position\":2,\"name\":\"Contas regionais 2024: economia do Algarve cresceu acima do Pa\u00eds\"}]},{\"@type\":\"WebSite\",\"@id\":\"https:\\\/\\\/algarve7.pt\\\/#website\",\"url\":\"https:\\\/\\\/algarve7.pt\\\/\",\"name\":\"Algarve 7\",\"description\":\"Informa\u00e7\u00e3o sobre o Algarve\",\"publisher\":{\"@id\":\"https:\\\/\\\/algarve7.pt\\\/#organization\"},\"potentialAction\":[{\"@type\":\"SearchAction\",\"target\":{\"@type\":\"EntryPoint\",\"urlTemplate\":\"https:\\\/\\\/algarve7.pt\\\/?s={search_term_string}\"},\"query-input\":{\"@type\":\"PropertyValueSpecification\",\"valueRequired\":true,\"valueName\":\"search_term_string\"}}],\"inLanguage\":\"pt-PT\"},{\"@type\":\"Organization\",\"@id\":\"https:\\\/\\\/algarve7.pt\\\/#organization\",\"name\":\"Algarve 7\",\"url\":\"https:\\\/\\\/algarve7.pt\\\/\",\"logo\":{\"@type\":\"ImageObject\",\"inLanguage\":\"pt-PT\",\"@id\":\"https:\\\/\\\/algarve7.pt\\\/#\\\/schema\\\/logo\\\/image\\\/\",\"url\":\"https:\\\/\\\/algarve7.pt\\\/wp-content\\\/uploads\\\/2020\\\/10\\\/Logo-8.jpg\",\"contentUrl\":\"https:\\\/\\\/algarve7.pt\\\/wp-content\\\/uploads\\\/2020\\\/10\\\/Logo-8.jpg\",\"width\":1680,\"height\":1186,\"caption\":\"Algarve 7\"},\"image\":{\"@id\":\"https:\\\/\\\/algarve7.pt\\\/#\\\/schema\\\/logo\\\/image\\\/\"},\"sameAs\":[\"https:\\\/\\\/www.facebook.com\\\/algarve7\",\"https:\\\/\\\/x.com\\\/Algarvesete\",\"https:\\\/\\\/www.instagram.com\\\/jornalalgarve7\\\/\",\"https:\\\/\\\/www.linkedin.com\\\/company\\\/algarve7\",\"https:\\\/\\\/www.pinterest.pt\\\/geral0939\\\/_created\\\/\"]},{\"@type\":\"Person\",\"@id\":\"https:\\\/\\\/algarve7.pt\\\/#\\\/schema\\\/person\\\/23fa70681308e7b319a3204bcea45e0c\",\"name\":\"Algarve 7\",\"sameAs\":[\"https:\\\/\\\/algarve7.pt\",\"https:\\\/\\\/www.facebook.com\\\/algarve7\"],\"url\":\"https:\\\/\\\/algarve7.pt\\\/index.php\\\/author\\\/geralalgarve7-pt\\\/\"}]}<\/script>\n<!-- \/ Yoast SEO plugin. -->","yoast_head_json":{"title":"Contas regionais 2024: economia do Algarve cresceu acima do Pa\u00eds - Algarve 7","description":"Contas regionais 2024: economia do Algarve cresceu acima do Pa\u00eds Economia","robots":{"index":"index","follow":"follow","max-snippet":"max-snippet:-1","max-image-preview":"max-image-preview:large","max-video-preview":"max-video-preview:-1"},"canonical":"https:\/\/algarve7.pt\/index.php\/2025\/12\/contas-regionais-2024-economia-do-algarve-cresceu-acima-do-pais\/economia\/09\/30\/","og_locale":"pt_PT","og_type":"article","og_title":"Contas regionais 2024: economia do Algarve cresceu acima do Pa\u00eds - Algarve 7","og_description":"Contas regionais 2024: economia do Algarve cresceu acima do Pa\u00eds Economia","og_url":"https:\/\/algarve7.pt\/index.php\/2025\/12\/contas-regionais-2024-economia-do-algarve-cresceu-acima-do-pais\/economia\/09\/30\/","og_site_name":"Algarve 7","article_publisher":"https:\/\/www.facebook.com\/algarve7","article_author":"https:\/\/www.facebook.com\/algarve7","article_published_time":"2025-12-31T09:30:00+00:00","og_image":[{"width":800,"height":500,"url":"https:\/\/algarve7.pt\/wp-content\/uploads\/2025\/12\/base-imagens.png","type":"image\/png"}],"author":"Algarve 7","twitter_card":"summary_large_image","twitter_creator":"@Algarvesete","twitter_site":"@Algarvesete","twitter_misc":{"Escrito por":"Algarve 7","Tempo estimado de leitura":"3 minutos"},"schema":{"@context":"https:\/\/schema.org","@graph":[{"@type":"Article","@id":"https:\/\/algarve7.pt\/index.php\/2025\/12\/contas-regionais-2024-economia-do-algarve-cresceu-acima-do-pais\/economia\/09\/30\/#article","isPartOf":{"@id":"https:\/\/algarve7.pt\/index.php\/2025\/12\/contas-regionais-2024-economia-do-algarve-cresceu-acima-do-pais\/economia\/09\/30\/"},"author":{"name":"Algarve 7","@id":"https:\/\/algarve7.pt\/#\/schema\/person\/23fa70681308e7b319a3204bcea45e0c"},"headline":"Contas regionais 2024: economia do Algarve cresceu acima do Pa\u00eds","datePublished":"2025-12-31T09:30:00+00:00","mainEntityOfPage":{"@id":"https:\/\/algarve7.pt\/index.php\/2025\/12\/contas-regionais-2024-economia-do-algarve-cresceu-acima-do-pais\/economia\/09\/30\/"},"wordCount":410,"publisher":{"@id":"https:\/\/algarve7.pt\/#organization"},"image":{"@id":"https:\/\/algarve7.pt\/index.php\/2025\/12\/contas-regionais-2024-economia-do-algarve-cresceu-acima-do-pais\/economia\/09\/30\/#primaryimage"},"thumbnailUrl":"https:\/\/algarve7.pt\/wp-content\/uploads\/2025\/12\/base-imagens.png","keywords":["Algarve","CCDR Algarve","Economia"],"articleSection":["Economia"],"inLanguage":"pt-PT"},{"@type":"WebPage","@id":"https:\/\/algarve7.pt\/index.php\/2025\/12\/contas-regionais-2024-economia-do-algarve-cresceu-acima-do-pais\/economia\/09\/30\/","url":"https:\/\/algarve7.pt\/index.php\/2025\/12\/contas-regionais-2024-economia-do-algarve-cresceu-acima-do-pais\/economia\/09\/30\/","name":"Contas regionais 2024: economia do Algarve cresceu acima do Pa\u00eds - Algarve 7","isPartOf":{"@id":"https:\/\/algarve7.pt\/#website"},"primaryImageOfPage":{"@id":"https:\/\/algarve7.pt\/index.php\/2025\/12\/contas-regionais-2024-economia-do-algarve-cresceu-acima-do-pais\/economia\/09\/30\/#primaryimage"},"image":{"@id":"https:\/\/algarve7.pt\/index.php\/2025\/12\/contas-regionais-2024-economia-do-algarve-cresceu-acima-do-pais\/economia\/09\/30\/#primaryimage"},"thumbnailUrl":"https:\/\/algarve7.pt\/wp-content\/uploads\/2025\/12\/base-imagens.png","datePublished":"2025-12-31T09:30:00+00:00","description":"Contas regionais 2024: economia do Algarve cresceu acima do Pa\u00eds Economia","breadcrumb":{"@id":"https:\/\/algarve7.pt\/index.php\/2025\/12\/contas-regionais-2024-economia-do-algarve-cresceu-acima-do-pais\/economia\/09\/30\/#breadcrumb"},"inLanguage":"pt-PT","potentialAction":[{"@type":"ReadAction","target":["https:\/\/algarve7.pt\/index.php\/2025\/12\/contas-regionais-2024-economia-do-algarve-cresceu-acima-do-pais\/economia\/09\/30\/"]}]},{"@type":"ImageObject","inLanguage":"pt-PT","@id":"https:\/\/algarve7.pt\/index.php\/2025\/12\/contas-regionais-2024-economia-do-algarve-cresceu-acima-do-pais\/economia\/09\/30\/#primaryimage","url":"https:\/\/algarve7.pt\/wp-content\/uploads\/2025\/12\/base-imagens.png","contentUrl":"https:\/\/algarve7.pt\/wp-content\/uploads\/2025\/12\/base-imagens.png","width":800,"height":500},{"@type":"BreadcrumbList","@id":"https:\/\/algarve7.pt\/index.php\/2025\/12\/contas-regionais-2024-economia-do-algarve-cresceu-acima-do-pais\/economia\/09\/30\/#breadcrumb","itemListElement":[{"@type":"ListItem","position":1,"name":"In\u00edcio","item":"https:\/\/algarve7.pt\/"},{"@type":"ListItem","position":2,"name":"Contas regionais 2024: economia do Algarve cresceu acima do Pa\u00eds"}]},{"@type":"WebSite","@id":"https:\/\/algarve7.pt\/#website","url":"https:\/\/algarve7.pt\/","name":"Algarve 7","description":"Informa\u00e7\u00e3o sobre o Algarve","publisher":{"@id":"https:\/\/algarve7.pt\/#organization"},"potentialAction":[{"@type":"SearchAction","target":{"@type":"EntryPoint","urlTemplate":"https:\/\/algarve7.pt\/?s={search_term_string}"},"query-input":{"@type":"PropertyValueSpecification","valueRequired":true,"valueName":"search_term_string"}}],"inLanguage":"pt-PT"},{"@type":"Organization","@id":"https:\/\/algarve7.pt\/#organization","name":"Algarve 7","url":"https:\/\/algarve7.pt\/","logo":{"@type":"ImageObject","inLanguage":"pt-PT","@id":"https:\/\/algarve7.pt\/#\/schema\/logo\/image\/","url":"https:\/\/algarve7.pt\/wp-content\/uploads\/2020\/10\/Logo-8.jpg","contentUrl":"https:\/\/algarve7.pt\/wp-content\/uploads\/2020\/10\/Logo-8.jpg","width":1680,"height":1186,"caption":"Algarve 7"},"image":{"@id":"https:\/\/algarve7.pt\/#\/schema\/logo\/image\/"},"sameAs":["https:\/\/www.facebook.com\/algarve7","https:\/\/x.com\/Algarvesete","https:\/\/www.instagram.com\/jornalalgarve7\/","https:\/\/www.linkedin.com\/company\/algarve7","https:\/\/www.pinterest.pt\/geral0939\/_created\/"]},{"@type":"Person","@id":"https:\/\/algarve7.pt\/#\/schema\/person\/23fa70681308e7b319a3204bcea45e0c","name":"Algarve 7","sameAs":["https:\/\/algarve7.pt","https:\/\/www.facebook.com\/algarve7"],"url":"https:\/\/algarve7.pt\/index.php\/author\/geralalgarve7-pt\/"}]}},"jetpack_publicize_connections":[],"jetpack_featured_media_url":"https:\/\/algarve7.pt\/wp-content\/uploads\/2025\/12\/base-imagens.png","jetpack_shortlink":"https:\/\/wp.me\/pcezmW-eUx","jetpack_sharing_enabled":true,"_links":{"self":[{"href":"https:\/\/algarve7.pt\/index.php\/wp-json\/wp\/v2\/posts\/57321","targetHints":{"allow":["GET"]}}],"collection":[{"href":"https:\/\/algarve7.pt\/index.php\/wp-json\/wp\/v2\/posts"}],"about":[{"href":"https:\/\/algarve7.pt\/index.php\/wp-json\/wp\/v2\/types\/post"}],"author":[{"embeddable":true,"href":"https:\/\/algarve7.pt\/index.php\/wp-json\/wp\/v2\/users\/1"}],"replies":[{"embeddable":true,"href":"https:\/\/algarve7.pt\/index.php\/wp-json\/wp\/v2\/comments?post=57321"}],"version-history":[{"count":0,"href":"https:\/\/algarve7.pt\/index.php\/wp-json\/wp\/v2\/posts\/57321\/revisions"}],"wp:featuredmedia":[{"embeddable":true,"href":"https:\/\/algarve7.pt\/index.php\/wp-json\/wp\/v2\/media\/57322"}],"wp:attachment":[{"href":"https:\/\/algarve7.pt\/index.php\/wp-json\/wp\/v2\/media?parent=57321"}],"wp:term":[{"taxonomy":"category","embeddable":true,"href":"https:\/\/algarve7.pt\/index.php\/wp-json\/wp\/v2\/categories?post=57321"},{"taxonomy":"post_tag","embeddable":true,"href":"https:\/\/algarve7.pt\/index.php\/wp-json\/wp\/v2\/tags?post=57321"}],"curies":[{"name":"wp","href":"https:\/\/api.w.org\/{rel}","templated":true}]}}