{"id":5729,"date":"2021-01-31T16:50:00","date_gmt":"2021-01-31T16:50:00","guid":{"rendered":"https:\/\/algarve7.pt\/?p=5729"},"modified":"2021-01-31T16:14:58","modified_gmt":"2021-01-31T16:14:58","slug":"lagoa-comemora-o-dia-internacional-das-zonas-humidas-no-proximo-dia-02","status":"publish","type":"post","link":"https:\/\/algarve7.pt\/index.php\/2021\/01\/lagoa-comemora-o-dia-internacional-das-zonas-humidas-no-proximo-dia-02\/ambiente\/16\/50\/","title":{"rendered":"Lagoa comemora o Dia Internacional das Zonas H\u00famidas no pr\u00f3ximo dia 02"},"content":{"rendered":"\n<p>No dia 2 de fevereiro comemora-se o Dia Internacional das Zonas H\u00famidas.\u00a0 Em tempos de\u00a0confinamento, o Munic\u00edpio de Lagoa assinala o dia com a\u00e7\u00f5es de sensibiliza\u00e7\u00e3o e de forma\u00e7\u00e3o on-line.<\/p>\n\n\n\n<p>As atividades dirigidas ao p\u00fablico em geral, s\u00e3o constitu\u00eddas por duas atividades, uma de participa\u00e7\u00e3o passiva e outra de participa\u00e7\u00e3o ativa, que t\u00eam como objetivo sensibilizar para a import\u00e2ncia das zonas&nbsp;<\/p>\n\n\n\n<p>h\u00famidas&nbsp;na&nbsp;biodiversidade e no combate \u00e0s altera\u00e7\u00f5es clim\u00e1ticas.<\/p>\n\n\n\n<p>Assim, no dia 2 de fevereiro, ser\u00e1 publicado no Facebook do Munic\u00edpio uma a\u00e7\u00e3o de sensibiliza\u00e7\u00e3o quanto \u00e0 import\u00e2ncia das zonas h\u00famidas para a biodiversidade e sequestro de carbono.<\/p>\n\n\n\n<p>No dia 6 de fevereiro ser\u00e3o ilustrados alguns seres vivos que poderemos encontrar nas zonas h\u00famidas, atrav\u00e9s da oficina de ilustra\u00e7\u00e3o \u201cT\u00e9cnicas de Ilustra\u00e7\u00e3o Cient\u00edfica\u201d, utilizando a t\u00e9cnica da aguarela. A presente forma\u00e7\u00e3o ser\u00e1 realizada em plataforma ZOOM e contar\u00e1 com uma componente te\u00f3rica e uma componente pr\u00e1tica.<\/p>\n\n\n\n<p>Desta forma, o Munic\u00edpio de Lagoa pretende renovar a sua aposta na Educa\u00e7\u00e3o Ambiental para o ano de 2021, continuando a sua contribui\u00e7\u00e3o para o cumprimento dos ODS.<\/p>\n\n\n\n<p>\u00a0Todas as atividades s\u00e3o gratuitas, mas de inscri\u00e7\u00e3o obrigat\u00f3ria, atrav\u00e9s do n\u00famero 96 131 8422, ou via e-mail para:\u00a0<a href=\"mailto:sitio.fontes@cm-lagoa.pt\" target=\"_blank\" rel=\"noreferrer noopener\">sitio.fontes@cm-lagoa.pt<\/a>\u200b<\/p>\n","protected":false},"excerpt":{"rendered":"<p>No dia 2 de fevereiro comemora-se o Dia Internacional das Zonas H\u00famidas.\u00a0 Em tempos de\u00a0confinamento, o Munic\u00edpio de Lagoa assinala<\/p>\n","protected":false},"author":1,"featured_media":5730,"comment_status":"closed","ping_status":"open","sticky":false,"template":"","format":"standard","meta":{"colormag_page_container_layout":"default_layout","colormag_page_sidebar_layout":"default_layout","_monsterinsights_skip_tracking":false,"_monsterinsights_sitenote_active":false,"_monsterinsights_sitenote_note":"","_monsterinsights_sitenote_category":0,"jetpack_post_was_ever_published":false,"_jetpack_newsletter_access":"","_jetpack_dont_email_post_to_subs":false,"_jetpack_newsletter_tier_id":0,"_jetpack_memberships_contains_paywalled_content":false,"_jetpack_memberships_contains_paid_content":false,"footnotes":"","jetpack_publicize_message":"","jetpack_publicize_feature_enabled":true,"jetpack_social_post_already_shared":true,"jetpack_social_options":{"image_generator_settings":{"template":"highway","default_image_id":0,"font":"","enabled":false},"version":2}},"categories":[5],"tags":[36,32,48],"class_list":["post-5729","post","type-post","status-publish","format-standard","has-post-thumbnail","hentry","category-ambiente","tag-algarve","tag-ambiente","tag-lagoa"],"yoast_head":"<!-- This site is optimized with the Yoast SEO plugin v27.5 - https:\/\/yoast.com\/product\/yoast-seo-wordpress\/ -->\n<title>Lagoa comemora o Dia Internacional das Zonas H\u00famidas no pr\u00f3ximo dia 02 - Algarve 7<\/title>\n<meta name=\"description\" content=\"Lagoa comemora o Dia Internacional das Zonas H\u00famidas no pr\u00f3ximo dia 02 Ambiente\" \/>\n<meta name=\"robots\" content=\"index, follow, max-snippet:-1, max-image-preview:large, max-video-preview:-1\" \/>\n<link rel=\"canonical\" href=\"https:\/\/algarve7.pt\/index.php\/2021\/01\/lagoa-comemora-o-dia-internacional-das-zonas-humidas-no-proximo-dia-02\/ambiente\/16\/50\/\" \/>\n<meta property=\"og:locale\" content=\"pt_PT\" \/>\n<meta property=\"og:type\" content=\"article\" \/>\n<meta property=\"og:title\" content=\"Lagoa comemora o Dia Internacional das Zonas H\u00famidas no pr\u00f3ximo dia 02 - Algarve 7\" \/>\n<meta property=\"og:description\" content=\"Lagoa comemora o Dia Internacional das Zonas H\u00famidas no pr\u00f3ximo dia 02 Ambiente\" \/>\n<meta property=\"og:url\" content=\"https:\/\/algarve7.pt\/index.php\/2021\/01\/lagoa-comemora-o-dia-internacional-das-zonas-humidas-no-proximo-dia-02\/ambiente\/16\/50\/\" \/>\n<meta property=\"og:site_name\" content=\"Algarve 7\" \/>\n<meta property=\"article:publisher\" content=\"https:\/\/www.facebook.com\/algarve7\" \/>\n<meta property=\"article:author\" content=\"https:\/\/www.facebook.com\/algarve7\" \/>\n<meta property=\"article:published_time\" content=\"2021-01-31T16:50:00+00:00\" \/>\n<meta property=\"og:image\" content=\"https:\/\/algarve7.pt\/wp-content\/uploads\/2021\/01\/image003-1.jpg\" \/>\n\t<meta property=\"og:image:width\" content=\"696\" \/>\n\t<meta property=\"og:image:height\" content=\"1044\" \/>\n\t<meta property=\"og:image:type\" content=\"image\/jpeg\" \/>\n<meta name=\"author\" content=\"Algarve 7\" \/>\n<meta name=\"twitter:card\" content=\"summary_large_image\" \/>\n<meta name=\"twitter:creator\" content=\"@Algarvesete\" \/>\n<meta name=\"twitter:site\" content=\"@Algarvesete\" \/>\n<meta name=\"twitter:label1\" content=\"Escrito por\" \/>\n\t<meta name=\"twitter:data1\" content=\"Algarve 7\" \/>\n\t<meta name=\"twitter:label2\" content=\"Tempo estimado de leitura\" \/>\n\t<meta name=\"twitter:data2\" content=\"1 minuto\" \/>\n<script type=\"application\/ld+json\" class=\"yoast-schema-graph\">{\"@context\":\"https:\\\/\\\/schema.org\",\"@graph\":[{\"@type\":\"Article\",\"@id\":\"https:\\\/\\\/algarve7.pt\\\/index.php\\\/2021\\\/01\\\/lagoa-comemora-o-dia-internacional-das-zonas-humidas-no-proximo-dia-02\\\/ambiente\\\/16\\\/50\\\/#article\",\"isPartOf\":{\"@id\":\"https:\\\/\\\/algarve7.pt\\\/index.php\\\/2021\\\/01\\\/lagoa-comemora-o-dia-internacional-das-zonas-humidas-no-proximo-dia-02\\\/ambiente\\\/16\\\/50\\\/\"},\"author\":{\"name\":\"Algarve 7\",\"@id\":\"https:\\\/\\\/algarve7.pt\\\/#\\\/schema\\\/person\\\/23fa70681308e7b319a3204bcea45e0c\"},\"headline\":\"Lagoa comemora o Dia Internacional das Zonas H\u00famidas no pr\u00f3ximo dia 02\",\"datePublished\":\"2021-01-31T16:50:00+00:00\",\"mainEntityOfPage\":{\"@id\":\"https:\\\/\\\/algarve7.pt\\\/index.php\\\/2021\\\/01\\\/lagoa-comemora-o-dia-internacional-das-zonas-humidas-no-proximo-dia-02\\\/ambiente\\\/16\\\/50\\\/\"},\"wordCount\":246,\"publisher\":{\"@id\":\"https:\\\/\\\/algarve7.pt\\\/#organization\"},\"image\":{\"@id\":\"https:\\\/\\\/algarve7.pt\\\/index.php\\\/2021\\\/01\\\/lagoa-comemora-o-dia-internacional-das-zonas-humidas-no-proximo-dia-02\\\/ambiente\\\/16\\\/50\\\/#primaryimage\"},\"thumbnailUrl\":\"https:\\\/\\\/algarve7.pt\\\/wp-content\\\/uploads\\\/2021\\\/01\\\/image003-1.jpg\",\"keywords\":[\"Algarve\",\"Ambiente\",\"Lagoa\"],\"articleSection\":[\"Ambiente\"],\"inLanguage\":\"pt-PT\"},{\"@type\":\"WebPage\",\"@id\":\"https:\\\/\\\/algarve7.pt\\\/index.php\\\/2021\\\/01\\\/lagoa-comemora-o-dia-internacional-das-zonas-humidas-no-proximo-dia-02\\\/ambiente\\\/16\\\/50\\\/\",\"url\":\"https:\\\/\\\/algarve7.pt\\\/index.php\\\/2021\\\/01\\\/lagoa-comemora-o-dia-internacional-das-zonas-humidas-no-proximo-dia-02\\\/ambiente\\\/16\\\/50\\\/\",\"name\":\"Lagoa comemora o Dia Internacional das Zonas H\u00famidas no pr\u00f3ximo dia 02 - Algarve 7\",\"isPartOf\":{\"@id\":\"https:\\\/\\\/algarve7.pt\\\/#website\"},\"primaryImageOfPage\":{\"@id\":\"https:\\\/\\\/algarve7.pt\\\/index.php\\\/2021\\\/01\\\/lagoa-comemora-o-dia-internacional-das-zonas-humidas-no-proximo-dia-02\\\/ambiente\\\/16\\\/50\\\/#primaryimage\"},\"image\":{\"@id\":\"https:\\\/\\\/algarve7.pt\\\/index.php\\\/2021\\\/01\\\/lagoa-comemora-o-dia-internacional-das-zonas-humidas-no-proximo-dia-02\\\/ambiente\\\/16\\\/50\\\/#primaryimage\"},\"thumbnailUrl\":\"https:\\\/\\\/algarve7.pt\\\/wp-content\\\/uploads\\\/2021\\\/01\\\/image003-1.jpg\",\"datePublished\":\"2021-01-31T16:50:00+00:00\",\"description\":\"Lagoa comemora o Dia Internacional das Zonas H\u00famidas no pr\u00f3ximo dia 02 Ambiente\",\"breadcrumb\":{\"@id\":\"https:\\\/\\\/algarve7.pt\\\/index.php\\\/2021\\\/01\\\/lagoa-comemora-o-dia-internacional-das-zonas-humidas-no-proximo-dia-02\\\/ambiente\\\/16\\\/50\\\/#breadcrumb\"},\"inLanguage\":\"pt-PT\",\"potentialAction\":[{\"@type\":\"ReadAction\",\"target\":[\"https:\\\/\\\/algarve7.pt\\\/index.php\\\/2021\\\/01\\\/lagoa-comemora-o-dia-internacional-das-zonas-humidas-no-proximo-dia-02\\\/ambiente\\\/16\\\/50\\\/\"]}]},{\"@type\":\"ImageObject\",\"inLanguage\":\"pt-PT\",\"@id\":\"https:\\\/\\\/algarve7.pt\\\/index.php\\\/2021\\\/01\\\/lagoa-comemora-o-dia-internacional-das-zonas-humidas-no-proximo-dia-02\\\/ambiente\\\/16\\\/50\\\/#primaryimage\",\"url\":\"https:\\\/\\\/algarve7.pt\\\/wp-content\\\/uploads\\\/2021\\\/01\\\/image003-1.jpg\",\"contentUrl\":\"https:\\\/\\\/algarve7.pt\\\/wp-content\\\/uploads\\\/2021\\\/01\\\/image003-1.jpg\",\"width\":696,\"height\":1044},{\"@type\":\"BreadcrumbList\",\"@id\":\"https:\\\/\\\/algarve7.pt\\\/index.php\\\/2021\\\/01\\\/lagoa-comemora-o-dia-internacional-das-zonas-humidas-no-proximo-dia-02\\\/ambiente\\\/16\\\/50\\\/#breadcrumb\",\"itemListElement\":[{\"@type\":\"ListItem\",\"position\":1,\"name\":\"In\u00edcio\",\"item\":\"https:\\\/\\\/algarve7.pt\\\/\"},{\"@type\":\"ListItem\",\"position\":2,\"name\":\"Lagoa comemora o Dia Internacional das Zonas H\u00famidas no pr\u00f3ximo dia 02\"}]},{\"@type\":\"WebSite\",\"@id\":\"https:\\\/\\\/algarve7.pt\\\/#website\",\"url\":\"https:\\\/\\\/algarve7.pt\\\/\",\"name\":\"Algarve 7\",\"description\":\"Informa\u00e7\u00e3o sobre o Algarve\",\"publisher\":{\"@id\":\"https:\\\/\\\/algarve7.pt\\\/#organization\"},\"potentialAction\":[{\"@type\":\"SearchAction\",\"target\":{\"@type\":\"EntryPoint\",\"urlTemplate\":\"https:\\\/\\\/algarve7.pt\\\/?s={search_term_string}\"},\"query-input\":{\"@type\":\"PropertyValueSpecification\",\"valueRequired\":true,\"valueName\":\"search_term_string\"}}],\"inLanguage\":\"pt-PT\"},{\"@type\":\"Organization\",\"@id\":\"https:\\\/\\\/algarve7.pt\\\/#organization\",\"name\":\"Algarve 7\",\"url\":\"https:\\\/\\\/algarve7.pt\\\/\",\"logo\":{\"@type\":\"ImageObject\",\"inLanguage\":\"pt-PT\",\"@id\":\"https:\\\/\\\/algarve7.pt\\\/#\\\/schema\\\/logo\\\/image\\\/\",\"url\":\"https:\\\/\\\/algarve7.pt\\\/wp-content\\\/uploads\\\/2020\\\/10\\\/Logo-8.jpg\",\"contentUrl\":\"https:\\\/\\\/algarve7.pt\\\/wp-content\\\/uploads\\\/2020\\\/10\\\/Logo-8.jpg\",\"width\":1680,\"height\":1186,\"caption\":\"Algarve 7\"},\"image\":{\"@id\":\"https:\\\/\\\/algarve7.pt\\\/#\\\/schema\\\/logo\\\/image\\\/\"},\"sameAs\":[\"https:\\\/\\\/www.facebook.com\\\/algarve7\",\"https:\\\/\\\/x.com\\\/Algarvesete\",\"https:\\\/\\\/www.instagram.com\\\/jornalalgarve7\\\/\",\"https:\\\/\\\/www.linkedin.com\\\/company\\\/algarve7\",\"https:\\\/\\\/www.pinterest.pt\\\/geral0939\\\/_created\\\/\"]},{\"@type\":\"Person\",\"@id\":\"https:\\\/\\\/algarve7.pt\\\/#\\\/schema\\\/person\\\/23fa70681308e7b319a3204bcea45e0c\",\"name\":\"Algarve 7\",\"sameAs\":[\"https:\\\/\\\/algarve7.pt\",\"https:\\\/\\\/www.facebook.com\\\/algarve7\"],\"url\":\"https:\\\/\\\/algarve7.pt\\\/index.php\\\/author\\\/geralalgarve7-pt\\\/\"}]}<\/script>\n<!-- \/ Yoast SEO plugin. -->","yoast_head_json":{"title":"Lagoa comemora o Dia Internacional das Zonas H\u00famidas no pr\u00f3ximo dia 02 - Algarve 7","description":"Lagoa comemora o Dia Internacional das Zonas H\u00famidas no pr\u00f3ximo dia 02 Ambiente","robots":{"index":"index","follow":"follow","max-snippet":"max-snippet:-1","max-image-preview":"max-image-preview:large","max-video-preview":"max-video-preview:-1"},"canonical":"https:\/\/algarve7.pt\/index.php\/2021\/01\/lagoa-comemora-o-dia-internacional-das-zonas-humidas-no-proximo-dia-02\/ambiente\/16\/50\/","og_locale":"pt_PT","og_type":"article","og_title":"Lagoa comemora o Dia Internacional das Zonas H\u00famidas no pr\u00f3ximo dia 02 - Algarve 7","og_description":"Lagoa comemora o Dia Internacional das Zonas H\u00famidas no pr\u00f3ximo dia 02 Ambiente","og_url":"https:\/\/algarve7.pt\/index.php\/2021\/01\/lagoa-comemora-o-dia-internacional-das-zonas-humidas-no-proximo-dia-02\/ambiente\/16\/50\/","og_site_name":"Algarve 7","article_publisher":"https:\/\/www.facebook.com\/algarve7","article_author":"https:\/\/www.facebook.com\/algarve7","article_published_time":"2021-01-31T16:50:00+00:00","og_image":[{"width":696,"height":1044,"url":"https:\/\/algarve7.pt\/wp-content\/uploads\/2021\/01\/image003-1.jpg","type":"image\/jpeg"}],"author":"Algarve 7","twitter_card":"summary_large_image","twitter_creator":"@Algarvesete","twitter_site":"@Algarvesete","twitter_misc":{"Escrito por":"Algarve 7","Tempo estimado de leitura":"1 minuto"},"schema":{"@context":"https:\/\/schema.org","@graph":[{"@type":"Article","@id":"https:\/\/algarve7.pt\/index.php\/2021\/01\/lagoa-comemora-o-dia-internacional-das-zonas-humidas-no-proximo-dia-02\/ambiente\/16\/50\/#article","isPartOf":{"@id":"https:\/\/algarve7.pt\/index.php\/2021\/01\/lagoa-comemora-o-dia-internacional-das-zonas-humidas-no-proximo-dia-02\/ambiente\/16\/50\/"},"author":{"name":"Algarve 7","@id":"https:\/\/algarve7.pt\/#\/schema\/person\/23fa70681308e7b319a3204bcea45e0c"},"headline":"Lagoa comemora o Dia Internacional das Zonas H\u00famidas no pr\u00f3ximo dia 02","datePublished":"2021-01-31T16:50:00+00:00","mainEntityOfPage":{"@id":"https:\/\/algarve7.pt\/index.php\/2021\/01\/lagoa-comemora-o-dia-internacional-das-zonas-humidas-no-proximo-dia-02\/ambiente\/16\/50\/"},"wordCount":246,"publisher":{"@id":"https:\/\/algarve7.pt\/#organization"},"image":{"@id":"https:\/\/algarve7.pt\/index.php\/2021\/01\/lagoa-comemora-o-dia-internacional-das-zonas-humidas-no-proximo-dia-02\/ambiente\/16\/50\/#primaryimage"},"thumbnailUrl":"https:\/\/algarve7.pt\/wp-content\/uploads\/2021\/01\/image003-1.jpg","keywords":["Algarve","Ambiente","Lagoa"],"articleSection":["Ambiente"],"inLanguage":"pt-PT"},{"@type":"WebPage","@id":"https:\/\/algarve7.pt\/index.php\/2021\/01\/lagoa-comemora-o-dia-internacional-das-zonas-humidas-no-proximo-dia-02\/ambiente\/16\/50\/","url":"https:\/\/algarve7.pt\/index.php\/2021\/01\/lagoa-comemora-o-dia-internacional-das-zonas-humidas-no-proximo-dia-02\/ambiente\/16\/50\/","name":"Lagoa comemora o Dia Internacional das Zonas H\u00famidas no pr\u00f3ximo dia 02 - Algarve 7","isPartOf":{"@id":"https:\/\/algarve7.pt\/#website"},"primaryImageOfPage":{"@id":"https:\/\/algarve7.pt\/index.php\/2021\/01\/lagoa-comemora-o-dia-internacional-das-zonas-humidas-no-proximo-dia-02\/ambiente\/16\/50\/#primaryimage"},"image":{"@id":"https:\/\/algarve7.pt\/index.php\/2021\/01\/lagoa-comemora-o-dia-internacional-das-zonas-humidas-no-proximo-dia-02\/ambiente\/16\/50\/#primaryimage"},"thumbnailUrl":"https:\/\/algarve7.pt\/wp-content\/uploads\/2021\/01\/image003-1.jpg","datePublished":"2021-01-31T16:50:00+00:00","description":"Lagoa comemora o Dia Internacional das Zonas H\u00famidas no pr\u00f3ximo dia 02 Ambiente","breadcrumb":{"@id":"https:\/\/algarve7.pt\/index.php\/2021\/01\/lagoa-comemora-o-dia-internacional-das-zonas-humidas-no-proximo-dia-02\/ambiente\/16\/50\/#breadcrumb"},"inLanguage":"pt-PT","potentialAction":[{"@type":"ReadAction","target":["https:\/\/algarve7.pt\/index.php\/2021\/01\/lagoa-comemora-o-dia-internacional-das-zonas-humidas-no-proximo-dia-02\/ambiente\/16\/50\/"]}]},{"@type":"ImageObject","inLanguage":"pt-PT","@id":"https:\/\/algarve7.pt\/index.php\/2021\/01\/lagoa-comemora-o-dia-internacional-das-zonas-humidas-no-proximo-dia-02\/ambiente\/16\/50\/#primaryimage","url":"https:\/\/algarve7.pt\/wp-content\/uploads\/2021\/01\/image003-1.jpg","contentUrl":"https:\/\/algarve7.pt\/wp-content\/uploads\/2021\/01\/image003-1.jpg","width":696,"height":1044},{"@type":"BreadcrumbList","@id":"https:\/\/algarve7.pt\/index.php\/2021\/01\/lagoa-comemora-o-dia-internacional-das-zonas-humidas-no-proximo-dia-02\/ambiente\/16\/50\/#breadcrumb","itemListElement":[{"@type":"ListItem","position":1,"name":"In\u00edcio","item":"https:\/\/algarve7.pt\/"},{"@type":"ListItem","position":2,"name":"Lagoa comemora o Dia Internacional das Zonas H\u00famidas no pr\u00f3ximo dia 02"}]},{"@type":"WebSite","@id":"https:\/\/algarve7.pt\/#website","url":"https:\/\/algarve7.pt\/","name":"Algarve 7","description":"Informa\u00e7\u00e3o sobre o Algarve","publisher":{"@id":"https:\/\/algarve7.pt\/#organization"},"potentialAction":[{"@type":"SearchAction","target":{"@type":"EntryPoint","urlTemplate":"https:\/\/algarve7.pt\/?s={search_term_string}"},"query-input":{"@type":"PropertyValueSpecification","valueRequired":true,"valueName":"search_term_string"}}],"inLanguage":"pt-PT"},{"@type":"Organization","@id":"https:\/\/algarve7.pt\/#organization","name":"Algarve 7","url":"https:\/\/algarve7.pt\/","logo":{"@type":"ImageObject","inLanguage":"pt-PT","@id":"https:\/\/algarve7.pt\/#\/schema\/logo\/image\/","url":"https:\/\/algarve7.pt\/wp-content\/uploads\/2020\/10\/Logo-8.jpg","contentUrl":"https:\/\/algarve7.pt\/wp-content\/uploads\/2020\/10\/Logo-8.jpg","width":1680,"height":1186,"caption":"Algarve 7"},"image":{"@id":"https:\/\/algarve7.pt\/#\/schema\/logo\/image\/"},"sameAs":["https:\/\/www.facebook.com\/algarve7","https:\/\/x.com\/Algarvesete","https:\/\/www.instagram.com\/jornalalgarve7\/","https:\/\/www.linkedin.com\/company\/algarve7","https:\/\/www.pinterest.pt\/geral0939\/_created\/"]},{"@type":"Person","@id":"https:\/\/algarve7.pt\/#\/schema\/person\/23fa70681308e7b319a3204bcea45e0c","name":"Algarve 7","sameAs":["https:\/\/algarve7.pt","https:\/\/www.facebook.com\/algarve7"],"url":"https:\/\/algarve7.pt\/index.php\/author\/geralalgarve7-pt\/"}]}},"jetpack_publicize_connections":[],"jetpack_featured_media_url":"https:\/\/algarve7.pt\/wp-content\/uploads\/2021\/01\/image003-1.jpg","jetpack_shortlink":"https:\/\/wp.me\/pcezmW-1up","jetpack_sharing_enabled":true,"_links":{"self":[{"href":"https:\/\/algarve7.pt\/index.php\/wp-json\/wp\/v2\/posts\/5729","targetHints":{"allow":["GET"]}}],"collection":[{"href":"https:\/\/algarve7.pt\/index.php\/wp-json\/wp\/v2\/posts"}],"about":[{"href":"https:\/\/algarve7.pt\/index.php\/wp-json\/wp\/v2\/types\/post"}],"author":[{"embeddable":true,"href":"https:\/\/algarve7.pt\/index.php\/wp-json\/wp\/v2\/users\/1"}],"replies":[{"embeddable":true,"href":"https:\/\/algarve7.pt\/index.php\/wp-json\/wp\/v2\/comments?post=5729"}],"version-history":[{"count":0,"href":"https:\/\/algarve7.pt\/index.php\/wp-json\/wp\/v2\/posts\/5729\/revisions"}],"wp:featuredmedia":[{"embeddable":true,"href":"https:\/\/algarve7.pt\/index.php\/wp-json\/wp\/v2\/media\/5730"}],"wp:attachment":[{"href":"https:\/\/algarve7.pt\/index.php\/wp-json\/wp\/v2\/media?parent=5729"}],"wp:term":[{"taxonomy":"category","embeddable":true,"href":"https:\/\/algarve7.pt\/index.php\/wp-json\/wp\/v2\/categories?post=5729"},{"taxonomy":"post_tag","embeddable":true,"href":"https:\/\/algarve7.pt\/index.php\/wp-json\/wp\/v2\/tags?post=5729"}],"curies":[{"name":"wp","href":"https:\/\/api.w.org\/{rel}","templated":true}]}}