{"id":57288,"date":"2026-01-01T09:15:00","date_gmt":"2026-01-01T09:15:00","guid":{"rendered":"https:\/\/algarve7.pt\/?p=57288"},"modified":"2025-12-29T12:58:02","modified_gmt":"2025-12-29T12:58:02","slug":"single-seater-series-reforca-aposta-no-crescimento-e-apresenta-calendario-para-2026","status":"publish","type":"post","link":"https:\/\/algarve7.pt\/index.php\/2026\/01\/single-seater-series-reforca-aposta-no-crescimento-e-apresenta-calendario-para-2026\/desporto\/09\/15\/","title":{"rendered":"Single Seater Series\u00a0refor\u00e7a aposta no crescimento e apresenta calend\u00e1rio para 2026"},"content":{"rendered":"\n<p><strong>A temporada de 2026 da Single Seater Series, a \u00fanica competi\u00e7\u00e3o dedicada exclusivamente a monolugares em Portugal, encontra-se j\u00e1 plenamente definida. O calend\u00e1rio contempla cinco corridas distribu\u00eddas por tr\u00eas circuitos distintos, introduzindo uma novidade de relevo que refor\u00e7a a ambi\u00e7\u00e3o e a proje\u00e7\u00e3o desejada para a competi\u00e7\u00e3o.<\/strong><\/p>\n\n\n\n<p>A cria\u00e7\u00e3o, em 2025, de duas divis\u00f5es t\u00e9cnicas, uma destinada a f\u00f3rmulas com elementos aerodin\u00e2micos e outra reservada a monolugares sem asas, marcou um ponto de viragem na hist\u00f3ria recente da Single Seater Series. Esta evolu\u00e7\u00e3o contribuiu decisivamente para revitalizar o interesse em torno da competi\u00e7\u00e3o, que hoje se afirma como um verdadeiro palco de diversidade t\u00e9cnica e heran\u00e7a hist\u00f3rica. As grelhas de partida re\u00fanem modelos t\u00e3o distintos quanto os F\u00f3rmula Renault 2.0, F\u00f3rmula 3 da d\u00e9cada de 1970, os cl\u00e1ssicos F\u00f3rmula Ford sem asas, bem como exemplares mais raros oriundos da F\u00f3rmula Novis ou da F\u00f3rmula Continental, proporcionando um espet\u00e1culo \u00fanico no panorama ib\u00e9rico.<\/p>\n\n\n\n<p>Com uma rela\u00e7\u00e3o custo-performance praticamente inigual\u00e1vel, a Single Seater Series tem vindo a consolidar de forma sustentada a sua posi\u00e7\u00e3o no automobilismo da Pen\u00ednsula Ib\u00e9rica. Os dezasseis monolugares inscritos na prova de encerramento da temporada de 2025, aliados \u00e0 chegada de novos carros a Portugal e ao regresso \u00e0s pistas de outros actualmente em fase de prepara\u00e7\u00e3o, s\u00e3o indicadores claros de que a \u00e9poca de 2026 poder\u00e1 superar as expectativas mais optimistas.<\/p>\n\n\n\n<p>A nova temporada tem in\u00edcio nos dias 16 e 17 de Maio, no programa da segunda edi\u00e7\u00e3o do Algarve Iberian Racing Festival, no Aut\u00f3dromo Internacional do Algarve. A prova decorre num momento particularmente simb\u00f3lico, coincidindo com a fase de prepara\u00e7\u00e3o da infraestrutura algarvia para receber o Campeonato do Mundo FIA de F\u00f3rmula 1, refor\u00e7ando o prest\u00edgio de um dos mais aclamados circuitos a n\u00edvel mundial.<\/p>\n\n\n\n<p>A segunda jornada do campeonato, agendada para 5 a 7 de Junho, representa uma estreia absoluta no calend\u00e1rio e uma das grandes novidades de 2026. Ap\u00f3s a experi\u00eancia extremamente positiva da desloca\u00e7\u00e3o ao Circuito Ricardo Tormo, em Val\u00eancia, na temporada anterior, a Single Seater Series ruma agora a Madrid, onde disputar\u00e1 duas corridas no Circuito de Jarama \u2013 RACE, o primeiro circuito permanente de Espanha a acolher uma prova do mundial de F\u00f3rmula 1. Esta participa\u00e7\u00e3o, no primeiro fim de semana de Junho, insere-se num programa de corridas de grande tradi\u00e7\u00e3o, o Jarama Classic, conhecido pelo ambiente vibrante de paddock e pela forte aflu\u00eancia de p\u00fablico.<\/p>\n\n\n\n<p>A competi\u00e7\u00e3o regressa depois a territ\u00f3rio nacional para disputar duas corridas no dia 19 de Julho, integradas no Estoril Summer Party, no Aut\u00f3dromo do Estoril.<\/p>\n\n\n\n<p>Ap\u00f3s a habitual pausa estival, no fim de semana de 31 de Outubro e 1 de Novembro, a temporada \u00e9 retomada no exigente tra\u00e7ado de Portim\u00e3o, com a Single Seater Series a integrar o programa de mais uma edi\u00e7\u00e3o do Algarve Classic Festival, evento que tem vindo a afirmar-se como uma refer\u00eancia no panorama dos hist\u00f3ricos e cl\u00e1ssicos de competi\u00e7\u00e3o no sul da Europa.<\/p>\n\n\n\n<p>A jornada final do campeonato est\u00e1 agendada para o primeiro fim de semana de Dezembro, no \u00e2mbito do Estoril Endurance Festival, encerrando a \u00e9poca num dos palcos mais emblem\u00e1ticos do automobilismo portugu\u00eas e em clima de festa.<\/p>\n\n\n\n<p>Para Miguel Pinto Coelho, coordenador da Single Seater Series, a pr\u00f3xima temporada \u201cmarca o in\u00edcio de uma nova fase de consolida\u00e7\u00e3o da competi\u00e7\u00e3o. O calend\u00e1rio de 2026 reflete a estabilidade e a consist\u00eancia que procuramos, com duas provas em cada circuito permanente portugu\u00eas e uma desloca\u00e7\u00e3o estrat\u00e9gica a Madrid, ao hist\u00f3rico Circuito de Jarama. Trata-se de um evento que oferece um ambiente de paddock excecional e que permite, simultaneamente, conjugar o desporto autom\u00f3vel com uma experi\u00eancia de lazer, numa escapadela em fam\u00edlia ao pa\u00eds vizinho.\u201d<\/p>\n","protected":false},"excerpt":{"rendered":"<p>A temporada de 2026 da Single Seater Series, a \u00fanica competi\u00e7\u00e3o dedicada exclusivamente a monolugares em Portugal, encontra-se j\u00e1 plenamente<\/p>\n","protected":false},"author":1,"featured_media":57289,"comment_status":"closed","ping_status":"closed","sticky":false,"template":"","format":"standard","meta":{"colormag_page_container_layout":"default_layout","colormag_page_sidebar_layout":"default_layout","_monsterinsights_skip_tracking":false,"_monsterinsights_sitenote_active":false,"_monsterinsights_sitenote_note":"","_monsterinsights_sitenote_category":0,"jetpack_post_was_ever_published":false,"_jetpack_newsletter_access":"","_jetpack_dont_email_post_to_subs":false,"_jetpack_newsletter_tier_id":0,"_jetpack_memberships_contains_paywalled_content":false,"_jetpack_memberships_contains_paid_content":false,"footnotes":"","jetpack_publicize_message":"","jetpack_publicize_feature_enabled":true,"jetpack_social_post_already_shared":true,"jetpack_social_options":{"image_generator_settings":{"template":"highway","default_image_id":0,"font":"","enabled":false},"version":2}},"categories":[15],"tags":[36,239,40,72,1214],"class_list":["post-57288","post","type-post","status-publish","format-standard","has-post-thumbnail","hentry","category-desporto","tag-algarve","tag-autodromo-internacional-do-algarve","tag-desporto","tag-portimao","tag-single-seater-series"],"yoast_head":"<!-- This site is optimized with the Yoast SEO plugin v27.5 - https:\/\/yoast.com\/product\/yoast-seo-wordpress\/ -->\n<title>Single Seater Series\u00a0refor\u00e7a aposta no crescimento e apresenta calend\u00e1rio para 2026 - Algarve 7<\/title>\n<meta name=\"description\" content=\"Single Seater Series\u00a0refor\u00e7a aposta no crescimento e apresenta calend\u00e1rio para 2026 Desporto\" \/>\n<meta name=\"robots\" content=\"index, follow, max-snippet:-1, max-image-preview:large, max-video-preview:-1\" \/>\n<link rel=\"canonical\" href=\"https:\/\/algarve7.pt\/index.php\/2026\/01\/single-seater-series-reforca-aposta-no-crescimento-e-apresenta-calendario-para-2026\/desporto\/09\/15\/\" \/>\n<meta property=\"og:locale\" content=\"pt_PT\" \/>\n<meta property=\"og:type\" content=\"article\" \/>\n<meta property=\"og:title\" content=\"Single Seater Series\u00a0refor\u00e7a aposta no crescimento e apresenta calend\u00e1rio para 2026 - Algarve 7\" \/>\n<meta property=\"og:description\" content=\"Single Seater Series\u00a0refor\u00e7a aposta no crescimento e apresenta calend\u00e1rio para 2026 Desporto\" \/>\n<meta property=\"og:url\" content=\"https:\/\/algarve7.pt\/index.php\/2026\/01\/single-seater-series-reforca-aposta-no-crescimento-e-apresenta-calendario-para-2026\/desporto\/09\/15\/\" \/>\n<meta property=\"og:site_name\" content=\"Algarve 7\" \/>\n<meta property=\"article:publisher\" content=\"https:\/\/www.facebook.com\/algarve7\" \/>\n<meta property=\"article:author\" content=\"https:\/\/www.facebook.com\/algarve7\" \/>\n<meta property=\"article:published_time\" content=\"2026-01-01T09:15:00+00:00\" \/>\n<meta property=\"og:image\" content=\"https:\/\/algarve7.pt\/wp-content\/uploads\/2025\/12\/Captura-de-ecra-2025-12-29-as-12.42.14.png\" \/>\n\t<meta property=\"og:image:width\" content=\"800\" \/>\n\t<meta property=\"og:image:height\" content=\"500\" \/>\n\t<meta property=\"og:image:type\" content=\"image\/png\" \/>\n<meta name=\"author\" content=\"Algarve 7\" \/>\n<meta name=\"twitter:card\" content=\"summary_large_image\" \/>\n<meta name=\"twitter:creator\" content=\"@Algarvesete\" \/>\n<meta name=\"twitter:site\" content=\"@Algarvesete\" \/>\n<meta name=\"twitter:label1\" content=\"Escrito por\" \/>\n\t<meta name=\"twitter:data1\" content=\"Algarve 7\" \/>\n\t<meta name=\"twitter:label2\" content=\"Tempo estimado de leitura\" \/>\n\t<meta name=\"twitter:data2\" content=\"4 minutos\" \/>\n<script type=\"application\/ld+json\" class=\"yoast-schema-graph\">{\"@context\":\"https:\\\/\\\/schema.org\",\"@graph\":[{\"@type\":\"Article\",\"@id\":\"https:\\\/\\\/algarve7.pt\\\/index.php\\\/2026\\\/01\\\/single-seater-series-reforca-aposta-no-crescimento-e-apresenta-calendario-para-2026\\\/desporto\\\/09\\\/15\\\/#article\",\"isPartOf\":{\"@id\":\"https:\\\/\\\/algarve7.pt\\\/index.php\\\/2026\\\/01\\\/single-seater-series-reforca-aposta-no-crescimento-e-apresenta-calendario-para-2026\\\/desporto\\\/09\\\/15\\\/\"},\"author\":{\"name\":\"Algarve 7\",\"@id\":\"https:\\\/\\\/algarve7.pt\\\/#\\\/schema\\\/person\\\/23fa70681308e7b319a3204bcea45e0c\"},\"headline\":\"Single Seater Series\u00a0refor\u00e7a aposta no crescimento e apresenta calend\u00e1rio para 2026\",\"datePublished\":\"2026-01-01T09:15:00+00:00\",\"mainEntityOfPage\":{\"@id\":\"https:\\\/\\\/algarve7.pt\\\/index.php\\\/2026\\\/01\\\/single-seater-series-reforca-aposta-no-crescimento-e-apresenta-calendario-para-2026\\\/desporto\\\/09\\\/15\\\/\"},\"wordCount\":681,\"publisher\":{\"@id\":\"https:\\\/\\\/algarve7.pt\\\/#organization\"},\"image\":{\"@id\":\"https:\\\/\\\/algarve7.pt\\\/index.php\\\/2026\\\/01\\\/single-seater-series-reforca-aposta-no-crescimento-e-apresenta-calendario-para-2026\\\/desporto\\\/09\\\/15\\\/#primaryimage\"},\"thumbnailUrl\":\"https:\\\/\\\/algarve7.pt\\\/wp-content\\\/uploads\\\/2025\\\/12\\\/Captura-de-ecra-2025-12-29-as-12.42.14.png\",\"keywords\":[\"Algarve\",\"Aut\u00f3dromo Internacional do Algarve\",\"Desporto\",\"Portim\u00e3o\",\"Single Seater Series\"],\"articleSection\":[\"Desporto\"],\"inLanguage\":\"pt-PT\"},{\"@type\":\"WebPage\",\"@id\":\"https:\\\/\\\/algarve7.pt\\\/index.php\\\/2026\\\/01\\\/single-seater-series-reforca-aposta-no-crescimento-e-apresenta-calendario-para-2026\\\/desporto\\\/09\\\/15\\\/\",\"url\":\"https:\\\/\\\/algarve7.pt\\\/index.php\\\/2026\\\/01\\\/single-seater-series-reforca-aposta-no-crescimento-e-apresenta-calendario-para-2026\\\/desporto\\\/09\\\/15\\\/\",\"name\":\"Single Seater Series\u00a0refor\u00e7a aposta no crescimento e apresenta calend\u00e1rio para 2026 - Algarve 7\",\"isPartOf\":{\"@id\":\"https:\\\/\\\/algarve7.pt\\\/#website\"},\"primaryImageOfPage\":{\"@id\":\"https:\\\/\\\/algarve7.pt\\\/index.php\\\/2026\\\/01\\\/single-seater-series-reforca-aposta-no-crescimento-e-apresenta-calendario-para-2026\\\/desporto\\\/09\\\/15\\\/#primaryimage\"},\"image\":{\"@id\":\"https:\\\/\\\/algarve7.pt\\\/index.php\\\/2026\\\/01\\\/single-seater-series-reforca-aposta-no-crescimento-e-apresenta-calendario-para-2026\\\/desporto\\\/09\\\/15\\\/#primaryimage\"},\"thumbnailUrl\":\"https:\\\/\\\/algarve7.pt\\\/wp-content\\\/uploads\\\/2025\\\/12\\\/Captura-de-ecra-2025-12-29-as-12.42.14.png\",\"datePublished\":\"2026-01-01T09:15:00+00:00\",\"description\":\"Single Seater Series\u00a0refor\u00e7a aposta no crescimento e apresenta calend\u00e1rio para 2026 Desporto\",\"breadcrumb\":{\"@id\":\"https:\\\/\\\/algarve7.pt\\\/index.php\\\/2026\\\/01\\\/single-seater-series-reforca-aposta-no-crescimento-e-apresenta-calendario-para-2026\\\/desporto\\\/09\\\/15\\\/#breadcrumb\"},\"inLanguage\":\"pt-PT\",\"potentialAction\":[{\"@type\":\"ReadAction\",\"target\":[\"https:\\\/\\\/algarve7.pt\\\/index.php\\\/2026\\\/01\\\/single-seater-series-reforca-aposta-no-crescimento-e-apresenta-calendario-para-2026\\\/desporto\\\/09\\\/15\\\/\"]}]},{\"@type\":\"ImageObject\",\"inLanguage\":\"pt-PT\",\"@id\":\"https:\\\/\\\/algarve7.pt\\\/index.php\\\/2026\\\/01\\\/single-seater-series-reforca-aposta-no-crescimento-e-apresenta-calendario-para-2026\\\/desporto\\\/09\\\/15\\\/#primaryimage\",\"url\":\"https:\\\/\\\/algarve7.pt\\\/wp-content\\\/uploads\\\/2025\\\/12\\\/Captura-de-ecra-2025-12-29-as-12.42.14.png\",\"contentUrl\":\"https:\\\/\\\/algarve7.pt\\\/wp-content\\\/uploads\\\/2025\\\/12\\\/Captura-de-ecra-2025-12-29-as-12.42.14.png\",\"width\":800,\"height\":500},{\"@type\":\"BreadcrumbList\",\"@id\":\"https:\\\/\\\/algarve7.pt\\\/index.php\\\/2026\\\/01\\\/single-seater-series-reforca-aposta-no-crescimento-e-apresenta-calendario-para-2026\\\/desporto\\\/09\\\/15\\\/#breadcrumb\",\"itemListElement\":[{\"@type\":\"ListItem\",\"position\":1,\"name\":\"In\u00edcio\",\"item\":\"https:\\\/\\\/algarve7.pt\\\/\"},{\"@type\":\"ListItem\",\"position\":2,\"name\":\"Single Seater Series\u00a0refor\u00e7a aposta no crescimento e apresenta calend\u00e1rio para 2026\"}]},{\"@type\":\"WebSite\",\"@id\":\"https:\\\/\\\/algarve7.pt\\\/#website\",\"url\":\"https:\\\/\\\/algarve7.pt\\\/\",\"name\":\"Algarve 7\",\"description\":\"Informa\u00e7\u00e3o sobre o Algarve\",\"publisher\":{\"@id\":\"https:\\\/\\\/algarve7.pt\\\/#organization\"},\"potentialAction\":[{\"@type\":\"SearchAction\",\"target\":{\"@type\":\"EntryPoint\",\"urlTemplate\":\"https:\\\/\\\/algarve7.pt\\\/?s={search_term_string}\"},\"query-input\":{\"@type\":\"PropertyValueSpecification\",\"valueRequired\":true,\"valueName\":\"search_term_string\"}}],\"inLanguage\":\"pt-PT\"},{\"@type\":\"Organization\",\"@id\":\"https:\\\/\\\/algarve7.pt\\\/#organization\",\"name\":\"Algarve 7\",\"url\":\"https:\\\/\\\/algarve7.pt\\\/\",\"logo\":{\"@type\":\"ImageObject\",\"inLanguage\":\"pt-PT\",\"@id\":\"https:\\\/\\\/algarve7.pt\\\/#\\\/schema\\\/logo\\\/image\\\/\",\"url\":\"https:\\\/\\\/algarve7.pt\\\/wp-content\\\/uploads\\\/2020\\\/10\\\/Logo-8.jpg\",\"contentUrl\":\"https:\\\/\\\/algarve7.pt\\\/wp-content\\\/uploads\\\/2020\\\/10\\\/Logo-8.jpg\",\"width\":1680,\"height\":1186,\"caption\":\"Algarve 7\"},\"image\":{\"@id\":\"https:\\\/\\\/algarve7.pt\\\/#\\\/schema\\\/logo\\\/image\\\/\"},\"sameAs\":[\"https:\\\/\\\/www.facebook.com\\\/algarve7\",\"https:\\\/\\\/x.com\\\/Algarvesete\",\"https:\\\/\\\/www.instagram.com\\\/jornalalgarve7\\\/\",\"https:\\\/\\\/www.linkedin.com\\\/company\\\/algarve7\",\"https:\\\/\\\/www.pinterest.pt\\\/geral0939\\\/_created\\\/\"]},{\"@type\":\"Person\",\"@id\":\"https:\\\/\\\/algarve7.pt\\\/#\\\/schema\\\/person\\\/23fa70681308e7b319a3204bcea45e0c\",\"name\":\"Algarve 7\",\"sameAs\":[\"https:\\\/\\\/algarve7.pt\",\"https:\\\/\\\/www.facebook.com\\\/algarve7\"],\"url\":\"https:\\\/\\\/algarve7.pt\\\/index.php\\\/author\\\/geralalgarve7-pt\\\/\"}]}<\/script>\n<!-- \/ Yoast SEO plugin. -->","yoast_head_json":{"title":"Single Seater Series\u00a0refor\u00e7a aposta no crescimento e apresenta calend\u00e1rio para 2026 - Algarve 7","description":"Single Seater Series\u00a0refor\u00e7a aposta no crescimento e apresenta calend\u00e1rio para 2026 Desporto","robots":{"index":"index","follow":"follow","max-snippet":"max-snippet:-1","max-image-preview":"max-image-preview:large","max-video-preview":"max-video-preview:-1"},"canonical":"https:\/\/algarve7.pt\/index.php\/2026\/01\/single-seater-series-reforca-aposta-no-crescimento-e-apresenta-calendario-para-2026\/desporto\/09\/15\/","og_locale":"pt_PT","og_type":"article","og_title":"Single Seater Series\u00a0refor\u00e7a aposta no crescimento e apresenta calend\u00e1rio para 2026 - Algarve 7","og_description":"Single Seater Series\u00a0refor\u00e7a aposta no crescimento e apresenta calend\u00e1rio para 2026 Desporto","og_url":"https:\/\/algarve7.pt\/index.php\/2026\/01\/single-seater-series-reforca-aposta-no-crescimento-e-apresenta-calendario-para-2026\/desporto\/09\/15\/","og_site_name":"Algarve 7","article_publisher":"https:\/\/www.facebook.com\/algarve7","article_author":"https:\/\/www.facebook.com\/algarve7","article_published_time":"2026-01-01T09:15:00+00:00","og_image":[{"width":800,"height":500,"url":"https:\/\/algarve7.pt\/wp-content\/uploads\/2025\/12\/Captura-de-ecra-2025-12-29-as-12.42.14.png","type":"image\/png"}],"author":"Algarve 7","twitter_card":"summary_large_image","twitter_creator":"@Algarvesete","twitter_site":"@Algarvesete","twitter_misc":{"Escrito por":"Algarve 7","Tempo estimado de leitura":"4 minutos"},"schema":{"@context":"https:\/\/schema.org","@graph":[{"@type":"Article","@id":"https:\/\/algarve7.pt\/index.php\/2026\/01\/single-seater-series-reforca-aposta-no-crescimento-e-apresenta-calendario-para-2026\/desporto\/09\/15\/#article","isPartOf":{"@id":"https:\/\/algarve7.pt\/index.php\/2026\/01\/single-seater-series-reforca-aposta-no-crescimento-e-apresenta-calendario-para-2026\/desporto\/09\/15\/"},"author":{"name":"Algarve 7","@id":"https:\/\/algarve7.pt\/#\/schema\/person\/23fa70681308e7b319a3204bcea45e0c"},"headline":"Single Seater Series\u00a0refor\u00e7a aposta no crescimento e apresenta calend\u00e1rio para 2026","datePublished":"2026-01-01T09:15:00+00:00","mainEntityOfPage":{"@id":"https:\/\/algarve7.pt\/index.php\/2026\/01\/single-seater-series-reforca-aposta-no-crescimento-e-apresenta-calendario-para-2026\/desporto\/09\/15\/"},"wordCount":681,"publisher":{"@id":"https:\/\/algarve7.pt\/#organization"},"image":{"@id":"https:\/\/algarve7.pt\/index.php\/2026\/01\/single-seater-series-reforca-aposta-no-crescimento-e-apresenta-calendario-para-2026\/desporto\/09\/15\/#primaryimage"},"thumbnailUrl":"https:\/\/algarve7.pt\/wp-content\/uploads\/2025\/12\/Captura-de-ecra-2025-12-29-as-12.42.14.png","keywords":["Algarve","Aut\u00f3dromo Internacional do Algarve","Desporto","Portim\u00e3o","Single Seater Series"],"articleSection":["Desporto"],"inLanguage":"pt-PT"},{"@type":"WebPage","@id":"https:\/\/algarve7.pt\/index.php\/2026\/01\/single-seater-series-reforca-aposta-no-crescimento-e-apresenta-calendario-para-2026\/desporto\/09\/15\/","url":"https:\/\/algarve7.pt\/index.php\/2026\/01\/single-seater-series-reforca-aposta-no-crescimento-e-apresenta-calendario-para-2026\/desporto\/09\/15\/","name":"Single Seater Series\u00a0refor\u00e7a aposta no crescimento e apresenta calend\u00e1rio para 2026 - Algarve 7","isPartOf":{"@id":"https:\/\/algarve7.pt\/#website"},"primaryImageOfPage":{"@id":"https:\/\/algarve7.pt\/index.php\/2026\/01\/single-seater-series-reforca-aposta-no-crescimento-e-apresenta-calendario-para-2026\/desporto\/09\/15\/#primaryimage"},"image":{"@id":"https:\/\/algarve7.pt\/index.php\/2026\/01\/single-seater-series-reforca-aposta-no-crescimento-e-apresenta-calendario-para-2026\/desporto\/09\/15\/#primaryimage"},"thumbnailUrl":"https:\/\/algarve7.pt\/wp-content\/uploads\/2025\/12\/Captura-de-ecra-2025-12-29-as-12.42.14.png","datePublished":"2026-01-01T09:15:00+00:00","description":"Single Seater Series\u00a0refor\u00e7a aposta no crescimento e apresenta calend\u00e1rio para 2026 Desporto","breadcrumb":{"@id":"https:\/\/algarve7.pt\/index.php\/2026\/01\/single-seater-series-reforca-aposta-no-crescimento-e-apresenta-calendario-para-2026\/desporto\/09\/15\/#breadcrumb"},"inLanguage":"pt-PT","potentialAction":[{"@type":"ReadAction","target":["https:\/\/algarve7.pt\/index.php\/2026\/01\/single-seater-series-reforca-aposta-no-crescimento-e-apresenta-calendario-para-2026\/desporto\/09\/15\/"]}]},{"@type":"ImageObject","inLanguage":"pt-PT","@id":"https:\/\/algarve7.pt\/index.php\/2026\/01\/single-seater-series-reforca-aposta-no-crescimento-e-apresenta-calendario-para-2026\/desporto\/09\/15\/#primaryimage","url":"https:\/\/algarve7.pt\/wp-content\/uploads\/2025\/12\/Captura-de-ecra-2025-12-29-as-12.42.14.png","contentUrl":"https:\/\/algarve7.pt\/wp-content\/uploads\/2025\/12\/Captura-de-ecra-2025-12-29-as-12.42.14.png","width":800,"height":500},{"@type":"BreadcrumbList","@id":"https:\/\/algarve7.pt\/index.php\/2026\/01\/single-seater-series-reforca-aposta-no-crescimento-e-apresenta-calendario-para-2026\/desporto\/09\/15\/#breadcrumb","itemListElement":[{"@type":"ListItem","position":1,"name":"In\u00edcio","item":"https:\/\/algarve7.pt\/"},{"@type":"ListItem","position":2,"name":"Single Seater Series\u00a0refor\u00e7a aposta no crescimento e apresenta calend\u00e1rio para 2026"}]},{"@type":"WebSite","@id":"https:\/\/algarve7.pt\/#website","url":"https:\/\/algarve7.pt\/","name":"Algarve 7","description":"Informa\u00e7\u00e3o sobre o Algarve","publisher":{"@id":"https:\/\/algarve7.pt\/#organization"},"potentialAction":[{"@type":"SearchAction","target":{"@type":"EntryPoint","urlTemplate":"https:\/\/algarve7.pt\/?s={search_term_string}"},"query-input":{"@type":"PropertyValueSpecification","valueRequired":true,"valueName":"search_term_string"}}],"inLanguage":"pt-PT"},{"@type":"Organization","@id":"https:\/\/algarve7.pt\/#organization","name":"Algarve 7","url":"https:\/\/algarve7.pt\/","logo":{"@type":"ImageObject","inLanguage":"pt-PT","@id":"https:\/\/algarve7.pt\/#\/schema\/logo\/image\/","url":"https:\/\/algarve7.pt\/wp-content\/uploads\/2020\/10\/Logo-8.jpg","contentUrl":"https:\/\/algarve7.pt\/wp-content\/uploads\/2020\/10\/Logo-8.jpg","width":1680,"height":1186,"caption":"Algarve 7"},"image":{"@id":"https:\/\/algarve7.pt\/#\/schema\/logo\/image\/"},"sameAs":["https:\/\/www.facebook.com\/algarve7","https:\/\/x.com\/Algarvesete","https:\/\/www.instagram.com\/jornalalgarve7\/","https:\/\/www.linkedin.com\/company\/algarve7","https:\/\/www.pinterest.pt\/geral0939\/_created\/"]},{"@type":"Person","@id":"https:\/\/algarve7.pt\/#\/schema\/person\/23fa70681308e7b319a3204bcea45e0c","name":"Algarve 7","sameAs":["https:\/\/algarve7.pt","https:\/\/www.facebook.com\/algarve7"],"url":"https:\/\/algarve7.pt\/index.php\/author\/geralalgarve7-pt\/"}]}},"jetpack_publicize_connections":[],"jetpack_featured_media_url":"https:\/\/algarve7.pt\/wp-content\/uploads\/2025\/12\/Captura-de-ecra-2025-12-29-as-12.42.14.png","jetpack_shortlink":"https:\/\/wp.me\/pcezmW-eU0","jetpack_sharing_enabled":true,"_links":{"self":[{"href":"https:\/\/algarve7.pt\/index.php\/wp-json\/wp\/v2\/posts\/57288","targetHints":{"allow":["GET"]}}],"collection":[{"href":"https:\/\/algarve7.pt\/index.php\/wp-json\/wp\/v2\/posts"}],"about":[{"href":"https:\/\/algarve7.pt\/index.php\/wp-json\/wp\/v2\/types\/post"}],"author":[{"embeddable":true,"href":"https:\/\/algarve7.pt\/index.php\/wp-json\/wp\/v2\/users\/1"}],"replies":[{"embeddable":true,"href":"https:\/\/algarve7.pt\/index.php\/wp-json\/wp\/v2\/comments?post=57288"}],"version-history":[{"count":0,"href":"https:\/\/algarve7.pt\/index.php\/wp-json\/wp\/v2\/posts\/57288\/revisions"}],"wp:featuredmedia":[{"embeddable":true,"href":"https:\/\/algarve7.pt\/index.php\/wp-json\/wp\/v2\/media\/57289"}],"wp:attachment":[{"href":"https:\/\/algarve7.pt\/index.php\/wp-json\/wp\/v2\/media?parent=57288"}],"wp:term":[{"taxonomy":"category","embeddable":true,"href":"https:\/\/algarve7.pt\/index.php\/wp-json\/wp\/v2\/categories?post=57288"},{"taxonomy":"post_tag","embeddable":true,"href":"https:\/\/algarve7.pt\/index.php\/wp-json\/wp\/v2\/tags?post=57288"}],"curies":[{"name":"wp","href":"https:\/\/api.w.org\/{rel}","templated":true}]}}