{"id":57269,"date":"2025-12-28T10:17:46","date_gmt":"2025-12-28T10:17:46","guid":{"rendered":"https:\/\/algarve7.pt\/?p=57269"},"modified":"2025-12-28T10:17:52","modified_gmt":"2025-12-28T10:17:52","slug":"balanco-do-natal-2025-menos-3-vitimas-mortais-e-menos-12-feridos-graves-nas-estradas-portuguesas","status":"publish","type":"post","link":"https:\/\/algarve7.pt\/index.php\/2025\/12\/balanco-do-natal-2025-menos-3-vitimas-mortais-e-menos-12-feridos-graves-nas-estradas-portuguesas\/atualidade\/10\/17\/","title":{"rendered":"Balan\u00e7o do Natal 2025: menos 3 v\u00edtimas mortais e menos 12 feridos graves nas estradas portuguesas"},"content":{"rendered":"\n<p>Entre os dias\u00a0<strong>18 e 26 de dezembro de 2025<\/strong>, per\u00edodo correspondente ao da campanha de Natal\u00a0registaram-se\u00a0<strong>3426 acidentes\u00a0<\/strong>(menos 193 do que em igual per\u00edodo de 2024), dos quais resultaram\u00a0<strong>12 v\u00edtimas mortais<\/strong>\u00a0(menos 3),\u00a0<strong>68 feridos graves<\/strong>\u00a0(menos 12) e\u00a0<strong>929 feridos leves<\/strong>\u00a0(menos 232).<\/p>\n\n\n\n<p>Face ao mesmo per\u00edodo do ano anterior (18 a 26 de dezembro de 2024), a sinistralidade traduziu-se numa varia\u00e7\u00e3o de<strong>&nbsp;-20,0% nas v\u00edtimas mortais<\/strong>,&nbsp;<strong>-15,0% nos feridos graves<\/strong>&nbsp;e&nbsp;<strong>-20,0% nos feridos leves<\/strong>, com&nbsp;<strong>redu\u00e7\u00e3o de cerca de 5,0%&nbsp;<\/strong>no n\u00famero total de acidentes<strong>.<\/strong><\/p>\n\n\n\n<p>As v\u00edtimas mortais registaram-se em acidentes nos distritos de Aveiro (2), Beja (1), Braga (1), Leiria (2), Lisboa (2), Porto (2) e Santar\u00e9m (2). Nos restantes distritos, bem como nas Regi\u00f5es Aut\u00f3nomas da Madeira e dos A\u00e7ores, n\u00e3o se registaram v\u00edtimas mortais, cumprindo-se o objetivo de zero mortos.<\/p>\n\n\n\n<p>Cerca de 40% das v\u00edtimas mortais registaram-se na Rede Municipal (5 v\u00edtimas mortais): 3 em arruamentos e 2 em Estradas Municipais. Por outro lado, aproximadamente 60% das v\u00edtimas mortais decorreram de acidentes na Rede Rodovi\u00e1ria Nacional (7 v\u00edtimas mortais): 5 em Estradas Nacionais e 2 em Itiner\u00e1rio Complementar.<\/p>\n\n\n\n<p>Nos acidentes com v\u00edtimas mortais predominaram os despistes, que originaram 6 v\u00edtimas mortais (50% do total), e envolveram 5 ve\u00edculos ligeiros e 1 motociclo. Houve ainda 4 colis\u00f5es, que originaram 4 v\u00edtimas mortais e envolveram 6 ve\u00edculos ligeiros, 2 motociclos e 1 ve\u00edculo pesado, bem como 2 atropelamentos, que envolveram 1 ve\u00edculo ligeiro e 1 ve\u00edculo pesado e que originaram 2 v\u00edtimas mortais.<\/p>\n\n\n\n<p>As 12 v\u00edtimas mortais tinham idades compreendidas entre 18 e 88 anos, sendo 10 do sexo masculino e 2 do sexo feminino.<\/p>\n\n\n\n<ul class=\"wp-block-list\">\n<li><u>Fiscaliza\u00e7\u00e3o Rodovi\u00e1ria<\/u><\/li>\n<\/ul>\n\n\n\n<p><strong>702.849 ve\u00edculos fiscalizados\/controlados:<\/strong><\/p>\n\n\n\n<p>No \u00e2mbito desta Campanha as For\u00e7as de Seguran\u00e7a (GNR e PSP) fiscalizaram presencialmente 78.666 ve\u00edculos e condutores (menos 23.653 do que em igual per\u00edodo de 2024).<\/p>\n\n\n\n<p>Relativamente \u00e0 velocidade, foram controlados 624.363 ve\u00edculos pelas For\u00e7as de Seguran\u00e7a (GNR e PSP).<\/p>\n\n\n\n<p>Do total dos ve\u00edculos fiscalizados\/controlados, foram registadas 13.235 infra\u00e7\u00f5es, distribu\u00eddas conforme quadro abaixo, resultando numa taxa de infra\u00e7\u00e3o (n.\u00ba total de infra\u00e7\u00f5es\/n.\u00ba total de condutores\/ve\u00edculos fiscalizados) de 1,9 %.<\/p>\n\n\n\n<figure class=\"wp-block-table\"><table class=\"has-fixed-layout\"><tbody><tr><td>&nbsp;<\/td><td><strong>N\u00ba de ve\u00edculos controlados automaticamente por radar<\/strong><\/td><td><strong>N.\u00ba de condutores\/ve\u00edculos fiscalizados presencialmente<\/strong><\/td><td><strong>N\u00ba total de condutores\/ ve\u00edculos fiscalizados\/controlados<\/strong><\/td><td><strong>N\u00ba total de infra\u00e7\u00f5es<\/strong><\/td><\/tr><tr><td><strong>GNR<\/strong><\/td><td>586 413<\/td><td>67 458<\/td><td>653 871<\/td><td>10 164<\/td><\/tr><tr><td><strong>PSP<\/strong><\/td><td>37 950<\/td><td>11 208<\/td><td>48 978<\/td><td>3 071<\/td><\/tr><tr><td><strong>Totais<\/strong><\/td><td><strong>624 363<\/strong><strong><\/strong><\/td><td><strong>78 666<\/strong><strong><\/strong><\/td><td><strong>702 849<\/strong><strong><\/strong><\/td><td><strong>13 235<\/strong><strong><\/strong><\/td><\/tr><\/tbody><\/table><\/figure>\n\n\n\n<p>Relativamente \u00e0s infra\u00e7\u00f5es, verificou-se que as principais se referem a velocidade (1.891), \u00e0 falta de inspe\u00e7\u00e3o peri\u00f3dica obrigat\u00f3ria (1.641) e ao \u00e1lcool (772 infra\u00e7\u00f5es), conforme quadros infra.<\/p>\n\n\n\n<figure class=\"wp-block-table\"><table class=\"has-fixed-layout\"><tbody><tr><td><strong>Crime<\/strong><\/td><td><strong>N.\u00ba<\/strong><\/td><\/tr><tr><td>\u00c1lcool (TAS igual ou superior a 1,2 g\/l)<\/td><td>472<\/td><\/tr><tr><td>Sem habilita\u00e7\u00e3o legal para conduzir<\/td><td>196<\/td><\/tr><tr><td>Outros crimes rodovi\u00e1rios<\/td><td>55<\/td><\/tr><tr><td><strong>Total<\/strong><\/td><td>723<\/td><\/tr><\/tbody><\/table><\/figure>\n\n\n\n<figure class=\"wp-block-table\"><table class=\"has-fixed-layout\"><tbody><tr><td><strong>Contraordena\u00e7\u00f5es<\/strong><\/td><td><strong>N.\u00ba<\/strong><\/td><\/tr><tr><td>Velocidade<\/td><td>1891<\/td><\/tr><tr><td>\u00c1lcool<\/td><td>300<\/td><\/tr><tr><td>Habilita\u00e7\u00e3o legal para conduzir<\/td><td>37<\/td><\/tr><tr><td>Seguro<\/td><td>556<\/td><\/tr><tr><td>Inspe\u00e7\u00e3o peri\u00f3dica obrigat\u00f3ria<\/td><td>1641<\/td><\/tr><tr><td>Telem\u00f3vel<\/td><td>320<\/td><\/tr><tr><td>Cinto de Seguran\u00e7a e sistema de reten\u00e7\u00e3o para crian\u00e7as<\/td><td>275<\/td><\/tr><tr><td>Outras<\/td><td>8215<\/td><\/tr><tr><td><strong>Total<\/strong><\/td><td>13235<\/td><\/tr><\/tbody><\/table><\/figure>\n","protected":false},"excerpt":{"rendered":"<p>Entre os dias\u00a018 e 26 de dezembro de 2025, per\u00edodo correspondente ao da campanha de Natal\u00a0registaram-se\u00a03426 acidentes\u00a0(menos 193 do que<\/p>\n","protected":false},"author":1,"featured_media":4189,"comment_status":"closed","ping_status":"closed","sticky":false,"template":"","format":"standard","meta":{"colormag_page_container_layout":"default_layout","colormag_page_sidebar_layout":"default_layout","_monsterinsights_skip_tracking":false,"_monsterinsights_sitenote_active":false,"_monsterinsights_sitenote_note":"","_monsterinsights_sitenote_category":0,"jetpack_post_was_ever_published":false,"_jetpack_newsletter_access":"","_jetpack_dont_email_post_to_subs":false,"_jetpack_newsletter_tier_id":0,"_jetpack_memberships_contains_paywalled_content":false,"_jetpack_memberships_contains_paid_content":false,"footnotes":"","jetpack_publicize_message":"","jetpack_publicize_feature_enabled":true,"jetpack_social_post_already_shared":true,"jetpack_social_options":{"image_generator_settings":{"template":"highway","default_image_id":0,"font":"","enabled":false},"version":2}},"categories":[11,189],"tags":[261,62,140,98],"class_list":["post-57269","post","type-post","status-publish","format-standard","has-post-thumbnail","hentry","category-atualidade","category-nacional","tag-ansr","tag-atualidade","tag-gnr","tag-nacional"],"yoast_head":"<!-- This site is optimized with the Yoast SEO plugin v27.5 - https:\/\/yoast.com\/product\/yoast-seo-wordpress\/ -->\n<title>Balan\u00e7o do Natal 2025: menos 3 v\u00edtimas mortais e menos 12 feridos graves nas estradas portuguesas - Algarve 7<\/title>\n<meta name=\"description\" content=\"Balan\u00e7o do Natal 2025: menos 3 v\u00edtimas mortais e menos 12 feridos graves nas estradas portuguesas Atualidade\" \/>\n<meta name=\"robots\" content=\"index, follow, max-snippet:-1, max-image-preview:large, max-video-preview:-1\" \/>\n<link rel=\"canonical\" href=\"https:\/\/algarve7.pt\/index.php\/2025\/12\/balanco-do-natal-2025-menos-3-vitimas-mortais-e-menos-12-feridos-graves-nas-estradas-portuguesas\/atualidade\/10\/17\/\" \/>\n<meta property=\"og:locale\" content=\"pt_PT\" \/>\n<meta property=\"og:type\" content=\"article\" \/>\n<meta property=\"og:title\" content=\"Balan\u00e7o do Natal 2025: menos 3 v\u00edtimas mortais e menos 12 feridos graves nas estradas portuguesas - Algarve 7\" \/>\n<meta property=\"og:description\" content=\"Balan\u00e7o do Natal 2025: menos 3 v\u00edtimas mortais e menos 12 feridos graves nas estradas portuguesas Atualidade\" \/>\n<meta property=\"og:url\" content=\"https:\/\/algarve7.pt\/index.php\/2025\/12\/balanco-do-natal-2025-menos-3-vitimas-mortais-e-menos-12-feridos-graves-nas-estradas-portuguesas\/atualidade\/10\/17\/\" \/>\n<meta property=\"og:site_name\" content=\"Algarve 7\" \/>\n<meta property=\"article:publisher\" content=\"https:\/\/www.facebook.com\/algarve7\" \/>\n<meta property=\"article:author\" content=\"https:\/\/www.facebook.com\/algarve7\" \/>\n<meta property=\"article:published_time\" content=\"2025-12-28T10:17:46+00:00\" \/>\n<meta property=\"article:modified_time\" content=\"2025-12-28T10:17:52+00:00\" \/>\n<meta property=\"og:image\" content=\"https:\/\/algarve7.pt\/wp-content\/uploads\/2020\/11\/ANSR.jpg\" \/>\n\t<meta property=\"og:image:width\" content=\"1920\" \/>\n\t<meta property=\"og:image:height\" content=\"996\" \/>\n\t<meta property=\"og:image:type\" content=\"image\/jpeg\" \/>\n<meta name=\"author\" content=\"Algarve 7\" \/>\n<meta name=\"twitter:card\" content=\"summary_large_image\" \/>\n<meta name=\"twitter:creator\" content=\"@Algarvesete\" \/>\n<meta name=\"twitter:site\" content=\"@Algarvesete\" \/>\n<meta name=\"twitter:label1\" content=\"Escrito por\" \/>\n\t<meta name=\"twitter:data1\" content=\"Algarve 7\" \/>\n\t<meta name=\"twitter:label2\" content=\"Tempo estimado de leitura\" \/>\n\t<meta name=\"twitter:data2\" content=\"3 minutos\" \/>\n<script type=\"application\/ld+json\" class=\"yoast-schema-graph\">{\"@context\":\"https:\\\/\\\/schema.org\",\"@graph\":[{\"@type\":\"Article\",\"@id\":\"https:\\\/\\\/algarve7.pt\\\/index.php\\\/2025\\\/12\\\/balanco-do-natal-2025-menos-3-vitimas-mortais-e-menos-12-feridos-graves-nas-estradas-portuguesas\\\/atualidade\\\/10\\\/17\\\/#article\",\"isPartOf\":{\"@id\":\"https:\\\/\\\/algarve7.pt\\\/index.php\\\/2025\\\/12\\\/balanco-do-natal-2025-menos-3-vitimas-mortais-e-menos-12-feridos-graves-nas-estradas-portuguesas\\\/atualidade\\\/10\\\/17\\\/\"},\"author\":{\"name\":\"Algarve 7\",\"@id\":\"https:\\\/\\\/algarve7.pt\\\/#\\\/schema\\\/person\\\/23fa70681308e7b319a3204bcea45e0c\"},\"headline\":\"Balan\u00e7o do Natal 2025: menos 3 v\u00edtimas mortais e menos 12 feridos graves nas estradas portuguesas\",\"datePublished\":\"2025-12-28T10:17:46+00:00\",\"dateModified\":\"2025-12-28T10:17:52+00:00\",\"mainEntityOfPage\":{\"@id\":\"https:\\\/\\\/algarve7.pt\\\/index.php\\\/2025\\\/12\\\/balanco-do-natal-2025-menos-3-vitimas-mortais-e-menos-12-feridos-graves-nas-estradas-portuguesas\\\/atualidade\\\/10\\\/17\\\/\"},\"wordCount\":476,\"publisher\":{\"@id\":\"https:\\\/\\\/algarve7.pt\\\/#organization\"},\"image\":{\"@id\":\"https:\\\/\\\/algarve7.pt\\\/index.php\\\/2025\\\/12\\\/balanco-do-natal-2025-menos-3-vitimas-mortais-e-menos-12-feridos-graves-nas-estradas-portuguesas\\\/atualidade\\\/10\\\/17\\\/#primaryimage\"},\"thumbnailUrl\":\"https:\\\/\\\/algarve7.pt\\\/wp-content\\\/uploads\\\/2020\\\/11\\\/ANSR.jpg\",\"keywords\":[\"ANSR\",\"Atualidade\",\"GNR\",\"Nacional\"],\"articleSection\":[\"Atualidade\",\"Nacional\"],\"inLanguage\":\"pt-PT\"},{\"@type\":\"WebPage\",\"@id\":\"https:\\\/\\\/algarve7.pt\\\/index.php\\\/2025\\\/12\\\/balanco-do-natal-2025-menos-3-vitimas-mortais-e-menos-12-feridos-graves-nas-estradas-portuguesas\\\/atualidade\\\/10\\\/17\\\/\",\"url\":\"https:\\\/\\\/algarve7.pt\\\/index.php\\\/2025\\\/12\\\/balanco-do-natal-2025-menos-3-vitimas-mortais-e-menos-12-feridos-graves-nas-estradas-portuguesas\\\/atualidade\\\/10\\\/17\\\/\",\"name\":\"Balan\u00e7o do Natal 2025: menos 3 v\u00edtimas mortais e menos 12 feridos graves nas estradas portuguesas - Algarve 7\",\"isPartOf\":{\"@id\":\"https:\\\/\\\/algarve7.pt\\\/#website\"},\"primaryImageOfPage\":{\"@id\":\"https:\\\/\\\/algarve7.pt\\\/index.php\\\/2025\\\/12\\\/balanco-do-natal-2025-menos-3-vitimas-mortais-e-menos-12-feridos-graves-nas-estradas-portuguesas\\\/atualidade\\\/10\\\/17\\\/#primaryimage\"},\"image\":{\"@id\":\"https:\\\/\\\/algarve7.pt\\\/index.php\\\/2025\\\/12\\\/balanco-do-natal-2025-menos-3-vitimas-mortais-e-menos-12-feridos-graves-nas-estradas-portuguesas\\\/atualidade\\\/10\\\/17\\\/#primaryimage\"},\"thumbnailUrl\":\"https:\\\/\\\/algarve7.pt\\\/wp-content\\\/uploads\\\/2020\\\/11\\\/ANSR.jpg\",\"datePublished\":\"2025-12-28T10:17:46+00:00\",\"dateModified\":\"2025-12-28T10:17:52+00:00\",\"description\":\"Balan\u00e7o do Natal 2025: menos 3 v\u00edtimas mortais e menos 12 feridos graves nas estradas portuguesas Atualidade\",\"breadcrumb\":{\"@id\":\"https:\\\/\\\/algarve7.pt\\\/index.php\\\/2025\\\/12\\\/balanco-do-natal-2025-menos-3-vitimas-mortais-e-menos-12-feridos-graves-nas-estradas-portuguesas\\\/atualidade\\\/10\\\/17\\\/#breadcrumb\"},\"inLanguage\":\"pt-PT\",\"potentialAction\":[{\"@type\":\"ReadAction\",\"target\":[\"https:\\\/\\\/algarve7.pt\\\/index.php\\\/2025\\\/12\\\/balanco-do-natal-2025-menos-3-vitimas-mortais-e-menos-12-feridos-graves-nas-estradas-portuguesas\\\/atualidade\\\/10\\\/17\\\/\"]}]},{\"@type\":\"ImageObject\",\"inLanguage\":\"pt-PT\",\"@id\":\"https:\\\/\\\/algarve7.pt\\\/index.php\\\/2025\\\/12\\\/balanco-do-natal-2025-menos-3-vitimas-mortais-e-menos-12-feridos-graves-nas-estradas-portuguesas\\\/atualidade\\\/10\\\/17\\\/#primaryimage\",\"url\":\"https:\\\/\\\/algarve7.pt\\\/wp-content\\\/uploads\\\/2020\\\/11\\\/ANSR.jpg\",\"contentUrl\":\"https:\\\/\\\/algarve7.pt\\\/wp-content\\\/uploads\\\/2020\\\/11\\\/ANSR.jpg\",\"width\":1920,\"height\":996},{\"@type\":\"BreadcrumbList\",\"@id\":\"https:\\\/\\\/algarve7.pt\\\/index.php\\\/2025\\\/12\\\/balanco-do-natal-2025-menos-3-vitimas-mortais-e-menos-12-feridos-graves-nas-estradas-portuguesas\\\/atualidade\\\/10\\\/17\\\/#breadcrumb\",\"itemListElement\":[{\"@type\":\"ListItem\",\"position\":1,\"name\":\"In\u00edcio\",\"item\":\"https:\\\/\\\/algarve7.pt\\\/\"},{\"@type\":\"ListItem\",\"position\":2,\"name\":\"Balan\u00e7o do Natal 2025: menos 3 v\u00edtimas mortais e menos 12 feridos graves nas estradas portuguesas\"}]},{\"@type\":\"WebSite\",\"@id\":\"https:\\\/\\\/algarve7.pt\\\/#website\",\"url\":\"https:\\\/\\\/algarve7.pt\\\/\",\"name\":\"Algarve 7\",\"description\":\"Informa\u00e7\u00e3o sobre o Algarve\",\"publisher\":{\"@id\":\"https:\\\/\\\/algarve7.pt\\\/#organization\"},\"potentialAction\":[{\"@type\":\"SearchAction\",\"target\":{\"@type\":\"EntryPoint\",\"urlTemplate\":\"https:\\\/\\\/algarve7.pt\\\/?s={search_term_string}\"},\"query-input\":{\"@type\":\"PropertyValueSpecification\",\"valueRequired\":true,\"valueName\":\"search_term_string\"}}],\"inLanguage\":\"pt-PT\"},{\"@type\":\"Organization\",\"@id\":\"https:\\\/\\\/algarve7.pt\\\/#organization\",\"name\":\"Algarve 7\",\"url\":\"https:\\\/\\\/algarve7.pt\\\/\",\"logo\":{\"@type\":\"ImageObject\",\"inLanguage\":\"pt-PT\",\"@id\":\"https:\\\/\\\/algarve7.pt\\\/#\\\/schema\\\/logo\\\/image\\\/\",\"url\":\"https:\\\/\\\/algarve7.pt\\\/wp-content\\\/uploads\\\/2020\\\/10\\\/Logo-8.jpg\",\"contentUrl\":\"https:\\\/\\\/algarve7.pt\\\/wp-content\\\/uploads\\\/2020\\\/10\\\/Logo-8.jpg\",\"width\":1680,\"height\":1186,\"caption\":\"Algarve 7\"},\"image\":{\"@id\":\"https:\\\/\\\/algarve7.pt\\\/#\\\/schema\\\/logo\\\/image\\\/\"},\"sameAs\":[\"https:\\\/\\\/www.facebook.com\\\/algarve7\",\"https:\\\/\\\/x.com\\\/Algarvesete\",\"https:\\\/\\\/www.instagram.com\\\/jornalalgarve7\\\/\",\"https:\\\/\\\/www.linkedin.com\\\/company\\\/algarve7\",\"https:\\\/\\\/www.pinterest.pt\\\/geral0939\\\/_created\\\/\"]},{\"@type\":\"Person\",\"@id\":\"https:\\\/\\\/algarve7.pt\\\/#\\\/schema\\\/person\\\/23fa70681308e7b319a3204bcea45e0c\",\"name\":\"Algarve 7\",\"sameAs\":[\"https:\\\/\\\/algarve7.pt\",\"https:\\\/\\\/www.facebook.com\\\/algarve7\"],\"url\":\"https:\\\/\\\/algarve7.pt\\\/index.php\\\/author\\\/geralalgarve7-pt\\\/\"}]}<\/script>\n<!-- \/ Yoast SEO plugin. -->","yoast_head_json":{"title":"Balan\u00e7o do Natal 2025: menos 3 v\u00edtimas mortais e menos 12 feridos graves nas estradas portuguesas - Algarve 7","description":"Balan\u00e7o do Natal 2025: menos 3 v\u00edtimas mortais e menos 12 feridos graves nas estradas portuguesas Atualidade","robots":{"index":"index","follow":"follow","max-snippet":"max-snippet:-1","max-image-preview":"max-image-preview:large","max-video-preview":"max-video-preview:-1"},"canonical":"https:\/\/algarve7.pt\/index.php\/2025\/12\/balanco-do-natal-2025-menos-3-vitimas-mortais-e-menos-12-feridos-graves-nas-estradas-portuguesas\/atualidade\/10\/17\/","og_locale":"pt_PT","og_type":"article","og_title":"Balan\u00e7o do Natal 2025: menos 3 v\u00edtimas mortais e menos 12 feridos graves nas estradas portuguesas - Algarve 7","og_description":"Balan\u00e7o do Natal 2025: menos 3 v\u00edtimas mortais e menos 12 feridos graves nas estradas portuguesas Atualidade","og_url":"https:\/\/algarve7.pt\/index.php\/2025\/12\/balanco-do-natal-2025-menos-3-vitimas-mortais-e-menos-12-feridos-graves-nas-estradas-portuguesas\/atualidade\/10\/17\/","og_site_name":"Algarve 7","article_publisher":"https:\/\/www.facebook.com\/algarve7","article_author":"https:\/\/www.facebook.com\/algarve7","article_published_time":"2025-12-28T10:17:46+00:00","article_modified_time":"2025-12-28T10:17:52+00:00","og_image":[{"width":1920,"height":996,"url":"https:\/\/algarve7.pt\/wp-content\/uploads\/2020\/11\/ANSR.jpg","type":"image\/jpeg"}],"author":"Algarve 7","twitter_card":"summary_large_image","twitter_creator":"@Algarvesete","twitter_site":"@Algarvesete","twitter_misc":{"Escrito por":"Algarve 7","Tempo estimado de leitura":"3 minutos"},"schema":{"@context":"https:\/\/schema.org","@graph":[{"@type":"Article","@id":"https:\/\/algarve7.pt\/index.php\/2025\/12\/balanco-do-natal-2025-menos-3-vitimas-mortais-e-menos-12-feridos-graves-nas-estradas-portuguesas\/atualidade\/10\/17\/#article","isPartOf":{"@id":"https:\/\/algarve7.pt\/index.php\/2025\/12\/balanco-do-natal-2025-menos-3-vitimas-mortais-e-menos-12-feridos-graves-nas-estradas-portuguesas\/atualidade\/10\/17\/"},"author":{"name":"Algarve 7","@id":"https:\/\/algarve7.pt\/#\/schema\/person\/23fa70681308e7b319a3204bcea45e0c"},"headline":"Balan\u00e7o do Natal 2025: menos 3 v\u00edtimas mortais e menos 12 feridos graves nas estradas portuguesas","datePublished":"2025-12-28T10:17:46+00:00","dateModified":"2025-12-28T10:17:52+00:00","mainEntityOfPage":{"@id":"https:\/\/algarve7.pt\/index.php\/2025\/12\/balanco-do-natal-2025-menos-3-vitimas-mortais-e-menos-12-feridos-graves-nas-estradas-portuguesas\/atualidade\/10\/17\/"},"wordCount":476,"publisher":{"@id":"https:\/\/algarve7.pt\/#organization"},"image":{"@id":"https:\/\/algarve7.pt\/index.php\/2025\/12\/balanco-do-natal-2025-menos-3-vitimas-mortais-e-menos-12-feridos-graves-nas-estradas-portuguesas\/atualidade\/10\/17\/#primaryimage"},"thumbnailUrl":"https:\/\/algarve7.pt\/wp-content\/uploads\/2020\/11\/ANSR.jpg","keywords":["ANSR","Atualidade","GNR","Nacional"],"articleSection":["Atualidade","Nacional"],"inLanguage":"pt-PT"},{"@type":"WebPage","@id":"https:\/\/algarve7.pt\/index.php\/2025\/12\/balanco-do-natal-2025-menos-3-vitimas-mortais-e-menos-12-feridos-graves-nas-estradas-portuguesas\/atualidade\/10\/17\/","url":"https:\/\/algarve7.pt\/index.php\/2025\/12\/balanco-do-natal-2025-menos-3-vitimas-mortais-e-menos-12-feridos-graves-nas-estradas-portuguesas\/atualidade\/10\/17\/","name":"Balan\u00e7o do Natal 2025: menos 3 v\u00edtimas mortais e menos 12 feridos graves nas estradas portuguesas - Algarve 7","isPartOf":{"@id":"https:\/\/algarve7.pt\/#website"},"primaryImageOfPage":{"@id":"https:\/\/algarve7.pt\/index.php\/2025\/12\/balanco-do-natal-2025-menos-3-vitimas-mortais-e-menos-12-feridos-graves-nas-estradas-portuguesas\/atualidade\/10\/17\/#primaryimage"},"image":{"@id":"https:\/\/algarve7.pt\/index.php\/2025\/12\/balanco-do-natal-2025-menos-3-vitimas-mortais-e-menos-12-feridos-graves-nas-estradas-portuguesas\/atualidade\/10\/17\/#primaryimage"},"thumbnailUrl":"https:\/\/algarve7.pt\/wp-content\/uploads\/2020\/11\/ANSR.jpg","datePublished":"2025-12-28T10:17:46+00:00","dateModified":"2025-12-28T10:17:52+00:00","description":"Balan\u00e7o do Natal 2025: menos 3 v\u00edtimas mortais e menos 12 feridos graves nas estradas portuguesas Atualidade","breadcrumb":{"@id":"https:\/\/algarve7.pt\/index.php\/2025\/12\/balanco-do-natal-2025-menos-3-vitimas-mortais-e-menos-12-feridos-graves-nas-estradas-portuguesas\/atualidade\/10\/17\/#breadcrumb"},"inLanguage":"pt-PT","potentialAction":[{"@type":"ReadAction","target":["https:\/\/algarve7.pt\/index.php\/2025\/12\/balanco-do-natal-2025-menos-3-vitimas-mortais-e-menos-12-feridos-graves-nas-estradas-portuguesas\/atualidade\/10\/17\/"]}]},{"@type":"ImageObject","inLanguage":"pt-PT","@id":"https:\/\/algarve7.pt\/index.php\/2025\/12\/balanco-do-natal-2025-menos-3-vitimas-mortais-e-menos-12-feridos-graves-nas-estradas-portuguesas\/atualidade\/10\/17\/#primaryimage","url":"https:\/\/algarve7.pt\/wp-content\/uploads\/2020\/11\/ANSR.jpg","contentUrl":"https:\/\/algarve7.pt\/wp-content\/uploads\/2020\/11\/ANSR.jpg","width":1920,"height":996},{"@type":"BreadcrumbList","@id":"https:\/\/algarve7.pt\/index.php\/2025\/12\/balanco-do-natal-2025-menos-3-vitimas-mortais-e-menos-12-feridos-graves-nas-estradas-portuguesas\/atualidade\/10\/17\/#breadcrumb","itemListElement":[{"@type":"ListItem","position":1,"name":"In\u00edcio","item":"https:\/\/algarve7.pt\/"},{"@type":"ListItem","position":2,"name":"Balan\u00e7o do Natal 2025: menos 3 v\u00edtimas mortais e menos 12 feridos graves nas estradas portuguesas"}]},{"@type":"WebSite","@id":"https:\/\/algarve7.pt\/#website","url":"https:\/\/algarve7.pt\/","name":"Algarve 7","description":"Informa\u00e7\u00e3o sobre o Algarve","publisher":{"@id":"https:\/\/algarve7.pt\/#organization"},"potentialAction":[{"@type":"SearchAction","target":{"@type":"EntryPoint","urlTemplate":"https:\/\/algarve7.pt\/?s={search_term_string}"},"query-input":{"@type":"PropertyValueSpecification","valueRequired":true,"valueName":"search_term_string"}}],"inLanguage":"pt-PT"},{"@type":"Organization","@id":"https:\/\/algarve7.pt\/#organization","name":"Algarve 7","url":"https:\/\/algarve7.pt\/","logo":{"@type":"ImageObject","inLanguage":"pt-PT","@id":"https:\/\/algarve7.pt\/#\/schema\/logo\/image\/","url":"https:\/\/algarve7.pt\/wp-content\/uploads\/2020\/10\/Logo-8.jpg","contentUrl":"https:\/\/algarve7.pt\/wp-content\/uploads\/2020\/10\/Logo-8.jpg","width":1680,"height":1186,"caption":"Algarve 7"},"image":{"@id":"https:\/\/algarve7.pt\/#\/schema\/logo\/image\/"},"sameAs":["https:\/\/www.facebook.com\/algarve7","https:\/\/x.com\/Algarvesete","https:\/\/www.instagram.com\/jornalalgarve7\/","https:\/\/www.linkedin.com\/company\/algarve7","https:\/\/www.pinterest.pt\/geral0939\/_created\/"]},{"@type":"Person","@id":"https:\/\/algarve7.pt\/#\/schema\/person\/23fa70681308e7b319a3204bcea45e0c","name":"Algarve 7","sameAs":["https:\/\/algarve7.pt","https:\/\/www.facebook.com\/algarve7"],"url":"https:\/\/algarve7.pt\/index.php\/author\/geralalgarve7-pt\/"}]}},"jetpack_publicize_connections":[],"jetpack_featured_media_url":"https:\/\/algarve7.pt\/wp-content\/uploads\/2020\/11\/ANSR.jpg","jetpack_shortlink":"https:\/\/wp.me\/pcezmW-eTH","jetpack_sharing_enabled":true,"_links":{"self":[{"href":"https:\/\/algarve7.pt\/index.php\/wp-json\/wp\/v2\/posts\/57269","targetHints":{"allow":["GET"]}}],"collection":[{"href":"https:\/\/algarve7.pt\/index.php\/wp-json\/wp\/v2\/posts"}],"about":[{"href":"https:\/\/algarve7.pt\/index.php\/wp-json\/wp\/v2\/types\/post"}],"author":[{"embeddable":true,"href":"https:\/\/algarve7.pt\/index.php\/wp-json\/wp\/v2\/users\/1"}],"replies":[{"embeddable":true,"href":"https:\/\/algarve7.pt\/index.php\/wp-json\/wp\/v2\/comments?post=57269"}],"version-history":[{"count":0,"href":"https:\/\/algarve7.pt\/index.php\/wp-json\/wp\/v2\/posts\/57269\/revisions"}],"wp:featuredmedia":[{"embeddable":true,"href":"https:\/\/algarve7.pt\/index.php\/wp-json\/wp\/v2\/media\/4189"}],"wp:attachment":[{"href":"https:\/\/algarve7.pt\/index.php\/wp-json\/wp\/v2\/media?parent=57269"}],"wp:term":[{"taxonomy":"category","embeddable":true,"href":"https:\/\/algarve7.pt\/index.php\/wp-json\/wp\/v2\/categories?post=57269"},{"taxonomy":"post_tag","embeddable":true,"href":"https:\/\/algarve7.pt\/index.php\/wp-json\/wp\/v2\/tags?post=57269"}],"curies":[{"name":"wp","href":"https:\/\/api.w.org\/{rel}","templated":true}]}}