{"id":57195,"date":"2025-12-22T19:09:33","date_gmt":"2025-12-22T19:09:33","guid":{"rendered":"https:\/\/algarve7.pt\/?p=57195"},"modified":"2025-12-22T19:09:47","modified_gmt":"2025-12-22T19:09:47","slug":"contratos-programa-de-preparacao-olimpica-e-paralimpica-los-angeles-2028-e-preparacao-surdolimpica-atenas-2029-ja-estao-assinados","status":"publish","type":"post","link":"https:\/\/algarve7.pt\/index.php\/2025\/12\/contratos-programa-de-preparacao-olimpica-e-paralimpica-los-angeles-2028-e-preparacao-surdolimpica-atenas-2029-ja-estao-assinados\/nacional\/19\/09\/","title":{"rendered":"Contratos-Programa de Prepara\u00e7\u00e3o Ol\u00edmpica e Paral\u00edmpica Los Angeles 2028 e Prepara\u00e7\u00e3o Surdol\u00edmpica Atenas 2029 j\u00e1 est\u00e3o assinados"},"content":{"rendered":"\n<p>Os Contratos-Programa de Prepara\u00e7\u00e3o Ol\u00edmpica e Paral\u00edmpica Los Angeles 2028 e Surdol\u00edmpica Atenas 2029 foram assinados esta segunda-feira, na sede do Comit\u00e9 Ol\u00edmpico de Portugal (COP), em Lisboa, com a concretiza\u00e7\u00e3o de um aumento de 30 por cento para as vertentes Ol\u00edmpica e Paral\u00edmpica e de 70 por cento para a dimens\u00e3o Surdol\u00edmpica.<\/p>\n\n\n\n<p>O Programa de Prepara\u00e7\u00e3o Ol\u00edmpica fica dotado com 30 milh\u00f5es de euros, o Programa de Prepara\u00e7\u00e3o Paral\u00edmpica com 12 milh\u00f5es de euros e o Programa de Prepara\u00e7\u00e3o Surdol\u00edmpica com tr\u00eas milh\u00f5es de euros, valores que ter\u00e3o um per\u00edodo de gest\u00e3o de quatro anos, entre 1 de janeiro de 2026 e 31 de dezembro de 2029.<\/p>\n\n\n\n<p>Margarida Balseiro Lopes, ministra da Cultura, Juventude e Desporto, presente na cerim\u00f3nia da assinatura, considerou ser este um passo para \u201cafirmar o desporto como uma prioridade estrat\u00e9gica, aumentar a pr\u00e1tica desportiva ao longo da vida e em todo o territ\u00f3rio, combater o sedentarismo e a obesidade infantil, refor\u00e7ar a participa\u00e7\u00e3o feminina, criar mais oportunidades para as pessoas com defici\u00eancia, valorizar o alto rendimento e aproximar o investimento nacional das m\u00e9dias europeias. No fundo, n\u00f3s queremos colocar o desporto no centro da vida dos portugueses\u201d, afirmou.&nbsp;<\/p>\n\n\n\n<p>Quanto ao refor\u00e7o dos valores disponibilizados para a prepara\u00e7\u00e3o Ol\u00edmpica, Paral\u00edmpica e Surdol\u00edmpica, Margarida Balseiro Lopes acentuou que \u201ctraduz uma mudan\u00e7a profunda na forma como o Pa\u00eds apoia e valoriza os seus atletas\u201d, ao assegurar \u201cmelhores condi\u00e7\u00f5es de treino, maior estabilidade de prepara\u00e7\u00e3o, equipas t\u00e9cnicas mais qualificadas e uma maior capacidade de presen\u00e7a em competi\u00e7\u00f5es internacionais, reconhecendo o esfor\u00e7o e o m\u00e9rito de quem escolheu representar Portugal ao mais alto n\u00edvel.\u201d<\/p>\n\n\n\n<p>A ministra da Cultura, Juventude e Desporto deixou no seu discurso, perante atletas, federa\u00e7\u00f5es e agentes do movimento desportivo nacional, \u201cum compromisso com a excel\u00eancia, com a responsabilidade e com a convic\u00e7\u00e3o de que investir no desporto \u00e9 investir no Pa\u00eds. E \u00e9 nesse caminho feito de coopera\u00e7\u00e3o, de previsibilidade e trabalho de equipa que vamos continuar\u201d, garantiu<\/p>\n\n\n\n<p>A secret\u00e1ria de Estado da A\u00e7\u00e3o Social e Inclus\u00e3o, Clara Marques Mendes, destacou a articula\u00e7\u00e3o existente entre Governo, Comit\u00e9 Ol\u00edmpico de Portugal, Comit\u00e9 Paral\u00edmpico de Portugal (CPP) e institutos p\u00fablicos, reafirmando o poder inclusivo do desporto, por ser \u201cum espa\u00e7o de igualdade de oportunidades e de afirma\u00e7\u00e3o pessoal\u201d, que promove a \u201cautonomia, autoestima e o sentimento de participa\u00e7\u00e3o plena na sociedade, valores centrais para uma comunidade verdadeiramente inclusiva.\u201d Citando Nelson Mandela \u2013 cuja frase est\u00e1 inscrita nas paredes do COP -, Clara Marques Mendes disse que \u201co desporto pode mudar o mundo.\u201d&nbsp;<\/p>\n\n\n\n<p>O presidente do COP, Fernando Gomes, sublinhou o alcance do aumento dos valores atribu\u00eddos pelo Governo ao Programa de Prepara\u00e7\u00e3o Ol\u00edmpica, que permitir\u00e1 \u201crefor\u00e7ar e alargar as equipas multidisciplinares de suporte \u2013 medicina desportiva, psicologia, nutri\u00e7\u00e3o, fisioterapia e prepara\u00e7\u00e3o f\u00edsica \u2013, exatamente no sentido das prioridades que o COP tem defendido: colocar o atleta no centro e assegurar um acompanhamento integrado, cont\u00ednuo e multidisciplinar.\u201d<\/p>\n\n\n\n<p>Fernando Gomes centrou as suas palavras no que h\u00e1 a fazer a seguir. \u201cA partir de hoje, n\u00e3o falamos mais de inten\u00e7\u00f5es: falamos de a\u00e7\u00e3o. E \u00e9 essa a\u00e7\u00e3o que agora formalizamos, com calend\u00e1rio, recursos e responsabilidades bem definidos. Para formar a Equipa Portugal para Los Angeles 2028, para preparar os nossos melhores e para os ajudar a sonharem alto no regresso \u00e0 cidade que, a 12 de agosto de 1984, testemunhou o inesquec\u00edvel feito de Carlos Lopes.\u201d O presidente do COP destacou igualmente o incremento do n\u00famero de atletas apoiados. \u201cNo fim do ano passado, t\u00ednhamos 83 atletas no Projeto Ol\u00edmpico. \u00c0 data de hoje j\u00e1 s\u00e3o 133.\u201d Em rela\u00e7\u00e3o ao projeto de Esperan\u00e7as Ol\u00edmpicas est\u00e3o integrados 114 atletas, dos quais 40 segundo o novo modelo de apoio.<\/p>\n\n\n\n<p>O presidente do COP sublinhou, \u201ccom especial \u00eanfase\u201d, a colabora\u00e7\u00e3o que tem sido desenvolvida com o Comit\u00e9 Paral\u00edmpico de Portugal: \u201cUma uni\u00e3o que tem permitido articular medidas, compartilhar recursos e assegurar que as respostas s\u00e3o s\u00f3lidas e verdadeiramente inclusivas. Da coopera\u00e7\u00e3o entre COP e CPP j\u00e1 nasceram iniciativas concretas e estou certo de que desta uni\u00e3o ainda muito mais pode ainda nascer no futuro, assim tenha tamb\u00e9m o apoio do Governo, do IPDJ e demais agentes com responsabilidades no desporto nacional\u201d, disse Fernando Gomes, que finalizou com uma mensagem: \u201cNo COP ningu\u00e9m baixa os bra\u00e7os, nem vira a cara \u00e0s dificuldades. Defender o Olimpismo \u00e9 uma tarefa que exige uma defesa coletiva, da maior \u00e0 mais pequena federa\u00e7\u00e3o. E que exige que cada um fa\u00e7a a sua parte para que o sistema funcione em rede, com transpar\u00eancia e efici\u00eancia. Agrade\u00e7o a todos os que t\u00eam trabalhado para que estas medidas sejam poss\u00edveis e pe\u00e7o a todos que se unam a n\u00f3s neste esfor\u00e7o de preparar melhor, para competir melhor e para honrar Portugal com dignidade.\u201d<\/p>\n\n\n\n<p>O presidente do CPP, Jos\u00e9 Manuel Louren\u00e7o, regozijou-se com \u201co refor\u00e7o de verbas para o Programa de Prepara\u00e7\u00e3o Paral\u00edmpica em 30 por cento\u201d, por oferecer, \u201cem conjunto com as federa\u00e7\u00f5es desportivas\u201d, a possibilidade de \u201cencontrar as melhores solu\u00e7\u00f5es que garantam a prepara\u00e7\u00e3o desportiva que for entendida como necess\u00e1ria para atingir o objetivo\u201d de participar nos Jogos Paral\u00edmpicos e nos Jogos Surdol\u00edmpicos.\u201d<\/p>\n\n\n\n<p>Participaram tamb\u00e9m na cerim\u00f3nia de assinatura dos Contratos-Programa o secret\u00e1rio de Estado do Desporto, Pedro Dias, o presidente do Instituto Portugu\u00eas do Desporto e Juventude, Ricardo Gon\u00e7alves,&nbsp;a presidente do Instituto Nacional para a Reabilita\u00e7\u00e3o, S\u00f3nia Esperto, a secret\u00e1ria-geral do COP, Diana Gomes, o tesoureiro do CPP, Jorge Correia, o presidente da Comiss\u00e3o de Atletas Ol\u00edmpicos, Emanuel Silva,e o presidente da Comiss\u00e3o de Atletas Paral\u00edmpicos, N\u00e9lson Lopes.<\/p>\n","protected":false},"excerpt":{"rendered":"<p>Os Contratos-Programa de Prepara\u00e7\u00e3o Ol\u00edmpica e Paral\u00edmpica Los Angeles 2028 e Surdol\u00edmpica Atenas 2029 foram assinados esta segunda-feira, na sede<\/p>\n","protected":false},"author":1,"featured_media":57196,"comment_status":"closed","ping_status":"closed","sticky":false,"template":"","format":"standard","meta":{"colormag_page_container_layout":"default_layout","colormag_page_sidebar_layout":"default_layout","_monsterinsights_skip_tracking":false,"_monsterinsights_sitenote_active":false,"_monsterinsights_sitenote_note":"","_monsterinsights_sitenote_category":0,"jetpack_post_was_ever_published":false,"_jetpack_newsletter_access":"","_jetpack_dont_email_post_to_subs":false,"_jetpack_newsletter_tier_id":0,"_jetpack_memberships_contains_paywalled_content":false,"_jetpack_memberships_contains_paid_content":false,"footnotes":"","jetpack_publicize_message":"","jetpack_publicize_feature_enabled":true,"jetpack_social_post_already_shared":true,"jetpack_social_options":{"image_generator_settings":{"template":"highway","default_image_id":0,"font":"","enabled":false},"version":2}},"categories":[15,189],"tags":[1212,40],"class_list":["post-57195","post","type-post","status-publish","format-standard","has-post-thumbnail","hentry","category-desporto","category-nacional","tag-comite-olimpico-de-portugal","tag-desporto"],"yoast_head":"<!-- This site is optimized with the Yoast SEO plugin v27.5 - https:\/\/yoast.com\/product\/yoast-seo-wordpress\/ -->\n<title>Contratos-Programa de Prepara\u00e7\u00e3o Ol\u00edmpica e Paral\u00edmpica Los Angeles 2028 e Prepara\u00e7\u00e3o Surdol\u00edmpica Atenas 2029 j\u00e1 est\u00e3o assinados - Algarve 7<\/title>\n<meta name=\"description\" content=\"Contratos-Programa de Prepara\u00e7\u00e3o Ol\u00edmpica e Paral\u00edmpica Los Angeles 2028 e Prepara\u00e7\u00e3o Surdol\u00edmpica Atenas 2029 j\u00e1 est\u00e3o assinados Nacional\" \/>\n<meta name=\"robots\" content=\"index, follow, max-snippet:-1, max-image-preview:large, max-video-preview:-1\" \/>\n<link rel=\"canonical\" href=\"https:\/\/algarve7.pt\/index.php\/2025\/12\/contratos-programa-de-preparacao-olimpica-e-paralimpica-los-angeles-2028-e-preparacao-surdolimpica-atenas-2029-ja-estao-assinados\/nacional\/19\/09\/\" \/>\n<meta property=\"og:locale\" content=\"pt_PT\" \/>\n<meta property=\"og:type\" content=\"article\" \/>\n<meta property=\"og:title\" content=\"Contratos-Programa de Prepara\u00e7\u00e3o Ol\u00edmpica e Paral\u00edmpica Los Angeles 2028 e Prepara\u00e7\u00e3o Surdol\u00edmpica Atenas 2029 j\u00e1 est\u00e3o assinados - Algarve 7\" \/>\n<meta property=\"og:description\" content=\"Contratos-Programa de Prepara\u00e7\u00e3o Ol\u00edmpica e Paral\u00edmpica Los Angeles 2028 e Prepara\u00e7\u00e3o Surdol\u00edmpica Atenas 2029 j\u00e1 est\u00e3o assinados Nacional\" \/>\n<meta property=\"og:url\" content=\"https:\/\/algarve7.pt\/index.php\/2025\/12\/contratos-programa-de-preparacao-olimpica-e-paralimpica-los-angeles-2028-e-preparacao-surdolimpica-atenas-2029-ja-estao-assinados\/nacional\/19\/09\/\" \/>\n<meta property=\"og:site_name\" content=\"Algarve 7\" \/>\n<meta property=\"article:publisher\" content=\"https:\/\/www.facebook.com\/algarve7\" \/>\n<meta property=\"article:author\" content=\"https:\/\/www.facebook.com\/algarve7\" \/>\n<meta property=\"article:published_time\" content=\"2025-12-22T19:09:33+00:00\" \/>\n<meta property=\"article:modified_time\" content=\"2025-12-22T19:09:47+00:00\" \/>\n<meta property=\"og:image\" content=\"https:\/\/algarve7.pt\/wp-content\/uploads\/2025\/12\/CP2025.jpg\" \/>\n\t<meta property=\"og:image:width\" content=\"800\" \/>\n\t<meta property=\"og:image:height\" content=\"500\" \/>\n\t<meta property=\"og:image:type\" content=\"image\/jpeg\" \/>\n<meta name=\"author\" content=\"Algarve 7\" \/>\n<meta name=\"twitter:card\" content=\"summary_large_image\" \/>\n<meta name=\"twitter:creator\" content=\"@Algarvesete\" \/>\n<meta name=\"twitter:site\" content=\"@Algarvesete\" \/>\n<meta name=\"twitter:label1\" content=\"Escrito por\" \/>\n\t<meta name=\"twitter:data1\" content=\"Algarve 7\" \/>\n\t<meta name=\"twitter:label2\" content=\"Tempo estimado de leitura\" \/>\n\t<meta name=\"twitter:data2\" content=\"6 minutos\" \/>\n<script type=\"application\/ld+json\" class=\"yoast-schema-graph\">{\"@context\":\"https:\\\/\\\/schema.org\",\"@graph\":[{\"@type\":\"Article\",\"@id\":\"https:\\\/\\\/algarve7.pt\\\/index.php\\\/2025\\\/12\\\/contratos-programa-de-preparacao-olimpica-e-paralimpica-los-angeles-2028-e-preparacao-surdolimpica-atenas-2029-ja-estao-assinados\\\/nacional\\\/19\\\/09\\\/#article\",\"isPartOf\":{\"@id\":\"https:\\\/\\\/algarve7.pt\\\/index.php\\\/2025\\\/12\\\/contratos-programa-de-preparacao-olimpica-e-paralimpica-los-angeles-2028-e-preparacao-surdolimpica-atenas-2029-ja-estao-assinados\\\/nacional\\\/19\\\/09\\\/\"},\"author\":{\"name\":\"Algarve 7\",\"@id\":\"https:\\\/\\\/algarve7.pt\\\/#\\\/schema\\\/person\\\/23fa70681308e7b319a3204bcea45e0c\"},\"headline\":\"Contratos-Programa de Prepara\u00e7\u00e3o Ol\u00edmpica e Paral\u00edmpica Los Angeles 2028 e Prepara\u00e7\u00e3o Surdol\u00edmpica Atenas 2029 j\u00e1 est\u00e3o assinados\",\"datePublished\":\"2025-12-22T19:09:33+00:00\",\"dateModified\":\"2025-12-22T19:09:47+00:00\",\"mainEntityOfPage\":{\"@id\":\"https:\\\/\\\/algarve7.pt\\\/index.php\\\/2025\\\/12\\\/contratos-programa-de-preparacao-olimpica-e-paralimpica-los-angeles-2028-e-preparacao-surdolimpica-atenas-2029-ja-estao-assinados\\\/nacional\\\/19\\\/09\\\/\"},\"wordCount\":1034,\"publisher\":{\"@id\":\"https:\\\/\\\/algarve7.pt\\\/#organization\"},\"image\":{\"@id\":\"https:\\\/\\\/algarve7.pt\\\/index.php\\\/2025\\\/12\\\/contratos-programa-de-preparacao-olimpica-e-paralimpica-los-angeles-2028-e-preparacao-surdolimpica-atenas-2029-ja-estao-assinados\\\/nacional\\\/19\\\/09\\\/#primaryimage\"},\"thumbnailUrl\":\"https:\\\/\\\/algarve7.pt\\\/wp-content\\\/uploads\\\/2025\\\/12\\\/CP2025.jpg\",\"keywords\":[\"Comit\u00e9 Ol\u00edmpico de Portugal\",\"Desporto\"],\"articleSection\":[\"Desporto\",\"Nacional\"],\"inLanguage\":\"pt-PT\"},{\"@type\":\"WebPage\",\"@id\":\"https:\\\/\\\/algarve7.pt\\\/index.php\\\/2025\\\/12\\\/contratos-programa-de-preparacao-olimpica-e-paralimpica-los-angeles-2028-e-preparacao-surdolimpica-atenas-2029-ja-estao-assinados\\\/nacional\\\/19\\\/09\\\/\",\"url\":\"https:\\\/\\\/algarve7.pt\\\/index.php\\\/2025\\\/12\\\/contratos-programa-de-preparacao-olimpica-e-paralimpica-los-angeles-2028-e-preparacao-surdolimpica-atenas-2029-ja-estao-assinados\\\/nacional\\\/19\\\/09\\\/\",\"name\":\"Contratos-Programa de Prepara\u00e7\u00e3o Ol\u00edmpica e Paral\u00edmpica Los Angeles 2028 e Prepara\u00e7\u00e3o Surdol\u00edmpica Atenas 2029 j\u00e1 est\u00e3o assinados - Algarve 7\",\"isPartOf\":{\"@id\":\"https:\\\/\\\/algarve7.pt\\\/#website\"},\"primaryImageOfPage\":{\"@id\":\"https:\\\/\\\/algarve7.pt\\\/index.php\\\/2025\\\/12\\\/contratos-programa-de-preparacao-olimpica-e-paralimpica-los-angeles-2028-e-preparacao-surdolimpica-atenas-2029-ja-estao-assinados\\\/nacional\\\/19\\\/09\\\/#primaryimage\"},\"image\":{\"@id\":\"https:\\\/\\\/algarve7.pt\\\/index.php\\\/2025\\\/12\\\/contratos-programa-de-preparacao-olimpica-e-paralimpica-los-angeles-2028-e-preparacao-surdolimpica-atenas-2029-ja-estao-assinados\\\/nacional\\\/19\\\/09\\\/#primaryimage\"},\"thumbnailUrl\":\"https:\\\/\\\/algarve7.pt\\\/wp-content\\\/uploads\\\/2025\\\/12\\\/CP2025.jpg\",\"datePublished\":\"2025-12-22T19:09:33+00:00\",\"dateModified\":\"2025-12-22T19:09:47+00:00\",\"description\":\"Contratos-Programa de Prepara\u00e7\u00e3o Ol\u00edmpica e Paral\u00edmpica Los Angeles 2028 e Prepara\u00e7\u00e3o Surdol\u00edmpica Atenas 2029 j\u00e1 est\u00e3o assinados Nacional\",\"breadcrumb\":{\"@id\":\"https:\\\/\\\/algarve7.pt\\\/index.php\\\/2025\\\/12\\\/contratos-programa-de-preparacao-olimpica-e-paralimpica-los-angeles-2028-e-preparacao-surdolimpica-atenas-2029-ja-estao-assinados\\\/nacional\\\/19\\\/09\\\/#breadcrumb\"},\"inLanguage\":\"pt-PT\",\"potentialAction\":[{\"@type\":\"ReadAction\",\"target\":[\"https:\\\/\\\/algarve7.pt\\\/index.php\\\/2025\\\/12\\\/contratos-programa-de-preparacao-olimpica-e-paralimpica-los-angeles-2028-e-preparacao-surdolimpica-atenas-2029-ja-estao-assinados\\\/nacional\\\/19\\\/09\\\/\"]}]},{\"@type\":\"ImageObject\",\"inLanguage\":\"pt-PT\",\"@id\":\"https:\\\/\\\/algarve7.pt\\\/index.php\\\/2025\\\/12\\\/contratos-programa-de-preparacao-olimpica-e-paralimpica-los-angeles-2028-e-preparacao-surdolimpica-atenas-2029-ja-estao-assinados\\\/nacional\\\/19\\\/09\\\/#primaryimage\",\"url\":\"https:\\\/\\\/algarve7.pt\\\/wp-content\\\/uploads\\\/2025\\\/12\\\/CP2025.jpg\",\"contentUrl\":\"https:\\\/\\\/algarve7.pt\\\/wp-content\\\/uploads\\\/2025\\\/12\\\/CP2025.jpg\",\"width\":800,\"height\":500},{\"@type\":\"BreadcrumbList\",\"@id\":\"https:\\\/\\\/algarve7.pt\\\/index.php\\\/2025\\\/12\\\/contratos-programa-de-preparacao-olimpica-e-paralimpica-los-angeles-2028-e-preparacao-surdolimpica-atenas-2029-ja-estao-assinados\\\/nacional\\\/19\\\/09\\\/#breadcrumb\",\"itemListElement\":[{\"@type\":\"ListItem\",\"position\":1,\"name\":\"In\u00edcio\",\"item\":\"https:\\\/\\\/algarve7.pt\\\/\"},{\"@type\":\"ListItem\",\"position\":2,\"name\":\"Contratos-Programa de Prepara\u00e7\u00e3o Ol\u00edmpica e Paral\u00edmpica Los Angeles 2028 e Prepara\u00e7\u00e3o Surdol\u00edmpica Atenas 2029 j\u00e1 est\u00e3o assinados\"}]},{\"@type\":\"WebSite\",\"@id\":\"https:\\\/\\\/algarve7.pt\\\/#website\",\"url\":\"https:\\\/\\\/algarve7.pt\\\/\",\"name\":\"Algarve 7\",\"description\":\"Informa\u00e7\u00e3o sobre o Algarve\",\"publisher\":{\"@id\":\"https:\\\/\\\/algarve7.pt\\\/#organization\"},\"potentialAction\":[{\"@type\":\"SearchAction\",\"target\":{\"@type\":\"EntryPoint\",\"urlTemplate\":\"https:\\\/\\\/algarve7.pt\\\/?s={search_term_string}\"},\"query-input\":{\"@type\":\"PropertyValueSpecification\",\"valueRequired\":true,\"valueName\":\"search_term_string\"}}],\"inLanguage\":\"pt-PT\"},{\"@type\":\"Organization\",\"@id\":\"https:\\\/\\\/algarve7.pt\\\/#organization\",\"name\":\"Algarve 7\",\"url\":\"https:\\\/\\\/algarve7.pt\\\/\",\"logo\":{\"@type\":\"ImageObject\",\"inLanguage\":\"pt-PT\",\"@id\":\"https:\\\/\\\/algarve7.pt\\\/#\\\/schema\\\/logo\\\/image\\\/\",\"url\":\"https:\\\/\\\/algarve7.pt\\\/wp-content\\\/uploads\\\/2020\\\/10\\\/Logo-8.jpg\",\"contentUrl\":\"https:\\\/\\\/algarve7.pt\\\/wp-content\\\/uploads\\\/2020\\\/10\\\/Logo-8.jpg\",\"width\":1680,\"height\":1186,\"caption\":\"Algarve 7\"},\"image\":{\"@id\":\"https:\\\/\\\/algarve7.pt\\\/#\\\/schema\\\/logo\\\/image\\\/\"},\"sameAs\":[\"https:\\\/\\\/www.facebook.com\\\/algarve7\",\"https:\\\/\\\/x.com\\\/Algarvesete\",\"https:\\\/\\\/www.instagram.com\\\/jornalalgarve7\\\/\",\"https:\\\/\\\/www.linkedin.com\\\/company\\\/algarve7\",\"https:\\\/\\\/www.pinterest.pt\\\/geral0939\\\/_created\\\/\"]},{\"@type\":\"Person\",\"@id\":\"https:\\\/\\\/algarve7.pt\\\/#\\\/schema\\\/person\\\/23fa70681308e7b319a3204bcea45e0c\",\"name\":\"Algarve 7\",\"sameAs\":[\"https:\\\/\\\/algarve7.pt\",\"https:\\\/\\\/www.facebook.com\\\/algarve7\"],\"url\":\"https:\\\/\\\/algarve7.pt\\\/index.php\\\/author\\\/geralalgarve7-pt\\\/\"}]}<\/script>\n<!-- \/ Yoast SEO plugin. -->","yoast_head_json":{"title":"Contratos-Programa de Prepara\u00e7\u00e3o Ol\u00edmpica e Paral\u00edmpica Los Angeles 2028 e Prepara\u00e7\u00e3o Surdol\u00edmpica Atenas 2029 j\u00e1 est\u00e3o assinados - Algarve 7","description":"Contratos-Programa de Prepara\u00e7\u00e3o Ol\u00edmpica e Paral\u00edmpica Los Angeles 2028 e Prepara\u00e7\u00e3o Surdol\u00edmpica Atenas 2029 j\u00e1 est\u00e3o assinados Nacional","robots":{"index":"index","follow":"follow","max-snippet":"max-snippet:-1","max-image-preview":"max-image-preview:large","max-video-preview":"max-video-preview:-1"},"canonical":"https:\/\/algarve7.pt\/index.php\/2025\/12\/contratos-programa-de-preparacao-olimpica-e-paralimpica-los-angeles-2028-e-preparacao-surdolimpica-atenas-2029-ja-estao-assinados\/nacional\/19\/09\/","og_locale":"pt_PT","og_type":"article","og_title":"Contratos-Programa de Prepara\u00e7\u00e3o Ol\u00edmpica e Paral\u00edmpica Los Angeles 2028 e Prepara\u00e7\u00e3o Surdol\u00edmpica Atenas 2029 j\u00e1 est\u00e3o assinados - Algarve 7","og_description":"Contratos-Programa de Prepara\u00e7\u00e3o Ol\u00edmpica e Paral\u00edmpica Los Angeles 2028 e Prepara\u00e7\u00e3o Surdol\u00edmpica Atenas 2029 j\u00e1 est\u00e3o assinados Nacional","og_url":"https:\/\/algarve7.pt\/index.php\/2025\/12\/contratos-programa-de-preparacao-olimpica-e-paralimpica-los-angeles-2028-e-preparacao-surdolimpica-atenas-2029-ja-estao-assinados\/nacional\/19\/09\/","og_site_name":"Algarve 7","article_publisher":"https:\/\/www.facebook.com\/algarve7","article_author":"https:\/\/www.facebook.com\/algarve7","article_published_time":"2025-12-22T19:09:33+00:00","article_modified_time":"2025-12-22T19:09:47+00:00","og_image":[{"width":800,"height":500,"url":"https:\/\/algarve7.pt\/wp-content\/uploads\/2025\/12\/CP2025.jpg","type":"image\/jpeg"}],"author":"Algarve 7","twitter_card":"summary_large_image","twitter_creator":"@Algarvesete","twitter_site":"@Algarvesete","twitter_misc":{"Escrito por":"Algarve 7","Tempo estimado de leitura":"6 minutos"},"schema":{"@context":"https:\/\/schema.org","@graph":[{"@type":"Article","@id":"https:\/\/algarve7.pt\/index.php\/2025\/12\/contratos-programa-de-preparacao-olimpica-e-paralimpica-los-angeles-2028-e-preparacao-surdolimpica-atenas-2029-ja-estao-assinados\/nacional\/19\/09\/#article","isPartOf":{"@id":"https:\/\/algarve7.pt\/index.php\/2025\/12\/contratos-programa-de-preparacao-olimpica-e-paralimpica-los-angeles-2028-e-preparacao-surdolimpica-atenas-2029-ja-estao-assinados\/nacional\/19\/09\/"},"author":{"name":"Algarve 7","@id":"https:\/\/algarve7.pt\/#\/schema\/person\/23fa70681308e7b319a3204bcea45e0c"},"headline":"Contratos-Programa de Prepara\u00e7\u00e3o Ol\u00edmpica e Paral\u00edmpica Los Angeles 2028 e Prepara\u00e7\u00e3o Surdol\u00edmpica Atenas 2029 j\u00e1 est\u00e3o assinados","datePublished":"2025-12-22T19:09:33+00:00","dateModified":"2025-12-22T19:09:47+00:00","mainEntityOfPage":{"@id":"https:\/\/algarve7.pt\/index.php\/2025\/12\/contratos-programa-de-preparacao-olimpica-e-paralimpica-los-angeles-2028-e-preparacao-surdolimpica-atenas-2029-ja-estao-assinados\/nacional\/19\/09\/"},"wordCount":1034,"publisher":{"@id":"https:\/\/algarve7.pt\/#organization"},"image":{"@id":"https:\/\/algarve7.pt\/index.php\/2025\/12\/contratos-programa-de-preparacao-olimpica-e-paralimpica-los-angeles-2028-e-preparacao-surdolimpica-atenas-2029-ja-estao-assinados\/nacional\/19\/09\/#primaryimage"},"thumbnailUrl":"https:\/\/algarve7.pt\/wp-content\/uploads\/2025\/12\/CP2025.jpg","keywords":["Comit\u00e9 Ol\u00edmpico de Portugal","Desporto"],"articleSection":["Desporto","Nacional"],"inLanguage":"pt-PT"},{"@type":"WebPage","@id":"https:\/\/algarve7.pt\/index.php\/2025\/12\/contratos-programa-de-preparacao-olimpica-e-paralimpica-los-angeles-2028-e-preparacao-surdolimpica-atenas-2029-ja-estao-assinados\/nacional\/19\/09\/","url":"https:\/\/algarve7.pt\/index.php\/2025\/12\/contratos-programa-de-preparacao-olimpica-e-paralimpica-los-angeles-2028-e-preparacao-surdolimpica-atenas-2029-ja-estao-assinados\/nacional\/19\/09\/","name":"Contratos-Programa de Prepara\u00e7\u00e3o Ol\u00edmpica e Paral\u00edmpica Los Angeles 2028 e Prepara\u00e7\u00e3o Surdol\u00edmpica Atenas 2029 j\u00e1 est\u00e3o assinados - Algarve 7","isPartOf":{"@id":"https:\/\/algarve7.pt\/#website"},"primaryImageOfPage":{"@id":"https:\/\/algarve7.pt\/index.php\/2025\/12\/contratos-programa-de-preparacao-olimpica-e-paralimpica-los-angeles-2028-e-preparacao-surdolimpica-atenas-2029-ja-estao-assinados\/nacional\/19\/09\/#primaryimage"},"image":{"@id":"https:\/\/algarve7.pt\/index.php\/2025\/12\/contratos-programa-de-preparacao-olimpica-e-paralimpica-los-angeles-2028-e-preparacao-surdolimpica-atenas-2029-ja-estao-assinados\/nacional\/19\/09\/#primaryimage"},"thumbnailUrl":"https:\/\/algarve7.pt\/wp-content\/uploads\/2025\/12\/CP2025.jpg","datePublished":"2025-12-22T19:09:33+00:00","dateModified":"2025-12-22T19:09:47+00:00","description":"Contratos-Programa de Prepara\u00e7\u00e3o Ol\u00edmpica e Paral\u00edmpica Los Angeles 2028 e Prepara\u00e7\u00e3o Surdol\u00edmpica Atenas 2029 j\u00e1 est\u00e3o assinados Nacional","breadcrumb":{"@id":"https:\/\/algarve7.pt\/index.php\/2025\/12\/contratos-programa-de-preparacao-olimpica-e-paralimpica-los-angeles-2028-e-preparacao-surdolimpica-atenas-2029-ja-estao-assinados\/nacional\/19\/09\/#breadcrumb"},"inLanguage":"pt-PT","potentialAction":[{"@type":"ReadAction","target":["https:\/\/algarve7.pt\/index.php\/2025\/12\/contratos-programa-de-preparacao-olimpica-e-paralimpica-los-angeles-2028-e-preparacao-surdolimpica-atenas-2029-ja-estao-assinados\/nacional\/19\/09\/"]}]},{"@type":"ImageObject","inLanguage":"pt-PT","@id":"https:\/\/algarve7.pt\/index.php\/2025\/12\/contratos-programa-de-preparacao-olimpica-e-paralimpica-los-angeles-2028-e-preparacao-surdolimpica-atenas-2029-ja-estao-assinados\/nacional\/19\/09\/#primaryimage","url":"https:\/\/algarve7.pt\/wp-content\/uploads\/2025\/12\/CP2025.jpg","contentUrl":"https:\/\/algarve7.pt\/wp-content\/uploads\/2025\/12\/CP2025.jpg","width":800,"height":500},{"@type":"BreadcrumbList","@id":"https:\/\/algarve7.pt\/index.php\/2025\/12\/contratos-programa-de-preparacao-olimpica-e-paralimpica-los-angeles-2028-e-preparacao-surdolimpica-atenas-2029-ja-estao-assinados\/nacional\/19\/09\/#breadcrumb","itemListElement":[{"@type":"ListItem","position":1,"name":"In\u00edcio","item":"https:\/\/algarve7.pt\/"},{"@type":"ListItem","position":2,"name":"Contratos-Programa de Prepara\u00e7\u00e3o Ol\u00edmpica e Paral\u00edmpica Los Angeles 2028 e Prepara\u00e7\u00e3o Surdol\u00edmpica Atenas 2029 j\u00e1 est\u00e3o assinados"}]},{"@type":"WebSite","@id":"https:\/\/algarve7.pt\/#website","url":"https:\/\/algarve7.pt\/","name":"Algarve 7","description":"Informa\u00e7\u00e3o sobre o Algarve","publisher":{"@id":"https:\/\/algarve7.pt\/#organization"},"potentialAction":[{"@type":"SearchAction","target":{"@type":"EntryPoint","urlTemplate":"https:\/\/algarve7.pt\/?s={search_term_string}"},"query-input":{"@type":"PropertyValueSpecification","valueRequired":true,"valueName":"search_term_string"}}],"inLanguage":"pt-PT"},{"@type":"Organization","@id":"https:\/\/algarve7.pt\/#organization","name":"Algarve 7","url":"https:\/\/algarve7.pt\/","logo":{"@type":"ImageObject","inLanguage":"pt-PT","@id":"https:\/\/algarve7.pt\/#\/schema\/logo\/image\/","url":"https:\/\/algarve7.pt\/wp-content\/uploads\/2020\/10\/Logo-8.jpg","contentUrl":"https:\/\/algarve7.pt\/wp-content\/uploads\/2020\/10\/Logo-8.jpg","width":1680,"height":1186,"caption":"Algarve 7"},"image":{"@id":"https:\/\/algarve7.pt\/#\/schema\/logo\/image\/"},"sameAs":["https:\/\/www.facebook.com\/algarve7","https:\/\/x.com\/Algarvesete","https:\/\/www.instagram.com\/jornalalgarve7\/","https:\/\/www.linkedin.com\/company\/algarve7","https:\/\/www.pinterest.pt\/geral0939\/_created\/"]},{"@type":"Person","@id":"https:\/\/algarve7.pt\/#\/schema\/person\/23fa70681308e7b319a3204bcea45e0c","name":"Algarve 7","sameAs":["https:\/\/algarve7.pt","https:\/\/www.facebook.com\/algarve7"],"url":"https:\/\/algarve7.pt\/index.php\/author\/geralalgarve7-pt\/"}]}},"jetpack_publicize_connections":[],"jetpack_featured_media_url":"https:\/\/algarve7.pt\/wp-content\/uploads\/2025\/12\/CP2025.jpg","jetpack_shortlink":"https:\/\/wp.me\/pcezmW-eSv","jetpack_sharing_enabled":true,"_links":{"self":[{"href":"https:\/\/algarve7.pt\/index.php\/wp-json\/wp\/v2\/posts\/57195","targetHints":{"allow":["GET"]}}],"collection":[{"href":"https:\/\/algarve7.pt\/index.php\/wp-json\/wp\/v2\/posts"}],"about":[{"href":"https:\/\/algarve7.pt\/index.php\/wp-json\/wp\/v2\/types\/post"}],"author":[{"embeddable":true,"href":"https:\/\/algarve7.pt\/index.php\/wp-json\/wp\/v2\/users\/1"}],"replies":[{"embeddable":true,"href":"https:\/\/algarve7.pt\/index.php\/wp-json\/wp\/v2\/comments?post=57195"}],"version-history":[{"count":0,"href":"https:\/\/algarve7.pt\/index.php\/wp-json\/wp\/v2\/posts\/57195\/revisions"}],"wp:featuredmedia":[{"embeddable":true,"href":"https:\/\/algarve7.pt\/index.php\/wp-json\/wp\/v2\/media\/57196"}],"wp:attachment":[{"href":"https:\/\/algarve7.pt\/index.php\/wp-json\/wp\/v2\/media?parent=57195"}],"wp:term":[{"taxonomy":"category","embeddable":true,"href":"https:\/\/algarve7.pt\/index.php\/wp-json\/wp\/v2\/categories?post=57195"},{"taxonomy":"post_tag","embeddable":true,"href":"https:\/\/algarve7.pt\/index.php\/wp-json\/wp\/v2\/tags?post=57195"}],"curies":[{"name":"wp","href":"https:\/\/api.w.org\/{rel}","templated":true}]}}