{"id":57176,"date":"2025-12-22T08:00:00","date_gmt":"2025-12-22T08:00:00","guid":{"rendered":"https:\/\/algarve7.pt\/?p=57176"},"modified":"2025-12-21T10:37:50","modified_gmt":"2025-12-21T10:37:50","slug":"programa-competencias-do-futuro-algarve-formacao-gratuita-para-o-setor-do-turismo","status":"publish","type":"post","link":"https:\/\/algarve7.pt\/index.php\/2025\/12\/programa-competencias-do-futuro-algarve-formacao-gratuita-para-o-setor-do-turismo\/turismo\/08\/00\/","title":{"rendered":"Programa\u00a0\u201cCompet\u00eancias do futuro Algarve\u201d Forma\u00e7\u00e3o gratuita para o setor do Turismo"},"content":{"rendered":"\n<p>O programa\u00a0<strong>COMPET\u00caNCIAS DO FUTURO ALGARVE<\/strong>, apresenta, em 2026, um conjunto abrangente de a\u00e7\u00f5es de forma\u00e7\u00e3o online e bootcamps presenciais gratuitos e certificados, dirigidos a profissionais, empres\u00e1rios e gestores do setor do turismo.<\/p>\n\n\n\n<p>Com enfoque na qualifica\u00e7\u00e3o, inova\u00e7\u00e3o e competitividade das empresas, a oferta formativa integra \u00e1reas como l\u00ednguas aplicadas ao turismo, atendimento e experi\u00eancia do cliente, lideran\u00e7a e produtividade, sustentabilidade ambiental (efici\u00eancia h\u00eddrica e energ\u00e9tica), inclus\u00e3o, turismo cultural, gest\u00e3o de produtos tur\u00edsticos, acesso a financiamento e aplica\u00e7\u00e3o pr\u00e1tica da intelig\u00eancia artificial no setor. Os bootcamps presenciais aprofundam temas estrat\u00e9gicos como o reporte ESG, a excel\u00eancia do atendimento, a efici\u00eancia h\u00eddrica, a seguran\u00e7a do destino e a transforma\u00e7\u00e3o digital.<\/p>\n\n\n\n<p>Todas as a\u00e7\u00f5es s\u00e3o promovidas pelo Turismo do Algarve, em parceria com o Turismo de Portugal e a Rede de Escolas de Hotelaria e Turismo, decorrendo entre janeiro e maio de 2026.<\/p>\n\n\n\n<p>Mais informa\u00e7\u00f5es:\u00a0<a href=\"mailto:apoio.empresario@turismodoalgarve.pt\" target=\"_blank\" rel=\"noreferrer noopener\">apoio.empresario@turismodoalgarve.pt<\/a><\/p>\n\n\n\n<p>\ud83d\udcbb&nbsp;<strong>Forma\u00e7\u00f5es Online<\/strong><\/p>\n\n\n\n<p>Alem\u00e3o t\u00e9cnico: inicia\u00e7\u00e3o\u00a0\u00a0<a href=\"https:\/\/rta5.od2.vtiger.com\/shorturl.php?id=694131fea8e104.07654920&amp;rid=A17473&amp;redirurl=https%3A%2F%2Facademiadigital.turismodeportugal.pt%2Findex.php%3Foption%3Dcom_training%26task%3Dshow%26id%3D8541%26Itemid%3D33&amp;type=click&amp;redirtxt=%2BInfo%C2%A0e+INSCRI%C3%87%C3%95ES&amp;rv=f7217838852d7d878ec8b1811f7b3bcd\">+Info\u00a0e INSCRI\u00c7\u00d5ES<\/a><a href=\"https:\/\/rta5.od2.vtiger.com\/shorturl.php?id=694131fea8e104.07654920&amp;rid=A17473&amp;redirurl=http%3A%2F%2Fchrome-extension%3A%2F%2Fefaidnbmnnnibpcajpcglclefindmkaj%2Fhttps%3A%2F%2Fcms.visitalgarve.pt%2F%2Fupload_files%2Fclient_id_1%2Fwebsite_id_3%2FDestaques%2F2025%2FCFA-jan_abr_2026.pdf&amp;type=click&amp;redirtxt=%C2%A0&amp;rv=fb77275f6bba05b6db655030cd226407\">\u00a0<\/a><br>Portugu\u00eas para Estrangeiros\u00a0<a href=\"https:\/\/rta5.od2.vtiger.com\/shorturl.php?id=694131fea8e104.07654920&amp;rid=A17473&amp;redirurl=https%3A%2F%2Facademiadigital.turismodeportugal.pt%2Findex.php%3Foption%3Dcom_training%26task%3Dshow%26id%3D8547%26Itemid%3D33&amp;type=click&amp;redirtxt=%2BInfo%C2%A0e+INSCRI%C3%87%C3%95ES&amp;rv=072f5bb1a515431f88fdf8decf9619e9\">+Info\u00a0e INSCRI\u00c7\u00d5ES<\/a><a href=\"https:\/\/rta5.od2.vtiger.com\/shorturl.php?id=694131fea8e104.07654920&amp;rid=A17473&amp;redirurl=http%3A%2F%2Fchrome-extension%3A%2F%2Fefaidnbmnnnibpcajpcglclefindmkaj%2Fhttps%3A%2F%2Fcms.visitalgarve.pt%2F%2Fupload_files%2Fclient_id_1%2Fwebsite_id_3%2FDestaques%2F2025%2FCFA-jan_abr_2026.pdf&amp;type=click&amp;redirtxt=%C2%A0&amp;rv=fb77275f6bba05b6db655030cd226407\">\u00a0<\/a><br>Espanhol t\u00e9cnico: interm\u00e9dio\u00a0<a href=\"https:\/\/rta5.od2.vtiger.com\/shorturl.php?id=694131fea8e104.07654920&amp;rid=A17473&amp;redirurl=https%3A%2F%2Facademiadigital.turismodeportugal.pt%2Findex.php%3Foption%3Dcom_training%26task%3Dshow%26id%3D8540%26Itemid%3D33&amp;type=click&amp;redirtxt=%2BInfo%C2%A0e+INSCRI%C3%87%C3%95ES&amp;rv=a615c36c3f5c386ebc5125241f460abf\">+Info\u00a0e INSCRI\u00c7\u00d5ES<\/a>\u200b\u200b\u200b\u200b\u200b\u200b\u200b<a href=\"https:\/\/rta5.od2.vtiger.com\/shorturl.php?id=694131fea8e104.07654920&amp;rid=A17473&amp;redirurl=http%3A%2F%2Fchrome-extension%3A%2F%2Fefaidnbmnnnibpcajpcglclefindmkaj%2Fhttps%3A%2F%2Fcms.visitalgarve.pt%2F%2Fupload_files%2Fclient_id_1%2Fwebsite_id_3%2FDestaques%2F2025%2FCFA-jan_abr_2026.pdf&amp;type=click&amp;redirtxt=%C2%A0&amp;rv=fb77275f6bba05b6db655030cd226407\">\u00a0<\/a><br><br>Produtividade e\u00a0performance Pessoal\u00a0<a href=\"https:\/\/rta5.od2.vtiger.com\/shorturl.php?id=694131fea8e104.07654920&amp;rid=A17473&amp;redirurl=https%3A%2F%2Facademiadigital.turismodeportugal.pt%2Findex.php%3Foption%3Dcom_training%26task%3Dshow%26id%3D8249%26Itemid%3D33&amp;type=click&amp;redirtxt=%2BInfo%C2%A0e+INSCRI%C3%87%C3%95ES&amp;rv=b9fb82e3ee8a9135069008ecaae361b2\">+Info\u00a0e INSCRI\u00c7\u00d5ES<\/a><br>Atendimento de qualidade<a href=\"https:\/\/rta5.od2.vtiger.com\/shorturl.php?id=694131fea8e104.07654920&amp;rid=A17473&amp;redirurl=https%3A%2F%2Facademiadigital.turismodeportugal.pt%2Findex.php%3Foption%3Dcom_training%26task%3Dshow%26id%3D8549%26Itemid%3D33&amp;type=click&amp;redirtxt=%2BInfo%C2%A0e+INSCRI%C3%87%C3%95ES&amp;rv=383c479b9d01a370a0d624602a6da7d9\">+Info\u00a0e INSCRI\u00c7\u00d5ES<\/a>\u200b\u200b\u200b\u200b\u200b\u200b\u200b<a href=\"https:\/\/rta5.od2.vtiger.com\/shorturl.php?id=694131fea8e104.07654920&amp;rid=A17473&amp;redirurl=http%3A%2F%2Fchrome-extension%3A%2F%2Fefaidnbmnnnibpcajpcglclefindmkaj%2Fhttps%3A%2F%2Fcms.visitalgarve.pt%2F%2Fupload_files%2Fclient_id_1%2Fwebsite_id_3%2FDestaques%2F2025%2FCFA-jan_abr_2026.pdf&amp;type=click&amp;redirtxt=%C2%A0&amp;rv=fb77275f6bba05b6db655030cd226407\">\u00a0<\/a><br>Lideran\u00e7a\u00a0<a href=\"https:\/\/rta5.od2.vtiger.com\/shorturl.php?id=694131fea8e104.07654920&amp;rid=A17473&amp;redirurl=https%3A%2F%2Facademiadigital.turismodeportugal.pt%2Findex.php%3Foption%3Dcom_training%26task%3Dshow%26id%3D8539%26Itemid%3D33&amp;type=click&amp;redirtxt=%2BInfo%C2%A0e+INSCRI%C3%87%C3%95ES&amp;rv=76abef3a05456071d889346645f6d025\">+Info\u00a0e INSCRI\u00c7\u00d5ES<\/a>\u200b\u200b\u200b\u200b\u200b\u200b\u200b<a href=\"https:\/\/rta5.od2.vtiger.com\/shorturl.php?id=694131fea8e104.07654920&amp;rid=A17473&amp;redirurl=http%3A%2F%2Fchrome-extension%3A%2F%2Fefaidnbmnnnibpcajpcglclefindmkaj%2Fhttps%3A%2F%2Fcms.visitalgarve.pt%2F%2Fupload_files%2Fclient_id_1%2Fwebsite_id_3%2FDestaques%2F2025%2FCFA-jan_abr_2026.pdf&amp;type=click&amp;redirtxt=%C2%A0&amp;rv=fb77275f6bba05b6db655030cd226407\">\u00a0<\/a><br><br>Boas pr\u00e1ticas sustent\u00e1veis\u00a0<a href=\"https:\/\/rta5.od2.vtiger.com\/shorturl.php?id=694131fea8e104.07654920&amp;rid=A17473&amp;redirurl=https%3A%2F%2Facademiadigital.turismodeportugal.pt%2Findex.php%3Foption%3Dcom_training%26task%3Dshow%26id%3D8468%26Itemid%3D33&amp;type=click&amp;redirtxt=%2BInfo%C2%A0e+INSCRI%C3%87%C3%95ES&amp;rv=50d507a0cf797d05318e3bc9fec07577\">+Info\u00a0e INSCRI\u00c7\u00d5ES<\/a><a href=\"https:\/\/rta5.od2.vtiger.com\/shorturl.php?id=694131fea8e104.07654920&amp;rid=A17473&amp;redirurl=http%3A%2F%2Fchrome-extension%3A%2F%2Fefaidnbmnnnibpcajpcglclefindmkaj%2Fhttps%3A%2F%2Fcms.visitalgarve.pt%2F%2Fupload_files%2Fclient_id_1%2Fwebsite_id_3%2FDestaques%2F2025%2FCFA-jan_abr_2026.pdf&amp;type=click&amp;redirtxt=%C2%A0&amp;rv=fb77275f6bba05b6db655030cd226407\">\u00a0<\/a><br>Efici\u00eancia energ\u00e9tica: hotelaria e restaura\u00e7\u00e3o\u00a0<a href=\"https:\/\/rta5.od2.vtiger.com\/shorturl.php?id=694131fea8e104.07654920&amp;rid=A17473&amp;redirurl=https%3A%2F%2Facademiadigital.turismodeportugal.pt%2Findex.php%3Foption%3Dcom_training%26task%3Dshow%26id%3D8493%26Itemid%3D33&amp;type=click&amp;redirtxt=%2BInfo%C2%A0e+INSCRI%C3%87%C3%95ES&amp;rv=c7a8984dae7a2be7feba2e083478172b\">+Info\u00a0e INSCRI\u00c7\u00d5ES<\/a>\u200b\u200b\u200b\u200b\u200b\u200b\u200b<br>\u200b\u200b\u200b\u200bEfici\u00eancia h\u00eddrica: empreendimentos tur\u00edsticos\u00a0<a href=\"https:\/\/rta5.od2.vtiger.com\/shorturl.php?id=694131fea8e104.07654920&amp;rid=A17473&amp;redirurl=http%3A%2F%2Fchrome-extension%3A%2F%2Fefaidnbmnnnibpcajpcglclefindmkaj%2Fhttps%3A%2F%2Fcms.visitalgarve.pt%2F%2Fupload_files%2Fclient_id_1%2Fwebsite_id_3%2FDestaques%2F2025%2FCFA-jan_abr_2026.pdf&amp;type=click&amp;redirtxt=%C2%A0&amp;rv=fb77275f6bba05b6db655030cd226407\">+Info\u00a0e INSCRI\u00c7\u00d5ES<\/a>\u200b\u200b\u200b\u200b\u200b\u200b\u200b<a href=\"https:\/\/rta5.od2.vtiger.com\/shorturl.php?id=694131fea8e104.07654920&amp;rid=A17473&amp;redirurl=http%3A%2F%2Fchrome-extension%3A%2F%2Fefaidnbmnnnibpcajpcglclefindmkaj%2Fhttps%3A%2F%2Fcms.visitalgarve.pt%2F%2Fupload_files%2Fclient_id_1%2Fwebsite_id_3%2FDestaques%2F2025%2FCFA-jan_abr_2026.pdf&amp;type=click&amp;redirtxt=%C2%A0&amp;rv=fb77275f6bba05b6db655030cd226407\">\u00a0<\/a><br><br>Linhas de apoio ao Financiamento\u00a0<a href=\"https:\/\/rta5.od2.vtiger.com\/shorturl.php?id=694131fea8e104.07654920&amp;rid=A17473&amp;redirurl=https%3A%2F%2Facademiadigital.turismodeportugal.pt%2Findex.php%3Foption%3Dcom_training%26task%3Dshow%26id%3D8491%26Itemid%3D33&amp;type=click&amp;redirtxt=%2BInfo%C2%A0e+INSCRI%C3%87%C3%95ES&amp;rv=1cf62206564205e8de4e56a8f3210a31\">+Info\u00a0e INSCRI\u00c7\u00d5ES<\/a><a href=\"https:\/\/rta5.od2.vtiger.com\/shorturl.php?id=694131fea8e104.07654920&amp;rid=A17473&amp;redirurl=http%3A%2F%2Fchrome-extension%3A%2F%2Fefaidnbmnnnibpcajpcglclefindmkaj%2Fhttps%3A%2F%2Fcms.visitalgarve.pt%2F%2Fupload_files%2Fclient_id_1%2Fwebsite_id_3%2FDestaques%2F2025%2FCFA-jan_abr_2026.pdf&amp;type=click&amp;redirtxt=%C2%A0&amp;rv=fb77275f6bba05b6db655030cd226407\">\u00a0<\/a><br><br>Atendimento Inclusivo\u00a0<a href=\"https:\/\/rta5.od2.vtiger.com\/shorturl.php?id=694131fea8e104.07654920&amp;rid=A17473&amp;redirurl=https%3A%2F%2Facademiadigital.turismodeportugal.pt%2Findex.php%3Foption%3Dcom_training%26task%3Dshow%26id%3D8480%26Itemid%3D33&amp;type=click&amp;redirtxt=%2BInfo%C2%A0e+INSCRI%C3%87%C3%95ES&amp;rv=25492b69eb5646df60e9e06cb0c5defe\">+Info\u00a0e INSCRI\u00c7\u00d5ES<\/a>\u200b\u200b\u200b\u200b\u200b\u200b\u200b<a href=\"https:\/\/rta5.od2.vtiger.com\/shorturl.php?id=694131fea8e104.07654920&amp;rid=A17473&amp;redirurl=http%3A%2F%2Fchrome-extension%3A%2F%2Fefaidnbmnnnibpcajpcglclefindmkaj%2Fhttps%3A%2F%2Fcms.visitalgarve.pt%2F%2Fupload_files%2Fclient_id_1%2Fwebsite_id_3%2FDestaques%2F2025%2FCFA-jan_abr_2026.pdf&amp;type=click&amp;redirtxt=%C2%A0&amp;rv=fb77275f6bba05b6db655030cd226407\">\u00a0<\/a><br>Turismo cultural e valoriza\u00e7\u00e3o do Patrim\u00f3nio\u00a0<a href=\"https:\/\/rta5.od2.vtiger.com\/shorturl.php?id=694131fea8e104.07654920&amp;rid=A17473&amp;redirurl=https%3A%2F%2Facademiadigital.turismodeportugal.pt%2Findex.php%3Foption%3Dcom_training%26task%3Dshow%26id%3D8489%26Itemid%3D33&amp;type=click&amp;redirtxt=%2BInfo%C2%A0e+INSCRI%C3%87%C3%95ES&amp;rv=7d0c1151371b3d98af4a692989d47779\">+Info\u00a0e INSCRI\u00c7\u00d5ES<\/a>\u200b\u200b\u200b\u200b\u200b\u200b\u200b<a href=\"https:\/\/rta5.od2.vtiger.com\/shorturl.php?id=694131fea8e104.07654920&amp;rid=A17473&amp;redirurl=http%3A%2F%2Fchrome-extension%3A%2F%2Fefaidnbmnnnibpcajpcglclefindmkaj%2Fhttps%3A%2F%2Fcms.visitalgarve.pt%2F%2Fupload_files%2Fclient_id_1%2Fwebsite_id_3%2FDestaques%2F2025%2FCFA-jan_abr_2026.pdf&amp;type=click&amp;redirtxt=%C2%A0&amp;rv=fb77275f6bba05b6db655030cd226407\">\u00a0<\/a><br>Gest\u00e3o de produtos tur\u00edsticos\u00a0<a href=\"https:\/\/rta5.od2.vtiger.com\/shorturl.php?id=694131fea8e104.07654920&amp;rid=A17473&amp;redirurl=https%3A%2F%2Facademiadigital.turismodeportugal.pt%2Findex.php%3Foption%3Dcom_training%26task%3Dshow%26id%3D8490%26Itemid%3D33&amp;type=click&amp;redirtxt=%2BInfo%C2%A0e+INSCRI%C3%87%C3%95ES&amp;rv=1d2823015b3cc416aea98d7a8a81a41d\">+Info\u00a0e INSCRI\u00c7\u00d5ES<\/a>\u200b\u200b\u200b\u200b\u200b\u200b\u200b<a href=\"https:\/\/rta5.od2.vtiger.com\/shorturl.php?id=694131fea8e104.07654920&amp;rid=A17473&amp;redirurl=http%3A%2F%2Fchrome-extension%3A%2F%2Fefaidnbmnnnibpcajpcglclefindmkaj%2Fhttps%3A%2F%2Fcms.visitalgarve.pt%2F%2Fupload_files%2Fclient_id_1%2Fwebsite_id_3%2FDestaques%2F2025%2FCFA-jan_abr_2026.pdf&amp;type=click&amp;redirtxt=%C2%A0&amp;rv=fb77275f6bba05b6db655030cd226407\">\u00a0<\/a><br>Atendimento e\u00a0informa\u00e7\u00e3o tur\u00edstica\u00a0<a href=\"https:\/\/rta5.od2.vtiger.com\/shorturl.php?id=694131fea8e104.07654920&amp;rid=A17473&amp;redirurl=https%3A%2F%2Facademiadigital.turismodeportugal.pt%2Findex.php%3Foption%3Dcom_training%26task%3Dshow%26id%3D8479%26Itemid%3D33&amp;type=click&amp;redirtxt=%2BInfo%C2%A0e+INSCRI%C3%87%C3%95ES&amp;rv=58eabe849fe8c41a31b4b57dbce686ae\">+Info\u00a0e INSCRI\u00c7\u00d5ES<\/a><br>\u200b\u200b\u200b\u200b\u200b\u200b\u200b<a href=\"https:\/\/rta5.od2.vtiger.com\/shorturl.php?id=694131fea8e104.07654920&amp;rid=A17473&amp;redirurl=http%3A%2F%2Fchrome-extension%3A%2F%2Fefaidnbmnnnibpcajpcglclefindmkaj%2Fhttps%3A%2F%2Fcms.visitalgarve.pt%2F%2Fupload_files%2Fclient_id_1%2Fwebsite_id_3%2FDestaques%2F2025%2FCFA-jan_abr_2026.pdf&amp;type=click&amp;redirtxt=%C2%A0&amp;rv=fb77275f6bba05b6db655030cd226407\">\u00a0<\/a><\/p>\n","protected":false},"excerpt":{"rendered":"<p>O programa\u00a0COMPET\u00caNCIAS DO FUTURO ALGARVE, apresenta, em 2026, um conjunto abrangente de a\u00e7\u00f5es de forma\u00e7\u00e3o online e bootcamps presenciais gratuitos<\/p>\n","protected":false},"author":1,"featured_media":57177,"comment_status":"closed","ping_status":"closed","sticky":false,"template":"","format":"standard","meta":{"colormag_page_container_layout":"default_layout","colormag_page_sidebar_layout":"default_layout","_monsterinsights_skip_tracking":false,"_monsterinsights_sitenote_active":false,"_monsterinsights_sitenote_note":"","_monsterinsights_sitenote_category":0,"jetpack_post_was_ever_published":false,"_jetpack_newsletter_access":"","_jetpack_dont_email_post_to_subs":false,"_jetpack_newsletter_tier_id":0,"_jetpack_memberships_contains_paywalled_content":false,"_jetpack_memberships_contains_paid_content":false,"footnotes":"","jetpack_publicize_message":"","jetpack_publicize_feature_enabled":true,"jetpack_social_post_already_shared":true,"jetpack_social_options":{"image_generator_settings":{"template":"highway","default_image_id":0,"font":"","enabled":false},"version":2}},"categories":[17],"tags":[36,1069,45],"class_list":["post-57176","post","type-post","status-publish","format-standard","has-post-thumbnail","hentry","category-turismo","tag-algarve","tag-regiao-de-turismo-do-algarve","tag-turismo"],"yoast_head":"<!-- This site is optimized with the Yoast SEO plugin v27.5 - https:\/\/yoast.com\/product\/yoast-seo-wordpress\/ -->\n<title>Programa\u00a0\u201cCompet\u00eancias do futuro Algarve\u201d Forma\u00e7\u00e3o gratuita para o setor do Turismo - Algarve 7<\/title>\n<meta name=\"description\" content=\"Programa\u00a0\u201cCompet\u00eancias do futuro Algarve\u201d Forma\u00e7\u00e3o gratuita para o setor do Turismo Turismo\" \/>\n<meta name=\"robots\" content=\"index, follow, max-snippet:-1, max-image-preview:large, max-video-preview:-1\" \/>\n<link rel=\"canonical\" href=\"https:\/\/algarve7.pt\/index.php\/2025\/12\/programa-competencias-do-futuro-algarve-formacao-gratuita-para-o-setor-do-turismo\/turismo\/08\/00\/\" \/>\n<meta property=\"og:locale\" content=\"pt_PT\" \/>\n<meta property=\"og:type\" content=\"article\" \/>\n<meta property=\"og:title\" content=\"Programa\u00a0\u201cCompet\u00eancias do futuro Algarve\u201d Forma\u00e7\u00e3o gratuita para o setor do Turismo - Algarve 7\" \/>\n<meta property=\"og:description\" content=\"Programa\u00a0\u201cCompet\u00eancias do futuro Algarve\u201d Forma\u00e7\u00e3o gratuita para o setor do Turismo Turismo\" \/>\n<meta property=\"og:url\" content=\"https:\/\/algarve7.pt\/index.php\/2025\/12\/programa-competencias-do-futuro-algarve-formacao-gratuita-para-o-setor-do-turismo\/turismo\/08\/00\/\" \/>\n<meta property=\"og:site_name\" content=\"Algarve 7\" \/>\n<meta property=\"article:publisher\" content=\"https:\/\/www.facebook.com\/algarve7\" \/>\n<meta property=\"article:author\" content=\"https:\/\/www.facebook.com\/algarve7\" \/>\n<meta property=\"article:published_time\" content=\"2025-12-22T08:00:00+00:00\" \/>\n<meta property=\"og:image\" content=\"https:\/\/algarve7.pt\/wp-content\/uploads\/2025\/12\/Captura-de-ecra-2025-12-21-as-10.32.28.png\" \/>\n\t<meta property=\"og:image:width\" content=\"800\" \/>\n\t<meta property=\"og:image:height\" content=\"500\" \/>\n\t<meta property=\"og:image:type\" content=\"image\/png\" \/>\n<meta name=\"author\" content=\"Algarve 7\" \/>\n<meta name=\"twitter:card\" content=\"summary_large_image\" \/>\n<meta name=\"twitter:creator\" content=\"@Algarvesete\" \/>\n<meta name=\"twitter:site\" content=\"@Algarvesete\" \/>\n<meta name=\"twitter:label1\" content=\"Escrito por\" \/>\n\t<meta name=\"twitter:data1\" content=\"Algarve 7\" \/>\n\t<meta name=\"twitter:label2\" content=\"Tempo estimado de leitura\" \/>\n\t<meta name=\"twitter:data2\" content=\"2 minutos\" \/>\n<script type=\"application\/ld+json\" class=\"yoast-schema-graph\">{\"@context\":\"https:\\\/\\\/schema.org\",\"@graph\":[{\"@type\":\"Article\",\"@id\":\"https:\\\/\\\/algarve7.pt\\\/index.php\\\/2025\\\/12\\\/programa-competencias-do-futuro-algarve-formacao-gratuita-para-o-setor-do-turismo\\\/turismo\\\/08\\\/00\\\/#article\",\"isPartOf\":{\"@id\":\"https:\\\/\\\/algarve7.pt\\\/index.php\\\/2025\\\/12\\\/programa-competencias-do-futuro-algarve-formacao-gratuita-para-o-setor-do-turismo\\\/turismo\\\/08\\\/00\\\/\"},\"author\":{\"name\":\"Algarve 7\",\"@id\":\"https:\\\/\\\/algarve7.pt\\\/#\\\/schema\\\/person\\\/23fa70681308e7b319a3204bcea45e0c\"},\"headline\":\"Programa\u00a0\u201cCompet\u00eancias do futuro Algarve\u201d Forma\u00e7\u00e3o gratuita para o setor do Turismo\",\"datePublished\":\"2025-12-22T08:00:00+00:00\",\"mainEntityOfPage\":{\"@id\":\"https:\\\/\\\/algarve7.pt\\\/index.php\\\/2025\\\/12\\\/programa-competencias-do-futuro-algarve-formacao-gratuita-para-o-setor-do-turismo\\\/turismo\\\/08\\\/00\\\/\"},\"wordCount\":317,\"publisher\":{\"@id\":\"https:\\\/\\\/algarve7.pt\\\/#organization\"},\"image\":{\"@id\":\"https:\\\/\\\/algarve7.pt\\\/index.php\\\/2025\\\/12\\\/programa-competencias-do-futuro-algarve-formacao-gratuita-para-o-setor-do-turismo\\\/turismo\\\/08\\\/00\\\/#primaryimage\"},\"thumbnailUrl\":\"https:\\\/\\\/algarve7.pt\\\/wp-content\\\/uploads\\\/2025\\\/12\\\/Captura-de-ecra-2025-12-21-as-10.32.28.png\",\"keywords\":[\"Algarve\",\"Regi\u00e3o de Turismo do Algarve\",\"Turismo\"],\"articleSection\":[\"Turismo\"],\"inLanguage\":\"pt-PT\"},{\"@type\":\"WebPage\",\"@id\":\"https:\\\/\\\/algarve7.pt\\\/index.php\\\/2025\\\/12\\\/programa-competencias-do-futuro-algarve-formacao-gratuita-para-o-setor-do-turismo\\\/turismo\\\/08\\\/00\\\/\",\"url\":\"https:\\\/\\\/algarve7.pt\\\/index.php\\\/2025\\\/12\\\/programa-competencias-do-futuro-algarve-formacao-gratuita-para-o-setor-do-turismo\\\/turismo\\\/08\\\/00\\\/\",\"name\":\"Programa\u00a0\u201cCompet\u00eancias do futuro Algarve\u201d Forma\u00e7\u00e3o gratuita para o setor do Turismo - Algarve 7\",\"isPartOf\":{\"@id\":\"https:\\\/\\\/algarve7.pt\\\/#website\"},\"primaryImageOfPage\":{\"@id\":\"https:\\\/\\\/algarve7.pt\\\/index.php\\\/2025\\\/12\\\/programa-competencias-do-futuro-algarve-formacao-gratuita-para-o-setor-do-turismo\\\/turismo\\\/08\\\/00\\\/#primaryimage\"},\"image\":{\"@id\":\"https:\\\/\\\/algarve7.pt\\\/index.php\\\/2025\\\/12\\\/programa-competencias-do-futuro-algarve-formacao-gratuita-para-o-setor-do-turismo\\\/turismo\\\/08\\\/00\\\/#primaryimage\"},\"thumbnailUrl\":\"https:\\\/\\\/algarve7.pt\\\/wp-content\\\/uploads\\\/2025\\\/12\\\/Captura-de-ecra-2025-12-21-as-10.32.28.png\",\"datePublished\":\"2025-12-22T08:00:00+00:00\",\"description\":\"Programa\u00a0\u201cCompet\u00eancias do futuro Algarve\u201d Forma\u00e7\u00e3o gratuita para o setor do Turismo Turismo\",\"breadcrumb\":{\"@id\":\"https:\\\/\\\/algarve7.pt\\\/index.php\\\/2025\\\/12\\\/programa-competencias-do-futuro-algarve-formacao-gratuita-para-o-setor-do-turismo\\\/turismo\\\/08\\\/00\\\/#breadcrumb\"},\"inLanguage\":\"pt-PT\",\"potentialAction\":[{\"@type\":\"ReadAction\",\"target\":[\"https:\\\/\\\/algarve7.pt\\\/index.php\\\/2025\\\/12\\\/programa-competencias-do-futuro-algarve-formacao-gratuita-para-o-setor-do-turismo\\\/turismo\\\/08\\\/00\\\/\"]}]},{\"@type\":\"ImageObject\",\"inLanguage\":\"pt-PT\",\"@id\":\"https:\\\/\\\/algarve7.pt\\\/index.php\\\/2025\\\/12\\\/programa-competencias-do-futuro-algarve-formacao-gratuita-para-o-setor-do-turismo\\\/turismo\\\/08\\\/00\\\/#primaryimage\",\"url\":\"https:\\\/\\\/algarve7.pt\\\/wp-content\\\/uploads\\\/2025\\\/12\\\/Captura-de-ecra-2025-12-21-as-10.32.28.png\",\"contentUrl\":\"https:\\\/\\\/algarve7.pt\\\/wp-content\\\/uploads\\\/2025\\\/12\\\/Captura-de-ecra-2025-12-21-as-10.32.28.png\",\"width\":800,\"height\":500},{\"@type\":\"BreadcrumbList\",\"@id\":\"https:\\\/\\\/algarve7.pt\\\/index.php\\\/2025\\\/12\\\/programa-competencias-do-futuro-algarve-formacao-gratuita-para-o-setor-do-turismo\\\/turismo\\\/08\\\/00\\\/#breadcrumb\",\"itemListElement\":[{\"@type\":\"ListItem\",\"position\":1,\"name\":\"In\u00edcio\",\"item\":\"https:\\\/\\\/algarve7.pt\\\/\"},{\"@type\":\"ListItem\",\"position\":2,\"name\":\"Programa\u00a0\u201cCompet\u00eancias do futuro Algarve\u201d Forma\u00e7\u00e3o gratuita para o setor do Turismo\"}]},{\"@type\":\"WebSite\",\"@id\":\"https:\\\/\\\/algarve7.pt\\\/#website\",\"url\":\"https:\\\/\\\/algarve7.pt\\\/\",\"name\":\"Algarve 7\",\"description\":\"Informa\u00e7\u00e3o sobre o Algarve\",\"publisher\":{\"@id\":\"https:\\\/\\\/algarve7.pt\\\/#organization\"},\"potentialAction\":[{\"@type\":\"SearchAction\",\"target\":{\"@type\":\"EntryPoint\",\"urlTemplate\":\"https:\\\/\\\/algarve7.pt\\\/?s={search_term_string}\"},\"query-input\":{\"@type\":\"PropertyValueSpecification\",\"valueRequired\":true,\"valueName\":\"search_term_string\"}}],\"inLanguage\":\"pt-PT\"},{\"@type\":\"Organization\",\"@id\":\"https:\\\/\\\/algarve7.pt\\\/#organization\",\"name\":\"Algarve 7\",\"url\":\"https:\\\/\\\/algarve7.pt\\\/\",\"logo\":{\"@type\":\"ImageObject\",\"inLanguage\":\"pt-PT\",\"@id\":\"https:\\\/\\\/algarve7.pt\\\/#\\\/schema\\\/logo\\\/image\\\/\",\"url\":\"https:\\\/\\\/algarve7.pt\\\/wp-content\\\/uploads\\\/2020\\\/10\\\/Logo-8.jpg\",\"contentUrl\":\"https:\\\/\\\/algarve7.pt\\\/wp-content\\\/uploads\\\/2020\\\/10\\\/Logo-8.jpg\",\"width\":1680,\"height\":1186,\"caption\":\"Algarve 7\"},\"image\":{\"@id\":\"https:\\\/\\\/algarve7.pt\\\/#\\\/schema\\\/logo\\\/image\\\/\"},\"sameAs\":[\"https:\\\/\\\/www.facebook.com\\\/algarve7\",\"https:\\\/\\\/x.com\\\/Algarvesete\",\"https:\\\/\\\/www.instagram.com\\\/jornalalgarve7\\\/\",\"https:\\\/\\\/www.linkedin.com\\\/company\\\/algarve7\",\"https:\\\/\\\/www.pinterest.pt\\\/geral0939\\\/_created\\\/\"]},{\"@type\":\"Person\",\"@id\":\"https:\\\/\\\/algarve7.pt\\\/#\\\/schema\\\/person\\\/23fa70681308e7b319a3204bcea45e0c\",\"name\":\"Algarve 7\",\"sameAs\":[\"https:\\\/\\\/algarve7.pt\",\"https:\\\/\\\/www.facebook.com\\\/algarve7\"],\"url\":\"https:\\\/\\\/algarve7.pt\\\/index.php\\\/author\\\/geralalgarve7-pt\\\/\"}]}<\/script>\n<!-- \/ Yoast SEO plugin. -->","yoast_head_json":{"title":"Programa\u00a0\u201cCompet\u00eancias do futuro Algarve\u201d Forma\u00e7\u00e3o gratuita para o setor do Turismo - Algarve 7","description":"Programa\u00a0\u201cCompet\u00eancias do futuro Algarve\u201d Forma\u00e7\u00e3o gratuita para o setor do Turismo Turismo","robots":{"index":"index","follow":"follow","max-snippet":"max-snippet:-1","max-image-preview":"max-image-preview:large","max-video-preview":"max-video-preview:-1"},"canonical":"https:\/\/algarve7.pt\/index.php\/2025\/12\/programa-competencias-do-futuro-algarve-formacao-gratuita-para-o-setor-do-turismo\/turismo\/08\/00\/","og_locale":"pt_PT","og_type":"article","og_title":"Programa\u00a0\u201cCompet\u00eancias do futuro Algarve\u201d Forma\u00e7\u00e3o gratuita para o setor do Turismo - Algarve 7","og_description":"Programa\u00a0\u201cCompet\u00eancias do futuro Algarve\u201d Forma\u00e7\u00e3o gratuita para o setor do Turismo Turismo","og_url":"https:\/\/algarve7.pt\/index.php\/2025\/12\/programa-competencias-do-futuro-algarve-formacao-gratuita-para-o-setor-do-turismo\/turismo\/08\/00\/","og_site_name":"Algarve 7","article_publisher":"https:\/\/www.facebook.com\/algarve7","article_author":"https:\/\/www.facebook.com\/algarve7","article_published_time":"2025-12-22T08:00:00+00:00","og_image":[{"width":800,"height":500,"url":"https:\/\/algarve7.pt\/wp-content\/uploads\/2025\/12\/Captura-de-ecra-2025-12-21-as-10.32.28.png","type":"image\/png"}],"author":"Algarve 7","twitter_card":"summary_large_image","twitter_creator":"@Algarvesete","twitter_site":"@Algarvesete","twitter_misc":{"Escrito por":"Algarve 7","Tempo estimado de leitura":"2 minutos"},"schema":{"@context":"https:\/\/schema.org","@graph":[{"@type":"Article","@id":"https:\/\/algarve7.pt\/index.php\/2025\/12\/programa-competencias-do-futuro-algarve-formacao-gratuita-para-o-setor-do-turismo\/turismo\/08\/00\/#article","isPartOf":{"@id":"https:\/\/algarve7.pt\/index.php\/2025\/12\/programa-competencias-do-futuro-algarve-formacao-gratuita-para-o-setor-do-turismo\/turismo\/08\/00\/"},"author":{"name":"Algarve 7","@id":"https:\/\/algarve7.pt\/#\/schema\/person\/23fa70681308e7b319a3204bcea45e0c"},"headline":"Programa\u00a0\u201cCompet\u00eancias do futuro Algarve\u201d Forma\u00e7\u00e3o gratuita para o setor do Turismo","datePublished":"2025-12-22T08:00:00+00:00","mainEntityOfPage":{"@id":"https:\/\/algarve7.pt\/index.php\/2025\/12\/programa-competencias-do-futuro-algarve-formacao-gratuita-para-o-setor-do-turismo\/turismo\/08\/00\/"},"wordCount":317,"publisher":{"@id":"https:\/\/algarve7.pt\/#organization"},"image":{"@id":"https:\/\/algarve7.pt\/index.php\/2025\/12\/programa-competencias-do-futuro-algarve-formacao-gratuita-para-o-setor-do-turismo\/turismo\/08\/00\/#primaryimage"},"thumbnailUrl":"https:\/\/algarve7.pt\/wp-content\/uploads\/2025\/12\/Captura-de-ecra-2025-12-21-as-10.32.28.png","keywords":["Algarve","Regi\u00e3o de Turismo do Algarve","Turismo"],"articleSection":["Turismo"],"inLanguage":"pt-PT"},{"@type":"WebPage","@id":"https:\/\/algarve7.pt\/index.php\/2025\/12\/programa-competencias-do-futuro-algarve-formacao-gratuita-para-o-setor-do-turismo\/turismo\/08\/00\/","url":"https:\/\/algarve7.pt\/index.php\/2025\/12\/programa-competencias-do-futuro-algarve-formacao-gratuita-para-o-setor-do-turismo\/turismo\/08\/00\/","name":"Programa\u00a0\u201cCompet\u00eancias do futuro Algarve\u201d Forma\u00e7\u00e3o gratuita para o setor do Turismo - Algarve 7","isPartOf":{"@id":"https:\/\/algarve7.pt\/#website"},"primaryImageOfPage":{"@id":"https:\/\/algarve7.pt\/index.php\/2025\/12\/programa-competencias-do-futuro-algarve-formacao-gratuita-para-o-setor-do-turismo\/turismo\/08\/00\/#primaryimage"},"image":{"@id":"https:\/\/algarve7.pt\/index.php\/2025\/12\/programa-competencias-do-futuro-algarve-formacao-gratuita-para-o-setor-do-turismo\/turismo\/08\/00\/#primaryimage"},"thumbnailUrl":"https:\/\/algarve7.pt\/wp-content\/uploads\/2025\/12\/Captura-de-ecra-2025-12-21-as-10.32.28.png","datePublished":"2025-12-22T08:00:00+00:00","description":"Programa\u00a0\u201cCompet\u00eancias do futuro Algarve\u201d Forma\u00e7\u00e3o gratuita para o setor do Turismo Turismo","breadcrumb":{"@id":"https:\/\/algarve7.pt\/index.php\/2025\/12\/programa-competencias-do-futuro-algarve-formacao-gratuita-para-o-setor-do-turismo\/turismo\/08\/00\/#breadcrumb"},"inLanguage":"pt-PT","potentialAction":[{"@type":"ReadAction","target":["https:\/\/algarve7.pt\/index.php\/2025\/12\/programa-competencias-do-futuro-algarve-formacao-gratuita-para-o-setor-do-turismo\/turismo\/08\/00\/"]}]},{"@type":"ImageObject","inLanguage":"pt-PT","@id":"https:\/\/algarve7.pt\/index.php\/2025\/12\/programa-competencias-do-futuro-algarve-formacao-gratuita-para-o-setor-do-turismo\/turismo\/08\/00\/#primaryimage","url":"https:\/\/algarve7.pt\/wp-content\/uploads\/2025\/12\/Captura-de-ecra-2025-12-21-as-10.32.28.png","contentUrl":"https:\/\/algarve7.pt\/wp-content\/uploads\/2025\/12\/Captura-de-ecra-2025-12-21-as-10.32.28.png","width":800,"height":500},{"@type":"BreadcrumbList","@id":"https:\/\/algarve7.pt\/index.php\/2025\/12\/programa-competencias-do-futuro-algarve-formacao-gratuita-para-o-setor-do-turismo\/turismo\/08\/00\/#breadcrumb","itemListElement":[{"@type":"ListItem","position":1,"name":"In\u00edcio","item":"https:\/\/algarve7.pt\/"},{"@type":"ListItem","position":2,"name":"Programa\u00a0\u201cCompet\u00eancias do futuro Algarve\u201d Forma\u00e7\u00e3o gratuita para o setor do Turismo"}]},{"@type":"WebSite","@id":"https:\/\/algarve7.pt\/#website","url":"https:\/\/algarve7.pt\/","name":"Algarve 7","description":"Informa\u00e7\u00e3o sobre o Algarve","publisher":{"@id":"https:\/\/algarve7.pt\/#organization"},"potentialAction":[{"@type":"SearchAction","target":{"@type":"EntryPoint","urlTemplate":"https:\/\/algarve7.pt\/?s={search_term_string}"},"query-input":{"@type":"PropertyValueSpecification","valueRequired":true,"valueName":"search_term_string"}}],"inLanguage":"pt-PT"},{"@type":"Organization","@id":"https:\/\/algarve7.pt\/#organization","name":"Algarve 7","url":"https:\/\/algarve7.pt\/","logo":{"@type":"ImageObject","inLanguage":"pt-PT","@id":"https:\/\/algarve7.pt\/#\/schema\/logo\/image\/","url":"https:\/\/algarve7.pt\/wp-content\/uploads\/2020\/10\/Logo-8.jpg","contentUrl":"https:\/\/algarve7.pt\/wp-content\/uploads\/2020\/10\/Logo-8.jpg","width":1680,"height":1186,"caption":"Algarve 7"},"image":{"@id":"https:\/\/algarve7.pt\/#\/schema\/logo\/image\/"},"sameAs":["https:\/\/www.facebook.com\/algarve7","https:\/\/x.com\/Algarvesete","https:\/\/www.instagram.com\/jornalalgarve7\/","https:\/\/www.linkedin.com\/company\/algarve7","https:\/\/www.pinterest.pt\/geral0939\/_created\/"]},{"@type":"Person","@id":"https:\/\/algarve7.pt\/#\/schema\/person\/23fa70681308e7b319a3204bcea45e0c","name":"Algarve 7","sameAs":["https:\/\/algarve7.pt","https:\/\/www.facebook.com\/algarve7"],"url":"https:\/\/algarve7.pt\/index.php\/author\/geralalgarve7-pt\/"}]}},"jetpack_publicize_connections":[],"jetpack_featured_media_url":"https:\/\/algarve7.pt\/wp-content\/uploads\/2025\/12\/Captura-de-ecra-2025-12-21-as-10.32.28.png","jetpack_shortlink":"https:\/\/wp.me\/pcezmW-eSc","jetpack_sharing_enabled":true,"_links":{"self":[{"href":"https:\/\/algarve7.pt\/index.php\/wp-json\/wp\/v2\/posts\/57176","targetHints":{"allow":["GET"]}}],"collection":[{"href":"https:\/\/algarve7.pt\/index.php\/wp-json\/wp\/v2\/posts"}],"about":[{"href":"https:\/\/algarve7.pt\/index.php\/wp-json\/wp\/v2\/types\/post"}],"author":[{"embeddable":true,"href":"https:\/\/algarve7.pt\/index.php\/wp-json\/wp\/v2\/users\/1"}],"replies":[{"embeddable":true,"href":"https:\/\/algarve7.pt\/index.php\/wp-json\/wp\/v2\/comments?post=57176"}],"version-history":[{"count":0,"href":"https:\/\/algarve7.pt\/index.php\/wp-json\/wp\/v2\/posts\/57176\/revisions"}],"wp:featuredmedia":[{"embeddable":true,"href":"https:\/\/algarve7.pt\/index.php\/wp-json\/wp\/v2\/media\/57177"}],"wp:attachment":[{"href":"https:\/\/algarve7.pt\/index.php\/wp-json\/wp\/v2\/media?parent=57176"}],"wp:term":[{"taxonomy":"category","embeddable":true,"href":"https:\/\/algarve7.pt\/index.php\/wp-json\/wp\/v2\/categories?post=57176"},{"taxonomy":"post_tag","embeddable":true,"href":"https:\/\/algarve7.pt\/index.php\/wp-json\/wp\/v2\/tags?post=57176"}],"curies":[{"name":"wp","href":"https:\/\/api.w.org\/{rel}","templated":true}]}}