{"id":57018,"date":"2025-12-16T10:26:04","date_gmt":"2025-12-16T10:26:04","guid":{"rendered":"https:\/\/algarve7.pt\/?p=57018"},"modified":"2025-12-16T10:26:10","modified_gmt":"2025-12-16T10:26:10","slug":"confirmado-o-regresso-da-formula-1-a-portugal","status":"publish","type":"post","link":"https:\/\/algarve7.pt\/index.php\/2025\/12\/confirmado-o-regresso-da-formula-1-a-portugal\/desporto\/10\/26\/","title":{"rendered":"Confirmado o regresso da F\u00f3rmula 1\u00a0a Portugal"},"content":{"rendered":"\n<p>A&nbsp;<strong>F\u00f3rmula 1\u00ae<\/strong>&nbsp;anunciou hoje que regressar\u00e1 ao pa\u00eds no \u00e2mbito de um acordo de dois anos celebrado entre o Governo Portugu\u00eas, o Turismo de Portugal, o Turismo do Algarve e o Aut\u00f3dromo Internacional do Algarve.<br>O circuito de Portim\u00e3o, que recebeu o Grande Pr\u00e9mio de Portugal de F\u00f3rmula 1 em 2020 e 2021, volta a integrar o calend\u00e1rio global da modalidade ap\u00f3s ter desempenhado um papel decisivo no regresso da categoria durante a pandemia de COVID-19.<br>Localizado no sul de Portugal, regi\u00e3o de refer\u00eancia internacional pelo seu patrim\u00f3nio natural e cultural, o Circuito de Portim\u00e3o oferece um tra\u00e7ado t\u00e9cnico de 4,6 km, marcado pelas suas ic\u00f3nicas varia\u00e7\u00f5es de altitude, que culminam numa descida desafiante para a curva final antes da reta da meta. Estas caracter\u00edsticas t\u00eam sido amplamente reconhecidas tanto por pilotos como por equipas, contribuindo para a reputa\u00e7\u00e3o do tra\u00e7ado como um dos mais exigentes e emocionantes do mundo.<br>Ap\u00f3s 20 anos de aus\u00eancia de Portugal, foi em 2020 que se voltou a fazer hist\u00f3ria, com o regresso da competi\u00e7\u00e3o ao pa\u00eds, sendo tamb\u00e9m em Portim\u00e3o que Lewis Hamilton ultrapassou o recorde de vit\u00f3rias de Michael Schumacher, em Grande Pr\u00e9mio de F\u00f3rmula 1, ao garantir o seu 92.\u00ba triunfo, em 2021. Hamilton continua a ser o \u00fanico piloto do atual pelot\u00e3o a ter vencido no circuito.<br>Este regresso mais recente refor\u00e7a uma hist\u00f3ria prestigiante que Portugal tem na F\u00f3rmula 1\u00ae, tendo acolhido o seu primeiro Grande Pr\u00e9mio no Porto, em 1958, bem como fins de semana de corrida em Monsanto e no Estoril, ao longo dos 75 anos da modalidade.<br><br><strong>Jaime Costa, Chairman e CEO do Aut\u00f3dromo Internacional do Algarve, afirma:<\/strong><\/p>\n\n\n\n<p>\u201c\u00c9 com enorme orgulho que confirmamos o regresso da F\u00f3rmula 1 a Portugal e ao Aut\u00f3dromo Internacional do Algarve. Este an\u00fancio representa o reconhecimento da excel\u00eancia t\u00e9cnica do nosso circuito, e tamb\u00e9m um palco para a demonstra\u00e7\u00e3o da paix\u00e3o e dedica\u00e7\u00e3o dos nossos f\u00e3s. O Grande Pr\u00e9mio de Portugal constituir\u00e1 um impulso significativo para o turismo, para a economia local e para toda a comunidade. Esta conquista s\u00f3 foi poss\u00edvel gra\u00e7as ao apoio cont\u00ednuo do Governo Portugu\u00eas, do Turismo de Portugal e do Turismo do Algarve, a quem expressamos o nosso sincero agradecimento.<br>O tra\u00e7ado \u00fanico da nossa pista continuar\u00e1 a desafiar os melhores pilotos do mundo e a proporcionar um espet\u00e1culo incompar\u00e1vel. Estamos totalmente empenhados em assegurar uma edi\u00e7\u00e3o memor\u00e1vel e em elevar, mais uma vez, os padr\u00f5es de qualidade dentro e fora da pista.\u201d<br><br>O Aut\u00f3dromo Internacional do Algarve refor\u00e7a, assim, o seu compromisso em continuar a posicionar Portugal e o Algarve entre os destinos de refer\u00eancia do desporto motorizado internacional. A ic\u00f3nica &#8220;montanha-russa&#8221; do Algarve entra no calend\u00e1rio da F1 e vai receber os melhores pilotos do mundo em 2027 e 2028.<br><br><strong>As datas para a realiza\u00e7\u00e3o do Grande Pr\u00e9mio de Portugal ainda n\u00e3o est\u00e3o definidas, pelo que as informa\u00e7\u00f5es relativas \u00e0 venda de bilhetes ser\u00e3o divulgadas oportunamente.<\/strong><\/p>\n","protected":false},"excerpt":{"rendered":"<p>A&nbsp;F\u00f3rmula 1\u00ae&nbsp;anunciou hoje que regressar\u00e1 ao pa\u00eds no \u00e2mbito de um acordo de dois anos celebrado entre o Governo Portugu\u00eas,<\/p>\n","protected":false},"author":1,"featured_media":57019,"comment_status":"closed","ping_status":"closed","sticky":false,"template":"","format":"standard","meta":{"colormag_page_container_layout":"default_layout","colormag_page_sidebar_layout":"default_layout","_monsterinsights_skip_tracking":false,"_monsterinsights_sitenote_active":false,"_monsterinsights_sitenote_note":"","_monsterinsights_sitenote_category":0,"jetpack_post_was_ever_published":false,"_jetpack_newsletter_access":"","_jetpack_dont_email_post_to_subs":false,"_jetpack_newsletter_tier_id":0,"_jetpack_memberships_contains_paywalled_content":false,"_jetpack_memberships_contains_paid_content":false,"footnotes":"","jetpack_publicize_message":"","jetpack_publicize_feature_enabled":true,"jetpack_social_post_already_shared":true,"jetpack_social_options":{"image_generator_settings":{"template":"highway","default_image_id":0,"font":"","enabled":false},"version":2}},"categories":[15],"tags":[36,239,40,209,72],"class_list":["post-57018","post","type-post","status-publish","format-standard","has-post-thumbnail","hentry","category-desporto","tag-algarve","tag-autodromo-internacional-do-algarve","tag-desporto","tag-formula-1","tag-portimao"],"yoast_head":"<!-- This site is optimized with the Yoast SEO plugin v27.5 - https:\/\/yoast.com\/product\/yoast-seo-wordpress\/ -->\n<title>Confirmado o regresso da F\u00f3rmula 1\u00a0a Portugal - Algarve 7<\/title>\n<meta name=\"description\" content=\"Confirmado o regresso da F\u00f3rmula 1\u00a0a Portugal Desporto\" \/>\n<meta name=\"robots\" content=\"index, follow, max-snippet:-1, max-image-preview:large, max-video-preview:-1\" \/>\n<link rel=\"canonical\" href=\"https:\/\/algarve7.pt\/index.php\/2025\/12\/confirmado-o-regresso-da-formula-1-a-portugal\/desporto\/10\/26\/\" \/>\n<meta property=\"og:locale\" content=\"pt_PT\" \/>\n<meta property=\"og:type\" content=\"article\" \/>\n<meta property=\"og:title\" content=\"Confirmado o regresso da F\u00f3rmula 1\u00a0a Portugal - Algarve 7\" \/>\n<meta property=\"og:description\" content=\"Confirmado o regresso da F\u00f3rmula 1\u00a0a Portugal Desporto\" \/>\n<meta property=\"og:url\" content=\"https:\/\/algarve7.pt\/index.php\/2025\/12\/confirmado-o-regresso-da-formula-1-a-portugal\/desporto\/10\/26\/\" \/>\n<meta property=\"og:site_name\" content=\"Algarve 7\" \/>\n<meta property=\"article:publisher\" content=\"https:\/\/www.facebook.com\/algarve7\" \/>\n<meta property=\"article:author\" content=\"https:\/\/www.facebook.com\/algarve7\" \/>\n<meta property=\"article:published_time\" content=\"2025-12-16T10:26:04+00:00\" \/>\n<meta property=\"article:modified_time\" content=\"2025-12-16T10:26:10+00:00\" \/>\n<meta property=\"og:image\" content=\"https:\/\/algarve7.pt\/wp-content\/uploads\/2025\/12\/AIA.png\" \/>\n\t<meta property=\"og:image:width\" content=\"800\" \/>\n\t<meta property=\"og:image:height\" content=\"500\" \/>\n\t<meta property=\"og:image:type\" content=\"image\/png\" \/>\n<meta name=\"author\" content=\"Algarve 7\" \/>\n<meta name=\"twitter:card\" content=\"summary_large_image\" \/>\n<meta name=\"twitter:creator\" content=\"@Algarvesete\" \/>\n<meta name=\"twitter:site\" content=\"@Algarvesete\" \/>\n<meta name=\"twitter:label1\" content=\"Escrito por\" \/>\n\t<meta name=\"twitter:data1\" content=\"Algarve 7\" \/>\n\t<meta name=\"twitter:label2\" content=\"Tempo estimado de leitura\" \/>\n\t<meta name=\"twitter:data2\" content=\"3 minutos\" \/>\n<script type=\"application\/ld+json\" class=\"yoast-schema-graph\">{\"@context\":\"https:\\\/\\\/schema.org\",\"@graph\":[{\"@type\":\"Article\",\"@id\":\"https:\\\/\\\/algarve7.pt\\\/index.php\\\/2025\\\/12\\\/confirmado-o-regresso-da-formula-1-a-portugal\\\/desporto\\\/10\\\/26\\\/#article\",\"isPartOf\":{\"@id\":\"https:\\\/\\\/algarve7.pt\\\/index.php\\\/2025\\\/12\\\/confirmado-o-regresso-da-formula-1-a-portugal\\\/desporto\\\/10\\\/26\\\/\"},\"author\":{\"name\":\"Algarve 7\",\"@id\":\"https:\\\/\\\/algarve7.pt\\\/#\\\/schema\\\/person\\\/23fa70681308e7b319a3204bcea45e0c\"},\"headline\":\"Confirmado o regresso da F\u00f3rmula 1\u00a0a Portugal\",\"datePublished\":\"2025-12-16T10:26:04+00:00\",\"dateModified\":\"2025-12-16T10:26:10+00:00\",\"mainEntityOfPage\":{\"@id\":\"https:\\\/\\\/algarve7.pt\\\/index.php\\\/2025\\\/12\\\/confirmado-o-regresso-da-formula-1-a-portugal\\\/desporto\\\/10\\\/26\\\/\"},\"wordCount\":545,\"publisher\":{\"@id\":\"https:\\\/\\\/algarve7.pt\\\/#organization\"},\"image\":{\"@id\":\"https:\\\/\\\/algarve7.pt\\\/index.php\\\/2025\\\/12\\\/confirmado-o-regresso-da-formula-1-a-portugal\\\/desporto\\\/10\\\/26\\\/#primaryimage\"},\"thumbnailUrl\":\"https:\\\/\\\/algarve7.pt\\\/wp-content\\\/uploads\\\/2025\\\/12\\\/AIA.png\",\"keywords\":[\"Algarve\",\"Aut\u00f3dromo Internacional do Algarve\",\"Desporto\",\"Formula 1\",\"Portim\u00e3o\"],\"articleSection\":[\"Desporto\"],\"inLanguage\":\"pt-PT\"},{\"@type\":\"WebPage\",\"@id\":\"https:\\\/\\\/algarve7.pt\\\/index.php\\\/2025\\\/12\\\/confirmado-o-regresso-da-formula-1-a-portugal\\\/desporto\\\/10\\\/26\\\/\",\"url\":\"https:\\\/\\\/algarve7.pt\\\/index.php\\\/2025\\\/12\\\/confirmado-o-regresso-da-formula-1-a-portugal\\\/desporto\\\/10\\\/26\\\/\",\"name\":\"Confirmado o regresso da F\u00f3rmula 1\u00a0a Portugal - Algarve 7\",\"isPartOf\":{\"@id\":\"https:\\\/\\\/algarve7.pt\\\/#website\"},\"primaryImageOfPage\":{\"@id\":\"https:\\\/\\\/algarve7.pt\\\/index.php\\\/2025\\\/12\\\/confirmado-o-regresso-da-formula-1-a-portugal\\\/desporto\\\/10\\\/26\\\/#primaryimage\"},\"image\":{\"@id\":\"https:\\\/\\\/algarve7.pt\\\/index.php\\\/2025\\\/12\\\/confirmado-o-regresso-da-formula-1-a-portugal\\\/desporto\\\/10\\\/26\\\/#primaryimage\"},\"thumbnailUrl\":\"https:\\\/\\\/algarve7.pt\\\/wp-content\\\/uploads\\\/2025\\\/12\\\/AIA.png\",\"datePublished\":\"2025-12-16T10:26:04+00:00\",\"dateModified\":\"2025-12-16T10:26:10+00:00\",\"description\":\"Confirmado o regresso da F\u00f3rmula 1\u00a0a Portugal Desporto\",\"breadcrumb\":{\"@id\":\"https:\\\/\\\/algarve7.pt\\\/index.php\\\/2025\\\/12\\\/confirmado-o-regresso-da-formula-1-a-portugal\\\/desporto\\\/10\\\/26\\\/#breadcrumb\"},\"inLanguage\":\"pt-PT\",\"potentialAction\":[{\"@type\":\"ReadAction\",\"target\":[\"https:\\\/\\\/algarve7.pt\\\/index.php\\\/2025\\\/12\\\/confirmado-o-regresso-da-formula-1-a-portugal\\\/desporto\\\/10\\\/26\\\/\"]}]},{\"@type\":\"ImageObject\",\"inLanguage\":\"pt-PT\",\"@id\":\"https:\\\/\\\/algarve7.pt\\\/index.php\\\/2025\\\/12\\\/confirmado-o-regresso-da-formula-1-a-portugal\\\/desporto\\\/10\\\/26\\\/#primaryimage\",\"url\":\"https:\\\/\\\/algarve7.pt\\\/wp-content\\\/uploads\\\/2025\\\/12\\\/AIA.png\",\"contentUrl\":\"https:\\\/\\\/algarve7.pt\\\/wp-content\\\/uploads\\\/2025\\\/12\\\/AIA.png\",\"width\":800,\"height\":500},{\"@type\":\"BreadcrumbList\",\"@id\":\"https:\\\/\\\/algarve7.pt\\\/index.php\\\/2025\\\/12\\\/confirmado-o-regresso-da-formula-1-a-portugal\\\/desporto\\\/10\\\/26\\\/#breadcrumb\",\"itemListElement\":[{\"@type\":\"ListItem\",\"position\":1,\"name\":\"In\u00edcio\",\"item\":\"https:\\\/\\\/algarve7.pt\\\/\"},{\"@type\":\"ListItem\",\"position\":2,\"name\":\"Confirmado o regresso da F\u00f3rmula 1\u00a0a Portugal\"}]},{\"@type\":\"WebSite\",\"@id\":\"https:\\\/\\\/algarve7.pt\\\/#website\",\"url\":\"https:\\\/\\\/algarve7.pt\\\/\",\"name\":\"Algarve 7\",\"description\":\"Informa\u00e7\u00e3o sobre o Algarve\",\"publisher\":{\"@id\":\"https:\\\/\\\/algarve7.pt\\\/#organization\"},\"potentialAction\":[{\"@type\":\"SearchAction\",\"target\":{\"@type\":\"EntryPoint\",\"urlTemplate\":\"https:\\\/\\\/algarve7.pt\\\/?s={search_term_string}\"},\"query-input\":{\"@type\":\"PropertyValueSpecification\",\"valueRequired\":true,\"valueName\":\"search_term_string\"}}],\"inLanguage\":\"pt-PT\"},{\"@type\":\"Organization\",\"@id\":\"https:\\\/\\\/algarve7.pt\\\/#organization\",\"name\":\"Algarve 7\",\"url\":\"https:\\\/\\\/algarve7.pt\\\/\",\"logo\":{\"@type\":\"ImageObject\",\"inLanguage\":\"pt-PT\",\"@id\":\"https:\\\/\\\/algarve7.pt\\\/#\\\/schema\\\/logo\\\/image\\\/\",\"url\":\"https:\\\/\\\/algarve7.pt\\\/wp-content\\\/uploads\\\/2020\\\/10\\\/Logo-8.jpg\",\"contentUrl\":\"https:\\\/\\\/algarve7.pt\\\/wp-content\\\/uploads\\\/2020\\\/10\\\/Logo-8.jpg\",\"width\":1680,\"height\":1186,\"caption\":\"Algarve 7\"},\"image\":{\"@id\":\"https:\\\/\\\/algarve7.pt\\\/#\\\/schema\\\/logo\\\/image\\\/\"},\"sameAs\":[\"https:\\\/\\\/www.facebook.com\\\/algarve7\",\"https:\\\/\\\/x.com\\\/Algarvesete\",\"https:\\\/\\\/www.instagram.com\\\/jornalalgarve7\\\/\",\"https:\\\/\\\/www.linkedin.com\\\/company\\\/algarve7\",\"https:\\\/\\\/www.pinterest.pt\\\/geral0939\\\/_created\\\/\"]},{\"@type\":\"Person\",\"@id\":\"https:\\\/\\\/algarve7.pt\\\/#\\\/schema\\\/person\\\/23fa70681308e7b319a3204bcea45e0c\",\"name\":\"Algarve 7\",\"sameAs\":[\"https:\\\/\\\/algarve7.pt\",\"https:\\\/\\\/www.facebook.com\\\/algarve7\"],\"url\":\"https:\\\/\\\/algarve7.pt\\\/index.php\\\/author\\\/geralalgarve7-pt\\\/\"}]}<\/script>\n<!-- \/ Yoast SEO plugin. -->","yoast_head_json":{"title":"Confirmado o regresso da F\u00f3rmula 1\u00a0a Portugal - Algarve 7","description":"Confirmado o regresso da F\u00f3rmula 1\u00a0a Portugal Desporto","robots":{"index":"index","follow":"follow","max-snippet":"max-snippet:-1","max-image-preview":"max-image-preview:large","max-video-preview":"max-video-preview:-1"},"canonical":"https:\/\/algarve7.pt\/index.php\/2025\/12\/confirmado-o-regresso-da-formula-1-a-portugal\/desporto\/10\/26\/","og_locale":"pt_PT","og_type":"article","og_title":"Confirmado o regresso da F\u00f3rmula 1\u00a0a Portugal - Algarve 7","og_description":"Confirmado o regresso da F\u00f3rmula 1\u00a0a Portugal Desporto","og_url":"https:\/\/algarve7.pt\/index.php\/2025\/12\/confirmado-o-regresso-da-formula-1-a-portugal\/desporto\/10\/26\/","og_site_name":"Algarve 7","article_publisher":"https:\/\/www.facebook.com\/algarve7","article_author":"https:\/\/www.facebook.com\/algarve7","article_published_time":"2025-12-16T10:26:04+00:00","article_modified_time":"2025-12-16T10:26:10+00:00","og_image":[{"width":800,"height":500,"url":"https:\/\/algarve7.pt\/wp-content\/uploads\/2025\/12\/AIA.png","type":"image\/png"}],"author":"Algarve 7","twitter_card":"summary_large_image","twitter_creator":"@Algarvesete","twitter_site":"@Algarvesete","twitter_misc":{"Escrito por":"Algarve 7","Tempo estimado de leitura":"3 minutos"},"schema":{"@context":"https:\/\/schema.org","@graph":[{"@type":"Article","@id":"https:\/\/algarve7.pt\/index.php\/2025\/12\/confirmado-o-regresso-da-formula-1-a-portugal\/desporto\/10\/26\/#article","isPartOf":{"@id":"https:\/\/algarve7.pt\/index.php\/2025\/12\/confirmado-o-regresso-da-formula-1-a-portugal\/desporto\/10\/26\/"},"author":{"name":"Algarve 7","@id":"https:\/\/algarve7.pt\/#\/schema\/person\/23fa70681308e7b319a3204bcea45e0c"},"headline":"Confirmado o regresso da F\u00f3rmula 1\u00a0a Portugal","datePublished":"2025-12-16T10:26:04+00:00","dateModified":"2025-12-16T10:26:10+00:00","mainEntityOfPage":{"@id":"https:\/\/algarve7.pt\/index.php\/2025\/12\/confirmado-o-regresso-da-formula-1-a-portugal\/desporto\/10\/26\/"},"wordCount":545,"publisher":{"@id":"https:\/\/algarve7.pt\/#organization"},"image":{"@id":"https:\/\/algarve7.pt\/index.php\/2025\/12\/confirmado-o-regresso-da-formula-1-a-portugal\/desporto\/10\/26\/#primaryimage"},"thumbnailUrl":"https:\/\/algarve7.pt\/wp-content\/uploads\/2025\/12\/AIA.png","keywords":["Algarve","Aut\u00f3dromo Internacional do Algarve","Desporto","Formula 1","Portim\u00e3o"],"articleSection":["Desporto"],"inLanguage":"pt-PT"},{"@type":"WebPage","@id":"https:\/\/algarve7.pt\/index.php\/2025\/12\/confirmado-o-regresso-da-formula-1-a-portugal\/desporto\/10\/26\/","url":"https:\/\/algarve7.pt\/index.php\/2025\/12\/confirmado-o-regresso-da-formula-1-a-portugal\/desporto\/10\/26\/","name":"Confirmado o regresso da F\u00f3rmula 1\u00a0a Portugal - Algarve 7","isPartOf":{"@id":"https:\/\/algarve7.pt\/#website"},"primaryImageOfPage":{"@id":"https:\/\/algarve7.pt\/index.php\/2025\/12\/confirmado-o-regresso-da-formula-1-a-portugal\/desporto\/10\/26\/#primaryimage"},"image":{"@id":"https:\/\/algarve7.pt\/index.php\/2025\/12\/confirmado-o-regresso-da-formula-1-a-portugal\/desporto\/10\/26\/#primaryimage"},"thumbnailUrl":"https:\/\/algarve7.pt\/wp-content\/uploads\/2025\/12\/AIA.png","datePublished":"2025-12-16T10:26:04+00:00","dateModified":"2025-12-16T10:26:10+00:00","description":"Confirmado o regresso da F\u00f3rmula 1\u00a0a Portugal Desporto","breadcrumb":{"@id":"https:\/\/algarve7.pt\/index.php\/2025\/12\/confirmado-o-regresso-da-formula-1-a-portugal\/desporto\/10\/26\/#breadcrumb"},"inLanguage":"pt-PT","potentialAction":[{"@type":"ReadAction","target":["https:\/\/algarve7.pt\/index.php\/2025\/12\/confirmado-o-regresso-da-formula-1-a-portugal\/desporto\/10\/26\/"]}]},{"@type":"ImageObject","inLanguage":"pt-PT","@id":"https:\/\/algarve7.pt\/index.php\/2025\/12\/confirmado-o-regresso-da-formula-1-a-portugal\/desporto\/10\/26\/#primaryimage","url":"https:\/\/algarve7.pt\/wp-content\/uploads\/2025\/12\/AIA.png","contentUrl":"https:\/\/algarve7.pt\/wp-content\/uploads\/2025\/12\/AIA.png","width":800,"height":500},{"@type":"BreadcrumbList","@id":"https:\/\/algarve7.pt\/index.php\/2025\/12\/confirmado-o-regresso-da-formula-1-a-portugal\/desporto\/10\/26\/#breadcrumb","itemListElement":[{"@type":"ListItem","position":1,"name":"In\u00edcio","item":"https:\/\/algarve7.pt\/"},{"@type":"ListItem","position":2,"name":"Confirmado o regresso da F\u00f3rmula 1\u00a0a Portugal"}]},{"@type":"WebSite","@id":"https:\/\/algarve7.pt\/#website","url":"https:\/\/algarve7.pt\/","name":"Algarve 7","description":"Informa\u00e7\u00e3o sobre o Algarve","publisher":{"@id":"https:\/\/algarve7.pt\/#organization"},"potentialAction":[{"@type":"SearchAction","target":{"@type":"EntryPoint","urlTemplate":"https:\/\/algarve7.pt\/?s={search_term_string}"},"query-input":{"@type":"PropertyValueSpecification","valueRequired":true,"valueName":"search_term_string"}}],"inLanguage":"pt-PT"},{"@type":"Organization","@id":"https:\/\/algarve7.pt\/#organization","name":"Algarve 7","url":"https:\/\/algarve7.pt\/","logo":{"@type":"ImageObject","inLanguage":"pt-PT","@id":"https:\/\/algarve7.pt\/#\/schema\/logo\/image\/","url":"https:\/\/algarve7.pt\/wp-content\/uploads\/2020\/10\/Logo-8.jpg","contentUrl":"https:\/\/algarve7.pt\/wp-content\/uploads\/2020\/10\/Logo-8.jpg","width":1680,"height":1186,"caption":"Algarve 7"},"image":{"@id":"https:\/\/algarve7.pt\/#\/schema\/logo\/image\/"},"sameAs":["https:\/\/www.facebook.com\/algarve7","https:\/\/x.com\/Algarvesete","https:\/\/www.instagram.com\/jornalalgarve7\/","https:\/\/www.linkedin.com\/company\/algarve7","https:\/\/www.pinterest.pt\/geral0939\/_created\/"]},{"@type":"Person","@id":"https:\/\/algarve7.pt\/#\/schema\/person\/23fa70681308e7b319a3204bcea45e0c","name":"Algarve 7","sameAs":["https:\/\/algarve7.pt","https:\/\/www.facebook.com\/algarve7"],"url":"https:\/\/algarve7.pt\/index.php\/author\/geralalgarve7-pt\/"}]}},"jetpack_publicize_connections":[],"jetpack_featured_media_url":"https:\/\/algarve7.pt\/wp-content\/uploads\/2025\/12\/AIA.png","jetpack_shortlink":"https:\/\/wp.me\/pcezmW-ePE","jetpack_sharing_enabled":true,"_links":{"self":[{"href":"https:\/\/algarve7.pt\/index.php\/wp-json\/wp\/v2\/posts\/57018","targetHints":{"allow":["GET"]}}],"collection":[{"href":"https:\/\/algarve7.pt\/index.php\/wp-json\/wp\/v2\/posts"}],"about":[{"href":"https:\/\/algarve7.pt\/index.php\/wp-json\/wp\/v2\/types\/post"}],"author":[{"embeddable":true,"href":"https:\/\/algarve7.pt\/index.php\/wp-json\/wp\/v2\/users\/1"}],"replies":[{"embeddable":true,"href":"https:\/\/algarve7.pt\/index.php\/wp-json\/wp\/v2\/comments?post=57018"}],"version-history":[{"count":0,"href":"https:\/\/algarve7.pt\/index.php\/wp-json\/wp\/v2\/posts\/57018\/revisions"}],"wp:featuredmedia":[{"embeddable":true,"href":"https:\/\/algarve7.pt\/index.php\/wp-json\/wp\/v2\/media\/57019"}],"wp:attachment":[{"href":"https:\/\/algarve7.pt\/index.php\/wp-json\/wp\/v2\/media?parent=57018"}],"wp:term":[{"taxonomy":"category","embeddable":true,"href":"https:\/\/algarve7.pt\/index.php\/wp-json\/wp\/v2\/categories?post=57018"},{"taxonomy":"post_tag","embeddable":true,"href":"https:\/\/algarve7.pt\/index.php\/wp-json\/wp\/v2\/tags?post=57018"}],"curies":[{"name":"wp","href":"https:\/\/api.w.org\/{rel}","templated":true}]}}