{"id":57010,"date":"2025-12-16T08:00:00","date_gmt":"2025-12-16T08:00:00","guid":{"rendered":"https:\/\/algarve7.pt\/?p=57010"},"modified":"2025-12-15T19:16:24","modified_gmt":"2025-12-15T19:16:24","slug":"equipa-de-loule-esteve-presente-no-one-health-for-cities-conference-em-bruxelas","status":"publish","type":"post","link":"https:\/\/algarve7.pt\/index.php\/2025\/12\/equipa-de-loule-esteve-presente-no-one-health-for-cities-conference-em-bruxelas\/atualidade\/08\/00\/","title":{"rendered":"Equipa de Loul\u00e9 esteve presente no \u201cOne health for cities conference\u201d, em Bruxelas"},"content":{"rendered":"\n<p>Uma comitiva composta por Andr\u00e9 Gomes e Tiago Guadalupe representou a C\u00e2mara Municipal de Loul\u00e9 na \u201cOne Health for Cities Conference\u201d, que teve lugar esta quarta-feira, 10 de dezembro, em Bruxelas.<\/p>\n\n\n\n<p>Este evento reuniu cidades, decisores pol\u00edticos locais e europeus e especialistas, com o objetivo de abordar os desafios mais urgentes na implementa\u00e7\u00e3o do conceito de \u201cOne Health\u201d em ambientes urbanos. Os participantes tiveram a oportunidade de trocar conhecimentos, explorar ferramentas pr\u00e1ticas e, de forma colaborativa, lan\u00e7ar recomenda\u00e7\u00f5es, fomentando um di\u00e1logo construtivo entre a ci\u00eancia, as pol\u00edticas p\u00fablicas e a sociedade civil.<\/p>\n\n\n\n<p>Durante a confer\u00eancia, Loul\u00e9 realizou uma apresenta\u00e7\u00e3o onde foi sublinhada a import\u00e2ncia da atividade f\u00edsica informal como motor de desenvolvimento econ\u00f3mico local e como promotora de sa\u00fade p\u00fablica, ambiental e animal &#8211; numa perspetiva alinhada com a vis\u00e3o \u201cOne Health\u201d. O projeto \u201cVer\u00e3o Ativo\u201d \u00e9 um exemplo not\u00e1vel de como \u00e9 poss\u00edvel \u201cativar\u201d simultaneamente a sa\u00fade humana, a sa\u00fade ambiental e a pr\u00f3pria comunidade, como destacou a equipa do Munic\u00edpio de Loul\u00e9.<\/p>\n\n\n\n<p>\u201cEm Loul\u00e9, o desporto informal vai muito al\u00e9m de \u2018estar em movimento\u2019: \u00e9 uma verdadeira pol\u00edtica p\u00fablica em a\u00e7\u00e3o, que gera bem-estar, aproxima pessoas e fortalece o territ\u00f3rio\u201d, considera Tiago Guadalupe, coordenador do projeto.<\/p>\n\n\n\n<p>O projeto&nbsp;\u201cOne Health 4 Cities\u201d&nbsp;prop\u00f5e criar uma rede de cidades de forma a abordar os desafios da sa\u00fade humana de forma integrada, partindo, no caso de Loul\u00e9, de uma abordagem centrada na promo\u00e7\u00e3o da atividade f\u00edsica informal e de h\u00e1bitos de vida saud\u00e1veis de forma a fortalecer a sa\u00fade a n\u00edvel local e melhorar a resili\u00eancia das popula\u00e7\u00f5es.<\/p>\n\n\n\n<p>Recorde-se que, al\u00e9m de Loul\u00e9, fazem parte desta rede europeia Lyon (Fran\u00e7a), Estrasburgo (Fran\u00e7a), Suceava (Rom\u00e9nia), Kuopio (Finl\u00e2ndia), Lathi (Finl\u00e2ndia), Benissa (Espanha), Elefsina (Gr\u00e9cia) e Munique (Alemanha).<\/p>\n","protected":false},"excerpt":{"rendered":"<p>Uma comitiva composta por Andr\u00e9 Gomes e Tiago Guadalupe representou a C\u00e2mara Municipal de Loul\u00e9 na \u201cOne Health for Cities<\/p>\n","protected":false},"author":1,"featured_media":57011,"comment_status":"closed","ping_status":"closed","sticky":false,"template":"","format":"standard","meta":{"colormag_page_container_layout":"default_layout","colormag_page_sidebar_layout":"default_layout","_monsterinsights_skip_tracking":false,"_monsterinsights_sitenote_active":false,"_monsterinsights_sitenote_note":"","_monsterinsights_sitenote_category":0,"jetpack_post_was_ever_published":false,"_jetpack_newsletter_access":"","_jetpack_dont_email_post_to_subs":false,"_jetpack_newsletter_tier_id":0,"_jetpack_memberships_contains_paywalled_content":false,"_jetpack_memberships_contains_paid_content":false,"footnotes":"","jetpack_publicize_message":"","jetpack_publicize_feature_enabled":true,"jetpack_social_post_already_shared":true,"jetpack_social_options":{"image_generator_settings":{"template":"highway","default_image_id":0,"font":"","enabled":false},"version":2}},"categories":[11],"tags":[36,62,31],"class_list":["post-57010","post","type-post","status-publish","format-standard","has-post-thumbnail","hentry","category-atualidade","tag-algarve","tag-atualidade","tag-loule"],"yoast_head":"<!-- This site is optimized with the Yoast SEO plugin v27.5 - https:\/\/yoast.com\/product\/yoast-seo-wordpress\/ -->\n<title>Equipa de Loul\u00e9 esteve presente no \u201cOne health for cities conference\u201d, em Bruxelas - Algarve 7<\/title>\n<meta name=\"description\" content=\"Equipa de Loul\u00e9 esteve presente no \u201cOne health for cities conference\u201d, em Bruxelas Atualidade\" \/>\n<meta name=\"robots\" content=\"index, follow, max-snippet:-1, max-image-preview:large, max-video-preview:-1\" \/>\n<link rel=\"canonical\" href=\"https:\/\/algarve7.pt\/index.php\/2025\/12\/equipa-de-loule-esteve-presente-no-one-health-for-cities-conference-em-bruxelas\/atualidade\/08\/00\/\" \/>\n<meta property=\"og:locale\" content=\"pt_PT\" \/>\n<meta property=\"og:type\" content=\"article\" \/>\n<meta property=\"og:title\" content=\"Equipa de Loul\u00e9 esteve presente no \u201cOne health for cities conference\u201d, em Bruxelas - Algarve 7\" \/>\n<meta property=\"og:description\" content=\"Equipa de Loul\u00e9 esteve presente no \u201cOne health for cities conference\u201d, em Bruxelas Atualidade\" \/>\n<meta property=\"og:url\" content=\"https:\/\/algarve7.pt\/index.php\/2025\/12\/equipa-de-loule-esteve-presente-no-one-health-for-cities-conference-em-bruxelas\/atualidade\/08\/00\/\" \/>\n<meta property=\"og:site_name\" content=\"Algarve 7\" \/>\n<meta property=\"article:publisher\" content=\"https:\/\/www.facebook.com\/algarve7\" \/>\n<meta property=\"article:author\" content=\"https:\/\/www.facebook.com\/algarve7\" \/>\n<meta property=\"article:published_time\" content=\"2025-12-16T08:00:00+00:00\" \/>\n<meta property=\"og:image\" content=\"https:\/\/algarve7.pt\/wp-content\/uploads\/2025\/12\/Captura-de-ecra-2025-12-15-as-19.13.26.png\" \/>\n\t<meta property=\"og:image:width\" content=\"800\" \/>\n\t<meta property=\"og:image:height\" content=\"500\" \/>\n\t<meta property=\"og:image:type\" content=\"image\/png\" \/>\n<meta name=\"author\" content=\"Algarve 7\" \/>\n<meta name=\"twitter:card\" content=\"summary_large_image\" \/>\n<meta name=\"twitter:creator\" content=\"@Algarvesete\" \/>\n<meta name=\"twitter:site\" content=\"@Algarvesete\" \/>\n<meta name=\"twitter:label1\" content=\"Escrito por\" \/>\n\t<meta name=\"twitter:data1\" content=\"Algarve 7\" \/>\n\t<meta name=\"twitter:label2\" content=\"Tempo estimado de leitura\" \/>\n\t<meta name=\"twitter:data2\" content=\"2 minutos\" \/>\n<script type=\"application\/ld+json\" class=\"yoast-schema-graph\">{\"@context\":\"https:\\\/\\\/schema.org\",\"@graph\":[{\"@type\":\"Article\",\"@id\":\"https:\\\/\\\/algarve7.pt\\\/index.php\\\/2025\\\/12\\\/equipa-de-loule-esteve-presente-no-one-health-for-cities-conference-em-bruxelas\\\/atualidade\\\/08\\\/00\\\/#article\",\"isPartOf\":{\"@id\":\"https:\\\/\\\/algarve7.pt\\\/index.php\\\/2025\\\/12\\\/equipa-de-loule-esteve-presente-no-one-health-for-cities-conference-em-bruxelas\\\/atualidade\\\/08\\\/00\\\/\"},\"author\":{\"name\":\"Algarve 7\",\"@id\":\"https:\\\/\\\/algarve7.pt\\\/#\\\/schema\\\/person\\\/23fa70681308e7b319a3204bcea45e0c\"},\"headline\":\"Equipa de Loul\u00e9 esteve presente no \u201cOne health for cities conference\u201d, em Bruxelas\",\"datePublished\":\"2025-12-16T08:00:00+00:00\",\"mainEntityOfPage\":{\"@id\":\"https:\\\/\\\/algarve7.pt\\\/index.php\\\/2025\\\/12\\\/equipa-de-loule-esteve-presente-no-one-health-for-cities-conference-em-bruxelas\\\/atualidade\\\/08\\\/00\\\/\"},\"wordCount\":342,\"publisher\":{\"@id\":\"https:\\\/\\\/algarve7.pt\\\/#organization\"},\"image\":{\"@id\":\"https:\\\/\\\/algarve7.pt\\\/index.php\\\/2025\\\/12\\\/equipa-de-loule-esteve-presente-no-one-health-for-cities-conference-em-bruxelas\\\/atualidade\\\/08\\\/00\\\/#primaryimage\"},\"thumbnailUrl\":\"https:\\\/\\\/algarve7.pt\\\/wp-content\\\/uploads\\\/2025\\\/12\\\/Captura-de-ecra-2025-12-15-as-19.13.26.png\",\"keywords\":[\"Algarve\",\"Atualidade\",\"Loul\u00e9\"],\"articleSection\":[\"Atualidade\"],\"inLanguage\":\"pt-PT\"},{\"@type\":\"WebPage\",\"@id\":\"https:\\\/\\\/algarve7.pt\\\/index.php\\\/2025\\\/12\\\/equipa-de-loule-esteve-presente-no-one-health-for-cities-conference-em-bruxelas\\\/atualidade\\\/08\\\/00\\\/\",\"url\":\"https:\\\/\\\/algarve7.pt\\\/index.php\\\/2025\\\/12\\\/equipa-de-loule-esteve-presente-no-one-health-for-cities-conference-em-bruxelas\\\/atualidade\\\/08\\\/00\\\/\",\"name\":\"Equipa de Loul\u00e9 esteve presente no \u201cOne health for cities conference\u201d, em Bruxelas - Algarve 7\",\"isPartOf\":{\"@id\":\"https:\\\/\\\/algarve7.pt\\\/#website\"},\"primaryImageOfPage\":{\"@id\":\"https:\\\/\\\/algarve7.pt\\\/index.php\\\/2025\\\/12\\\/equipa-de-loule-esteve-presente-no-one-health-for-cities-conference-em-bruxelas\\\/atualidade\\\/08\\\/00\\\/#primaryimage\"},\"image\":{\"@id\":\"https:\\\/\\\/algarve7.pt\\\/index.php\\\/2025\\\/12\\\/equipa-de-loule-esteve-presente-no-one-health-for-cities-conference-em-bruxelas\\\/atualidade\\\/08\\\/00\\\/#primaryimage\"},\"thumbnailUrl\":\"https:\\\/\\\/algarve7.pt\\\/wp-content\\\/uploads\\\/2025\\\/12\\\/Captura-de-ecra-2025-12-15-as-19.13.26.png\",\"datePublished\":\"2025-12-16T08:00:00+00:00\",\"description\":\"Equipa de Loul\u00e9 esteve presente no \u201cOne health for cities conference\u201d, em Bruxelas Atualidade\",\"breadcrumb\":{\"@id\":\"https:\\\/\\\/algarve7.pt\\\/index.php\\\/2025\\\/12\\\/equipa-de-loule-esteve-presente-no-one-health-for-cities-conference-em-bruxelas\\\/atualidade\\\/08\\\/00\\\/#breadcrumb\"},\"inLanguage\":\"pt-PT\",\"potentialAction\":[{\"@type\":\"ReadAction\",\"target\":[\"https:\\\/\\\/algarve7.pt\\\/index.php\\\/2025\\\/12\\\/equipa-de-loule-esteve-presente-no-one-health-for-cities-conference-em-bruxelas\\\/atualidade\\\/08\\\/00\\\/\"]}]},{\"@type\":\"ImageObject\",\"inLanguage\":\"pt-PT\",\"@id\":\"https:\\\/\\\/algarve7.pt\\\/index.php\\\/2025\\\/12\\\/equipa-de-loule-esteve-presente-no-one-health-for-cities-conference-em-bruxelas\\\/atualidade\\\/08\\\/00\\\/#primaryimage\",\"url\":\"https:\\\/\\\/algarve7.pt\\\/wp-content\\\/uploads\\\/2025\\\/12\\\/Captura-de-ecra-2025-12-15-as-19.13.26.png\",\"contentUrl\":\"https:\\\/\\\/algarve7.pt\\\/wp-content\\\/uploads\\\/2025\\\/12\\\/Captura-de-ecra-2025-12-15-as-19.13.26.png\",\"width\":800,\"height\":500},{\"@type\":\"BreadcrumbList\",\"@id\":\"https:\\\/\\\/algarve7.pt\\\/index.php\\\/2025\\\/12\\\/equipa-de-loule-esteve-presente-no-one-health-for-cities-conference-em-bruxelas\\\/atualidade\\\/08\\\/00\\\/#breadcrumb\",\"itemListElement\":[{\"@type\":\"ListItem\",\"position\":1,\"name\":\"In\u00edcio\",\"item\":\"https:\\\/\\\/algarve7.pt\\\/\"},{\"@type\":\"ListItem\",\"position\":2,\"name\":\"Equipa de Loul\u00e9 esteve presente no \u201cOne health for cities conference\u201d, em Bruxelas\"}]},{\"@type\":\"WebSite\",\"@id\":\"https:\\\/\\\/algarve7.pt\\\/#website\",\"url\":\"https:\\\/\\\/algarve7.pt\\\/\",\"name\":\"Algarve 7\",\"description\":\"Informa\u00e7\u00e3o sobre o Algarve\",\"publisher\":{\"@id\":\"https:\\\/\\\/algarve7.pt\\\/#organization\"},\"potentialAction\":[{\"@type\":\"SearchAction\",\"target\":{\"@type\":\"EntryPoint\",\"urlTemplate\":\"https:\\\/\\\/algarve7.pt\\\/?s={search_term_string}\"},\"query-input\":{\"@type\":\"PropertyValueSpecification\",\"valueRequired\":true,\"valueName\":\"search_term_string\"}}],\"inLanguage\":\"pt-PT\"},{\"@type\":\"Organization\",\"@id\":\"https:\\\/\\\/algarve7.pt\\\/#organization\",\"name\":\"Algarve 7\",\"url\":\"https:\\\/\\\/algarve7.pt\\\/\",\"logo\":{\"@type\":\"ImageObject\",\"inLanguage\":\"pt-PT\",\"@id\":\"https:\\\/\\\/algarve7.pt\\\/#\\\/schema\\\/logo\\\/image\\\/\",\"url\":\"https:\\\/\\\/algarve7.pt\\\/wp-content\\\/uploads\\\/2020\\\/10\\\/Logo-8.jpg\",\"contentUrl\":\"https:\\\/\\\/algarve7.pt\\\/wp-content\\\/uploads\\\/2020\\\/10\\\/Logo-8.jpg\",\"width\":1680,\"height\":1186,\"caption\":\"Algarve 7\"},\"image\":{\"@id\":\"https:\\\/\\\/algarve7.pt\\\/#\\\/schema\\\/logo\\\/image\\\/\"},\"sameAs\":[\"https:\\\/\\\/www.facebook.com\\\/algarve7\",\"https:\\\/\\\/x.com\\\/Algarvesete\",\"https:\\\/\\\/www.instagram.com\\\/jornalalgarve7\\\/\",\"https:\\\/\\\/www.linkedin.com\\\/company\\\/algarve7\",\"https:\\\/\\\/www.pinterest.pt\\\/geral0939\\\/_created\\\/\"]},{\"@type\":\"Person\",\"@id\":\"https:\\\/\\\/algarve7.pt\\\/#\\\/schema\\\/person\\\/23fa70681308e7b319a3204bcea45e0c\",\"name\":\"Algarve 7\",\"sameAs\":[\"https:\\\/\\\/algarve7.pt\",\"https:\\\/\\\/www.facebook.com\\\/algarve7\"],\"url\":\"https:\\\/\\\/algarve7.pt\\\/index.php\\\/author\\\/geralalgarve7-pt\\\/\"}]}<\/script>\n<!-- \/ Yoast SEO plugin. -->","yoast_head_json":{"title":"Equipa de Loul\u00e9 esteve presente no \u201cOne health for cities conference\u201d, em Bruxelas - Algarve 7","description":"Equipa de Loul\u00e9 esteve presente no \u201cOne health for cities conference\u201d, em Bruxelas Atualidade","robots":{"index":"index","follow":"follow","max-snippet":"max-snippet:-1","max-image-preview":"max-image-preview:large","max-video-preview":"max-video-preview:-1"},"canonical":"https:\/\/algarve7.pt\/index.php\/2025\/12\/equipa-de-loule-esteve-presente-no-one-health-for-cities-conference-em-bruxelas\/atualidade\/08\/00\/","og_locale":"pt_PT","og_type":"article","og_title":"Equipa de Loul\u00e9 esteve presente no \u201cOne health for cities conference\u201d, em Bruxelas - Algarve 7","og_description":"Equipa de Loul\u00e9 esteve presente no \u201cOne health for cities conference\u201d, em Bruxelas Atualidade","og_url":"https:\/\/algarve7.pt\/index.php\/2025\/12\/equipa-de-loule-esteve-presente-no-one-health-for-cities-conference-em-bruxelas\/atualidade\/08\/00\/","og_site_name":"Algarve 7","article_publisher":"https:\/\/www.facebook.com\/algarve7","article_author":"https:\/\/www.facebook.com\/algarve7","article_published_time":"2025-12-16T08:00:00+00:00","og_image":[{"width":800,"height":500,"url":"https:\/\/algarve7.pt\/wp-content\/uploads\/2025\/12\/Captura-de-ecra-2025-12-15-as-19.13.26.png","type":"image\/png"}],"author":"Algarve 7","twitter_card":"summary_large_image","twitter_creator":"@Algarvesete","twitter_site":"@Algarvesete","twitter_misc":{"Escrito por":"Algarve 7","Tempo estimado de leitura":"2 minutos"},"schema":{"@context":"https:\/\/schema.org","@graph":[{"@type":"Article","@id":"https:\/\/algarve7.pt\/index.php\/2025\/12\/equipa-de-loule-esteve-presente-no-one-health-for-cities-conference-em-bruxelas\/atualidade\/08\/00\/#article","isPartOf":{"@id":"https:\/\/algarve7.pt\/index.php\/2025\/12\/equipa-de-loule-esteve-presente-no-one-health-for-cities-conference-em-bruxelas\/atualidade\/08\/00\/"},"author":{"name":"Algarve 7","@id":"https:\/\/algarve7.pt\/#\/schema\/person\/23fa70681308e7b319a3204bcea45e0c"},"headline":"Equipa de Loul\u00e9 esteve presente no \u201cOne health for cities conference\u201d, em Bruxelas","datePublished":"2025-12-16T08:00:00+00:00","mainEntityOfPage":{"@id":"https:\/\/algarve7.pt\/index.php\/2025\/12\/equipa-de-loule-esteve-presente-no-one-health-for-cities-conference-em-bruxelas\/atualidade\/08\/00\/"},"wordCount":342,"publisher":{"@id":"https:\/\/algarve7.pt\/#organization"},"image":{"@id":"https:\/\/algarve7.pt\/index.php\/2025\/12\/equipa-de-loule-esteve-presente-no-one-health-for-cities-conference-em-bruxelas\/atualidade\/08\/00\/#primaryimage"},"thumbnailUrl":"https:\/\/algarve7.pt\/wp-content\/uploads\/2025\/12\/Captura-de-ecra-2025-12-15-as-19.13.26.png","keywords":["Algarve","Atualidade","Loul\u00e9"],"articleSection":["Atualidade"],"inLanguage":"pt-PT"},{"@type":"WebPage","@id":"https:\/\/algarve7.pt\/index.php\/2025\/12\/equipa-de-loule-esteve-presente-no-one-health-for-cities-conference-em-bruxelas\/atualidade\/08\/00\/","url":"https:\/\/algarve7.pt\/index.php\/2025\/12\/equipa-de-loule-esteve-presente-no-one-health-for-cities-conference-em-bruxelas\/atualidade\/08\/00\/","name":"Equipa de Loul\u00e9 esteve presente no \u201cOne health for cities conference\u201d, em Bruxelas - Algarve 7","isPartOf":{"@id":"https:\/\/algarve7.pt\/#website"},"primaryImageOfPage":{"@id":"https:\/\/algarve7.pt\/index.php\/2025\/12\/equipa-de-loule-esteve-presente-no-one-health-for-cities-conference-em-bruxelas\/atualidade\/08\/00\/#primaryimage"},"image":{"@id":"https:\/\/algarve7.pt\/index.php\/2025\/12\/equipa-de-loule-esteve-presente-no-one-health-for-cities-conference-em-bruxelas\/atualidade\/08\/00\/#primaryimage"},"thumbnailUrl":"https:\/\/algarve7.pt\/wp-content\/uploads\/2025\/12\/Captura-de-ecra-2025-12-15-as-19.13.26.png","datePublished":"2025-12-16T08:00:00+00:00","description":"Equipa de Loul\u00e9 esteve presente no \u201cOne health for cities conference\u201d, em Bruxelas Atualidade","breadcrumb":{"@id":"https:\/\/algarve7.pt\/index.php\/2025\/12\/equipa-de-loule-esteve-presente-no-one-health-for-cities-conference-em-bruxelas\/atualidade\/08\/00\/#breadcrumb"},"inLanguage":"pt-PT","potentialAction":[{"@type":"ReadAction","target":["https:\/\/algarve7.pt\/index.php\/2025\/12\/equipa-de-loule-esteve-presente-no-one-health-for-cities-conference-em-bruxelas\/atualidade\/08\/00\/"]}]},{"@type":"ImageObject","inLanguage":"pt-PT","@id":"https:\/\/algarve7.pt\/index.php\/2025\/12\/equipa-de-loule-esteve-presente-no-one-health-for-cities-conference-em-bruxelas\/atualidade\/08\/00\/#primaryimage","url":"https:\/\/algarve7.pt\/wp-content\/uploads\/2025\/12\/Captura-de-ecra-2025-12-15-as-19.13.26.png","contentUrl":"https:\/\/algarve7.pt\/wp-content\/uploads\/2025\/12\/Captura-de-ecra-2025-12-15-as-19.13.26.png","width":800,"height":500},{"@type":"BreadcrumbList","@id":"https:\/\/algarve7.pt\/index.php\/2025\/12\/equipa-de-loule-esteve-presente-no-one-health-for-cities-conference-em-bruxelas\/atualidade\/08\/00\/#breadcrumb","itemListElement":[{"@type":"ListItem","position":1,"name":"In\u00edcio","item":"https:\/\/algarve7.pt\/"},{"@type":"ListItem","position":2,"name":"Equipa de Loul\u00e9 esteve presente no \u201cOne health for cities conference\u201d, em Bruxelas"}]},{"@type":"WebSite","@id":"https:\/\/algarve7.pt\/#website","url":"https:\/\/algarve7.pt\/","name":"Algarve 7","description":"Informa\u00e7\u00e3o sobre o Algarve","publisher":{"@id":"https:\/\/algarve7.pt\/#organization"},"potentialAction":[{"@type":"SearchAction","target":{"@type":"EntryPoint","urlTemplate":"https:\/\/algarve7.pt\/?s={search_term_string}"},"query-input":{"@type":"PropertyValueSpecification","valueRequired":true,"valueName":"search_term_string"}}],"inLanguage":"pt-PT"},{"@type":"Organization","@id":"https:\/\/algarve7.pt\/#organization","name":"Algarve 7","url":"https:\/\/algarve7.pt\/","logo":{"@type":"ImageObject","inLanguage":"pt-PT","@id":"https:\/\/algarve7.pt\/#\/schema\/logo\/image\/","url":"https:\/\/algarve7.pt\/wp-content\/uploads\/2020\/10\/Logo-8.jpg","contentUrl":"https:\/\/algarve7.pt\/wp-content\/uploads\/2020\/10\/Logo-8.jpg","width":1680,"height":1186,"caption":"Algarve 7"},"image":{"@id":"https:\/\/algarve7.pt\/#\/schema\/logo\/image\/"},"sameAs":["https:\/\/www.facebook.com\/algarve7","https:\/\/x.com\/Algarvesete","https:\/\/www.instagram.com\/jornalalgarve7\/","https:\/\/www.linkedin.com\/company\/algarve7","https:\/\/www.pinterest.pt\/geral0939\/_created\/"]},{"@type":"Person","@id":"https:\/\/algarve7.pt\/#\/schema\/person\/23fa70681308e7b319a3204bcea45e0c","name":"Algarve 7","sameAs":["https:\/\/algarve7.pt","https:\/\/www.facebook.com\/algarve7"],"url":"https:\/\/algarve7.pt\/index.php\/author\/geralalgarve7-pt\/"}]}},"jetpack_publicize_connections":[],"jetpack_featured_media_url":"https:\/\/algarve7.pt\/wp-content\/uploads\/2025\/12\/Captura-de-ecra-2025-12-15-as-19.13.26.png","jetpack_shortlink":"https:\/\/wp.me\/pcezmW-ePw","jetpack_sharing_enabled":true,"_links":{"self":[{"href":"https:\/\/algarve7.pt\/index.php\/wp-json\/wp\/v2\/posts\/57010","targetHints":{"allow":["GET"]}}],"collection":[{"href":"https:\/\/algarve7.pt\/index.php\/wp-json\/wp\/v2\/posts"}],"about":[{"href":"https:\/\/algarve7.pt\/index.php\/wp-json\/wp\/v2\/types\/post"}],"author":[{"embeddable":true,"href":"https:\/\/algarve7.pt\/index.php\/wp-json\/wp\/v2\/users\/1"}],"replies":[{"embeddable":true,"href":"https:\/\/algarve7.pt\/index.php\/wp-json\/wp\/v2\/comments?post=57010"}],"version-history":[{"count":0,"href":"https:\/\/algarve7.pt\/index.php\/wp-json\/wp\/v2\/posts\/57010\/revisions"}],"wp:featuredmedia":[{"embeddable":true,"href":"https:\/\/algarve7.pt\/index.php\/wp-json\/wp\/v2\/media\/57011"}],"wp:attachment":[{"href":"https:\/\/algarve7.pt\/index.php\/wp-json\/wp\/v2\/media?parent=57010"}],"wp:term":[{"taxonomy":"category","embeddable":true,"href":"https:\/\/algarve7.pt\/index.php\/wp-json\/wp\/v2\/categories?post=57010"},{"taxonomy":"post_tag","embeddable":true,"href":"https:\/\/algarve7.pt\/index.php\/wp-json\/wp\/v2\/tags?post=57010"}],"curies":[{"name":"wp","href":"https:\/\/api.w.org\/{rel}","templated":true}]}}