{"id":57004,"date":"2025-12-16T07:30:00","date_gmt":"2025-12-16T07:30:00","guid":{"rendered":"https:\/\/algarve7.pt\/?p=57004"},"modified":"2025-12-15T18:08:26","modified_gmt":"2025-12-15T18:08:26","slug":"aia-motor-clube-celebrou-dia-do-comissario-no-autodromo-internacional-do-algarve","status":"publish","type":"post","link":"https:\/\/algarve7.pt\/index.php\/2025\/12\/aia-motor-clube-celebrou-dia-do-comissario-no-autodromo-internacional-do-algarve\/desporto\/07\/30\/","title":{"rendered":"AIA Motor Clube celebrou Dia do Comiss\u00e1rio no Aut\u00f3dromo Internacional do Algarve"},"content":{"rendered":"\n<p>o final de mais um ano marcado por uma intensa atividade desportiva no&nbsp;<strong>Aut\u00f3dromo Internacional do Algarve<\/strong>&nbsp;e no&nbsp;<strong>Kart\u00f3dromo Internacional do Algarve<\/strong>, o&nbsp;<strong>AIA Motor Clube<\/strong>celebrou, no passado s\u00e1bado, o&nbsp;<strong>Dia do Comiss\u00e1rio<\/strong>.<\/p>\n\n\n\n<p>Como forma de agradecimento pelo esfor\u00e7o, dedica\u00e7\u00e3o, empenho e profissionalismo de todos aqueles que contribu\u00edram ativamente para o sucesso das mais de duas dezenas de provas realizadas ao longo de 2025, o&nbsp;<strong>AIA Motor Clube<\/strong>, o clube que mais provas de desporto motorizado organiza a n\u00edvel nacional, convidou os seus cerca de&nbsp;<strong>400<\/strong>&nbsp;associados para um dia inteiramente dedicado ao seu reconhecimento.<\/p>\n\n\n\n<p>Atualmente, no&nbsp;<strong>AIA Motor Clube<\/strong>&nbsp;s\u00e3o v\u00e1rios os elementos de seguran\u00e7a ativos, distribu\u00eddos por diversas \u00e1reas fundamentais para a realiza\u00e7\u00e3o das competi\u00e7\u00f5es e para o funcionamento di\u00e1rio de ambas as pistas, nomeadamente comiss\u00e1rios de pista, comiss\u00e1rios de pit-lane, moto-t\u00e1xis, chefias, comiss\u00e1rios t\u00e9cnicos, equipas de rescue e race control.<\/p>\n\n\n\n<p>\u201cOs comiss\u00e1rios s\u00e3o os \u2018anjos da guarda\u2019 de pilotos e equipas quando est\u00e3o em pista. Sem eles as corridas n\u00e3o se realizam e, felizmente, no&nbsp;<strong>AIA Motor Clube<\/strong>&nbsp;temos uma equipa fant\u00e1stica. Ap\u00f3s um ano, em que voltaram a estar em destaque nas mais importantes competi\u00e7\u00f5es a n\u00edvel mundial, quisemos celebrar este dia com todos eles, pois s\u00e3o o nosso orgulho e uma refer\u00eancia a n\u00edvel mundial\u201d, referiu&nbsp;<strong>Miguel Praia<\/strong>,&nbsp;<strong>Presidente do AIA Motor Clube<\/strong>.<\/p>\n\n\n\n<p>Durante este dia especial, dedicado exclusivamente aos comiss\u00e1rios, foram apresentados os planos para&nbsp;<strong>2026<\/strong>&nbsp;e realizadas diversas atividades, incluindo uma corrida de karts. Os quase&nbsp;<strong>150<\/strong>&nbsp;participantes presentes tiveram ainda a oportunidade de realizar voltas ao circuito ao volante dos seus pr\u00f3prios autom\u00f3veis ou motos, proporcionando uma experi\u00eancia \u00fanica e memor\u00e1vel.<\/p>\n\n\n\n<p>O evento serviu igualmente para homenagear&nbsp;<strong>17 comiss\u00e1rios<\/strong>, de diferentes \u00e1reas de interven\u00e7\u00e3o, que ao longo dos 17 anos de exist\u00eancia do&nbsp;<strong>Aut\u00f3dromo Internacional do Algarve<\/strong>&nbsp;se destacaram pela sua antiguidade, empenho, dedica\u00e7\u00e3o e profissionalismo. Estes associados foram distinguidos com a&nbsp;<strong>Distin\u00e7\u00e3o Ouro (Grau Gold)<\/strong>&nbsp;do&nbsp;<strong>AIA Motor Clube<\/strong>, reconhecendo um percurso exemplar ao servi\u00e7o do desporto motorizado.<\/p>\n\n\n\n<p>Em constante forma\u00e7\u00e3o, a equipa de comiss\u00e1rios do AIA Motor Clube conta ainda com uma forte e crescente representa\u00e7\u00e3o feminina, um facto que muito orgulha os respons\u00e1veis do clube sediado no&nbsp;<strong>Aut\u00f3dromo Internacional do Algarve<\/strong>.<\/p>\n","protected":false},"excerpt":{"rendered":"<p>o final de mais um ano marcado por uma intensa atividade desportiva no&nbsp;Aut\u00f3dromo Internacional do Algarve&nbsp;e no&nbsp;Kart\u00f3dromo Internacional do Algarve,<\/p>\n","protected":false},"author":1,"featured_media":57005,"comment_status":"closed","ping_status":"closed","sticky":false,"template":"","format":"standard","meta":{"colormag_page_container_layout":"default_layout","colormag_page_sidebar_layout":"default_layout","_monsterinsights_skip_tracking":false,"_monsterinsights_sitenote_active":false,"_monsterinsights_sitenote_note":"","_monsterinsights_sitenote_category":0,"jetpack_post_was_ever_published":false,"_jetpack_newsletter_access":"","_jetpack_dont_email_post_to_subs":false,"_jetpack_newsletter_tier_id":0,"_jetpack_memberships_contains_paywalled_content":false,"_jetpack_memberships_contains_paid_content":false,"footnotes":"","jetpack_publicize_message":"","jetpack_publicize_feature_enabled":true,"jetpack_social_post_already_shared":true,"jetpack_social_options":{"image_generator_settings":{"template":"highway","default_image_id":0,"font":"","enabled":false},"version":2}},"categories":[15],"tags":[36,239,40,72],"class_list":["post-57004","post","type-post","status-publish","format-standard","has-post-thumbnail","hentry","category-desporto","tag-algarve","tag-autodromo-internacional-do-algarve","tag-desporto","tag-portimao"],"yoast_head":"<!-- This site is optimized with the Yoast SEO plugin v27.5 - https:\/\/yoast.com\/product\/yoast-seo-wordpress\/ -->\n<title>AIA Motor Clube celebrou Dia do Comiss\u00e1rio no Aut\u00f3dromo Internacional do Algarve - Algarve 7<\/title>\n<meta name=\"description\" content=\"AIA Motor Clube celebrou Dia do Comiss\u00e1rio no Aut\u00f3dromo Internacional do Algarve Desporto\" \/>\n<meta name=\"robots\" content=\"index, follow, max-snippet:-1, max-image-preview:large, max-video-preview:-1\" \/>\n<link rel=\"canonical\" href=\"https:\/\/algarve7.pt\/index.php\/2025\/12\/aia-motor-clube-celebrou-dia-do-comissario-no-autodromo-internacional-do-algarve\/desporto\/07\/30\/\" \/>\n<meta property=\"og:locale\" content=\"pt_PT\" \/>\n<meta property=\"og:type\" content=\"article\" \/>\n<meta property=\"og:title\" content=\"AIA Motor Clube celebrou Dia do Comiss\u00e1rio no Aut\u00f3dromo Internacional do Algarve - Algarve 7\" \/>\n<meta property=\"og:description\" content=\"AIA Motor Clube celebrou Dia do Comiss\u00e1rio no Aut\u00f3dromo Internacional do Algarve Desporto\" \/>\n<meta property=\"og:url\" content=\"https:\/\/algarve7.pt\/index.php\/2025\/12\/aia-motor-clube-celebrou-dia-do-comissario-no-autodromo-internacional-do-algarve\/desporto\/07\/30\/\" \/>\n<meta property=\"og:site_name\" content=\"Algarve 7\" \/>\n<meta property=\"article:publisher\" content=\"https:\/\/www.facebook.com\/algarve7\" \/>\n<meta property=\"article:author\" content=\"https:\/\/www.facebook.com\/algarve7\" \/>\n<meta property=\"article:published_time\" content=\"2025-12-16T07:30:00+00:00\" \/>\n<meta property=\"og:image\" content=\"https:\/\/algarve7.pt\/wp-content\/uploads\/2025\/12\/Captura-de-ecra-2025-12-15-as-18.01.32.png\" \/>\n\t<meta property=\"og:image:width\" content=\"800\" \/>\n\t<meta property=\"og:image:height\" content=\"500\" \/>\n\t<meta property=\"og:image:type\" content=\"image\/png\" \/>\n<meta name=\"author\" content=\"Algarve 7\" \/>\n<meta name=\"twitter:card\" content=\"summary_large_image\" \/>\n<meta name=\"twitter:creator\" content=\"@Algarvesete\" \/>\n<meta name=\"twitter:site\" content=\"@Algarvesete\" \/>\n<meta name=\"twitter:label1\" content=\"Escrito por\" \/>\n\t<meta name=\"twitter:data1\" content=\"Algarve 7\" \/>\n\t<meta name=\"twitter:label2\" content=\"Tempo estimado de leitura\" \/>\n\t<meta name=\"twitter:data2\" content=\"3 minutos\" \/>\n<script type=\"application\/ld+json\" class=\"yoast-schema-graph\">{\"@context\":\"https:\\\/\\\/schema.org\",\"@graph\":[{\"@type\":\"Article\",\"@id\":\"https:\\\/\\\/algarve7.pt\\\/index.php\\\/2025\\\/12\\\/aia-motor-clube-celebrou-dia-do-comissario-no-autodromo-internacional-do-algarve\\\/desporto\\\/07\\\/30\\\/#article\",\"isPartOf\":{\"@id\":\"https:\\\/\\\/algarve7.pt\\\/index.php\\\/2025\\\/12\\\/aia-motor-clube-celebrou-dia-do-comissario-no-autodromo-internacional-do-algarve\\\/desporto\\\/07\\\/30\\\/\"},\"author\":{\"name\":\"Algarve 7\",\"@id\":\"https:\\\/\\\/algarve7.pt\\\/#\\\/schema\\\/person\\\/23fa70681308e7b319a3204bcea45e0c\"},\"headline\":\"AIA Motor Clube celebrou Dia do Comiss\u00e1rio no Aut\u00f3dromo Internacional do Algarve\",\"datePublished\":\"2025-12-16T07:30:00+00:00\",\"mainEntityOfPage\":{\"@id\":\"https:\\\/\\\/algarve7.pt\\\/index.php\\\/2025\\\/12\\\/aia-motor-clube-celebrou-dia-do-comissario-no-autodromo-internacional-do-algarve\\\/desporto\\\/07\\\/30\\\/\"},\"wordCount\":444,\"publisher\":{\"@id\":\"https:\\\/\\\/algarve7.pt\\\/#organization\"},\"image\":{\"@id\":\"https:\\\/\\\/algarve7.pt\\\/index.php\\\/2025\\\/12\\\/aia-motor-clube-celebrou-dia-do-comissario-no-autodromo-internacional-do-algarve\\\/desporto\\\/07\\\/30\\\/#primaryimage\"},\"thumbnailUrl\":\"https:\\\/\\\/algarve7.pt\\\/wp-content\\\/uploads\\\/2025\\\/12\\\/Captura-de-ecra-2025-12-15-as-18.01.32.png\",\"keywords\":[\"Algarve\",\"Aut\u00f3dromo Internacional do Algarve\",\"Desporto\",\"Portim\u00e3o\"],\"articleSection\":[\"Desporto\"],\"inLanguage\":\"pt-PT\"},{\"@type\":\"WebPage\",\"@id\":\"https:\\\/\\\/algarve7.pt\\\/index.php\\\/2025\\\/12\\\/aia-motor-clube-celebrou-dia-do-comissario-no-autodromo-internacional-do-algarve\\\/desporto\\\/07\\\/30\\\/\",\"url\":\"https:\\\/\\\/algarve7.pt\\\/index.php\\\/2025\\\/12\\\/aia-motor-clube-celebrou-dia-do-comissario-no-autodromo-internacional-do-algarve\\\/desporto\\\/07\\\/30\\\/\",\"name\":\"AIA Motor Clube celebrou Dia do Comiss\u00e1rio no Aut\u00f3dromo Internacional do Algarve - Algarve 7\",\"isPartOf\":{\"@id\":\"https:\\\/\\\/algarve7.pt\\\/#website\"},\"primaryImageOfPage\":{\"@id\":\"https:\\\/\\\/algarve7.pt\\\/index.php\\\/2025\\\/12\\\/aia-motor-clube-celebrou-dia-do-comissario-no-autodromo-internacional-do-algarve\\\/desporto\\\/07\\\/30\\\/#primaryimage\"},\"image\":{\"@id\":\"https:\\\/\\\/algarve7.pt\\\/index.php\\\/2025\\\/12\\\/aia-motor-clube-celebrou-dia-do-comissario-no-autodromo-internacional-do-algarve\\\/desporto\\\/07\\\/30\\\/#primaryimage\"},\"thumbnailUrl\":\"https:\\\/\\\/algarve7.pt\\\/wp-content\\\/uploads\\\/2025\\\/12\\\/Captura-de-ecra-2025-12-15-as-18.01.32.png\",\"datePublished\":\"2025-12-16T07:30:00+00:00\",\"description\":\"AIA Motor Clube celebrou Dia do Comiss\u00e1rio no Aut\u00f3dromo Internacional do Algarve Desporto\",\"breadcrumb\":{\"@id\":\"https:\\\/\\\/algarve7.pt\\\/index.php\\\/2025\\\/12\\\/aia-motor-clube-celebrou-dia-do-comissario-no-autodromo-internacional-do-algarve\\\/desporto\\\/07\\\/30\\\/#breadcrumb\"},\"inLanguage\":\"pt-PT\",\"potentialAction\":[{\"@type\":\"ReadAction\",\"target\":[\"https:\\\/\\\/algarve7.pt\\\/index.php\\\/2025\\\/12\\\/aia-motor-clube-celebrou-dia-do-comissario-no-autodromo-internacional-do-algarve\\\/desporto\\\/07\\\/30\\\/\"]}]},{\"@type\":\"ImageObject\",\"inLanguage\":\"pt-PT\",\"@id\":\"https:\\\/\\\/algarve7.pt\\\/index.php\\\/2025\\\/12\\\/aia-motor-clube-celebrou-dia-do-comissario-no-autodromo-internacional-do-algarve\\\/desporto\\\/07\\\/30\\\/#primaryimage\",\"url\":\"https:\\\/\\\/algarve7.pt\\\/wp-content\\\/uploads\\\/2025\\\/12\\\/Captura-de-ecra-2025-12-15-as-18.01.32.png\",\"contentUrl\":\"https:\\\/\\\/algarve7.pt\\\/wp-content\\\/uploads\\\/2025\\\/12\\\/Captura-de-ecra-2025-12-15-as-18.01.32.png\",\"width\":800,\"height\":500},{\"@type\":\"BreadcrumbList\",\"@id\":\"https:\\\/\\\/algarve7.pt\\\/index.php\\\/2025\\\/12\\\/aia-motor-clube-celebrou-dia-do-comissario-no-autodromo-internacional-do-algarve\\\/desporto\\\/07\\\/30\\\/#breadcrumb\",\"itemListElement\":[{\"@type\":\"ListItem\",\"position\":1,\"name\":\"In\u00edcio\",\"item\":\"https:\\\/\\\/algarve7.pt\\\/\"},{\"@type\":\"ListItem\",\"position\":2,\"name\":\"AIA Motor Clube celebrou Dia do Comiss\u00e1rio no Aut\u00f3dromo Internacional do Algarve\"}]},{\"@type\":\"WebSite\",\"@id\":\"https:\\\/\\\/algarve7.pt\\\/#website\",\"url\":\"https:\\\/\\\/algarve7.pt\\\/\",\"name\":\"Algarve 7\",\"description\":\"Informa\u00e7\u00e3o sobre o Algarve\",\"publisher\":{\"@id\":\"https:\\\/\\\/algarve7.pt\\\/#organization\"},\"potentialAction\":[{\"@type\":\"SearchAction\",\"target\":{\"@type\":\"EntryPoint\",\"urlTemplate\":\"https:\\\/\\\/algarve7.pt\\\/?s={search_term_string}\"},\"query-input\":{\"@type\":\"PropertyValueSpecification\",\"valueRequired\":true,\"valueName\":\"search_term_string\"}}],\"inLanguage\":\"pt-PT\"},{\"@type\":\"Organization\",\"@id\":\"https:\\\/\\\/algarve7.pt\\\/#organization\",\"name\":\"Algarve 7\",\"url\":\"https:\\\/\\\/algarve7.pt\\\/\",\"logo\":{\"@type\":\"ImageObject\",\"inLanguage\":\"pt-PT\",\"@id\":\"https:\\\/\\\/algarve7.pt\\\/#\\\/schema\\\/logo\\\/image\\\/\",\"url\":\"https:\\\/\\\/algarve7.pt\\\/wp-content\\\/uploads\\\/2020\\\/10\\\/Logo-8.jpg\",\"contentUrl\":\"https:\\\/\\\/algarve7.pt\\\/wp-content\\\/uploads\\\/2020\\\/10\\\/Logo-8.jpg\",\"width\":1680,\"height\":1186,\"caption\":\"Algarve 7\"},\"image\":{\"@id\":\"https:\\\/\\\/algarve7.pt\\\/#\\\/schema\\\/logo\\\/image\\\/\"},\"sameAs\":[\"https:\\\/\\\/www.facebook.com\\\/algarve7\",\"https:\\\/\\\/x.com\\\/Algarvesete\",\"https:\\\/\\\/www.instagram.com\\\/jornalalgarve7\\\/\",\"https:\\\/\\\/www.linkedin.com\\\/company\\\/algarve7\",\"https:\\\/\\\/www.pinterest.pt\\\/geral0939\\\/_created\\\/\"]},{\"@type\":\"Person\",\"@id\":\"https:\\\/\\\/algarve7.pt\\\/#\\\/schema\\\/person\\\/23fa70681308e7b319a3204bcea45e0c\",\"name\":\"Algarve 7\",\"sameAs\":[\"https:\\\/\\\/algarve7.pt\",\"https:\\\/\\\/www.facebook.com\\\/algarve7\"],\"url\":\"https:\\\/\\\/algarve7.pt\\\/index.php\\\/author\\\/geralalgarve7-pt\\\/\"}]}<\/script>\n<!-- \/ Yoast SEO plugin. -->","yoast_head_json":{"title":"AIA Motor Clube celebrou Dia do Comiss\u00e1rio no Aut\u00f3dromo Internacional do Algarve - Algarve 7","description":"AIA Motor Clube celebrou Dia do Comiss\u00e1rio no Aut\u00f3dromo Internacional do Algarve Desporto","robots":{"index":"index","follow":"follow","max-snippet":"max-snippet:-1","max-image-preview":"max-image-preview:large","max-video-preview":"max-video-preview:-1"},"canonical":"https:\/\/algarve7.pt\/index.php\/2025\/12\/aia-motor-clube-celebrou-dia-do-comissario-no-autodromo-internacional-do-algarve\/desporto\/07\/30\/","og_locale":"pt_PT","og_type":"article","og_title":"AIA Motor Clube celebrou Dia do Comiss\u00e1rio no Aut\u00f3dromo Internacional do Algarve - Algarve 7","og_description":"AIA Motor Clube celebrou Dia do Comiss\u00e1rio no Aut\u00f3dromo Internacional do Algarve Desporto","og_url":"https:\/\/algarve7.pt\/index.php\/2025\/12\/aia-motor-clube-celebrou-dia-do-comissario-no-autodromo-internacional-do-algarve\/desporto\/07\/30\/","og_site_name":"Algarve 7","article_publisher":"https:\/\/www.facebook.com\/algarve7","article_author":"https:\/\/www.facebook.com\/algarve7","article_published_time":"2025-12-16T07:30:00+00:00","og_image":[{"width":800,"height":500,"url":"https:\/\/algarve7.pt\/wp-content\/uploads\/2025\/12\/Captura-de-ecra-2025-12-15-as-18.01.32.png","type":"image\/png"}],"author":"Algarve 7","twitter_card":"summary_large_image","twitter_creator":"@Algarvesete","twitter_site":"@Algarvesete","twitter_misc":{"Escrito por":"Algarve 7","Tempo estimado de leitura":"3 minutos"},"schema":{"@context":"https:\/\/schema.org","@graph":[{"@type":"Article","@id":"https:\/\/algarve7.pt\/index.php\/2025\/12\/aia-motor-clube-celebrou-dia-do-comissario-no-autodromo-internacional-do-algarve\/desporto\/07\/30\/#article","isPartOf":{"@id":"https:\/\/algarve7.pt\/index.php\/2025\/12\/aia-motor-clube-celebrou-dia-do-comissario-no-autodromo-internacional-do-algarve\/desporto\/07\/30\/"},"author":{"name":"Algarve 7","@id":"https:\/\/algarve7.pt\/#\/schema\/person\/23fa70681308e7b319a3204bcea45e0c"},"headline":"AIA Motor Clube celebrou Dia do Comiss\u00e1rio no Aut\u00f3dromo Internacional do Algarve","datePublished":"2025-12-16T07:30:00+00:00","mainEntityOfPage":{"@id":"https:\/\/algarve7.pt\/index.php\/2025\/12\/aia-motor-clube-celebrou-dia-do-comissario-no-autodromo-internacional-do-algarve\/desporto\/07\/30\/"},"wordCount":444,"publisher":{"@id":"https:\/\/algarve7.pt\/#organization"},"image":{"@id":"https:\/\/algarve7.pt\/index.php\/2025\/12\/aia-motor-clube-celebrou-dia-do-comissario-no-autodromo-internacional-do-algarve\/desporto\/07\/30\/#primaryimage"},"thumbnailUrl":"https:\/\/algarve7.pt\/wp-content\/uploads\/2025\/12\/Captura-de-ecra-2025-12-15-as-18.01.32.png","keywords":["Algarve","Aut\u00f3dromo Internacional do Algarve","Desporto","Portim\u00e3o"],"articleSection":["Desporto"],"inLanguage":"pt-PT"},{"@type":"WebPage","@id":"https:\/\/algarve7.pt\/index.php\/2025\/12\/aia-motor-clube-celebrou-dia-do-comissario-no-autodromo-internacional-do-algarve\/desporto\/07\/30\/","url":"https:\/\/algarve7.pt\/index.php\/2025\/12\/aia-motor-clube-celebrou-dia-do-comissario-no-autodromo-internacional-do-algarve\/desporto\/07\/30\/","name":"AIA Motor Clube celebrou Dia do Comiss\u00e1rio no Aut\u00f3dromo Internacional do Algarve - Algarve 7","isPartOf":{"@id":"https:\/\/algarve7.pt\/#website"},"primaryImageOfPage":{"@id":"https:\/\/algarve7.pt\/index.php\/2025\/12\/aia-motor-clube-celebrou-dia-do-comissario-no-autodromo-internacional-do-algarve\/desporto\/07\/30\/#primaryimage"},"image":{"@id":"https:\/\/algarve7.pt\/index.php\/2025\/12\/aia-motor-clube-celebrou-dia-do-comissario-no-autodromo-internacional-do-algarve\/desporto\/07\/30\/#primaryimage"},"thumbnailUrl":"https:\/\/algarve7.pt\/wp-content\/uploads\/2025\/12\/Captura-de-ecra-2025-12-15-as-18.01.32.png","datePublished":"2025-12-16T07:30:00+00:00","description":"AIA Motor Clube celebrou Dia do Comiss\u00e1rio no Aut\u00f3dromo Internacional do Algarve Desporto","breadcrumb":{"@id":"https:\/\/algarve7.pt\/index.php\/2025\/12\/aia-motor-clube-celebrou-dia-do-comissario-no-autodromo-internacional-do-algarve\/desporto\/07\/30\/#breadcrumb"},"inLanguage":"pt-PT","potentialAction":[{"@type":"ReadAction","target":["https:\/\/algarve7.pt\/index.php\/2025\/12\/aia-motor-clube-celebrou-dia-do-comissario-no-autodromo-internacional-do-algarve\/desporto\/07\/30\/"]}]},{"@type":"ImageObject","inLanguage":"pt-PT","@id":"https:\/\/algarve7.pt\/index.php\/2025\/12\/aia-motor-clube-celebrou-dia-do-comissario-no-autodromo-internacional-do-algarve\/desporto\/07\/30\/#primaryimage","url":"https:\/\/algarve7.pt\/wp-content\/uploads\/2025\/12\/Captura-de-ecra-2025-12-15-as-18.01.32.png","contentUrl":"https:\/\/algarve7.pt\/wp-content\/uploads\/2025\/12\/Captura-de-ecra-2025-12-15-as-18.01.32.png","width":800,"height":500},{"@type":"BreadcrumbList","@id":"https:\/\/algarve7.pt\/index.php\/2025\/12\/aia-motor-clube-celebrou-dia-do-comissario-no-autodromo-internacional-do-algarve\/desporto\/07\/30\/#breadcrumb","itemListElement":[{"@type":"ListItem","position":1,"name":"In\u00edcio","item":"https:\/\/algarve7.pt\/"},{"@type":"ListItem","position":2,"name":"AIA Motor Clube celebrou Dia do Comiss\u00e1rio no Aut\u00f3dromo Internacional do Algarve"}]},{"@type":"WebSite","@id":"https:\/\/algarve7.pt\/#website","url":"https:\/\/algarve7.pt\/","name":"Algarve 7","description":"Informa\u00e7\u00e3o sobre o Algarve","publisher":{"@id":"https:\/\/algarve7.pt\/#organization"},"potentialAction":[{"@type":"SearchAction","target":{"@type":"EntryPoint","urlTemplate":"https:\/\/algarve7.pt\/?s={search_term_string}"},"query-input":{"@type":"PropertyValueSpecification","valueRequired":true,"valueName":"search_term_string"}}],"inLanguage":"pt-PT"},{"@type":"Organization","@id":"https:\/\/algarve7.pt\/#organization","name":"Algarve 7","url":"https:\/\/algarve7.pt\/","logo":{"@type":"ImageObject","inLanguage":"pt-PT","@id":"https:\/\/algarve7.pt\/#\/schema\/logo\/image\/","url":"https:\/\/algarve7.pt\/wp-content\/uploads\/2020\/10\/Logo-8.jpg","contentUrl":"https:\/\/algarve7.pt\/wp-content\/uploads\/2020\/10\/Logo-8.jpg","width":1680,"height":1186,"caption":"Algarve 7"},"image":{"@id":"https:\/\/algarve7.pt\/#\/schema\/logo\/image\/"},"sameAs":["https:\/\/www.facebook.com\/algarve7","https:\/\/x.com\/Algarvesete","https:\/\/www.instagram.com\/jornalalgarve7\/","https:\/\/www.linkedin.com\/company\/algarve7","https:\/\/www.pinterest.pt\/geral0939\/_created\/"]},{"@type":"Person","@id":"https:\/\/algarve7.pt\/#\/schema\/person\/23fa70681308e7b319a3204bcea45e0c","name":"Algarve 7","sameAs":["https:\/\/algarve7.pt","https:\/\/www.facebook.com\/algarve7"],"url":"https:\/\/algarve7.pt\/index.php\/author\/geralalgarve7-pt\/"}]}},"jetpack_publicize_connections":[],"jetpack_featured_media_url":"https:\/\/algarve7.pt\/wp-content\/uploads\/2025\/12\/Captura-de-ecra-2025-12-15-as-18.01.32.png","jetpack_shortlink":"https:\/\/wp.me\/pcezmW-ePq","jetpack_sharing_enabled":true,"_links":{"self":[{"href":"https:\/\/algarve7.pt\/index.php\/wp-json\/wp\/v2\/posts\/57004","targetHints":{"allow":["GET"]}}],"collection":[{"href":"https:\/\/algarve7.pt\/index.php\/wp-json\/wp\/v2\/posts"}],"about":[{"href":"https:\/\/algarve7.pt\/index.php\/wp-json\/wp\/v2\/types\/post"}],"author":[{"embeddable":true,"href":"https:\/\/algarve7.pt\/index.php\/wp-json\/wp\/v2\/users\/1"}],"replies":[{"embeddable":true,"href":"https:\/\/algarve7.pt\/index.php\/wp-json\/wp\/v2\/comments?post=57004"}],"version-history":[{"count":0,"href":"https:\/\/algarve7.pt\/index.php\/wp-json\/wp\/v2\/posts\/57004\/revisions"}],"wp:featuredmedia":[{"embeddable":true,"href":"https:\/\/algarve7.pt\/index.php\/wp-json\/wp\/v2\/media\/57005"}],"wp:attachment":[{"href":"https:\/\/algarve7.pt\/index.php\/wp-json\/wp\/v2\/media?parent=57004"}],"wp:term":[{"taxonomy":"category","embeddable":true,"href":"https:\/\/algarve7.pt\/index.php\/wp-json\/wp\/v2\/categories?post=57004"},{"taxonomy":"post_tag","embeddable":true,"href":"https:\/\/algarve7.pt\/index.php\/wp-json\/wp\/v2\/tags?post=57004"}],"curies":[{"name":"wp","href":"https:\/\/api.w.org\/{rel}","templated":true}]}}