{"id":56939,"date":"2025-12-13T10:45:00","date_gmt":"2025-12-13T10:45:00","guid":{"rendered":"https:\/\/algarve7.pt\/?p=56939"},"modified":"2025-12-13T10:10:23","modified_gmt":"2025-12-13T10:10:23","slug":"operacao-diana-cooperacao-transfronteirica-entre-a-gnr-e-a-guardia-civil-no-combate-ao-trafico-de-droga","status":"publish","type":"post","link":"https:\/\/algarve7.pt\/index.php\/2025\/12\/operacao-diana-cooperacao-transfronteirica-entre-a-gnr-e-a-guardia-civil-no-combate-ao-trafico-de-droga\/atualidade\/10\/45\/","title":{"rendered":"Opera\u00e7\u00e3o \u201cDiana\u201d: Coopera\u00e7\u00e3o Transfronteiri\u00e7a entre a GNR e a\u00a0Guardia Civil\u00a0no Combate ao Tr\u00e1fico de Droga"},"content":{"rendered":"\n<p>A Guarda Nacional Republicana e a&nbsp;<em>Guardia Civil<\/em>&nbsp;cooperam para combater a estrutura log\u00edstica de apoio ao tr\u00e1fico internacional de estupefacientes por via mar\u00edtima da Pen\u00ednsula Ib\u00e9rica.<\/p>\n\n\n\n<p>\u00b7&nbsp;&nbsp;&nbsp;&nbsp;&nbsp;&nbsp;&nbsp;&nbsp;&nbsp;Este \u00e9 o primeiro dispositivo coordenado de combate \u00e0 criminalidade transfronteiri\u00e7a, que ter\u00e1 continuidade no tempo;<\/p>\n\n\n\n<p>\u00b7&nbsp;&nbsp;&nbsp;&nbsp;&nbsp;&nbsp;&nbsp;&nbsp;&nbsp;15 pessoas&nbsp;foram&nbsp;detidas e foram apreendidos 1.509 quilos de haxixe, 36 embarca\u00e7\u00f5es \u2013 nove das quais, embarca\u00e7\u00f5es de alta velocidade, 1.472 garrafas de combust\u00edvel, 13 ve\u00edculos e uma arma de fogo, al\u00e9m da elabora\u00e7\u00e3o de 98 autos de contraordena\u00e7\u00e3o;<\/p>\n\n\n\n<p>\u00b7&nbsp;&nbsp;&nbsp;&nbsp;&nbsp;&nbsp;&nbsp;&nbsp;&nbsp;Foram realizadas a\u00e7\u00f5es em diferentes pontos da prov\u00edncia de Huelva, bem como em zonas fronteiri\u00e7as portuguesas.<\/p>\n\n\n\n<p>A GNR e a&nbsp;<em>Guardia Civil<\/em>&nbsp;de Espanha coordenaram um dispositivo contra a criminalidade transfronteiri\u00e7a, especialmente no que se refere ao narcotr\u00e1fico e ao apoio log\u00edstico que partilham um mesmo contexto nas zonas lim\u00edtrofes entre o sul de Portugal e a prov\u00edncia de&nbsp;<em>Huelva<\/em>.<\/p>\n\n\n\n<p>A Opera\u00e7\u00e3o \u201cDiana\u201d, que decorreu durante tr\u00eas semanas no m\u00eas de novembro e que ser\u00e1 mantida no ativo, responde ao aumento das a\u00e7\u00f5es coordenadas com o pa\u00eds vizinho. O dispositivo foi criado devido \u00e0 press\u00e3o policial exercida na zona de Gibraltar, que obrigou as organiza\u00e7\u00f5es criminosas dedicadas ao narcotr\u00e1fico a modificar o seu&nbsp;<em>modus operandi<\/em>&nbsp;e os locais de descarga da droga, deslocando-se para a fronteira entre os dois pa\u00edses, que coincide com o leito do rio Guadiana.<\/p>\n\n\n\n<p>A posi\u00e7\u00e3o fronteiri\u00e7a deste rio, assim como os m\u00faltiplos canais que dele saem, foram considerados pelas organiza\u00e7\u00f5es criminosas como uma oportunidade para efetuar descargas, utilizando embarca\u00e7\u00f5es semirr\u00edgidas de grande pot\u00eancia e cilindrada, tentando assim fugir ao controlo no&nbsp;<em>Campo de Gibraltar<\/em>.<\/p>\n\n\n\n<p>A GNR e a&nbsp;<em>Guardia Civil<\/em>&nbsp;comprometeram-se a refor\u00e7ar e facilitar uma coordena\u00e7\u00e3o cont\u00ednua para combater esta amea\u00e7a, atrav\u00e9s de um dispositivo policial nas regi\u00f5es transfronteiri\u00e7as por terra, mar e ar, garantindo desta forma a seguran\u00e7a p\u00fablica, a vigil\u00e2ncia e o controlo da seguran\u00e7a rodovi\u00e1ria, permitindo ainda um interc\u00e2mbio de informa\u00e7\u00e3o entre ambos os dois corpos de pol\u00edcia.<\/p>\n\n\n\n<p>Durante estas semanas, a opera\u00e7\u00e3o teve uma presen\u00e7a particularmente relevante nas zonas portuguesas do Algarve e em v\u00e1rios munic\u00edpios da prov\u00edncia de&nbsp;<em>Huelva<\/em>, intensificando a vigil\u00e2ncia com um refor\u00e7o significativo de militares da GNR e da&nbsp;<em>Guardia Civil<\/em>.<\/p>\n\n\n\n<p>A opera\u00e7\u00e3o terminou na ter\u00e7a-feira, 25 de novembro, e foram realizados mais de&nbsp;<strong>200 pontos de controlo de verifica\u00e7\u00e3o<\/strong>&nbsp;em diferentes vias de comunica\u00e7\u00e3o,&nbsp;<strong>controlados mais de<\/strong><strong>400 ve\u00edculos<\/strong>&nbsp;e identificadas mais de&nbsp;<strong>900 pessoas<\/strong>. O resultado do dispositivo intensivo foi positivo, com um total de 15 pessoas detidas e a&nbsp;<strong>apreens\u00e3o de 1.509 quilos<\/strong>&nbsp;<strong>de haxixe<\/strong>, 36.800 litros de combust\u00edvel,&nbsp;<strong>36 embarca\u00e7\u00f5es<\/strong>&nbsp;&#8211; das quais nove s\u00e3o embarca\u00e7\u00f5es r\u00e1pidas com motores de alta velocidade, 13 ve\u00edculos e uma arma de fogo, al\u00e9m de 98 autos de contraordena\u00e7\u00e3o elaborados.<\/p>\n\n\n\n<p>O aumento da presen\u00e7a policial e da coordena\u00e7\u00e3o entre as for\u00e7as permitiu travar significativamente a atividade il\u00edcita destas organiza\u00e7\u00f5es nas zonas transfronteiri\u00e7as, tanto no que diz respeito ao narcotr\u00e1fico como \u00e0s atividades log\u00edsticas associadas, como a mudan\u00e7a de tripula\u00e7\u00f5es ou o fornecimento de mantimentos e material.<\/p>\n\n\n\n<p>Este foi o primeiro dispositivo conjunto, mas manter-se-\u00e1 no tempo, atrav\u00e9s do planeamento de novas opera\u00e7\u00f5es em ambos os lados da fronteira, com o objetivo de manter a press\u00e3o sobre o crime organizado e consolidar a coopera\u00e7\u00e3o entre os dois pa\u00edses, refor\u00e7ando assim a seguran\u00e7a p\u00fablica.<\/p>\n\n\n\n<p>Do lado portugu\u00eas, participou na Opera\u00e7\u00e3o a GNR, atrav\u00e9s da Unidade de Controlo Costeiro e de Fronteiras (UCCF), dos Comandos Territoriais de Faro e de Beja, e da Sec\u00e7\u00e3o de Investiga\u00e7\u00e3o Criminal do Grupo de Interven\u00e7\u00e3o de Opera\u00e7\u00f5es Especiais (GIOE). A GNR contou, ainda, com a participa\u00e7\u00e3o da For\u00e7a A\u00e9rea Portuguesa.<\/p>\n\n\n\n<p>Do lado espanhol, realizando controlos e vigil\u00e2ncia por terra &#8211; com agentes de&nbsp;<em>Seguridad Ciudadana<\/em>, COS, GAR, ARS, USECIC,&nbsp;<em>Polic\u00eda Judicial<\/em>, EDOA e CRAIN; por mar &#8211; com o<em>Servicio Mar\u00edtimo Provincial de Huelva<\/em>&nbsp;e o&nbsp;<em>Grupo Mar\u00edtimo del Estrecho<\/em>&nbsp;(e Unidade de Controlo Costeiro e de Fronteiras); e por ar &#8211; com as equipas PEGASO, SAER e&nbsp;<em>Servicio A\u00e9reo<\/em>.<\/p>\n","protected":false},"excerpt":{"rendered":"<p>A Guarda Nacional Republicana e a&nbsp;Guardia Civil&nbsp;cooperam para combater a estrutura log\u00edstica de apoio ao tr\u00e1fico internacional de estupefacientes por<\/p>\n","protected":false},"author":1,"featured_media":56940,"comment_status":"closed","ping_status":"closed","sticky":false,"template":"","format":"standard","meta":{"colormag_page_container_layout":"default_layout","colormag_page_sidebar_layout":"default_layout","_monsterinsights_skip_tracking":false,"_monsterinsights_sitenote_active":false,"_monsterinsights_sitenote_note":"","_monsterinsights_sitenote_category":0,"jetpack_post_was_ever_published":false,"_jetpack_newsletter_access":"","_jetpack_dont_email_post_to_subs":false,"_jetpack_newsletter_tier_id":0,"_jetpack_memberships_contains_paywalled_content":false,"_jetpack_memberships_contains_paid_content":false,"footnotes":"","jetpack_publicize_message":"","jetpack_publicize_feature_enabled":true,"jetpack_social_post_already_shared":true,"jetpack_social_options":{"image_generator_settings":{"template":"highway","default_image_id":0,"font":"","enabled":false},"version":2}},"categories":[11],"tags":[36,62,140],"class_list":["post-56939","post","type-post","status-publish","format-standard","has-post-thumbnail","hentry","category-atualidade","tag-algarve","tag-atualidade","tag-gnr"],"yoast_head":"<!-- This site is optimized with the Yoast SEO plugin v27.5 - https:\/\/yoast.com\/product\/yoast-seo-wordpress\/ -->\n<title>Opera\u00e7\u00e3o \u201cDiana\u201d: Coopera\u00e7\u00e3o Transfronteiri\u00e7a entre a GNR e a\u00a0Guardia Civil\u00a0no Combate ao Tr\u00e1fico de Droga - Algarve 7<\/title>\n<meta name=\"description\" content=\"Opera\u00e7\u00e3o \u201cDiana\u201d: Coopera\u00e7\u00e3o Transfronteiri\u00e7a entre a GNR e a\u00a0Guardia Civil\u00a0no Combate ao Tr\u00e1fico de Droga Atualidade\" \/>\n<meta name=\"robots\" content=\"index, follow, max-snippet:-1, max-image-preview:large, max-video-preview:-1\" \/>\n<link rel=\"canonical\" href=\"https:\/\/algarve7.pt\/index.php\/2025\/12\/operacao-diana-cooperacao-transfronteirica-entre-a-gnr-e-a-guardia-civil-no-combate-ao-trafico-de-droga\/atualidade\/10\/45\/\" \/>\n<meta property=\"og:locale\" content=\"pt_PT\" \/>\n<meta property=\"og:type\" content=\"article\" \/>\n<meta property=\"og:title\" content=\"Opera\u00e7\u00e3o \u201cDiana\u201d: Coopera\u00e7\u00e3o Transfronteiri\u00e7a entre a GNR e a\u00a0Guardia Civil\u00a0no Combate ao Tr\u00e1fico de Droga - Algarve 7\" \/>\n<meta property=\"og:description\" content=\"Opera\u00e7\u00e3o \u201cDiana\u201d: Coopera\u00e7\u00e3o Transfronteiri\u00e7a entre a GNR e a\u00a0Guardia Civil\u00a0no Combate ao Tr\u00e1fico de Droga Atualidade\" \/>\n<meta property=\"og:url\" content=\"https:\/\/algarve7.pt\/index.php\/2025\/12\/operacao-diana-cooperacao-transfronteirica-entre-a-gnr-e-a-guardia-civil-no-combate-ao-trafico-de-droga\/atualidade\/10\/45\/\" \/>\n<meta property=\"og:site_name\" content=\"Algarve 7\" \/>\n<meta property=\"article:publisher\" content=\"https:\/\/www.facebook.com\/algarve7\" \/>\n<meta property=\"article:author\" content=\"https:\/\/www.facebook.com\/algarve7\" \/>\n<meta property=\"article:published_time\" content=\"2025-12-13T10:45:00+00:00\" \/>\n<meta property=\"og:image\" content=\"https:\/\/algarve7.pt\/wp-content\/uploads\/2025\/12\/GNR-Operacao-Diana-1.jpeg\" \/>\n\t<meta property=\"og:image:width\" content=\"800\" \/>\n\t<meta property=\"og:image:height\" content=\"500\" \/>\n\t<meta property=\"og:image:type\" content=\"image\/jpeg\" \/>\n<meta name=\"author\" content=\"Algarve 7\" \/>\n<meta name=\"twitter:card\" content=\"summary_large_image\" \/>\n<meta name=\"twitter:creator\" content=\"@Algarvesete\" \/>\n<meta name=\"twitter:site\" content=\"@Algarvesete\" \/>\n<meta name=\"twitter:label1\" content=\"Escrito por\" \/>\n\t<meta name=\"twitter:data1\" content=\"Algarve 7\" \/>\n\t<meta name=\"twitter:label2\" content=\"Tempo estimado de leitura\" \/>\n\t<meta name=\"twitter:data2\" content=\"4 minutos\" \/>\n<script type=\"application\/ld+json\" class=\"yoast-schema-graph\">{\"@context\":\"https:\\\/\\\/schema.org\",\"@graph\":[{\"@type\":\"Article\",\"@id\":\"https:\\\/\\\/algarve7.pt\\\/index.php\\\/2025\\\/12\\\/operacao-diana-cooperacao-transfronteirica-entre-a-gnr-e-a-guardia-civil-no-combate-ao-trafico-de-droga\\\/atualidade\\\/10\\\/45\\\/#article\",\"isPartOf\":{\"@id\":\"https:\\\/\\\/algarve7.pt\\\/index.php\\\/2025\\\/12\\\/operacao-diana-cooperacao-transfronteirica-entre-a-gnr-e-a-guardia-civil-no-combate-ao-trafico-de-droga\\\/atualidade\\\/10\\\/45\\\/\"},\"author\":{\"name\":\"Algarve 7\",\"@id\":\"https:\\\/\\\/algarve7.pt\\\/#\\\/schema\\\/person\\\/23fa70681308e7b319a3204bcea45e0c\"},\"headline\":\"Opera\u00e7\u00e3o \u201cDiana\u201d: Coopera\u00e7\u00e3o Transfronteiri\u00e7a entre a GNR e a\u00a0Guardia Civil\u00a0no Combate ao Tr\u00e1fico de Droga\",\"datePublished\":\"2025-12-13T10:45:00+00:00\",\"mainEntityOfPage\":{\"@id\":\"https:\\\/\\\/algarve7.pt\\\/index.php\\\/2025\\\/12\\\/operacao-diana-cooperacao-transfronteirica-entre-a-gnr-e-a-guardia-civil-no-combate-ao-trafico-de-droga\\\/atualidade\\\/10\\\/45\\\/\"},\"wordCount\":812,\"publisher\":{\"@id\":\"https:\\\/\\\/algarve7.pt\\\/#organization\"},\"image\":{\"@id\":\"https:\\\/\\\/algarve7.pt\\\/index.php\\\/2025\\\/12\\\/operacao-diana-cooperacao-transfronteirica-entre-a-gnr-e-a-guardia-civil-no-combate-ao-trafico-de-droga\\\/atualidade\\\/10\\\/45\\\/#primaryimage\"},\"thumbnailUrl\":\"https:\\\/\\\/algarve7.pt\\\/wp-content\\\/uploads\\\/2025\\\/12\\\/GNR-Operacao-Diana-1.jpeg\",\"keywords\":[\"Algarve\",\"Atualidade\",\"GNR\"],\"articleSection\":[\"Atualidade\"],\"inLanguage\":\"pt-PT\"},{\"@type\":\"WebPage\",\"@id\":\"https:\\\/\\\/algarve7.pt\\\/index.php\\\/2025\\\/12\\\/operacao-diana-cooperacao-transfronteirica-entre-a-gnr-e-a-guardia-civil-no-combate-ao-trafico-de-droga\\\/atualidade\\\/10\\\/45\\\/\",\"url\":\"https:\\\/\\\/algarve7.pt\\\/index.php\\\/2025\\\/12\\\/operacao-diana-cooperacao-transfronteirica-entre-a-gnr-e-a-guardia-civil-no-combate-ao-trafico-de-droga\\\/atualidade\\\/10\\\/45\\\/\",\"name\":\"Opera\u00e7\u00e3o \u201cDiana\u201d: Coopera\u00e7\u00e3o Transfronteiri\u00e7a entre a GNR e a\u00a0Guardia Civil\u00a0no Combate ao Tr\u00e1fico de Droga - Algarve 7\",\"isPartOf\":{\"@id\":\"https:\\\/\\\/algarve7.pt\\\/#website\"},\"primaryImageOfPage\":{\"@id\":\"https:\\\/\\\/algarve7.pt\\\/index.php\\\/2025\\\/12\\\/operacao-diana-cooperacao-transfronteirica-entre-a-gnr-e-a-guardia-civil-no-combate-ao-trafico-de-droga\\\/atualidade\\\/10\\\/45\\\/#primaryimage\"},\"image\":{\"@id\":\"https:\\\/\\\/algarve7.pt\\\/index.php\\\/2025\\\/12\\\/operacao-diana-cooperacao-transfronteirica-entre-a-gnr-e-a-guardia-civil-no-combate-ao-trafico-de-droga\\\/atualidade\\\/10\\\/45\\\/#primaryimage\"},\"thumbnailUrl\":\"https:\\\/\\\/algarve7.pt\\\/wp-content\\\/uploads\\\/2025\\\/12\\\/GNR-Operacao-Diana-1.jpeg\",\"datePublished\":\"2025-12-13T10:45:00+00:00\",\"description\":\"Opera\u00e7\u00e3o \u201cDiana\u201d: Coopera\u00e7\u00e3o Transfronteiri\u00e7a entre a GNR e a\u00a0Guardia Civil\u00a0no Combate ao Tr\u00e1fico de Droga Atualidade\",\"breadcrumb\":{\"@id\":\"https:\\\/\\\/algarve7.pt\\\/index.php\\\/2025\\\/12\\\/operacao-diana-cooperacao-transfronteirica-entre-a-gnr-e-a-guardia-civil-no-combate-ao-trafico-de-droga\\\/atualidade\\\/10\\\/45\\\/#breadcrumb\"},\"inLanguage\":\"pt-PT\",\"potentialAction\":[{\"@type\":\"ReadAction\",\"target\":[\"https:\\\/\\\/algarve7.pt\\\/index.php\\\/2025\\\/12\\\/operacao-diana-cooperacao-transfronteirica-entre-a-gnr-e-a-guardia-civil-no-combate-ao-trafico-de-droga\\\/atualidade\\\/10\\\/45\\\/\"]}]},{\"@type\":\"ImageObject\",\"inLanguage\":\"pt-PT\",\"@id\":\"https:\\\/\\\/algarve7.pt\\\/index.php\\\/2025\\\/12\\\/operacao-diana-cooperacao-transfronteirica-entre-a-gnr-e-a-guardia-civil-no-combate-ao-trafico-de-droga\\\/atualidade\\\/10\\\/45\\\/#primaryimage\",\"url\":\"https:\\\/\\\/algarve7.pt\\\/wp-content\\\/uploads\\\/2025\\\/12\\\/GNR-Operacao-Diana-1.jpeg\",\"contentUrl\":\"https:\\\/\\\/algarve7.pt\\\/wp-content\\\/uploads\\\/2025\\\/12\\\/GNR-Operacao-Diana-1.jpeg\",\"width\":800,\"height\":500},{\"@type\":\"BreadcrumbList\",\"@id\":\"https:\\\/\\\/algarve7.pt\\\/index.php\\\/2025\\\/12\\\/operacao-diana-cooperacao-transfronteirica-entre-a-gnr-e-a-guardia-civil-no-combate-ao-trafico-de-droga\\\/atualidade\\\/10\\\/45\\\/#breadcrumb\",\"itemListElement\":[{\"@type\":\"ListItem\",\"position\":1,\"name\":\"In\u00edcio\",\"item\":\"https:\\\/\\\/algarve7.pt\\\/\"},{\"@type\":\"ListItem\",\"position\":2,\"name\":\"Opera\u00e7\u00e3o \u201cDiana\u201d: Coopera\u00e7\u00e3o Transfronteiri\u00e7a entre a GNR e a\u00a0Guardia Civil\u00a0no Combate ao Tr\u00e1fico de Droga\"}]},{\"@type\":\"WebSite\",\"@id\":\"https:\\\/\\\/algarve7.pt\\\/#website\",\"url\":\"https:\\\/\\\/algarve7.pt\\\/\",\"name\":\"Algarve 7\",\"description\":\"Informa\u00e7\u00e3o sobre o Algarve\",\"publisher\":{\"@id\":\"https:\\\/\\\/algarve7.pt\\\/#organization\"},\"potentialAction\":[{\"@type\":\"SearchAction\",\"target\":{\"@type\":\"EntryPoint\",\"urlTemplate\":\"https:\\\/\\\/algarve7.pt\\\/?s={search_term_string}\"},\"query-input\":{\"@type\":\"PropertyValueSpecification\",\"valueRequired\":true,\"valueName\":\"search_term_string\"}}],\"inLanguage\":\"pt-PT\"},{\"@type\":\"Organization\",\"@id\":\"https:\\\/\\\/algarve7.pt\\\/#organization\",\"name\":\"Algarve 7\",\"url\":\"https:\\\/\\\/algarve7.pt\\\/\",\"logo\":{\"@type\":\"ImageObject\",\"inLanguage\":\"pt-PT\",\"@id\":\"https:\\\/\\\/algarve7.pt\\\/#\\\/schema\\\/logo\\\/image\\\/\",\"url\":\"https:\\\/\\\/algarve7.pt\\\/wp-content\\\/uploads\\\/2020\\\/10\\\/Logo-8.jpg\",\"contentUrl\":\"https:\\\/\\\/algarve7.pt\\\/wp-content\\\/uploads\\\/2020\\\/10\\\/Logo-8.jpg\",\"width\":1680,\"height\":1186,\"caption\":\"Algarve 7\"},\"image\":{\"@id\":\"https:\\\/\\\/algarve7.pt\\\/#\\\/schema\\\/logo\\\/image\\\/\"},\"sameAs\":[\"https:\\\/\\\/www.facebook.com\\\/algarve7\",\"https:\\\/\\\/x.com\\\/Algarvesete\",\"https:\\\/\\\/www.instagram.com\\\/jornalalgarve7\\\/\",\"https:\\\/\\\/www.linkedin.com\\\/company\\\/algarve7\",\"https:\\\/\\\/www.pinterest.pt\\\/geral0939\\\/_created\\\/\"]},{\"@type\":\"Person\",\"@id\":\"https:\\\/\\\/algarve7.pt\\\/#\\\/schema\\\/person\\\/23fa70681308e7b319a3204bcea45e0c\",\"name\":\"Algarve 7\",\"sameAs\":[\"https:\\\/\\\/algarve7.pt\",\"https:\\\/\\\/www.facebook.com\\\/algarve7\"],\"url\":\"https:\\\/\\\/algarve7.pt\\\/index.php\\\/author\\\/geralalgarve7-pt\\\/\"}]}<\/script>\n<!-- \/ Yoast SEO plugin. -->","yoast_head_json":{"title":"Opera\u00e7\u00e3o \u201cDiana\u201d: Coopera\u00e7\u00e3o Transfronteiri\u00e7a entre a GNR e a\u00a0Guardia Civil\u00a0no Combate ao Tr\u00e1fico de Droga - Algarve 7","description":"Opera\u00e7\u00e3o \u201cDiana\u201d: Coopera\u00e7\u00e3o Transfronteiri\u00e7a entre a GNR e a\u00a0Guardia Civil\u00a0no Combate ao Tr\u00e1fico de Droga Atualidade","robots":{"index":"index","follow":"follow","max-snippet":"max-snippet:-1","max-image-preview":"max-image-preview:large","max-video-preview":"max-video-preview:-1"},"canonical":"https:\/\/algarve7.pt\/index.php\/2025\/12\/operacao-diana-cooperacao-transfronteirica-entre-a-gnr-e-a-guardia-civil-no-combate-ao-trafico-de-droga\/atualidade\/10\/45\/","og_locale":"pt_PT","og_type":"article","og_title":"Opera\u00e7\u00e3o \u201cDiana\u201d: Coopera\u00e7\u00e3o Transfronteiri\u00e7a entre a GNR e a\u00a0Guardia Civil\u00a0no Combate ao Tr\u00e1fico de Droga - Algarve 7","og_description":"Opera\u00e7\u00e3o \u201cDiana\u201d: Coopera\u00e7\u00e3o Transfronteiri\u00e7a entre a GNR e a\u00a0Guardia Civil\u00a0no Combate ao Tr\u00e1fico de Droga Atualidade","og_url":"https:\/\/algarve7.pt\/index.php\/2025\/12\/operacao-diana-cooperacao-transfronteirica-entre-a-gnr-e-a-guardia-civil-no-combate-ao-trafico-de-droga\/atualidade\/10\/45\/","og_site_name":"Algarve 7","article_publisher":"https:\/\/www.facebook.com\/algarve7","article_author":"https:\/\/www.facebook.com\/algarve7","article_published_time":"2025-12-13T10:45:00+00:00","og_image":[{"width":800,"height":500,"url":"https:\/\/algarve7.pt\/wp-content\/uploads\/2025\/12\/GNR-Operacao-Diana-1.jpeg","type":"image\/jpeg"}],"author":"Algarve 7","twitter_card":"summary_large_image","twitter_creator":"@Algarvesete","twitter_site":"@Algarvesete","twitter_misc":{"Escrito por":"Algarve 7","Tempo estimado de leitura":"4 minutos"},"schema":{"@context":"https:\/\/schema.org","@graph":[{"@type":"Article","@id":"https:\/\/algarve7.pt\/index.php\/2025\/12\/operacao-diana-cooperacao-transfronteirica-entre-a-gnr-e-a-guardia-civil-no-combate-ao-trafico-de-droga\/atualidade\/10\/45\/#article","isPartOf":{"@id":"https:\/\/algarve7.pt\/index.php\/2025\/12\/operacao-diana-cooperacao-transfronteirica-entre-a-gnr-e-a-guardia-civil-no-combate-ao-trafico-de-droga\/atualidade\/10\/45\/"},"author":{"name":"Algarve 7","@id":"https:\/\/algarve7.pt\/#\/schema\/person\/23fa70681308e7b319a3204bcea45e0c"},"headline":"Opera\u00e7\u00e3o \u201cDiana\u201d: Coopera\u00e7\u00e3o Transfronteiri\u00e7a entre a GNR e a\u00a0Guardia Civil\u00a0no Combate ao Tr\u00e1fico de Droga","datePublished":"2025-12-13T10:45:00+00:00","mainEntityOfPage":{"@id":"https:\/\/algarve7.pt\/index.php\/2025\/12\/operacao-diana-cooperacao-transfronteirica-entre-a-gnr-e-a-guardia-civil-no-combate-ao-trafico-de-droga\/atualidade\/10\/45\/"},"wordCount":812,"publisher":{"@id":"https:\/\/algarve7.pt\/#organization"},"image":{"@id":"https:\/\/algarve7.pt\/index.php\/2025\/12\/operacao-diana-cooperacao-transfronteirica-entre-a-gnr-e-a-guardia-civil-no-combate-ao-trafico-de-droga\/atualidade\/10\/45\/#primaryimage"},"thumbnailUrl":"https:\/\/algarve7.pt\/wp-content\/uploads\/2025\/12\/GNR-Operacao-Diana-1.jpeg","keywords":["Algarve","Atualidade","GNR"],"articleSection":["Atualidade"],"inLanguage":"pt-PT"},{"@type":"WebPage","@id":"https:\/\/algarve7.pt\/index.php\/2025\/12\/operacao-diana-cooperacao-transfronteirica-entre-a-gnr-e-a-guardia-civil-no-combate-ao-trafico-de-droga\/atualidade\/10\/45\/","url":"https:\/\/algarve7.pt\/index.php\/2025\/12\/operacao-diana-cooperacao-transfronteirica-entre-a-gnr-e-a-guardia-civil-no-combate-ao-trafico-de-droga\/atualidade\/10\/45\/","name":"Opera\u00e7\u00e3o \u201cDiana\u201d: Coopera\u00e7\u00e3o Transfronteiri\u00e7a entre a GNR e a\u00a0Guardia Civil\u00a0no Combate ao Tr\u00e1fico de Droga - Algarve 7","isPartOf":{"@id":"https:\/\/algarve7.pt\/#website"},"primaryImageOfPage":{"@id":"https:\/\/algarve7.pt\/index.php\/2025\/12\/operacao-diana-cooperacao-transfronteirica-entre-a-gnr-e-a-guardia-civil-no-combate-ao-trafico-de-droga\/atualidade\/10\/45\/#primaryimage"},"image":{"@id":"https:\/\/algarve7.pt\/index.php\/2025\/12\/operacao-diana-cooperacao-transfronteirica-entre-a-gnr-e-a-guardia-civil-no-combate-ao-trafico-de-droga\/atualidade\/10\/45\/#primaryimage"},"thumbnailUrl":"https:\/\/algarve7.pt\/wp-content\/uploads\/2025\/12\/GNR-Operacao-Diana-1.jpeg","datePublished":"2025-12-13T10:45:00+00:00","description":"Opera\u00e7\u00e3o \u201cDiana\u201d: Coopera\u00e7\u00e3o Transfronteiri\u00e7a entre a GNR e a\u00a0Guardia Civil\u00a0no Combate ao Tr\u00e1fico de Droga Atualidade","breadcrumb":{"@id":"https:\/\/algarve7.pt\/index.php\/2025\/12\/operacao-diana-cooperacao-transfronteirica-entre-a-gnr-e-a-guardia-civil-no-combate-ao-trafico-de-droga\/atualidade\/10\/45\/#breadcrumb"},"inLanguage":"pt-PT","potentialAction":[{"@type":"ReadAction","target":["https:\/\/algarve7.pt\/index.php\/2025\/12\/operacao-diana-cooperacao-transfronteirica-entre-a-gnr-e-a-guardia-civil-no-combate-ao-trafico-de-droga\/atualidade\/10\/45\/"]}]},{"@type":"ImageObject","inLanguage":"pt-PT","@id":"https:\/\/algarve7.pt\/index.php\/2025\/12\/operacao-diana-cooperacao-transfronteirica-entre-a-gnr-e-a-guardia-civil-no-combate-ao-trafico-de-droga\/atualidade\/10\/45\/#primaryimage","url":"https:\/\/algarve7.pt\/wp-content\/uploads\/2025\/12\/GNR-Operacao-Diana-1.jpeg","contentUrl":"https:\/\/algarve7.pt\/wp-content\/uploads\/2025\/12\/GNR-Operacao-Diana-1.jpeg","width":800,"height":500},{"@type":"BreadcrumbList","@id":"https:\/\/algarve7.pt\/index.php\/2025\/12\/operacao-diana-cooperacao-transfronteirica-entre-a-gnr-e-a-guardia-civil-no-combate-ao-trafico-de-droga\/atualidade\/10\/45\/#breadcrumb","itemListElement":[{"@type":"ListItem","position":1,"name":"In\u00edcio","item":"https:\/\/algarve7.pt\/"},{"@type":"ListItem","position":2,"name":"Opera\u00e7\u00e3o \u201cDiana\u201d: Coopera\u00e7\u00e3o Transfronteiri\u00e7a entre a GNR e a\u00a0Guardia Civil\u00a0no Combate ao Tr\u00e1fico de Droga"}]},{"@type":"WebSite","@id":"https:\/\/algarve7.pt\/#website","url":"https:\/\/algarve7.pt\/","name":"Algarve 7","description":"Informa\u00e7\u00e3o sobre o Algarve","publisher":{"@id":"https:\/\/algarve7.pt\/#organization"},"potentialAction":[{"@type":"SearchAction","target":{"@type":"EntryPoint","urlTemplate":"https:\/\/algarve7.pt\/?s={search_term_string}"},"query-input":{"@type":"PropertyValueSpecification","valueRequired":true,"valueName":"search_term_string"}}],"inLanguage":"pt-PT"},{"@type":"Organization","@id":"https:\/\/algarve7.pt\/#organization","name":"Algarve 7","url":"https:\/\/algarve7.pt\/","logo":{"@type":"ImageObject","inLanguage":"pt-PT","@id":"https:\/\/algarve7.pt\/#\/schema\/logo\/image\/","url":"https:\/\/algarve7.pt\/wp-content\/uploads\/2020\/10\/Logo-8.jpg","contentUrl":"https:\/\/algarve7.pt\/wp-content\/uploads\/2020\/10\/Logo-8.jpg","width":1680,"height":1186,"caption":"Algarve 7"},"image":{"@id":"https:\/\/algarve7.pt\/#\/schema\/logo\/image\/"},"sameAs":["https:\/\/www.facebook.com\/algarve7","https:\/\/x.com\/Algarvesete","https:\/\/www.instagram.com\/jornalalgarve7\/","https:\/\/www.linkedin.com\/company\/algarve7","https:\/\/www.pinterest.pt\/geral0939\/_created\/"]},{"@type":"Person","@id":"https:\/\/algarve7.pt\/#\/schema\/person\/23fa70681308e7b319a3204bcea45e0c","name":"Algarve 7","sameAs":["https:\/\/algarve7.pt","https:\/\/www.facebook.com\/algarve7"],"url":"https:\/\/algarve7.pt\/index.php\/author\/geralalgarve7-pt\/"}]}},"jetpack_publicize_connections":[],"jetpack_featured_media_url":"https:\/\/algarve7.pt\/wp-content\/uploads\/2025\/12\/GNR-Operacao-Diana-1.jpeg","jetpack_shortlink":"https:\/\/wp.me\/pcezmW-eOn","jetpack_sharing_enabled":true,"_links":{"self":[{"href":"https:\/\/algarve7.pt\/index.php\/wp-json\/wp\/v2\/posts\/56939","targetHints":{"allow":["GET"]}}],"collection":[{"href":"https:\/\/algarve7.pt\/index.php\/wp-json\/wp\/v2\/posts"}],"about":[{"href":"https:\/\/algarve7.pt\/index.php\/wp-json\/wp\/v2\/types\/post"}],"author":[{"embeddable":true,"href":"https:\/\/algarve7.pt\/index.php\/wp-json\/wp\/v2\/users\/1"}],"replies":[{"embeddable":true,"href":"https:\/\/algarve7.pt\/index.php\/wp-json\/wp\/v2\/comments?post=56939"}],"version-history":[{"count":0,"href":"https:\/\/algarve7.pt\/index.php\/wp-json\/wp\/v2\/posts\/56939\/revisions"}],"wp:featuredmedia":[{"embeddable":true,"href":"https:\/\/algarve7.pt\/index.php\/wp-json\/wp\/v2\/media\/56940"}],"wp:attachment":[{"href":"https:\/\/algarve7.pt\/index.php\/wp-json\/wp\/v2\/media?parent=56939"}],"wp:term":[{"taxonomy":"category","embeddable":true,"href":"https:\/\/algarve7.pt\/index.php\/wp-json\/wp\/v2\/categories?post=56939"},{"taxonomy":"post_tag","embeddable":true,"href":"https:\/\/algarve7.pt\/index.php\/wp-json\/wp\/v2\/tags?post=56939"}],"curies":[{"name":"wp","href":"https:\/\/api.w.org\/{rel}","templated":true}]}}