{"id":56916,"date":"2025-12-13T11:00:00","date_gmt":"2025-12-13T11:00:00","guid":{"rendered":"https:\/\/algarve7.pt\/?p=56916"},"modified":"2025-12-12T14:29:00","modified_gmt":"2025-12-12T14:29:00","slug":"indireita-street-fest-regressa-com-sexta-edicao-do-evento","status":"publish","type":"post","link":"https:\/\/algarve7.pt\/index.php\/2025\/12\/indireita-street-fest-regressa-com-sexta-edicao-do-evento\/cultura\/11\/00\/","title":{"rendered":"\u201cInDireita Street Fest\u201d regressa com sexta edi\u00e7\u00e3o do evento"},"content":{"rendered":"\n<p>A Rua Direita vai voltar a encher-se de vida no domingo 14 de dezembro, com o InDireita Street Fest, naquela que ser\u00e1 a sexta e \u00faltima edi\u00e7\u00e3o deste ano.<\/p>\n\n\n\n<p>M\u00fasica, dan\u00e7a e muitas outras atividades art\u00edsticas e desportivas, bem como venda de produtos locais e oferta gastron\u00f3mica, far\u00e3o da rua Direita uma art\u00e9ria sem carros e com esp\u00edrito comunit\u00e1rio.<\/p>\n\n\n\n<p>Organizado pela associa\u00e7\u00e3o Palco das Ondas Invis\u00edveis Studio (P.O.I.S.), o festival transforma mais uma vez esta rua ic\u00f3nica de Portim\u00e3o num verdadeiro palco a c\u00e9u aberto, onde todos s\u00e3o convidados a celebrar o final de 2025 com boa energia e muita anima\u00e7\u00e3o.<\/p>\n\n\n\n<p>Para come\u00e7ar o dia da melhor forma, haver\u00e1 m\u00fasica com o Coro da Aldeia, o m\u00fasico Z\u00e9 Cantigas e a fadista Katrina Cand.&nbsp;&nbsp;O ambiente musical vai estar tamb\u00e9m ao ritmo do rock, com atua\u00e7\u00f5es vibrantes de Josephine Nightingale, Green Leather e Wildchains no palco principal, garantindo uma tarde e noite repletas de som e vibra\u00e7\u00e3o.&nbsp;<\/p>\n\n\n\n<p>H\u00e1 ainda uma estreia, a n\u00e3o perder: a associa\u00e7\u00e3o Dancenema junta-se pela primeira vez ao InDireita, trazendo dois espet\u00e1culos de dan\u00e7a que v\u00e3o surpreender o p\u00fablico.<\/p>\n\n\n\n<p>A adrenalina tamb\u00e9m est\u00e1 de volta com a rampa de skate, atrav\u00e9s da participa\u00e7\u00e3o da associa\u00e7\u00e3o N\u00facleo de Skate, que vai dinamizar aulas gratuitas, um \u201copen contest\u201d e muito esp\u00edrito de equipa sobre rodas.<\/p>\n\n\n\n<p>Os mais curiosos e criativos v\u00e3o poder explorar os workshops de pintura de azulejos para crian\u00e7as e o novo workshop de empreita para adultos. A programa\u00e7\u00e3o inclui ainda jogos tradicionais, arte interativa e o divertido \u201cConcurso de Aliens\u201d, cujo desenho vencedor ganhar\u00e1 vida na pr\u00f3xima edi\u00e7\u00e3o do festival.<\/p>\n\n\n\n<p>N\u00e3o podem faltar os mercados e o com\u00e9rcio local: artesanato, frutas e legumes biol\u00f3gicos de manh\u00e3 e as lojas da Rua Direita abertas durante todo o dia, num ambiente perfeito para passear, conviver e fazer as \u00faltimas compras do ano.<\/p>\n\n\n\n<p>Desde 2024, o InDireita Street Fest tem vindo a transformar o cora\u00e7\u00e3o de Portim\u00e3o num palco de cultura comunit\u00e1ria.<\/p>\n\n\n\n<p>Uma das transforma\u00e7\u00f5es mais not\u00f3rias das ruas do centro, foi desencadeada pelo projeto &#8220;a Cidade a Cores&#8221; desenvolvido em 2024, e que ser\u00e1 inaugurado nesta edi\u00e7\u00e3o.<\/p>\n\n\n\n<p>Alguns dos artistas que participaram no referido projeto de arte urbana, atrav\u00e9s da pintura de 11 km da Rota Acess\u00edvel, estar\u00e3o presentes no InDireita para falar um pouco sobre as suas obras, divulgando assim este percurso art\u00edstico, que \u00e9 o primeiro roteiro tem\u00e1tico desenvolvido pela associa\u00e7\u00e3o.<\/p>\n\n\n\n<p>Na \u00faltima das quatro edi\u00e7\u00f5es 2025, ser\u00e1 levado para a rua o melhor da produ\u00e7\u00e3o local, da arte e do talento, vari\u00e1veis que d\u00e3o cor \u00e0 cidade, para que este seja um dia&nbsp;&nbsp;memor\u00e1vel.<strong><\/strong><\/p>\n","protected":false},"excerpt":{"rendered":"<p>A Rua Direita vai voltar a encher-se de vida no domingo 14 de dezembro, com o InDireita Street Fest, naquela<\/p>\n","protected":false},"author":1,"featured_media":56917,"comment_status":"closed","ping_status":"closed","sticky":false,"template":"","format":"standard","meta":{"colormag_page_container_layout":"default_layout","colormag_page_sidebar_layout":"default_layout","_monsterinsights_skip_tracking":false,"_monsterinsights_sitenote_active":false,"_monsterinsights_sitenote_note":"","_monsterinsights_sitenote_category":0,"jetpack_post_was_ever_published":false,"_jetpack_newsletter_access":"","_jetpack_dont_email_post_to_subs":false,"_jetpack_newsletter_tier_id":0,"_jetpack_memberships_contains_paywalled_content":false,"_jetpack_memberships_contains_paid_content":false,"footnotes":"","jetpack_publicize_message":"","jetpack_publicize_feature_enabled":true,"jetpack_social_post_already_shared":true,"jetpack_social_options":{"image_generator_settings":{"template":"highway","default_image_id":0,"font":"","enabled":false},"version":2}},"categories":[14],"tags":[36,35,72],"class_list":["post-56916","post","type-post","status-publish","format-standard","has-post-thumbnail","hentry","category-cultura","tag-algarve","tag-cultura","tag-portimao"],"yoast_head":"<!-- This site is optimized with the Yoast SEO plugin v27.5 - https:\/\/yoast.com\/product\/yoast-seo-wordpress\/ -->\n<title>\u201cInDireita Street Fest\u201d regressa com sexta edi\u00e7\u00e3o do evento - Algarve 7<\/title>\n<meta name=\"description\" content=\"\u201cInDireita Street Fest\u201d regressa com sexta edi\u00e7\u00e3o do evento Cultura\" \/>\n<meta name=\"robots\" content=\"index, follow, max-snippet:-1, max-image-preview:large, max-video-preview:-1\" \/>\n<link rel=\"canonical\" href=\"https:\/\/algarve7.pt\/index.php\/2025\/12\/indireita-street-fest-regressa-com-sexta-edicao-do-evento\/cultura\/11\/00\/\" \/>\n<meta property=\"og:locale\" content=\"pt_PT\" \/>\n<meta property=\"og:type\" content=\"article\" \/>\n<meta property=\"og:title\" content=\"\u201cInDireita Street Fest\u201d regressa com sexta edi\u00e7\u00e3o do evento - Algarve 7\" \/>\n<meta property=\"og:description\" content=\"\u201cInDireita Street Fest\u201d regressa com sexta edi\u00e7\u00e3o do evento Cultura\" \/>\n<meta property=\"og:url\" content=\"https:\/\/algarve7.pt\/index.php\/2025\/12\/indireita-street-fest-regressa-com-sexta-edicao-do-evento\/cultura\/11\/00\/\" \/>\n<meta property=\"og:site_name\" content=\"Algarve 7\" \/>\n<meta property=\"article:publisher\" content=\"https:\/\/www.facebook.com\/algarve7\" \/>\n<meta property=\"article:author\" content=\"https:\/\/www.facebook.com\/algarve7\" \/>\n<meta property=\"article:published_time\" content=\"2025-12-13T11:00:00+00:00\" \/>\n<meta property=\"og:image\" content=\"https:\/\/algarve7.pt\/wp-content\/uploads\/2025\/12\/InDireita-Street-Fest.jpg\" \/>\n\t<meta property=\"og:image:width\" content=\"800\" \/>\n\t<meta property=\"og:image:height\" content=\"500\" \/>\n\t<meta property=\"og:image:type\" content=\"image\/jpeg\" \/>\n<meta name=\"author\" content=\"Algarve 7\" \/>\n<meta name=\"twitter:card\" content=\"summary_large_image\" \/>\n<meta name=\"twitter:creator\" content=\"@Algarvesete\" \/>\n<meta name=\"twitter:site\" content=\"@Algarvesete\" \/>\n<meta name=\"twitter:label1\" content=\"Escrito por\" \/>\n\t<meta name=\"twitter:data1\" content=\"Algarve 7\" \/>\n\t<meta name=\"twitter:label2\" content=\"Tempo estimado de leitura\" \/>\n\t<meta name=\"twitter:data2\" content=\"3 minutos\" \/>\n<script type=\"application\/ld+json\" class=\"yoast-schema-graph\">{\"@context\":\"https:\\\/\\\/schema.org\",\"@graph\":[{\"@type\":\"Article\",\"@id\":\"https:\\\/\\\/algarve7.pt\\\/index.php\\\/2025\\\/12\\\/indireita-street-fest-regressa-com-sexta-edicao-do-evento\\\/cultura\\\/11\\\/00\\\/#article\",\"isPartOf\":{\"@id\":\"https:\\\/\\\/algarve7.pt\\\/index.php\\\/2025\\\/12\\\/indireita-street-fest-regressa-com-sexta-edicao-do-evento\\\/cultura\\\/11\\\/00\\\/\"},\"author\":{\"name\":\"Algarve 7\",\"@id\":\"https:\\\/\\\/algarve7.pt\\\/#\\\/schema\\\/person\\\/23fa70681308e7b319a3204bcea45e0c\"},\"headline\":\"\u201cInDireita Street Fest\u201d regressa com sexta edi\u00e7\u00e3o do evento\",\"datePublished\":\"2025-12-13T11:00:00+00:00\",\"mainEntityOfPage\":{\"@id\":\"https:\\\/\\\/algarve7.pt\\\/index.php\\\/2025\\\/12\\\/indireita-street-fest-regressa-com-sexta-edicao-do-evento\\\/cultura\\\/11\\\/00\\\/\"},\"wordCount\":499,\"publisher\":{\"@id\":\"https:\\\/\\\/algarve7.pt\\\/#organization\"},\"image\":{\"@id\":\"https:\\\/\\\/algarve7.pt\\\/index.php\\\/2025\\\/12\\\/indireita-street-fest-regressa-com-sexta-edicao-do-evento\\\/cultura\\\/11\\\/00\\\/#primaryimage\"},\"thumbnailUrl\":\"https:\\\/\\\/algarve7.pt\\\/wp-content\\\/uploads\\\/2025\\\/12\\\/InDireita-Street-Fest.jpg\",\"keywords\":[\"Algarve\",\"Cultura\",\"Portim\u00e3o\"],\"articleSection\":[\"Cultura\"],\"inLanguage\":\"pt-PT\"},{\"@type\":\"WebPage\",\"@id\":\"https:\\\/\\\/algarve7.pt\\\/index.php\\\/2025\\\/12\\\/indireita-street-fest-regressa-com-sexta-edicao-do-evento\\\/cultura\\\/11\\\/00\\\/\",\"url\":\"https:\\\/\\\/algarve7.pt\\\/index.php\\\/2025\\\/12\\\/indireita-street-fest-regressa-com-sexta-edicao-do-evento\\\/cultura\\\/11\\\/00\\\/\",\"name\":\"\u201cInDireita Street Fest\u201d regressa com sexta edi\u00e7\u00e3o do evento - Algarve 7\",\"isPartOf\":{\"@id\":\"https:\\\/\\\/algarve7.pt\\\/#website\"},\"primaryImageOfPage\":{\"@id\":\"https:\\\/\\\/algarve7.pt\\\/index.php\\\/2025\\\/12\\\/indireita-street-fest-regressa-com-sexta-edicao-do-evento\\\/cultura\\\/11\\\/00\\\/#primaryimage\"},\"image\":{\"@id\":\"https:\\\/\\\/algarve7.pt\\\/index.php\\\/2025\\\/12\\\/indireita-street-fest-regressa-com-sexta-edicao-do-evento\\\/cultura\\\/11\\\/00\\\/#primaryimage\"},\"thumbnailUrl\":\"https:\\\/\\\/algarve7.pt\\\/wp-content\\\/uploads\\\/2025\\\/12\\\/InDireita-Street-Fest.jpg\",\"datePublished\":\"2025-12-13T11:00:00+00:00\",\"description\":\"\u201cInDireita Street Fest\u201d regressa com sexta edi\u00e7\u00e3o do evento Cultura\",\"breadcrumb\":{\"@id\":\"https:\\\/\\\/algarve7.pt\\\/index.php\\\/2025\\\/12\\\/indireita-street-fest-regressa-com-sexta-edicao-do-evento\\\/cultura\\\/11\\\/00\\\/#breadcrumb\"},\"inLanguage\":\"pt-PT\",\"potentialAction\":[{\"@type\":\"ReadAction\",\"target\":[\"https:\\\/\\\/algarve7.pt\\\/index.php\\\/2025\\\/12\\\/indireita-street-fest-regressa-com-sexta-edicao-do-evento\\\/cultura\\\/11\\\/00\\\/\"]}]},{\"@type\":\"ImageObject\",\"inLanguage\":\"pt-PT\",\"@id\":\"https:\\\/\\\/algarve7.pt\\\/index.php\\\/2025\\\/12\\\/indireita-street-fest-regressa-com-sexta-edicao-do-evento\\\/cultura\\\/11\\\/00\\\/#primaryimage\",\"url\":\"https:\\\/\\\/algarve7.pt\\\/wp-content\\\/uploads\\\/2025\\\/12\\\/InDireita-Street-Fest.jpg\",\"contentUrl\":\"https:\\\/\\\/algarve7.pt\\\/wp-content\\\/uploads\\\/2025\\\/12\\\/InDireita-Street-Fest.jpg\",\"width\":800,\"height\":500},{\"@type\":\"BreadcrumbList\",\"@id\":\"https:\\\/\\\/algarve7.pt\\\/index.php\\\/2025\\\/12\\\/indireita-street-fest-regressa-com-sexta-edicao-do-evento\\\/cultura\\\/11\\\/00\\\/#breadcrumb\",\"itemListElement\":[{\"@type\":\"ListItem\",\"position\":1,\"name\":\"In\u00edcio\",\"item\":\"https:\\\/\\\/algarve7.pt\\\/\"},{\"@type\":\"ListItem\",\"position\":2,\"name\":\"\u201cInDireita Street Fest\u201d regressa com sexta edi\u00e7\u00e3o do evento\"}]},{\"@type\":\"WebSite\",\"@id\":\"https:\\\/\\\/algarve7.pt\\\/#website\",\"url\":\"https:\\\/\\\/algarve7.pt\\\/\",\"name\":\"Algarve 7\",\"description\":\"Informa\u00e7\u00e3o sobre o Algarve\",\"publisher\":{\"@id\":\"https:\\\/\\\/algarve7.pt\\\/#organization\"},\"potentialAction\":[{\"@type\":\"SearchAction\",\"target\":{\"@type\":\"EntryPoint\",\"urlTemplate\":\"https:\\\/\\\/algarve7.pt\\\/?s={search_term_string}\"},\"query-input\":{\"@type\":\"PropertyValueSpecification\",\"valueRequired\":true,\"valueName\":\"search_term_string\"}}],\"inLanguage\":\"pt-PT\"},{\"@type\":\"Organization\",\"@id\":\"https:\\\/\\\/algarve7.pt\\\/#organization\",\"name\":\"Algarve 7\",\"url\":\"https:\\\/\\\/algarve7.pt\\\/\",\"logo\":{\"@type\":\"ImageObject\",\"inLanguage\":\"pt-PT\",\"@id\":\"https:\\\/\\\/algarve7.pt\\\/#\\\/schema\\\/logo\\\/image\\\/\",\"url\":\"https:\\\/\\\/algarve7.pt\\\/wp-content\\\/uploads\\\/2020\\\/10\\\/Logo-8.jpg\",\"contentUrl\":\"https:\\\/\\\/algarve7.pt\\\/wp-content\\\/uploads\\\/2020\\\/10\\\/Logo-8.jpg\",\"width\":1680,\"height\":1186,\"caption\":\"Algarve 7\"},\"image\":{\"@id\":\"https:\\\/\\\/algarve7.pt\\\/#\\\/schema\\\/logo\\\/image\\\/\"},\"sameAs\":[\"https:\\\/\\\/www.facebook.com\\\/algarve7\",\"https:\\\/\\\/x.com\\\/Algarvesete\",\"https:\\\/\\\/www.instagram.com\\\/jornalalgarve7\\\/\",\"https:\\\/\\\/www.linkedin.com\\\/company\\\/algarve7\",\"https:\\\/\\\/www.pinterest.pt\\\/geral0939\\\/_created\\\/\"]},{\"@type\":\"Person\",\"@id\":\"https:\\\/\\\/algarve7.pt\\\/#\\\/schema\\\/person\\\/23fa70681308e7b319a3204bcea45e0c\",\"name\":\"Algarve 7\",\"sameAs\":[\"https:\\\/\\\/algarve7.pt\",\"https:\\\/\\\/www.facebook.com\\\/algarve7\"],\"url\":\"https:\\\/\\\/algarve7.pt\\\/index.php\\\/author\\\/geralalgarve7-pt\\\/\"}]}<\/script>\n<!-- \/ Yoast SEO plugin. -->","yoast_head_json":{"title":"\u201cInDireita Street Fest\u201d regressa com sexta edi\u00e7\u00e3o do evento - Algarve 7","description":"\u201cInDireita Street Fest\u201d regressa com sexta edi\u00e7\u00e3o do evento Cultura","robots":{"index":"index","follow":"follow","max-snippet":"max-snippet:-1","max-image-preview":"max-image-preview:large","max-video-preview":"max-video-preview:-1"},"canonical":"https:\/\/algarve7.pt\/index.php\/2025\/12\/indireita-street-fest-regressa-com-sexta-edicao-do-evento\/cultura\/11\/00\/","og_locale":"pt_PT","og_type":"article","og_title":"\u201cInDireita Street Fest\u201d regressa com sexta edi\u00e7\u00e3o do evento - Algarve 7","og_description":"\u201cInDireita Street Fest\u201d regressa com sexta edi\u00e7\u00e3o do evento Cultura","og_url":"https:\/\/algarve7.pt\/index.php\/2025\/12\/indireita-street-fest-regressa-com-sexta-edicao-do-evento\/cultura\/11\/00\/","og_site_name":"Algarve 7","article_publisher":"https:\/\/www.facebook.com\/algarve7","article_author":"https:\/\/www.facebook.com\/algarve7","article_published_time":"2025-12-13T11:00:00+00:00","og_image":[{"width":800,"height":500,"url":"https:\/\/algarve7.pt\/wp-content\/uploads\/2025\/12\/InDireita-Street-Fest.jpg","type":"image\/jpeg"}],"author":"Algarve 7","twitter_card":"summary_large_image","twitter_creator":"@Algarvesete","twitter_site":"@Algarvesete","twitter_misc":{"Escrito por":"Algarve 7","Tempo estimado de leitura":"3 minutos"},"schema":{"@context":"https:\/\/schema.org","@graph":[{"@type":"Article","@id":"https:\/\/algarve7.pt\/index.php\/2025\/12\/indireita-street-fest-regressa-com-sexta-edicao-do-evento\/cultura\/11\/00\/#article","isPartOf":{"@id":"https:\/\/algarve7.pt\/index.php\/2025\/12\/indireita-street-fest-regressa-com-sexta-edicao-do-evento\/cultura\/11\/00\/"},"author":{"name":"Algarve 7","@id":"https:\/\/algarve7.pt\/#\/schema\/person\/23fa70681308e7b319a3204bcea45e0c"},"headline":"\u201cInDireita Street Fest\u201d regressa com sexta edi\u00e7\u00e3o do evento","datePublished":"2025-12-13T11:00:00+00:00","mainEntityOfPage":{"@id":"https:\/\/algarve7.pt\/index.php\/2025\/12\/indireita-street-fest-regressa-com-sexta-edicao-do-evento\/cultura\/11\/00\/"},"wordCount":499,"publisher":{"@id":"https:\/\/algarve7.pt\/#organization"},"image":{"@id":"https:\/\/algarve7.pt\/index.php\/2025\/12\/indireita-street-fest-regressa-com-sexta-edicao-do-evento\/cultura\/11\/00\/#primaryimage"},"thumbnailUrl":"https:\/\/algarve7.pt\/wp-content\/uploads\/2025\/12\/InDireita-Street-Fest.jpg","keywords":["Algarve","Cultura","Portim\u00e3o"],"articleSection":["Cultura"],"inLanguage":"pt-PT"},{"@type":"WebPage","@id":"https:\/\/algarve7.pt\/index.php\/2025\/12\/indireita-street-fest-regressa-com-sexta-edicao-do-evento\/cultura\/11\/00\/","url":"https:\/\/algarve7.pt\/index.php\/2025\/12\/indireita-street-fest-regressa-com-sexta-edicao-do-evento\/cultura\/11\/00\/","name":"\u201cInDireita Street Fest\u201d regressa com sexta edi\u00e7\u00e3o do evento - Algarve 7","isPartOf":{"@id":"https:\/\/algarve7.pt\/#website"},"primaryImageOfPage":{"@id":"https:\/\/algarve7.pt\/index.php\/2025\/12\/indireita-street-fest-regressa-com-sexta-edicao-do-evento\/cultura\/11\/00\/#primaryimage"},"image":{"@id":"https:\/\/algarve7.pt\/index.php\/2025\/12\/indireita-street-fest-regressa-com-sexta-edicao-do-evento\/cultura\/11\/00\/#primaryimage"},"thumbnailUrl":"https:\/\/algarve7.pt\/wp-content\/uploads\/2025\/12\/InDireita-Street-Fest.jpg","datePublished":"2025-12-13T11:00:00+00:00","description":"\u201cInDireita Street Fest\u201d regressa com sexta edi\u00e7\u00e3o do evento Cultura","breadcrumb":{"@id":"https:\/\/algarve7.pt\/index.php\/2025\/12\/indireita-street-fest-regressa-com-sexta-edicao-do-evento\/cultura\/11\/00\/#breadcrumb"},"inLanguage":"pt-PT","potentialAction":[{"@type":"ReadAction","target":["https:\/\/algarve7.pt\/index.php\/2025\/12\/indireita-street-fest-regressa-com-sexta-edicao-do-evento\/cultura\/11\/00\/"]}]},{"@type":"ImageObject","inLanguage":"pt-PT","@id":"https:\/\/algarve7.pt\/index.php\/2025\/12\/indireita-street-fest-regressa-com-sexta-edicao-do-evento\/cultura\/11\/00\/#primaryimage","url":"https:\/\/algarve7.pt\/wp-content\/uploads\/2025\/12\/InDireita-Street-Fest.jpg","contentUrl":"https:\/\/algarve7.pt\/wp-content\/uploads\/2025\/12\/InDireita-Street-Fest.jpg","width":800,"height":500},{"@type":"BreadcrumbList","@id":"https:\/\/algarve7.pt\/index.php\/2025\/12\/indireita-street-fest-regressa-com-sexta-edicao-do-evento\/cultura\/11\/00\/#breadcrumb","itemListElement":[{"@type":"ListItem","position":1,"name":"In\u00edcio","item":"https:\/\/algarve7.pt\/"},{"@type":"ListItem","position":2,"name":"\u201cInDireita Street Fest\u201d regressa com sexta edi\u00e7\u00e3o do evento"}]},{"@type":"WebSite","@id":"https:\/\/algarve7.pt\/#website","url":"https:\/\/algarve7.pt\/","name":"Algarve 7","description":"Informa\u00e7\u00e3o sobre o Algarve","publisher":{"@id":"https:\/\/algarve7.pt\/#organization"},"potentialAction":[{"@type":"SearchAction","target":{"@type":"EntryPoint","urlTemplate":"https:\/\/algarve7.pt\/?s={search_term_string}"},"query-input":{"@type":"PropertyValueSpecification","valueRequired":true,"valueName":"search_term_string"}}],"inLanguage":"pt-PT"},{"@type":"Organization","@id":"https:\/\/algarve7.pt\/#organization","name":"Algarve 7","url":"https:\/\/algarve7.pt\/","logo":{"@type":"ImageObject","inLanguage":"pt-PT","@id":"https:\/\/algarve7.pt\/#\/schema\/logo\/image\/","url":"https:\/\/algarve7.pt\/wp-content\/uploads\/2020\/10\/Logo-8.jpg","contentUrl":"https:\/\/algarve7.pt\/wp-content\/uploads\/2020\/10\/Logo-8.jpg","width":1680,"height":1186,"caption":"Algarve 7"},"image":{"@id":"https:\/\/algarve7.pt\/#\/schema\/logo\/image\/"},"sameAs":["https:\/\/www.facebook.com\/algarve7","https:\/\/x.com\/Algarvesete","https:\/\/www.instagram.com\/jornalalgarve7\/","https:\/\/www.linkedin.com\/company\/algarve7","https:\/\/www.pinterest.pt\/geral0939\/_created\/"]},{"@type":"Person","@id":"https:\/\/algarve7.pt\/#\/schema\/person\/23fa70681308e7b319a3204bcea45e0c","name":"Algarve 7","sameAs":["https:\/\/algarve7.pt","https:\/\/www.facebook.com\/algarve7"],"url":"https:\/\/algarve7.pt\/index.php\/author\/geralalgarve7-pt\/"}]}},"jetpack_publicize_connections":[],"jetpack_featured_media_url":"https:\/\/algarve7.pt\/wp-content\/uploads\/2025\/12\/InDireita-Street-Fest.jpg","jetpack_shortlink":"https:\/\/wp.me\/pcezmW-eO0","jetpack_sharing_enabled":true,"_links":{"self":[{"href":"https:\/\/algarve7.pt\/index.php\/wp-json\/wp\/v2\/posts\/56916","targetHints":{"allow":["GET"]}}],"collection":[{"href":"https:\/\/algarve7.pt\/index.php\/wp-json\/wp\/v2\/posts"}],"about":[{"href":"https:\/\/algarve7.pt\/index.php\/wp-json\/wp\/v2\/types\/post"}],"author":[{"embeddable":true,"href":"https:\/\/algarve7.pt\/index.php\/wp-json\/wp\/v2\/users\/1"}],"replies":[{"embeddable":true,"href":"https:\/\/algarve7.pt\/index.php\/wp-json\/wp\/v2\/comments?post=56916"}],"version-history":[{"count":0,"href":"https:\/\/algarve7.pt\/index.php\/wp-json\/wp\/v2\/posts\/56916\/revisions"}],"wp:featuredmedia":[{"embeddable":true,"href":"https:\/\/algarve7.pt\/index.php\/wp-json\/wp\/v2\/media\/56917"}],"wp:attachment":[{"href":"https:\/\/algarve7.pt\/index.php\/wp-json\/wp\/v2\/media?parent=56916"}],"wp:term":[{"taxonomy":"category","embeddable":true,"href":"https:\/\/algarve7.pt\/index.php\/wp-json\/wp\/v2\/categories?post=56916"},{"taxonomy":"post_tag","embeddable":true,"href":"https:\/\/algarve7.pt\/index.php\/wp-json\/wp\/v2\/tags?post=56916"}],"curies":[{"name":"wp","href":"https:\/\/api.w.org\/{rel}","templated":true}]}}