{"id":5685,"date":"2021-01-29T10:32:37","date_gmt":"2021-01-29T10:32:37","guid":{"rendered":"https:\/\/algarve7.pt\/?p=5685"},"modified":"2021-01-29T10:32:41","modified_gmt":"2021-01-29T10:32:41","slug":"bombeiros-batem-recorde-de-recolha-de-equipamentos-electricos-usados-durante-a-pandemia","status":"publish","type":"post","link":"https:\/\/algarve7.pt\/index.php\/2021\/01\/bombeiros-batem-recorde-de-recolha-de-equipamentos-electricos-usados-durante-a-pandemia\/ambiente\/10\/32\/","title":{"rendered":"Bombeiros batem recorde de recolha de equipamentos el\u00e9ctricos usados durante a pandemia"},"content":{"rendered":"\n<p>Os bombeiros portugueses atingiram um m\u00e1ximo hist\u00f3rico de recolha de pilhas e equipamentos el\u00e9ctricos usados em 2020, durante a pandemia, no \u00e2mbito da campanha \u201cQuartel Electr\u00e3o\u201d, alcan\u00e7ando um total de 2.029 toneladas.<\/p>\n\n\n\n<p>Este \u00e9 o valor mais alto registado nas cinco edi\u00e7\u00f5es desta iniciativa do Electr\u00e3o \u2013 Associa\u00e7\u00e3o de Gest\u00e3o de Res\u00edduos. O resultado mais pr\u00f3ximo foi registado na campanha de 2011, ano em que foram recolhidas 1.802 toneladas de pilhas e equipamentos el\u00e9ctricos usados.&nbsp;<\/p>\n\n\n\n<p>Nos primeiros tr\u00eas meses de 2020 as recolhas rondaram as 113 toneladas por m\u00eas, em m\u00e9dia. Os valores decresceram para as 68 toneladas em Abril, como consequ\u00eancia do confinamento, mas voltaram a subir logo em Maio, registando um crescimento at\u00e9 ao final do ano com valores a ultrapassarem as 200 toneladas. Em novembro, o \u00faltimo m\u00eas da campanha, atingiu-se o pico com os quart\u00e9is a reunirem globalmente, nesse m\u00eas, 277 toneladas.&nbsp;<\/p>\n\n\n\n<p><strong>AMARANTE VENCE TERCEIRA EDI\u00c7\u00c3O CONSECUTIVA&nbsp;<\/strong><\/p>\n\n\n\n<p>A Associa\u00e7\u00e3o Humanit\u00e1ria dos Bombeiros Volunt\u00e1rios de Amarante \u00e9 a grande vencedora desta 5\u00aa edi\u00e7\u00e3o do \u201cQuartel Electr\u00e3o\u201d pela terceira vez consecutiva. A associa\u00e7\u00e3o reuniu ao longo de 2020 um total de 145 toneladas. O pr\u00e9mio \u00e9 um ve\u00edculo&nbsp;ligeiro de combate a inc\u00eandios tipo florestal no valor de cerca de 54 mil euros. A cerim\u00f3nia de entrega de pr\u00e9mios decorreu esta quinta-feira, de forma simb\u00f3lica, com uma sess\u00e3o&nbsp;online que foi transmitida no canal Youtube do Electr\u00e3o.<\/p>\n\n\n\n<p>O segundo pr\u00e9mio coube \u00e0 associa\u00e7\u00e3o da Figueira da Foz, que recolheu 64 toneladas. Este quartel recebeu cinco mil euros convert\u00edveis em equipamentos de protec\u00e7\u00e3o florestal.<\/p>\n\n\n\n<p>\u201cNeste ano at\u00edpico regist\u00e1mos uma ades\u00e3o muito significativa da popula\u00e7\u00e3o. Este foi, porventura, um tempo de introspe\u00e7\u00e3o sobre os valores ambientais. Foi tamb\u00e9m uma oportunidade para arrumar a sua casa dando o correcto encaminhamento aos equipamentos fora de uso, protegendo o ambiente, a sa\u00fade humana e ajudando a associa\u00e7\u00e3o da terra\u201d, congratula-se o director-geral do Electr\u00e3o \u2013 Recolha e Reutiliza\u00e7\u00e3o, Ricardo Furtado.&nbsp;<\/p>\n\n\n\n<p>Os res\u00edduos recolhidos s\u00e3o encaminhados pelo Electr\u00e3o para reciclagem em empresas portuguesas, contribuindo para manter postos de trabalho e aumentar o PIB nacional nesta altura t\u00e3o dif\u00edcil para a economia, sublinha Ricardo Furtado.&nbsp;<\/p>\n\n\n\n<p><strong>PR\u00c9MIOS REGIONAIS E NOVO ADERENTE<\/strong><\/p>\n\n\n\n<p>Uma novidade desta 5\u00aa edi\u00e7\u00e3o foram os pr\u00e9mios atribu\u00eddos por regi\u00f5es, que correspondem \u00e0s \u00e1reas de recolha dos equipamentos. Os vencedores destas categorias receberam 750 euros em cart\u00f5es pr\u00e9-pagos de combust\u00edveis.&nbsp;<\/p>\n\n\n\n<p>O Pr\u00e9mio Regional Ilhas (A\u00e7ores e Madeira) foi entregue \u00e0 Associa\u00e7\u00e3o Humanit\u00e1ria de Bombeiros Volunt\u00e1rios da Madalena, que reuniu 32 toneladas. <strong>O Pr\u00e9mio Regional Sul (Beja e Faro) foi arrecadado pelos Bombeiros de Vila Real de Santo Ant\u00f3nio, que garantiram 47 toneladas para a campanha do \u201cQuartel Electr\u00e3o\u201d.\u00a0<\/strong><\/p>\n\n\n\n<p>J\u00e1 o Pr\u00e9mio Regional Lisboa e Vale do Tejo (\u00c9vora, Leiria, Lisboa, Santar\u00e9m e Set\u00fabal) coube \u00e0 associa\u00e7\u00e3o de Peniche, que deu um contributo de 52 toneladas. A Associa\u00e7\u00e3o Humanit\u00e1ria dos Bombeiros Volunt\u00e1rios de Fornos de Algodres, que recolheu 27 toneladas, alcan\u00e7ou o \u201cPr\u00e9mio Regional Interior\u201d (Castelo Branco, Guarda e Portalegre).<\/p>\n\n\n\n<p>O Pr\u00e9mio Regional Centro (Aveiro, Coimbra e Viseu) foi atribu\u00eddo aos Bombeiros de Anadia, que recolheram 52 toneladas, e o Pr\u00e9mio Regional Norte (Braga, Bragan\u00e7a, Porto, Viana do Castelo e Vila Real) foi entregue \u00e0 associa\u00e7\u00e3o de Lordelo, que assegurou a recolha de 44 toneladas.<\/p>\n\n\n\n<p>O Pr\u00e9mio Novo Aderente, criado para incentivar a ades\u00e3o \u00e0 campanha por parte de novos quart\u00e9is, coube \u00e0 Associa\u00e7\u00e3o Humanit\u00e1ria dos Bombeiros Volunt\u00e1rios de M\u00e9rtola. Esta foi a associa\u00e7\u00e3o estreante, de entre 26, que reuniu a maior quantidade destes res\u00edduos nesta \u00faltima edi\u00e7\u00e3o: 55 toneladas. Receber\u00e1 750 euros em cart\u00f5es pr\u00e9-pagos de combust\u00edvel.&nbsp;<\/p>\n\n\n\n<p>A associa\u00e7\u00e3o que recolheu mais pilhas foi Agualva-Cac\u00e9m, com 2,2 toneladas, e receber\u00e1 por isso 1500 euros convert\u00edveis em equipamento de protec\u00e7\u00e3o. O mesmo pr\u00e9mio receber\u00e1 ao quartel que recolheu mais l\u00e2mpadas: Marco de Canavezes, com 2,2 toneladas recolhidas.<\/p>\n\n\n\n<p>O Quartel Electr\u00e3o conta j\u00e1 com quatro edi\u00e7\u00f5es de sucesso. Na primeira edi\u00e7\u00e3o, 2011, foram recolhidas 1.802 toneladas de equipamentos e saiu vencedora a associa\u00e7\u00e3o de Mangualde. Vila Nova de Famalic\u00e3o sagrou-se campe\u00e3 em 2015\/2016 numa campanha que resultou na recolha de 1.087 toneladas de equipamentos usados. Amarante venceu em 2016\/ 2017. Nessa edi\u00e7\u00e3o foram recolhidas 1.088 toneladas. Amarante voltou a repetir o feito em 2018\/2019, edi\u00e7\u00e3o em que a recolha rendeu 947 toneladas, e agora em 2020, numa campanha que reuniu 2.029 toneladas. Globalmente esta iniciativa j\u00e1 permitiu a recolha de 6.921 toneladas de pilhas e equipamentos el\u00e9ctricos usados.&nbsp;<\/p>\n\n\n\n<p><strong>6\u00aa EDI\u00c7\u00c3O QUARTEL ELECTR\u00c3O 2021<\/strong><\/p>\n\n\n\n<p>A 6\u00aa edi\u00e7\u00e3o do \u201cQuartel Electr\u00e3o\u201d, apresentada na sess\u00e3o online, arranca j\u00e1 neste m\u00eas de Janeiro. As associa\u00e7\u00f5es ter\u00e3o assim oportunidade de continuar o trabalho de apoio \u00e0 comunidade e protec\u00e7\u00e3o do ambiente, que t\u00eam vindo a desenvolver.<\/p>\n\n\n\n<p>Na pr\u00f3xima edi\u00e7\u00e3o os pr\u00e9mios mant\u00eam-se, o que significa que a associa\u00e7\u00e3o vencedora receber\u00e1 um ve\u00edculo ligeiro de combate a inc\u00eandios<\/p>\n\n\n\n<p>De acordo com o novo regulamento do \u201cQuartel Electr\u00e3o\u201d deixar\u00e1 de ser poss\u00edvel a uma associa\u00e7\u00e3o ganhar o primeiro pr\u00e9mio em dois anos consecutivos. Esta altera\u00e7\u00e3o ao regulamento destina-se a garantir que os primeiros pr\u00e9mios s\u00e3o distribu\u00eddos de forma mais equilibrada pelo territ\u00f3rio nacional.&nbsp;<\/p>\n\n\n\n<p><strong>QUANTIDADES RECOLHIDA POR DISTRITO (em toneladas)<\/strong><\/p>\n\n\n\n<p><em>A\u00e7ores: 32<\/em><\/p>\n\n\n\n<p><em>Aveiro: 259<\/em><\/p>\n\n\n\n<p><em>Beja: 149<\/em><\/p>\n\n\n\n<p><em>Braga: 50<\/em><\/p>\n\n\n\n<p><em>Bragan\u00e7a: 8<\/em><\/p>\n\n\n\n<p><em>Castelo Branco 43<\/em><\/p>\n\n\n\n<p><em>Coimbra: 155<\/em><\/p>\n\n\n\n<p><em>\u00c9vora: 79<\/em><\/p>\n\n\n\n<p><em><strong>Faro: 150<\/strong><\/em><\/p>\n\n\n\n<p><em>Guarda: 101<\/em><\/p>\n\n\n\n<p><em>Leiria: 153<\/em><\/p>\n\n\n\n<p><em>Lisboa: 111<\/em><\/p>\n\n\n\n<p><em>Portalegre: 27<\/em><\/p>\n\n\n\n<p><em>Porto: 241<\/em><\/p>\n\n\n\n<p><em>Santar\u00e9m: 207<\/em><\/p>\n\n\n\n<p><em>Set\u00fabal: 71<\/em><\/p>\n\n\n\n<p><em>Viana do Castelo: 29<\/em><\/p>\n\n\n\n<p><em>Vila Real: 33<\/em><\/p>\n\n\n\n<p><em>Viseu: 128<\/em><\/p>\n","protected":false},"excerpt":{"rendered":"<p>Os bombeiros portugueses atingiram um m\u00e1ximo hist\u00f3rico de recolha de pilhas e equipamentos el\u00e9ctricos usados em 2020, durante a pandemia,<\/p>\n","protected":false},"author":1,"featured_media":4218,"comment_status":"closed","ping_status":"open","sticky":false,"template":"","format":"standard","meta":{"colormag_page_container_layout":"default_layout","colormag_page_sidebar_layout":"default_layout","_monsterinsights_skip_tracking":false,"_monsterinsights_sitenote_active":false,"_monsterinsights_sitenote_note":"","_monsterinsights_sitenote_category":0,"jetpack_post_was_ever_published":false,"_jetpack_newsletter_access":"","_jetpack_dont_email_post_to_subs":false,"_jetpack_newsletter_tier_id":0,"_jetpack_memberships_contains_paywalled_content":false,"_jetpack_memberships_contains_paid_content":false,"footnotes":"","jetpack_publicize_message":"","jetpack_publicize_feature_enabled":true,"jetpack_social_post_already_shared":true,"jetpack_social_options":{"image_generator_settings":{"template":"highway","default_image_id":0,"font":"","enabled":false},"version":2}},"categories":[5],"tags":[32,98],"class_list":["post-5685","post","type-post","status-publish","format-standard","has-post-thumbnail","hentry","category-ambiente","tag-ambiente","tag-nacional"],"yoast_head":"<!-- This site is optimized with the Yoast SEO plugin v27.5 - https:\/\/yoast.com\/product\/yoast-seo-wordpress\/ -->\n<title>Bombeiros batem recorde de recolha de equipamentos el\u00e9ctricos usados durante a pandemia - Algarve 7<\/title>\n<meta name=\"description\" content=\"Bombeiros batem recorde de recolha de equipamentos el\u00e9ctricos usados durante a pandemia Ambiente\" \/>\n<meta name=\"robots\" content=\"index, follow, max-snippet:-1, max-image-preview:large, max-video-preview:-1\" \/>\n<link rel=\"canonical\" href=\"https:\/\/algarve7.pt\/index.php\/2021\/01\/bombeiros-batem-recorde-de-recolha-de-equipamentos-electricos-usados-durante-a-pandemia\/ambiente\/10\/32\/\" \/>\n<meta property=\"og:locale\" content=\"pt_PT\" \/>\n<meta property=\"og:type\" content=\"article\" \/>\n<meta property=\"og:title\" content=\"Bombeiros batem recorde de recolha de equipamentos el\u00e9ctricos usados durante a pandemia - Algarve 7\" \/>\n<meta property=\"og:description\" content=\"Bombeiros batem recorde de recolha de equipamentos el\u00e9ctricos usados durante a pandemia Ambiente\" \/>\n<meta property=\"og:url\" content=\"https:\/\/algarve7.pt\/index.php\/2021\/01\/bombeiros-batem-recorde-de-recolha-de-equipamentos-electricos-usados-durante-a-pandemia\/ambiente\/10\/32\/\" \/>\n<meta property=\"og:site_name\" content=\"Algarve 7\" \/>\n<meta property=\"article:publisher\" content=\"https:\/\/www.facebook.com\/algarve7\" \/>\n<meta property=\"article:author\" content=\"https:\/\/www.facebook.com\/algarve7\" \/>\n<meta property=\"article:published_time\" content=\"2021-01-29T10:32:37+00:00\" \/>\n<meta property=\"article:modified_time\" content=\"2021-01-29T10:32:41+00:00\" \/>\n<meta property=\"og:image\" content=\"https:\/\/algarve7.pt\/wp-content\/uploads\/2020\/12\/electrao-logo-e1606911207220.jpg\" \/>\n\t<meta property=\"og:image:width\" content=\"800\" \/>\n\t<meta property=\"og:image:height\" content=\"400\" \/>\n\t<meta property=\"og:image:type\" content=\"image\/jpeg\" \/>\n<meta name=\"author\" content=\"Algarve 7\" \/>\n<meta name=\"twitter:card\" content=\"summary_large_image\" \/>\n<meta name=\"twitter:creator\" content=\"@Algarvesete\" \/>\n<meta name=\"twitter:site\" content=\"@Algarvesete\" \/>\n<meta name=\"twitter:label1\" content=\"Escrito por\" \/>\n\t<meta name=\"twitter:data1\" content=\"Algarve 7\" \/>\n\t<meta name=\"twitter:label2\" content=\"Tempo estimado de leitura\" \/>\n\t<meta name=\"twitter:data2\" content=\"4 minutos\" \/>\n<script type=\"application\/ld+json\" class=\"yoast-schema-graph\">{\"@context\":\"https:\\\/\\\/schema.org\",\"@graph\":[{\"@type\":\"Article\",\"@id\":\"https:\\\/\\\/algarve7.pt\\\/index.php\\\/2021\\\/01\\\/bombeiros-batem-recorde-de-recolha-de-equipamentos-electricos-usados-durante-a-pandemia\\\/ambiente\\\/10\\\/32\\\/#article\",\"isPartOf\":{\"@id\":\"https:\\\/\\\/algarve7.pt\\\/index.php\\\/2021\\\/01\\\/bombeiros-batem-recorde-de-recolha-de-equipamentos-electricos-usados-durante-a-pandemia\\\/ambiente\\\/10\\\/32\\\/\"},\"author\":{\"name\":\"Algarve 7\",\"@id\":\"https:\\\/\\\/algarve7.pt\\\/#\\\/schema\\\/person\\\/23fa70681308e7b319a3204bcea45e0c\"},\"headline\":\"Bombeiros batem recorde de recolha de equipamentos el\u00e9ctricos usados durante a pandemia\",\"datePublished\":\"2021-01-29T10:32:37+00:00\",\"dateModified\":\"2021-01-29T10:32:41+00:00\",\"mainEntityOfPage\":{\"@id\":\"https:\\\/\\\/algarve7.pt\\\/index.php\\\/2021\\\/01\\\/bombeiros-batem-recorde-de-recolha-de-equipamentos-electricos-usados-durante-a-pandemia\\\/ambiente\\\/10\\\/32\\\/\"},\"wordCount\":968,\"publisher\":{\"@id\":\"https:\\\/\\\/algarve7.pt\\\/#organization\"},\"image\":{\"@id\":\"https:\\\/\\\/algarve7.pt\\\/index.php\\\/2021\\\/01\\\/bombeiros-batem-recorde-de-recolha-de-equipamentos-electricos-usados-durante-a-pandemia\\\/ambiente\\\/10\\\/32\\\/#primaryimage\"},\"thumbnailUrl\":\"https:\\\/\\\/algarve7.pt\\\/wp-content\\\/uploads\\\/2020\\\/12\\\/electrao-logo-e1606911207220.jpg\",\"keywords\":[\"Ambiente\",\"Nacional\"],\"articleSection\":[\"Ambiente\"],\"inLanguage\":\"pt-PT\"},{\"@type\":\"WebPage\",\"@id\":\"https:\\\/\\\/algarve7.pt\\\/index.php\\\/2021\\\/01\\\/bombeiros-batem-recorde-de-recolha-de-equipamentos-electricos-usados-durante-a-pandemia\\\/ambiente\\\/10\\\/32\\\/\",\"url\":\"https:\\\/\\\/algarve7.pt\\\/index.php\\\/2021\\\/01\\\/bombeiros-batem-recorde-de-recolha-de-equipamentos-electricos-usados-durante-a-pandemia\\\/ambiente\\\/10\\\/32\\\/\",\"name\":\"Bombeiros batem recorde de recolha de equipamentos el\u00e9ctricos usados durante a pandemia - Algarve 7\",\"isPartOf\":{\"@id\":\"https:\\\/\\\/algarve7.pt\\\/#website\"},\"primaryImageOfPage\":{\"@id\":\"https:\\\/\\\/algarve7.pt\\\/index.php\\\/2021\\\/01\\\/bombeiros-batem-recorde-de-recolha-de-equipamentos-electricos-usados-durante-a-pandemia\\\/ambiente\\\/10\\\/32\\\/#primaryimage\"},\"image\":{\"@id\":\"https:\\\/\\\/algarve7.pt\\\/index.php\\\/2021\\\/01\\\/bombeiros-batem-recorde-de-recolha-de-equipamentos-electricos-usados-durante-a-pandemia\\\/ambiente\\\/10\\\/32\\\/#primaryimage\"},\"thumbnailUrl\":\"https:\\\/\\\/algarve7.pt\\\/wp-content\\\/uploads\\\/2020\\\/12\\\/electrao-logo-e1606911207220.jpg\",\"datePublished\":\"2021-01-29T10:32:37+00:00\",\"dateModified\":\"2021-01-29T10:32:41+00:00\",\"description\":\"Bombeiros batem recorde de recolha de equipamentos el\u00e9ctricos usados durante a pandemia Ambiente\",\"breadcrumb\":{\"@id\":\"https:\\\/\\\/algarve7.pt\\\/index.php\\\/2021\\\/01\\\/bombeiros-batem-recorde-de-recolha-de-equipamentos-electricos-usados-durante-a-pandemia\\\/ambiente\\\/10\\\/32\\\/#breadcrumb\"},\"inLanguage\":\"pt-PT\",\"potentialAction\":[{\"@type\":\"ReadAction\",\"target\":[\"https:\\\/\\\/algarve7.pt\\\/index.php\\\/2021\\\/01\\\/bombeiros-batem-recorde-de-recolha-de-equipamentos-electricos-usados-durante-a-pandemia\\\/ambiente\\\/10\\\/32\\\/\"]}]},{\"@type\":\"ImageObject\",\"inLanguage\":\"pt-PT\",\"@id\":\"https:\\\/\\\/algarve7.pt\\\/index.php\\\/2021\\\/01\\\/bombeiros-batem-recorde-de-recolha-de-equipamentos-electricos-usados-durante-a-pandemia\\\/ambiente\\\/10\\\/32\\\/#primaryimage\",\"url\":\"https:\\\/\\\/algarve7.pt\\\/wp-content\\\/uploads\\\/2020\\\/12\\\/electrao-logo-e1606911207220.jpg\",\"contentUrl\":\"https:\\\/\\\/algarve7.pt\\\/wp-content\\\/uploads\\\/2020\\\/12\\\/electrao-logo-e1606911207220.jpg\",\"width\":800,\"height\":400},{\"@type\":\"BreadcrumbList\",\"@id\":\"https:\\\/\\\/algarve7.pt\\\/index.php\\\/2021\\\/01\\\/bombeiros-batem-recorde-de-recolha-de-equipamentos-electricos-usados-durante-a-pandemia\\\/ambiente\\\/10\\\/32\\\/#breadcrumb\",\"itemListElement\":[{\"@type\":\"ListItem\",\"position\":1,\"name\":\"In\u00edcio\",\"item\":\"https:\\\/\\\/algarve7.pt\\\/\"},{\"@type\":\"ListItem\",\"position\":2,\"name\":\"Bombeiros batem recorde de recolha de equipamentos el\u00e9ctricos usados durante a pandemia\"}]},{\"@type\":\"WebSite\",\"@id\":\"https:\\\/\\\/algarve7.pt\\\/#website\",\"url\":\"https:\\\/\\\/algarve7.pt\\\/\",\"name\":\"Algarve 7\",\"description\":\"Informa\u00e7\u00e3o sobre o Algarve\",\"publisher\":{\"@id\":\"https:\\\/\\\/algarve7.pt\\\/#organization\"},\"potentialAction\":[{\"@type\":\"SearchAction\",\"target\":{\"@type\":\"EntryPoint\",\"urlTemplate\":\"https:\\\/\\\/algarve7.pt\\\/?s={search_term_string}\"},\"query-input\":{\"@type\":\"PropertyValueSpecification\",\"valueRequired\":true,\"valueName\":\"search_term_string\"}}],\"inLanguage\":\"pt-PT\"},{\"@type\":\"Organization\",\"@id\":\"https:\\\/\\\/algarve7.pt\\\/#organization\",\"name\":\"Algarve 7\",\"url\":\"https:\\\/\\\/algarve7.pt\\\/\",\"logo\":{\"@type\":\"ImageObject\",\"inLanguage\":\"pt-PT\",\"@id\":\"https:\\\/\\\/algarve7.pt\\\/#\\\/schema\\\/logo\\\/image\\\/\",\"url\":\"https:\\\/\\\/algarve7.pt\\\/wp-content\\\/uploads\\\/2020\\\/10\\\/Logo-8.jpg\",\"contentUrl\":\"https:\\\/\\\/algarve7.pt\\\/wp-content\\\/uploads\\\/2020\\\/10\\\/Logo-8.jpg\",\"width\":1680,\"height\":1186,\"caption\":\"Algarve 7\"},\"image\":{\"@id\":\"https:\\\/\\\/algarve7.pt\\\/#\\\/schema\\\/logo\\\/image\\\/\"},\"sameAs\":[\"https:\\\/\\\/www.facebook.com\\\/algarve7\",\"https:\\\/\\\/x.com\\\/Algarvesete\",\"https:\\\/\\\/www.instagram.com\\\/jornalalgarve7\\\/\",\"https:\\\/\\\/www.linkedin.com\\\/company\\\/algarve7\",\"https:\\\/\\\/www.pinterest.pt\\\/geral0939\\\/_created\\\/\"]},{\"@type\":\"Person\",\"@id\":\"https:\\\/\\\/algarve7.pt\\\/#\\\/schema\\\/person\\\/23fa70681308e7b319a3204bcea45e0c\",\"name\":\"Algarve 7\",\"sameAs\":[\"https:\\\/\\\/algarve7.pt\",\"https:\\\/\\\/www.facebook.com\\\/algarve7\"],\"url\":\"https:\\\/\\\/algarve7.pt\\\/index.php\\\/author\\\/geralalgarve7-pt\\\/\"}]}<\/script>\n<!-- \/ Yoast SEO plugin. -->","yoast_head_json":{"title":"Bombeiros batem recorde de recolha de equipamentos el\u00e9ctricos usados durante a pandemia - Algarve 7","description":"Bombeiros batem recorde de recolha de equipamentos el\u00e9ctricos usados durante a pandemia Ambiente","robots":{"index":"index","follow":"follow","max-snippet":"max-snippet:-1","max-image-preview":"max-image-preview:large","max-video-preview":"max-video-preview:-1"},"canonical":"https:\/\/algarve7.pt\/index.php\/2021\/01\/bombeiros-batem-recorde-de-recolha-de-equipamentos-electricos-usados-durante-a-pandemia\/ambiente\/10\/32\/","og_locale":"pt_PT","og_type":"article","og_title":"Bombeiros batem recorde de recolha de equipamentos el\u00e9ctricos usados durante a pandemia - Algarve 7","og_description":"Bombeiros batem recorde de recolha de equipamentos el\u00e9ctricos usados durante a pandemia Ambiente","og_url":"https:\/\/algarve7.pt\/index.php\/2021\/01\/bombeiros-batem-recorde-de-recolha-de-equipamentos-electricos-usados-durante-a-pandemia\/ambiente\/10\/32\/","og_site_name":"Algarve 7","article_publisher":"https:\/\/www.facebook.com\/algarve7","article_author":"https:\/\/www.facebook.com\/algarve7","article_published_time":"2021-01-29T10:32:37+00:00","article_modified_time":"2021-01-29T10:32:41+00:00","og_image":[{"width":800,"height":400,"url":"https:\/\/algarve7.pt\/wp-content\/uploads\/2020\/12\/electrao-logo-e1606911207220.jpg","type":"image\/jpeg"}],"author":"Algarve 7","twitter_card":"summary_large_image","twitter_creator":"@Algarvesete","twitter_site":"@Algarvesete","twitter_misc":{"Escrito por":"Algarve 7","Tempo estimado de leitura":"4 minutos"},"schema":{"@context":"https:\/\/schema.org","@graph":[{"@type":"Article","@id":"https:\/\/algarve7.pt\/index.php\/2021\/01\/bombeiros-batem-recorde-de-recolha-de-equipamentos-electricos-usados-durante-a-pandemia\/ambiente\/10\/32\/#article","isPartOf":{"@id":"https:\/\/algarve7.pt\/index.php\/2021\/01\/bombeiros-batem-recorde-de-recolha-de-equipamentos-electricos-usados-durante-a-pandemia\/ambiente\/10\/32\/"},"author":{"name":"Algarve 7","@id":"https:\/\/algarve7.pt\/#\/schema\/person\/23fa70681308e7b319a3204bcea45e0c"},"headline":"Bombeiros batem recorde de recolha de equipamentos el\u00e9ctricos usados durante a pandemia","datePublished":"2021-01-29T10:32:37+00:00","dateModified":"2021-01-29T10:32:41+00:00","mainEntityOfPage":{"@id":"https:\/\/algarve7.pt\/index.php\/2021\/01\/bombeiros-batem-recorde-de-recolha-de-equipamentos-electricos-usados-durante-a-pandemia\/ambiente\/10\/32\/"},"wordCount":968,"publisher":{"@id":"https:\/\/algarve7.pt\/#organization"},"image":{"@id":"https:\/\/algarve7.pt\/index.php\/2021\/01\/bombeiros-batem-recorde-de-recolha-de-equipamentos-electricos-usados-durante-a-pandemia\/ambiente\/10\/32\/#primaryimage"},"thumbnailUrl":"https:\/\/algarve7.pt\/wp-content\/uploads\/2020\/12\/electrao-logo-e1606911207220.jpg","keywords":["Ambiente","Nacional"],"articleSection":["Ambiente"],"inLanguage":"pt-PT"},{"@type":"WebPage","@id":"https:\/\/algarve7.pt\/index.php\/2021\/01\/bombeiros-batem-recorde-de-recolha-de-equipamentos-electricos-usados-durante-a-pandemia\/ambiente\/10\/32\/","url":"https:\/\/algarve7.pt\/index.php\/2021\/01\/bombeiros-batem-recorde-de-recolha-de-equipamentos-electricos-usados-durante-a-pandemia\/ambiente\/10\/32\/","name":"Bombeiros batem recorde de recolha de equipamentos el\u00e9ctricos usados durante a pandemia - Algarve 7","isPartOf":{"@id":"https:\/\/algarve7.pt\/#website"},"primaryImageOfPage":{"@id":"https:\/\/algarve7.pt\/index.php\/2021\/01\/bombeiros-batem-recorde-de-recolha-de-equipamentos-electricos-usados-durante-a-pandemia\/ambiente\/10\/32\/#primaryimage"},"image":{"@id":"https:\/\/algarve7.pt\/index.php\/2021\/01\/bombeiros-batem-recorde-de-recolha-de-equipamentos-electricos-usados-durante-a-pandemia\/ambiente\/10\/32\/#primaryimage"},"thumbnailUrl":"https:\/\/algarve7.pt\/wp-content\/uploads\/2020\/12\/electrao-logo-e1606911207220.jpg","datePublished":"2021-01-29T10:32:37+00:00","dateModified":"2021-01-29T10:32:41+00:00","description":"Bombeiros batem recorde de recolha de equipamentos el\u00e9ctricos usados durante a pandemia Ambiente","breadcrumb":{"@id":"https:\/\/algarve7.pt\/index.php\/2021\/01\/bombeiros-batem-recorde-de-recolha-de-equipamentos-electricos-usados-durante-a-pandemia\/ambiente\/10\/32\/#breadcrumb"},"inLanguage":"pt-PT","potentialAction":[{"@type":"ReadAction","target":["https:\/\/algarve7.pt\/index.php\/2021\/01\/bombeiros-batem-recorde-de-recolha-de-equipamentos-electricos-usados-durante-a-pandemia\/ambiente\/10\/32\/"]}]},{"@type":"ImageObject","inLanguage":"pt-PT","@id":"https:\/\/algarve7.pt\/index.php\/2021\/01\/bombeiros-batem-recorde-de-recolha-de-equipamentos-electricos-usados-durante-a-pandemia\/ambiente\/10\/32\/#primaryimage","url":"https:\/\/algarve7.pt\/wp-content\/uploads\/2020\/12\/electrao-logo-e1606911207220.jpg","contentUrl":"https:\/\/algarve7.pt\/wp-content\/uploads\/2020\/12\/electrao-logo-e1606911207220.jpg","width":800,"height":400},{"@type":"BreadcrumbList","@id":"https:\/\/algarve7.pt\/index.php\/2021\/01\/bombeiros-batem-recorde-de-recolha-de-equipamentos-electricos-usados-durante-a-pandemia\/ambiente\/10\/32\/#breadcrumb","itemListElement":[{"@type":"ListItem","position":1,"name":"In\u00edcio","item":"https:\/\/algarve7.pt\/"},{"@type":"ListItem","position":2,"name":"Bombeiros batem recorde de recolha de equipamentos el\u00e9ctricos usados durante a pandemia"}]},{"@type":"WebSite","@id":"https:\/\/algarve7.pt\/#website","url":"https:\/\/algarve7.pt\/","name":"Algarve 7","description":"Informa\u00e7\u00e3o sobre o Algarve","publisher":{"@id":"https:\/\/algarve7.pt\/#organization"},"potentialAction":[{"@type":"SearchAction","target":{"@type":"EntryPoint","urlTemplate":"https:\/\/algarve7.pt\/?s={search_term_string}"},"query-input":{"@type":"PropertyValueSpecification","valueRequired":true,"valueName":"search_term_string"}}],"inLanguage":"pt-PT"},{"@type":"Organization","@id":"https:\/\/algarve7.pt\/#organization","name":"Algarve 7","url":"https:\/\/algarve7.pt\/","logo":{"@type":"ImageObject","inLanguage":"pt-PT","@id":"https:\/\/algarve7.pt\/#\/schema\/logo\/image\/","url":"https:\/\/algarve7.pt\/wp-content\/uploads\/2020\/10\/Logo-8.jpg","contentUrl":"https:\/\/algarve7.pt\/wp-content\/uploads\/2020\/10\/Logo-8.jpg","width":1680,"height":1186,"caption":"Algarve 7"},"image":{"@id":"https:\/\/algarve7.pt\/#\/schema\/logo\/image\/"},"sameAs":["https:\/\/www.facebook.com\/algarve7","https:\/\/x.com\/Algarvesete","https:\/\/www.instagram.com\/jornalalgarve7\/","https:\/\/www.linkedin.com\/company\/algarve7","https:\/\/www.pinterest.pt\/geral0939\/_created\/"]},{"@type":"Person","@id":"https:\/\/algarve7.pt\/#\/schema\/person\/23fa70681308e7b319a3204bcea45e0c","name":"Algarve 7","sameAs":["https:\/\/algarve7.pt","https:\/\/www.facebook.com\/algarve7"],"url":"https:\/\/algarve7.pt\/index.php\/author\/geralalgarve7-pt\/"}]}},"jetpack_publicize_connections":[],"jetpack_featured_media_url":"https:\/\/algarve7.pt\/wp-content\/uploads\/2020\/12\/electrao-logo-e1606911207220.jpg","jetpack_shortlink":"https:\/\/wp.me\/pcezmW-1tH","jetpack_sharing_enabled":true,"_links":{"self":[{"href":"https:\/\/algarve7.pt\/index.php\/wp-json\/wp\/v2\/posts\/5685","targetHints":{"allow":["GET"]}}],"collection":[{"href":"https:\/\/algarve7.pt\/index.php\/wp-json\/wp\/v2\/posts"}],"about":[{"href":"https:\/\/algarve7.pt\/index.php\/wp-json\/wp\/v2\/types\/post"}],"author":[{"embeddable":true,"href":"https:\/\/algarve7.pt\/index.php\/wp-json\/wp\/v2\/users\/1"}],"replies":[{"embeddable":true,"href":"https:\/\/algarve7.pt\/index.php\/wp-json\/wp\/v2\/comments?post=5685"}],"version-history":[{"count":0,"href":"https:\/\/algarve7.pt\/index.php\/wp-json\/wp\/v2\/posts\/5685\/revisions"}],"wp:featuredmedia":[{"embeddable":true,"href":"https:\/\/algarve7.pt\/index.php\/wp-json\/wp\/v2\/media\/4218"}],"wp:attachment":[{"href":"https:\/\/algarve7.pt\/index.php\/wp-json\/wp\/v2\/media?parent=5685"}],"wp:term":[{"taxonomy":"category","embeddable":true,"href":"https:\/\/algarve7.pt\/index.php\/wp-json\/wp\/v2\/categories?post=5685"},{"taxonomy":"post_tag","embeddable":true,"href":"https:\/\/algarve7.pt\/index.php\/wp-json\/wp\/v2\/tags?post=5685"}],"curies":[{"name":"wp","href":"https:\/\/api.w.org\/{rel}","templated":true}]}}