{"id":56847,"date":"2025-12-09T23:26:28","date_gmt":"2025-12-09T23:26:28","guid":{"rendered":"https:\/\/algarve7.pt\/?p=56847"},"modified":"2025-12-09T23:26:34","modified_gmt":"2025-12-09T23:26:34","slug":"aguas-do-algarve-inaugurou-a-empreitada-de-execucao-de-infraestruturas-de-elevacao-e-aducao-de-apr-da-etar-de-quinta-do-lago","status":"publish","type":"post","link":"https:\/\/algarve7.pt\/index.php\/2025\/12\/aguas-do-algarve-inaugurou-a-empreitada-de-execucao-de-infraestruturas-de-elevacao-e-aducao-de-apr-da-etar-de-quinta-do-lago\/ambiente\/23\/26\/","title":{"rendered":"\u00c1guas do Algarve inaugurou a Empreitada de Execu\u00e7\u00e3o de Infraestruturas de Eleva\u00e7\u00e3o e Adu\u00e7\u00e3o de ApR da ETAR de Quinta do Lago"},"content":{"rendered":"\n<p>A&nbsp;<strong>\u00c1guas do Algarve, S.A.<\/strong>, detentora da concess\u00e3o para a explora\u00e7\u00e3o e gest\u00e3o do Sistema Multimunicipal de Abastecimento de \u00c1gua e de Saneamento do Algarve, desempenha um papel essencial na qualidade de vida da regi\u00e3o.&nbsp;<\/p>\n\n\n\n<p>O Sistema abrange todos os 16 munic\u00edpios algarvios, nomeadamente:&nbsp;<strong>Albufeira, Alcoutim, Aljezur, Castro Marim, Faro, Lagoa, Lagos, Loul\u00e9, Olh\u00e3o, Monchique, Portim\u00e3o, S\u00e3o Br\u00e1s de Alportel, Silves, Tavira, Vila do Bispo e Vila Real de Santo Ant\u00f3nio.<\/strong><\/p>\n\n\n\n<p>Este vasto territ\u00f3rio \u00e9 servido por um conjunto vasto de infraestruturas modernas e eficientes, que garantem um fornecimento cont\u00ednuo de \u00e1gua pot\u00e1vel e a gest\u00e3o de \u00e1guas residuais, respeitando as melhores pr\u00e1ticas ambientais e operacionais.<\/p>\n\n\n\n<p><strong>Plano de Recupera\u00e7\u00e3o e Resili\u00eancia (PRR)<\/strong><\/p>\n\n\n\n<p>Num contexto global de crescentes desafios ambientais, os Projetos PRR (Plano de Recupera\u00e7\u00e3o e Resili\u00eancia) das \u00c1guas do Algarve surgem como resposta estrat\u00e9gica para garantir a gest\u00e3o sustent\u00e1vel dos recursos h\u00eddricos.<\/p>\n\n\n\n<p>Com foco na preserva\u00e7\u00e3o dos recursos, na adapta\u00e7\u00e3o \u00e0s altera\u00e7\u00f5es clim\u00e1ticas e na promo\u00e7\u00e3o do acesso justo \u00e0 \u00e1gua, esta iniciativa alinha-se com os objetivos da Uni\u00e3o Europeia, impulsionando o desenvolvimento socioecon\u00f3mico e ambiental da regi\u00e3o do Algarve.<\/p>\n\n\n\n<p>No que respeita ao investimento sob a responsabilidade da \u00c1guas do Algarve, S.A., este inscreve-se na dimens\u00e3o Resili\u00eancia, e decorre do contrato de financiamento RE-C09-i01.04 designado por \u201cPlano Regional de Efici\u00eancia H\u00eddrica do Algarve: SM4 \u2013 Promover a utiliza\u00e7\u00e3o de \u00c1gua Residual Tratada. A implementa\u00e7\u00e3o desta medida permitir\u00e1 incrementar o uso de ApR de 1,4 para 8 hm<sup>3<\/sup>\/ano.<\/p>\n\n\n\n<p>Este investimento pretende contribuir para responder \u00e0 condi\u00e7\u00e3o de escassez que assola a regi\u00e3o do Algarve, com tend\u00eancia para agravamento face aos efeitos das altera\u00e7\u00f5es clim\u00e1ticas, o que obriga \u00e0 ado\u00e7\u00e3o de um vasto conjunto de medidas e investimentos, que permitam a continua\u00e7\u00e3o e diversifica\u00e7\u00e3o do desenvolvimento da atividade econ\u00f3mica na Regi\u00e3o, garantindo o bem-estar das popula\u00e7\u00f5es.<\/p>\n\n\n\n<p>Este investimento est\u00e1 enquadrado com o Plano Regional de Efici\u00eancia H\u00eddrica do Algarve (PREHA), e tem como objetivo dar resposta \u00e0 escassez h\u00eddrica no Algarve, atrav\u00e9s do controlo e gest\u00e3o integrada dos consumos e das disponibilidades h\u00eddricas, procurando um equil\u00edbrio entre as necessidades e as disponibilidades.<\/p>\n\n\n\n<p>Neste \u00e2mbito foi integrada na g\u00e9nese do investimento a medida: SM4\u2013Promover a utiliza\u00e7\u00e3o de \u00c1gua Residual Tratada (ApR), na qual se insere a empreitada de execu\u00e7\u00e3o de infraestruturas de eleva\u00e7\u00e3o e adu\u00e7\u00e3o de ApR da ETAR de Quinta de Lago.<\/p>\n\n\n\n<p><strong>Resumo da interven\u00e7\u00e3o<\/strong><\/p>\n\n\n\n<p>A cerim\u00f3nia contou com a presen\u00e7a Ministra do Ambiente e Energia \u2013 Maria da Gra\u00e7a Carvalho, do Presidente da APA \u2013 Pimenta Machado , Presidente da C\u00e2mara Municipal de Loul\u00e9 \u2013 Telmo Pinto, Lu\u00edsa Branco, vogal do Conselho de Administra\u00e7\u00e3o da \u00c1guas de Portugal, entre v\u00e1rias outras individualidades<\/p>\n\n\n\n<p>A empreitada de execu\u00e7\u00e3o de infraestruturas de eleva\u00e7\u00e3o e adu\u00e7\u00e3o de ApR da ETAR de Quinta de Lago englobou a reabilita\u00e7\u00e3o da lagoa de \u00e1gua residual tratada, com 1280 m3 de capacidade, que tem como fun\u00e7\u00e3o regularizar as flutua\u00e7\u00f5es de aflu\u00eancia ao longo do dia e assegurar o tempo de contacto entre o efluente tratado e o hipoclorito de s\u00f3dio, de modo a garantir a efici\u00eancia do processo de desinfe\u00e7\u00e3o e a produ\u00e7\u00e3o de ApR de classe B.<\/p>\n\n\n\n<p>Ap\u00f3s desinfe\u00e7\u00e3o, a ApR \u00e9 elevada para o sistema adutor a partir da esta\u00e7\u00e3o elevat\u00f3ria existente que alberga 3 novos conjuntos de grupos eletrobomba.<\/p>\n\n\n\n<p>Foi constru\u00edda uma nova conduta elevat\u00f3ria adutora em PEAD at\u00e9 ao ponto de entrega de Pinheiros Altos numa extens\u00e3o de aproximada 720 m.<\/p>\n\n\n\n<p>A partir da conduta elevat\u00f3ria de reutiliza\u00e7\u00e3o que j\u00e1 existia foi implantado um tro\u00e7o de conduta elevat\u00f3ria adutora at\u00e9 ao ponto de entrega da Quinta do Lago (Norte e Sul)\/Infraquinta, materializada em tubagem de PEAD DN200, com cerca de 30 m de extens\u00e3o.<\/p>\n\n\n\n<p>Foi tamb\u00e9m executado um novo tro\u00e7o de conduta adutora elevat\u00f3ria da deriva\u00e7\u00e3o para o ponto de entrega de S\u00e3o Louren\u00e7o igualmente em tubo PEAD DN200, com aproximadamente 90 m de extens\u00e3o.<\/p>\n\n\n\n<p>A empreitada englobou ainda a implementa\u00e7\u00e3o de 5 pontos de entrega ao longo do sistema de adu\u00e7\u00e3o: Pinheiros Altos, Quinta do Lago, Infraquinta, S\u00e3o Louren\u00e7o e Bovis Lakeside.<\/p>\n\n\n\n<p>Com este investimento, estima-se que o volume anual de ApR produzido na ETAR da Quinta do Lago seja de 2 milh\u00f5es de m<sup>3<\/sup>.<\/p>\n\n\n\n<ol class=\"wp-block-list\">\n<li><strong>Interven\u00e7\u00f5es na ETAR da Quinta do Lago<\/strong><\/li>\n<\/ol>\n\n\n\n<ol class=\"wp-block-list\">\n<li><strong>Lagoa de regulariza\u00e7\u00e3o de ApR<\/strong><\/li>\n<\/ol>\n\n\n\n<p>A empreitada passou pela adapta\u00e7\u00e3o da lagoa de efluente tratado existente na ETAR da Quinta do Lago, onde foi instalado um sistema de tratamento complementar de modo a assegurar a produ\u00e7\u00e3o de \u00e1gua Classe B para posterior reutiliza\u00e7\u00e3o na rega de \u00e1reas verdes.<\/p>\n\n\n\n<p>A lagoa de regulariza\u00e7\u00e3o de ApR passou a servir, simultaneamente, o prop\u00f3sito de regulariza\u00e7\u00e3o de caudal e de assegurar o tempo de contacto entre o efluente tratado e o hipoclorito de s\u00f3dio, garantindo assim a efici\u00eancia do processo de desinfe\u00e7\u00e3o.<\/p>\n\n\n\n<p>Por forma a obviar curto-circuitos hidr\u00e1ulicos e ocorr\u00eancia de zonas mortas na lagoa, foram instalados septos deflectores, executados com separadores de bet\u00e3o pr\u00e9-fabricados, assegurando tamb\u00e9m o tempo de contacto necess\u00e1rio e potenciar a efici\u00eancia do processo de desinfe\u00e7\u00e3o.<\/p>\n\n\n\n<p>Uma vez que houve a necessidade de intervencionar a lagoa, foi tamb\u00e9m realizada a substitui\u00e7\u00e3o integral do sistema de impermeabiliza\u00e7\u00e3o, atrav\u00e9s da instala\u00e7\u00e3o de georede em PEAD envolvido por 2 geot\u00eaxteis e geomembrana em PEAD.<\/p>\n\n\n\n<p>Foi ainda executada a reformula\u00e7\u00e3o do descarregador de superf\u00edcie da lagoa, atrav\u00e9s da subida das paredes laterais existentes da obra de descarga, para instala\u00e7\u00e3o de uma comporta descarregadora de cota ajust\u00e1vel, que servir\u00e1 como descarga de emerg\u00eancia do sistema.<\/p>\n\n\n\n<ol class=\"wp-block-list\">\n<li><strong>Reservat\u00f3rio de hipoclorito de s\u00f3dio<\/strong><\/li>\n<\/ol>\n\n\n\n<p>A produ\u00e7\u00e3o de ApR Classe B realizar-se-\u00e1 atrav\u00e9s do doseamento de hipoclorito de s\u00f3dio, com recurso a inje\u00e7\u00e3o direta na tubagem afluente \u00e0 lagoa de regulariza\u00e7\u00e3o de caudais.<\/p>\n\n\n\n<p>Foi constru\u00edda uma bacia de reten\u00e7\u00e3o em bet\u00e3o armado para coloca\u00e7\u00e3o do reservat\u00f3rio que det\u00e9m o hipoclorito de s\u00f3dio, sendo este constru\u00eddo em PEAD com capacidade para 10 m<sup>3<\/sup>.<\/p>\n\n\n\n<p>A inje\u00e7\u00e3o de hipoclorito de s\u00f3dio \u00e9 feita atrav\u00e9s de uma liga\u00e7\u00e3o \u00e0 conduta que atravessa o compartimento seco da c\u00e2mara de medi\u00e7\u00e3o de caudal, onde est\u00e3o instalados o caudal\u00edmetro eletromagn\u00e9tico e uma v\u00e1lvula de seccionamento do tipo guilhotina.<\/p>\n\n\n\n<ol class=\"wp-block-list\">\n<li><strong>C\u00e2mara de medi\u00e7\u00e3o de caudal e de desinfe\u00e7\u00e3o<\/strong><\/li>\n<\/ol>\n\n\n\n<p>Foi constru\u00edda uma c\u00e2mara de medi\u00e7\u00e3o de caudal e de desinfe\u00e7\u00e3o, c\u00e2mara esta tricompartimentada enterrada e executada em bet\u00e3o armado, a qual intercetou a tubagem existente proveniente do tratamento terci\u00e1rio que conduz o efluente tratado para a lagoa.<\/p>\n\n\n\n<p>Por forma a garantir assim o cont\u00ednuo funcionamento da instala\u00e7\u00e3o durante a execu\u00e7\u00e3o dos trabalhos de remodela\u00e7\u00e3o da lagoa, foi previamente constru\u00edda uma c\u00e2mara de bypass, onde foi intercetada a tubagem do tratamento terci\u00e1rio, sendo este conduzido diretamente para o interior da Esta\u00e7\u00e3o Elevat\u00f3ria.<\/p>\n\n\n\n<p>O 1\u00ba compartimento serve como uma c\u00e2mara de rece\u00e7\u00e3o de efluente tratado, proveniente do tratamento terci\u00e1rio, dotado de comporta descarregadora de cota ajust\u00e1vel, que permitir\u00e1, em caso de necessidade, fazer bypass \u00e0 lagoa de regulariza\u00e7\u00e3o de ApR e conduzir efluente tratado para o meio recetor.<\/p>\n\n\n\n<p>O 2\u00ba compartimento consiste numa c\u00e2mara de manobras, onde foi instalado um caudal\u00edmetro eletromagn\u00e9tico flangeado DN400 e uma v\u00e1lvula de seccionamento do tipo guilhotina DN400 PN6, que permitir\u00e1, em caso de necessidade, isolar a lagoa de regulariza\u00e7\u00e3o de ApR e enviar o efluente tratado n\u00e3o clorado para o meio receptor.<\/p>\n\n\n\n<p>O 3\u00ba compartimento assegura a perman\u00eancia do caudal\u00edmetro electromagn\u00e9tico em sec\u00e7\u00e3o cheia (afogado), por forma a minimizar erros de medi\u00e7\u00e3o.<\/p>\n\n\n\n<ol class=\"wp-block-list\">\n<li><strong>Esta\u00e7\u00e3o Elevat\u00f3ria<\/strong><\/li>\n<\/ol>\n\n\n\n<p>A empreitada abrangeu a remodela\u00e7\u00e3o da esta\u00e7\u00e3o elevat\u00f3ria de ApR existente na ETAR da Quinta do Lago, tendo sido realizada a substitui\u00e7\u00e3o integral dos equipamentos eletromec\u00e2nicos e circuitos hidr\u00e1ulicos.<\/p>\n\n\n\n<p>Foram instalados 3 novos conjuntos de eletrobombas no interior do atual edif\u00edcio da esta\u00e7\u00e3o elevat\u00f3ria que ir\u00e3o abastecer os pontos de entrega Pinheiros Altos, S\u00e3o Louren\u00e7o\/Infraquinta e Quinta do Lago (Norte e Sul)\/Infraquinta\/Bovis Lakeside.<\/p>\n\n\n\n<p>Os novos circuitos hidr\u00e1ulicos instalados foram em tubagens de a\u00e7o inoxid\u00e1vel AISI 314, sendo os acess\u00f3rios hidr\u00e1ulicos em ferro fundido d\u00factil. Foi tamb\u00e9m instalado um novo reservat\u00f3rio hidropneum\u00e1tico de 1000 L, por forma a solucionar os problemas originados pela ocorr\u00eancia de depress\u00f5es.<strong><\/strong><\/p>\n\n\n\n<p><strong>Instala\u00e7\u00e3o de Condutas Elevat\u00f3rias<\/strong><\/p>\n\n\n\n<ol class=\"wp-block-list\">\n<li><strong>Conduta Elevat\u00f3ria EE ApR \u2013 Ponto de Entrega de Pinheiros Altos<\/strong><\/li>\n<\/ol>\n\n\n\n<p>Foi implantada uma nova conduta elevat\u00f3ria adutora para alimenta\u00e7\u00e3o do ponto de entrega de Pinheiros Altos, constitu\u00edda por tubagens em Polietileno de Alta Densidade DN200, com uma extens\u00e3o aproximada de 720 m.<\/p>\n\n\n\n<p>A conduta adutora inicia-se na esta\u00e7\u00e3o elevat\u00f3ria seguindo pelo recinto da ETAR da Quinta do Lago, no sentido Oeste-Este, at\u00e9 ao atravessamento da Ribeira de Gondra, fazendo o atravessamento da linha de \u00e1gua e entrando nos terrenos do campo de golfe de Pinheiros Altos, seguindo em paralelo com os caminhos de circula\u00e7\u00e3o do campo at\u00e9 ao seu t\u00e9rmino no ponto de entrega constru\u00eddo.<\/p>\n\n\n\n<p>O atravessamento da linha de \u00e1gua foi executado com recurso a uma travessia por perfura\u00e7\u00e3o horizontal dirigida, numa extens\u00e3o de 60 m, eliminando os impactos no meio ambiente inerentes a travessias de linhas de \u00e1gua e permitindo uma execu\u00e7\u00e3o mais r\u00e1pida da empreitada.<\/p>\n\n\n\n<p>Ao longo do seu percurso, a conduta foi dotada de 2 descargas de fundo e uma ventosa.<\/p>\n\n\n\n<ol class=\"wp-block-list\">\n<li><strong>Conduta Elevat\u00f3ria Tro\u00e7o de Liga\u00e7\u00e3o ao\u00a0<a>Ponto de Entrega de S\u00e3o Louren\u00e7o<\/a><\/strong><\/li>\n<\/ol>\n\n\n\n<p>Foi executada uma nova deriva\u00e7\u00e3o e implementado um novo tro\u00e7o de conduta adutora elevat\u00f3ria para o ponto de entrega de S\u00e3o Louren\u00e7o, materializada em tubagens de Polietileno de Alta Densidade DN200, com cerca de 90 m de extens\u00e3o.<\/p>\n\n\n\n<p>A deriva\u00e7\u00e3o para o ponto de entrega de S\u00e3o Louren\u00e7o foi substitu\u00edda por uma nova c\u00e2mara de v\u00e1lvulas, constru\u00edda em elementos de bet\u00e3o pr\u00e9-fabricados, onde foi tamb\u00e9m substitu\u00edda a ventosa.<\/p>\n\n\n\n<p>A conduta adutora inicia-se na c\u00e2mara de v\u00e1lvulas, localizada na rua Tejo, onde foi intersetada a conduta existente e instalada uma ventosa. A conduta segue posteriormente em dire\u00e7\u00e3o \u00e0 rua Lis, terminando no novo ponto de entrega de S\u00e3o Louren\u00e7o.<\/p>\n\n\n\n<ol class=\"wp-block-list\">\n<li><strong>Conduta Elevat\u00f3ria Deriva\u00e7\u00e3o Qta. Lago (Norte e Sul) \u2013 Ponto de Entrega de Qta. Lago (Norte e Sul)\/Infraquinta<\/strong><\/li>\n<\/ol>\n\n\n\n<p>A empreitada implantou tamb\u00e9m um tro\u00e7o de conduta elevat\u00f3ria adutora para o ponto de entrega da Quinta do Lago (Norte e Sul)\/Infraquinta, a partir da conduta elevat\u00f3ria de reutiliza\u00e7\u00e3o existente, constitu\u00edda por tubagens em Polietileno de Alta Densidade DN200, com uma extens\u00e3o aproximada de 30 m.<\/p>\n\n\n\n<p>A conduta adutora inicia-se na intersec\u00e7\u00e3o com a conduta existente, seguindo posteriormente por terrenos ajardinados at\u00e9 ao novo ponto de entrega de Quinta do Lago (Norte e Sul)\/Infraquinta.<\/p>\n\n\n\n<ul class=\"wp-block-list\">\n<li><strong>Execu\u00e7\u00e3o de Pontos de Entrega<\/strong><\/li>\n<\/ul>\n\n\n\n<p>Os Pontos de Entrega t\u00eam como objetivo a o controlo e opera\u00e7\u00e3o de entrega de \u00e1gua no destino pretendido. \u00c9 nestes pontos que \u00e9 efetuado o controlo dos par\u00e2metros quantitativos e qualitativos, de forma a garantir as condi\u00e7\u00f5es exigidas para a \u00e1gua de Classe B.<\/p>\n\n\n\n<p>Na presente empreitada foram implementados cinco Pontos de Entrega, com o equipamento para o controlo e quantifica\u00e7\u00e3o dos caudais, a instalar em edif\u00edcio pr\u00f3prio, nomeadamente:<\/p>\n\n\n\n<ul class=\"wp-block-list\">\n<li>Ponto de Entrega Pinheiros Altos<\/li>\n\n\n\n<li>Ponto de Entrega S\u00e3o Louren\u00e7o<\/li>\n\n\n\n<li>Ponto de Entrega Quinta do Lago (Norte e Sul) \/ Infraquinta;<\/li>\n\n\n\n<li>Ponto de Entrega Bovis Lakeside<\/li>\n<\/ul>\n\n\n\n<p>O PE Pinheiros Altos localiza-se em posi\u00e7\u00e3o anexa ao edif\u00edcio da esta\u00e7\u00e3o elevat\u00f3ria da rede de rega dos campos de golfe de Pinheiros Altos, sendo composto por um edif\u00edcio com uma dimens\u00e3o em planta de 4,90m x 3,00m.<\/p>\n\n\n\n<p>O PE Quinta do Lago (Norte e Sul) e PE Infraquinta, ambos os pontos de entrega ficam localizados no interior do mesmo edif\u00edcio, em posi\u00e7\u00e3o anexa ao novo reservat\u00f3rio da rede de rega de Infraquinta, sendo composto por um edif\u00edcio com uma dimens\u00e3o em planta de 7,60m x 3,00m.<\/p>\n\n\n\n<p>O PE S\u00e3o Louren\u00e7o \u00e9 composto por c\u00e2mara enterrada em bet\u00e3o armada, com dimens\u00f5es em planta 4,15 x 1,70 m2, localiza-se nas imedia\u00e7\u00f5es do anterior ponto de entrega.<\/p>\n\n\n\n<p>O PE Infraquinta (Bovis Lakeside) localiza-se no mesmo edif\u00edcio do anterior ponto de entrega, tendo sido apenas realizada uma remodela\u00e7\u00e3o do edif\u00edcio, que contemplou a substitui\u00e7\u00e3o de todos os circuitos hidr\u00e1ulicos no seu interior. \u00c9 constitu\u00eddo por um edif\u00edcio semi-enterrado com dimens\u00e3o em planta aproximada de 3,60m x 3,55m.<\/p>\n\n\n\n<p>Os edif\u00edcios\/c\u00e2maras dos pontos de entrega integram de todas as instala\u00e7\u00f5es de comando, controlo e automa\u00e7\u00e3o associadas ao funcionamento dos equipamentos, incluindo toda a rede de comunica\u00e7\u00f5es para automa\u00e7\u00e3o entre os pontos de entrega, tratamento adicional e esta\u00e7\u00e3o elevat\u00f3ria de ApR, automa\u00e7\u00e3o local da ETAR Quinta do Lago e o novo SCADA de supervis\u00e3o.<\/p>\n\n\n\n<ul class=\"wp-block-list\">\n<li><strong>Valor do Investimento<\/strong><\/li>\n<\/ul>\n\n\n\n<p>O valor total do investimento \u00e9 de 2,8 milh\u00f5es de euros.&nbsp;<\/p>\n\n\n\n<ul class=\"wp-block-list\">\n<li><strong>A nossa miss\u00e3o<\/strong><\/li>\n<\/ul>\n\n\n\n<p>A miss\u00e3o da&nbsp;<strong>\u00c1guas do Algarve, S.A.<\/strong>&nbsp;vai al\u00e9m do simples fornecimento de \u00e1gua e tratamento de efluentes. Estamos comprometidos com a&nbsp;<strong>sustentabilidade<\/strong>&nbsp;econ\u00f3mica, social e ambiental, promovendo solu\u00e7\u00f5es inovadoras que garantam a disponibilidade de recursos h\u00eddricos para as gera\u00e7\u00f5es futuras. A nossa atua\u00e7\u00e3o \u00e9 guiada por um conjunto de princ\u00edpios que asseguram a&nbsp;<strong>qualidade<\/strong>, a&nbsp;<strong>fiabilidade<\/strong>&nbsp;e a&nbsp;<strong>seguran\u00e7a<\/strong>&nbsp;dos servi\u00e7os prestados, com o objetivo de melhorar a qualidade de vida dos nossos clientes e da comunidade algarvia.<\/p>\n\n\n\n<p>Com um portf\u00f3lio de investimentos cont\u00ednuos em tecnologia de ponta e na moderniza\u00e7\u00e3o das infraestruturas, a&nbsp;<strong>\u00c1guas do Algarve, S.A.&nbsp;<\/strong>tem apostado fortemente na&nbsp;<strong>efici\u00eancia energ\u00e9tica<\/strong>&nbsp;e na&nbsp;<strong>gest\u00e3o inteligente da \u00e1gua<\/strong>, implementando sistemas de monitoriza\u00e7\u00e3o avan\u00e7ados e processos de tratamento de \u00e1gua que garantem a m\u00e1xima qualidade, conforme os mais exigentes padr\u00f5es nacionais e internacionais.<\/p>\n\n\n\n<p>A nossa atua\u00e7\u00e3o tamb\u00e9m se distingue pelo compromisso com a&nbsp;<strong>educa\u00e7\u00e3o ambiental<\/strong>&nbsp;e o&nbsp;<strong>envolvimento comunit\u00e1rio<\/strong>, promovendo iniciativas que sensibilizam para a import\u00e2ncia da preserva\u00e7\u00e3o dos recursos h\u00eddricos e da gest\u00e3o sustent\u00e1vel da \u00e1gua.<\/p>\n","protected":false},"excerpt":{"rendered":"<p>A&nbsp;\u00c1guas do Algarve, S.A., detentora da concess\u00e3o para a explora\u00e7\u00e3o e gest\u00e3o do Sistema Multimunicipal de Abastecimento de \u00c1gua e<\/p>\n","protected":false},"author":1,"featured_media":56851,"comment_status":"closed","ping_status":"closed","sticky":false,"template":"","format":"standard","meta":{"colormag_page_container_layout":"default_layout","colormag_page_sidebar_layout":"default_layout","_monsterinsights_skip_tracking":false,"_monsterinsights_sitenote_active":false,"_monsterinsights_sitenote_note":"","_monsterinsights_sitenote_category":0,"jetpack_post_was_ever_published":false,"_jetpack_newsletter_access":"","_jetpack_dont_email_post_to_subs":false,"_jetpack_newsletter_tier_id":0,"_jetpack_memberships_contains_paywalled_content":false,"_jetpack_memberships_contains_paid_content":false,"footnotes":"","jetpack_publicize_message":"","jetpack_publicize_feature_enabled":true,"jetpack_social_post_already_shared":true,"jetpack_social_options":{"image_generator_settings":{"template":"highway","default_image_id":0,"font":"","enabled":false},"version":2}},"categories":[5],"tags":[36,32],"class_list":["post-56847","post","type-post","status-publish","format-standard","has-post-thumbnail","hentry","category-ambiente","tag-algarve","tag-ambiente"],"yoast_head":"<!-- This site is optimized with the Yoast SEO plugin v27.5 - https:\/\/yoast.com\/product\/yoast-seo-wordpress\/ -->\n<title>\u00c1guas do Algarve inaugurou a Empreitada de Execu\u00e7\u00e3o de Infraestruturas de Eleva\u00e7\u00e3o e Adu\u00e7\u00e3o de ApR da ETAR de Quinta do Lago - Algarve 7<\/title>\n<meta name=\"description\" content=\"\u00c1guas do Algarve inaugurou a Empreitada de Execu\u00e7\u00e3o de Infraestruturas de Eleva\u00e7\u00e3o e Adu\u00e7\u00e3o de ApR da ETAR de Quinta do Lago Ambiente\" \/>\n<meta name=\"robots\" content=\"index, follow, max-snippet:-1, max-image-preview:large, max-video-preview:-1\" \/>\n<link rel=\"canonical\" href=\"https:\/\/algarve7.pt\/index.php\/2025\/12\/aguas-do-algarve-inaugurou-a-empreitada-de-execucao-de-infraestruturas-de-elevacao-e-aducao-de-apr-da-etar-de-quinta-do-lago\/ambiente\/23\/26\/\" \/>\n<meta property=\"og:locale\" content=\"pt_PT\" \/>\n<meta property=\"og:type\" content=\"article\" \/>\n<meta property=\"og:title\" content=\"\u00c1guas do Algarve inaugurou a Empreitada de Execu\u00e7\u00e3o de Infraestruturas de Eleva\u00e7\u00e3o e Adu\u00e7\u00e3o de ApR da ETAR de Quinta do Lago - Algarve 7\" \/>\n<meta property=\"og:description\" content=\"\u00c1guas do Algarve inaugurou a Empreitada de Execu\u00e7\u00e3o de Infraestruturas de Eleva\u00e7\u00e3o e Adu\u00e7\u00e3o de ApR da ETAR de Quinta do Lago Ambiente\" \/>\n<meta property=\"og:url\" content=\"https:\/\/algarve7.pt\/index.php\/2025\/12\/aguas-do-algarve-inaugurou-a-empreitada-de-execucao-de-infraestruturas-de-elevacao-e-aducao-de-apr-da-etar-de-quinta-do-lago\/ambiente\/23\/26\/\" \/>\n<meta property=\"og:site_name\" content=\"Algarve 7\" \/>\n<meta property=\"article:publisher\" content=\"https:\/\/www.facebook.com\/algarve7\" \/>\n<meta property=\"article:author\" content=\"https:\/\/www.facebook.com\/algarve7\" \/>\n<meta property=\"article:published_time\" content=\"2025-12-09T23:26:28+00:00\" \/>\n<meta property=\"article:modified_time\" content=\"2025-12-09T23:26:34+00:00\" \/>\n<meta property=\"og:image\" content=\"https:\/\/algarve7.pt\/wp-content\/uploads\/2025\/12\/Inauguracao-Infraestruturas-APR-da-ETAR-da-Quinta-do-Lago-06-12-2025-101.jpg\" \/>\n\t<meta property=\"og:image:width\" content=\"800\" \/>\n\t<meta property=\"og:image:height\" content=\"500\" \/>\n\t<meta property=\"og:image:type\" content=\"image\/jpeg\" \/>\n<meta name=\"author\" content=\"Algarve 7\" \/>\n<meta name=\"twitter:card\" content=\"summary_large_image\" \/>\n<meta name=\"twitter:creator\" content=\"@Algarvesete\" \/>\n<meta name=\"twitter:site\" content=\"@Algarvesete\" \/>\n<meta name=\"twitter:label1\" content=\"Escrito por\" \/>\n\t<meta name=\"twitter:data1\" content=\"Algarve 7\" \/>\n\t<meta name=\"twitter:label2\" content=\"Tempo estimado de leitura\" \/>\n\t<meta name=\"twitter:data2\" content=\"13 minutos\" \/>\n<script type=\"application\/ld+json\" class=\"yoast-schema-graph\">{\"@context\":\"https:\\\/\\\/schema.org\",\"@graph\":[{\"@type\":\"Article\",\"@id\":\"https:\\\/\\\/algarve7.pt\\\/index.php\\\/2025\\\/12\\\/aguas-do-algarve-inaugurou-a-empreitada-de-execucao-de-infraestruturas-de-elevacao-e-aducao-de-apr-da-etar-de-quinta-do-lago\\\/ambiente\\\/23\\\/26\\\/#article\",\"isPartOf\":{\"@id\":\"https:\\\/\\\/algarve7.pt\\\/index.php\\\/2025\\\/12\\\/aguas-do-algarve-inaugurou-a-empreitada-de-execucao-de-infraestruturas-de-elevacao-e-aducao-de-apr-da-etar-de-quinta-do-lago\\\/ambiente\\\/23\\\/26\\\/\"},\"author\":{\"name\":\"Algarve 7\",\"@id\":\"https:\\\/\\\/algarve7.pt\\\/#\\\/schema\\\/person\\\/23fa70681308e7b319a3204bcea45e0c\"},\"headline\":\"\u00c1guas do Algarve inaugurou a Empreitada de Execu\u00e7\u00e3o de Infraestruturas de Eleva\u00e7\u00e3o e Adu\u00e7\u00e3o de ApR da ETAR de Quinta do Lago\",\"datePublished\":\"2025-12-09T23:26:28+00:00\",\"dateModified\":\"2025-12-09T23:26:34+00:00\",\"mainEntityOfPage\":{\"@id\":\"https:\\\/\\\/algarve7.pt\\\/index.php\\\/2025\\\/12\\\/aguas-do-algarve-inaugurou-a-empreitada-de-execucao-de-infraestruturas-de-elevacao-e-aducao-de-apr-da-etar-de-quinta-do-lago\\\/ambiente\\\/23\\\/26\\\/\"},\"wordCount\":2548,\"publisher\":{\"@id\":\"https:\\\/\\\/algarve7.pt\\\/#organization\"},\"image\":{\"@id\":\"https:\\\/\\\/algarve7.pt\\\/index.php\\\/2025\\\/12\\\/aguas-do-algarve-inaugurou-a-empreitada-de-execucao-de-infraestruturas-de-elevacao-e-aducao-de-apr-da-etar-de-quinta-do-lago\\\/ambiente\\\/23\\\/26\\\/#primaryimage\"},\"thumbnailUrl\":\"https:\\\/\\\/algarve7.pt\\\/wp-content\\\/uploads\\\/2025\\\/12\\\/Inauguracao-Infraestruturas-APR-da-ETAR-da-Quinta-do-Lago-06-12-2025-101.jpg\",\"keywords\":[\"Algarve\",\"Ambiente\"],\"articleSection\":[\"Ambiente\"],\"inLanguage\":\"pt-PT\"},{\"@type\":\"WebPage\",\"@id\":\"https:\\\/\\\/algarve7.pt\\\/index.php\\\/2025\\\/12\\\/aguas-do-algarve-inaugurou-a-empreitada-de-execucao-de-infraestruturas-de-elevacao-e-aducao-de-apr-da-etar-de-quinta-do-lago\\\/ambiente\\\/23\\\/26\\\/\",\"url\":\"https:\\\/\\\/algarve7.pt\\\/index.php\\\/2025\\\/12\\\/aguas-do-algarve-inaugurou-a-empreitada-de-execucao-de-infraestruturas-de-elevacao-e-aducao-de-apr-da-etar-de-quinta-do-lago\\\/ambiente\\\/23\\\/26\\\/\",\"name\":\"\u00c1guas do Algarve inaugurou a Empreitada de Execu\u00e7\u00e3o de Infraestruturas de Eleva\u00e7\u00e3o e Adu\u00e7\u00e3o de ApR da ETAR de Quinta do Lago - Algarve 7\",\"isPartOf\":{\"@id\":\"https:\\\/\\\/algarve7.pt\\\/#website\"},\"primaryImageOfPage\":{\"@id\":\"https:\\\/\\\/algarve7.pt\\\/index.php\\\/2025\\\/12\\\/aguas-do-algarve-inaugurou-a-empreitada-de-execucao-de-infraestruturas-de-elevacao-e-aducao-de-apr-da-etar-de-quinta-do-lago\\\/ambiente\\\/23\\\/26\\\/#primaryimage\"},\"image\":{\"@id\":\"https:\\\/\\\/algarve7.pt\\\/index.php\\\/2025\\\/12\\\/aguas-do-algarve-inaugurou-a-empreitada-de-execucao-de-infraestruturas-de-elevacao-e-aducao-de-apr-da-etar-de-quinta-do-lago\\\/ambiente\\\/23\\\/26\\\/#primaryimage\"},\"thumbnailUrl\":\"https:\\\/\\\/algarve7.pt\\\/wp-content\\\/uploads\\\/2025\\\/12\\\/Inauguracao-Infraestruturas-APR-da-ETAR-da-Quinta-do-Lago-06-12-2025-101.jpg\",\"datePublished\":\"2025-12-09T23:26:28+00:00\",\"dateModified\":\"2025-12-09T23:26:34+00:00\",\"description\":\"\u00c1guas do Algarve inaugurou a Empreitada de Execu\u00e7\u00e3o de Infraestruturas de Eleva\u00e7\u00e3o e Adu\u00e7\u00e3o de ApR da ETAR de Quinta do Lago Ambiente\",\"breadcrumb\":{\"@id\":\"https:\\\/\\\/algarve7.pt\\\/index.php\\\/2025\\\/12\\\/aguas-do-algarve-inaugurou-a-empreitada-de-execucao-de-infraestruturas-de-elevacao-e-aducao-de-apr-da-etar-de-quinta-do-lago\\\/ambiente\\\/23\\\/26\\\/#breadcrumb\"},\"inLanguage\":\"pt-PT\",\"potentialAction\":[{\"@type\":\"ReadAction\",\"target\":[\"https:\\\/\\\/algarve7.pt\\\/index.php\\\/2025\\\/12\\\/aguas-do-algarve-inaugurou-a-empreitada-de-execucao-de-infraestruturas-de-elevacao-e-aducao-de-apr-da-etar-de-quinta-do-lago\\\/ambiente\\\/23\\\/26\\\/\"]}]},{\"@type\":\"ImageObject\",\"inLanguage\":\"pt-PT\",\"@id\":\"https:\\\/\\\/algarve7.pt\\\/index.php\\\/2025\\\/12\\\/aguas-do-algarve-inaugurou-a-empreitada-de-execucao-de-infraestruturas-de-elevacao-e-aducao-de-apr-da-etar-de-quinta-do-lago\\\/ambiente\\\/23\\\/26\\\/#primaryimage\",\"url\":\"https:\\\/\\\/algarve7.pt\\\/wp-content\\\/uploads\\\/2025\\\/12\\\/Inauguracao-Infraestruturas-APR-da-ETAR-da-Quinta-do-Lago-06-12-2025-101.jpg\",\"contentUrl\":\"https:\\\/\\\/algarve7.pt\\\/wp-content\\\/uploads\\\/2025\\\/12\\\/Inauguracao-Infraestruturas-APR-da-ETAR-da-Quinta-do-Lago-06-12-2025-101.jpg\",\"width\":800,\"height\":500},{\"@type\":\"BreadcrumbList\",\"@id\":\"https:\\\/\\\/algarve7.pt\\\/index.php\\\/2025\\\/12\\\/aguas-do-algarve-inaugurou-a-empreitada-de-execucao-de-infraestruturas-de-elevacao-e-aducao-de-apr-da-etar-de-quinta-do-lago\\\/ambiente\\\/23\\\/26\\\/#breadcrumb\",\"itemListElement\":[{\"@type\":\"ListItem\",\"position\":1,\"name\":\"In\u00edcio\",\"item\":\"https:\\\/\\\/algarve7.pt\\\/\"},{\"@type\":\"ListItem\",\"position\":2,\"name\":\"\u00c1guas do Algarve inaugurou a Empreitada de Execu\u00e7\u00e3o de Infraestruturas de Eleva\u00e7\u00e3o e Adu\u00e7\u00e3o de ApR da ETAR de Quinta do Lago\"}]},{\"@type\":\"WebSite\",\"@id\":\"https:\\\/\\\/algarve7.pt\\\/#website\",\"url\":\"https:\\\/\\\/algarve7.pt\\\/\",\"name\":\"Algarve 7\",\"description\":\"Informa\u00e7\u00e3o sobre o Algarve\",\"publisher\":{\"@id\":\"https:\\\/\\\/algarve7.pt\\\/#organization\"},\"potentialAction\":[{\"@type\":\"SearchAction\",\"target\":{\"@type\":\"EntryPoint\",\"urlTemplate\":\"https:\\\/\\\/algarve7.pt\\\/?s={search_term_string}\"},\"query-input\":{\"@type\":\"PropertyValueSpecification\",\"valueRequired\":true,\"valueName\":\"search_term_string\"}}],\"inLanguage\":\"pt-PT\"},{\"@type\":\"Organization\",\"@id\":\"https:\\\/\\\/algarve7.pt\\\/#organization\",\"name\":\"Algarve 7\",\"url\":\"https:\\\/\\\/algarve7.pt\\\/\",\"logo\":{\"@type\":\"ImageObject\",\"inLanguage\":\"pt-PT\",\"@id\":\"https:\\\/\\\/algarve7.pt\\\/#\\\/schema\\\/logo\\\/image\\\/\",\"url\":\"https:\\\/\\\/algarve7.pt\\\/wp-content\\\/uploads\\\/2020\\\/10\\\/Logo-8.jpg\",\"contentUrl\":\"https:\\\/\\\/algarve7.pt\\\/wp-content\\\/uploads\\\/2020\\\/10\\\/Logo-8.jpg\",\"width\":1680,\"height\":1186,\"caption\":\"Algarve 7\"},\"image\":{\"@id\":\"https:\\\/\\\/algarve7.pt\\\/#\\\/schema\\\/logo\\\/image\\\/\"},\"sameAs\":[\"https:\\\/\\\/www.facebook.com\\\/algarve7\",\"https:\\\/\\\/x.com\\\/Algarvesete\",\"https:\\\/\\\/www.instagram.com\\\/jornalalgarve7\\\/\",\"https:\\\/\\\/www.linkedin.com\\\/company\\\/algarve7\",\"https:\\\/\\\/www.pinterest.pt\\\/geral0939\\\/_created\\\/\"]},{\"@type\":\"Person\",\"@id\":\"https:\\\/\\\/algarve7.pt\\\/#\\\/schema\\\/person\\\/23fa70681308e7b319a3204bcea45e0c\",\"name\":\"Algarve 7\",\"sameAs\":[\"https:\\\/\\\/algarve7.pt\",\"https:\\\/\\\/www.facebook.com\\\/algarve7\"],\"url\":\"https:\\\/\\\/algarve7.pt\\\/index.php\\\/author\\\/geralalgarve7-pt\\\/\"}]}<\/script>\n<!-- \/ Yoast SEO plugin. -->","yoast_head_json":{"title":"\u00c1guas do Algarve inaugurou a Empreitada de Execu\u00e7\u00e3o de Infraestruturas de Eleva\u00e7\u00e3o e Adu\u00e7\u00e3o de ApR da ETAR de Quinta do Lago - Algarve 7","description":"\u00c1guas do Algarve inaugurou a Empreitada de Execu\u00e7\u00e3o de Infraestruturas de Eleva\u00e7\u00e3o e Adu\u00e7\u00e3o de ApR da ETAR de Quinta do Lago Ambiente","robots":{"index":"index","follow":"follow","max-snippet":"max-snippet:-1","max-image-preview":"max-image-preview:large","max-video-preview":"max-video-preview:-1"},"canonical":"https:\/\/algarve7.pt\/index.php\/2025\/12\/aguas-do-algarve-inaugurou-a-empreitada-de-execucao-de-infraestruturas-de-elevacao-e-aducao-de-apr-da-etar-de-quinta-do-lago\/ambiente\/23\/26\/","og_locale":"pt_PT","og_type":"article","og_title":"\u00c1guas do Algarve inaugurou a Empreitada de Execu\u00e7\u00e3o de Infraestruturas de Eleva\u00e7\u00e3o e Adu\u00e7\u00e3o de ApR da ETAR de Quinta do Lago - Algarve 7","og_description":"\u00c1guas do Algarve inaugurou a Empreitada de Execu\u00e7\u00e3o de Infraestruturas de Eleva\u00e7\u00e3o e Adu\u00e7\u00e3o de ApR da ETAR de Quinta do Lago Ambiente","og_url":"https:\/\/algarve7.pt\/index.php\/2025\/12\/aguas-do-algarve-inaugurou-a-empreitada-de-execucao-de-infraestruturas-de-elevacao-e-aducao-de-apr-da-etar-de-quinta-do-lago\/ambiente\/23\/26\/","og_site_name":"Algarve 7","article_publisher":"https:\/\/www.facebook.com\/algarve7","article_author":"https:\/\/www.facebook.com\/algarve7","article_published_time":"2025-12-09T23:26:28+00:00","article_modified_time":"2025-12-09T23:26:34+00:00","og_image":[{"width":800,"height":500,"url":"https:\/\/algarve7.pt\/wp-content\/uploads\/2025\/12\/Inauguracao-Infraestruturas-APR-da-ETAR-da-Quinta-do-Lago-06-12-2025-101.jpg","type":"image\/jpeg"}],"author":"Algarve 7","twitter_card":"summary_large_image","twitter_creator":"@Algarvesete","twitter_site":"@Algarvesete","twitter_misc":{"Escrito por":"Algarve 7","Tempo estimado de leitura":"13 minutos"},"schema":{"@context":"https:\/\/schema.org","@graph":[{"@type":"Article","@id":"https:\/\/algarve7.pt\/index.php\/2025\/12\/aguas-do-algarve-inaugurou-a-empreitada-de-execucao-de-infraestruturas-de-elevacao-e-aducao-de-apr-da-etar-de-quinta-do-lago\/ambiente\/23\/26\/#article","isPartOf":{"@id":"https:\/\/algarve7.pt\/index.php\/2025\/12\/aguas-do-algarve-inaugurou-a-empreitada-de-execucao-de-infraestruturas-de-elevacao-e-aducao-de-apr-da-etar-de-quinta-do-lago\/ambiente\/23\/26\/"},"author":{"name":"Algarve 7","@id":"https:\/\/algarve7.pt\/#\/schema\/person\/23fa70681308e7b319a3204bcea45e0c"},"headline":"\u00c1guas do Algarve inaugurou a Empreitada de Execu\u00e7\u00e3o de Infraestruturas de Eleva\u00e7\u00e3o e Adu\u00e7\u00e3o de ApR da ETAR de Quinta do Lago","datePublished":"2025-12-09T23:26:28+00:00","dateModified":"2025-12-09T23:26:34+00:00","mainEntityOfPage":{"@id":"https:\/\/algarve7.pt\/index.php\/2025\/12\/aguas-do-algarve-inaugurou-a-empreitada-de-execucao-de-infraestruturas-de-elevacao-e-aducao-de-apr-da-etar-de-quinta-do-lago\/ambiente\/23\/26\/"},"wordCount":2548,"publisher":{"@id":"https:\/\/algarve7.pt\/#organization"},"image":{"@id":"https:\/\/algarve7.pt\/index.php\/2025\/12\/aguas-do-algarve-inaugurou-a-empreitada-de-execucao-de-infraestruturas-de-elevacao-e-aducao-de-apr-da-etar-de-quinta-do-lago\/ambiente\/23\/26\/#primaryimage"},"thumbnailUrl":"https:\/\/algarve7.pt\/wp-content\/uploads\/2025\/12\/Inauguracao-Infraestruturas-APR-da-ETAR-da-Quinta-do-Lago-06-12-2025-101.jpg","keywords":["Algarve","Ambiente"],"articleSection":["Ambiente"],"inLanguage":"pt-PT"},{"@type":"WebPage","@id":"https:\/\/algarve7.pt\/index.php\/2025\/12\/aguas-do-algarve-inaugurou-a-empreitada-de-execucao-de-infraestruturas-de-elevacao-e-aducao-de-apr-da-etar-de-quinta-do-lago\/ambiente\/23\/26\/","url":"https:\/\/algarve7.pt\/index.php\/2025\/12\/aguas-do-algarve-inaugurou-a-empreitada-de-execucao-de-infraestruturas-de-elevacao-e-aducao-de-apr-da-etar-de-quinta-do-lago\/ambiente\/23\/26\/","name":"\u00c1guas do Algarve inaugurou a Empreitada de Execu\u00e7\u00e3o de Infraestruturas de Eleva\u00e7\u00e3o e Adu\u00e7\u00e3o de ApR da ETAR de Quinta do Lago - Algarve 7","isPartOf":{"@id":"https:\/\/algarve7.pt\/#website"},"primaryImageOfPage":{"@id":"https:\/\/algarve7.pt\/index.php\/2025\/12\/aguas-do-algarve-inaugurou-a-empreitada-de-execucao-de-infraestruturas-de-elevacao-e-aducao-de-apr-da-etar-de-quinta-do-lago\/ambiente\/23\/26\/#primaryimage"},"image":{"@id":"https:\/\/algarve7.pt\/index.php\/2025\/12\/aguas-do-algarve-inaugurou-a-empreitada-de-execucao-de-infraestruturas-de-elevacao-e-aducao-de-apr-da-etar-de-quinta-do-lago\/ambiente\/23\/26\/#primaryimage"},"thumbnailUrl":"https:\/\/algarve7.pt\/wp-content\/uploads\/2025\/12\/Inauguracao-Infraestruturas-APR-da-ETAR-da-Quinta-do-Lago-06-12-2025-101.jpg","datePublished":"2025-12-09T23:26:28+00:00","dateModified":"2025-12-09T23:26:34+00:00","description":"\u00c1guas do Algarve inaugurou a Empreitada de Execu\u00e7\u00e3o de Infraestruturas de Eleva\u00e7\u00e3o e Adu\u00e7\u00e3o de ApR da ETAR de Quinta do Lago Ambiente","breadcrumb":{"@id":"https:\/\/algarve7.pt\/index.php\/2025\/12\/aguas-do-algarve-inaugurou-a-empreitada-de-execucao-de-infraestruturas-de-elevacao-e-aducao-de-apr-da-etar-de-quinta-do-lago\/ambiente\/23\/26\/#breadcrumb"},"inLanguage":"pt-PT","potentialAction":[{"@type":"ReadAction","target":["https:\/\/algarve7.pt\/index.php\/2025\/12\/aguas-do-algarve-inaugurou-a-empreitada-de-execucao-de-infraestruturas-de-elevacao-e-aducao-de-apr-da-etar-de-quinta-do-lago\/ambiente\/23\/26\/"]}]},{"@type":"ImageObject","inLanguage":"pt-PT","@id":"https:\/\/algarve7.pt\/index.php\/2025\/12\/aguas-do-algarve-inaugurou-a-empreitada-de-execucao-de-infraestruturas-de-elevacao-e-aducao-de-apr-da-etar-de-quinta-do-lago\/ambiente\/23\/26\/#primaryimage","url":"https:\/\/algarve7.pt\/wp-content\/uploads\/2025\/12\/Inauguracao-Infraestruturas-APR-da-ETAR-da-Quinta-do-Lago-06-12-2025-101.jpg","contentUrl":"https:\/\/algarve7.pt\/wp-content\/uploads\/2025\/12\/Inauguracao-Infraestruturas-APR-da-ETAR-da-Quinta-do-Lago-06-12-2025-101.jpg","width":800,"height":500},{"@type":"BreadcrumbList","@id":"https:\/\/algarve7.pt\/index.php\/2025\/12\/aguas-do-algarve-inaugurou-a-empreitada-de-execucao-de-infraestruturas-de-elevacao-e-aducao-de-apr-da-etar-de-quinta-do-lago\/ambiente\/23\/26\/#breadcrumb","itemListElement":[{"@type":"ListItem","position":1,"name":"In\u00edcio","item":"https:\/\/algarve7.pt\/"},{"@type":"ListItem","position":2,"name":"\u00c1guas do Algarve inaugurou a Empreitada de Execu\u00e7\u00e3o de Infraestruturas de Eleva\u00e7\u00e3o e Adu\u00e7\u00e3o de ApR da ETAR de Quinta do Lago"}]},{"@type":"WebSite","@id":"https:\/\/algarve7.pt\/#website","url":"https:\/\/algarve7.pt\/","name":"Algarve 7","description":"Informa\u00e7\u00e3o sobre o Algarve","publisher":{"@id":"https:\/\/algarve7.pt\/#organization"},"potentialAction":[{"@type":"SearchAction","target":{"@type":"EntryPoint","urlTemplate":"https:\/\/algarve7.pt\/?s={search_term_string}"},"query-input":{"@type":"PropertyValueSpecification","valueRequired":true,"valueName":"search_term_string"}}],"inLanguage":"pt-PT"},{"@type":"Organization","@id":"https:\/\/algarve7.pt\/#organization","name":"Algarve 7","url":"https:\/\/algarve7.pt\/","logo":{"@type":"ImageObject","inLanguage":"pt-PT","@id":"https:\/\/algarve7.pt\/#\/schema\/logo\/image\/","url":"https:\/\/algarve7.pt\/wp-content\/uploads\/2020\/10\/Logo-8.jpg","contentUrl":"https:\/\/algarve7.pt\/wp-content\/uploads\/2020\/10\/Logo-8.jpg","width":1680,"height":1186,"caption":"Algarve 7"},"image":{"@id":"https:\/\/algarve7.pt\/#\/schema\/logo\/image\/"},"sameAs":["https:\/\/www.facebook.com\/algarve7","https:\/\/x.com\/Algarvesete","https:\/\/www.instagram.com\/jornalalgarve7\/","https:\/\/www.linkedin.com\/company\/algarve7","https:\/\/www.pinterest.pt\/geral0939\/_created\/"]},{"@type":"Person","@id":"https:\/\/algarve7.pt\/#\/schema\/person\/23fa70681308e7b319a3204bcea45e0c","name":"Algarve 7","sameAs":["https:\/\/algarve7.pt","https:\/\/www.facebook.com\/algarve7"],"url":"https:\/\/algarve7.pt\/index.php\/author\/geralalgarve7-pt\/"}]}},"jetpack_publicize_connections":[],"jetpack_featured_media_url":"https:\/\/algarve7.pt\/wp-content\/uploads\/2025\/12\/Inauguracao-Infraestruturas-APR-da-ETAR-da-Quinta-do-Lago-06-12-2025-101.jpg","jetpack_shortlink":"https:\/\/wp.me\/pcezmW-eMT","jetpack_sharing_enabled":true,"_links":{"self":[{"href":"https:\/\/algarve7.pt\/index.php\/wp-json\/wp\/v2\/posts\/56847","targetHints":{"allow":["GET"]}}],"collection":[{"href":"https:\/\/algarve7.pt\/index.php\/wp-json\/wp\/v2\/posts"}],"about":[{"href":"https:\/\/algarve7.pt\/index.php\/wp-json\/wp\/v2\/types\/post"}],"author":[{"embeddable":true,"href":"https:\/\/algarve7.pt\/index.php\/wp-json\/wp\/v2\/users\/1"}],"replies":[{"embeddable":true,"href":"https:\/\/algarve7.pt\/index.php\/wp-json\/wp\/v2\/comments?post=56847"}],"version-history":[{"count":0,"href":"https:\/\/algarve7.pt\/index.php\/wp-json\/wp\/v2\/posts\/56847\/revisions"}],"wp:featuredmedia":[{"embeddable":true,"href":"https:\/\/algarve7.pt\/index.php\/wp-json\/wp\/v2\/media\/56851"}],"wp:attachment":[{"href":"https:\/\/algarve7.pt\/index.php\/wp-json\/wp\/v2\/media?parent=56847"}],"wp:term":[{"taxonomy":"category","embeddable":true,"href":"https:\/\/algarve7.pt\/index.php\/wp-json\/wp\/v2\/categories?post=56847"},{"taxonomy":"post_tag","embeddable":true,"href":"https:\/\/algarve7.pt\/index.php\/wp-json\/wp\/v2\/tags?post=56847"}],"curies":[{"name":"wp","href":"https:\/\/api.w.org\/{rel}","templated":true}]}}