{"id":56812,"date":"2025-12-05T18:59:09","date_gmt":"2025-12-05T18:59:09","guid":{"rendered":"https:\/\/algarve7.pt\/?p=56812"},"modified":"2025-12-05T18:59:14","modified_gmt":"2025-12-05T18:59:14","slug":"rolear-algarve-classic-ryder-cupper-wood-campeao-figueiredo-e-lencart-em-7-o","status":"publish","type":"post","link":"https:\/\/algarve7.pt\/index.php\/2025\/12\/rolear-algarve-classic-ryder-cupper-wood-campeao-figueiredo-e-lencart-em-7-o\/desporto\/18\/59\/","title":{"rendered":"Rolear Algarve Classic: Ryder Cupper Wood campe\u00e3o\u00a0Figueiredo e Lencart em 7.\u00ba"},"content":{"rendered":"\n<p>O ingl\u00eas Chris Wood, um antigo membro da sele\u00e7\u00e3o europeia da Ryder Cup, conquistou hoje (quinta-feira) o Rolear Algarve Classic, o segundo torneio do calend\u00e1rio regular de 2026 do Mena Golf Tour o circuito profissional do norte de \u00c1frica e do M\u00e9dio Oriente.<\/p>\n\n\n\n<p>Pedro Figueiredo e Pedro Lencart partilharam o estatuto de melhores portugueses nesta competi\u00e7\u00e3o que contou com 86 participantes e distribuiu 100 mil d\u00f3lares (cerca de 86 mil euros) em pr\u00e9mios monet\u00e1rios. Este ano, no nosso pa\u00eds, s\u00f3 o Open de Portugal at Royal \u00d3bidos, do HotelPlanner Tour (a segunda divis\u00e3o europeia), ofereceu um prize-money superior.<\/p>\n\n\n\n<p>O campe\u00e3o, que, logo no primeiro dia, tinha sido um dos tr\u00eas jogadores a baterem o Par do campo \u2013 o O\u2019Connor Course, do Amendoeira Golf Resort \u2013, gra\u00e7as a uma primeira volta de 65 pancadas, 7 abaixo do Par, liderou do in\u00edcio ao fim (\u2018wire-to-wire\u2019) e apresentou rondas nos dias seguintes de 68 e 67, para um resultado final de 200 (-16). Embolsou 18 mil d\u00f3lares de pr\u00e9mio e bateu por 1 \u00fanica pancada Aidan O\u2019Hagan (65, 69 e 67). O escoc\u00eas de 21 anos quase for\u00e7ou a um \u2018play-off\u2019, mas fez uma \u2018gravata\u2019 no putt que teve para birdie no \u00faltimo buraco. Ganhou 11 mil d\u00f3lares.<\/p>\n\n\n\n<p>Pedro Figueiredo foi o melhor portugu\u00eas no \u00faltimo dia, com um cart\u00e3o final soberbo de 65 (-7), impressionante para o vento que se fez sentir, mas n\u00e3o pode juntar-se a Wood, O\u2019Hagan, ao italiano Aron Zemmer e ao portugu\u00eas Vasco Alves, como os recordistas do campo, porque o endiabrado alem\u00e3o Max Schmitt rebentou a escala com 63 (-9), detendo ele agora o melhor resultado deste percurso, das sa\u00eddas \u2018douradas\u2019. \u00abN\u00e3o \u00e9 a minha melhor volta e at\u00e9 sou um dos raros jogadores a ter feito uma volta em 59 pancadas, num torneio de um circuito menor, na Alemanha\u00bb, declarou.<\/p>\n\n\n\n<p>\u2018Figgy\u2019 tinha sido vice-campe\u00e3o na semana passada e agora arrancou outro top-10 em torneios do Mena Golf Tour em Portugal, desta feita com o resultado final de 208 (74+69+65), -8. Na Aroeira amealhara 11 mil d\u00f3lares, agora juntou-lhe mais 2.400 d\u00f3lares. O campe\u00e3o nacional de profissionais de 2013 e 2024 est\u00e1 a equacionar \u00aba hip\u00f3tese de poder jogar mais torneios deste circuito em 2026, se puderem ser encaixados no meu calend\u00e1rio do HotelPlanner Tour\u00bb.<\/p>\n\n\n\n<p>Pedro Figueiredo esteve algumas horas como o melhor portugu\u00eas da prova, mas, mesmo ao cair do pano, Pedro Lencart arrancou 1 birdie no \u00faltimo buraco para empatar com o seu hom\u00f3nimo com 208 (-8), ap\u00f3s tr\u00eas voltas abaixo do Par (69+68+71). Tamb\u00e9m ele arrecadou 2.400 d\u00f3lares. \u00abJ\u00e1 na Aroeira tinha feito tr\u00eas voltas abaixo do Par\u00bb, frisou o campe\u00e3o nacional de profissionais de 2021 e 2022.<\/p>\n\n\n\n<p>Para al\u00e9m dos dois \u2018Pedros\u2019, no que se refere a portugueses, Vasco Alves foi 14.\u00ba empatado com 201 (73+65+72), -6, o que valeu-lhe 1.366 d\u00f3lares; Jos\u00e9 Miguel Franco de Sousa n\u00e3o pode receber pr\u00e9mio por ser ainda amador, mas fez uma boa volta de -5 hoje para concluir, no 20.\u00ba posto empatado, com um total de 212 (69+76+67), -4; Tom\u00e1s Bessa foi 23.\u00ba empatado com 213 (71+68+74), -3; Tom\u00e1s Melo Gouveia foi 34.\u00ba empatado com 216 (70+70+76), Par e Ricardo Santos tamb\u00e9m foi 34.\u00ba empatado com 216 (77+70+69), Par.<\/p>\n\n\n\n<p>\u00c9 imposs\u00edvel n\u00e3o destacar o amador Jos\u00e9 Miguel Franco de Sousa, com duas boas voltas abaixo do Par, sobretudo a de hoje (-5), a sua melhor ronda de sempre em torneios de circuitos profissionais. Sim, -4 foi o meu melhor agregado at\u00e9 agora em torneios profissionais. Sentia-me bem no campo de treino e nos primeiros buracos tamb\u00e9m. Sabia que se conseguisse meter alguns putts, tinha mais do que jogo para fazer mais voltas como esta\u00bb, declarou o jogador das sele\u00e7\u00f5es nacionais amadoras.<\/p>\n\n\n\n<p>Na v\u00e9spera (quarta-feira) tinham passado o cut 67 jogadores. Entre os eliminados constavam tr\u00eas portugueses que obtiveram as seguintes classifica\u00e7\u00f5es e resultados:&nbsp;<\/p>\n\n\n\n<p>70.\u00ba (empatado) Hugo Camelo, 151 (77+74), +7<\/p>\n\n\n\n<p>74 (empatado) Nelson Cavalheiro, 155 (79+76), +11 (s\u00e9nior)<\/p>\n\n\n\n<p>81.\u00ba Ricardo Garcia, 161 (77+84), +17<\/p>\n\n\n\n<p>O saldo dos portugueses, para um torneio deste n\u00edvel, \u00e9 positivo e animador, mas \u00e9 imposs\u00edvel n\u00e3o sentir que este 1.\u00ba Rolear Algarve Classic estreou-se da melhor maneira, ao coroar um campe\u00e3o de classe mundial.<\/p>\n\n\n\n<p>Chris Wood tem um bel\u00edssimo palmar\u00e9s. Chegou a ser o melhor amador no The Open Championship e foi 3.\u00ba classificado nesse torneio do Grand Slam, tamb\u00e9m conhecido por British Open. Venceu tr\u00eas torneios no European Tour (hoje em dia, DP World Tour), a primeira divis\u00e3o europeia, entre os quais o prestigiado BMW PGA Championship. Mas n\u00e3o vencia um torneio internacional desde 2016!<\/p>\n\n\n\n<p>Um jejum de mais de nove anos, durante os quais conseguiu alguns bons resultados (este ano fez um top-10 no DP World Tour), mas sem conseguir erguer trof\u00e9us. \u00abVencer \u00e9 sempre importante, seja em que circuito for\u00bb, disse ao press officer do Mena Golf Tour, Alex Gallemore, antes de parar a entrevista, para tentar conter as l\u00e1grimas, quando lhe perguntaram se o regresso a casa, \u00e0 fam\u00edlia, seria mais saboroso ap\u00f3s tantas semanas de aus\u00eancia.<\/p>\n\n\n\n<p>Est\u00e1 h\u00e1 pouco menos de um m\u00eas em Portugal para preparar o seu regresso ao melhor n\u00edvel. Aos 38 anos continua a dar no duro como sempre. Veio treinar ao Amendoeira Golf Resort, curiosamente no Faldo Course \u00abporque n\u00e3o sabia que o torneio seria, afinal, no O\u2019Connor\u00bb. Depois, esteve uma semana no Troia Golf, onde foi o primeiro da Escola de Qualifica\u00e7\u00e3o deste Mena Golf Tour (liderou da primeira \u00e0 \u00faltima volta), ganhando assim o direito de competir neste circuito em 2026.<\/p>\n\n\n\n<p>Ora, como a \u00e9poca de 2026 iniciou-se ainda este ano, na semana passada, no PGA National Aroeira, Wood fez quest\u00e3o de estar presente. N\u00e3o venceu, mas n\u00e3o andou longe, terminando no 7.\u00ba lugar (-10). Hoje, no concelho de Silves, veio finalmente o momento por que tanto esperou, ap\u00f3s \u00abper\u00edodos dif\u00edceis, de falta de confian\u00e7a\u00bb.<\/p>\n\n\n\n<p>J\u00e1 depois das referidas emo\u00e7\u00f5es na entrevista para os media internacionais, mostrou-se de novo mais calmo na conversa com os media portugueses e explicou a import\u00e2ncia de voltar a sentir-se na pele de um campe\u00e3o de torneios, sendo este o seu quinto t\u00edtulo internacional enquanto profissional: \u00ab\u00c9 um grande passo em dire\u00e7\u00e3o ao que poderemos chamar de uma segunda carreira. Tenho tido as minhas lutas nos \u00faltimos anos, levei muito tempo a super\u00e1-las, mas vencer, seja em que evento for, traz-nos de volta sempre os mesmos sentimentos e hoje voltei a ter essas sensa\u00e7\u00f5es do que \u00e9 ganhar um torneio e isso j\u00e1 n\u00e3o acontecia h\u00e1 um bom tempo\u00bb.<\/p>\n\n\n\n<p>A cerim\u00f3nia de entrega de pr\u00e9mios contou com a presen\u00e7a do brit\u00e2nico Keith Waters, o Chairman (presidente) do Mena Golf Tour (e ex-COO do European Tour), dos portugueses Ant\u00f3nio Parreira Afonso (presidente do Rolear Group) e Jo\u00e3o Fernandes (CEO do Amendoeira Golf Resort e antigo presidente do Turismo Algarve).<\/p>\n\n\n\n<p>Keith Waters disse que \u00abainda \u00e9 cedo para garantir que haver\u00e1 de novo um torneio do Mena Golf Tour no Algarve para o ano, mas estamos em negocia\u00e7\u00f5es avan\u00e7adas, os jogadores adoraram e querem voltar\u00bb.&nbsp;&nbsp;&nbsp;<\/p>\n","protected":false},"excerpt":{"rendered":"<p>O ingl\u00eas Chris Wood, um antigo membro da sele\u00e7\u00e3o europeia da Ryder Cup, conquistou hoje (quinta-feira) o Rolear Algarve Classic,<\/p>\n","protected":false},"author":1,"featured_media":56813,"comment_status":"closed","ping_status":"closed","sticky":false,"template":"","format":"standard","meta":{"colormag_page_container_layout":"default_layout","colormag_page_sidebar_layout":"default_layout","_monsterinsights_skip_tracking":false,"_monsterinsights_sitenote_active":false,"_monsterinsights_sitenote_note":"","_monsterinsights_sitenote_category":0,"jetpack_post_was_ever_published":false,"_jetpack_newsletter_access":"","_jetpack_dont_email_post_to_subs":false,"_jetpack_newsletter_tier_id":0,"_jetpack_memberships_contains_paywalled_content":false,"_jetpack_memberships_contains_paid_content":false,"footnotes":"","jetpack_publicize_message":"","jetpack_publicize_feature_enabled":true,"jetpack_social_post_already_shared":true,"jetpack_social_options":{"image_generator_settings":{"template":"highway","default_image_id":0,"font":"","enabled":false},"version":2}},"categories":[15],"tags":[36,40],"class_list":["post-56812","post","type-post","status-publish","format-standard","has-post-thumbnail","hentry","category-desporto","tag-algarve","tag-desporto"],"yoast_head":"<!-- This site is optimized with the Yoast SEO plugin v27.5 - https:\/\/yoast.com\/product\/yoast-seo-wordpress\/ -->\n<title>Rolear Algarve Classic: Ryder Cupper Wood campe\u00e3o\u00a0Figueiredo e Lencart em 7.\u00ba - Algarve 7<\/title>\n<meta name=\"description\" content=\"Rolear Algarve Classic: Ryder Cupper Wood campe\u00e3o\u00a0Figueiredo e Lencart em 7.\u00ba Desporto\" \/>\n<meta name=\"robots\" content=\"index, follow, max-snippet:-1, max-image-preview:large, max-video-preview:-1\" \/>\n<link rel=\"canonical\" href=\"https:\/\/algarve7.pt\/index.php\/2025\/12\/rolear-algarve-classic-ryder-cupper-wood-campeao-figueiredo-e-lencart-em-7-o\/desporto\/18\/59\/\" \/>\n<meta property=\"og:locale\" content=\"pt_PT\" \/>\n<meta property=\"og:type\" content=\"article\" \/>\n<meta property=\"og:title\" content=\"Rolear Algarve Classic: Ryder Cupper Wood campe\u00e3o\u00a0Figueiredo e Lencart em 7.\u00ba - Algarve 7\" \/>\n<meta property=\"og:description\" content=\"Rolear Algarve Classic: Ryder Cupper Wood campe\u00e3o\u00a0Figueiredo e Lencart em 7.\u00ba Desporto\" \/>\n<meta property=\"og:url\" content=\"https:\/\/algarve7.pt\/index.php\/2025\/12\/rolear-algarve-classic-ryder-cupper-wood-campeao-figueiredo-e-lencart-em-7-o\/desporto\/18\/59\/\" \/>\n<meta property=\"og:site_name\" content=\"Algarve 7\" \/>\n<meta property=\"article:publisher\" content=\"https:\/\/www.facebook.com\/algarve7\" \/>\n<meta property=\"article:author\" content=\"https:\/\/www.facebook.com\/algarve7\" \/>\n<meta property=\"article:published_time\" content=\"2025-12-05T18:59:09+00:00\" \/>\n<meta property=\"article:modified_time\" content=\"2025-12-05T18:59:14+00:00\" \/>\n<meta property=\"og:image\" content=\"https:\/\/algarve7.pt\/wp-content\/uploads\/2025\/12\/Chris-Wood-o-campeao-e-o-seu-caddie-foto-de-Nuno-Machado-UPP.jpg\" \/>\n\t<meta property=\"og:image:width\" content=\"800\" \/>\n\t<meta property=\"og:image:height\" content=\"500\" \/>\n\t<meta property=\"og:image:type\" content=\"image\/jpeg\" \/>\n<meta name=\"author\" content=\"Algarve 7\" \/>\n<meta name=\"twitter:card\" content=\"summary_large_image\" \/>\n<meta name=\"twitter:creator\" content=\"@Algarvesete\" \/>\n<meta name=\"twitter:site\" content=\"@Algarvesete\" \/>\n<meta name=\"twitter:label1\" content=\"Escrito por\" \/>\n\t<meta name=\"twitter:data1\" content=\"Algarve 7\" \/>\n\t<meta name=\"twitter:label2\" content=\"Tempo estimado de leitura\" \/>\n\t<meta name=\"twitter:data2\" content=\"7 minutos\" \/>\n<script type=\"application\/ld+json\" class=\"yoast-schema-graph\">{\"@context\":\"https:\\\/\\\/schema.org\",\"@graph\":[{\"@type\":\"Article\",\"@id\":\"https:\\\/\\\/algarve7.pt\\\/index.php\\\/2025\\\/12\\\/rolear-algarve-classic-ryder-cupper-wood-campeao-figueiredo-e-lencart-em-7-o\\\/desporto\\\/18\\\/59\\\/#article\",\"isPartOf\":{\"@id\":\"https:\\\/\\\/algarve7.pt\\\/index.php\\\/2025\\\/12\\\/rolear-algarve-classic-ryder-cupper-wood-campeao-figueiredo-e-lencart-em-7-o\\\/desporto\\\/18\\\/59\\\/\"},\"author\":{\"name\":\"Algarve 7\",\"@id\":\"https:\\\/\\\/algarve7.pt\\\/#\\\/schema\\\/person\\\/23fa70681308e7b319a3204bcea45e0c\"},\"headline\":\"Rolear Algarve Classic: Ryder Cupper Wood campe\u00e3o\u00a0Figueiredo e Lencart em 7.\u00ba\",\"datePublished\":\"2025-12-05T18:59:09+00:00\",\"dateModified\":\"2025-12-05T18:59:14+00:00\",\"mainEntityOfPage\":{\"@id\":\"https:\\\/\\\/algarve7.pt\\\/index.php\\\/2025\\\/12\\\/rolear-algarve-classic-ryder-cupper-wood-campeao-figueiredo-e-lencart-em-7-o\\\/desporto\\\/18\\\/59\\\/\"},\"wordCount\":1197,\"publisher\":{\"@id\":\"https:\\\/\\\/algarve7.pt\\\/#organization\"},\"image\":{\"@id\":\"https:\\\/\\\/algarve7.pt\\\/index.php\\\/2025\\\/12\\\/rolear-algarve-classic-ryder-cupper-wood-campeao-figueiredo-e-lencart-em-7-o\\\/desporto\\\/18\\\/59\\\/#primaryimage\"},\"thumbnailUrl\":\"https:\\\/\\\/algarve7.pt\\\/wp-content\\\/uploads\\\/2025\\\/12\\\/Chris-Wood-o-campeao-e-o-seu-caddie-foto-de-Nuno-Machado-UPP.jpg\",\"keywords\":[\"Algarve\",\"Desporto\"],\"articleSection\":[\"Desporto\"],\"inLanguage\":\"pt-PT\"},{\"@type\":\"WebPage\",\"@id\":\"https:\\\/\\\/algarve7.pt\\\/index.php\\\/2025\\\/12\\\/rolear-algarve-classic-ryder-cupper-wood-campeao-figueiredo-e-lencart-em-7-o\\\/desporto\\\/18\\\/59\\\/\",\"url\":\"https:\\\/\\\/algarve7.pt\\\/index.php\\\/2025\\\/12\\\/rolear-algarve-classic-ryder-cupper-wood-campeao-figueiredo-e-lencart-em-7-o\\\/desporto\\\/18\\\/59\\\/\",\"name\":\"Rolear Algarve Classic: Ryder Cupper Wood campe\u00e3o\u00a0Figueiredo e Lencart em 7.\u00ba - Algarve 7\",\"isPartOf\":{\"@id\":\"https:\\\/\\\/algarve7.pt\\\/#website\"},\"primaryImageOfPage\":{\"@id\":\"https:\\\/\\\/algarve7.pt\\\/index.php\\\/2025\\\/12\\\/rolear-algarve-classic-ryder-cupper-wood-campeao-figueiredo-e-lencart-em-7-o\\\/desporto\\\/18\\\/59\\\/#primaryimage\"},\"image\":{\"@id\":\"https:\\\/\\\/algarve7.pt\\\/index.php\\\/2025\\\/12\\\/rolear-algarve-classic-ryder-cupper-wood-campeao-figueiredo-e-lencart-em-7-o\\\/desporto\\\/18\\\/59\\\/#primaryimage\"},\"thumbnailUrl\":\"https:\\\/\\\/algarve7.pt\\\/wp-content\\\/uploads\\\/2025\\\/12\\\/Chris-Wood-o-campeao-e-o-seu-caddie-foto-de-Nuno-Machado-UPP.jpg\",\"datePublished\":\"2025-12-05T18:59:09+00:00\",\"dateModified\":\"2025-12-05T18:59:14+00:00\",\"description\":\"Rolear Algarve Classic: Ryder Cupper Wood campe\u00e3o\u00a0Figueiredo e Lencart em 7.\u00ba Desporto\",\"breadcrumb\":{\"@id\":\"https:\\\/\\\/algarve7.pt\\\/index.php\\\/2025\\\/12\\\/rolear-algarve-classic-ryder-cupper-wood-campeao-figueiredo-e-lencart-em-7-o\\\/desporto\\\/18\\\/59\\\/#breadcrumb\"},\"inLanguage\":\"pt-PT\",\"potentialAction\":[{\"@type\":\"ReadAction\",\"target\":[\"https:\\\/\\\/algarve7.pt\\\/index.php\\\/2025\\\/12\\\/rolear-algarve-classic-ryder-cupper-wood-campeao-figueiredo-e-lencart-em-7-o\\\/desporto\\\/18\\\/59\\\/\"]}]},{\"@type\":\"ImageObject\",\"inLanguage\":\"pt-PT\",\"@id\":\"https:\\\/\\\/algarve7.pt\\\/index.php\\\/2025\\\/12\\\/rolear-algarve-classic-ryder-cupper-wood-campeao-figueiredo-e-lencart-em-7-o\\\/desporto\\\/18\\\/59\\\/#primaryimage\",\"url\":\"https:\\\/\\\/algarve7.pt\\\/wp-content\\\/uploads\\\/2025\\\/12\\\/Chris-Wood-o-campeao-e-o-seu-caddie-foto-de-Nuno-Machado-UPP.jpg\",\"contentUrl\":\"https:\\\/\\\/algarve7.pt\\\/wp-content\\\/uploads\\\/2025\\\/12\\\/Chris-Wood-o-campeao-e-o-seu-caddie-foto-de-Nuno-Machado-UPP.jpg\",\"width\":800,\"height\":500},{\"@type\":\"BreadcrumbList\",\"@id\":\"https:\\\/\\\/algarve7.pt\\\/index.php\\\/2025\\\/12\\\/rolear-algarve-classic-ryder-cupper-wood-campeao-figueiredo-e-lencart-em-7-o\\\/desporto\\\/18\\\/59\\\/#breadcrumb\",\"itemListElement\":[{\"@type\":\"ListItem\",\"position\":1,\"name\":\"In\u00edcio\",\"item\":\"https:\\\/\\\/algarve7.pt\\\/\"},{\"@type\":\"ListItem\",\"position\":2,\"name\":\"Rolear Algarve Classic: Ryder Cupper Wood campe\u00e3o\u00a0Figueiredo e Lencart em 7.\u00ba\"}]},{\"@type\":\"WebSite\",\"@id\":\"https:\\\/\\\/algarve7.pt\\\/#website\",\"url\":\"https:\\\/\\\/algarve7.pt\\\/\",\"name\":\"Algarve 7\",\"description\":\"Informa\u00e7\u00e3o sobre o Algarve\",\"publisher\":{\"@id\":\"https:\\\/\\\/algarve7.pt\\\/#organization\"},\"potentialAction\":[{\"@type\":\"SearchAction\",\"target\":{\"@type\":\"EntryPoint\",\"urlTemplate\":\"https:\\\/\\\/algarve7.pt\\\/?s={search_term_string}\"},\"query-input\":{\"@type\":\"PropertyValueSpecification\",\"valueRequired\":true,\"valueName\":\"search_term_string\"}}],\"inLanguage\":\"pt-PT\"},{\"@type\":\"Organization\",\"@id\":\"https:\\\/\\\/algarve7.pt\\\/#organization\",\"name\":\"Algarve 7\",\"url\":\"https:\\\/\\\/algarve7.pt\\\/\",\"logo\":{\"@type\":\"ImageObject\",\"inLanguage\":\"pt-PT\",\"@id\":\"https:\\\/\\\/algarve7.pt\\\/#\\\/schema\\\/logo\\\/image\\\/\",\"url\":\"https:\\\/\\\/algarve7.pt\\\/wp-content\\\/uploads\\\/2020\\\/10\\\/Logo-8.jpg\",\"contentUrl\":\"https:\\\/\\\/algarve7.pt\\\/wp-content\\\/uploads\\\/2020\\\/10\\\/Logo-8.jpg\",\"width\":1680,\"height\":1186,\"caption\":\"Algarve 7\"},\"image\":{\"@id\":\"https:\\\/\\\/algarve7.pt\\\/#\\\/schema\\\/logo\\\/image\\\/\"},\"sameAs\":[\"https:\\\/\\\/www.facebook.com\\\/algarve7\",\"https:\\\/\\\/x.com\\\/Algarvesete\",\"https:\\\/\\\/www.instagram.com\\\/jornalalgarve7\\\/\",\"https:\\\/\\\/www.linkedin.com\\\/company\\\/algarve7\",\"https:\\\/\\\/www.pinterest.pt\\\/geral0939\\\/_created\\\/\"]},{\"@type\":\"Person\",\"@id\":\"https:\\\/\\\/algarve7.pt\\\/#\\\/schema\\\/person\\\/23fa70681308e7b319a3204bcea45e0c\",\"name\":\"Algarve 7\",\"sameAs\":[\"https:\\\/\\\/algarve7.pt\",\"https:\\\/\\\/www.facebook.com\\\/algarve7\"],\"url\":\"https:\\\/\\\/algarve7.pt\\\/index.php\\\/author\\\/geralalgarve7-pt\\\/\"}]}<\/script>\n<!-- \/ Yoast SEO plugin. -->","yoast_head_json":{"title":"Rolear Algarve Classic: Ryder Cupper Wood campe\u00e3o\u00a0Figueiredo e Lencart em 7.\u00ba - Algarve 7","description":"Rolear Algarve Classic: Ryder Cupper Wood campe\u00e3o\u00a0Figueiredo e Lencart em 7.\u00ba Desporto","robots":{"index":"index","follow":"follow","max-snippet":"max-snippet:-1","max-image-preview":"max-image-preview:large","max-video-preview":"max-video-preview:-1"},"canonical":"https:\/\/algarve7.pt\/index.php\/2025\/12\/rolear-algarve-classic-ryder-cupper-wood-campeao-figueiredo-e-lencart-em-7-o\/desporto\/18\/59\/","og_locale":"pt_PT","og_type":"article","og_title":"Rolear Algarve Classic: Ryder Cupper Wood campe\u00e3o\u00a0Figueiredo e Lencart em 7.\u00ba - Algarve 7","og_description":"Rolear Algarve Classic: Ryder Cupper Wood campe\u00e3o\u00a0Figueiredo e Lencart em 7.\u00ba Desporto","og_url":"https:\/\/algarve7.pt\/index.php\/2025\/12\/rolear-algarve-classic-ryder-cupper-wood-campeao-figueiredo-e-lencart-em-7-o\/desporto\/18\/59\/","og_site_name":"Algarve 7","article_publisher":"https:\/\/www.facebook.com\/algarve7","article_author":"https:\/\/www.facebook.com\/algarve7","article_published_time":"2025-12-05T18:59:09+00:00","article_modified_time":"2025-12-05T18:59:14+00:00","og_image":[{"width":800,"height":500,"url":"https:\/\/algarve7.pt\/wp-content\/uploads\/2025\/12\/Chris-Wood-o-campeao-e-o-seu-caddie-foto-de-Nuno-Machado-UPP.jpg","type":"image\/jpeg"}],"author":"Algarve 7","twitter_card":"summary_large_image","twitter_creator":"@Algarvesete","twitter_site":"@Algarvesete","twitter_misc":{"Escrito por":"Algarve 7","Tempo estimado de leitura":"7 minutos"},"schema":{"@context":"https:\/\/schema.org","@graph":[{"@type":"Article","@id":"https:\/\/algarve7.pt\/index.php\/2025\/12\/rolear-algarve-classic-ryder-cupper-wood-campeao-figueiredo-e-lencart-em-7-o\/desporto\/18\/59\/#article","isPartOf":{"@id":"https:\/\/algarve7.pt\/index.php\/2025\/12\/rolear-algarve-classic-ryder-cupper-wood-campeao-figueiredo-e-lencart-em-7-o\/desporto\/18\/59\/"},"author":{"name":"Algarve 7","@id":"https:\/\/algarve7.pt\/#\/schema\/person\/23fa70681308e7b319a3204bcea45e0c"},"headline":"Rolear Algarve Classic: Ryder Cupper Wood campe\u00e3o\u00a0Figueiredo e Lencart em 7.\u00ba","datePublished":"2025-12-05T18:59:09+00:00","dateModified":"2025-12-05T18:59:14+00:00","mainEntityOfPage":{"@id":"https:\/\/algarve7.pt\/index.php\/2025\/12\/rolear-algarve-classic-ryder-cupper-wood-campeao-figueiredo-e-lencart-em-7-o\/desporto\/18\/59\/"},"wordCount":1197,"publisher":{"@id":"https:\/\/algarve7.pt\/#organization"},"image":{"@id":"https:\/\/algarve7.pt\/index.php\/2025\/12\/rolear-algarve-classic-ryder-cupper-wood-campeao-figueiredo-e-lencart-em-7-o\/desporto\/18\/59\/#primaryimage"},"thumbnailUrl":"https:\/\/algarve7.pt\/wp-content\/uploads\/2025\/12\/Chris-Wood-o-campeao-e-o-seu-caddie-foto-de-Nuno-Machado-UPP.jpg","keywords":["Algarve","Desporto"],"articleSection":["Desporto"],"inLanguage":"pt-PT"},{"@type":"WebPage","@id":"https:\/\/algarve7.pt\/index.php\/2025\/12\/rolear-algarve-classic-ryder-cupper-wood-campeao-figueiredo-e-lencart-em-7-o\/desporto\/18\/59\/","url":"https:\/\/algarve7.pt\/index.php\/2025\/12\/rolear-algarve-classic-ryder-cupper-wood-campeao-figueiredo-e-lencart-em-7-o\/desporto\/18\/59\/","name":"Rolear Algarve Classic: Ryder Cupper Wood campe\u00e3o\u00a0Figueiredo e Lencart em 7.\u00ba - Algarve 7","isPartOf":{"@id":"https:\/\/algarve7.pt\/#website"},"primaryImageOfPage":{"@id":"https:\/\/algarve7.pt\/index.php\/2025\/12\/rolear-algarve-classic-ryder-cupper-wood-campeao-figueiredo-e-lencart-em-7-o\/desporto\/18\/59\/#primaryimage"},"image":{"@id":"https:\/\/algarve7.pt\/index.php\/2025\/12\/rolear-algarve-classic-ryder-cupper-wood-campeao-figueiredo-e-lencart-em-7-o\/desporto\/18\/59\/#primaryimage"},"thumbnailUrl":"https:\/\/algarve7.pt\/wp-content\/uploads\/2025\/12\/Chris-Wood-o-campeao-e-o-seu-caddie-foto-de-Nuno-Machado-UPP.jpg","datePublished":"2025-12-05T18:59:09+00:00","dateModified":"2025-12-05T18:59:14+00:00","description":"Rolear Algarve Classic: Ryder Cupper Wood campe\u00e3o\u00a0Figueiredo e Lencart em 7.\u00ba Desporto","breadcrumb":{"@id":"https:\/\/algarve7.pt\/index.php\/2025\/12\/rolear-algarve-classic-ryder-cupper-wood-campeao-figueiredo-e-lencart-em-7-o\/desporto\/18\/59\/#breadcrumb"},"inLanguage":"pt-PT","potentialAction":[{"@type":"ReadAction","target":["https:\/\/algarve7.pt\/index.php\/2025\/12\/rolear-algarve-classic-ryder-cupper-wood-campeao-figueiredo-e-lencart-em-7-o\/desporto\/18\/59\/"]}]},{"@type":"ImageObject","inLanguage":"pt-PT","@id":"https:\/\/algarve7.pt\/index.php\/2025\/12\/rolear-algarve-classic-ryder-cupper-wood-campeao-figueiredo-e-lencart-em-7-o\/desporto\/18\/59\/#primaryimage","url":"https:\/\/algarve7.pt\/wp-content\/uploads\/2025\/12\/Chris-Wood-o-campeao-e-o-seu-caddie-foto-de-Nuno-Machado-UPP.jpg","contentUrl":"https:\/\/algarve7.pt\/wp-content\/uploads\/2025\/12\/Chris-Wood-o-campeao-e-o-seu-caddie-foto-de-Nuno-Machado-UPP.jpg","width":800,"height":500},{"@type":"BreadcrumbList","@id":"https:\/\/algarve7.pt\/index.php\/2025\/12\/rolear-algarve-classic-ryder-cupper-wood-campeao-figueiredo-e-lencart-em-7-o\/desporto\/18\/59\/#breadcrumb","itemListElement":[{"@type":"ListItem","position":1,"name":"In\u00edcio","item":"https:\/\/algarve7.pt\/"},{"@type":"ListItem","position":2,"name":"Rolear Algarve Classic: Ryder Cupper Wood campe\u00e3o\u00a0Figueiredo e Lencart em 7.\u00ba"}]},{"@type":"WebSite","@id":"https:\/\/algarve7.pt\/#website","url":"https:\/\/algarve7.pt\/","name":"Algarve 7","description":"Informa\u00e7\u00e3o sobre o Algarve","publisher":{"@id":"https:\/\/algarve7.pt\/#organization"},"potentialAction":[{"@type":"SearchAction","target":{"@type":"EntryPoint","urlTemplate":"https:\/\/algarve7.pt\/?s={search_term_string}"},"query-input":{"@type":"PropertyValueSpecification","valueRequired":true,"valueName":"search_term_string"}}],"inLanguage":"pt-PT"},{"@type":"Organization","@id":"https:\/\/algarve7.pt\/#organization","name":"Algarve 7","url":"https:\/\/algarve7.pt\/","logo":{"@type":"ImageObject","inLanguage":"pt-PT","@id":"https:\/\/algarve7.pt\/#\/schema\/logo\/image\/","url":"https:\/\/algarve7.pt\/wp-content\/uploads\/2020\/10\/Logo-8.jpg","contentUrl":"https:\/\/algarve7.pt\/wp-content\/uploads\/2020\/10\/Logo-8.jpg","width":1680,"height":1186,"caption":"Algarve 7"},"image":{"@id":"https:\/\/algarve7.pt\/#\/schema\/logo\/image\/"},"sameAs":["https:\/\/www.facebook.com\/algarve7","https:\/\/x.com\/Algarvesete","https:\/\/www.instagram.com\/jornalalgarve7\/","https:\/\/www.linkedin.com\/company\/algarve7","https:\/\/www.pinterest.pt\/geral0939\/_created\/"]},{"@type":"Person","@id":"https:\/\/algarve7.pt\/#\/schema\/person\/23fa70681308e7b319a3204bcea45e0c","name":"Algarve 7","sameAs":["https:\/\/algarve7.pt","https:\/\/www.facebook.com\/algarve7"],"url":"https:\/\/algarve7.pt\/index.php\/author\/geralalgarve7-pt\/"}]}},"jetpack_publicize_connections":[],"jetpack_featured_media_url":"https:\/\/algarve7.pt\/wp-content\/uploads\/2025\/12\/Chris-Wood-o-campeao-e-o-seu-caddie-foto-de-Nuno-Machado-UPP.jpg","jetpack_shortlink":"https:\/\/wp.me\/pcezmW-eMk","jetpack_sharing_enabled":true,"_links":{"self":[{"href":"https:\/\/algarve7.pt\/index.php\/wp-json\/wp\/v2\/posts\/56812","targetHints":{"allow":["GET"]}}],"collection":[{"href":"https:\/\/algarve7.pt\/index.php\/wp-json\/wp\/v2\/posts"}],"about":[{"href":"https:\/\/algarve7.pt\/index.php\/wp-json\/wp\/v2\/types\/post"}],"author":[{"embeddable":true,"href":"https:\/\/algarve7.pt\/index.php\/wp-json\/wp\/v2\/users\/1"}],"replies":[{"embeddable":true,"href":"https:\/\/algarve7.pt\/index.php\/wp-json\/wp\/v2\/comments?post=56812"}],"version-history":[{"count":0,"href":"https:\/\/algarve7.pt\/index.php\/wp-json\/wp\/v2\/posts\/56812\/revisions"}],"wp:featuredmedia":[{"embeddable":true,"href":"https:\/\/algarve7.pt\/index.php\/wp-json\/wp\/v2\/media\/56813"}],"wp:attachment":[{"href":"https:\/\/algarve7.pt\/index.php\/wp-json\/wp\/v2\/media?parent=56812"}],"wp:term":[{"taxonomy":"category","embeddable":true,"href":"https:\/\/algarve7.pt\/index.php\/wp-json\/wp\/v2\/categories?post=56812"},{"taxonomy":"post_tag","embeddable":true,"href":"https:\/\/algarve7.pt\/index.php\/wp-json\/wp\/v2\/tags?post=56812"}],"curies":[{"name":"wp","href":"https:\/\/api.w.org\/{rel}","templated":true}]}}