{"id":56775,"date":"2025-12-06T11:25:00","date_gmt":"2025-12-06T11:25:00","guid":{"rendered":"https:\/\/algarve7.pt\/?p=56775"},"modified":"2025-12-05T17:12:31","modified_gmt":"2025-12-05T17:12:31","slug":"municipio-de-lagoa-reforca-aposta-na-qualidade-do-ar-e-nas-cidades-inteligentes-com-projeto-desenvolvido-em-parceria-com-o-ipbeja","status":"publish","type":"post","link":"https:\/\/algarve7.pt\/index.php\/2025\/12\/municipio-de-lagoa-reforca-aposta-na-qualidade-do-ar-e-nas-cidades-inteligentes-com-projeto-desenvolvido-em-parceria-com-o-ipbeja\/ambiente\/11\/25\/","title":{"rendered":"Munic\u00edpio de Lagoa refor\u00e7a aposta na qualidade do ar e nas cidades inteligentes com projeto desenvolvido em parceria com o IPBeja"},"content":{"rendered":"\n<p><strong>O Munic\u00edpio de Lagoa concluiu mais uma etapa significativa na implementa\u00e7\u00e3o da sua estrat\u00e9gia smartcity: Lagoa, atrav\u00e9s da realiza\u00e7\u00e3o de um est\u00e1gio curricular em parceria com o Instituto Polit\u00e9cnico de Beja (IPBeja). O trabalho resultou no desenvolvimento de um prot\u00f3tipo inovador de previs\u00e3o do \u00cdndice Europeu da Qualidade do Ar (EAQI), baseado em dados ambientais recolhidos no concelho e em t\u00e9cnicas avan\u00e7adas de intelig\u00eancia artificial.&nbsp;<\/strong><br><\/p>\n\n\n\n<p>O est\u00e1gio, desenvolvido pelo estudante Rodrigo In\u00e1cio, da Escola Superior de Tecnologia e Gest\u00e3o (ESTIG) do IPBeja, culminou com a defesa p\u00fablica do relat\u00f3rio final a 27 de novembro de 2025, na ESTIG, tendo sido atribu\u00edda a classifica\u00e7\u00e3o de 19 valores, demonstrando o rigor t\u00e9cnico e cient\u00edfico envolvido.&nbsp;<br>O prot\u00f3tipo integrou informa\u00e7\u00e3o proveniente de 10 esta\u00e7\u00f5es municipais de monitoriza\u00e7\u00e3o da qualidade do ar, disponibilizadas atrav\u00e9s do portal QART \u2013 Qualidade do Ar, Ru\u00eddo e Tr\u00e1fego, cruzando-a com dados meteorol\u00f3gicos hist\u00f3ricos (ERA5) obtidos via API Open-Meteo.&nbsp;<br>O trabalho teve duas grandes fases:&nbsp;<br>Business Intelligence (BI): conce\u00e7\u00e3o de um processo completo de ETL (extra\u00e7\u00e3o, transforma\u00e7\u00e3o e carregamento), incluindo limpeza de leituras inv\u00e1lidas, tratamento de outliers, normaliza\u00e7\u00e3o de datas e c\u00e1lculo dos m\u00e1ximos hor\u00e1rios di\u00e1rios necess\u00e1rios ao EAQI. A informa\u00e7\u00e3o foi organizada em datasets di\u00e1rios por esta\u00e7\u00e3o e explorada atrav\u00e9s de pain\u00e9is interativos em Power BI, permitindo visualizar a evolu\u00e7\u00e3o da qualidade do ar, identificar padr\u00f5es sazonais e comparar o comportamento das diferentes zonas do concelho.&nbsp;<br>Business Analytics (BA): desenvolvimento e testes dos modelos de machine learning para prever, usando tamb\u00e9m vari\u00e1veis meteorol\u00f3gicas, a classe do EAQI (de &#8220;bom&#8221; a &#8220;muito mau&#8221;). Foram aplicados quatro algoritmos: Decision Tree, Random Forest, Gradient Boosting e Backpropagation Neural Network.&nbsp;<br>&nbsp;&#8220;O Munic\u00edpio de Lagoa tem vindo a afirmar-se, de forma consistente, como um territ\u00f3rio comprometido com a inova\u00e7\u00e3o, a sustentabilidade e a utiliza\u00e7\u00e3o respons\u00e1vel dos dados. Este projeto demonstra claramente a relev\u00e2ncia de investir em conhecimento aplicado e na liga\u00e7\u00e3o com institui\u00e7\u00f5es de ensino superior&#8221;, refere o Presidente da C\u00e2mara Municipal de Lagoa, Lu\u00eds Encarna\u00e7\u00e3o.&nbsp;<br>&#8220;Os resultados apresentados mostram que Lagoa est\u00e1 no caminho certo: recolhemos dados com rigor, tratamo-los com qualidade e transformamo-los em informa\u00e7\u00e3o \u00fatil para melhorar pol\u00edticas p\u00fablicas, nomeadamente na \u00e1rea do ambiente e da sa\u00fade. Este \u00e9 o tipo de investimento que prepara o futuro do concelho&#8221;, acrescenta o edil.&nbsp;<br>O projeto evidenciou a import\u00e2ncia das parcerias entre munic\u00edpios e institui\u00e7\u00f5es de ensino superior na cria\u00e7\u00e3o de solu\u00e7\u00f5es tecnol\u00f3gicas aplicadas \u00e0 gest\u00e3o do territ\u00f3rio. Face \u00e0 qualidade cient\u00edfica do trabalho, docentes do IPBeja manifestaram inten\u00e7\u00e3o de submeter um artigo cient\u00edfico baseado no projeto, identificando o Munic\u00edpio de Lagoa como parceiro institucional e fonte dos dados ambientais utilizados.&nbsp;<br>Esta publica\u00e7\u00e3o refor\u00e7ar\u00e1 o posicionamento de Lagoa no panorama nacional e europeu da investiga\u00e7\u00e3o aplicada em ambiente, monitoriza\u00e7\u00e3o da qualidade do ar e cidades inteligentes.&nbsp;<br>&#8220;Este est\u00e1gio foi uma oportunidade excecional para trabalhar com dados reais de um munic\u00edpio que est\u00e1 a investir seriamente em solu\u00e7\u00f5es de cidade inteligente. Espero que o modelo desenvolvido possa ser uma base para futuros projetos e para melhorar a informa\u00e7\u00e3o disponibilizada aos cidad\u00e3os sobre a qualidade do ar que respiram&#8221;, afirma Rodrigo In\u00e1cio.&nbsp;<\/p>\n\n\n\n<p>O conjunto de ferramentas produzidas, desde o processo de tratamento de dados at\u00e9 aos pain\u00e9is em Power BI, poder\u00e1 ser reutilizado e ampliado em projetos futuros no \u00e2mbito do smartcity: Lagoa, bem como em novas colabora\u00e7\u00f5es com universidades e centros de investiga\u00e7\u00e3o, refor\u00e7ando Lagoa como concelho de refer\u00eancia na inova\u00e7\u00e3o sustent\u00e1vel.<\/p>\n","protected":false},"excerpt":{"rendered":"<p>O Munic\u00edpio de Lagoa concluiu mais uma etapa significativa na implementa\u00e7\u00e3o da sua estrat\u00e9gia smartcity: Lagoa, atrav\u00e9s da realiza\u00e7\u00e3o de<\/p>\n","protected":false},"author":1,"featured_media":56776,"comment_status":"closed","ping_status":"closed","sticky":false,"template":"","format":"standard","meta":{"colormag_page_container_layout":"default_layout","colormag_page_sidebar_layout":"default_layout","_monsterinsights_skip_tracking":false,"_monsterinsights_sitenote_active":false,"_monsterinsights_sitenote_note":"","_monsterinsights_sitenote_category":0,"jetpack_post_was_ever_published":false,"_jetpack_newsletter_access":"","_jetpack_dont_email_post_to_subs":false,"_jetpack_newsletter_tier_id":0,"_jetpack_memberships_contains_paywalled_content":false,"_jetpack_memberships_contains_paid_content":false,"footnotes":"","jetpack_publicize_message":"","jetpack_publicize_feature_enabled":true,"jetpack_social_post_already_shared":true,"jetpack_social_options":{"image_generator_settings":{"template":"highway","default_image_id":0,"font":"","enabled":false},"version":2}},"categories":[5],"tags":[36,32,48],"class_list":["post-56775","post","type-post","status-publish","format-standard","has-post-thumbnail","hentry","category-ambiente","tag-algarve","tag-ambiente","tag-lagoa"],"yoast_head":"<!-- This site is optimized with the Yoast SEO plugin v27.5 - https:\/\/yoast.com\/product\/yoast-seo-wordpress\/ -->\n<title>Munic\u00edpio de Lagoa refor\u00e7a aposta na qualidade do ar e nas cidades inteligentes com projeto desenvolvido em parceria com o IPBeja - Algarve 7<\/title>\n<meta name=\"description\" content=\"Munic\u00edpio de Lagoa refor\u00e7a aposta na qualidade do ar e nas cidades inteligentes com projeto desenvolvido em parceria com o IPBeja Ambiente\" \/>\n<meta name=\"robots\" content=\"index, follow, max-snippet:-1, max-image-preview:large, max-video-preview:-1\" \/>\n<link rel=\"canonical\" href=\"https:\/\/algarve7.pt\/index.php\/2025\/12\/municipio-de-lagoa-reforca-aposta-na-qualidade-do-ar-e-nas-cidades-inteligentes-com-projeto-desenvolvido-em-parceria-com-o-ipbeja\/ambiente\/11\/25\/\" \/>\n<meta property=\"og:locale\" content=\"pt_PT\" \/>\n<meta property=\"og:type\" content=\"article\" \/>\n<meta property=\"og:title\" content=\"Munic\u00edpio de Lagoa refor\u00e7a aposta na qualidade do ar e nas cidades inteligentes com projeto desenvolvido em parceria com o IPBeja - Algarve 7\" \/>\n<meta property=\"og:description\" content=\"Munic\u00edpio de Lagoa refor\u00e7a aposta na qualidade do ar e nas cidades inteligentes com projeto desenvolvido em parceria com o IPBeja Ambiente\" \/>\n<meta property=\"og:url\" content=\"https:\/\/algarve7.pt\/index.php\/2025\/12\/municipio-de-lagoa-reforca-aposta-na-qualidade-do-ar-e-nas-cidades-inteligentes-com-projeto-desenvolvido-em-parceria-com-o-ipbeja\/ambiente\/11\/25\/\" \/>\n<meta property=\"og:site_name\" content=\"Algarve 7\" \/>\n<meta property=\"article:publisher\" content=\"https:\/\/www.facebook.com\/algarve7\" \/>\n<meta property=\"article:author\" content=\"https:\/\/www.facebook.com\/algarve7\" \/>\n<meta property=\"article:published_time\" content=\"2025-12-06T11:25:00+00:00\" \/>\n<meta property=\"og:image\" content=\"https:\/\/algarve7.pt\/wp-content\/uploads\/2025\/12\/Captura-de-ecra-2025-12-05-as-17.09.23.png\" \/>\n\t<meta property=\"og:image:width\" content=\"800\" \/>\n\t<meta property=\"og:image:height\" content=\"500\" \/>\n\t<meta property=\"og:image:type\" content=\"image\/png\" \/>\n<meta name=\"author\" content=\"Algarve 7\" \/>\n<meta name=\"twitter:card\" content=\"summary_large_image\" \/>\n<meta name=\"twitter:creator\" content=\"@Algarvesete\" \/>\n<meta name=\"twitter:site\" content=\"@Algarvesete\" \/>\n<meta name=\"twitter:label1\" content=\"Escrito por\" \/>\n\t<meta name=\"twitter:data1\" content=\"Algarve 7\" \/>\n\t<meta name=\"twitter:label2\" content=\"Tempo estimado de leitura\" \/>\n\t<meta name=\"twitter:data2\" content=\"4 minutos\" \/>\n<script type=\"application\/ld+json\" class=\"yoast-schema-graph\">{\"@context\":\"https:\\\/\\\/schema.org\",\"@graph\":[{\"@type\":\"Article\",\"@id\":\"https:\\\/\\\/algarve7.pt\\\/index.php\\\/2025\\\/12\\\/municipio-de-lagoa-reforca-aposta-na-qualidade-do-ar-e-nas-cidades-inteligentes-com-projeto-desenvolvido-em-parceria-com-o-ipbeja\\\/ambiente\\\/11\\\/25\\\/#article\",\"isPartOf\":{\"@id\":\"https:\\\/\\\/algarve7.pt\\\/index.php\\\/2025\\\/12\\\/municipio-de-lagoa-reforca-aposta-na-qualidade-do-ar-e-nas-cidades-inteligentes-com-projeto-desenvolvido-em-parceria-com-o-ipbeja\\\/ambiente\\\/11\\\/25\\\/\"},\"author\":{\"name\":\"Algarve 7\",\"@id\":\"https:\\\/\\\/algarve7.pt\\\/#\\\/schema\\\/person\\\/23fa70681308e7b319a3204bcea45e0c\"},\"headline\":\"Munic\u00edpio de Lagoa refor\u00e7a aposta na qualidade do ar e nas cidades inteligentes com projeto desenvolvido em parceria com o IPBeja\",\"datePublished\":\"2025-12-06T11:25:00+00:00\",\"mainEntityOfPage\":{\"@id\":\"https:\\\/\\\/algarve7.pt\\\/index.php\\\/2025\\\/12\\\/municipio-de-lagoa-reforca-aposta-na-qualidade-do-ar-e-nas-cidades-inteligentes-com-projeto-desenvolvido-em-parceria-com-o-ipbeja\\\/ambiente\\\/11\\\/25\\\/\"},\"wordCount\":680,\"publisher\":{\"@id\":\"https:\\\/\\\/algarve7.pt\\\/#organization\"},\"image\":{\"@id\":\"https:\\\/\\\/algarve7.pt\\\/index.php\\\/2025\\\/12\\\/municipio-de-lagoa-reforca-aposta-na-qualidade-do-ar-e-nas-cidades-inteligentes-com-projeto-desenvolvido-em-parceria-com-o-ipbeja\\\/ambiente\\\/11\\\/25\\\/#primaryimage\"},\"thumbnailUrl\":\"https:\\\/\\\/algarve7.pt\\\/wp-content\\\/uploads\\\/2025\\\/12\\\/Captura-de-ecra-2025-12-05-as-17.09.23.png\",\"keywords\":[\"Algarve\",\"Ambiente\",\"Lagoa\"],\"articleSection\":[\"Ambiente\"],\"inLanguage\":\"pt-PT\"},{\"@type\":\"WebPage\",\"@id\":\"https:\\\/\\\/algarve7.pt\\\/index.php\\\/2025\\\/12\\\/municipio-de-lagoa-reforca-aposta-na-qualidade-do-ar-e-nas-cidades-inteligentes-com-projeto-desenvolvido-em-parceria-com-o-ipbeja\\\/ambiente\\\/11\\\/25\\\/\",\"url\":\"https:\\\/\\\/algarve7.pt\\\/index.php\\\/2025\\\/12\\\/municipio-de-lagoa-reforca-aposta-na-qualidade-do-ar-e-nas-cidades-inteligentes-com-projeto-desenvolvido-em-parceria-com-o-ipbeja\\\/ambiente\\\/11\\\/25\\\/\",\"name\":\"Munic\u00edpio de Lagoa refor\u00e7a aposta na qualidade do ar e nas cidades inteligentes com projeto desenvolvido em parceria com o IPBeja - Algarve 7\",\"isPartOf\":{\"@id\":\"https:\\\/\\\/algarve7.pt\\\/#website\"},\"primaryImageOfPage\":{\"@id\":\"https:\\\/\\\/algarve7.pt\\\/index.php\\\/2025\\\/12\\\/municipio-de-lagoa-reforca-aposta-na-qualidade-do-ar-e-nas-cidades-inteligentes-com-projeto-desenvolvido-em-parceria-com-o-ipbeja\\\/ambiente\\\/11\\\/25\\\/#primaryimage\"},\"image\":{\"@id\":\"https:\\\/\\\/algarve7.pt\\\/index.php\\\/2025\\\/12\\\/municipio-de-lagoa-reforca-aposta-na-qualidade-do-ar-e-nas-cidades-inteligentes-com-projeto-desenvolvido-em-parceria-com-o-ipbeja\\\/ambiente\\\/11\\\/25\\\/#primaryimage\"},\"thumbnailUrl\":\"https:\\\/\\\/algarve7.pt\\\/wp-content\\\/uploads\\\/2025\\\/12\\\/Captura-de-ecra-2025-12-05-as-17.09.23.png\",\"datePublished\":\"2025-12-06T11:25:00+00:00\",\"description\":\"Munic\u00edpio de Lagoa refor\u00e7a aposta na qualidade do ar e nas cidades inteligentes com projeto desenvolvido em parceria com o IPBeja Ambiente\",\"breadcrumb\":{\"@id\":\"https:\\\/\\\/algarve7.pt\\\/index.php\\\/2025\\\/12\\\/municipio-de-lagoa-reforca-aposta-na-qualidade-do-ar-e-nas-cidades-inteligentes-com-projeto-desenvolvido-em-parceria-com-o-ipbeja\\\/ambiente\\\/11\\\/25\\\/#breadcrumb\"},\"inLanguage\":\"pt-PT\",\"potentialAction\":[{\"@type\":\"ReadAction\",\"target\":[\"https:\\\/\\\/algarve7.pt\\\/index.php\\\/2025\\\/12\\\/municipio-de-lagoa-reforca-aposta-na-qualidade-do-ar-e-nas-cidades-inteligentes-com-projeto-desenvolvido-em-parceria-com-o-ipbeja\\\/ambiente\\\/11\\\/25\\\/\"]}]},{\"@type\":\"ImageObject\",\"inLanguage\":\"pt-PT\",\"@id\":\"https:\\\/\\\/algarve7.pt\\\/index.php\\\/2025\\\/12\\\/municipio-de-lagoa-reforca-aposta-na-qualidade-do-ar-e-nas-cidades-inteligentes-com-projeto-desenvolvido-em-parceria-com-o-ipbeja\\\/ambiente\\\/11\\\/25\\\/#primaryimage\",\"url\":\"https:\\\/\\\/algarve7.pt\\\/wp-content\\\/uploads\\\/2025\\\/12\\\/Captura-de-ecra-2025-12-05-as-17.09.23.png\",\"contentUrl\":\"https:\\\/\\\/algarve7.pt\\\/wp-content\\\/uploads\\\/2025\\\/12\\\/Captura-de-ecra-2025-12-05-as-17.09.23.png\",\"width\":800,\"height\":500},{\"@type\":\"BreadcrumbList\",\"@id\":\"https:\\\/\\\/algarve7.pt\\\/index.php\\\/2025\\\/12\\\/municipio-de-lagoa-reforca-aposta-na-qualidade-do-ar-e-nas-cidades-inteligentes-com-projeto-desenvolvido-em-parceria-com-o-ipbeja\\\/ambiente\\\/11\\\/25\\\/#breadcrumb\",\"itemListElement\":[{\"@type\":\"ListItem\",\"position\":1,\"name\":\"In\u00edcio\",\"item\":\"https:\\\/\\\/algarve7.pt\\\/\"},{\"@type\":\"ListItem\",\"position\":2,\"name\":\"Munic\u00edpio de Lagoa refor\u00e7a aposta na qualidade do ar e nas cidades inteligentes com projeto desenvolvido em parceria com o IPBeja\"}]},{\"@type\":\"WebSite\",\"@id\":\"https:\\\/\\\/algarve7.pt\\\/#website\",\"url\":\"https:\\\/\\\/algarve7.pt\\\/\",\"name\":\"Algarve 7\",\"description\":\"Informa\u00e7\u00e3o sobre o Algarve\",\"publisher\":{\"@id\":\"https:\\\/\\\/algarve7.pt\\\/#organization\"},\"potentialAction\":[{\"@type\":\"SearchAction\",\"target\":{\"@type\":\"EntryPoint\",\"urlTemplate\":\"https:\\\/\\\/algarve7.pt\\\/?s={search_term_string}\"},\"query-input\":{\"@type\":\"PropertyValueSpecification\",\"valueRequired\":true,\"valueName\":\"search_term_string\"}}],\"inLanguage\":\"pt-PT\"},{\"@type\":\"Organization\",\"@id\":\"https:\\\/\\\/algarve7.pt\\\/#organization\",\"name\":\"Algarve 7\",\"url\":\"https:\\\/\\\/algarve7.pt\\\/\",\"logo\":{\"@type\":\"ImageObject\",\"inLanguage\":\"pt-PT\",\"@id\":\"https:\\\/\\\/algarve7.pt\\\/#\\\/schema\\\/logo\\\/image\\\/\",\"url\":\"https:\\\/\\\/algarve7.pt\\\/wp-content\\\/uploads\\\/2020\\\/10\\\/Logo-8.jpg\",\"contentUrl\":\"https:\\\/\\\/algarve7.pt\\\/wp-content\\\/uploads\\\/2020\\\/10\\\/Logo-8.jpg\",\"width\":1680,\"height\":1186,\"caption\":\"Algarve 7\"},\"image\":{\"@id\":\"https:\\\/\\\/algarve7.pt\\\/#\\\/schema\\\/logo\\\/image\\\/\"},\"sameAs\":[\"https:\\\/\\\/www.facebook.com\\\/algarve7\",\"https:\\\/\\\/x.com\\\/Algarvesete\",\"https:\\\/\\\/www.instagram.com\\\/jornalalgarve7\\\/\",\"https:\\\/\\\/www.linkedin.com\\\/company\\\/algarve7\",\"https:\\\/\\\/www.pinterest.pt\\\/geral0939\\\/_created\\\/\"]},{\"@type\":\"Person\",\"@id\":\"https:\\\/\\\/algarve7.pt\\\/#\\\/schema\\\/person\\\/23fa70681308e7b319a3204bcea45e0c\",\"name\":\"Algarve 7\",\"sameAs\":[\"https:\\\/\\\/algarve7.pt\",\"https:\\\/\\\/www.facebook.com\\\/algarve7\"],\"url\":\"https:\\\/\\\/algarve7.pt\\\/index.php\\\/author\\\/geralalgarve7-pt\\\/\"}]}<\/script>\n<!-- \/ Yoast SEO plugin. -->","yoast_head_json":{"title":"Munic\u00edpio de Lagoa refor\u00e7a aposta na qualidade do ar e nas cidades inteligentes com projeto desenvolvido em parceria com o IPBeja - Algarve 7","description":"Munic\u00edpio de Lagoa refor\u00e7a aposta na qualidade do ar e nas cidades inteligentes com projeto desenvolvido em parceria com o IPBeja Ambiente","robots":{"index":"index","follow":"follow","max-snippet":"max-snippet:-1","max-image-preview":"max-image-preview:large","max-video-preview":"max-video-preview:-1"},"canonical":"https:\/\/algarve7.pt\/index.php\/2025\/12\/municipio-de-lagoa-reforca-aposta-na-qualidade-do-ar-e-nas-cidades-inteligentes-com-projeto-desenvolvido-em-parceria-com-o-ipbeja\/ambiente\/11\/25\/","og_locale":"pt_PT","og_type":"article","og_title":"Munic\u00edpio de Lagoa refor\u00e7a aposta na qualidade do ar e nas cidades inteligentes com projeto desenvolvido em parceria com o IPBeja - Algarve 7","og_description":"Munic\u00edpio de Lagoa refor\u00e7a aposta na qualidade do ar e nas cidades inteligentes com projeto desenvolvido em parceria com o IPBeja Ambiente","og_url":"https:\/\/algarve7.pt\/index.php\/2025\/12\/municipio-de-lagoa-reforca-aposta-na-qualidade-do-ar-e-nas-cidades-inteligentes-com-projeto-desenvolvido-em-parceria-com-o-ipbeja\/ambiente\/11\/25\/","og_site_name":"Algarve 7","article_publisher":"https:\/\/www.facebook.com\/algarve7","article_author":"https:\/\/www.facebook.com\/algarve7","article_published_time":"2025-12-06T11:25:00+00:00","og_image":[{"width":800,"height":500,"url":"https:\/\/algarve7.pt\/wp-content\/uploads\/2025\/12\/Captura-de-ecra-2025-12-05-as-17.09.23.png","type":"image\/png"}],"author":"Algarve 7","twitter_card":"summary_large_image","twitter_creator":"@Algarvesete","twitter_site":"@Algarvesete","twitter_misc":{"Escrito por":"Algarve 7","Tempo estimado de leitura":"4 minutos"},"schema":{"@context":"https:\/\/schema.org","@graph":[{"@type":"Article","@id":"https:\/\/algarve7.pt\/index.php\/2025\/12\/municipio-de-lagoa-reforca-aposta-na-qualidade-do-ar-e-nas-cidades-inteligentes-com-projeto-desenvolvido-em-parceria-com-o-ipbeja\/ambiente\/11\/25\/#article","isPartOf":{"@id":"https:\/\/algarve7.pt\/index.php\/2025\/12\/municipio-de-lagoa-reforca-aposta-na-qualidade-do-ar-e-nas-cidades-inteligentes-com-projeto-desenvolvido-em-parceria-com-o-ipbeja\/ambiente\/11\/25\/"},"author":{"name":"Algarve 7","@id":"https:\/\/algarve7.pt\/#\/schema\/person\/23fa70681308e7b319a3204bcea45e0c"},"headline":"Munic\u00edpio de Lagoa refor\u00e7a aposta na qualidade do ar e nas cidades inteligentes com projeto desenvolvido em parceria com o IPBeja","datePublished":"2025-12-06T11:25:00+00:00","mainEntityOfPage":{"@id":"https:\/\/algarve7.pt\/index.php\/2025\/12\/municipio-de-lagoa-reforca-aposta-na-qualidade-do-ar-e-nas-cidades-inteligentes-com-projeto-desenvolvido-em-parceria-com-o-ipbeja\/ambiente\/11\/25\/"},"wordCount":680,"publisher":{"@id":"https:\/\/algarve7.pt\/#organization"},"image":{"@id":"https:\/\/algarve7.pt\/index.php\/2025\/12\/municipio-de-lagoa-reforca-aposta-na-qualidade-do-ar-e-nas-cidades-inteligentes-com-projeto-desenvolvido-em-parceria-com-o-ipbeja\/ambiente\/11\/25\/#primaryimage"},"thumbnailUrl":"https:\/\/algarve7.pt\/wp-content\/uploads\/2025\/12\/Captura-de-ecra-2025-12-05-as-17.09.23.png","keywords":["Algarve","Ambiente","Lagoa"],"articleSection":["Ambiente"],"inLanguage":"pt-PT"},{"@type":"WebPage","@id":"https:\/\/algarve7.pt\/index.php\/2025\/12\/municipio-de-lagoa-reforca-aposta-na-qualidade-do-ar-e-nas-cidades-inteligentes-com-projeto-desenvolvido-em-parceria-com-o-ipbeja\/ambiente\/11\/25\/","url":"https:\/\/algarve7.pt\/index.php\/2025\/12\/municipio-de-lagoa-reforca-aposta-na-qualidade-do-ar-e-nas-cidades-inteligentes-com-projeto-desenvolvido-em-parceria-com-o-ipbeja\/ambiente\/11\/25\/","name":"Munic\u00edpio de Lagoa refor\u00e7a aposta na qualidade do ar e nas cidades inteligentes com projeto desenvolvido em parceria com o IPBeja - Algarve 7","isPartOf":{"@id":"https:\/\/algarve7.pt\/#website"},"primaryImageOfPage":{"@id":"https:\/\/algarve7.pt\/index.php\/2025\/12\/municipio-de-lagoa-reforca-aposta-na-qualidade-do-ar-e-nas-cidades-inteligentes-com-projeto-desenvolvido-em-parceria-com-o-ipbeja\/ambiente\/11\/25\/#primaryimage"},"image":{"@id":"https:\/\/algarve7.pt\/index.php\/2025\/12\/municipio-de-lagoa-reforca-aposta-na-qualidade-do-ar-e-nas-cidades-inteligentes-com-projeto-desenvolvido-em-parceria-com-o-ipbeja\/ambiente\/11\/25\/#primaryimage"},"thumbnailUrl":"https:\/\/algarve7.pt\/wp-content\/uploads\/2025\/12\/Captura-de-ecra-2025-12-05-as-17.09.23.png","datePublished":"2025-12-06T11:25:00+00:00","description":"Munic\u00edpio de Lagoa refor\u00e7a aposta na qualidade do ar e nas cidades inteligentes com projeto desenvolvido em parceria com o IPBeja Ambiente","breadcrumb":{"@id":"https:\/\/algarve7.pt\/index.php\/2025\/12\/municipio-de-lagoa-reforca-aposta-na-qualidade-do-ar-e-nas-cidades-inteligentes-com-projeto-desenvolvido-em-parceria-com-o-ipbeja\/ambiente\/11\/25\/#breadcrumb"},"inLanguage":"pt-PT","potentialAction":[{"@type":"ReadAction","target":["https:\/\/algarve7.pt\/index.php\/2025\/12\/municipio-de-lagoa-reforca-aposta-na-qualidade-do-ar-e-nas-cidades-inteligentes-com-projeto-desenvolvido-em-parceria-com-o-ipbeja\/ambiente\/11\/25\/"]}]},{"@type":"ImageObject","inLanguage":"pt-PT","@id":"https:\/\/algarve7.pt\/index.php\/2025\/12\/municipio-de-lagoa-reforca-aposta-na-qualidade-do-ar-e-nas-cidades-inteligentes-com-projeto-desenvolvido-em-parceria-com-o-ipbeja\/ambiente\/11\/25\/#primaryimage","url":"https:\/\/algarve7.pt\/wp-content\/uploads\/2025\/12\/Captura-de-ecra-2025-12-05-as-17.09.23.png","contentUrl":"https:\/\/algarve7.pt\/wp-content\/uploads\/2025\/12\/Captura-de-ecra-2025-12-05-as-17.09.23.png","width":800,"height":500},{"@type":"BreadcrumbList","@id":"https:\/\/algarve7.pt\/index.php\/2025\/12\/municipio-de-lagoa-reforca-aposta-na-qualidade-do-ar-e-nas-cidades-inteligentes-com-projeto-desenvolvido-em-parceria-com-o-ipbeja\/ambiente\/11\/25\/#breadcrumb","itemListElement":[{"@type":"ListItem","position":1,"name":"In\u00edcio","item":"https:\/\/algarve7.pt\/"},{"@type":"ListItem","position":2,"name":"Munic\u00edpio de Lagoa refor\u00e7a aposta na qualidade do ar e nas cidades inteligentes com projeto desenvolvido em parceria com o IPBeja"}]},{"@type":"WebSite","@id":"https:\/\/algarve7.pt\/#website","url":"https:\/\/algarve7.pt\/","name":"Algarve 7","description":"Informa\u00e7\u00e3o sobre o Algarve","publisher":{"@id":"https:\/\/algarve7.pt\/#organization"},"potentialAction":[{"@type":"SearchAction","target":{"@type":"EntryPoint","urlTemplate":"https:\/\/algarve7.pt\/?s={search_term_string}"},"query-input":{"@type":"PropertyValueSpecification","valueRequired":true,"valueName":"search_term_string"}}],"inLanguage":"pt-PT"},{"@type":"Organization","@id":"https:\/\/algarve7.pt\/#organization","name":"Algarve 7","url":"https:\/\/algarve7.pt\/","logo":{"@type":"ImageObject","inLanguage":"pt-PT","@id":"https:\/\/algarve7.pt\/#\/schema\/logo\/image\/","url":"https:\/\/algarve7.pt\/wp-content\/uploads\/2020\/10\/Logo-8.jpg","contentUrl":"https:\/\/algarve7.pt\/wp-content\/uploads\/2020\/10\/Logo-8.jpg","width":1680,"height":1186,"caption":"Algarve 7"},"image":{"@id":"https:\/\/algarve7.pt\/#\/schema\/logo\/image\/"},"sameAs":["https:\/\/www.facebook.com\/algarve7","https:\/\/x.com\/Algarvesete","https:\/\/www.instagram.com\/jornalalgarve7\/","https:\/\/www.linkedin.com\/company\/algarve7","https:\/\/www.pinterest.pt\/geral0939\/_created\/"]},{"@type":"Person","@id":"https:\/\/algarve7.pt\/#\/schema\/person\/23fa70681308e7b319a3204bcea45e0c","name":"Algarve 7","sameAs":["https:\/\/algarve7.pt","https:\/\/www.facebook.com\/algarve7"],"url":"https:\/\/algarve7.pt\/index.php\/author\/geralalgarve7-pt\/"}]}},"jetpack_publicize_connections":[],"jetpack_featured_media_url":"https:\/\/algarve7.pt\/wp-content\/uploads\/2025\/12\/Captura-de-ecra-2025-12-05-as-17.09.23.png","jetpack_shortlink":"https:\/\/wp.me\/pcezmW-eLJ","jetpack_sharing_enabled":true,"_links":{"self":[{"href":"https:\/\/algarve7.pt\/index.php\/wp-json\/wp\/v2\/posts\/56775","targetHints":{"allow":["GET"]}}],"collection":[{"href":"https:\/\/algarve7.pt\/index.php\/wp-json\/wp\/v2\/posts"}],"about":[{"href":"https:\/\/algarve7.pt\/index.php\/wp-json\/wp\/v2\/types\/post"}],"author":[{"embeddable":true,"href":"https:\/\/algarve7.pt\/index.php\/wp-json\/wp\/v2\/users\/1"}],"replies":[{"embeddable":true,"href":"https:\/\/algarve7.pt\/index.php\/wp-json\/wp\/v2\/comments?post=56775"}],"version-history":[{"count":0,"href":"https:\/\/algarve7.pt\/index.php\/wp-json\/wp\/v2\/posts\/56775\/revisions"}],"wp:featuredmedia":[{"embeddable":true,"href":"https:\/\/algarve7.pt\/index.php\/wp-json\/wp\/v2\/media\/56776"}],"wp:attachment":[{"href":"https:\/\/algarve7.pt\/index.php\/wp-json\/wp\/v2\/media?parent=56775"}],"wp:term":[{"taxonomy":"category","embeddable":true,"href":"https:\/\/algarve7.pt\/index.php\/wp-json\/wp\/v2\/categories?post=56775"},{"taxonomy":"post_tag","embeddable":true,"href":"https:\/\/algarve7.pt\/index.php\/wp-json\/wp\/v2\/tags?post=56775"}],"curies":[{"name":"wp","href":"https:\/\/api.w.org\/{rel}","templated":true}]}}