{"id":56738,"date":"2025-12-06T10:30:00","date_gmt":"2025-12-06T10:30:00","guid":{"rendered":"https:\/\/algarve7.pt\/?p=56738"},"modified":"2025-12-04T16:52:54","modified_gmt":"2025-12-04T16:52:54","slug":"duas-dezenas-de-provas-confirmadas-no-autodromo-internacional-do-algarve-para-2026","status":"publish","type":"post","link":"https:\/\/algarve7.pt\/index.php\/2025\/12\/duas-dezenas-de-provas-confirmadas-no-autodromo-internacional-do-algarve-para-2026\/desporto\/10\/30\/","title":{"rendered":"Duas dezenas de provas confirmadas no Aut\u00f3dromo Internacional do Algarve para 2026"},"content":{"rendered":"\n<p>Com o aproximar do final de mais um ano o&nbsp;<strong>Aut\u00f3dromo Internacional do Algarve<\/strong>&nbsp;tem j\u00e1 confirmadas para&nbsp;<strong>2026<\/strong>&nbsp;um total de duas dezenas de competi\u00e7\u00f5es eleg\u00edveis n\u00e3o apenas para campeonatos nacionais mas igualmente para s\u00e9ries de import\u00e2ncia mundial que mais uma vez ir\u00e3o trazer ao circuito&nbsp;o melhor desporto motorizado nas duas e quatro rodas a par com muitos milhares de visitantes que ter\u00e3o oportunidade de descobrir ou visitar de novo o&nbsp;<strong>Algarve<\/strong>&nbsp;e&nbsp;<strong>Portugal<\/strong>.<\/p>\n\n\n\n<p>Entre&nbsp;<strong>Janeiro<\/strong>&nbsp;e&nbsp;<strong>Novembro<\/strong>&nbsp;de&nbsp;<strong>2026<\/strong>&nbsp;est\u00e3o j\u00e1 confirmadas&nbsp;<strong>20&nbsp;corridas<\/strong>&nbsp;num calend\u00e1rio onde v\u00e1rios&nbsp;promotores est\u00e3o ainda a definir datas com vista a inclu\u00edrem na sua grelha de provas&nbsp;a passagem pelo desafiante&nbsp;<strong>Aut\u00f3dromo Internacional do<\/strong><strong>Algarve<\/strong>, um dos mais apetec\u00edveis para pilotos e equipas nas mais diversas categorias.<\/p>\n\n\n\n<p>Ponto alto do ano ser\u00e3o as passagens dos mundiais&nbsp;<strong>MotoGP e SBK<\/strong>pela &#8216;Montanha-Russa&#8217; o mesmo se passando com o&nbsp;<strong>European Le Mans Series e o Algarve Classic Festival<\/strong>&nbsp;que se destacam sempre no preenchido m\u00eas de&nbsp;<strong>Outubro.<\/strong><\/p>\n\n\n\n<p>Mais novidades no calend\u00e1rio ser\u00e3o oportunamente anunciadas, o mesmo acontecendo com o calend\u00e1rio de competi\u00e7\u00f5es a realizar no&nbsp;<strong>Kart\u00f3dromo Internacional do Algarve<\/strong>.<\/p>\n\n\n\n<p>Os bilhetes para as mais importantes provas do pr\u00f3ximo ano est\u00e3o j\u00e1 \u00e0 venda em\u00a0<a href=\"http:\/\/www.autodromodoalgarve.com\/\" target=\"_blank\" rel=\"noreferrer noopener\">www.autodromodoalgarve.com<\/a><\/p>\n\n\n\n<p><strong>CALEND\u00c1RIO<\/strong><br>17 e 18 de Janeiro &#8211; Winter Series<br>25 de Janeiro &#8211; Porsche Sprint Challenge Sul da Europa<br>7 e 8 de Fevereiro &#8211; 6 Horas de Portim\u00e3o<br>13 a 15 de Fevereiro &#8211; Ultimate Cup Winter Series<br>20 a 22 de Fevereiro &#8211; F4 Espanha Winter Series<br><strong>27 a 29 de Mar\u00e7o &#8211; Mundial Superbike<\/strong><br>11 de Abril &#8211; Porsche Cup Sui\u00e7a<br>17 a 19 de Abril &#8211; GT Open<br>24 a 26 de Abril &#8211; CRM<br>15 a 17 de Maio &#8211; Iberian Racing Festival<br>5 a 7 de Junho &#8211; F4 Espanha<br>17 a 19 de Julho &#8211; Ferrari Challenge<br>4 a 6 de Setembro &#8211; Lamera Cup<br>25 a 27 de Setembro &#8211; CRM 24 Horas<br>2 a 4 de Outubro &#8211; Fun Cup<br><strong>9 e 10 de Outubro &#8211; European Le Mans Series<\/strong><br>16 a 18 de Outubro &#8211; GT World Challenge<br><strong>30 de Outubro a 1 de Novembro &#8211; Algarve Classic Festival<\/strong><br>6 a 8 de Novembro &#8211; Ultimate Cup Series<br><strong>13 a 15 de Novembro &#8211; GP de Portugal MotoGP<\/strong><\/p>\n","protected":false},"excerpt":{"rendered":"<p>Com o aproximar do final de mais um ano o&nbsp;Aut\u00f3dromo Internacional do Algarve&nbsp;tem j\u00e1 confirmadas para&nbsp;2026&nbsp;um total de duas dezenas<\/p>\n","protected":false},"author":1,"featured_media":52463,"comment_status":"closed","ping_status":"closed","sticky":false,"template":"","format":"standard","meta":{"colormag_page_container_layout":"default_layout","colormag_page_sidebar_layout":"default_layout","_monsterinsights_skip_tracking":false,"_monsterinsights_sitenote_active":false,"_monsterinsights_sitenote_note":"","_monsterinsights_sitenote_category":0,"jetpack_post_was_ever_published":false,"_jetpack_newsletter_access":"","_jetpack_dont_email_post_to_subs":false,"_jetpack_newsletter_tier_id":0,"_jetpack_memberships_contains_paywalled_content":false,"_jetpack_memberships_contains_paid_content":false,"footnotes":"","jetpack_publicize_message":"","jetpack_publicize_feature_enabled":true,"jetpack_social_post_already_shared":true,"jetpack_social_options":{"image_generator_settings":{"template":"highway","default_image_id":0,"font":"","enabled":false},"version":2}},"categories":[15],"tags":[36,239,40,72],"class_list":["post-56738","post","type-post","status-publish","format-standard","has-post-thumbnail","hentry","category-desporto","tag-algarve","tag-autodromo-internacional-do-algarve","tag-desporto","tag-portimao"],"yoast_head":"<!-- This site is optimized with the Yoast SEO plugin v27.5 - https:\/\/yoast.com\/product\/yoast-seo-wordpress\/ -->\n<title>Duas dezenas de provas confirmadas no Aut\u00f3dromo Internacional do Algarve para 2026 - Algarve 7<\/title>\n<meta name=\"description\" content=\"Duas dezenas de provas confirmadas no Aut\u00f3dromo Internacional do Algarve para 2026 Desporto\" \/>\n<meta name=\"robots\" content=\"index, follow, max-snippet:-1, max-image-preview:large, max-video-preview:-1\" \/>\n<link rel=\"canonical\" href=\"https:\/\/algarve7.pt\/index.php\/2025\/12\/duas-dezenas-de-provas-confirmadas-no-autodromo-internacional-do-algarve-para-2026\/desporto\/10\/30\/\" \/>\n<meta property=\"og:locale\" content=\"pt_PT\" \/>\n<meta property=\"og:type\" content=\"article\" \/>\n<meta property=\"og:title\" content=\"Duas dezenas de provas confirmadas no Aut\u00f3dromo Internacional do Algarve para 2026 - Algarve 7\" \/>\n<meta property=\"og:description\" content=\"Duas dezenas de provas confirmadas no Aut\u00f3dromo Internacional do Algarve para 2026 Desporto\" \/>\n<meta property=\"og:url\" content=\"https:\/\/algarve7.pt\/index.php\/2025\/12\/duas-dezenas-de-provas-confirmadas-no-autodromo-internacional-do-algarve-para-2026\/desporto\/10\/30\/\" \/>\n<meta property=\"og:site_name\" content=\"Algarve 7\" \/>\n<meta property=\"article:publisher\" content=\"https:\/\/www.facebook.com\/algarve7\" \/>\n<meta property=\"article:author\" content=\"https:\/\/www.facebook.com\/algarve7\" \/>\n<meta property=\"article:published_time\" content=\"2025-12-06T10:30:00+00:00\" \/>\n<meta property=\"og:image\" content=\"https:\/\/algarve7.pt\/wp-content\/uploads\/2025\/07\/6a627874-6d5d-0da6-f923-14b3633baa12.jpg\" \/>\n\t<meta property=\"og:image:width\" content=\"800\" \/>\n\t<meta property=\"og:image:height\" content=\"520\" \/>\n\t<meta property=\"og:image:type\" content=\"image\/jpeg\" \/>\n<meta name=\"author\" content=\"Algarve 7\" \/>\n<meta name=\"twitter:card\" content=\"summary_large_image\" \/>\n<meta name=\"twitter:creator\" content=\"@Algarvesete\" \/>\n<meta name=\"twitter:site\" content=\"@Algarvesete\" \/>\n<meta name=\"twitter:label1\" content=\"Escrito por\" \/>\n\t<meta name=\"twitter:data1\" content=\"Algarve 7\" \/>\n\t<meta name=\"twitter:label2\" content=\"Tempo estimado de leitura\" \/>\n\t<meta name=\"twitter:data2\" content=\"3 minutos\" \/>\n<script type=\"application\/ld+json\" class=\"yoast-schema-graph\">{\"@context\":\"https:\\\/\\\/schema.org\",\"@graph\":[{\"@type\":\"Article\",\"@id\":\"https:\\\/\\\/algarve7.pt\\\/index.php\\\/2025\\\/12\\\/duas-dezenas-de-provas-confirmadas-no-autodromo-internacional-do-algarve-para-2026\\\/desporto\\\/10\\\/30\\\/#article\",\"isPartOf\":{\"@id\":\"https:\\\/\\\/algarve7.pt\\\/index.php\\\/2025\\\/12\\\/duas-dezenas-de-provas-confirmadas-no-autodromo-internacional-do-algarve-para-2026\\\/desporto\\\/10\\\/30\\\/\"},\"author\":{\"name\":\"Algarve 7\",\"@id\":\"https:\\\/\\\/algarve7.pt\\\/#\\\/schema\\\/person\\\/23fa70681308e7b319a3204bcea45e0c\"},\"headline\":\"Duas dezenas de provas confirmadas no Aut\u00f3dromo Internacional do Algarve para 2026\",\"datePublished\":\"2025-12-06T10:30:00+00:00\",\"mainEntityOfPage\":{\"@id\":\"https:\\\/\\\/algarve7.pt\\\/index.php\\\/2025\\\/12\\\/duas-dezenas-de-provas-confirmadas-no-autodromo-internacional-do-algarve-para-2026\\\/desporto\\\/10\\\/30\\\/\"},\"wordCount\":402,\"publisher\":{\"@id\":\"https:\\\/\\\/algarve7.pt\\\/#organization\"},\"image\":{\"@id\":\"https:\\\/\\\/algarve7.pt\\\/index.php\\\/2025\\\/12\\\/duas-dezenas-de-provas-confirmadas-no-autodromo-internacional-do-algarve-para-2026\\\/desporto\\\/10\\\/30\\\/#primaryimage\"},\"thumbnailUrl\":\"https:\\\/\\\/algarve7.pt\\\/wp-content\\\/uploads\\\/2025\\\/07\\\/6a627874-6d5d-0da6-f923-14b3633baa12.jpg\",\"keywords\":[\"Algarve\",\"Aut\u00f3dromo Internacional do Algarve\",\"Desporto\",\"Portim\u00e3o\"],\"articleSection\":[\"Desporto\"],\"inLanguage\":\"pt-PT\"},{\"@type\":\"WebPage\",\"@id\":\"https:\\\/\\\/algarve7.pt\\\/index.php\\\/2025\\\/12\\\/duas-dezenas-de-provas-confirmadas-no-autodromo-internacional-do-algarve-para-2026\\\/desporto\\\/10\\\/30\\\/\",\"url\":\"https:\\\/\\\/algarve7.pt\\\/index.php\\\/2025\\\/12\\\/duas-dezenas-de-provas-confirmadas-no-autodromo-internacional-do-algarve-para-2026\\\/desporto\\\/10\\\/30\\\/\",\"name\":\"Duas dezenas de provas confirmadas no Aut\u00f3dromo Internacional do Algarve para 2026 - Algarve 7\",\"isPartOf\":{\"@id\":\"https:\\\/\\\/algarve7.pt\\\/#website\"},\"primaryImageOfPage\":{\"@id\":\"https:\\\/\\\/algarve7.pt\\\/index.php\\\/2025\\\/12\\\/duas-dezenas-de-provas-confirmadas-no-autodromo-internacional-do-algarve-para-2026\\\/desporto\\\/10\\\/30\\\/#primaryimage\"},\"image\":{\"@id\":\"https:\\\/\\\/algarve7.pt\\\/index.php\\\/2025\\\/12\\\/duas-dezenas-de-provas-confirmadas-no-autodromo-internacional-do-algarve-para-2026\\\/desporto\\\/10\\\/30\\\/#primaryimage\"},\"thumbnailUrl\":\"https:\\\/\\\/algarve7.pt\\\/wp-content\\\/uploads\\\/2025\\\/07\\\/6a627874-6d5d-0da6-f923-14b3633baa12.jpg\",\"datePublished\":\"2025-12-06T10:30:00+00:00\",\"description\":\"Duas dezenas de provas confirmadas no Aut\u00f3dromo Internacional do Algarve para 2026 Desporto\",\"breadcrumb\":{\"@id\":\"https:\\\/\\\/algarve7.pt\\\/index.php\\\/2025\\\/12\\\/duas-dezenas-de-provas-confirmadas-no-autodromo-internacional-do-algarve-para-2026\\\/desporto\\\/10\\\/30\\\/#breadcrumb\"},\"inLanguage\":\"pt-PT\",\"potentialAction\":[{\"@type\":\"ReadAction\",\"target\":[\"https:\\\/\\\/algarve7.pt\\\/index.php\\\/2025\\\/12\\\/duas-dezenas-de-provas-confirmadas-no-autodromo-internacional-do-algarve-para-2026\\\/desporto\\\/10\\\/30\\\/\"]}]},{\"@type\":\"ImageObject\",\"inLanguage\":\"pt-PT\",\"@id\":\"https:\\\/\\\/algarve7.pt\\\/index.php\\\/2025\\\/12\\\/duas-dezenas-de-provas-confirmadas-no-autodromo-internacional-do-algarve-para-2026\\\/desporto\\\/10\\\/30\\\/#primaryimage\",\"url\":\"https:\\\/\\\/algarve7.pt\\\/wp-content\\\/uploads\\\/2025\\\/07\\\/6a627874-6d5d-0da6-f923-14b3633baa12.jpg\",\"contentUrl\":\"https:\\\/\\\/algarve7.pt\\\/wp-content\\\/uploads\\\/2025\\\/07\\\/6a627874-6d5d-0da6-f923-14b3633baa12.jpg\",\"width\":800,\"height\":520},{\"@type\":\"BreadcrumbList\",\"@id\":\"https:\\\/\\\/algarve7.pt\\\/index.php\\\/2025\\\/12\\\/duas-dezenas-de-provas-confirmadas-no-autodromo-internacional-do-algarve-para-2026\\\/desporto\\\/10\\\/30\\\/#breadcrumb\",\"itemListElement\":[{\"@type\":\"ListItem\",\"position\":1,\"name\":\"In\u00edcio\",\"item\":\"https:\\\/\\\/algarve7.pt\\\/\"},{\"@type\":\"ListItem\",\"position\":2,\"name\":\"Duas dezenas de provas confirmadas no Aut\u00f3dromo Internacional do Algarve para 2026\"}]},{\"@type\":\"WebSite\",\"@id\":\"https:\\\/\\\/algarve7.pt\\\/#website\",\"url\":\"https:\\\/\\\/algarve7.pt\\\/\",\"name\":\"Algarve 7\",\"description\":\"Informa\u00e7\u00e3o sobre o Algarve\",\"publisher\":{\"@id\":\"https:\\\/\\\/algarve7.pt\\\/#organization\"},\"potentialAction\":[{\"@type\":\"SearchAction\",\"target\":{\"@type\":\"EntryPoint\",\"urlTemplate\":\"https:\\\/\\\/algarve7.pt\\\/?s={search_term_string}\"},\"query-input\":{\"@type\":\"PropertyValueSpecification\",\"valueRequired\":true,\"valueName\":\"search_term_string\"}}],\"inLanguage\":\"pt-PT\"},{\"@type\":\"Organization\",\"@id\":\"https:\\\/\\\/algarve7.pt\\\/#organization\",\"name\":\"Algarve 7\",\"url\":\"https:\\\/\\\/algarve7.pt\\\/\",\"logo\":{\"@type\":\"ImageObject\",\"inLanguage\":\"pt-PT\",\"@id\":\"https:\\\/\\\/algarve7.pt\\\/#\\\/schema\\\/logo\\\/image\\\/\",\"url\":\"https:\\\/\\\/algarve7.pt\\\/wp-content\\\/uploads\\\/2020\\\/10\\\/Logo-8.jpg\",\"contentUrl\":\"https:\\\/\\\/algarve7.pt\\\/wp-content\\\/uploads\\\/2020\\\/10\\\/Logo-8.jpg\",\"width\":1680,\"height\":1186,\"caption\":\"Algarve 7\"},\"image\":{\"@id\":\"https:\\\/\\\/algarve7.pt\\\/#\\\/schema\\\/logo\\\/image\\\/\"},\"sameAs\":[\"https:\\\/\\\/www.facebook.com\\\/algarve7\",\"https:\\\/\\\/x.com\\\/Algarvesete\",\"https:\\\/\\\/www.instagram.com\\\/jornalalgarve7\\\/\",\"https:\\\/\\\/www.linkedin.com\\\/company\\\/algarve7\",\"https:\\\/\\\/www.pinterest.pt\\\/geral0939\\\/_created\\\/\"]},{\"@type\":\"Person\",\"@id\":\"https:\\\/\\\/algarve7.pt\\\/#\\\/schema\\\/person\\\/23fa70681308e7b319a3204bcea45e0c\",\"name\":\"Algarve 7\",\"sameAs\":[\"https:\\\/\\\/algarve7.pt\",\"https:\\\/\\\/www.facebook.com\\\/algarve7\"],\"url\":\"https:\\\/\\\/algarve7.pt\\\/index.php\\\/author\\\/geralalgarve7-pt\\\/\"}]}<\/script>\n<!-- \/ Yoast SEO plugin. -->","yoast_head_json":{"title":"Duas dezenas de provas confirmadas no Aut\u00f3dromo Internacional do Algarve para 2026 - Algarve 7","description":"Duas dezenas de provas confirmadas no Aut\u00f3dromo Internacional do Algarve para 2026 Desporto","robots":{"index":"index","follow":"follow","max-snippet":"max-snippet:-1","max-image-preview":"max-image-preview:large","max-video-preview":"max-video-preview:-1"},"canonical":"https:\/\/algarve7.pt\/index.php\/2025\/12\/duas-dezenas-de-provas-confirmadas-no-autodromo-internacional-do-algarve-para-2026\/desporto\/10\/30\/","og_locale":"pt_PT","og_type":"article","og_title":"Duas dezenas de provas confirmadas no Aut\u00f3dromo Internacional do Algarve para 2026 - Algarve 7","og_description":"Duas dezenas de provas confirmadas no Aut\u00f3dromo Internacional do Algarve para 2026 Desporto","og_url":"https:\/\/algarve7.pt\/index.php\/2025\/12\/duas-dezenas-de-provas-confirmadas-no-autodromo-internacional-do-algarve-para-2026\/desporto\/10\/30\/","og_site_name":"Algarve 7","article_publisher":"https:\/\/www.facebook.com\/algarve7","article_author":"https:\/\/www.facebook.com\/algarve7","article_published_time":"2025-12-06T10:30:00+00:00","og_image":[{"width":800,"height":520,"url":"https:\/\/algarve7.pt\/wp-content\/uploads\/2025\/07\/6a627874-6d5d-0da6-f923-14b3633baa12.jpg","type":"image\/jpeg"}],"author":"Algarve 7","twitter_card":"summary_large_image","twitter_creator":"@Algarvesete","twitter_site":"@Algarvesete","twitter_misc":{"Escrito por":"Algarve 7","Tempo estimado de leitura":"3 minutos"},"schema":{"@context":"https:\/\/schema.org","@graph":[{"@type":"Article","@id":"https:\/\/algarve7.pt\/index.php\/2025\/12\/duas-dezenas-de-provas-confirmadas-no-autodromo-internacional-do-algarve-para-2026\/desporto\/10\/30\/#article","isPartOf":{"@id":"https:\/\/algarve7.pt\/index.php\/2025\/12\/duas-dezenas-de-provas-confirmadas-no-autodromo-internacional-do-algarve-para-2026\/desporto\/10\/30\/"},"author":{"name":"Algarve 7","@id":"https:\/\/algarve7.pt\/#\/schema\/person\/23fa70681308e7b319a3204bcea45e0c"},"headline":"Duas dezenas de provas confirmadas no Aut\u00f3dromo Internacional do Algarve para 2026","datePublished":"2025-12-06T10:30:00+00:00","mainEntityOfPage":{"@id":"https:\/\/algarve7.pt\/index.php\/2025\/12\/duas-dezenas-de-provas-confirmadas-no-autodromo-internacional-do-algarve-para-2026\/desporto\/10\/30\/"},"wordCount":402,"publisher":{"@id":"https:\/\/algarve7.pt\/#organization"},"image":{"@id":"https:\/\/algarve7.pt\/index.php\/2025\/12\/duas-dezenas-de-provas-confirmadas-no-autodromo-internacional-do-algarve-para-2026\/desporto\/10\/30\/#primaryimage"},"thumbnailUrl":"https:\/\/algarve7.pt\/wp-content\/uploads\/2025\/07\/6a627874-6d5d-0da6-f923-14b3633baa12.jpg","keywords":["Algarve","Aut\u00f3dromo Internacional do Algarve","Desporto","Portim\u00e3o"],"articleSection":["Desporto"],"inLanguage":"pt-PT"},{"@type":"WebPage","@id":"https:\/\/algarve7.pt\/index.php\/2025\/12\/duas-dezenas-de-provas-confirmadas-no-autodromo-internacional-do-algarve-para-2026\/desporto\/10\/30\/","url":"https:\/\/algarve7.pt\/index.php\/2025\/12\/duas-dezenas-de-provas-confirmadas-no-autodromo-internacional-do-algarve-para-2026\/desporto\/10\/30\/","name":"Duas dezenas de provas confirmadas no Aut\u00f3dromo Internacional do Algarve para 2026 - Algarve 7","isPartOf":{"@id":"https:\/\/algarve7.pt\/#website"},"primaryImageOfPage":{"@id":"https:\/\/algarve7.pt\/index.php\/2025\/12\/duas-dezenas-de-provas-confirmadas-no-autodromo-internacional-do-algarve-para-2026\/desporto\/10\/30\/#primaryimage"},"image":{"@id":"https:\/\/algarve7.pt\/index.php\/2025\/12\/duas-dezenas-de-provas-confirmadas-no-autodromo-internacional-do-algarve-para-2026\/desporto\/10\/30\/#primaryimage"},"thumbnailUrl":"https:\/\/algarve7.pt\/wp-content\/uploads\/2025\/07\/6a627874-6d5d-0da6-f923-14b3633baa12.jpg","datePublished":"2025-12-06T10:30:00+00:00","description":"Duas dezenas de provas confirmadas no Aut\u00f3dromo Internacional do Algarve para 2026 Desporto","breadcrumb":{"@id":"https:\/\/algarve7.pt\/index.php\/2025\/12\/duas-dezenas-de-provas-confirmadas-no-autodromo-internacional-do-algarve-para-2026\/desporto\/10\/30\/#breadcrumb"},"inLanguage":"pt-PT","potentialAction":[{"@type":"ReadAction","target":["https:\/\/algarve7.pt\/index.php\/2025\/12\/duas-dezenas-de-provas-confirmadas-no-autodromo-internacional-do-algarve-para-2026\/desporto\/10\/30\/"]}]},{"@type":"ImageObject","inLanguage":"pt-PT","@id":"https:\/\/algarve7.pt\/index.php\/2025\/12\/duas-dezenas-de-provas-confirmadas-no-autodromo-internacional-do-algarve-para-2026\/desporto\/10\/30\/#primaryimage","url":"https:\/\/algarve7.pt\/wp-content\/uploads\/2025\/07\/6a627874-6d5d-0da6-f923-14b3633baa12.jpg","contentUrl":"https:\/\/algarve7.pt\/wp-content\/uploads\/2025\/07\/6a627874-6d5d-0da6-f923-14b3633baa12.jpg","width":800,"height":520},{"@type":"BreadcrumbList","@id":"https:\/\/algarve7.pt\/index.php\/2025\/12\/duas-dezenas-de-provas-confirmadas-no-autodromo-internacional-do-algarve-para-2026\/desporto\/10\/30\/#breadcrumb","itemListElement":[{"@type":"ListItem","position":1,"name":"In\u00edcio","item":"https:\/\/algarve7.pt\/"},{"@type":"ListItem","position":2,"name":"Duas dezenas de provas confirmadas no Aut\u00f3dromo Internacional do Algarve para 2026"}]},{"@type":"WebSite","@id":"https:\/\/algarve7.pt\/#website","url":"https:\/\/algarve7.pt\/","name":"Algarve 7","description":"Informa\u00e7\u00e3o sobre o Algarve","publisher":{"@id":"https:\/\/algarve7.pt\/#organization"},"potentialAction":[{"@type":"SearchAction","target":{"@type":"EntryPoint","urlTemplate":"https:\/\/algarve7.pt\/?s={search_term_string}"},"query-input":{"@type":"PropertyValueSpecification","valueRequired":true,"valueName":"search_term_string"}}],"inLanguage":"pt-PT"},{"@type":"Organization","@id":"https:\/\/algarve7.pt\/#organization","name":"Algarve 7","url":"https:\/\/algarve7.pt\/","logo":{"@type":"ImageObject","inLanguage":"pt-PT","@id":"https:\/\/algarve7.pt\/#\/schema\/logo\/image\/","url":"https:\/\/algarve7.pt\/wp-content\/uploads\/2020\/10\/Logo-8.jpg","contentUrl":"https:\/\/algarve7.pt\/wp-content\/uploads\/2020\/10\/Logo-8.jpg","width":1680,"height":1186,"caption":"Algarve 7"},"image":{"@id":"https:\/\/algarve7.pt\/#\/schema\/logo\/image\/"},"sameAs":["https:\/\/www.facebook.com\/algarve7","https:\/\/x.com\/Algarvesete","https:\/\/www.instagram.com\/jornalalgarve7\/","https:\/\/www.linkedin.com\/company\/algarve7","https:\/\/www.pinterest.pt\/geral0939\/_created\/"]},{"@type":"Person","@id":"https:\/\/algarve7.pt\/#\/schema\/person\/23fa70681308e7b319a3204bcea45e0c","name":"Algarve 7","sameAs":["https:\/\/algarve7.pt","https:\/\/www.facebook.com\/algarve7"],"url":"https:\/\/algarve7.pt\/index.php\/author\/geralalgarve7-pt\/"}]}},"jetpack_publicize_connections":[],"jetpack_featured_media_url":"https:\/\/algarve7.pt\/wp-content\/uploads\/2025\/07\/6a627874-6d5d-0da6-f923-14b3633baa12.jpg","jetpack_shortlink":"https:\/\/wp.me\/pcezmW-eL8","jetpack_sharing_enabled":true,"_links":{"self":[{"href":"https:\/\/algarve7.pt\/index.php\/wp-json\/wp\/v2\/posts\/56738","targetHints":{"allow":["GET"]}}],"collection":[{"href":"https:\/\/algarve7.pt\/index.php\/wp-json\/wp\/v2\/posts"}],"about":[{"href":"https:\/\/algarve7.pt\/index.php\/wp-json\/wp\/v2\/types\/post"}],"author":[{"embeddable":true,"href":"https:\/\/algarve7.pt\/index.php\/wp-json\/wp\/v2\/users\/1"}],"replies":[{"embeddable":true,"href":"https:\/\/algarve7.pt\/index.php\/wp-json\/wp\/v2\/comments?post=56738"}],"version-history":[{"count":0,"href":"https:\/\/algarve7.pt\/index.php\/wp-json\/wp\/v2\/posts\/56738\/revisions"}],"wp:featuredmedia":[{"embeddable":true,"href":"https:\/\/algarve7.pt\/index.php\/wp-json\/wp\/v2\/media\/52463"}],"wp:attachment":[{"href":"https:\/\/algarve7.pt\/index.php\/wp-json\/wp\/v2\/media?parent=56738"}],"wp:term":[{"taxonomy":"category","embeddable":true,"href":"https:\/\/algarve7.pt\/index.php\/wp-json\/wp\/v2\/categories?post=56738"},{"taxonomy":"post_tag","embeddable":true,"href":"https:\/\/algarve7.pt\/index.php\/wp-json\/wp\/v2\/tags?post=56738"}],"curies":[{"name":"wp","href":"https:\/\/api.w.org\/{rel}","templated":true}]}}