{"id":56690,"date":"2025-12-06T09:30:00","date_gmt":"2025-12-06T09:30:00","guid":{"rendered":"https:\/\/algarve7.pt\/?p=56690"},"modified":"2025-12-04T12:05:37","modified_gmt":"2025-12-04T12:05:37","slug":"joao-santos-tavares-assume-a-presidencia-da-associacao-portuguesa-para-a-diversidade-e-inclusao","status":"publish","type":"post","link":"https:\/\/algarve7.pt\/index.php\/2025\/12\/joao-santos-tavares-assume-a-presidencia-da-associacao-portuguesa-para-a-diversidade-e-inclusao\/nacional\/09\/30\/","title":{"rendered":"Jo\u00e3o Santos Tavares assume a presid\u00eancia da associa\u00e7\u00e3o portuguesa para a diversidade e inclus\u00e3o"},"content":{"rendered":"\n<p>A Associa\u00e7\u00e3o Portuguesa para a Diversidade e Inclus\u00e3o (APPDI) inicia um novo ciclo de lideran\u00e7a com a mudan\u00e7a de presid\u00eancia, ap\u00f3s sete anos de mandato de Paula Carneiro, em representa\u00e7\u00e3o da EDP. O novo presidente \u00e9 Jo\u00e3o Santos Tavares, do Banco BPI, que assume a dire\u00e7\u00e3o da associa\u00e7\u00e3o com um projeto focado na consolida\u00e7\u00e3o e amplia\u00e7\u00e3o do seu impacto em Portugal. Paula Carneiro permanece na dire\u00e7\u00e3o enquanto secret\u00e1ria Am\u00e9rico Nave, da Crescer, junta-se como tesoureiro, e Susana Portas e Joana Santiago, da Natixis e SEMEAR, respetivamente, entram como vogais.<\/p>\n\n\n\n<p>A nova dire\u00e7\u00e3o da APPDI para o mandato 2025\u20132027 combina d\u00e9cadas de experi\u00eancia em recursos humanos, sustentabilidade, impacto social, inclus\u00e3o de pessoas com defici\u00eancia, gest\u00e3o organizacional e inova\u00e7\u00e3o social.<\/p>\n\n\n\n<p>O novo presidente, Jo\u00e3o Santos Tavares, Diretor Executivo de Pessoas e Talento do Banco BPI, afirma:&nbsp;<em>\u201cA APPDI est\u00e1 num ponto muito bonito da sua hist\u00f3ria. Temos quase 600 organiza\u00e7\u00f5es comprometidas, projetos robustos, reconhecimento europeu e uma equipa que faz acontecer, e isso \u00e9 m\u00e9rito da Paula e da equipa que com ela trabalhou.\u201d<\/em><\/p>\n\n\n\n<p>E aponta \u00e0s ideias para deste mandato:&nbsp;<em>\u201cAgora come\u00e7a um novo ciclo. As prioridades passam por refor\u00e7ar a sustentabilidade, ter uma voz p\u00fablica mais forte, aproximar a rede e produzir mais conhecimento pr\u00e1tico. Resumindo: consolidar o que constru\u00edmos e assumir um papel ainda mais transformador na sociedade. A inclus\u00e3o n\u00e3o se pode adiar, e o futuro come\u00e7a todos os dias.\u201d<\/em><\/p>\n\n\n\n<p>Entre as prioridades estrat\u00e9gicas do novo mandato destacam-se o refor\u00e7o da sustentabilidade, incluindo o reconhecimento como Institui\u00e7\u00e3o de Utilidade P\u00fablica, a amplia\u00e7\u00e3o da voz p\u00fablica da associa\u00e7\u00e3o no debate nacional sobre diversidade, equidade e inclus\u00e3o, a maior proximidade com a rede de associadas e signat\u00e1rias, e a produ\u00e7\u00e3o refor\u00e7ada de conhecimento pr\u00e1tico, como guias, relat\u00f3rios, m\u00f3dulos educativos e certifica\u00e7\u00f5es.<\/p>\n\n\n\n<p>Paula Carneiro encerra o seu terceiro mandato consecutivo na presid\u00eancia com um legado transformador para a associa\u00e7\u00e3o e para a agenda de diversidade, equidade e inclus\u00e3o em Portugal.<\/p>\n\n\n\n<p>Afirma sobre estes sete anos:&nbsp;<em>\u201cO que sinto \u00e9 que fizemos um caminho absolutamente transformador. Come\u00e7\u00e1mos praticamente do zero, com 233 signat\u00e1rias da Carta Portuguesa para a Diversidade, 9 entidades associadas e apenas uma pessoa na equipa. Hoje temos mais de 600 signat\u00e1rias, mais de 120 entidades associadas, v\u00e1rios projetos financiados pela Uni\u00e3o Europeia e uma equipa est\u00e1vel, competente e muito dedicada. Pass\u00e1mos de associa\u00e7\u00e3o embrion\u00e1ria para refer\u00eancia nacional e europeia em diversidade, equidade e inclus\u00e3o. E isso d\u00e1-me um enorme orgulho.\u201d<\/em><\/p>\n\n\n\n<p>Durante a sua lideran\u00e7a, a associa\u00e7\u00e3o consolidou o impacto de iniciativas como o programa&nbsp;<strong>Engenheiras Por Um Dia<\/strong>&nbsp;&#8211; um projeto que promove, junto de estudantes do ensino b\u00e1sico e secund\u00e1rio, a op\u00e7\u00e3o pelas engenharias e pelas tecnologias (\u00e1reas STEM), desconstruindo a ideia de que estas s\u00e3o \u00e1reas masculinas e contribuindo para aumentar a presen\u00e7a de raparigas e mulheres nestas \u00e1reas. O programa j\u00e1 impactou mais de 23 mil estudantes. Tamb\u00e9m lan\u00e7ou projetos como o&nbsp;<strong>DEI Summit<\/strong>, uma confer\u00eancia nacional dedicada \u00e0 Diversidade, Equidade e Inclus\u00e3o, que re\u00fane organiza\u00e7\u00f5es, empresas, sociedade civil e academia para partilhar pr\u00e1ticas, debater desafios contempor\u00e2neos e promover a literacia em direitos humanos, inclus\u00e3o e igualdade.<\/p>\n","protected":false},"excerpt":{"rendered":"<p>A Associa\u00e7\u00e3o Portuguesa para a Diversidade e Inclus\u00e3o (APPDI) inicia um novo ciclo de lideran\u00e7a com a mudan\u00e7a de presid\u00eancia,<\/p>\n","protected":false},"author":1,"featured_media":56691,"comment_status":"closed","ping_status":"closed","sticky":false,"template":"","format":"standard","meta":{"colormag_page_container_layout":"default_layout","colormag_page_sidebar_layout":"default_layout","_monsterinsights_skip_tracking":false,"_monsterinsights_sitenote_active":false,"_monsterinsights_sitenote_note":"","_monsterinsights_sitenote_category":0,"jetpack_post_was_ever_published":false,"_jetpack_newsletter_access":"","_jetpack_dont_email_post_to_subs":false,"_jetpack_newsletter_tier_id":0,"_jetpack_memberships_contains_paywalled_content":false,"_jetpack_memberships_contains_paid_content":false,"footnotes":"","jetpack_publicize_message":"","jetpack_publicize_feature_enabled":true,"jetpack_social_post_already_shared":true,"jetpack_social_options":{"image_generator_settings":{"template":"highway","default_image_id":0,"font":"","enabled":false},"version":2}},"categories":[189],"tags":[98],"class_list":["post-56690","post","type-post","status-publish","format-standard","has-post-thumbnail","hentry","category-nacional","tag-nacional"],"yoast_head":"<!-- This site is optimized with the Yoast SEO plugin v27.5 - https:\/\/yoast.com\/product\/yoast-seo-wordpress\/ -->\n<title>Jo\u00e3o Santos Tavares assume a presid\u00eancia da associa\u00e7\u00e3o portuguesa para a diversidade e inclus\u00e3o - Algarve 7<\/title>\n<meta name=\"description\" content=\"Jo\u00e3o Santos Tavares assume a presid\u00eancia da associa\u00e7\u00e3o portuguesa para a diversidade e inclus\u00e3o Nacional\" \/>\n<meta name=\"robots\" content=\"index, follow, max-snippet:-1, max-image-preview:large, max-video-preview:-1\" \/>\n<link rel=\"canonical\" href=\"https:\/\/algarve7.pt\/index.php\/2025\/12\/joao-santos-tavares-assume-a-presidencia-da-associacao-portuguesa-para-a-diversidade-e-inclusao\/nacional\/09\/30\/\" \/>\n<meta property=\"og:locale\" content=\"pt_PT\" \/>\n<meta property=\"og:type\" content=\"article\" \/>\n<meta property=\"og:title\" content=\"Jo\u00e3o Santos Tavares assume a presid\u00eancia da associa\u00e7\u00e3o portuguesa para a diversidade e inclus\u00e3o - Algarve 7\" \/>\n<meta property=\"og:description\" content=\"Jo\u00e3o Santos Tavares assume a presid\u00eancia da associa\u00e7\u00e3o portuguesa para a diversidade e inclus\u00e3o Nacional\" \/>\n<meta property=\"og:url\" content=\"https:\/\/algarve7.pt\/index.php\/2025\/12\/joao-santos-tavares-assume-a-presidencia-da-associacao-portuguesa-para-a-diversidade-e-inclusao\/nacional\/09\/30\/\" \/>\n<meta property=\"og:site_name\" content=\"Algarve 7\" \/>\n<meta property=\"article:publisher\" content=\"https:\/\/www.facebook.com\/algarve7\" \/>\n<meta property=\"article:author\" content=\"https:\/\/www.facebook.com\/algarve7\" \/>\n<meta property=\"article:published_time\" content=\"2025-12-06T09:30:00+00:00\" \/>\n<meta property=\"og:image\" content=\"https:\/\/algarve7.pt\/wp-content\/uploads\/2025\/12\/Captura-de-ecra-2025-12-04-as-12.02.50.png\" \/>\n\t<meta property=\"og:image:width\" content=\"800\" \/>\n\t<meta property=\"og:image:height\" content=\"500\" \/>\n\t<meta property=\"og:image:type\" content=\"image\/png\" \/>\n<meta name=\"author\" content=\"Algarve 7\" \/>\n<meta name=\"twitter:card\" content=\"summary_large_image\" \/>\n<meta name=\"twitter:creator\" content=\"@Algarvesete\" \/>\n<meta name=\"twitter:site\" content=\"@Algarvesete\" \/>\n<meta name=\"twitter:label1\" content=\"Escrito por\" \/>\n\t<meta name=\"twitter:data1\" content=\"Algarve 7\" \/>\n\t<meta name=\"twitter:label2\" content=\"Tempo estimado de leitura\" \/>\n\t<meta name=\"twitter:data2\" content=\"4 minutos\" \/>\n<script type=\"application\/ld+json\" class=\"yoast-schema-graph\">{\"@context\":\"https:\\\/\\\/schema.org\",\"@graph\":[{\"@type\":\"Article\",\"@id\":\"https:\\\/\\\/algarve7.pt\\\/index.php\\\/2025\\\/12\\\/joao-santos-tavares-assume-a-presidencia-da-associacao-portuguesa-para-a-diversidade-e-inclusao\\\/nacional\\\/09\\\/30\\\/#article\",\"isPartOf\":{\"@id\":\"https:\\\/\\\/algarve7.pt\\\/index.php\\\/2025\\\/12\\\/joao-santos-tavares-assume-a-presidencia-da-associacao-portuguesa-para-a-diversidade-e-inclusao\\\/nacional\\\/09\\\/30\\\/\"},\"author\":{\"name\":\"Algarve 7\",\"@id\":\"https:\\\/\\\/algarve7.pt\\\/#\\\/schema\\\/person\\\/23fa70681308e7b319a3204bcea45e0c\"},\"headline\":\"Jo\u00e3o Santos Tavares assume a presid\u00eancia da associa\u00e7\u00e3o portuguesa para a diversidade e inclus\u00e3o\",\"datePublished\":\"2025-12-06T09:30:00+00:00\",\"mainEntityOfPage\":{\"@id\":\"https:\\\/\\\/algarve7.pt\\\/index.php\\\/2025\\\/12\\\/joao-santos-tavares-assume-a-presidencia-da-associacao-portuguesa-para-a-diversidade-e-inclusao\\\/nacional\\\/09\\\/30\\\/\"},\"wordCount\":604,\"publisher\":{\"@id\":\"https:\\\/\\\/algarve7.pt\\\/#organization\"},\"image\":{\"@id\":\"https:\\\/\\\/algarve7.pt\\\/index.php\\\/2025\\\/12\\\/joao-santos-tavares-assume-a-presidencia-da-associacao-portuguesa-para-a-diversidade-e-inclusao\\\/nacional\\\/09\\\/30\\\/#primaryimage\"},\"thumbnailUrl\":\"https:\\\/\\\/algarve7.pt\\\/wp-content\\\/uploads\\\/2025\\\/12\\\/Captura-de-ecra-2025-12-04-as-12.02.50.png\",\"keywords\":[\"Nacional\"],\"articleSection\":[\"Nacional\"],\"inLanguage\":\"pt-PT\"},{\"@type\":\"WebPage\",\"@id\":\"https:\\\/\\\/algarve7.pt\\\/index.php\\\/2025\\\/12\\\/joao-santos-tavares-assume-a-presidencia-da-associacao-portuguesa-para-a-diversidade-e-inclusao\\\/nacional\\\/09\\\/30\\\/\",\"url\":\"https:\\\/\\\/algarve7.pt\\\/index.php\\\/2025\\\/12\\\/joao-santos-tavares-assume-a-presidencia-da-associacao-portuguesa-para-a-diversidade-e-inclusao\\\/nacional\\\/09\\\/30\\\/\",\"name\":\"Jo\u00e3o Santos Tavares assume a presid\u00eancia da associa\u00e7\u00e3o portuguesa para a diversidade e inclus\u00e3o - Algarve 7\",\"isPartOf\":{\"@id\":\"https:\\\/\\\/algarve7.pt\\\/#website\"},\"primaryImageOfPage\":{\"@id\":\"https:\\\/\\\/algarve7.pt\\\/index.php\\\/2025\\\/12\\\/joao-santos-tavares-assume-a-presidencia-da-associacao-portuguesa-para-a-diversidade-e-inclusao\\\/nacional\\\/09\\\/30\\\/#primaryimage\"},\"image\":{\"@id\":\"https:\\\/\\\/algarve7.pt\\\/index.php\\\/2025\\\/12\\\/joao-santos-tavares-assume-a-presidencia-da-associacao-portuguesa-para-a-diversidade-e-inclusao\\\/nacional\\\/09\\\/30\\\/#primaryimage\"},\"thumbnailUrl\":\"https:\\\/\\\/algarve7.pt\\\/wp-content\\\/uploads\\\/2025\\\/12\\\/Captura-de-ecra-2025-12-04-as-12.02.50.png\",\"datePublished\":\"2025-12-06T09:30:00+00:00\",\"description\":\"Jo\u00e3o Santos Tavares assume a presid\u00eancia da associa\u00e7\u00e3o portuguesa para a diversidade e inclus\u00e3o Nacional\",\"breadcrumb\":{\"@id\":\"https:\\\/\\\/algarve7.pt\\\/index.php\\\/2025\\\/12\\\/joao-santos-tavares-assume-a-presidencia-da-associacao-portuguesa-para-a-diversidade-e-inclusao\\\/nacional\\\/09\\\/30\\\/#breadcrumb\"},\"inLanguage\":\"pt-PT\",\"potentialAction\":[{\"@type\":\"ReadAction\",\"target\":[\"https:\\\/\\\/algarve7.pt\\\/index.php\\\/2025\\\/12\\\/joao-santos-tavares-assume-a-presidencia-da-associacao-portuguesa-para-a-diversidade-e-inclusao\\\/nacional\\\/09\\\/30\\\/\"]}]},{\"@type\":\"ImageObject\",\"inLanguage\":\"pt-PT\",\"@id\":\"https:\\\/\\\/algarve7.pt\\\/index.php\\\/2025\\\/12\\\/joao-santos-tavares-assume-a-presidencia-da-associacao-portuguesa-para-a-diversidade-e-inclusao\\\/nacional\\\/09\\\/30\\\/#primaryimage\",\"url\":\"https:\\\/\\\/algarve7.pt\\\/wp-content\\\/uploads\\\/2025\\\/12\\\/Captura-de-ecra-2025-12-04-as-12.02.50.png\",\"contentUrl\":\"https:\\\/\\\/algarve7.pt\\\/wp-content\\\/uploads\\\/2025\\\/12\\\/Captura-de-ecra-2025-12-04-as-12.02.50.png\",\"width\":800,\"height\":500},{\"@type\":\"BreadcrumbList\",\"@id\":\"https:\\\/\\\/algarve7.pt\\\/index.php\\\/2025\\\/12\\\/joao-santos-tavares-assume-a-presidencia-da-associacao-portuguesa-para-a-diversidade-e-inclusao\\\/nacional\\\/09\\\/30\\\/#breadcrumb\",\"itemListElement\":[{\"@type\":\"ListItem\",\"position\":1,\"name\":\"In\u00edcio\",\"item\":\"https:\\\/\\\/algarve7.pt\\\/\"},{\"@type\":\"ListItem\",\"position\":2,\"name\":\"Jo\u00e3o Santos Tavares assume a presid\u00eancia da associa\u00e7\u00e3o portuguesa para a diversidade e inclus\u00e3o\"}]},{\"@type\":\"WebSite\",\"@id\":\"https:\\\/\\\/algarve7.pt\\\/#website\",\"url\":\"https:\\\/\\\/algarve7.pt\\\/\",\"name\":\"Algarve 7\",\"description\":\"Informa\u00e7\u00e3o sobre o Algarve\",\"publisher\":{\"@id\":\"https:\\\/\\\/algarve7.pt\\\/#organization\"},\"potentialAction\":[{\"@type\":\"SearchAction\",\"target\":{\"@type\":\"EntryPoint\",\"urlTemplate\":\"https:\\\/\\\/algarve7.pt\\\/?s={search_term_string}\"},\"query-input\":{\"@type\":\"PropertyValueSpecification\",\"valueRequired\":true,\"valueName\":\"search_term_string\"}}],\"inLanguage\":\"pt-PT\"},{\"@type\":\"Organization\",\"@id\":\"https:\\\/\\\/algarve7.pt\\\/#organization\",\"name\":\"Algarve 7\",\"url\":\"https:\\\/\\\/algarve7.pt\\\/\",\"logo\":{\"@type\":\"ImageObject\",\"inLanguage\":\"pt-PT\",\"@id\":\"https:\\\/\\\/algarve7.pt\\\/#\\\/schema\\\/logo\\\/image\\\/\",\"url\":\"https:\\\/\\\/algarve7.pt\\\/wp-content\\\/uploads\\\/2020\\\/10\\\/Logo-8.jpg\",\"contentUrl\":\"https:\\\/\\\/algarve7.pt\\\/wp-content\\\/uploads\\\/2020\\\/10\\\/Logo-8.jpg\",\"width\":1680,\"height\":1186,\"caption\":\"Algarve 7\"},\"image\":{\"@id\":\"https:\\\/\\\/algarve7.pt\\\/#\\\/schema\\\/logo\\\/image\\\/\"},\"sameAs\":[\"https:\\\/\\\/www.facebook.com\\\/algarve7\",\"https:\\\/\\\/x.com\\\/Algarvesete\",\"https:\\\/\\\/www.instagram.com\\\/jornalalgarve7\\\/\",\"https:\\\/\\\/www.linkedin.com\\\/company\\\/algarve7\",\"https:\\\/\\\/www.pinterest.pt\\\/geral0939\\\/_created\\\/\"]},{\"@type\":\"Person\",\"@id\":\"https:\\\/\\\/algarve7.pt\\\/#\\\/schema\\\/person\\\/23fa70681308e7b319a3204bcea45e0c\",\"name\":\"Algarve 7\",\"sameAs\":[\"https:\\\/\\\/algarve7.pt\",\"https:\\\/\\\/www.facebook.com\\\/algarve7\"],\"url\":\"https:\\\/\\\/algarve7.pt\\\/index.php\\\/author\\\/geralalgarve7-pt\\\/\"}]}<\/script>\n<!-- \/ Yoast SEO plugin. -->","yoast_head_json":{"title":"Jo\u00e3o Santos Tavares assume a presid\u00eancia da associa\u00e7\u00e3o portuguesa para a diversidade e inclus\u00e3o - Algarve 7","description":"Jo\u00e3o Santos Tavares assume a presid\u00eancia da associa\u00e7\u00e3o portuguesa para a diversidade e inclus\u00e3o Nacional","robots":{"index":"index","follow":"follow","max-snippet":"max-snippet:-1","max-image-preview":"max-image-preview:large","max-video-preview":"max-video-preview:-1"},"canonical":"https:\/\/algarve7.pt\/index.php\/2025\/12\/joao-santos-tavares-assume-a-presidencia-da-associacao-portuguesa-para-a-diversidade-e-inclusao\/nacional\/09\/30\/","og_locale":"pt_PT","og_type":"article","og_title":"Jo\u00e3o Santos Tavares assume a presid\u00eancia da associa\u00e7\u00e3o portuguesa para a diversidade e inclus\u00e3o - Algarve 7","og_description":"Jo\u00e3o Santos Tavares assume a presid\u00eancia da associa\u00e7\u00e3o portuguesa para a diversidade e inclus\u00e3o Nacional","og_url":"https:\/\/algarve7.pt\/index.php\/2025\/12\/joao-santos-tavares-assume-a-presidencia-da-associacao-portuguesa-para-a-diversidade-e-inclusao\/nacional\/09\/30\/","og_site_name":"Algarve 7","article_publisher":"https:\/\/www.facebook.com\/algarve7","article_author":"https:\/\/www.facebook.com\/algarve7","article_published_time":"2025-12-06T09:30:00+00:00","og_image":[{"width":800,"height":500,"url":"https:\/\/algarve7.pt\/wp-content\/uploads\/2025\/12\/Captura-de-ecra-2025-12-04-as-12.02.50.png","type":"image\/png"}],"author":"Algarve 7","twitter_card":"summary_large_image","twitter_creator":"@Algarvesete","twitter_site":"@Algarvesete","twitter_misc":{"Escrito por":"Algarve 7","Tempo estimado de leitura":"4 minutos"},"schema":{"@context":"https:\/\/schema.org","@graph":[{"@type":"Article","@id":"https:\/\/algarve7.pt\/index.php\/2025\/12\/joao-santos-tavares-assume-a-presidencia-da-associacao-portuguesa-para-a-diversidade-e-inclusao\/nacional\/09\/30\/#article","isPartOf":{"@id":"https:\/\/algarve7.pt\/index.php\/2025\/12\/joao-santos-tavares-assume-a-presidencia-da-associacao-portuguesa-para-a-diversidade-e-inclusao\/nacional\/09\/30\/"},"author":{"name":"Algarve 7","@id":"https:\/\/algarve7.pt\/#\/schema\/person\/23fa70681308e7b319a3204bcea45e0c"},"headline":"Jo\u00e3o Santos Tavares assume a presid\u00eancia da associa\u00e7\u00e3o portuguesa para a diversidade e inclus\u00e3o","datePublished":"2025-12-06T09:30:00+00:00","mainEntityOfPage":{"@id":"https:\/\/algarve7.pt\/index.php\/2025\/12\/joao-santos-tavares-assume-a-presidencia-da-associacao-portuguesa-para-a-diversidade-e-inclusao\/nacional\/09\/30\/"},"wordCount":604,"publisher":{"@id":"https:\/\/algarve7.pt\/#organization"},"image":{"@id":"https:\/\/algarve7.pt\/index.php\/2025\/12\/joao-santos-tavares-assume-a-presidencia-da-associacao-portuguesa-para-a-diversidade-e-inclusao\/nacional\/09\/30\/#primaryimage"},"thumbnailUrl":"https:\/\/algarve7.pt\/wp-content\/uploads\/2025\/12\/Captura-de-ecra-2025-12-04-as-12.02.50.png","keywords":["Nacional"],"articleSection":["Nacional"],"inLanguage":"pt-PT"},{"@type":"WebPage","@id":"https:\/\/algarve7.pt\/index.php\/2025\/12\/joao-santos-tavares-assume-a-presidencia-da-associacao-portuguesa-para-a-diversidade-e-inclusao\/nacional\/09\/30\/","url":"https:\/\/algarve7.pt\/index.php\/2025\/12\/joao-santos-tavares-assume-a-presidencia-da-associacao-portuguesa-para-a-diversidade-e-inclusao\/nacional\/09\/30\/","name":"Jo\u00e3o Santos Tavares assume a presid\u00eancia da associa\u00e7\u00e3o portuguesa para a diversidade e inclus\u00e3o - Algarve 7","isPartOf":{"@id":"https:\/\/algarve7.pt\/#website"},"primaryImageOfPage":{"@id":"https:\/\/algarve7.pt\/index.php\/2025\/12\/joao-santos-tavares-assume-a-presidencia-da-associacao-portuguesa-para-a-diversidade-e-inclusao\/nacional\/09\/30\/#primaryimage"},"image":{"@id":"https:\/\/algarve7.pt\/index.php\/2025\/12\/joao-santos-tavares-assume-a-presidencia-da-associacao-portuguesa-para-a-diversidade-e-inclusao\/nacional\/09\/30\/#primaryimage"},"thumbnailUrl":"https:\/\/algarve7.pt\/wp-content\/uploads\/2025\/12\/Captura-de-ecra-2025-12-04-as-12.02.50.png","datePublished":"2025-12-06T09:30:00+00:00","description":"Jo\u00e3o Santos Tavares assume a presid\u00eancia da associa\u00e7\u00e3o portuguesa para a diversidade e inclus\u00e3o Nacional","breadcrumb":{"@id":"https:\/\/algarve7.pt\/index.php\/2025\/12\/joao-santos-tavares-assume-a-presidencia-da-associacao-portuguesa-para-a-diversidade-e-inclusao\/nacional\/09\/30\/#breadcrumb"},"inLanguage":"pt-PT","potentialAction":[{"@type":"ReadAction","target":["https:\/\/algarve7.pt\/index.php\/2025\/12\/joao-santos-tavares-assume-a-presidencia-da-associacao-portuguesa-para-a-diversidade-e-inclusao\/nacional\/09\/30\/"]}]},{"@type":"ImageObject","inLanguage":"pt-PT","@id":"https:\/\/algarve7.pt\/index.php\/2025\/12\/joao-santos-tavares-assume-a-presidencia-da-associacao-portuguesa-para-a-diversidade-e-inclusao\/nacional\/09\/30\/#primaryimage","url":"https:\/\/algarve7.pt\/wp-content\/uploads\/2025\/12\/Captura-de-ecra-2025-12-04-as-12.02.50.png","contentUrl":"https:\/\/algarve7.pt\/wp-content\/uploads\/2025\/12\/Captura-de-ecra-2025-12-04-as-12.02.50.png","width":800,"height":500},{"@type":"BreadcrumbList","@id":"https:\/\/algarve7.pt\/index.php\/2025\/12\/joao-santos-tavares-assume-a-presidencia-da-associacao-portuguesa-para-a-diversidade-e-inclusao\/nacional\/09\/30\/#breadcrumb","itemListElement":[{"@type":"ListItem","position":1,"name":"In\u00edcio","item":"https:\/\/algarve7.pt\/"},{"@type":"ListItem","position":2,"name":"Jo\u00e3o Santos Tavares assume a presid\u00eancia da associa\u00e7\u00e3o portuguesa para a diversidade e inclus\u00e3o"}]},{"@type":"WebSite","@id":"https:\/\/algarve7.pt\/#website","url":"https:\/\/algarve7.pt\/","name":"Algarve 7","description":"Informa\u00e7\u00e3o sobre o Algarve","publisher":{"@id":"https:\/\/algarve7.pt\/#organization"},"potentialAction":[{"@type":"SearchAction","target":{"@type":"EntryPoint","urlTemplate":"https:\/\/algarve7.pt\/?s={search_term_string}"},"query-input":{"@type":"PropertyValueSpecification","valueRequired":true,"valueName":"search_term_string"}}],"inLanguage":"pt-PT"},{"@type":"Organization","@id":"https:\/\/algarve7.pt\/#organization","name":"Algarve 7","url":"https:\/\/algarve7.pt\/","logo":{"@type":"ImageObject","inLanguage":"pt-PT","@id":"https:\/\/algarve7.pt\/#\/schema\/logo\/image\/","url":"https:\/\/algarve7.pt\/wp-content\/uploads\/2020\/10\/Logo-8.jpg","contentUrl":"https:\/\/algarve7.pt\/wp-content\/uploads\/2020\/10\/Logo-8.jpg","width":1680,"height":1186,"caption":"Algarve 7"},"image":{"@id":"https:\/\/algarve7.pt\/#\/schema\/logo\/image\/"},"sameAs":["https:\/\/www.facebook.com\/algarve7","https:\/\/x.com\/Algarvesete","https:\/\/www.instagram.com\/jornalalgarve7\/","https:\/\/www.linkedin.com\/company\/algarve7","https:\/\/www.pinterest.pt\/geral0939\/_created\/"]},{"@type":"Person","@id":"https:\/\/algarve7.pt\/#\/schema\/person\/23fa70681308e7b319a3204bcea45e0c","name":"Algarve 7","sameAs":["https:\/\/algarve7.pt","https:\/\/www.facebook.com\/algarve7"],"url":"https:\/\/algarve7.pt\/index.php\/author\/geralalgarve7-pt\/"}]}},"jetpack_publicize_connections":[],"jetpack_featured_media_url":"https:\/\/algarve7.pt\/wp-content\/uploads\/2025\/12\/Captura-de-ecra-2025-12-04-as-12.02.50.png","jetpack_shortlink":"https:\/\/wp.me\/pcezmW-eKm","jetpack_sharing_enabled":true,"_links":{"self":[{"href":"https:\/\/algarve7.pt\/index.php\/wp-json\/wp\/v2\/posts\/56690","targetHints":{"allow":["GET"]}}],"collection":[{"href":"https:\/\/algarve7.pt\/index.php\/wp-json\/wp\/v2\/posts"}],"about":[{"href":"https:\/\/algarve7.pt\/index.php\/wp-json\/wp\/v2\/types\/post"}],"author":[{"embeddable":true,"href":"https:\/\/algarve7.pt\/index.php\/wp-json\/wp\/v2\/users\/1"}],"replies":[{"embeddable":true,"href":"https:\/\/algarve7.pt\/index.php\/wp-json\/wp\/v2\/comments?post=56690"}],"version-history":[{"count":0,"href":"https:\/\/algarve7.pt\/index.php\/wp-json\/wp\/v2\/posts\/56690\/revisions"}],"wp:featuredmedia":[{"embeddable":true,"href":"https:\/\/algarve7.pt\/index.php\/wp-json\/wp\/v2\/media\/56691"}],"wp:attachment":[{"href":"https:\/\/algarve7.pt\/index.php\/wp-json\/wp\/v2\/media?parent=56690"}],"wp:term":[{"taxonomy":"category","embeddable":true,"href":"https:\/\/algarve7.pt\/index.php\/wp-json\/wp\/v2\/categories?post=56690"},{"taxonomy":"post_tag","embeddable":true,"href":"https:\/\/algarve7.pt\/index.php\/wp-json\/wp\/v2\/tags?post=56690"}],"curies":[{"name":"wp","href":"https:\/\/api.w.org\/{rel}","templated":true}]}}