{"id":56661,"date":"2025-12-04T08:00:00","date_gmt":"2025-12-04T08:00:00","guid":{"rendered":"https:\/\/algarve7.pt\/?p=56661"},"modified":"2025-12-03T19:45:08","modified_gmt":"2025-12-03T19:45:08","slug":"em-dezembro-loule-celebra-o-natal-com-coproducoes-musica-e-estreias-de-teatro","status":"publish","type":"post","link":"https:\/\/algarve7.pt\/index.php\/2025\/12\/em-dezembro-loule-celebra-o-natal-com-coproducoes-musica-e-estreias-de-teatro\/cultura\/08\/00\/","title":{"rendered":"Em dezembro, Loul\u00e9 celebra o Natal com coprodu\u00e7\u00f5es, m\u00fasica e estreias de teatro"},"content":{"rendered":"\n<p>Em dezembro, o Cineteatro Louletano apresenta uma programa\u00e7\u00e3o marcada pelo esp\u00edrito de encontro e celebra\u00e7\u00e3o, cruzando coprodu\u00e7\u00f5es, m\u00fasica, dan\u00e7a, teatro e projetos de media\u00e7\u00e3o que refor\u00e7am a liga\u00e7\u00e3o \u00e0s comunidades.&nbsp;<\/p>\n\n\n\n<p>O m\u00eas arranca com&nbsp;<em>Manual de Sobreviv\u00eancia para o Futuro<\/em>, entre os dias 2 e 5 uma cria\u00e7\u00e3o do Teatro do El\u00e9ctrico com alunos do 12.\u00ba ano da Escola Secund\u00e1ria Dra. Laura Ayres, integrando um trabalho continuado de media\u00e7\u00e3o art\u00edstica.&nbsp;<br>A 5 de dezembro, sexta-feira \u00e0 noite, o Cineteatro acolhe&nbsp;<em>As Tr\u00eas Promessas<\/em>, pela Bela Companhia de Teatro (14h30 para escolas e 21h00 para o p\u00fablico em geral), enquanto no mesmo dia, \u00e0s 21h00, o Pavilh\u00e3o Multiusos 25 de Abril, em Almancil, recebe LABIA, de Jo Castro, numa coprodu\u00e7\u00e3o multidisciplinar com enfoque na dan\u00e7a. LABIA prop\u00f5e um encontro entre artistas multidisciplinares que navegam entre mundos sem se encerrar em formas enraizadas de operar, numa coexist\u00eancia e ressignifica\u00e7\u00e3o das suas (res)(ex)ist\u00eancias.<\/p>\n\n\n\n<p>No dia 6, a Casa da Cultura de Loul\u00e9 recebe o percurso performativo&nbsp;<em>Lugar para Toda a Gente<\/em>, de Rui Raposo, uma iniciativa conjunta do Teatro Nacional D. Maria II e da Funda\u00e7\u00e3o Calouste Gulbenkian, integrada no programa ATOS, em parceria com o Cineteatro Louletano. \u00c0s 17h00, no Audit\u00f3rio do Solar da M\u00fasica Nova, apresenta-se&nbsp;<em>\u00c9s o dono do oxig\u00e9nio, quanto cobras por um minuto de ar?,<\/em>&nbsp;de Marlene Barreto, tamb\u00e9m integrado no ATOS.&nbsp;<\/p>\n\n\n\n<p><br>J\u00e1 no dia 7, \u00e0s 17h00, o Cineteatro Louletano apresenta&nbsp;<em>A Festa<\/em>, pela ACTA \u2013 Companhia de Teatro do Algarve, com interpreta\u00e7\u00e3o em L\u00edngua Gestual Portuguesa. M\u00e3e, pai e filho partilham a mesma casa; a m\u00e3e tenta fazer alguns avan\u00e7os para comemorar o anivers\u00e1rio de casamento, o pai procura um qualquer motivo que o afaste daquela casa e o filho \u00e9 incapaz de estabelecer qualquer comunica\u00e7\u00e3o. A Festa \u00e9 um espet\u00e1culo sobre a fam\u00edlia que n\u00e3o sabe comunicar, que se esgota em tentativas de solucionar os seus pr\u00f3prios problemas, mas acaba por criar inevitavelmente um ciclo repetitivo de mal-entendidos.<\/p>\n\n\n\n<p>A 12 de dezembro, \u00e0s 21h00, apresenta-se&nbsp;<em>Cratera<\/em>, de Andr\u00e9 Braga e Cl\u00e1udia Figueiredo \/ Circolando \u2013 Central El\u00e9trica, numa coprodu\u00e7\u00e3o de dan\u00e7a que inclui conversa com a equipa art\u00edstica. Seguindo de perto as propostas da Geopo\u00e9tica e de outros autores que trazem o debate das quest\u00f5es ecol\u00f3gicas para um plano mais micro,&nbsp;<em>Cratera<\/em>&nbsp;procura experi\u00eancias intensas de conex\u00e3o com a terra que reclamem outras formas de linguagem e lucidez, apelando \u00e0 paisagem vulc\u00e2nica, pela sua forte dimens\u00e3o tel\u00farica e proximidade \u00e0 pulsa\u00e7\u00e3o e respira\u00e7\u00e3o da terra.<\/p>\n\n\n\n<p>No s\u00e1bado, dia 13, \u00e0s 17h00, o Audit\u00f3rio do Solar da M\u00fasica Nova acolhe mais um concerto do ciclo Ilustres Desconhecidos, desta vez com a artista luso-croata Lana Gaspar\u00f8tti. Lana Gaspar\u00f8tti \u00e9 voz, synths, teclados e guia em todo o seu trabalho. Ancorada principalmente na instrumenta\u00e7\u00e3o, a&nbsp;<em>performance<\/em>&nbsp;da artista luso-croata assenta na explora\u00e7\u00e3o entre eletr\u00f3nica e acidjazz.<\/p>\n\n\n\n<p>Tamb\u00e9m no s\u00e1bado, mas \u00e0s 21h00, no Cineteatro Louletano, estreia&nbsp;<em>A F\u00e1brica<\/em>, pelo TAL \u2013 Teatro An\u00e1lise de Loul\u00e9, uma coprodu\u00e7\u00e3o apoiada pela Bolsa de Apoio ao Teatro. Num futuro dist\u00f3pico, os trabalhadores de&nbsp;<em>A F\u00e1brica<\/em>&nbsp;est\u00e3o presos a uma rotina implac\u00e1vel, onde o trabalho consome todo o seu tempo e n\u00e3o h\u00e1 espa\u00e7o para reflex\u00e3o ou fuga. A estabilidade do sistema come\u00e7a a ser amea\u00e7ada quando um dos oper\u00e1rios n\u00e3o aparece para trabalhar e falhas nas tarefas di\u00e1rias come\u00e7am a acontecer.<\/p>\n\n\n\n<p>A m\u00fasica de Natal marca presen\u00e7a no domingo, dia 14, \u00e0s 17h00, com o concerto do Conservat\u00f3rio de M\u00fasica de Loul\u00e9 \u2013 Francisco Rosado, de entrada gratuita.&nbsp;<br>E na ter\u00e7a, dia 16, \u00e0s 21h00, o Ao Luar Teatro estreia&nbsp;<em>Uma Estrada para o Sil\u00eancio<\/em>, uma coprodu\u00e7\u00e3o apoiada pela Bolsa de Apoio ao Teatro que aborda as transforma\u00e7\u00f5es sociais do mundo rural.&nbsp;<\/p>\n\n\n\n<p>No dia 18, entre as 18h00 e as 20h00 o P\u00f3lo de Almancil da Biblioteca Municipal de Loul\u00e9 receber uma oficina\/workshop de m\u00fasica e dan\u00e7a, relacionado com um espet\u00e1culo que estreia a 19 no Cineteatro, Ma\u00e7\u00e3 d\u2019Ad\u00e3o. A oficina tem o t\u00edtulo de O Som do Gesto e conta com Lander Patrick, um dos criadores do espet\u00e1culo. \u00c9 dirigida preferencialmente a m\u00fasicos e bailarinos, com ou sem experi\u00eancia, e tem um n\u00famero m\u00e1ximo de 30 participantes, sem limite de idade.<\/p>\n\n\n\n<p>Depois, a 19 de dezembro, sexta, \u00e0s 21h00, apresenta-se Ma\u00e7\u00e3 d\u2019Ad\u00e3o, o novo projeto multidisciplinar de Jonas, que junta m\u00fasica e dan\u00e7a e integra o recurso de audiodescri\u00e7\u00e3o, para pessoas cegas e\/ou com baixa vis\u00e3o. O espet\u00e1culo \u00e9 seguido de uma&nbsp;<em>party<\/em>, com um DJ Set que conta com o DJ Landi. A festa, que vai das 23h00 \u00e0s 02h00, no Audit\u00f3rio do Solar da M\u00fasica Nova, tem o selo do Clube do Espectador Emancipado, da Associa\u00e7\u00e3o AORCA.&nbsp;<\/p>\n\n\n\n<p>Pouco antes do Natal chegam de presente duas encomendas: no dia 20, \u00e0s 21h00, Janita Salom\u00e9 e R\u00faben Alves convidam a Banda da Sociedade Filarm\u00f3nica Artistas de Minerva para um concerto que cruza tradi\u00e7\u00f5es e sonoridades ib\u00e9ricas; e no dia 21, tamb\u00e9m \u00e0s 21h00, as Mo\u00e7oilas apresentam Enleio: Concerto para Daniel Vieira, um encontro entre m\u00fasica, mem\u00f3ria e artes visuais inspirado nas paisagens do barrocal algarvio.<\/p>\n\n\n\n<p><strong><em><br>Prenda de Natal antecipada: o cart\u00e3o de amigo do CTL<\/em><\/strong><\/p>\n\n\n\n<p>N\u00e3o sendo uma novidade, \u00e9 sempre bom recordar que o Cineteatro Louletano disp\u00f5e de uma \u201cferramenta\u201d que d\u00e1 descontos adicionais e outros benef\u00edcios, algo que os novos utentes (ou os j\u00e1 fidelizados, que podem renovar) poder\u00e3o considerar como uma boa prenda natal\u00edcia: o Cart\u00e3o de Amigo do Cineteatro Louletano.&nbsp;<\/p>\n\n\n\n<p>O Cart\u00e3o de Amigo integra a pol\u00edtica cultural do Munic\u00edpio de Loul\u00e9 e pretende facilitar o envolvimento de novos espectadores e ao mesmo tempo reconhecer a fidelidade dos que acompanham regularmente a programa\u00e7\u00e3o. O cart\u00e3o, pessoal e intransmiss\u00edvel, destina-se a maiores de 12 anos e tem um custo anual de 12 \u20ac, podendo ser adquirido ou renovado na bilheteira f\u00edsica do Cineteatro, em locais aderentes ou na plataforma online BOL.<\/p>\n\n\n\n<p>Entre os benef\u00edcios, destaca-se o desconto de 50% nos espet\u00e1culos organizados ou coorganizados pelo Cineteatro, com exce\u00e7\u00e3o de eventos cujo valor do bilhete seja inferior a \u20ac10,00 e dos concertos organizados\/coproduzidos pela Orquestra do Algarve. O desconto aplica-se a um bilhete por espet\u00e1culo, n\u00e3o \u00e9 acumul\u00e1vel com outras redu\u00e7\u00f5es em vigor e pode incluir convites para ensaios abertos ou contacto com artistas, sempre que aplic\u00e1vel.<\/p>\n","protected":false},"excerpt":{"rendered":"<p>Em dezembro, o Cineteatro Louletano apresenta uma programa\u00e7\u00e3o marcada pelo esp\u00edrito de encontro e celebra\u00e7\u00e3o, cruzando coprodu\u00e7\u00f5es, m\u00fasica, dan\u00e7a, teatro<\/p>\n","protected":false},"author":1,"featured_media":56662,"comment_status":"closed","ping_status":"closed","sticky":false,"template":"","format":"standard","meta":{"colormag_page_container_layout":"default_layout","colormag_page_sidebar_layout":"default_layout","_monsterinsights_skip_tracking":false,"_monsterinsights_sitenote_active":false,"_monsterinsights_sitenote_note":"","_monsterinsights_sitenote_category":0,"jetpack_post_was_ever_published":false,"_jetpack_newsletter_access":"","_jetpack_dont_email_post_to_subs":false,"_jetpack_newsletter_tier_id":0,"_jetpack_memberships_contains_paywalled_content":false,"_jetpack_memberships_contains_paid_content":false,"footnotes":"","jetpack_publicize_message":"","jetpack_publicize_feature_enabled":true,"jetpack_social_post_already_shared":true,"jetpack_social_options":{"image_generator_settings":{"template":"highway","default_image_id":0,"font":"","enabled":false},"version":2}},"categories":[14],"tags":[36,35,31],"class_list":["post-56661","post","type-post","status-publish","format-standard","has-post-thumbnail","hentry","category-cultura","tag-algarve","tag-cultura","tag-loule"],"yoast_head":"<!-- This site is optimized with the Yoast SEO plugin v27.5 - https:\/\/yoast.com\/product\/yoast-seo-wordpress\/ -->\n<title>Em dezembro, Loul\u00e9 celebra o Natal com coprodu\u00e7\u00f5es, m\u00fasica e estreias de teatro - Algarve 7<\/title>\n<meta name=\"description\" content=\"Em dezembro, Loul\u00e9 celebra o Natal com coprodu\u00e7\u00f5es, m\u00fasica e estreias de teatro Cultura\" \/>\n<meta name=\"robots\" content=\"index, follow, max-snippet:-1, max-image-preview:large, max-video-preview:-1\" \/>\n<link rel=\"canonical\" href=\"https:\/\/algarve7.pt\/index.php\/2025\/12\/em-dezembro-loule-celebra-o-natal-com-coproducoes-musica-e-estreias-de-teatro\/cultura\/08\/00\/\" \/>\n<meta property=\"og:locale\" content=\"pt_PT\" \/>\n<meta property=\"og:type\" content=\"article\" \/>\n<meta property=\"og:title\" content=\"Em dezembro, Loul\u00e9 celebra o Natal com coprodu\u00e7\u00f5es, m\u00fasica e estreias de teatro - Algarve 7\" \/>\n<meta property=\"og:description\" content=\"Em dezembro, Loul\u00e9 celebra o Natal com coprodu\u00e7\u00f5es, m\u00fasica e estreias de teatro Cultura\" \/>\n<meta property=\"og:url\" content=\"https:\/\/algarve7.pt\/index.php\/2025\/12\/em-dezembro-loule-celebra-o-natal-com-coproducoes-musica-e-estreias-de-teatro\/cultura\/08\/00\/\" \/>\n<meta property=\"og:site_name\" content=\"Algarve 7\" \/>\n<meta property=\"article:publisher\" content=\"https:\/\/www.facebook.com\/algarve7\" \/>\n<meta property=\"article:author\" content=\"https:\/\/www.facebook.com\/algarve7\" \/>\n<meta property=\"article:published_time\" content=\"2025-12-04T08:00:00+00:00\" \/>\n<meta property=\"og:image\" content=\"https:\/\/algarve7.pt\/wp-content\/uploads\/2025\/12\/JANITA-15.jpg\" \/>\n\t<meta property=\"og:image:width\" content=\"800\" \/>\n\t<meta property=\"og:image:height\" content=\"500\" \/>\n\t<meta property=\"og:image:type\" content=\"image\/jpeg\" \/>\n<meta name=\"author\" content=\"Algarve 7\" \/>\n<meta name=\"twitter:card\" content=\"summary_large_image\" \/>\n<meta name=\"twitter:creator\" content=\"@Algarvesete\" \/>\n<meta name=\"twitter:site\" content=\"@Algarvesete\" \/>\n<meta name=\"twitter:label1\" content=\"Escrito por\" \/>\n\t<meta name=\"twitter:data1\" content=\"Algarve 7\" \/>\n\t<meta name=\"twitter:label2\" content=\"Tempo estimado de leitura\" \/>\n\t<meta name=\"twitter:data2\" content=\"6 minutos\" \/>\n<script type=\"application\/ld+json\" class=\"yoast-schema-graph\">{\"@context\":\"https:\\\/\\\/schema.org\",\"@graph\":[{\"@type\":\"Article\",\"@id\":\"https:\\\/\\\/algarve7.pt\\\/index.php\\\/2025\\\/12\\\/em-dezembro-loule-celebra-o-natal-com-coproducoes-musica-e-estreias-de-teatro\\\/cultura\\\/08\\\/00\\\/#article\",\"isPartOf\":{\"@id\":\"https:\\\/\\\/algarve7.pt\\\/index.php\\\/2025\\\/12\\\/em-dezembro-loule-celebra-o-natal-com-coproducoes-musica-e-estreias-de-teatro\\\/cultura\\\/08\\\/00\\\/\"},\"author\":{\"name\":\"Algarve 7\",\"@id\":\"https:\\\/\\\/algarve7.pt\\\/#\\\/schema\\\/person\\\/23fa70681308e7b319a3204bcea45e0c\"},\"headline\":\"Em dezembro, Loul\u00e9 celebra o Natal com coprodu\u00e7\u00f5es, m\u00fasica e estreias de teatro\",\"datePublished\":\"2025-12-04T08:00:00+00:00\",\"mainEntityOfPage\":{\"@id\":\"https:\\\/\\\/algarve7.pt\\\/index.php\\\/2025\\\/12\\\/em-dezembro-loule-celebra-o-natal-com-coproducoes-musica-e-estreias-de-teatro\\\/cultura\\\/08\\\/00\\\/\"},\"wordCount\":1177,\"publisher\":{\"@id\":\"https:\\\/\\\/algarve7.pt\\\/#organization\"},\"image\":{\"@id\":\"https:\\\/\\\/algarve7.pt\\\/index.php\\\/2025\\\/12\\\/em-dezembro-loule-celebra-o-natal-com-coproducoes-musica-e-estreias-de-teatro\\\/cultura\\\/08\\\/00\\\/#primaryimage\"},\"thumbnailUrl\":\"https:\\\/\\\/algarve7.pt\\\/wp-content\\\/uploads\\\/2025\\\/12\\\/JANITA-15.jpg\",\"keywords\":[\"Algarve\",\"Cultura\",\"Loul\u00e9\"],\"articleSection\":[\"Cultura\"],\"inLanguage\":\"pt-PT\"},{\"@type\":\"WebPage\",\"@id\":\"https:\\\/\\\/algarve7.pt\\\/index.php\\\/2025\\\/12\\\/em-dezembro-loule-celebra-o-natal-com-coproducoes-musica-e-estreias-de-teatro\\\/cultura\\\/08\\\/00\\\/\",\"url\":\"https:\\\/\\\/algarve7.pt\\\/index.php\\\/2025\\\/12\\\/em-dezembro-loule-celebra-o-natal-com-coproducoes-musica-e-estreias-de-teatro\\\/cultura\\\/08\\\/00\\\/\",\"name\":\"Em dezembro, Loul\u00e9 celebra o Natal com coprodu\u00e7\u00f5es, m\u00fasica e estreias de teatro - Algarve 7\",\"isPartOf\":{\"@id\":\"https:\\\/\\\/algarve7.pt\\\/#website\"},\"primaryImageOfPage\":{\"@id\":\"https:\\\/\\\/algarve7.pt\\\/index.php\\\/2025\\\/12\\\/em-dezembro-loule-celebra-o-natal-com-coproducoes-musica-e-estreias-de-teatro\\\/cultura\\\/08\\\/00\\\/#primaryimage\"},\"image\":{\"@id\":\"https:\\\/\\\/algarve7.pt\\\/index.php\\\/2025\\\/12\\\/em-dezembro-loule-celebra-o-natal-com-coproducoes-musica-e-estreias-de-teatro\\\/cultura\\\/08\\\/00\\\/#primaryimage\"},\"thumbnailUrl\":\"https:\\\/\\\/algarve7.pt\\\/wp-content\\\/uploads\\\/2025\\\/12\\\/JANITA-15.jpg\",\"datePublished\":\"2025-12-04T08:00:00+00:00\",\"description\":\"Em dezembro, Loul\u00e9 celebra o Natal com coprodu\u00e7\u00f5es, m\u00fasica e estreias de teatro Cultura\",\"breadcrumb\":{\"@id\":\"https:\\\/\\\/algarve7.pt\\\/index.php\\\/2025\\\/12\\\/em-dezembro-loule-celebra-o-natal-com-coproducoes-musica-e-estreias-de-teatro\\\/cultura\\\/08\\\/00\\\/#breadcrumb\"},\"inLanguage\":\"pt-PT\",\"potentialAction\":[{\"@type\":\"ReadAction\",\"target\":[\"https:\\\/\\\/algarve7.pt\\\/index.php\\\/2025\\\/12\\\/em-dezembro-loule-celebra-o-natal-com-coproducoes-musica-e-estreias-de-teatro\\\/cultura\\\/08\\\/00\\\/\"]}]},{\"@type\":\"ImageObject\",\"inLanguage\":\"pt-PT\",\"@id\":\"https:\\\/\\\/algarve7.pt\\\/index.php\\\/2025\\\/12\\\/em-dezembro-loule-celebra-o-natal-com-coproducoes-musica-e-estreias-de-teatro\\\/cultura\\\/08\\\/00\\\/#primaryimage\",\"url\":\"https:\\\/\\\/algarve7.pt\\\/wp-content\\\/uploads\\\/2025\\\/12\\\/JANITA-15.jpg\",\"contentUrl\":\"https:\\\/\\\/algarve7.pt\\\/wp-content\\\/uploads\\\/2025\\\/12\\\/JANITA-15.jpg\",\"width\":800,\"height\":500},{\"@type\":\"BreadcrumbList\",\"@id\":\"https:\\\/\\\/algarve7.pt\\\/index.php\\\/2025\\\/12\\\/em-dezembro-loule-celebra-o-natal-com-coproducoes-musica-e-estreias-de-teatro\\\/cultura\\\/08\\\/00\\\/#breadcrumb\",\"itemListElement\":[{\"@type\":\"ListItem\",\"position\":1,\"name\":\"In\u00edcio\",\"item\":\"https:\\\/\\\/algarve7.pt\\\/\"},{\"@type\":\"ListItem\",\"position\":2,\"name\":\"Em dezembro, Loul\u00e9 celebra o Natal com coprodu\u00e7\u00f5es, m\u00fasica e estreias de teatro\"}]},{\"@type\":\"WebSite\",\"@id\":\"https:\\\/\\\/algarve7.pt\\\/#website\",\"url\":\"https:\\\/\\\/algarve7.pt\\\/\",\"name\":\"Algarve 7\",\"description\":\"Informa\u00e7\u00e3o sobre o Algarve\",\"publisher\":{\"@id\":\"https:\\\/\\\/algarve7.pt\\\/#organization\"},\"potentialAction\":[{\"@type\":\"SearchAction\",\"target\":{\"@type\":\"EntryPoint\",\"urlTemplate\":\"https:\\\/\\\/algarve7.pt\\\/?s={search_term_string}\"},\"query-input\":{\"@type\":\"PropertyValueSpecification\",\"valueRequired\":true,\"valueName\":\"search_term_string\"}}],\"inLanguage\":\"pt-PT\"},{\"@type\":\"Organization\",\"@id\":\"https:\\\/\\\/algarve7.pt\\\/#organization\",\"name\":\"Algarve 7\",\"url\":\"https:\\\/\\\/algarve7.pt\\\/\",\"logo\":{\"@type\":\"ImageObject\",\"inLanguage\":\"pt-PT\",\"@id\":\"https:\\\/\\\/algarve7.pt\\\/#\\\/schema\\\/logo\\\/image\\\/\",\"url\":\"https:\\\/\\\/algarve7.pt\\\/wp-content\\\/uploads\\\/2020\\\/10\\\/Logo-8.jpg\",\"contentUrl\":\"https:\\\/\\\/algarve7.pt\\\/wp-content\\\/uploads\\\/2020\\\/10\\\/Logo-8.jpg\",\"width\":1680,\"height\":1186,\"caption\":\"Algarve 7\"},\"image\":{\"@id\":\"https:\\\/\\\/algarve7.pt\\\/#\\\/schema\\\/logo\\\/image\\\/\"},\"sameAs\":[\"https:\\\/\\\/www.facebook.com\\\/algarve7\",\"https:\\\/\\\/x.com\\\/Algarvesete\",\"https:\\\/\\\/www.instagram.com\\\/jornalalgarve7\\\/\",\"https:\\\/\\\/www.linkedin.com\\\/company\\\/algarve7\",\"https:\\\/\\\/www.pinterest.pt\\\/geral0939\\\/_created\\\/\"]},{\"@type\":\"Person\",\"@id\":\"https:\\\/\\\/algarve7.pt\\\/#\\\/schema\\\/person\\\/23fa70681308e7b319a3204bcea45e0c\",\"name\":\"Algarve 7\",\"sameAs\":[\"https:\\\/\\\/algarve7.pt\",\"https:\\\/\\\/www.facebook.com\\\/algarve7\"],\"url\":\"https:\\\/\\\/algarve7.pt\\\/index.php\\\/author\\\/geralalgarve7-pt\\\/\"}]}<\/script>\n<!-- \/ Yoast SEO plugin. -->","yoast_head_json":{"title":"Em dezembro, Loul\u00e9 celebra o Natal com coprodu\u00e7\u00f5es, m\u00fasica e estreias de teatro - Algarve 7","description":"Em dezembro, Loul\u00e9 celebra o Natal com coprodu\u00e7\u00f5es, m\u00fasica e estreias de teatro Cultura","robots":{"index":"index","follow":"follow","max-snippet":"max-snippet:-1","max-image-preview":"max-image-preview:large","max-video-preview":"max-video-preview:-1"},"canonical":"https:\/\/algarve7.pt\/index.php\/2025\/12\/em-dezembro-loule-celebra-o-natal-com-coproducoes-musica-e-estreias-de-teatro\/cultura\/08\/00\/","og_locale":"pt_PT","og_type":"article","og_title":"Em dezembro, Loul\u00e9 celebra o Natal com coprodu\u00e7\u00f5es, m\u00fasica e estreias de teatro - Algarve 7","og_description":"Em dezembro, Loul\u00e9 celebra o Natal com coprodu\u00e7\u00f5es, m\u00fasica e estreias de teatro Cultura","og_url":"https:\/\/algarve7.pt\/index.php\/2025\/12\/em-dezembro-loule-celebra-o-natal-com-coproducoes-musica-e-estreias-de-teatro\/cultura\/08\/00\/","og_site_name":"Algarve 7","article_publisher":"https:\/\/www.facebook.com\/algarve7","article_author":"https:\/\/www.facebook.com\/algarve7","article_published_time":"2025-12-04T08:00:00+00:00","og_image":[{"width":800,"height":500,"url":"https:\/\/algarve7.pt\/wp-content\/uploads\/2025\/12\/JANITA-15.jpg","type":"image\/jpeg"}],"author":"Algarve 7","twitter_card":"summary_large_image","twitter_creator":"@Algarvesete","twitter_site":"@Algarvesete","twitter_misc":{"Escrito por":"Algarve 7","Tempo estimado de leitura":"6 minutos"},"schema":{"@context":"https:\/\/schema.org","@graph":[{"@type":"Article","@id":"https:\/\/algarve7.pt\/index.php\/2025\/12\/em-dezembro-loule-celebra-o-natal-com-coproducoes-musica-e-estreias-de-teatro\/cultura\/08\/00\/#article","isPartOf":{"@id":"https:\/\/algarve7.pt\/index.php\/2025\/12\/em-dezembro-loule-celebra-o-natal-com-coproducoes-musica-e-estreias-de-teatro\/cultura\/08\/00\/"},"author":{"name":"Algarve 7","@id":"https:\/\/algarve7.pt\/#\/schema\/person\/23fa70681308e7b319a3204bcea45e0c"},"headline":"Em dezembro, Loul\u00e9 celebra o Natal com coprodu\u00e7\u00f5es, m\u00fasica e estreias de teatro","datePublished":"2025-12-04T08:00:00+00:00","mainEntityOfPage":{"@id":"https:\/\/algarve7.pt\/index.php\/2025\/12\/em-dezembro-loule-celebra-o-natal-com-coproducoes-musica-e-estreias-de-teatro\/cultura\/08\/00\/"},"wordCount":1177,"publisher":{"@id":"https:\/\/algarve7.pt\/#organization"},"image":{"@id":"https:\/\/algarve7.pt\/index.php\/2025\/12\/em-dezembro-loule-celebra-o-natal-com-coproducoes-musica-e-estreias-de-teatro\/cultura\/08\/00\/#primaryimage"},"thumbnailUrl":"https:\/\/algarve7.pt\/wp-content\/uploads\/2025\/12\/JANITA-15.jpg","keywords":["Algarve","Cultura","Loul\u00e9"],"articleSection":["Cultura"],"inLanguage":"pt-PT"},{"@type":"WebPage","@id":"https:\/\/algarve7.pt\/index.php\/2025\/12\/em-dezembro-loule-celebra-o-natal-com-coproducoes-musica-e-estreias-de-teatro\/cultura\/08\/00\/","url":"https:\/\/algarve7.pt\/index.php\/2025\/12\/em-dezembro-loule-celebra-o-natal-com-coproducoes-musica-e-estreias-de-teatro\/cultura\/08\/00\/","name":"Em dezembro, Loul\u00e9 celebra o Natal com coprodu\u00e7\u00f5es, m\u00fasica e estreias de teatro - Algarve 7","isPartOf":{"@id":"https:\/\/algarve7.pt\/#website"},"primaryImageOfPage":{"@id":"https:\/\/algarve7.pt\/index.php\/2025\/12\/em-dezembro-loule-celebra-o-natal-com-coproducoes-musica-e-estreias-de-teatro\/cultura\/08\/00\/#primaryimage"},"image":{"@id":"https:\/\/algarve7.pt\/index.php\/2025\/12\/em-dezembro-loule-celebra-o-natal-com-coproducoes-musica-e-estreias-de-teatro\/cultura\/08\/00\/#primaryimage"},"thumbnailUrl":"https:\/\/algarve7.pt\/wp-content\/uploads\/2025\/12\/JANITA-15.jpg","datePublished":"2025-12-04T08:00:00+00:00","description":"Em dezembro, Loul\u00e9 celebra o Natal com coprodu\u00e7\u00f5es, m\u00fasica e estreias de teatro Cultura","breadcrumb":{"@id":"https:\/\/algarve7.pt\/index.php\/2025\/12\/em-dezembro-loule-celebra-o-natal-com-coproducoes-musica-e-estreias-de-teatro\/cultura\/08\/00\/#breadcrumb"},"inLanguage":"pt-PT","potentialAction":[{"@type":"ReadAction","target":["https:\/\/algarve7.pt\/index.php\/2025\/12\/em-dezembro-loule-celebra-o-natal-com-coproducoes-musica-e-estreias-de-teatro\/cultura\/08\/00\/"]}]},{"@type":"ImageObject","inLanguage":"pt-PT","@id":"https:\/\/algarve7.pt\/index.php\/2025\/12\/em-dezembro-loule-celebra-o-natal-com-coproducoes-musica-e-estreias-de-teatro\/cultura\/08\/00\/#primaryimage","url":"https:\/\/algarve7.pt\/wp-content\/uploads\/2025\/12\/JANITA-15.jpg","contentUrl":"https:\/\/algarve7.pt\/wp-content\/uploads\/2025\/12\/JANITA-15.jpg","width":800,"height":500},{"@type":"BreadcrumbList","@id":"https:\/\/algarve7.pt\/index.php\/2025\/12\/em-dezembro-loule-celebra-o-natal-com-coproducoes-musica-e-estreias-de-teatro\/cultura\/08\/00\/#breadcrumb","itemListElement":[{"@type":"ListItem","position":1,"name":"In\u00edcio","item":"https:\/\/algarve7.pt\/"},{"@type":"ListItem","position":2,"name":"Em dezembro, Loul\u00e9 celebra o Natal com coprodu\u00e7\u00f5es, m\u00fasica e estreias de teatro"}]},{"@type":"WebSite","@id":"https:\/\/algarve7.pt\/#website","url":"https:\/\/algarve7.pt\/","name":"Algarve 7","description":"Informa\u00e7\u00e3o sobre o Algarve","publisher":{"@id":"https:\/\/algarve7.pt\/#organization"},"potentialAction":[{"@type":"SearchAction","target":{"@type":"EntryPoint","urlTemplate":"https:\/\/algarve7.pt\/?s={search_term_string}"},"query-input":{"@type":"PropertyValueSpecification","valueRequired":true,"valueName":"search_term_string"}}],"inLanguage":"pt-PT"},{"@type":"Organization","@id":"https:\/\/algarve7.pt\/#organization","name":"Algarve 7","url":"https:\/\/algarve7.pt\/","logo":{"@type":"ImageObject","inLanguage":"pt-PT","@id":"https:\/\/algarve7.pt\/#\/schema\/logo\/image\/","url":"https:\/\/algarve7.pt\/wp-content\/uploads\/2020\/10\/Logo-8.jpg","contentUrl":"https:\/\/algarve7.pt\/wp-content\/uploads\/2020\/10\/Logo-8.jpg","width":1680,"height":1186,"caption":"Algarve 7"},"image":{"@id":"https:\/\/algarve7.pt\/#\/schema\/logo\/image\/"},"sameAs":["https:\/\/www.facebook.com\/algarve7","https:\/\/x.com\/Algarvesete","https:\/\/www.instagram.com\/jornalalgarve7\/","https:\/\/www.linkedin.com\/company\/algarve7","https:\/\/www.pinterest.pt\/geral0939\/_created\/"]},{"@type":"Person","@id":"https:\/\/algarve7.pt\/#\/schema\/person\/23fa70681308e7b319a3204bcea45e0c","name":"Algarve 7","sameAs":["https:\/\/algarve7.pt","https:\/\/www.facebook.com\/algarve7"],"url":"https:\/\/algarve7.pt\/index.php\/author\/geralalgarve7-pt\/"}]}},"jetpack_publicize_connections":[],"jetpack_featured_media_url":"https:\/\/algarve7.pt\/wp-content\/uploads\/2025\/12\/JANITA-15.jpg","jetpack_shortlink":"https:\/\/wp.me\/pcezmW-eJT","jetpack_sharing_enabled":true,"_links":{"self":[{"href":"https:\/\/algarve7.pt\/index.php\/wp-json\/wp\/v2\/posts\/56661","targetHints":{"allow":["GET"]}}],"collection":[{"href":"https:\/\/algarve7.pt\/index.php\/wp-json\/wp\/v2\/posts"}],"about":[{"href":"https:\/\/algarve7.pt\/index.php\/wp-json\/wp\/v2\/types\/post"}],"author":[{"embeddable":true,"href":"https:\/\/algarve7.pt\/index.php\/wp-json\/wp\/v2\/users\/1"}],"replies":[{"embeddable":true,"href":"https:\/\/algarve7.pt\/index.php\/wp-json\/wp\/v2\/comments?post=56661"}],"version-history":[{"count":0,"href":"https:\/\/algarve7.pt\/index.php\/wp-json\/wp\/v2\/posts\/56661\/revisions"}],"wp:featuredmedia":[{"embeddable":true,"href":"https:\/\/algarve7.pt\/index.php\/wp-json\/wp\/v2\/media\/56662"}],"wp:attachment":[{"href":"https:\/\/algarve7.pt\/index.php\/wp-json\/wp\/v2\/media?parent=56661"}],"wp:term":[{"taxonomy":"category","embeddable":true,"href":"https:\/\/algarve7.pt\/index.php\/wp-json\/wp\/v2\/categories?post=56661"},{"taxonomy":"post_tag","embeddable":true,"href":"https:\/\/algarve7.pt\/index.php\/wp-json\/wp\/v2\/tags?post=56661"}],"curies":[{"name":"wp","href":"https:\/\/api.w.org\/{rel}","templated":true}]}}