{"id":56591,"date":"2025-12-02T13:24:39","date_gmt":"2025-12-02T13:24:39","guid":{"rendered":"https:\/\/algarve7.pt\/?p=56591"},"modified":"2025-12-02T13:24:43","modified_gmt":"2025-12-02T13:24:43","slug":"municipios-do-algarve-e-aguas-do-algarve-com-candidaturas-de-mais-de-100-milhoes-de-euros-a-fundos-estruturais-de-coesao-geridos-pelo-programa-regional-algarve-2030","status":"publish","type":"post","link":"https:\/\/algarve7.pt\/index.php\/2025\/12\/municipios-do-algarve-e-aguas-do-algarve-com-candidaturas-de-mais-de-100-milhoes-de-euros-a-fundos-estruturais-de-coesao-geridos-pelo-programa-regional-algarve-2030\/ambiente\/13\/24\/","title":{"rendered":"Munic\u00edpios do Algarve e \u00c1guas do Algarve com candidaturas de mais de 100 milh\u00f5es de euros a fundos estruturais de coes\u00e3o geridos pelo Programa Regional ALGARVE 2030"},"content":{"rendered":"\n<p>O Programa Regional ALGARVE 2030 refor\u00e7a o seu compromisso com a gest\u00e3o sustent\u00e1vel da \u00e1gua, tendo j\u00e1 recebido, at\u00e9 28 de novembro<strong>, 25 candidaturas de Munic\u00edpios e entidades gestoras do ciclo urbano da \u00e1gua<\/strong>&nbsp;e da&nbsp;<strong>empresa \u00c1guas do Algarve<\/strong>&nbsp;que totalizam um investimento total de&nbsp;<strong>mais de 100 milh\u00f5es de euros<\/strong>, com uma taxa m\u00e9dia de cofinanciamento de 60% pelo Fundo Europeu de Desenvolvimento Regional (FEDER). Nos termos do acordo homologado pela Ministra do Ambiente, Maria da Gra\u00e7a Carvalho, o Fundo Ambiental comparticipa parte da contrapartida nacional, nos investimentos de redu\u00e7\u00e3o de perdas e preven\u00e7\u00e3o de e mitiga\u00e7\u00e3o da intrus\u00e3o salina apresentados pelos Munic\u00edpios.&nbsp;<\/p>\n\n\n\n<p>As opera\u00e7\u00f5es submetidas envolvem os Munic\u00edpios e as entidades gestoras em baixa visam interven\u00e7\u00f5es estrat\u00e9gicas como:<\/p>\n\n\n\n<ul class=\"wp-block-list\">\n<li><strong>Redu\u00e7\u00e3o de perdas nas redes urbanas de \u00e1gua;<\/strong><\/li>\n\n\n\n<li><strong>Reabilita\u00e7\u00e3o de infraestruturas obsoletas;<\/strong><\/li>\n\n\n\n<li><strong>Preven\u00e7\u00e3o e mitiga\u00e7\u00e3o da intrus\u00e3o salina;<\/strong><\/li>\n\n\n\n<li><strong>Reutiliza\u00e7\u00e3o de \u00e1guas residuais tratadas para fins n\u00e3o pot\u00e1veis;<\/strong><\/li>\n\n\n\n<li><strong>Expans\u00e3o e moderniza\u00e7\u00e3o das redes de saneamento.<\/strong><\/li>\n<\/ul>\n\n\n\n<p>Com uma dota\u00e7\u00e3o de 66 milh\u00f5es de euros de fundos europeus no dom\u00ednio \u00e1gua no Programa Regional ALGARVE 2030, os Munic\u00edpios do Algarve e a empresa \u00c1guas do Algarve afirmam esta \u00e1rea como prioridade estrat\u00e9gica, promovendo uma gest\u00e3o mais eficiente e resiliente dos recursos h\u00eddricos, em especial no ciclo urbano da \u00e1gua, desde a capta\u00e7\u00e3o \u00e0 reutiliza\u00e7\u00e3o. Recorde-se que a Comunica\u00e7\u00e3o europeia na sua comunica\u00e7\u00e3o sobre a estrat\u00e9gia europeia de resili\u00eancia h\u00eddrica pede uma redu\u00e7\u00e3o de 10 por cento na efici\u00eancia h\u00eddrica at\u00e9 2030,&nbsp;<\/p>\n\n\n\n<p>Estes investimentos est\u00e3o igualmente alinhados com os compromissos de resili\u00eancia clim\u00e1tica e transi\u00e7\u00e3o ecol\u00f3gica, digitaliza\u00e7\u00e3o e transi\u00e7\u00e3o digital, refor\u00e7ando a capacidade de adapta\u00e7\u00e3o da regi\u00e3o \u00e0s press\u00f5es ambientais e demogr\u00e1ficas, bem como atenuando os efeitos das altera\u00e7\u00f5es clim\u00e1ticas. Cumprem igualmente o&nbsp;<strong>princ\u00edpio da<\/strong>&nbsp;<strong>prioridade \u00e0 efici\u00eancia h\u00eddrica<\/strong>, adotando medidas concretas de poupan\u00e7a e efici\u00eancia no uso da \u00e1gua.&nbsp;<\/p>\n\n\n\n<p>Entre as \u00e1reas de investimento previstas, destacam-se as interven\u00e7\u00f5es no aumento da efici\u00eancia da rede de abastecimento de \u00e1gua e saneamento, a redu\u00e7\u00e3o de perdas, o aproveitamento de \u00e1guas residuais tratadas para usos secund\u00e1rios (como a rega de espa\u00e7os verdes), bem como a monitoriza\u00e7\u00e3o inteligente dos recursos h\u00eddricos.<\/p>\n\n\n\n<p>O tema da \u00e1gua est\u00e1 igualmente&nbsp;&nbsp;no centro das decis\u00f5es em curso no \u00e2mbito da revis\u00e3o intercalar dos programas do Portugal 2030, refletindo a crescente import\u00e2ncia da pol\u00edtica p\u00fablica da \u00e1gua no atual contexto de escassez h\u00eddrica e altera\u00e7\u00f5es clim\u00e1ticas.<\/p>\n","protected":false},"excerpt":{"rendered":"<p>O Programa Regional ALGARVE 2030 refor\u00e7a o seu compromisso com a gest\u00e3o sustent\u00e1vel da \u00e1gua, tendo j\u00e1 recebido, at\u00e9 28<\/p>\n","protected":false},"author":1,"featured_media":56592,"comment_status":"closed","ping_status":"closed","sticky":false,"template":"","format":"standard","meta":{"colormag_page_container_layout":"default_layout","colormag_page_sidebar_layout":"default_layout","_monsterinsights_skip_tracking":false,"_monsterinsights_sitenote_active":false,"_monsterinsights_sitenote_note":"","_monsterinsights_sitenote_category":0,"jetpack_post_was_ever_published":false,"_jetpack_newsletter_access":"","_jetpack_dont_email_post_to_subs":false,"_jetpack_newsletter_tier_id":0,"_jetpack_memberships_contains_paywalled_content":false,"_jetpack_memberships_contains_paid_content":false,"footnotes":"","jetpack_publicize_message":"","jetpack_publicize_feature_enabled":true,"jetpack_social_post_already_shared":true,"jetpack_social_options":{"image_generator_settings":{"template":"highway","default_image_id":0,"font":"","enabled":false},"version":2}},"categories":[5],"tags":[36,32,143],"class_list":["post-56591","post","type-post","status-publish","format-standard","has-post-thumbnail","hentry","category-ambiente","tag-algarve","tag-ambiente","tag-ccdr-algarve"],"yoast_head":"<!-- This site is optimized with the Yoast SEO plugin v27.5 - https:\/\/yoast.com\/product\/yoast-seo-wordpress\/ -->\n<title>Munic\u00edpios do Algarve e \u00c1guas do Algarve com candidaturas de mais de 100 milh\u00f5es de euros a fundos estruturais de coes\u00e3o geridos pelo Programa Regional ALGARVE 2030 - Algarve 7<\/title>\n<meta name=\"description\" content=\"Munic\u00edpios do Algarve e \u00c1guas do Algarve com candidaturas de mais de 100 milh\u00f5es de euros a fundos estruturais de coes\u00e3o geridos pelo Programa Regional ALGARVE 2030 Ambiente\" \/>\n<meta name=\"robots\" content=\"index, follow, max-snippet:-1, max-image-preview:large, max-video-preview:-1\" \/>\n<link rel=\"canonical\" href=\"https:\/\/algarve7.pt\/index.php\/2025\/12\/municipios-do-algarve-e-aguas-do-algarve-com-candidaturas-de-mais-de-100-milhoes-de-euros-a-fundos-estruturais-de-coesao-geridos-pelo-programa-regional-algarve-2030\/ambiente\/13\/24\/\" \/>\n<meta property=\"og:locale\" content=\"pt_PT\" \/>\n<meta property=\"og:type\" content=\"article\" \/>\n<meta property=\"og:title\" content=\"Munic\u00edpios do Algarve e \u00c1guas do Algarve com candidaturas de mais de 100 milh\u00f5es de euros a fundos estruturais de coes\u00e3o geridos pelo Programa Regional ALGARVE 2030 - Algarve 7\" \/>\n<meta property=\"og:description\" content=\"Munic\u00edpios do Algarve e \u00c1guas do Algarve com candidaturas de mais de 100 milh\u00f5es de euros a fundos estruturais de coes\u00e3o geridos pelo Programa Regional ALGARVE 2030 Ambiente\" \/>\n<meta property=\"og:url\" content=\"https:\/\/algarve7.pt\/index.php\/2025\/12\/municipios-do-algarve-e-aguas-do-algarve-com-candidaturas-de-mais-de-100-milhoes-de-euros-a-fundos-estruturais-de-coesao-geridos-pelo-programa-regional-algarve-2030\/ambiente\/13\/24\/\" \/>\n<meta property=\"og:site_name\" content=\"Algarve 7\" \/>\n<meta property=\"article:publisher\" content=\"https:\/\/www.facebook.com\/algarve7\" \/>\n<meta property=\"article:author\" content=\"https:\/\/www.facebook.com\/algarve7\" \/>\n<meta property=\"article:published_time\" content=\"2025-12-02T13:24:39+00:00\" \/>\n<meta property=\"article:modified_time\" content=\"2025-12-02T13:24:43+00:00\" \/>\n<meta property=\"og:image\" content=\"https:\/\/algarve7.pt\/wp-content\/uploads\/2025\/12\/Agua_700x400_SITE-1.png\" \/>\n\t<meta property=\"og:image:width\" content=\"800\" \/>\n\t<meta property=\"og:image:height\" content=\"500\" \/>\n\t<meta property=\"og:image:type\" content=\"image\/png\" \/>\n<meta name=\"author\" content=\"Algarve 7\" \/>\n<meta name=\"twitter:card\" content=\"summary_large_image\" \/>\n<meta name=\"twitter:creator\" content=\"@Algarvesete\" \/>\n<meta name=\"twitter:site\" content=\"@Algarvesete\" \/>\n<meta name=\"twitter:label1\" content=\"Escrito por\" \/>\n\t<meta name=\"twitter:data1\" content=\"Algarve 7\" \/>\n\t<meta name=\"twitter:label2\" content=\"Tempo estimado de leitura\" \/>\n\t<meta name=\"twitter:data2\" content=\"3 minutos\" \/>\n<script type=\"application\/ld+json\" class=\"yoast-schema-graph\">{\"@context\":\"https:\\\/\\\/schema.org\",\"@graph\":[{\"@type\":\"Article\",\"@id\":\"https:\\\/\\\/algarve7.pt\\\/index.php\\\/2025\\\/12\\\/municipios-do-algarve-e-aguas-do-algarve-com-candidaturas-de-mais-de-100-milhoes-de-euros-a-fundos-estruturais-de-coesao-geridos-pelo-programa-regional-algarve-2030\\\/ambiente\\\/13\\\/24\\\/#article\",\"isPartOf\":{\"@id\":\"https:\\\/\\\/algarve7.pt\\\/index.php\\\/2025\\\/12\\\/municipios-do-algarve-e-aguas-do-algarve-com-candidaturas-de-mais-de-100-milhoes-de-euros-a-fundos-estruturais-de-coesao-geridos-pelo-programa-regional-algarve-2030\\\/ambiente\\\/13\\\/24\\\/\"},\"author\":{\"name\":\"Algarve 7\",\"@id\":\"https:\\\/\\\/algarve7.pt\\\/#\\\/schema\\\/person\\\/23fa70681308e7b319a3204bcea45e0c\"},\"headline\":\"Munic\u00edpios do Algarve e \u00c1guas do Algarve com candidaturas de mais de 100 milh\u00f5es de euros a fundos estruturais de coes\u00e3o geridos pelo Programa Regional ALGARVE 2030\",\"datePublished\":\"2025-12-02T13:24:39+00:00\",\"dateModified\":\"2025-12-02T13:24:43+00:00\",\"mainEntityOfPage\":{\"@id\":\"https:\\\/\\\/algarve7.pt\\\/index.php\\\/2025\\\/12\\\/municipios-do-algarve-e-aguas-do-algarve-com-candidaturas-de-mais-de-100-milhoes-de-euros-a-fundos-estruturais-de-coesao-geridos-pelo-programa-regional-algarve-2030\\\/ambiente\\\/13\\\/24\\\/\"},\"wordCount\":489,\"publisher\":{\"@id\":\"https:\\\/\\\/algarve7.pt\\\/#organization\"},\"image\":{\"@id\":\"https:\\\/\\\/algarve7.pt\\\/index.php\\\/2025\\\/12\\\/municipios-do-algarve-e-aguas-do-algarve-com-candidaturas-de-mais-de-100-milhoes-de-euros-a-fundos-estruturais-de-coesao-geridos-pelo-programa-regional-algarve-2030\\\/ambiente\\\/13\\\/24\\\/#primaryimage\"},\"thumbnailUrl\":\"https:\\\/\\\/algarve7.pt\\\/wp-content\\\/uploads\\\/2025\\\/12\\\/Agua_700x400_SITE-1.png\",\"keywords\":[\"Algarve\",\"Ambiente\",\"CCDR Algarve\"],\"articleSection\":[\"Ambiente\"],\"inLanguage\":\"pt-PT\"},{\"@type\":\"WebPage\",\"@id\":\"https:\\\/\\\/algarve7.pt\\\/index.php\\\/2025\\\/12\\\/municipios-do-algarve-e-aguas-do-algarve-com-candidaturas-de-mais-de-100-milhoes-de-euros-a-fundos-estruturais-de-coesao-geridos-pelo-programa-regional-algarve-2030\\\/ambiente\\\/13\\\/24\\\/\",\"url\":\"https:\\\/\\\/algarve7.pt\\\/index.php\\\/2025\\\/12\\\/municipios-do-algarve-e-aguas-do-algarve-com-candidaturas-de-mais-de-100-milhoes-de-euros-a-fundos-estruturais-de-coesao-geridos-pelo-programa-regional-algarve-2030\\\/ambiente\\\/13\\\/24\\\/\",\"name\":\"Munic\u00edpios do Algarve e \u00c1guas do Algarve com candidaturas de mais de 100 milh\u00f5es de euros a fundos estruturais de coes\u00e3o geridos pelo Programa Regional ALGARVE 2030 - Algarve 7\",\"isPartOf\":{\"@id\":\"https:\\\/\\\/algarve7.pt\\\/#website\"},\"primaryImageOfPage\":{\"@id\":\"https:\\\/\\\/algarve7.pt\\\/index.php\\\/2025\\\/12\\\/municipios-do-algarve-e-aguas-do-algarve-com-candidaturas-de-mais-de-100-milhoes-de-euros-a-fundos-estruturais-de-coesao-geridos-pelo-programa-regional-algarve-2030\\\/ambiente\\\/13\\\/24\\\/#primaryimage\"},\"image\":{\"@id\":\"https:\\\/\\\/algarve7.pt\\\/index.php\\\/2025\\\/12\\\/municipios-do-algarve-e-aguas-do-algarve-com-candidaturas-de-mais-de-100-milhoes-de-euros-a-fundos-estruturais-de-coesao-geridos-pelo-programa-regional-algarve-2030\\\/ambiente\\\/13\\\/24\\\/#primaryimage\"},\"thumbnailUrl\":\"https:\\\/\\\/algarve7.pt\\\/wp-content\\\/uploads\\\/2025\\\/12\\\/Agua_700x400_SITE-1.png\",\"datePublished\":\"2025-12-02T13:24:39+00:00\",\"dateModified\":\"2025-12-02T13:24:43+00:00\",\"description\":\"Munic\u00edpios do Algarve e \u00c1guas do Algarve com candidaturas de mais de 100 milh\u00f5es de euros a fundos estruturais de coes\u00e3o geridos pelo Programa Regional ALGARVE 2030 Ambiente\",\"breadcrumb\":{\"@id\":\"https:\\\/\\\/algarve7.pt\\\/index.php\\\/2025\\\/12\\\/municipios-do-algarve-e-aguas-do-algarve-com-candidaturas-de-mais-de-100-milhoes-de-euros-a-fundos-estruturais-de-coesao-geridos-pelo-programa-regional-algarve-2030\\\/ambiente\\\/13\\\/24\\\/#breadcrumb\"},\"inLanguage\":\"pt-PT\",\"potentialAction\":[{\"@type\":\"ReadAction\",\"target\":[\"https:\\\/\\\/algarve7.pt\\\/index.php\\\/2025\\\/12\\\/municipios-do-algarve-e-aguas-do-algarve-com-candidaturas-de-mais-de-100-milhoes-de-euros-a-fundos-estruturais-de-coesao-geridos-pelo-programa-regional-algarve-2030\\\/ambiente\\\/13\\\/24\\\/\"]}]},{\"@type\":\"ImageObject\",\"inLanguage\":\"pt-PT\",\"@id\":\"https:\\\/\\\/algarve7.pt\\\/index.php\\\/2025\\\/12\\\/municipios-do-algarve-e-aguas-do-algarve-com-candidaturas-de-mais-de-100-milhoes-de-euros-a-fundos-estruturais-de-coesao-geridos-pelo-programa-regional-algarve-2030\\\/ambiente\\\/13\\\/24\\\/#primaryimage\",\"url\":\"https:\\\/\\\/algarve7.pt\\\/wp-content\\\/uploads\\\/2025\\\/12\\\/Agua_700x400_SITE-1.png\",\"contentUrl\":\"https:\\\/\\\/algarve7.pt\\\/wp-content\\\/uploads\\\/2025\\\/12\\\/Agua_700x400_SITE-1.png\",\"width\":800,\"height\":500},{\"@type\":\"BreadcrumbList\",\"@id\":\"https:\\\/\\\/algarve7.pt\\\/index.php\\\/2025\\\/12\\\/municipios-do-algarve-e-aguas-do-algarve-com-candidaturas-de-mais-de-100-milhoes-de-euros-a-fundos-estruturais-de-coesao-geridos-pelo-programa-regional-algarve-2030\\\/ambiente\\\/13\\\/24\\\/#breadcrumb\",\"itemListElement\":[{\"@type\":\"ListItem\",\"position\":1,\"name\":\"In\u00edcio\",\"item\":\"https:\\\/\\\/algarve7.pt\\\/\"},{\"@type\":\"ListItem\",\"position\":2,\"name\":\"Munic\u00edpios do Algarve e \u00c1guas do Algarve com candidaturas de mais de 100 milh\u00f5es de euros a fundos estruturais de coes\u00e3o geridos pelo Programa Regional ALGARVE 2030\"}]},{\"@type\":\"WebSite\",\"@id\":\"https:\\\/\\\/algarve7.pt\\\/#website\",\"url\":\"https:\\\/\\\/algarve7.pt\\\/\",\"name\":\"Algarve 7\",\"description\":\"Informa\u00e7\u00e3o sobre o Algarve\",\"publisher\":{\"@id\":\"https:\\\/\\\/algarve7.pt\\\/#organization\"},\"potentialAction\":[{\"@type\":\"SearchAction\",\"target\":{\"@type\":\"EntryPoint\",\"urlTemplate\":\"https:\\\/\\\/algarve7.pt\\\/?s={search_term_string}\"},\"query-input\":{\"@type\":\"PropertyValueSpecification\",\"valueRequired\":true,\"valueName\":\"search_term_string\"}}],\"inLanguage\":\"pt-PT\"},{\"@type\":\"Organization\",\"@id\":\"https:\\\/\\\/algarve7.pt\\\/#organization\",\"name\":\"Algarve 7\",\"url\":\"https:\\\/\\\/algarve7.pt\\\/\",\"logo\":{\"@type\":\"ImageObject\",\"inLanguage\":\"pt-PT\",\"@id\":\"https:\\\/\\\/algarve7.pt\\\/#\\\/schema\\\/logo\\\/image\\\/\",\"url\":\"https:\\\/\\\/algarve7.pt\\\/wp-content\\\/uploads\\\/2020\\\/10\\\/Logo-8.jpg\",\"contentUrl\":\"https:\\\/\\\/algarve7.pt\\\/wp-content\\\/uploads\\\/2020\\\/10\\\/Logo-8.jpg\",\"width\":1680,\"height\":1186,\"caption\":\"Algarve 7\"},\"image\":{\"@id\":\"https:\\\/\\\/algarve7.pt\\\/#\\\/schema\\\/logo\\\/image\\\/\"},\"sameAs\":[\"https:\\\/\\\/www.facebook.com\\\/algarve7\",\"https:\\\/\\\/x.com\\\/Algarvesete\",\"https:\\\/\\\/www.instagram.com\\\/jornalalgarve7\\\/\",\"https:\\\/\\\/www.linkedin.com\\\/company\\\/algarve7\",\"https:\\\/\\\/www.pinterest.pt\\\/geral0939\\\/_created\\\/\"]},{\"@type\":\"Person\",\"@id\":\"https:\\\/\\\/algarve7.pt\\\/#\\\/schema\\\/person\\\/23fa70681308e7b319a3204bcea45e0c\",\"name\":\"Algarve 7\",\"sameAs\":[\"https:\\\/\\\/algarve7.pt\",\"https:\\\/\\\/www.facebook.com\\\/algarve7\"],\"url\":\"https:\\\/\\\/algarve7.pt\\\/index.php\\\/author\\\/geralalgarve7-pt\\\/\"}]}<\/script>\n<!-- \/ Yoast SEO plugin. -->","yoast_head_json":{"title":"Munic\u00edpios do Algarve e \u00c1guas do Algarve com candidaturas de mais de 100 milh\u00f5es de euros a fundos estruturais de coes\u00e3o geridos pelo Programa Regional ALGARVE 2030 - Algarve 7","description":"Munic\u00edpios do Algarve e \u00c1guas do Algarve com candidaturas de mais de 100 milh\u00f5es de euros a fundos estruturais de coes\u00e3o geridos pelo Programa Regional ALGARVE 2030 Ambiente","robots":{"index":"index","follow":"follow","max-snippet":"max-snippet:-1","max-image-preview":"max-image-preview:large","max-video-preview":"max-video-preview:-1"},"canonical":"https:\/\/algarve7.pt\/index.php\/2025\/12\/municipios-do-algarve-e-aguas-do-algarve-com-candidaturas-de-mais-de-100-milhoes-de-euros-a-fundos-estruturais-de-coesao-geridos-pelo-programa-regional-algarve-2030\/ambiente\/13\/24\/","og_locale":"pt_PT","og_type":"article","og_title":"Munic\u00edpios do Algarve e \u00c1guas do Algarve com candidaturas de mais de 100 milh\u00f5es de euros a fundos estruturais de coes\u00e3o geridos pelo Programa Regional ALGARVE 2030 - Algarve 7","og_description":"Munic\u00edpios do Algarve e \u00c1guas do Algarve com candidaturas de mais de 100 milh\u00f5es de euros a fundos estruturais de coes\u00e3o geridos pelo Programa Regional ALGARVE 2030 Ambiente","og_url":"https:\/\/algarve7.pt\/index.php\/2025\/12\/municipios-do-algarve-e-aguas-do-algarve-com-candidaturas-de-mais-de-100-milhoes-de-euros-a-fundos-estruturais-de-coesao-geridos-pelo-programa-regional-algarve-2030\/ambiente\/13\/24\/","og_site_name":"Algarve 7","article_publisher":"https:\/\/www.facebook.com\/algarve7","article_author":"https:\/\/www.facebook.com\/algarve7","article_published_time":"2025-12-02T13:24:39+00:00","article_modified_time":"2025-12-02T13:24:43+00:00","og_image":[{"width":800,"height":500,"url":"https:\/\/algarve7.pt\/wp-content\/uploads\/2025\/12\/Agua_700x400_SITE-1.png","type":"image\/png"}],"author":"Algarve 7","twitter_card":"summary_large_image","twitter_creator":"@Algarvesete","twitter_site":"@Algarvesete","twitter_misc":{"Escrito por":"Algarve 7","Tempo estimado de leitura":"3 minutos"},"schema":{"@context":"https:\/\/schema.org","@graph":[{"@type":"Article","@id":"https:\/\/algarve7.pt\/index.php\/2025\/12\/municipios-do-algarve-e-aguas-do-algarve-com-candidaturas-de-mais-de-100-milhoes-de-euros-a-fundos-estruturais-de-coesao-geridos-pelo-programa-regional-algarve-2030\/ambiente\/13\/24\/#article","isPartOf":{"@id":"https:\/\/algarve7.pt\/index.php\/2025\/12\/municipios-do-algarve-e-aguas-do-algarve-com-candidaturas-de-mais-de-100-milhoes-de-euros-a-fundos-estruturais-de-coesao-geridos-pelo-programa-regional-algarve-2030\/ambiente\/13\/24\/"},"author":{"name":"Algarve 7","@id":"https:\/\/algarve7.pt\/#\/schema\/person\/23fa70681308e7b319a3204bcea45e0c"},"headline":"Munic\u00edpios do Algarve e \u00c1guas do Algarve com candidaturas de mais de 100 milh\u00f5es de euros a fundos estruturais de coes\u00e3o geridos pelo Programa Regional ALGARVE 2030","datePublished":"2025-12-02T13:24:39+00:00","dateModified":"2025-12-02T13:24:43+00:00","mainEntityOfPage":{"@id":"https:\/\/algarve7.pt\/index.php\/2025\/12\/municipios-do-algarve-e-aguas-do-algarve-com-candidaturas-de-mais-de-100-milhoes-de-euros-a-fundos-estruturais-de-coesao-geridos-pelo-programa-regional-algarve-2030\/ambiente\/13\/24\/"},"wordCount":489,"publisher":{"@id":"https:\/\/algarve7.pt\/#organization"},"image":{"@id":"https:\/\/algarve7.pt\/index.php\/2025\/12\/municipios-do-algarve-e-aguas-do-algarve-com-candidaturas-de-mais-de-100-milhoes-de-euros-a-fundos-estruturais-de-coesao-geridos-pelo-programa-regional-algarve-2030\/ambiente\/13\/24\/#primaryimage"},"thumbnailUrl":"https:\/\/algarve7.pt\/wp-content\/uploads\/2025\/12\/Agua_700x400_SITE-1.png","keywords":["Algarve","Ambiente","CCDR Algarve"],"articleSection":["Ambiente"],"inLanguage":"pt-PT"},{"@type":"WebPage","@id":"https:\/\/algarve7.pt\/index.php\/2025\/12\/municipios-do-algarve-e-aguas-do-algarve-com-candidaturas-de-mais-de-100-milhoes-de-euros-a-fundos-estruturais-de-coesao-geridos-pelo-programa-regional-algarve-2030\/ambiente\/13\/24\/","url":"https:\/\/algarve7.pt\/index.php\/2025\/12\/municipios-do-algarve-e-aguas-do-algarve-com-candidaturas-de-mais-de-100-milhoes-de-euros-a-fundos-estruturais-de-coesao-geridos-pelo-programa-regional-algarve-2030\/ambiente\/13\/24\/","name":"Munic\u00edpios do Algarve e \u00c1guas do Algarve com candidaturas de mais de 100 milh\u00f5es de euros a fundos estruturais de coes\u00e3o geridos pelo Programa Regional ALGARVE 2030 - Algarve 7","isPartOf":{"@id":"https:\/\/algarve7.pt\/#website"},"primaryImageOfPage":{"@id":"https:\/\/algarve7.pt\/index.php\/2025\/12\/municipios-do-algarve-e-aguas-do-algarve-com-candidaturas-de-mais-de-100-milhoes-de-euros-a-fundos-estruturais-de-coesao-geridos-pelo-programa-regional-algarve-2030\/ambiente\/13\/24\/#primaryimage"},"image":{"@id":"https:\/\/algarve7.pt\/index.php\/2025\/12\/municipios-do-algarve-e-aguas-do-algarve-com-candidaturas-de-mais-de-100-milhoes-de-euros-a-fundos-estruturais-de-coesao-geridos-pelo-programa-regional-algarve-2030\/ambiente\/13\/24\/#primaryimage"},"thumbnailUrl":"https:\/\/algarve7.pt\/wp-content\/uploads\/2025\/12\/Agua_700x400_SITE-1.png","datePublished":"2025-12-02T13:24:39+00:00","dateModified":"2025-12-02T13:24:43+00:00","description":"Munic\u00edpios do Algarve e \u00c1guas do Algarve com candidaturas de mais de 100 milh\u00f5es de euros a fundos estruturais de coes\u00e3o geridos pelo Programa Regional ALGARVE 2030 Ambiente","breadcrumb":{"@id":"https:\/\/algarve7.pt\/index.php\/2025\/12\/municipios-do-algarve-e-aguas-do-algarve-com-candidaturas-de-mais-de-100-milhoes-de-euros-a-fundos-estruturais-de-coesao-geridos-pelo-programa-regional-algarve-2030\/ambiente\/13\/24\/#breadcrumb"},"inLanguage":"pt-PT","potentialAction":[{"@type":"ReadAction","target":["https:\/\/algarve7.pt\/index.php\/2025\/12\/municipios-do-algarve-e-aguas-do-algarve-com-candidaturas-de-mais-de-100-milhoes-de-euros-a-fundos-estruturais-de-coesao-geridos-pelo-programa-regional-algarve-2030\/ambiente\/13\/24\/"]}]},{"@type":"ImageObject","inLanguage":"pt-PT","@id":"https:\/\/algarve7.pt\/index.php\/2025\/12\/municipios-do-algarve-e-aguas-do-algarve-com-candidaturas-de-mais-de-100-milhoes-de-euros-a-fundos-estruturais-de-coesao-geridos-pelo-programa-regional-algarve-2030\/ambiente\/13\/24\/#primaryimage","url":"https:\/\/algarve7.pt\/wp-content\/uploads\/2025\/12\/Agua_700x400_SITE-1.png","contentUrl":"https:\/\/algarve7.pt\/wp-content\/uploads\/2025\/12\/Agua_700x400_SITE-1.png","width":800,"height":500},{"@type":"BreadcrumbList","@id":"https:\/\/algarve7.pt\/index.php\/2025\/12\/municipios-do-algarve-e-aguas-do-algarve-com-candidaturas-de-mais-de-100-milhoes-de-euros-a-fundos-estruturais-de-coesao-geridos-pelo-programa-regional-algarve-2030\/ambiente\/13\/24\/#breadcrumb","itemListElement":[{"@type":"ListItem","position":1,"name":"In\u00edcio","item":"https:\/\/algarve7.pt\/"},{"@type":"ListItem","position":2,"name":"Munic\u00edpios do Algarve e \u00c1guas do Algarve com candidaturas de mais de 100 milh\u00f5es de euros a fundos estruturais de coes\u00e3o geridos pelo Programa Regional ALGARVE 2030"}]},{"@type":"WebSite","@id":"https:\/\/algarve7.pt\/#website","url":"https:\/\/algarve7.pt\/","name":"Algarve 7","description":"Informa\u00e7\u00e3o sobre o Algarve","publisher":{"@id":"https:\/\/algarve7.pt\/#organization"},"potentialAction":[{"@type":"SearchAction","target":{"@type":"EntryPoint","urlTemplate":"https:\/\/algarve7.pt\/?s={search_term_string}"},"query-input":{"@type":"PropertyValueSpecification","valueRequired":true,"valueName":"search_term_string"}}],"inLanguage":"pt-PT"},{"@type":"Organization","@id":"https:\/\/algarve7.pt\/#organization","name":"Algarve 7","url":"https:\/\/algarve7.pt\/","logo":{"@type":"ImageObject","inLanguage":"pt-PT","@id":"https:\/\/algarve7.pt\/#\/schema\/logo\/image\/","url":"https:\/\/algarve7.pt\/wp-content\/uploads\/2020\/10\/Logo-8.jpg","contentUrl":"https:\/\/algarve7.pt\/wp-content\/uploads\/2020\/10\/Logo-8.jpg","width":1680,"height":1186,"caption":"Algarve 7"},"image":{"@id":"https:\/\/algarve7.pt\/#\/schema\/logo\/image\/"},"sameAs":["https:\/\/www.facebook.com\/algarve7","https:\/\/x.com\/Algarvesete","https:\/\/www.instagram.com\/jornalalgarve7\/","https:\/\/www.linkedin.com\/company\/algarve7","https:\/\/www.pinterest.pt\/geral0939\/_created\/"]},{"@type":"Person","@id":"https:\/\/algarve7.pt\/#\/schema\/person\/23fa70681308e7b319a3204bcea45e0c","name":"Algarve 7","sameAs":["https:\/\/algarve7.pt","https:\/\/www.facebook.com\/algarve7"],"url":"https:\/\/algarve7.pt\/index.php\/author\/geralalgarve7-pt\/"}]}},"jetpack_publicize_connections":[],"jetpack_featured_media_url":"https:\/\/algarve7.pt\/wp-content\/uploads\/2025\/12\/Agua_700x400_SITE-1.png","jetpack_shortlink":"https:\/\/wp.me\/pcezmW-eIL","jetpack_sharing_enabled":true,"_links":{"self":[{"href":"https:\/\/algarve7.pt\/index.php\/wp-json\/wp\/v2\/posts\/56591","targetHints":{"allow":["GET"]}}],"collection":[{"href":"https:\/\/algarve7.pt\/index.php\/wp-json\/wp\/v2\/posts"}],"about":[{"href":"https:\/\/algarve7.pt\/index.php\/wp-json\/wp\/v2\/types\/post"}],"author":[{"embeddable":true,"href":"https:\/\/algarve7.pt\/index.php\/wp-json\/wp\/v2\/users\/1"}],"replies":[{"embeddable":true,"href":"https:\/\/algarve7.pt\/index.php\/wp-json\/wp\/v2\/comments?post=56591"}],"version-history":[{"count":0,"href":"https:\/\/algarve7.pt\/index.php\/wp-json\/wp\/v2\/posts\/56591\/revisions"}],"wp:featuredmedia":[{"embeddable":true,"href":"https:\/\/algarve7.pt\/index.php\/wp-json\/wp\/v2\/media\/56592"}],"wp:attachment":[{"href":"https:\/\/algarve7.pt\/index.php\/wp-json\/wp\/v2\/media?parent=56591"}],"wp:term":[{"taxonomy":"category","embeddable":true,"href":"https:\/\/algarve7.pt\/index.php\/wp-json\/wp\/v2\/categories?post=56591"},{"taxonomy":"post_tag","embeddable":true,"href":"https:\/\/algarve7.pt\/index.php\/wp-json\/wp\/v2\/tags?post=56591"}],"curies":[{"name":"wp","href":"https:\/\/api.w.org\/{rel}","templated":true}]}}