{"id":56549,"date":"2025-11-29T15:16:05","date_gmt":"2025-11-29T15:16:05","guid":{"rendered":"https:\/\/algarve7.pt\/?p=56549"},"modified":"2025-11-29T15:16:10","modified_gmt":"2025-11-29T15:16:10","slug":"gestao-inteligente-da-agua-o-novo-paradigma-hidrico-do-algarve","status":"publish","type":"post","link":"https:\/\/algarve7.pt\/index.php\/2025\/11\/gestao-inteligente-da-agua-o-novo-paradigma-hidrico-do-algarve\/ambiente\/15\/16\/","title":{"rendered":"Gest\u00e3o inteligente da \u00e1gua: o novo paradigma h\u00eddrico do Algarve"},"content":{"rendered":"\n<p><strong><em>Publica\u00e7\u00e3o da Autoridade de Gest\u00e3o do Programa Regional ALGARVE 2030 e da CCDR Algarve&nbsp;<\/em><\/strong><strong><em>mostra&nbsp;<\/em><\/strong><strong><em>solu\u00e7\u00f5es digitais, moderniza\u00e7\u00e3o de infraestruturas e aplica\u00e7\u00e3o concreta da prioridade \u00e0 efici\u00eancia h\u00eddrica e redu\u00e7\u00e3o de perdas.<\/em><\/strong><strong><em><\/em><\/strong><\/p>\n\n\n\n<p>O Algarve pretende afirmar a lideran\u00e7a da gest\u00e3o eficiente e inteligente da \u00e1gua, num percurso alavancado por investimentos estruturais e europeus da pol\u00edtica de coes\u00e3o e que podem ser conhecidos na publica\u00e7\u00e3o j\u00e1 dispon\u00edvel online (<a href=\"https:\/\/algarve.portugal2030.pt\/2025\/11\/28\/gestao-inteligente-da-agua-o-novo-paradigma-hidrico-do-algarve\/\" target=\"_blank\" rel=\"noreferrer noopener\">https:\/\/algarve.portugal2030.pt\/2025\/11\/28\/gestao-inteligente-da-agua-o-novo-paradigma-hidrico-do-algarve\/<\/a>) no site do Programa Regional ALGARVE 2030.<\/p>\n\n\n\n<p>Ap\u00f3s mais de uma d\u00e9cada marcada por seca severa, a regi\u00e3o vive um novo ciclo de confian\u00e7a, sustentado na inova\u00e7\u00e3o, na diversifica\u00e7\u00e3o das origens de \u00e1gua e na moderniza\u00e7\u00e3o das redes, um conjunto de exemplos, projetos e boas pr\u00e1ticas reunidos na publica\u00e7\u00e3o&nbsp;<em>\u201cAlgarve: Regi\u00e3o L\u00edder na Gest\u00e3o Inteligente da \u00c1gua\u201d,<\/em>&nbsp;que conta tamb\u00e9m com uma vers\u00e3o impressa.&nbsp;<\/p>\n\n\n\n<p>Nos \u00faltimos anos, a precipita\u00e7\u00e3o no Algarve desceu de forma acentuada (menos 34% desde 2012), mas 2025 assinalou algumas altera\u00e7\u00f5es fundamentais, como o registo nas seis albufeiras da regi\u00e3o, no final de setembro, de 72% da sua capacidade, mais do dobro do verificado no per\u00edodo hom\u00f3logo. Mas a prioridade tem de ser a efici\u00eancia h\u00eddrica.<\/p>\n\n\n\n<p>Para o novo ciclo de aumento da resili\u00eancia h\u00eddrica da regi\u00e3o s\u00e3o estruturantes as opera\u00e7\u00f5es realizadas pelos&nbsp;Munic\u00edpios, que est\u00e3o a modernizar redes, combater perdas e refor\u00e7ar reservat\u00f3rios atrav\u00e9s de projetos apoiados pelo ALGARVE 2030, Fundo Ambiental e or\u00e7amentos municipais, assim como se revela fundamental o conjunto de investimentos em curso da responsabilidade das \u00c1guas do Algarve.&nbsp;<\/p>\n\n\n\n<p>Alguns exemplos que podem ser conhecidos na publica\u00e7\u00e3o:<\/p>\n\n\n\n<ul class=\"wp-block-list\">\n<li>Silves: Interven\u00e7\u00f5es que levaram \u00e0 redu\u00e7\u00e3o muito substancial de perdas de \u00e1gua 60% para metade.<br><\/li>\n\n\n\n<li>Lagos: A Liga\u00e7\u00e3o da ETAR da cidade \u00e0 Quinta da Boavista ir\u00e1 permitir avan\u00e7ar com o uso de \u00c1gua para Reutiliza\u00e7\u00e3o (ApR), a usar na rega dos campos de golfe, no abastecimento \u00e0 marina e na rega de v\u00e1rios espa\u00e7os verdes.<\/li>\n\n\n\n<li>Castro Marim: A\u00a0extens\u00e3o da rede p\u00fablica de abastecimento de \u00e1gua est\u00e1 a ser feita a aglomerados anteriormente dependentes de furos e autotanques, o que refor\u00e7a o acesso equitativo e a resili\u00eancia h\u00eddrica.<\/li>\n<\/ul>\n\n\n\n<p>Tamb\u00e9m nas empresas e na inova\u00e7\u00e3o produtiva e de processos:&nbsp;<\/p>\n\n\n\n<ul class=\"wp-block-list\">\n<li>Slide &amp; Splash: Opera\u00e7\u00f5es, algumas de economia circular, para reutiliza\u00e7\u00e3o anual at\u00e9 21.000 m\u00b3, compensando a expans\u00e3o do parque sem aumentar a press\u00e3o sobre as reservas p\u00fablicas de \u00e1gua.<\/li>\n\n\n\n<li>Aquashow: A\u00e7\u00f5es para reaproveitamento de 75% da \u00e1gua de lavagem e redu\u00e7\u00e3o de 50 toneladas de CO\u2082\/ano.<\/li>\n<\/ul>\n\n\n\n<p>O Algarve est\u00e1 ainda a testar tecnologias emergentes e solu\u00e7\u00f5es baseadas na natureza como a dessaliniza\u00e7\u00e3o solar, fitorremedia\u00e7\u00e3o de nutrientes, o armazenamento de \u00e1guas pluviais para rega e recarga de aqu\u00edferos.<\/p>\n\n\n\n<p>Tamb\u00e9m o ITI \u2013 Instrumento Territorial Integrado tem assumido um papel central enquanto relevante&nbsp;solu\u00e7\u00e3o para desafios associados \u00e0 \u00e1gua e ecossistemas de paisagem e com um impacto de significativo potencial para os territ\u00f3rios de fronteira no Algarve e no Alentejo.<\/p>\n\n\n\n<p>A reprograma\u00e7\u00e3o do Algarve 2030 introduziu a nova prioridade 2F \u2013 \u00c1gua, com a mobiliza\u00e7\u00e3o de 20 milh\u00f5es de euros adicionais para refor\u00e7ar a resili\u00eancia h\u00eddrica da regi\u00e3o, passando de 66 para 86 milh\u00f5es de euros os fundos estruturais de coes\u00e3o mobilizados para fazer do Algarve uma regi\u00e3o l\u00edder na gest\u00e3o inteligente da \u00e1gua.<\/p>\n\n\n\n<p>Para a&nbsp;<strong>Ministra do Ambiente e Energia, Maria da Gra\u00e7a Carvalho<\/strong>,&nbsp;<em>o \u201cfuturo do Algarve \u00e9 bem mais risonho em mat\u00e9ria de resili\u00eancia h\u00eddrica\u201d<\/em>&nbsp;face aos passos dados atrav\u00e9s de financiamentos e projetos estrat\u00e9gicos como a Dessalinizadora de Albufeira ou a tomada de \u00e1gua do Po\u00admar\u00e3o, no Guadiana.<\/p>\n\n\n\n<p><em>\u201cE os sucessos que termos tido no tema da \u00e1gua refor\u00e7am a minha convic\u00e7\u00e3o de que, mantendo este grau de compromisso e coopera\u00e7\u00e3o entre autoridades e entidades nacionais, regionais e locais, seremos capazes de ter sucesso em muitas outras frentes\u201d,<\/em>&nbsp;acrescenta.<\/p>\n\n\n\n<p>De acordo com&nbsp;<strong>Jos\u00e9 Apolin\u00e1rio, Presidente da CCDR Algarve e da Comiss\u00e3o Diretiva do Algarve 2030:<\/strong>&nbsp;\u201cA \u00e1gua \u00e9 essencial \u00e0 vida, ao desenvolvimento econ\u00f3mico e \u00e0 coes\u00e3o territorial. O planeamento e a gest\u00e3o da \u00e1gua exigem trabalho institucional em rede, ao n\u00edvel nacional, regional e municipal, especial mobiliza\u00e7\u00e3o dos munic\u00edpios e enti\u00addades gestoras, capacita\u00e7\u00e3o t\u00e9cnica, recursos humanos especializados, conhecimento, par\u00adticipa\u00e7\u00e3o p\u00fablica, monitoriza\u00e7\u00e3o do recurso e execu\u00e7\u00e3o dos investimentos, com re\u00adsultados concretos, matriz dos fundos europeus da pol\u00edtica de coes\u00e3o\u201d.&nbsp;<\/p>\n\n\n\n<p><strong>Ant\u00f3nio Pina, Presidente da AMAL<\/strong>&nbsp;e&nbsp;<strong>Vogal n\u00e3o executivo do Algarve2030<\/strong>, destaca que \u201c<em>com o envolvimento de todos, estamos a traba\u00adlhar rumo a um Algarve seguro, autosuficiente e sustent\u00e1vel em recursos h\u00eddricos, que se quer cada vez mais eficiente por via da inova\u00e7\u00e3o\u201d<\/em><\/p>\n\n\n\n<p>A&nbsp;<strong>APA, Ag\u00eancia Portuguesa do Ambiente<\/strong>, atrav\u00e9s do seu Presidente, Jos\u00e9 Pimenta Machado, e do Diretor Regional da Administra\u00e7\u00e3o da Regi\u00e3o Hidrogr\u00e1fica do Algarve, Pedro Coelho, sublinha que: \u201c<em>A regi\u00e3o apresenta hoje uma evolu\u00e7\u00e3o positiva, com uma gest\u00e3o mais informada e inteligente dos recursos. Este avan\u00e7o \u00e9 essencial para preparar o futuro, refor\u00e7ando a base cient\u00edfica t\u00e9cnica sobre a qual assenta o planeamento e a tomada de decis\u00e3o\u201d.<\/em><\/p>\n","protected":false},"excerpt":{"rendered":"<p>Publica\u00e7\u00e3o da Autoridade de Gest\u00e3o do Programa Regional ALGARVE 2030 e da CCDR Algarve&nbsp;mostra&nbsp;solu\u00e7\u00f5es digitais, moderniza\u00e7\u00e3o de infraestruturas e aplica\u00e7\u00e3o<\/p>\n","protected":false},"author":1,"featured_media":56550,"comment_status":"closed","ping_status":"closed","sticky":false,"template":"","format":"standard","meta":{"colormag_page_container_layout":"default_layout","colormag_page_sidebar_layout":"default_layout","_monsterinsights_skip_tracking":false,"_monsterinsights_sitenote_active":false,"_monsterinsights_sitenote_note":"","_monsterinsights_sitenote_category":0,"jetpack_post_was_ever_published":false,"_jetpack_newsletter_access":"","_jetpack_dont_email_post_to_subs":false,"_jetpack_newsletter_tier_id":0,"_jetpack_memberships_contains_paywalled_content":false,"_jetpack_memberships_contains_paid_content":false,"footnotes":"","jetpack_publicize_message":"","jetpack_publicize_feature_enabled":true,"jetpack_social_post_already_shared":true,"jetpack_social_options":{"image_generator_settings":{"template":"highway","default_image_id":0,"font":"","enabled":false},"version":2}},"categories":[5],"tags":[36,32,143],"class_list":["post-56549","post","type-post","status-publish","format-standard","has-post-thumbnail","hentry","category-ambiente","tag-algarve","tag-ambiente","tag-ccdr-algarve"],"yoast_head":"<!-- This site is optimized with the Yoast SEO plugin v27.5 - https:\/\/yoast.com\/product\/yoast-seo-wordpress\/ -->\n<title>Gest\u00e3o inteligente da \u00e1gua: o novo paradigma h\u00eddrico do Algarve - Algarve 7<\/title>\n<meta name=\"description\" content=\"Gest\u00e3o inteligente da \u00e1gua: o novo paradigma h\u00eddrico do Algarve Ambiente\" \/>\n<meta name=\"robots\" content=\"index, follow, max-snippet:-1, max-image-preview:large, max-video-preview:-1\" \/>\n<link rel=\"canonical\" href=\"https:\/\/algarve7.pt\/index.php\/2025\/11\/gestao-inteligente-da-agua-o-novo-paradigma-hidrico-do-algarve\/ambiente\/15\/16\/\" \/>\n<meta property=\"og:locale\" content=\"pt_PT\" \/>\n<meta property=\"og:type\" content=\"article\" \/>\n<meta property=\"og:title\" content=\"Gest\u00e3o inteligente da \u00e1gua: o novo paradigma h\u00eddrico do Algarve - Algarve 7\" \/>\n<meta property=\"og:description\" content=\"Gest\u00e3o inteligente da \u00e1gua: o novo paradigma h\u00eddrico do Algarve Ambiente\" \/>\n<meta property=\"og:url\" content=\"https:\/\/algarve7.pt\/index.php\/2025\/11\/gestao-inteligente-da-agua-o-novo-paradigma-hidrico-do-algarve\/ambiente\/15\/16\/\" \/>\n<meta property=\"og:site_name\" content=\"Algarve 7\" \/>\n<meta property=\"article:publisher\" content=\"https:\/\/www.facebook.com\/algarve7\" \/>\n<meta property=\"article:author\" content=\"https:\/\/www.facebook.com\/algarve7\" \/>\n<meta property=\"article:published_time\" content=\"2025-11-29T15:16:05+00:00\" \/>\n<meta property=\"article:modified_time\" content=\"2025-11-29T15:16:10+00:00\" \/>\n<meta property=\"og:image\" content=\"https:\/\/algarve7.pt\/wp-content\/uploads\/2025\/11\/supl_agua2025_Algarve_CAPA_HOR.jpg\" \/>\n\t<meta property=\"og:image:width\" content=\"800\" \/>\n\t<meta property=\"og:image:height\" content=\"500\" \/>\n\t<meta property=\"og:image:type\" content=\"image\/jpeg\" \/>\n<meta name=\"author\" content=\"Algarve 7\" \/>\n<meta name=\"twitter:card\" content=\"summary_large_image\" \/>\n<meta name=\"twitter:creator\" content=\"@Algarvesete\" \/>\n<meta name=\"twitter:site\" content=\"@Algarvesete\" \/>\n<meta name=\"twitter:label1\" content=\"Escrito por\" \/>\n\t<meta name=\"twitter:data1\" content=\"Algarve 7\" \/>\n\t<meta name=\"twitter:label2\" content=\"Tempo estimado de leitura\" \/>\n\t<meta name=\"twitter:data2\" content=\"5 minutos\" \/>\n<script type=\"application\/ld+json\" class=\"yoast-schema-graph\">{\"@context\":\"https:\\\/\\\/schema.org\",\"@graph\":[{\"@type\":\"Article\",\"@id\":\"https:\\\/\\\/algarve7.pt\\\/index.php\\\/2025\\\/11\\\/gestao-inteligente-da-agua-o-novo-paradigma-hidrico-do-algarve\\\/ambiente\\\/15\\\/16\\\/#article\",\"isPartOf\":{\"@id\":\"https:\\\/\\\/algarve7.pt\\\/index.php\\\/2025\\\/11\\\/gestao-inteligente-da-agua-o-novo-paradigma-hidrico-do-algarve\\\/ambiente\\\/15\\\/16\\\/\"},\"author\":{\"name\":\"Algarve 7\",\"@id\":\"https:\\\/\\\/algarve7.pt\\\/#\\\/schema\\\/person\\\/23fa70681308e7b319a3204bcea45e0c\"},\"headline\":\"Gest\u00e3o inteligente da \u00e1gua: o novo paradigma h\u00eddrico do Algarve\",\"datePublished\":\"2025-11-29T15:16:05+00:00\",\"dateModified\":\"2025-11-29T15:16:10+00:00\",\"mainEntityOfPage\":{\"@id\":\"https:\\\/\\\/algarve7.pt\\\/index.php\\\/2025\\\/11\\\/gestao-inteligente-da-agua-o-novo-paradigma-hidrico-do-algarve\\\/ambiente\\\/15\\\/16\\\/\"},\"wordCount\":947,\"publisher\":{\"@id\":\"https:\\\/\\\/algarve7.pt\\\/#organization\"},\"image\":{\"@id\":\"https:\\\/\\\/algarve7.pt\\\/index.php\\\/2025\\\/11\\\/gestao-inteligente-da-agua-o-novo-paradigma-hidrico-do-algarve\\\/ambiente\\\/15\\\/16\\\/#primaryimage\"},\"thumbnailUrl\":\"https:\\\/\\\/algarve7.pt\\\/wp-content\\\/uploads\\\/2025\\\/11\\\/supl_agua2025_Algarve_CAPA_HOR.jpg\",\"keywords\":[\"Algarve\",\"Ambiente\",\"CCDR Algarve\"],\"articleSection\":[\"Ambiente\"],\"inLanguage\":\"pt-PT\"},{\"@type\":\"WebPage\",\"@id\":\"https:\\\/\\\/algarve7.pt\\\/index.php\\\/2025\\\/11\\\/gestao-inteligente-da-agua-o-novo-paradigma-hidrico-do-algarve\\\/ambiente\\\/15\\\/16\\\/\",\"url\":\"https:\\\/\\\/algarve7.pt\\\/index.php\\\/2025\\\/11\\\/gestao-inteligente-da-agua-o-novo-paradigma-hidrico-do-algarve\\\/ambiente\\\/15\\\/16\\\/\",\"name\":\"Gest\u00e3o inteligente da \u00e1gua: o novo paradigma h\u00eddrico do Algarve - Algarve 7\",\"isPartOf\":{\"@id\":\"https:\\\/\\\/algarve7.pt\\\/#website\"},\"primaryImageOfPage\":{\"@id\":\"https:\\\/\\\/algarve7.pt\\\/index.php\\\/2025\\\/11\\\/gestao-inteligente-da-agua-o-novo-paradigma-hidrico-do-algarve\\\/ambiente\\\/15\\\/16\\\/#primaryimage\"},\"image\":{\"@id\":\"https:\\\/\\\/algarve7.pt\\\/index.php\\\/2025\\\/11\\\/gestao-inteligente-da-agua-o-novo-paradigma-hidrico-do-algarve\\\/ambiente\\\/15\\\/16\\\/#primaryimage\"},\"thumbnailUrl\":\"https:\\\/\\\/algarve7.pt\\\/wp-content\\\/uploads\\\/2025\\\/11\\\/supl_agua2025_Algarve_CAPA_HOR.jpg\",\"datePublished\":\"2025-11-29T15:16:05+00:00\",\"dateModified\":\"2025-11-29T15:16:10+00:00\",\"description\":\"Gest\u00e3o inteligente da \u00e1gua: o novo paradigma h\u00eddrico do Algarve Ambiente\",\"breadcrumb\":{\"@id\":\"https:\\\/\\\/algarve7.pt\\\/index.php\\\/2025\\\/11\\\/gestao-inteligente-da-agua-o-novo-paradigma-hidrico-do-algarve\\\/ambiente\\\/15\\\/16\\\/#breadcrumb\"},\"inLanguage\":\"pt-PT\",\"potentialAction\":[{\"@type\":\"ReadAction\",\"target\":[\"https:\\\/\\\/algarve7.pt\\\/index.php\\\/2025\\\/11\\\/gestao-inteligente-da-agua-o-novo-paradigma-hidrico-do-algarve\\\/ambiente\\\/15\\\/16\\\/\"]}]},{\"@type\":\"ImageObject\",\"inLanguage\":\"pt-PT\",\"@id\":\"https:\\\/\\\/algarve7.pt\\\/index.php\\\/2025\\\/11\\\/gestao-inteligente-da-agua-o-novo-paradigma-hidrico-do-algarve\\\/ambiente\\\/15\\\/16\\\/#primaryimage\",\"url\":\"https:\\\/\\\/algarve7.pt\\\/wp-content\\\/uploads\\\/2025\\\/11\\\/supl_agua2025_Algarve_CAPA_HOR.jpg\",\"contentUrl\":\"https:\\\/\\\/algarve7.pt\\\/wp-content\\\/uploads\\\/2025\\\/11\\\/supl_agua2025_Algarve_CAPA_HOR.jpg\",\"width\":800,\"height\":500},{\"@type\":\"BreadcrumbList\",\"@id\":\"https:\\\/\\\/algarve7.pt\\\/index.php\\\/2025\\\/11\\\/gestao-inteligente-da-agua-o-novo-paradigma-hidrico-do-algarve\\\/ambiente\\\/15\\\/16\\\/#breadcrumb\",\"itemListElement\":[{\"@type\":\"ListItem\",\"position\":1,\"name\":\"In\u00edcio\",\"item\":\"https:\\\/\\\/algarve7.pt\\\/\"},{\"@type\":\"ListItem\",\"position\":2,\"name\":\"Gest\u00e3o inteligente da \u00e1gua: o novo paradigma h\u00eddrico do Algarve\"}]},{\"@type\":\"WebSite\",\"@id\":\"https:\\\/\\\/algarve7.pt\\\/#website\",\"url\":\"https:\\\/\\\/algarve7.pt\\\/\",\"name\":\"Algarve 7\",\"description\":\"Informa\u00e7\u00e3o sobre o Algarve\",\"publisher\":{\"@id\":\"https:\\\/\\\/algarve7.pt\\\/#organization\"},\"potentialAction\":[{\"@type\":\"SearchAction\",\"target\":{\"@type\":\"EntryPoint\",\"urlTemplate\":\"https:\\\/\\\/algarve7.pt\\\/?s={search_term_string}\"},\"query-input\":{\"@type\":\"PropertyValueSpecification\",\"valueRequired\":true,\"valueName\":\"search_term_string\"}}],\"inLanguage\":\"pt-PT\"},{\"@type\":\"Organization\",\"@id\":\"https:\\\/\\\/algarve7.pt\\\/#organization\",\"name\":\"Algarve 7\",\"url\":\"https:\\\/\\\/algarve7.pt\\\/\",\"logo\":{\"@type\":\"ImageObject\",\"inLanguage\":\"pt-PT\",\"@id\":\"https:\\\/\\\/algarve7.pt\\\/#\\\/schema\\\/logo\\\/image\\\/\",\"url\":\"https:\\\/\\\/algarve7.pt\\\/wp-content\\\/uploads\\\/2020\\\/10\\\/Logo-8.jpg\",\"contentUrl\":\"https:\\\/\\\/algarve7.pt\\\/wp-content\\\/uploads\\\/2020\\\/10\\\/Logo-8.jpg\",\"width\":1680,\"height\":1186,\"caption\":\"Algarve 7\"},\"image\":{\"@id\":\"https:\\\/\\\/algarve7.pt\\\/#\\\/schema\\\/logo\\\/image\\\/\"},\"sameAs\":[\"https:\\\/\\\/www.facebook.com\\\/algarve7\",\"https:\\\/\\\/x.com\\\/Algarvesete\",\"https:\\\/\\\/www.instagram.com\\\/jornalalgarve7\\\/\",\"https:\\\/\\\/www.linkedin.com\\\/company\\\/algarve7\",\"https:\\\/\\\/www.pinterest.pt\\\/geral0939\\\/_created\\\/\"]},{\"@type\":\"Person\",\"@id\":\"https:\\\/\\\/algarve7.pt\\\/#\\\/schema\\\/person\\\/23fa70681308e7b319a3204bcea45e0c\",\"name\":\"Algarve 7\",\"sameAs\":[\"https:\\\/\\\/algarve7.pt\",\"https:\\\/\\\/www.facebook.com\\\/algarve7\"],\"url\":\"https:\\\/\\\/algarve7.pt\\\/index.php\\\/author\\\/geralalgarve7-pt\\\/\"}]}<\/script>\n<!-- \/ Yoast SEO plugin. -->","yoast_head_json":{"title":"Gest\u00e3o inteligente da \u00e1gua: o novo paradigma h\u00eddrico do Algarve - Algarve 7","description":"Gest\u00e3o inteligente da \u00e1gua: o novo paradigma h\u00eddrico do Algarve Ambiente","robots":{"index":"index","follow":"follow","max-snippet":"max-snippet:-1","max-image-preview":"max-image-preview:large","max-video-preview":"max-video-preview:-1"},"canonical":"https:\/\/algarve7.pt\/index.php\/2025\/11\/gestao-inteligente-da-agua-o-novo-paradigma-hidrico-do-algarve\/ambiente\/15\/16\/","og_locale":"pt_PT","og_type":"article","og_title":"Gest\u00e3o inteligente da \u00e1gua: o novo paradigma h\u00eddrico do Algarve - Algarve 7","og_description":"Gest\u00e3o inteligente da \u00e1gua: o novo paradigma h\u00eddrico do Algarve Ambiente","og_url":"https:\/\/algarve7.pt\/index.php\/2025\/11\/gestao-inteligente-da-agua-o-novo-paradigma-hidrico-do-algarve\/ambiente\/15\/16\/","og_site_name":"Algarve 7","article_publisher":"https:\/\/www.facebook.com\/algarve7","article_author":"https:\/\/www.facebook.com\/algarve7","article_published_time":"2025-11-29T15:16:05+00:00","article_modified_time":"2025-11-29T15:16:10+00:00","og_image":[{"width":800,"height":500,"url":"https:\/\/algarve7.pt\/wp-content\/uploads\/2025\/11\/supl_agua2025_Algarve_CAPA_HOR.jpg","type":"image\/jpeg"}],"author":"Algarve 7","twitter_card":"summary_large_image","twitter_creator":"@Algarvesete","twitter_site":"@Algarvesete","twitter_misc":{"Escrito por":"Algarve 7","Tempo estimado de leitura":"5 minutos"},"schema":{"@context":"https:\/\/schema.org","@graph":[{"@type":"Article","@id":"https:\/\/algarve7.pt\/index.php\/2025\/11\/gestao-inteligente-da-agua-o-novo-paradigma-hidrico-do-algarve\/ambiente\/15\/16\/#article","isPartOf":{"@id":"https:\/\/algarve7.pt\/index.php\/2025\/11\/gestao-inteligente-da-agua-o-novo-paradigma-hidrico-do-algarve\/ambiente\/15\/16\/"},"author":{"name":"Algarve 7","@id":"https:\/\/algarve7.pt\/#\/schema\/person\/23fa70681308e7b319a3204bcea45e0c"},"headline":"Gest\u00e3o inteligente da \u00e1gua: o novo paradigma h\u00eddrico do Algarve","datePublished":"2025-11-29T15:16:05+00:00","dateModified":"2025-11-29T15:16:10+00:00","mainEntityOfPage":{"@id":"https:\/\/algarve7.pt\/index.php\/2025\/11\/gestao-inteligente-da-agua-o-novo-paradigma-hidrico-do-algarve\/ambiente\/15\/16\/"},"wordCount":947,"publisher":{"@id":"https:\/\/algarve7.pt\/#organization"},"image":{"@id":"https:\/\/algarve7.pt\/index.php\/2025\/11\/gestao-inteligente-da-agua-o-novo-paradigma-hidrico-do-algarve\/ambiente\/15\/16\/#primaryimage"},"thumbnailUrl":"https:\/\/algarve7.pt\/wp-content\/uploads\/2025\/11\/supl_agua2025_Algarve_CAPA_HOR.jpg","keywords":["Algarve","Ambiente","CCDR Algarve"],"articleSection":["Ambiente"],"inLanguage":"pt-PT"},{"@type":"WebPage","@id":"https:\/\/algarve7.pt\/index.php\/2025\/11\/gestao-inteligente-da-agua-o-novo-paradigma-hidrico-do-algarve\/ambiente\/15\/16\/","url":"https:\/\/algarve7.pt\/index.php\/2025\/11\/gestao-inteligente-da-agua-o-novo-paradigma-hidrico-do-algarve\/ambiente\/15\/16\/","name":"Gest\u00e3o inteligente da \u00e1gua: o novo paradigma h\u00eddrico do Algarve - Algarve 7","isPartOf":{"@id":"https:\/\/algarve7.pt\/#website"},"primaryImageOfPage":{"@id":"https:\/\/algarve7.pt\/index.php\/2025\/11\/gestao-inteligente-da-agua-o-novo-paradigma-hidrico-do-algarve\/ambiente\/15\/16\/#primaryimage"},"image":{"@id":"https:\/\/algarve7.pt\/index.php\/2025\/11\/gestao-inteligente-da-agua-o-novo-paradigma-hidrico-do-algarve\/ambiente\/15\/16\/#primaryimage"},"thumbnailUrl":"https:\/\/algarve7.pt\/wp-content\/uploads\/2025\/11\/supl_agua2025_Algarve_CAPA_HOR.jpg","datePublished":"2025-11-29T15:16:05+00:00","dateModified":"2025-11-29T15:16:10+00:00","description":"Gest\u00e3o inteligente da \u00e1gua: o novo paradigma h\u00eddrico do Algarve Ambiente","breadcrumb":{"@id":"https:\/\/algarve7.pt\/index.php\/2025\/11\/gestao-inteligente-da-agua-o-novo-paradigma-hidrico-do-algarve\/ambiente\/15\/16\/#breadcrumb"},"inLanguage":"pt-PT","potentialAction":[{"@type":"ReadAction","target":["https:\/\/algarve7.pt\/index.php\/2025\/11\/gestao-inteligente-da-agua-o-novo-paradigma-hidrico-do-algarve\/ambiente\/15\/16\/"]}]},{"@type":"ImageObject","inLanguage":"pt-PT","@id":"https:\/\/algarve7.pt\/index.php\/2025\/11\/gestao-inteligente-da-agua-o-novo-paradigma-hidrico-do-algarve\/ambiente\/15\/16\/#primaryimage","url":"https:\/\/algarve7.pt\/wp-content\/uploads\/2025\/11\/supl_agua2025_Algarve_CAPA_HOR.jpg","contentUrl":"https:\/\/algarve7.pt\/wp-content\/uploads\/2025\/11\/supl_agua2025_Algarve_CAPA_HOR.jpg","width":800,"height":500},{"@type":"BreadcrumbList","@id":"https:\/\/algarve7.pt\/index.php\/2025\/11\/gestao-inteligente-da-agua-o-novo-paradigma-hidrico-do-algarve\/ambiente\/15\/16\/#breadcrumb","itemListElement":[{"@type":"ListItem","position":1,"name":"In\u00edcio","item":"https:\/\/algarve7.pt\/"},{"@type":"ListItem","position":2,"name":"Gest\u00e3o inteligente da \u00e1gua: o novo paradigma h\u00eddrico do Algarve"}]},{"@type":"WebSite","@id":"https:\/\/algarve7.pt\/#website","url":"https:\/\/algarve7.pt\/","name":"Algarve 7","description":"Informa\u00e7\u00e3o sobre o Algarve","publisher":{"@id":"https:\/\/algarve7.pt\/#organization"},"potentialAction":[{"@type":"SearchAction","target":{"@type":"EntryPoint","urlTemplate":"https:\/\/algarve7.pt\/?s={search_term_string}"},"query-input":{"@type":"PropertyValueSpecification","valueRequired":true,"valueName":"search_term_string"}}],"inLanguage":"pt-PT"},{"@type":"Organization","@id":"https:\/\/algarve7.pt\/#organization","name":"Algarve 7","url":"https:\/\/algarve7.pt\/","logo":{"@type":"ImageObject","inLanguage":"pt-PT","@id":"https:\/\/algarve7.pt\/#\/schema\/logo\/image\/","url":"https:\/\/algarve7.pt\/wp-content\/uploads\/2020\/10\/Logo-8.jpg","contentUrl":"https:\/\/algarve7.pt\/wp-content\/uploads\/2020\/10\/Logo-8.jpg","width":1680,"height":1186,"caption":"Algarve 7"},"image":{"@id":"https:\/\/algarve7.pt\/#\/schema\/logo\/image\/"},"sameAs":["https:\/\/www.facebook.com\/algarve7","https:\/\/x.com\/Algarvesete","https:\/\/www.instagram.com\/jornalalgarve7\/","https:\/\/www.linkedin.com\/company\/algarve7","https:\/\/www.pinterest.pt\/geral0939\/_created\/"]},{"@type":"Person","@id":"https:\/\/algarve7.pt\/#\/schema\/person\/23fa70681308e7b319a3204bcea45e0c","name":"Algarve 7","sameAs":["https:\/\/algarve7.pt","https:\/\/www.facebook.com\/algarve7"],"url":"https:\/\/algarve7.pt\/index.php\/author\/geralalgarve7-pt\/"}]}},"jetpack_publicize_connections":[],"jetpack_featured_media_url":"https:\/\/algarve7.pt\/wp-content\/uploads\/2025\/11\/supl_agua2025_Algarve_CAPA_HOR.jpg","jetpack_shortlink":"https:\/\/wp.me\/pcezmW-eI5","jetpack_sharing_enabled":true,"_links":{"self":[{"href":"https:\/\/algarve7.pt\/index.php\/wp-json\/wp\/v2\/posts\/56549","targetHints":{"allow":["GET"]}}],"collection":[{"href":"https:\/\/algarve7.pt\/index.php\/wp-json\/wp\/v2\/posts"}],"about":[{"href":"https:\/\/algarve7.pt\/index.php\/wp-json\/wp\/v2\/types\/post"}],"author":[{"embeddable":true,"href":"https:\/\/algarve7.pt\/index.php\/wp-json\/wp\/v2\/users\/1"}],"replies":[{"embeddable":true,"href":"https:\/\/algarve7.pt\/index.php\/wp-json\/wp\/v2\/comments?post=56549"}],"version-history":[{"count":0,"href":"https:\/\/algarve7.pt\/index.php\/wp-json\/wp\/v2\/posts\/56549\/revisions"}],"wp:featuredmedia":[{"embeddable":true,"href":"https:\/\/algarve7.pt\/index.php\/wp-json\/wp\/v2\/media\/56550"}],"wp:attachment":[{"href":"https:\/\/algarve7.pt\/index.php\/wp-json\/wp\/v2\/media?parent=56549"}],"wp:term":[{"taxonomy":"category","embeddable":true,"href":"https:\/\/algarve7.pt\/index.php\/wp-json\/wp\/v2\/categories?post=56549"},{"taxonomy":"post_tag","embeddable":true,"href":"https:\/\/algarve7.pt\/index.php\/wp-json\/wp\/v2\/tags?post=56549"}],"curies":[{"name":"wp","href":"https:\/\/api.w.org\/{rel}","templated":true}]}}