{"id":56537,"date":"2025-11-27T19:13:45","date_gmt":"2025-11-27T19:13:45","guid":{"rendered":"https:\/\/algarve7.pt\/?p=56537"},"modified":"2025-11-27T19:13:51","modified_gmt":"2025-11-27T19:13:51","slug":"lagos-dinamiza-workshop-lagos-sustentavel-no-ambito-da-certificacao-green-destinations","status":"publish","type":"post","link":"https:\/\/algarve7.pt\/index.php\/2025\/11\/lagos-dinamiza-workshop-lagos-sustentavel-no-ambito-da-certificacao-green-destinations\/turismo\/19\/13\/","title":{"rendered":"Lagos dinamiza workshop \u201cLagos + Sustent\u00e1vel\u201d no \u00e2mbito da certifica\u00e7\u00e3o Green Destinations"},"content":{"rendered":"\n<p>O munic\u00edpio de Lagos promoveu, a 26 de novembro, uma sess\u00e3o preparat\u00f3ria dedicada ao processo de renova\u00e7\u00e3o da certifica\u00e7\u00e3o internacional Green Destinations, refor\u00e7ando o seu compromisso na promo\u00e7\u00e3o de um turismo mais sustent\u00e1vel e alinhado com as melhores pr\u00e1ticas internacionais.<\/p>\n\n\n\n<p>A iniciativa contou com o apoio t\u00e9cnico de uma consultora externa, entidade que est\u00e1 a acompanhar, em conjunto com a autarquia, a elabora\u00e7\u00e3o do novo processo de certifica\u00e7\u00e3o, o qual depende, significativamente, da colabora\u00e7\u00e3o de v\u00e1rios parceiros locais, com destaque para os envolvidos na Esta\u00e7\u00e3o N\u00e1utica de Lagos, cuja implementa\u00e7\u00e3o de boas pr\u00e1ticas sustent\u00e1veis poder\u00e1 continuar a contribuir para melhorar a classifica\u00e7\u00e3o global de Lagos enquanto destino tur\u00edstico sustent\u00e1vel.<\/p>\n\n\n\n<p>No contexto destes trabalhos, o munic\u00edpio realizou o workshop \u201cLagos + Sustent\u00e1vel \u2013 Certifica\u00e7\u00e3o Green Destinations\u201d, que decorreu no Audit\u00f3rio dos Pa\u00e7os do Concelho, sess\u00e3o em que foram abordados temas como a evolu\u00e7\u00e3o do processo de certifica\u00e7\u00e3o em Lagos, os princ\u00edpios do turismo sustent\u00e1vel, as responsabilidades das entidades locais e as diferentes etapas previstas no programa de certifica\u00e7\u00e3o.<\/p>\n\n\n\n<p>Com esta iniciativa, a autarquia pretende refor\u00e7ar o envolvimento dos agentes do territ\u00f3rio e consolidar Lagos como um destino comprometido com a sustentabilidade, preparado para responder aos desafios ambientais e tur\u00edsticos presentes e futuros.<\/p>\n","protected":false},"excerpt":{"rendered":"<p>O munic\u00edpio de Lagos promoveu, a 26 de novembro, uma sess\u00e3o preparat\u00f3ria dedicada ao processo de renova\u00e7\u00e3o da certifica\u00e7\u00e3o internacional<\/p>\n","protected":false},"author":1,"featured_media":56538,"comment_status":"closed","ping_status":"closed","sticky":false,"template":"","format":"standard","meta":{"colormag_page_container_layout":"default_layout","colormag_page_sidebar_layout":"default_layout","_monsterinsights_skip_tracking":false,"_monsterinsights_sitenote_active":false,"_monsterinsights_sitenote_note":"","_monsterinsights_sitenote_category":0,"jetpack_post_was_ever_published":false,"_jetpack_newsletter_access":"","_jetpack_dont_email_post_to_subs":false,"_jetpack_newsletter_tier_id":0,"_jetpack_memberships_contains_paywalled_content":false,"_jetpack_memberships_contains_paid_content":false,"footnotes":"","jetpack_publicize_message":"","jetpack_publicize_feature_enabled":true,"jetpack_social_post_already_shared":true,"jetpack_social_options":{"image_generator_settings":{"template":"highway","default_image_id":0,"font":"","enabled":false},"version":2}},"categories":[17],"tags":[36,68,45],"class_list":["post-56537","post","type-post","status-publish","format-standard","has-post-thumbnail","hentry","category-turismo","tag-algarve","tag-lagos","tag-turismo"],"yoast_head":"<!-- This site is optimized with the Yoast SEO plugin v27.5 - https:\/\/yoast.com\/product\/yoast-seo-wordpress\/ -->\n<title>Lagos dinamiza workshop \u201cLagos + Sustent\u00e1vel\u201d no \u00e2mbito da certifica\u00e7\u00e3o Green Destinations - Algarve 7<\/title>\n<meta name=\"description\" content=\"Lagos dinamiza workshop \u201cLagos + Sustent\u00e1vel\u201d no \u00e2mbito da certifica\u00e7\u00e3o Green Destinations Turismo\" \/>\n<meta name=\"robots\" content=\"index, follow, max-snippet:-1, max-image-preview:large, max-video-preview:-1\" \/>\n<link rel=\"canonical\" href=\"https:\/\/algarve7.pt\/index.php\/2025\/11\/lagos-dinamiza-workshop-lagos-sustentavel-no-ambito-da-certificacao-green-destinations\/turismo\/19\/13\/\" \/>\n<meta property=\"og:locale\" content=\"pt_PT\" \/>\n<meta property=\"og:type\" content=\"article\" \/>\n<meta property=\"og:title\" content=\"Lagos dinamiza workshop \u201cLagos + Sustent\u00e1vel\u201d no \u00e2mbito da certifica\u00e7\u00e3o Green Destinations - Algarve 7\" \/>\n<meta property=\"og:description\" content=\"Lagos dinamiza workshop \u201cLagos + Sustent\u00e1vel\u201d no \u00e2mbito da certifica\u00e7\u00e3o Green Destinations Turismo\" \/>\n<meta property=\"og:url\" content=\"https:\/\/algarve7.pt\/index.php\/2025\/11\/lagos-dinamiza-workshop-lagos-sustentavel-no-ambito-da-certificacao-green-destinations\/turismo\/19\/13\/\" \/>\n<meta property=\"og:site_name\" content=\"Algarve 7\" \/>\n<meta property=\"article:publisher\" content=\"https:\/\/www.facebook.com\/algarve7\" \/>\n<meta property=\"article:author\" content=\"https:\/\/www.facebook.com\/algarve7\" \/>\n<meta property=\"article:published_time\" content=\"2025-11-27T19:13:45+00:00\" \/>\n<meta property=\"article:modified_time\" content=\"2025-11-27T19:13:51+00:00\" \/>\n<meta property=\"og:image\" content=\"https:\/\/algarve7.pt\/wp-content\/uploads\/2025\/11\/Green-Destinations-OCS.jpg\" \/>\n\t<meta property=\"og:image:width\" content=\"800\" \/>\n\t<meta property=\"og:image:height\" content=\"500\" \/>\n\t<meta property=\"og:image:type\" content=\"image\/jpeg\" \/>\n<meta name=\"author\" content=\"Algarve 7\" \/>\n<meta name=\"twitter:card\" content=\"summary_large_image\" \/>\n<meta name=\"twitter:creator\" content=\"@Algarvesete\" \/>\n<meta name=\"twitter:site\" content=\"@Algarvesete\" \/>\n<meta name=\"twitter:label1\" content=\"Escrito por\" \/>\n\t<meta name=\"twitter:data1\" content=\"Algarve 7\" \/>\n\t<meta name=\"twitter:label2\" content=\"Tempo estimado de leitura\" \/>\n\t<meta name=\"twitter:data2\" content=\"2 minutos\" \/>\n<script type=\"application\/ld+json\" class=\"yoast-schema-graph\">{\"@context\":\"https:\\\/\\\/schema.org\",\"@graph\":[{\"@type\":\"Article\",\"@id\":\"https:\\\/\\\/algarve7.pt\\\/index.php\\\/2025\\\/11\\\/lagos-dinamiza-workshop-lagos-sustentavel-no-ambito-da-certificacao-green-destinations\\\/turismo\\\/19\\\/13\\\/#article\",\"isPartOf\":{\"@id\":\"https:\\\/\\\/algarve7.pt\\\/index.php\\\/2025\\\/11\\\/lagos-dinamiza-workshop-lagos-sustentavel-no-ambito-da-certificacao-green-destinations\\\/turismo\\\/19\\\/13\\\/\"},\"author\":{\"name\":\"Algarve 7\",\"@id\":\"https:\\\/\\\/algarve7.pt\\\/#\\\/schema\\\/person\\\/23fa70681308e7b319a3204bcea45e0c\"},\"headline\":\"Lagos dinamiza workshop \u201cLagos + Sustent\u00e1vel\u201d no \u00e2mbito da certifica\u00e7\u00e3o Green Destinations\",\"datePublished\":\"2025-11-27T19:13:45+00:00\",\"dateModified\":\"2025-11-27T19:13:51+00:00\",\"mainEntityOfPage\":{\"@id\":\"https:\\\/\\\/algarve7.pt\\\/index.php\\\/2025\\\/11\\\/lagos-dinamiza-workshop-lagos-sustentavel-no-ambito-da-certificacao-green-destinations\\\/turismo\\\/19\\\/13\\\/\"},\"wordCount\":247,\"publisher\":{\"@id\":\"https:\\\/\\\/algarve7.pt\\\/#organization\"},\"image\":{\"@id\":\"https:\\\/\\\/algarve7.pt\\\/index.php\\\/2025\\\/11\\\/lagos-dinamiza-workshop-lagos-sustentavel-no-ambito-da-certificacao-green-destinations\\\/turismo\\\/19\\\/13\\\/#primaryimage\"},\"thumbnailUrl\":\"https:\\\/\\\/algarve7.pt\\\/wp-content\\\/uploads\\\/2025\\\/11\\\/Green-Destinations-OCS.jpg\",\"keywords\":[\"Algarve\",\"Lagos\",\"Turismo\"],\"articleSection\":[\"Turismo\"],\"inLanguage\":\"pt-PT\"},{\"@type\":\"WebPage\",\"@id\":\"https:\\\/\\\/algarve7.pt\\\/index.php\\\/2025\\\/11\\\/lagos-dinamiza-workshop-lagos-sustentavel-no-ambito-da-certificacao-green-destinations\\\/turismo\\\/19\\\/13\\\/\",\"url\":\"https:\\\/\\\/algarve7.pt\\\/index.php\\\/2025\\\/11\\\/lagos-dinamiza-workshop-lagos-sustentavel-no-ambito-da-certificacao-green-destinations\\\/turismo\\\/19\\\/13\\\/\",\"name\":\"Lagos dinamiza workshop \u201cLagos + Sustent\u00e1vel\u201d no \u00e2mbito da certifica\u00e7\u00e3o Green Destinations - Algarve 7\",\"isPartOf\":{\"@id\":\"https:\\\/\\\/algarve7.pt\\\/#website\"},\"primaryImageOfPage\":{\"@id\":\"https:\\\/\\\/algarve7.pt\\\/index.php\\\/2025\\\/11\\\/lagos-dinamiza-workshop-lagos-sustentavel-no-ambito-da-certificacao-green-destinations\\\/turismo\\\/19\\\/13\\\/#primaryimage\"},\"image\":{\"@id\":\"https:\\\/\\\/algarve7.pt\\\/index.php\\\/2025\\\/11\\\/lagos-dinamiza-workshop-lagos-sustentavel-no-ambito-da-certificacao-green-destinations\\\/turismo\\\/19\\\/13\\\/#primaryimage\"},\"thumbnailUrl\":\"https:\\\/\\\/algarve7.pt\\\/wp-content\\\/uploads\\\/2025\\\/11\\\/Green-Destinations-OCS.jpg\",\"datePublished\":\"2025-11-27T19:13:45+00:00\",\"dateModified\":\"2025-11-27T19:13:51+00:00\",\"description\":\"Lagos dinamiza workshop \u201cLagos + Sustent\u00e1vel\u201d no \u00e2mbito da certifica\u00e7\u00e3o Green Destinations Turismo\",\"breadcrumb\":{\"@id\":\"https:\\\/\\\/algarve7.pt\\\/index.php\\\/2025\\\/11\\\/lagos-dinamiza-workshop-lagos-sustentavel-no-ambito-da-certificacao-green-destinations\\\/turismo\\\/19\\\/13\\\/#breadcrumb\"},\"inLanguage\":\"pt-PT\",\"potentialAction\":[{\"@type\":\"ReadAction\",\"target\":[\"https:\\\/\\\/algarve7.pt\\\/index.php\\\/2025\\\/11\\\/lagos-dinamiza-workshop-lagos-sustentavel-no-ambito-da-certificacao-green-destinations\\\/turismo\\\/19\\\/13\\\/\"]}]},{\"@type\":\"ImageObject\",\"inLanguage\":\"pt-PT\",\"@id\":\"https:\\\/\\\/algarve7.pt\\\/index.php\\\/2025\\\/11\\\/lagos-dinamiza-workshop-lagos-sustentavel-no-ambito-da-certificacao-green-destinations\\\/turismo\\\/19\\\/13\\\/#primaryimage\",\"url\":\"https:\\\/\\\/algarve7.pt\\\/wp-content\\\/uploads\\\/2025\\\/11\\\/Green-Destinations-OCS.jpg\",\"contentUrl\":\"https:\\\/\\\/algarve7.pt\\\/wp-content\\\/uploads\\\/2025\\\/11\\\/Green-Destinations-OCS.jpg\",\"width\":800,\"height\":500},{\"@type\":\"BreadcrumbList\",\"@id\":\"https:\\\/\\\/algarve7.pt\\\/index.php\\\/2025\\\/11\\\/lagos-dinamiza-workshop-lagos-sustentavel-no-ambito-da-certificacao-green-destinations\\\/turismo\\\/19\\\/13\\\/#breadcrumb\",\"itemListElement\":[{\"@type\":\"ListItem\",\"position\":1,\"name\":\"In\u00edcio\",\"item\":\"https:\\\/\\\/algarve7.pt\\\/\"},{\"@type\":\"ListItem\",\"position\":2,\"name\":\"Lagos dinamiza workshop \u201cLagos + Sustent\u00e1vel\u201d no \u00e2mbito da certifica\u00e7\u00e3o Green Destinations\"}]},{\"@type\":\"WebSite\",\"@id\":\"https:\\\/\\\/algarve7.pt\\\/#website\",\"url\":\"https:\\\/\\\/algarve7.pt\\\/\",\"name\":\"Algarve 7\",\"description\":\"Informa\u00e7\u00e3o sobre o Algarve\",\"publisher\":{\"@id\":\"https:\\\/\\\/algarve7.pt\\\/#organization\"},\"potentialAction\":[{\"@type\":\"SearchAction\",\"target\":{\"@type\":\"EntryPoint\",\"urlTemplate\":\"https:\\\/\\\/algarve7.pt\\\/?s={search_term_string}\"},\"query-input\":{\"@type\":\"PropertyValueSpecification\",\"valueRequired\":true,\"valueName\":\"search_term_string\"}}],\"inLanguage\":\"pt-PT\"},{\"@type\":\"Organization\",\"@id\":\"https:\\\/\\\/algarve7.pt\\\/#organization\",\"name\":\"Algarve 7\",\"url\":\"https:\\\/\\\/algarve7.pt\\\/\",\"logo\":{\"@type\":\"ImageObject\",\"inLanguage\":\"pt-PT\",\"@id\":\"https:\\\/\\\/algarve7.pt\\\/#\\\/schema\\\/logo\\\/image\\\/\",\"url\":\"https:\\\/\\\/algarve7.pt\\\/wp-content\\\/uploads\\\/2020\\\/10\\\/Logo-8.jpg\",\"contentUrl\":\"https:\\\/\\\/algarve7.pt\\\/wp-content\\\/uploads\\\/2020\\\/10\\\/Logo-8.jpg\",\"width\":1680,\"height\":1186,\"caption\":\"Algarve 7\"},\"image\":{\"@id\":\"https:\\\/\\\/algarve7.pt\\\/#\\\/schema\\\/logo\\\/image\\\/\"},\"sameAs\":[\"https:\\\/\\\/www.facebook.com\\\/algarve7\",\"https:\\\/\\\/x.com\\\/Algarvesete\",\"https:\\\/\\\/www.instagram.com\\\/jornalalgarve7\\\/\",\"https:\\\/\\\/www.linkedin.com\\\/company\\\/algarve7\",\"https:\\\/\\\/www.pinterest.pt\\\/geral0939\\\/_created\\\/\"]},{\"@type\":\"Person\",\"@id\":\"https:\\\/\\\/algarve7.pt\\\/#\\\/schema\\\/person\\\/23fa70681308e7b319a3204bcea45e0c\",\"name\":\"Algarve 7\",\"sameAs\":[\"https:\\\/\\\/algarve7.pt\",\"https:\\\/\\\/www.facebook.com\\\/algarve7\"],\"url\":\"https:\\\/\\\/algarve7.pt\\\/index.php\\\/author\\\/geralalgarve7-pt\\\/\"}]}<\/script>\n<!-- \/ Yoast SEO plugin. -->","yoast_head_json":{"title":"Lagos dinamiza workshop \u201cLagos + Sustent\u00e1vel\u201d no \u00e2mbito da certifica\u00e7\u00e3o Green Destinations - Algarve 7","description":"Lagos dinamiza workshop \u201cLagos + Sustent\u00e1vel\u201d no \u00e2mbito da certifica\u00e7\u00e3o Green Destinations Turismo","robots":{"index":"index","follow":"follow","max-snippet":"max-snippet:-1","max-image-preview":"max-image-preview:large","max-video-preview":"max-video-preview:-1"},"canonical":"https:\/\/algarve7.pt\/index.php\/2025\/11\/lagos-dinamiza-workshop-lagos-sustentavel-no-ambito-da-certificacao-green-destinations\/turismo\/19\/13\/","og_locale":"pt_PT","og_type":"article","og_title":"Lagos dinamiza workshop \u201cLagos + Sustent\u00e1vel\u201d no \u00e2mbito da certifica\u00e7\u00e3o Green Destinations - Algarve 7","og_description":"Lagos dinamiza workshop \u201cLagos + Sustent\u00e1vel\u201d no \u00e2mbito da certifica\u00e7\u00e3o Green Destinations Turismo","og_url":"https:\/\/algarve7.pt\/index.php\/2025\/11\/lagos-dinamiza-workshop-lagos-sustentavel-no-ambito-da-certificacao-green-destinations\/turismo\/19\/13\/","og_site_name":"Algarve 7","article_publisher":"https:\/\/www.facebook.com\/algarve7","article_author":"https:\/\/www.facebook.com\/algarve7","article_published_time":"2025-11-27T19:13:45+00:00","article_modified_time":"2025-11-27T19:13:51+00:00","og_image":[{"width":800,"height":500,"url":"https:\/\/algarve7.pt\/wp-content\/uploads\/2025\/11\/Green-Destinations-OCS.jpg","type":"image\/jpeg"}],"author":"Algarve 7","twitter_card":"summary_large_image","twitter_creator":"@Algarvesete","twitter_site":"@Algarvesete","twitter_misc":{"Escrito por":"Algarve 7","Tempo estimado de leitura":"2 minutos"},"schema":{"@context":"https:\/\/schema.org","@graph":[{"@type":"Article","@id":"https:\/\/algarve7.pt\/index.php\/2025\/11\/lagos-dinamiza-workshop-lagos-sustentavel-no-ambito-da-certificacao-green-destinations\/turismo\/19\/13\/#article","isPartOf":{"@id":"https:\/\/algarve7.pt\/index.php\/2025\/11\/lagos-dinamiza-workshop-lagos-sustentavel-no-ambito-da-certificacao-green-destinations\/turismo\/19\/13\/"},"author":{"name":"Algarve 7","@id":"https:\/\/algarve7.pt\/#\/schema\/person\/23fa70681308e7b319a3204bcea45e0c"},"headline":"Lagos dinamiza workshop \u201cLagos + Sustent\u00e1vel\u201d no \u00e2mbito da certifica\u00e7\u00e3o Green Destinations","datePublished":"2025-11-27T19:13:45+00:00","dateModified":"2025-11-27T19:13:51+00:00","mainEntityOfPage":{"@id":"https:\/\/algarve7.pt\/index.php\/2025\/11\/lagos-dinamiza-workshop-lagos-sustentavel-no-ambito-da-certificacao-green-destinations\/turismo\/19\/13\/"},"wordCount":247,"publisher":{"@id":"https:\/\/algarve7.pt\/#organization"},"image":{"@id":"https:\/\/algarve7.pt\/index.php\/2025\/11\/lagos-dinamiza-workshop-lagos-sustentavel-no-ambito-da-certificacao-green-destinations\/turismo\/19\/13\/#primaryimage"},"thumbnailUrl":"https:\/\/algarve7.pt\/wp-content\/uploads\/2025\/11\/Green-Destinations-OCS.jpg","keywords":["Algarve","Lagos","Turismo"],"articleSection":["Turismo"],"inLanguage":"pt-PT"},{"@type":"WebPage","@id":"https:\/\/algarve7.pt\/index.php\/2025\/11\/lagos-dinamiza-workshop-lagos-sustentavel-no-ambito-da-certificacao-green-destinations\/turismo\/19\/13\/","url":"https:\/\/algarve7.pt\/index.php\/2025\/11\/lagos-dinamiza-workshop-lagos-sustentavel-no-ambito-da-certificacao-green-destinations\/turismo\/19\/13\/","name":"Lagos dinamiza workshop \u201cLagos + Sustent\u00e1vel\u201d no \u00e2mbito da certifica\u00e7\u00e3o Green Destinations - Algarve 7","isPartOf":{"@id":"https:\/\/algarve7.pt\/#website"},"primaryImageOfPage":{"@id":"https:\/\/algarve7.pt\/index.php\/2025\/11\/lagos-dinamiza-workshop-lagos-sustentavel-no-ambito-da-certificacao-green-destinations\/turismo\/19\/13\/#primaryimage"},"image":{"@id":"https:\/\/algarve7.pt\/index.php\/2025\/11\/lagos-dinamiza-workshop-lagos-sustentavel-no-ambito-da-certificacao-green-destinations\/turismo\/19\/13\/#primaryimage"},"thumbnailUrl":"https:\/\/algarve7.pt\/wp-content\/uploads\/2025\/11\/Green-Destinations-OCS.jpg","datePublished":"2025-11-27T19:13:45+00:00","dateModified":"2025-11-27T19:13:51+00:00","description":"Lagos dinamiza workshop \u201cLagos + Sustent\u00e1vel\u201d no \u00e2mbito da certifica\u00e7\u00e3o Green Destinations Turismo","breadcrumb":{"@id":"https:\/\/algarve7.pt\/index.php\/2025\/11\/lagos-dinamiza-workshop-lagos-sustentavel-no-ambito-da-certificacao-green-destinations\/turismo\/19\/13\/#breadcrumb"},"inLanguage":"pt-PT","potentialAction":[{"@type":"ReadAction","target":["https:\/\/algarve7.pt\/index.php\/2025\/11\/lagos-dinamiza-workshop-lagos-sustentavel-no-ambito-da-certificacao-green-destinations\/turismo\/19\/13\/"]}]},{"@type":"ImageObject","inLanguage":"pt-PT","@id":"https:\/\/algarve7.pt\/index.php\/2025\/11\/lagos-dinamiza-workshop-lagos-sustentavel-no-ambito-da-certificacao-green-destinations\/turismo\/19\/13\/#primaryimage","url":"https:\/\/algarve7.pt\/wp-content\/uploads\/2025\/11\/Green-Destinations-OCS.jpg","contentUrl":"https:\/\/algarve7.pt\/wp-content\/uploads\/2025\/11\/Green-Destinations-OCS.jpg","width":800,"height":500},{"@type":"BreadcrumbList","@id":"https:\/\/algarve7.pt\/index.php\/2025\/11\/lagos-dinamiza-workshop-lagos-sustentavel-no-ambito-da-certificacao-green-destinations\/turismo\/19\/13\/#breadcrumb","itemListElement":[{"@type":"ListItem","position":1,"name":"In\u00edcio","item":"https:\/\/algarve7.pt\/"},{"@type":"ListItem","position":2,"name":"Lagos dinamiza workshop \u201cLagos + Sustent\u00e1vel\u201d no \u00e2mbito da certifica\u00e7\u00e3o Green Destinations"}]},{"@type":"WebSite","@id":"https:\/\/algarve7.pt\/#website","url":"https:\/\/algarve7.pt\/","name":"Algarve 7","description":"Informa\u00e7\u00e3o sobre o Algarve","publisher":{"@id":"https:\/\/algarve7.pt\/#organization"},"potentialAction":[{"@type":"SearchAction","target":{"@type":"EntryPoint","urlTemplate":"https:\/\/algarve7.pt\/?s={search_term_string}"},"query-input":{"@type":"PropertyValueSpecification","valueRequired":true,"valueName":"search_term_string"}}],"inLanguage":"pt-PT"},{"@type":"Organization","@id":"https:\/\/algarve7.pt\/#organization","name":"Algarve 7","url":"https:\/\/algarve7.pt\/","logo":{"@type":"ImageObject","inLanguage":"pt-PT","@id":"https:\/\/algarve7.pt\/#\/schema\/logo\/image\/","url":"https:\/\/algarve7.pt\/wp-content\/uploads\/2020\/10\/Logo-8.jpg","contentUrl":"https:\/\/algarve7.pt\/wp-content\/uploads\/2020\/10\/Logo-8.jpg","width":1680,"height":1186,"caption":"Algarve 7"},"image":{"@id":"https:\/\/algarve7.pt\/#\/schema\/logo\/image\/"},"sameAs":["https:\/\/www.facebook.com\/algarve7","https:\/\/x.com\/Algarvesete","https:\/\/www.instagram.com\/jornalalgarve7\/","https:\/\/www.linkedin.com\/company\/algarve7","https:\/\/www.pinterest.pt\/geral0939\/_created\/"]},{"@type":"Person","@id":"https:\/\/algarve7.pt\/#\/schema\/person\/23fa70681308e7b319a3204bcea45e0c","name":"Algarve 7","sameAs":["https:\/\/algarve7.pt","https:\/\/www.facebook.com\/algarve7"],"url":"https:\/\/algarve7.pt\/index.php\/author\/geralalgarve7-pt\/"}]}},"jetpack_publicize_connections":[],"jetpack_featured_media_url":"https:\/\/algarve7.pt\/wp-content\/uploads\/2025\/11\/Green-Destinations-OCS.jpg","jetpack_shortlink":"https:\/\/wp.me\/pcezmW-eHT","jetpack_sharing_enabled":true,"_links":{"self":[{"href":"https:\/\/algarve7.pt\/index.php\/wp-json\/wp\/v2\/posts\/56537","targetHints":{"allow":["GET"]}}],"collection":[{"href":"https:\/\/algarve7.pt\/index.php\/wp-json\/wp\/v2\/posts"}],"about":[{"href":"https:\/\/algarve7.pt\/index.php\/wp-json\/wp\/v2\/types\/post"}],"author":[{"embeddable":true,"href":"https:\/\/algarve7.pt\/index.php\/wp-json\/wp\/v2\/users\/1"}],"replies":[{"embeddable":true,"href":"https:\/\/algarve7.pt\/index.php\/wp-json\/wp\/v2\/comments?post=56537"}],"version-history":[{"count":0,"href":"https:\/\/algarve7.pt\/index.php\/wp-json\/wp\/v2\/posts\/56537\/revisions"}],"wp:featuredmedia":[{"embeddable":true,"href":"https:\/\/algarve7.pt\/index.php\/wp-json\/wp\/v2\/media\/56538"}],"wp:attachment":[{"href":"https:\/\/algarve7.pt\/index.php\/wp-json\/wp\/v2\/media?parent=56537"}],"wp:term":[{"taxonomy":"category","embeddable":true,"href":"https:\/\/algarve7.pt\/index.php\/wp-json\/wp\/v2\/categories?post=56537"},{"taxonomy":"post_tag","embeddable":true,"href":"https:\/\/algarve7.pt\/index.php\/wp-json\/wp\/v2\/tags?post=56537"}],"curies":[{"name":"wp","href":"https:\/\/api.w.org\/{rel}","templated":true}]}}